{"id":43044,"date":"2019-04-23T18:30:44","date_gmt":"2019-04-23T16:30:44","guid":{"rendered":"https:\/\/www.tomajazz.com\/web\/?p=43044"},"modified":"2022-08-27T15:19:25","modified_gmt":"2022-08-27T13:19:25","slug":"instantzz-david-murray-quartet-38e-festival-jazz-terrassa-nova-jazz-cava-terrassa-barcelona-2019-03-21-galeria-fotografica","status":"publish","type":"post","link":"https:\/\/tomajazz.com\/web\/instantzz-david-murray-quartet-38e-festival-jazz-terrassa-nova-jazz-cava-terrassa-barcelona-2019-03-21-galeria-fotografica\/","title":{"rendered":"INSTANTZZ: David Murray Quartet (38\u00e8 Festival Jazz Terrassa, Nova Jazz Cava, Terrassa -Barcelona-.  2019-03-21) [Galer\u00eda fotogr\u00e1fica]"},"content":{"rendered":"<p>Por\u00a0<strong>Joan Cort\u00e8s<\/strong>.<\/p>\n<ul>\n<li>Fecha: Jueves, 21 de marzo de 2019<\/li>\n<li>Lugar: Nova Jazz Cava (Terrassa -Barcelona-)<\/li>\n<li>Grupo:<br \/>\n<strong>David Murray Quartet<br \/>\n<\/strong>David Murray, saxo tenor<br \/>\nDavid Bryant, piano<br \/>\nDezron Douglas, contrabajo<br \/>\nEric McPherson, bater\u00eda<\/li>\n<\/ul>\n<p style=\"text-align: center;\"><img loading=\"lazy\" decoding=\"async\" class=\"aligncenter size-large wp-image-43046\" src=\"https:\/\/tomajazz.com\/web\/wp-content\/uploads\/2019\/04\/01_Dvd-Mrry-4t-\u00a9Joan-Cort\u00e8s_21mar19_NJC_28FJT_Trrss-399x600.jpg\" alt=\"\" width=\"399\" height=\"600\" title=\"\" srcset=\"https:\/\/tomajazz.com\/web\/wp-content\/uploads\/2019\/04\/01_Dvd-Mrry-4t-\u00a9Joan-Cort\u00e8s_21mar19_NJC_28FJT_Trrss.jpg 399w, https:\/\/tomajazz.com\/web\/wp-content\/uploads\/2019\/04\/01_Dvd-Mrry-4t-\u00a9Joan-Cort\u00e8s_21mar19_NJC_28FJT_Trrss-200x300.jpg 200w, https:\/\/tomajazz.com\/web\/wp-content\/uploads\/2019\/04\/01_Dvd-Mrry-4t-\u00a9Joan-Cort\u00e8s_21mar19_NJC_28FJT_Trrss-37x55.jpg 37w\" sizes=\"auto, (max-width: 399px) 100vw, 399px\" \/> <img loading=\"lazy\" decoding=\"async\" class=\"aligncenter size-large wp-image-43047\" src=\"https:\/\/tomajazz.com\/web\/wp-content\/uploads\/2019\/04\/02_Dvd-Mrry-4t-\u00a9Joan-Cort\u00e8s_21mar19_NJC_28FJT_Trrss-399x600.jpg\" alt=\"\" width=\"399\" height=\"600\" title=\"\" srcset=\"https:\/\/tomajazz.com\/web\/wp-content\/uploads\/2019\/04\/02_Dvd-Mrry-4t-\u00a9Joan-Cort\u00e8s_21mar19_NJC_28FJT_Trrss.jpg 399w, https:\/\/tomajazz.com\/web\/wp-content\/uploads\/2019\/04\/02_Dvd-Mrry-4t-\u00a9Joan-Cort\u00e8s_21mar19_NJC_28FJT_Trrss-200x300.jpg 200w, https:\/\/tomajazz.com\/web\/wp-content\/uploads\/2019\/04\/02_Dvd-Mrry-4t-\u00a9Joan-Cort\u00e8s_21mar19_NJC_28FJT_Trrss-37x55.jpg 37w\" sizes=\"auto, (max-width: 399px) 100vw, 399px\" \/> <img loading=\"lazy\" decoding=\"async\" class=\"aligncenter size-large wp-image-43048\" src=\"https:\/\/tomajazz.com\/web\/wp-content\/uploads\/2019\/04\/03_Dvd-Mrry-4t-\u00a9Joan-Cort\u00e8s_21mar19_NJC_28FJT_Trrss-600x399.jpg\" alt=\"\" width=\"600\" height=\"399\" title=\"\" srcset=\"https:\/\/tomajazz.com\/web\/wp-content\/uploads\/2019\/04\/03_Dvd-Mrry-4t-\u00a9Joan-Cort\u00e8s_21mar19_NJC_28FJT_Trrss.jpg 600w, https:\/\/tomajazz.com\/web\/wp-content\/uploads\/2019\/04\/03_Dvd-Mrry-4t-\u00a9Joan-Cort\u00e8s_21mar19_NJC_28FJT_Trrss-200x133.jpg 200w, https:\/\/tomajazz.com\/web\/wp-content\/uploads\/2019\/04\/03_Dvd-Mrry-4t-\u00a9Joan-Cort\u00e8s_21mar19_NJC_28FJT_Trrss-83x55.jpg 83w, https:\/\/tomajazz.com\/web\/wp-content\/uploads\/2019\/04\/03_Dvd-Mrry-4t-\u00a9Joan-Cort\u00e8s_21mar19_NJC_28FJT_Trrss-60x40.jpg 60w, https:\/\/tomajazz.com\/web\/wp-content\/uploads\/2019\/04\/03_Dvd-Mrry-4t-\u00a9Joan-Cort\u00e8s_21mar19_NJC_28FJT_Trrss-120x80.jpg 120w\" sizes=\"auto, (max-width: 600px) 100vw, 600px\" \/> <img loading=\"lazy\" decoding=\"async\" class=\"aligncenter size-large wp-image-43049\" src=\"https:\/\/tomajazz.com\/web\/wp-content\/uploads\/2019\/04\/04_Dvd-Mrry-4t-\u00a9Joan-Cort\u00e8s_21mar19_NJC_28FJT_Trrss-399x600.jpg\" alt=\"\" width=\"399\" height=\"600\" title=\"\" srcset=\"https:\/\/tomajazz.com\/web\/wp-content\/uploads\/2019\/04\/04_Dvd-Mrry-4t-\u00a9Joan-Cort\u00e8s_21mar19_NJC_28FJT_Trrss.jpg 399w, https:\/\/tomajazz.com\/web\/wp-content\/uploads\/2019\/04\/04_Dvd-Mrry-4t-\u00a9Joan-Cort\u00e8s_21mar19_NJC_28FJT_Trrss-200x300.jpg 200w, https:\/\/tomajazz.com\/web\/wp-content\/uploads\/2019\/04\/04_Dvd-Mrry-4t-\u00a9Joan-Cort\u00e8s_21mar19_NJC_28FJT_Trrss-37x55.jpg 37w\" sizes=\"auto, (max-width: 399px) 100vw, 399px\" \/> <img loading=\"lazy\" decoding=\"async\" class=\"aligncenter size-large wp-image-43050\" src=\"https:\/\/tomajazz.com\/web\/wp-content\/uploads\/2019\/04\/05_Dvd-Mrry-4t-\u00a9Joan-Cort\u00e8s_21mar19_NJC_28FJT_Trrss-600x399.jpg\" alt=\"\" width=\"600\" height=\"399\" title=\"\" srcset=\"https:\/\/tomajazz.com\/web\/wp-content\/uploads\/2019\/04\/05_Dvd-Mrry-4t-\u00a9Joan-Cort\u00e8s_21mar19_NJC_28FJT_Trrss.jpg 600w, https:\/\/tomajazz.com\/web\/wp-content\/uploads\/2019\/04\/05_Dvd-Mrry-4t-\u00a9Joan-Cort\u00e8s_21mar19_NJC_28FJT_Trrss-200x133.jpg 200w, https:\/\/tomajazz.com\/web\/wp-content\/uploads\/2019\/04\/05_Dvd-Mrry-4t-\u00a9Joan-Cort\u00e8s_21mar19_NJC_28FJT_Trrss-83x55.jpg 83w, https:\/\/tomajazz.com\/web\/wp-content\/uploads\/2019\/04\/05_Dvd-Mrry-4t-\u00a9Joan-Cort\u00e8s_21mar19_NJC_28FJT_Trrss-60x40.jpg 60w, https:\/\/tomajazz.com\/web\/wp-content\/uploads\/2019\/04\/05_Dvd-Mrry-4t-\u00a9Joan-Cort\u00e8s_21mar19_NJC_28FJT_Trrss-120x80.jpg 120w\" sizes=\"auto, (max-width: 600px) 100vw, 600px\" \/> <img loading=\"lazy\" decoding=\"async\" class=\"aligncenter size-large wp-image-43051\" src=\"https:\/\/tomajazz.com\/web\/wp-content\/uploads\/2019\/04\/06_Dvd-Mrry-4t-\u00a9Joan-Cort\u00e8s_21mar19_NJC_28FJT_Trrss-399x600.jpg\" alt=\"\" width=\"399\" height=\"600\" title=\"\" srcset=\"https:\/\/tomajazz.com\/web\/wp-content\/uploads\/2019\/04\/06_Dvd-Mrry-4t-\u00a9Joan-Cort\u00e8s_21mar19_NJC_28FJT_Trrss.jpg 399w, https:\/\/tomajazz.com\/web\/wp-content\/uploads\/2019\/04\/06_Dvd-Mrry-4t-\u00a9Joan-Cort\u00e8s_21mar19_NJC_28FJT_Trrss-200x300.jpg 200w, https:\/\/tomajazz.com\/web\/wp-content\/uploads\/2019\/04\/06_Dvd-Mrry-4t-\u00a9Joan-Cort\u00e8s_21mar19_NJC_28FJT_Trrss-37x55.jpg 37w\" sizes=\"auto, (max-width: 399px) 100vw, 399px\" \/> <img loading=\"lazy\" decoding=\"async\" class=\"aligncenter size-large wp-image-43052\" src=\"https:\/\/tomajazz.com\/web\/wp-content\/uploads\/2019\/04\/07_Dvd-Mrry-4t-\u00a9Joan-Cort\u00e8s_21mar19_NJC_28FJT_Trrss-600x399.jpg\" alt=\"\" width=\"600\" height=\"399\" title=\"\" srcset=\"https:\/\/tomajazz.com\/web\/wp-content\/uploads\/2019\/04\/07_Dvd-Mrry-4t-\u00a9Joan-Cort\u00e8s_21mar19_NJC_28FJT_Trrss.jpg 600w, https:\/\/tomajazz.com\/web\/wp-content\/uploads\/2019\/04\/07_Dvd-Mrry-4t-\u00a9Joan-Cort\u00e8s_21mar19_NJC_28FJT_Trrss-200x133.jpg 200w, https:\/\/tomajazz.com\/web\/wp-content\/uploads\/2019\/04\/07_Dvd-Mrry-4t-\u00a9Joan-Cort\u00e8s_21mar19_NJC_28FJT_Trrss-83x55.jpg 83w, https:\/\/tomajazz.com\/web\/wp-content\/uploads\/2019\/04\/07_Dvd-Mrry-4t-\u00a9Joan-Cort\u00e8s_21mar19_NJC_28FJT_Trrss-60x40.jpg 60w, https:\/\/tomajazz.com\/web\/wp-content\/uploads\/2019\/04\/07_Dvd-Mrry-4t-\u00a9Joan-Cort\u00e8s_21mar19_NJC_28FJT_Trrss-120x80.jpg 120w\" sizes=\"auto, (max-width: 600px) 100vw, 600px\" \/> <img loading=\"lazy\" decoding=\"async\" class=\"aligncenter size-large wp-image-43053\" src=\"https:\/\/tomajazz.com\/web\/wp-content\/uploads\/2019\/04\/08_Dvd-Mrry-4t-\u00a9Joan-Cort\u00e8s_21mar19_NJC_28FJT_Trrss-399x600.jpg\" alt=\"\" width=\"399\" height=\"600\" title=\"\" srcset=\"https:\/\/tomajazz.com\/web\/wp-content\/uploads\/2019\/04\/08_Dvd-Mrry-4t-\u00a9Joan-Cort\u00e8s_21mar19_NJC_28FJT_Trrss.jpg 399w, https:\/\/tomajazz.com\/web\/wp-content\/uploads\/2019\/04\/08_Dvd-Mrry-4t-\u00a9Joan-Cort\u00e8s_21mar19_NJC_28FJT_Trrss-200x300.jpg 200w, https:\/\/tomajazz.com\/web\/wp-content\/uploads\/2019\/04\/08_Dvd-Mrry-4t-\u00a9Joan-Cort\u00e8s_21mar19_NJC_28FJT_Trrss-37x55.jpg 37w\" sizes=\"auto, (max-width: 399px) 100vw, 399px\" \/> <img loading=\"lazy\" decoding=\"async\" class=\"aligncenter size-large wp-image-43054\" src=\"https:\/\/tomajazz.com\/web\/wp-content\/uploads\/2019\/04\/09_Dvd-Mrry-4t-\u00a9Joan-Cort\u00e8s_21mar19_NJC_28FJT_Trrss-600x399.jpg\" alt=\"\" width=\"600\" height=\"399\" title=\"\" srcset=\"https:\/\/tomajazz.com\/web\/wp-content\/uploads\/2019\/04\/09_Dvd-Mrry-4t-\u00a9Joan-Cort\u00e8s_21mar19_NJC_28FJT_Trrss.jpg 600w, https:\/\/tomajazz.com\/web\/wp-content\/uploads\/2019\/04\/09_Dvd-Mrry-4t-\u00a9Joan-Cort\u00e8s_21mar19_NJC_28FJT_Trrss-200x133.jpg 200w, https:\/\/tomajazz.com\/web\/wp-content\/uploads\/2019\/04\/09_Dvd-Mrry-4t-\u00a9Joan-Cort\u00e8s_21mar19_NJC_28FJT_Trrss-83x55.jpg 83w, https:\/\/tomajazz.com\/web\/wp-content\/uploads\/2019\/04\/09_Dvd-Mrry-4t-\u00a9Joan-Cort\u00e8s_21mar19_NJC_28FJT_Trrss-60x40.jpg 60w, https:\/\/tomajazz.com\/web\/wp-content\/uploads\/2019\/04\/09_Dvd-Mrry-4t-\u00a9Joan-Cort\u00e8s_21mar19_NJC_28FJT_Trrss-120x80.jpg 120w\" sizes=\"auto, (max-width: 600px) 100vw, 600px\" \/> <img loading=\"lazy\" decoding=\"async\" class=\"aligncenter size-large wp-image-43055\" src=\"https:\/\/tomajazz.com\/web\/wp-content\/uploads\/2019\/04\/10_Dvd-Mrry-4t-\u00a9Joan-Cort\u00e8s_21mar19_NJC_28FJT_Trrss-399x600.jpg\" alt=\"\" width=\"399\" height=\"600\" title=\"\" srcset=\"https:\/\/tomajazz.com\/web\/wp-content\/uploads\/2019\/04\/10_Dvd-Mrry-4t-\u00a9Joan-Cort\u00e8s_21mar19_NJC_28FJT_Trrss.jpg 399w, https:\/\/tomajazz.com\/web\/wp-content\/uploads\/2019\/04\/10_Dvd-Mrry-4t-\u00a9Joan-Cort\u00e8s_21mar19_NJC_28FJT_Trrss-200x300.jpg 200w, https:\/\/tomajazz.com\/web\/wp-content\/uploads\/2019\/04\/10_Dvd-Mrry-4t-\u00a9Joan-Cort\u00e8s_21mar19_NJC_28FJT_Trrss-37x55.jpg 37w\" sizes=\"auto, (max-width: 399px) 100vw, 399px\" \/> <img loading=\"lazy\" decoding=\"async\" class=\"aligncenter size-large wp-image-43056\" src=\"https:\/\/tomajazz.com\/web\/wp-content\/uploads\/2019\/04\/11_Dvd-Mrry-4t-\u00a9Joan-Cort\u00e8s_21mar19_NJC_28FJT_Trrss-399x600.jpg\" alt=\"\" width=\"399\" height=\"600\" title=\"\" srcset=\"https:\/\/tomajazz.com\/web\/wp-content\/uploads\/2019\/04\/11_Dvd-Mrry-4t-\u00a9Joan-Cort\u00e8s_21mar19_NJC_28FJT_Trrss.jpg 399w, https:\/\/tomajazz.com\/web\/wp-content\/uploads\/2019\/04\/11_Dvd-Mrry-4t-\u00a9Joan-Cort\u00e8s_21mar19_NJC_28FJT_Trrss-200x300.jpg 200w, https:\/\/tomajazz.com\/web\/wp-content\/uploads\/2019\/04\/11_Dvd-Mrry-4t-\u00a9Joan-Cort\u00e8s_21mar19_NJC_28FJT_Trrss-37x55.jpg 37w\" sizes=\"auto, (max-width: 399px) 100vw, 399px\" \/><\/p>\n<p style=\"text-align: right;\">Tomajazz: \u00a9\u00a0<strong>Joan Cort\u00e8s<\/strong>, 2019<\/p>\n","protected":false},"excerpt":{"rendered":"<p>Por\u00a0Joan Cort\u00e8s. Fecha: Jueves, 21 de marzo de 2019 Lugar: Nova Jazz Cava (Terrassa -Barcelona-) Grupo: David Murray Quartet David Murray, saxo tenor David Bryant, piano Dezron Douglas, contrabajo Eric McPherson, bater\u00eda Tomajazz: \u00a9\u00a0Joan Cort\u00e8s, 2019<span class=\"more-link\"><a href=\"https:\/\/tomajazz.com\/web\/instantzz-david-murray-quartet-38e-festival-jazz-terrassa-nova-jazz-cava-terrassa-barcelona-2019-03-21-galeria-fotografica\/\">Contin\u00faa leyendo<\/a><\/span><\/p>\n","protected":false},"author":1,"featured_media":43048,"comment_status":"open","ping_status":"closed","sticky":false,"template":"","format":"standard","meta":{"jetpack_post_was_ever_published":false,"_jetpack_newsletter_access":"","_jetpack_dont_email_post_to_subs":false,"_jetpack_newsletter_tier_id":0,"_jetpack_memberships_contains_paywalled_content":false,"_jetpack_memberships_contains_paid_content":false,"footnotes":""},"categories":[17853,11262,15516,11261,1038],"tags":[9900,211,11264,7824,354,1041],"class_list":["entry","author-pachi","post-43044","post","type-post","status-publish","format-standard","has-post-thumbnail","category-joan-cortes","category-photoblogs","category-imagenes","category-instantzz","category-contenidos","tag-david-bryant","tag-david-murray","tag-david-murray-quartet","tag-dezron-douglas","tag-eric-mcpherson","tag-joan-cortes"],"jetpack_featured_media_url":"https:\/\/tomajazz.com\/web\/wp-content\/uploads\/2019\/04\/03_Dvd-Mrry-4t-\u00a9Joan-Cort\u00e8s_21mar19_NJC_28FJT_Trrss.jpg","jetpack_likes_enabled":true,"jetpack_sharing_enabled":true,"jetpack-related-posts":[{"id":96209,"url":"https:\/\/tomajazz.com\/web\/camille-thurman-44-festival-jazz-terrassa-2025\/","url_meta":{"origin":43044,"position":0},"title":"Camille Thurman with The Darrell Green 4t (44\u00e8 Festival Jazz Terrassa, Nova Jazz Cava, 2025-03-20 \/ Terrassa -Barcelona-) [y 3] Por Joan Cort\u00e8s [INSTANTZZ AKA Galer\u00eda fotogr\u00e1fica AKA Fotoblog de jazz, impro\u2026 y algo m\u00e1s]","author":"Tomajazz","date":"3 junio, 2025","format":false,"excerpt":"Camille Thurman with The Darrell Green 4t actu\u00f3 en el 44 Festival Jazz Terrassa, el 20 de marzo de 2025. Joan Cort\u00e8s retrata a la saxofonista en INSTANTZZ. Actuaron Camille Thurman, Wallace Roney Jr., David Bryant, Paul Beaudry, Darrell Green","rel":"","context":"En \u00ab44\u00e8 Festival Jazz Terrassa 2025\u00bb","block_context":{"text":"44\u00e8 Festival Jazz Terrassa 2025","link":"https:\/\/tomajazz.com\/web\/category\/contenidos\/especial-contenidos\/44e-festival-jazz-terrassa-2025\/"},"img":{"alt_text":"Camille Thurman with The Darrell Green 4t (44\u00e8 Festival Jazz Terrassa, Nova Jazz Cava, 2025-03-20 \/ Terrassa -Barcelona-) [y 3] Por Joan Cort\u00e8s [INSTANTZZ AKA Galer\u00eda fotogr\u00e1fica AKA Fotoblog de jazz, impro\u2026 y algo m\u00e1s] - Tomajazz - Camille Thurman with The Darrell Green 4t actu\u00f3 en el 44 Festival Jazz Terrassa, el 20 de marzo de 2025. Joan Cort\u00e8s retrata a la saxofonista en INSTANTZZ. Actuaron Camille Thurman, Wallace Roney Jr., David Bryant, Paul Beaudry, Darrell Green\n","src":"https:\/\/i0.wp.com\/tomajazz.com\/web\/wp-content\/uploads\/2025\/06\/destacada-06-Cmll-Thrmn-Photo-By-Joan-Cortes-20mrc25-NJC-44FJTrrss.jpg?resize=350%2C200&ssl=1","width":350,"height":200,"srcset":"https:\/\/i0.wp.com\/tomajazz.com\/web\/wp-content\/uploads\/2025\/06\/destacada-06-Cmll-Thrmn-Photo-By-Joan-Cortes-20mrc25-NJC-44FJTrrss.jpg?resize=350%2C200&ssl=1 1x, https:\/\/i0.wp.com\/tomajazz.com\/web\/wp-content\/uploads\/2025\/06\/destacada-06-Cmll-Thrmn-Photo-By-Joan-Cortes-20mrc25-NJC-44FJTrrss.jpg?resize=525%2C300&ssl=1 1.5x"},"classes":[]},{"id":15338,"url":"https:\/\/tomajazz.com\/web\/instantzz-david-murray-quartet-2o-san-miguel-jamboree-jazz-club-festival-barcelona-2014-11-04\/","url_meta":{"origin":43044,"position":1},"title":"INSTANTZZ: David Murray Quartet (2\u00ba San Miguel Jamboree Jazz Club Festival, Barcelona. 2014-11-04)","author":"Tomajazz","date":"11 noviembre, 2014","format":false,"excerpt":"2\u00ba San Miguel Jamboree Jazz Club Festival David Murray Infinity Quartet Fecha: Martes, 04 de noviembre de 2014 Lugar: Jamboree (Barcelona) Componentes: David Murray, saxo tenor y clarinete bajo Orrin Evans, piano Jaribu Shahid, contrabajo Nasheet Waits, bater\u00eda Fotograf\u00edas: \u00a9 Joan Cort\u00e8s, 2014","rel":"","context":"En \u00ab*_Joan Cort\u00e8s\u00bb","block_context":{"text":"*_Joan Cort\u00e8s","link":"https:\/\/tomajazz.com\/web\/category\/joan-cortes\/"},"img":{"alt_text":"","src":"https:\/\/i0.wp.com\/tomajazz.com\/web\/wp-content\/uploads\/2014\/11\/04_DM4t-u00A9Joan-Cortu00E8s_04nov14_Jamboree_Bcn.jpg?resize=350%2C200&ssl=1","width":350,"height":200,"srcset":"https:\/\/i0.wp.com\/tomajazz.com\/web\/wp-content\/uploads\/2014\/11\/04_DM4t-u00A9Joan-Cortu00E8s_04nov14_Jamboree_Bcn.jpg?resize=350%2C200&ssl=1 1x, https:\/\/i0.wp.com\/tomajazz.com\/web\/wp-content\/uploads\/2014\/11\/04_DM4t-u00A9Joan-Cortu00E8s_04nov14_Jamboree_Bcn.jpg?resize=525%2C300&ssl=1 1.5x"},"classes":[]},{"id":62,"url":"https:\/\/tomajazz.com\/web\/instantzz-ernie-watts-quartet-38e-festival-jazz-terrassa-nova-jazz-cava-terrassa-barcelona-2019-03-23-galeria-fotografica\/","url_meta":{"origin":43044,"position":2},"title":"INSTANTZZ: Ernie Watts Quartet (38\u00e8 Festival Jazz Terrassa, Nova Jazz Cava, Terrassa -Barcelona-.  2019-03-23) [Galer\u00eda fotogr\u00e1fica]","author":"Satchtrane","date":"30 abril, 2019","format":false,"excerpt":"Por\u00a0Joan Cort\u00e8s. Fecha: S\u00e1bado, 23 de marzo de 2019 Lugar: Nova Jazz Cava (Terrassa -Barcelona-) Grupo: Ernie Watts Quartet Ernie Watts, saxo tenor y afuche Christof Saenger, piano Rudi Engel, contrabajo Heinrich Koebberling, bater\u00eda \u00a9\u00a0Joan Cort\u00e8s, 2019","rel":"","context":"En \u00ab*_Joan Cort\u00e8s\u00bb","block_context":{"text":"*_Joan Cort\u00e8s","link":"https:\/\/tomajazz.com\/web\/category\/joan-cortes\/"},"img":{"alt_text":"","src":"https:\/\/i0.wp.com\/tomajazz.es\/satchtrane\/wp-content\/uploads\/2019\/04\/01_rnWttsQrtt-%C2%A9Joan-Cort%C3%A8s_NvJzzCv_38FJT_Trrss.jpg?resize=350%2C200&ssl=1","width":350,"height":200},"classes":[]},{"id":36668,"url":"https:\/\/tomajazz.com\/web\/instantzz-terence-blanchard-the-e-collective-37e-festival-jazz-terrassa-nova-jazz-cava-terrassa-barcelona-2018-03-15-galeria-fotografica\/","url_meta":{"origin":43044,"position":3},"title":"INSTANTZZ: Terence Blanchard &#038; The E-Collective (37\u00e8 Festival Jazz Terrassa, Nova Jazz Cava, Terrassa -Barcelona-.  2018-03-15) [Galer\u00eda fotogr\u00e1fica]","author":"Tomajazz","date":"14 mayo, 2018","format":false,"excerpt":"Fecha: Jueves, 15 de marzo de 2018 Lugar: Nova Jazz Cava (Terrassa -Barcelona-) Grupo: Terence Blanchard & The E-Collective Terence Blanchard, trompeta y teclado Charles Altura, guitarra Fabian Almazan, piano y teclados David \u201cDJ\u201d Ginyard, bajo Oscar Seaton, bater\u00eda Tomajazz:\u00a0\u00a9\u00a0Joan Cort\u00e8s, 2018","rel":"","context":"En \u00ab*_Joan Cort\u00e8s\u00bb","block_context":{"text":"*_Joan Cort\u00e8s","link":"https:\/\/tomajazz.com\/web\/category\/joan-cortes\/"},"img":{"alt_text":"","src":"https:\/\/i0.wp.com\/tomajazz.com\/web\/wp-content\/uploads\/2018\/05\/10_TrncBlnchrdCllctv-%C2%A9Joan-Cort%C3%A8s_15mr%C3%A718_37FJT_NJC_Trrss.jpg?resize=350%2C200&ssl=1","width":350,"height":200,"srcset":"https:\/\/i0.wp.com\/tomajazz.com\/web\/wp-content\/uploads\/2018\/05\/10_TrncBlnchrdCllctv-%C2%A9Joan-Cort%C3%A8s_15mr%C3%A718_37FJT_NJC_Trrss.jpg?resize=350%2C200&ssl=1 1x, https:\/\/i0.wp.com\/tomajazz.com\/web\/wp-content\/uploads\/2018\/05\/10_TrncBlnchrdCllctv-%C2%A9Joan-Cort%C3%A8s_15mr%C3%A718_37FJT_NJC_Trrss.jpg?resize=525%2C300&ssl=1 1.5x"},"classes":[]},{"id":104835,"url":"https:\/\/tomajazz.com\/web\/david-de-arahal-barcelona-sfb-2026\/","url_meta":{"origin":43044,"position":4},"title":"David de Arahal \u201cAvenida de los Cisnes\u201d (El Dorado sfb \/ CCPS, 2026-02-26 \/ Barcelona) Por Joan Cort\u00e8s [Flamencuras AKA INSTANTZZ AKA Galer\u00eda fotogr\u00e1fica AKA Fotoblog de jazz, impro\u2026 y algo m\u00e1s]","author":"Tomajazz","date":"11 abril, 2026","format":false,"excerpt":"David de Arahal \u201cAvenida de los Cisnes\u201d actu\u00f3 en El Dorado sfb, Barcelona, el 26 de febrero de 2026. Joan Cort\u00e8s lo retrata en las Flamencuras de INSTANTZZ","rel":"","context":"En \u00abFlamencuras\u00bb","block_context":{"text":"Flamencuras","link":"https:\/\/tomajazz.com\/web\/category\/contenidos\/imagenes\/photoblogs\/flamencuras\/"},"img":{"alt_text":"David de Arahal \u201cAvenida de los Cisnes\u201d (El Dorado sfb \/ CCPS, 2026-02-26 \/ Barcelona) Por Joan Cort\u00e8s [Flamencuras AKA INSTANTZZ AKA Galer\u00eda fotogr\u00e1fica AKA Fotoblog de jazz, impro\u2026 y algo m\u00e1s] - Tomajazz - David de Arahal \u201cAvenida de los Cisnes\u201d actu\u00f3 en El Dorado sfb, Barcelona, el 26 de febrero de 2026. Joan Cort\u00e8s lo retrata en las Flamencuras de INSTANTZZ","src":"https:\/\/i0.wp.com\/tomajazz.com\/web\/wp-content\/uploads\/2026\/04\/destadada-07-Dvd-rhl-Photo-By-Joan-Cortes-26fbr26-l-Drd-sfb-CCPS-Bcn.jpg?resize=350%2C200&ssl=1","width":350,"height":200,"srcset":"https:\/\/i0.wp.com\/tomajazz.com\/web\/wp-content\/uploads\/2026\/04\/destadada-07-Dvd-rhl-Photo-By-Joan-Cortes-26fbr26-l-Drd-sfb-CCPS-Bcn.jpg?resize=350%2C200&ssl=1 1x, https:\/\/i0.wp.com\/tomajazz.com\/web\/wp-content\/uploads\/2026\/04\/destadada-07-Dvd-rhl-Photo-By-Joan-Cortes-26fbr26-l-Drd-sfb-CCPS-Bcn.jpg?resize=525%2C300&ssl=1 1.5x"},"classes":[]},{"id":36723,"url":"https:\/\/tomajazz.com\/web\/instantzz-donny-mccaslin-quartet-beyond-now-37e-festival-jazz-terrassa-nova-jazz-cava-terrassa-barcelona-2018-03-16-galeria-fotografica\/","url_meta":{"origin":43044,"position":5},"title":"INSTANTZZ: Donny McCaslin Quartet \u201cBeyond Now\u201d (37\u00e8 Festival Jazz Terrassa, Nova Jazz Cava, Terrassa -Barcelona-.  2018-03-16) [Galer\u00eda fotogr\u00e1fica]","author":"Tomajazz","date":"16 mayo, 2018","format":false,"excerpt":"Fecha: Viernes, 16 de marzo de 2018 Lugar: Nova Jazz Cava (Terrassa -Barcelona-) Grupo: Donny McCaslin Quartet \u201cBeyond Now\u201d Donny McCaslin, saxo tenor y electr\u00f3nica Jason Lindner, piano y teclados Jonathan Maron, bajo Nate Wood, bater\u00eda Tomajazz:\u00a0Joan Cort\u00e8s, 2018","rel":"","context":"En \u00ab*_Joan Cort\u00e8s\u00bb","block_context":{"text":"*_Joan Cort\u00e8s","link":"https:\/\/tomajazz.com\/web\/category\/joan-cortes\/"},"img":{"alt_text":"","src":"https:\/\/i0.wp.com\/tomajazz.com\/web\/wp-content\/uploads\/2018\/05\/02_Dnny-McCsln-Qrtt-Joan-Cort%C3%A8s_16mr%C3%A718_NvJzzCv_37FJzzTrrss.jpg?resize=350%2C200&ssl=1","width":350,"height":200,"srcset":"https:\/\/i0.wp.com\/tomajazz.com\/web\/wp-content\/uploads\/2018\/05\/02_Dnny-McCsln-Qrtt-Joan-Cort%C3%A8s_16mr%C3%A718_NvJzzCv_37FJzzTrrss.jpg?resize=350%2C200&ssl=1 1x, https:\/\/i0.wp.com\/tomajazz.com\/web\/wp-content\/uploads\/2018\/05\/02_Dnny-McCsln-Qrtt-Joan-Cort%C3%A8s_16mr%C3%A718_NvJzzCv_37FJzzTrrss.jpg?resize=525%2C300&ssl=1 1.5x"},"classes":[]}],"_links":{"self":[{"href":"https:\/\/tomajazz.com\/web\/wp-json\/wp\/v2\/posts\/43044","targetHints":{"allow":["GET"]}}],"collection":[{"href":"https:\/\/tomajazz.com\/web\/wp-json\/wp\/v2\/posts"}],"about":[{"href":"https:\/\/tomajazz.com\/web\/wp-json\/wp\/v2\/types\/post"}],"author":[{"embeddable":true,"href":"https:\/\/tomajazz.com\/web\/wp-json\/wp\/v2\/users\/1"}],"replies":[{"embeddable":true,"href":"https:\/\/tomajazz.com\/web\/wp-json\/wp\/v2\/comments?post=43044"}],"version-history":[{"count":1,"href":"https:\/\/tomajazz.com\/web\/wp-json\/wp\/v2\/posts\/43044\/revisions"}],"predecessor-version":[{"id":43057,"href":"https:\/\/tomajazz.com\/web\/wp-json\/wp\/v2\/posts\/43044\/revisions\/43057"}],"wp:featuredmedia":[{"embeddable":true,"href":"https:\/\/tomajazz.com\/web\/wp-json\/wp\/v2\/media\/43048"}],"wp:attachment":[{"href":"https:\/\/tomajazz.com\/web\/wp-json\/wp\/v2\/media?parent=43044"}],"wp:term":[{"taxonomy":"category","embeddable":true,"href":"https:\/\/tomajazz.com\/web\/wp-json\/wp\/v2\/categories?post=43044"},{"taxonomy":"post_tag","embeddable":true,"href":"https:\/\/tomajazz.com\/web\/wp-json\/wp\/v2\/tags?post=43044"}],"curies":[{"name":"wp","href":"https:\/\/api.w.org\/{rel}","templated":true}]}}