{"id":43202,"date":"2019-05-14T18:30:55","date_gmt":"2019-05-14T16:30:55","guid":{"rendered":"https:\/\/www.tomajazz.com\/web\/?p=43202"},"modified":"2022-08-27T15:02:06","modified_gmt":"2022-08-27T13:02:06","slug":"kenny-barron-quintet-38e-festival-jazz-terrassa-terrassa-barcelona-2019-03-09-concierto","status":"publish","type":"post","link":"https:\/\/tomajazz.com\/web\/kenny-barron-quintet-38e-festival-jazz-terrassa-terrassa-barcelona-2019-03-09-concierto\/","title":{"rendered":"Kenny Barron Quintet  (38\u00e8 Festival Jazz Terrassa, Terrassa -Barcelona-. 2019-03-09) [Concierto]"},"content":{"rendered":"<p>Por\u00a0<strong>Joan Cort\u00e8s<\/strong>.<\/p>\n<p>38\u00e8 Festival Jazz Terrassa<\/p>\n<ul>\n<li>Fecha: S\u00e1bado, 09 de marzo de 2019<\/li>\n<li>Lugar: Nova Jazz Cava (Terrassa)<\/li>\n<li>Grupo:<br \/>\n<strong>Kenny Barron Quintet<br \/>\n<\/strong>Kenny Barron, piano<br \/>\nMike Rodr\u00edguez, trompeta y fiscorno<br \/>\nDayna Stephens, saxo tenor<br \/>\nNoriko Ueda, contrabajo<br \/>\nSavannah Harris, bater\u00eda<\/li>\n<\/ul>\n<p>&nbsp;<\/p>\n<p>El compositor y pianista Kenny Barron fue galardonado con el 17\u00ba jazzterrasman \u2013el 16\u00ba masculino y el 6\u00ba internacional-, premio que otorgan anualmente los responsables del Festival Jazz Terrassa desde el 2003. El premio consiste en una pieza de bronce dise\u00f1ada por la escultora y grabadora S\u00edlvia Segura.<\/p>\n<p style=\"text-align: center;\"><img loading=\"lazy\" decoding=\"async\" class=\"aligncenter size-large wp-image-43203\" src=\"https:\/\/tomajazz.com\/web\/wp-content\/uploads\/2019\/05\/C01_KnnyBrrnQntt-Joan-Cort\u00e8s_09mr\u00e719_NJC_38FJT_Trrss-399x600.jpg\" alt=\"\" width=\"399\" height=\"600\" title=\"\" srcset=\"https:\/\/tomajazz.com\/web\/wp-content\/uploads\/2019\/05\/C01_KnnyBrrnQntt-Joan-Cort\u00e8s_09mr\u00e719_NJC_38FJT_Trrss.jpg 399w, https:\/\/tomajazz.com\/web\/wp-content\/uploads\/2019\/05\/C01_KnnyBrrnQntt-Joan-Cort\u00e8s_09mr\u00e719_NJC_38FJT_Trrss-200x300.jpg 200w, https:\/\/tomajazz.com\/web\/wp-content\/uploads\/2019\/05\/C01_KnnyBrrnQntt-Joan-Cort\u00e8s_09mr\u00e719_NJC_38FJT_Trrss-37x55.jpg 37w\" sizes=\"auto, (max-width: 399px) 100vw, 399px\" \/><\/p>\n<p>En la Nova Jazz Cava, Barron present\u00f3 su \u00faltimo trabajo discogr\u00e1fico, <em>Concentric Circles<\/em> (1987), con los mismos solistas que grabaron el proyecto, el trompetista y fiscornista Mike Rodr\u00edguez y el saxo tenor Dayna Stephens, pero con una secci\u00f3n r\u00edtmica diferente, firme y compacta, formada por las f\u00e9minas Noriko Ueda al contrabajo y Savannah Harris a la bater\u00eda.<\/p>\n<p style=\"text-align: center;\"><img loading=\"lazy\" decoding=\"async\" class=\"aligncenter size-large wp-image-43204\" src=\"https:\/\/tomajazz.com\/web\/wp-content\/uploads\/2019\/05\/C02_KnnyBrrnQntt-Joan-Cort\u00e8s_09mr\u00e719_NJC_38FJT_Trrss-600x399.jpg\" alt=\"\" width=\"600\" height=\"399\" title=\"\" srcset=\"https:\/\/tomajazz.com\/web\/wp-content\/uploads\/2019\/05\/C02_KnnyBrrnQntt-Joan-Cort\u00e8s_09mr\u00e719_NJC_38FJT_Trrss.jpg 600w, https:\/\/tomajazz.com\/web\/wp-content\/uploads\/2019\/05\/C02_KnnyBrrnQntt-Joan-Cort\u00e8s_09mr\u00e719_NJC_38FJT_Trrss-200x133.jpg 200w, https:\/\/tomajazz.com\/web\/wp-content\/uploads\/2019\/05\/C02_KnnyBrrnQntt-Joan-Cort\u00e8s_09mr\u00e719_NJC_38FJT_Trrss-83x55.jpg 83w, https:\/\/tomajazz.com\/web\/wp-content\/uploads\/2019\/05\/C02_KnnyBrrnQntt-Joan-Cort\u00e8s_09mr\u00e719_NJC_38FJT_Trrss-60x40.jpg 60w, https:\/\/tomajazz.com\/web\/wp-content\/uploads\/2019\/05\/C02_KnnyBrrnQntt-Joan-Cort\u00e8s_09mr\u00e719_NJC_38FJT_Trrss-120x80.jpg 120w\" sizes=\"auto, (max-width: 600px) 100vw, 600px\" \/><\/p>\n<p>El quinteto estuvo bien rodeado por los colores crom\u00e1ticamente c\u00e1lidos y las l\u00edneas curvadas del cartel de esta edici\u00f3n, una figura femenina aplaudiendo, con la parte superior de su rostro fuera de campo, y encuadrada entre los perfiles insinuados de un saxo y un contrabajo. Un dise\u00f1o de la ilustradora Anna Clariana.<\/p>\n<p style=\"text-align: center;\"><img loading=\"lazy\" decoding=\"async\" class=\"aligncenter size-large wp-image-43205\" src=\"https:\/\/tomajazz.com\/web\/wp-content\/uploads\/2019\/05\/C03_KnnyBrrnQntt-Joan-Cort\u00e8s_09mr\u00e719_NJC_38FJT_Trrss-399x600.jpg\" alt=\"\" width=\"399\" height=\"600\" title=\"\" srcset=\"https:\/\/tomajazz.com\/web\/wp-content\/uploads\/2019\/05\/C03_KnnyBrrnQntt-Joan-Cort\u00e8s_09mr\u00e719_NJC_38FJT_Trrss.jpg 399w, https:\/\/tomajazz.com\/web\/wp-content\/uploads\/2019\/05\/C03_KnnyBrrnQntt-Joan-Cort\u00e8s_09mr\u00e719_NJC_38FJT_Trrss-200x300.jpg 200w, https:\/\/tomajazz.com\/web\/wp-content\/uploads\/2019\/05\/C03_KnnyBrrnQntt-Joan-Cort\u00e8s_09mr\u00e719_NJC_38FJT_Trrss-37x55.jpg 37w\" sizes=\"auto, (max-width: 399px) 100vw, 399px\" \/><\/p>\n<p>Barron y sus cuatro acompa\u00f1antes ofrecieron un concierto de tendencia cl\u00e1sica, elegante y bien elaborado, de aristas pulidas y ondulantes \u2013en consonancia con el cartel de fondo-, sin estridencias y con algunos y puntuales toques latinos. Una propuesta que hizo las delicias de la mayor parte del p\u00fablico que abarrotaba la cava egarense.<\/p>\n<p style=\"text-align: center;\"><img loading=\"lazy\" decoding=\"async\" class=\"aligncenter size-large wp-image-43206\" src=\"https:\/\/tomajazz.com\/web\/wp-content\/uploads\/2019\/05\/C04_KnnyBrrnQntt-Joan-Cort\u00e8s_09mr\u00e719_NJC_38FJT_Trrss-600x399.jpg\" alt=\"\" width=\"600\" height=\"399\" title=\"\" srcset=\"https:\/\/tomajazz.com\/web\/wp-content\/uploads\/2019\/05\/C04_KnnyBrrnQntt-Joan-Cort\u00e8s_09mr\u00e719_NJC_38FJT_Trrss.jpg 600w, https:\/\/tomajazz.com\/web\/wp-content\/uploads\/2019\/05\/C04_KnnyBrrnQntt-Joan-Cort\u00e8s_09mr\u00e719_NJC_38FJT_Trrss-200x133.jpg 200w, https:\/\/tomajazz.com\/web\/wp-content\/uploads\/2019\/05\/C04_KnnyBrrnQntt-Joan-Cort\u00e8s_09mr\u00e719_NJC_38FJT_Trrss-83x55.jpg 83w, https:\/\/tomajazz.com\/web\/wp-content\/uploads\/2019\/05\/C04_KnnyBrrnQntt-Joan-Cort\u00e8s_09mr\u00e719_NJC_38FJT_Trrss-60x40.jpg 60w, https:\/\/tomajazz.com\/web\/wp-content\/uploads\/2019\/05\/C04_KnnyBrrnQntt-Joan-Cort\u00e8s_09mr\u00e719_NJC_38FJT_Trrss-120x80.jpg 120w\" sizes=\"auto, (max-width: 600px) 100vw, 600px\" \/><\/p>\n<p style=\"text-align: right;\">Tomajazz. Texto y fotograf\u00edas: \u00a9\u00a0<strong>Joan Cort\u00e8s<\/strong>, 2019<\/p>\n","protected":false},"excerpt":{"rendered":"<p>Por\u00a0Joan Cort\u00e8s. 38\u00e8 Festival Jazz Terrassa Fecha: S\u00e1bado, 09 de marzo de 2019 Lugar: Nova Jazz Cava (Terrassa) Grupo: Kenny Barron Quintet Kenny Barron, piano Mike Rodr\u00edguez, trompeta y fiscorno Dayna Stephens, saxo tenor Noriko Ueda, contrabajo Savannah Harris, bater\u00eda &nbsp; El compositor y pianista Kenny Barron fue galardonado con<span class=\"more-link\"><a href=\"https:\/\/tomajazz.com\/web\/kenny-barron-quintet-38e-festival-jazz-terrassa-terrassa-barcelona-2019-03-09-concierto\/\">Contin\u00faa leyendo<\/a><\/span><\/p>\n","protected":false},"author":1,"featured_media":43206,"comment_status":"open","ping_status":"closed","sticky":false,"template":"","format":"standard","meta":{"jetpack_post_was_ever_published":false,"_jetpack_newsletter_access":"","_jetpack_dont_email_post_to_subs":false,"_jetpack_newsletter_tier_id":0,"_jetpack_memberships_contains_paywalled_content":false,"_jetpack_memberships_contains_paid_content":false,"footnotes":""},"categories":[17853,4,15517,1038],"tags":[11806,1041,7508,21511,13682,22852,22853],"class_list":["entry","author-pachi","post-43202","post","type-post","status-publish","format-standard","has-post-thumbnail","category-joan-cortes","category-conciertos","category-textos","category-contenidos","tag-dayna-stephens","tag-joan-cortes","tag-kenny-barron","tag-kenny-barron-quintet","tag-mike-rodriguez","tag-noriko-ueda","tag-savannah-harris"],"jetpack_featured_media_url":"https:\/\/tomajazz.com\/web\/wp-content\/uploads\/2019\/05\/C04_KnnyBrrnQntt-Joan-Cort\u00e8s_09mr\u00e719_NJC_38FJT_Trrss.jpg","jetpack_likes_enabled":true,"jetpack_sharing_enabled":true,"jetpack-related-posts":[{"id":42883,"url":"https:\/\/tomajazz.com\/web\/instantzz-kenny-barron-quintet-jazzterrasman-2019-38e-festival-jazz-terrassa-nova-jazz-cava-terrassa-barcelona-2019-03-09-galeria-fotografica\/","url_meta":{"origin":43202,"position":0},"title":"INSTANTZZ: Kenny Barron Quintet \u201cJazzterrasman 2019\u201d (38\u00e8 Festival Jazz Terrassa, Nova Jazz Cava, Terrassa -Barcelona-.  2019-03-09) [Galer\u00eda fotogr\u00e1fica]","author":"Tomajazz","date":"9 abril, 2019","format":false,"excerpt":"Por\u00a0Joan Cort\u00e8s. Fecha: S\u00e1bado, 09 de marzo de 2019 Lugar: Nova Jazz Cava (Terrassa -Barcelona-) Grupo: Kenny Barron Quintet Kenny Barron, piano Mike Rodr\u00edguez, trompeta y fiscorno Dayna Stephens, saxo tenor Noriko Ueda, contrabajo Savannah Harris, bater\u00eda Tomajazz: \u00a9\u00a0Joan Cort\u00e8s, 2019","rel":"","context":"En \u00ab*_Joan Cort\u00e8s\u00bb","block_context":{"text":"*_Joan Cort\u00e8s","link":"https:\/\/tomajazz.com\/web\/category\/joan-cortes\/"},"img":{"alt_text":"","src":"https:\/\/i0.wp.com\/tomajazz.com\/web\/wp-content\/uploads\/2019\/04\/04_Knny-Brrn-qntt-%C2%A9Joan-Cort%C3%A8s_09mar19_NvJzzCv_38FJT_Trrs.jpg?resize=350%2C200&ssl=1","width":350,"height":200,"srcset":"https:\/\/i0.wp.com\/tomajazz.com\/web\/wp-content\/uploads\/2019\/04\/04_Knny-Brrn-qntt-%C2%A9Joan-Cort%C3%A8s_09mar19_NvJzzCv_38FJT_Trrs.jpg?resize=350%2C200&ssl=1 1x, https:\/\/i0.wp.com\/tomajazz.com\/web\/wp-content\/uploads\/2019\/04\/04_Knny-Brrn-qntt-%C2%A9Joan-Cort%C3%A8s_09mar19_NvJzzCv_38FJT_Trrs.jpg?resize=525%2C300&ssl=1 1.5x"},"classes":[]},{"id":100117,"url":"https:\/\/tomajazz.com\/web\/kenny-barron-trio-vitoria-2025\/","url_meta":{"origin":43202,"position":1},"title":"Kenny Barron Trio (48 Festival de Jazz de Vitoria. 2025-07-18) Por Jos\u00e9 Luis Luna Rocafort [INSTANTZZ AKA Galer\u00eda fotogr\u00e1fica AKA Fotoblog de jazz, impro\u2026 y algo m\u00e1s]","author":"Tomajazz","date":"6 octubre, 2025","format":false,"excerpt":"Kenny Barron Trio actu\u00f3 en el 48 Festival de Jazz de Vitoria. Jos\u00e9 Luis Luna Rocafort lo retrata en INSTANTZZ. Actuaron Kenny Barron, Kiyoshi Kitagawa, Jonathan Blake","rel":"","context":"En \u00ab48 Festival de Jazz de Vitoria 2025\u00bb","block_context":{"text":"48 Festival de Jazz de Vitoria 2025","link":"https:\/\/tomajazz.com\/web\/category\/contenidos\/especial-contenidos\/48-festival-de-jazz-de-vitoria-2025\/"},"img":{"alt_text":"Kenny Barron Trio (48 Festival de Jazz de Vitoria. 2025-07-18) Por Jos\u00e9 Luis Luna Rocafort [INSTANTZZ AKA Galer\u00eda fotogr\u00e1fica AKA Fotoblog de jazz, impro\u2026 y algo m\u00e1s] - Tomajazz - Kenny Barron Trio actu\u00f3 en el 48 Festival de Jazz de Vitoria. Jos\u00e9 Luis Luna Rocafort lo retrata en INSTANTZZ. Actuaron Kenny Barron, Kiyoshi Kitagawa, Jonathan Blake","src":"https:\/\/i0.wp.com\/tomajazz.com\/web\/wp-content\/uploads\/2025\/10\/015-1.jpg?resize=350%2C200&ssl=1","width":350,"height":200,"srcset":"https:\/\/i0.wp.com\/tomajazz.com\/web\/wp-content\/uploads\/2025\/10\/015-1.jpg?resize=350%2C200&ssl=1 1x, https:\/\/i0.wp.com\/tomajazz.com\/web\/wp-content\/uploads\/2025\/10\/015-1.jpg?resize=525%2C300&ssl=1 1.5x"},"classes":[]},{"id":40252,"url":"https:\/\/tomajazz.com\/web\/38a-edicion-del-festival-de-jazz-de-terrassa-adelanto-de-programacion-noticias\/","url_meta":{"origin":43202,"position":2},"title":"38\u00aa Edici\u00f3n del Festival de Jazz de Terrassa: adelanto de programaci\u00f3n [Noticias]","author":"Tomajazz","date":"1 diciembre, 2018","format":false,"excerpt":"Redacci\u00f3n Entre el 6 y el 24 de marzo de 2019 tendr\u00e1 lugar la 38\u00aa edici\u00f3n del Festival de Jazz de Terrassa. El Jazzterrasman 2019 recae en el pianista Kenny Barron. El m\u00fasico actuar\u00e1 el 9 de marzo liderando el Kenny Barron Quintet\u00a0presentando su \u00faltimo disco Concentric Circles (Blue Note,\u2026","rel":"","context":"En \u00ab*_Redacci\u00f3n\u00bb","block_context":{"text":"*_Redacci\u00f3n","link":"https:\/\/tomajazz.com\/web\/category\/redaccion\/"},"img":{"alt_text":"","src":"https:\/\/i0.wp.com\/tomajazz.com\/web\/wp-content\/uploads\/2018\/12\/JazzTerrassaLogo.png?resize=350%2C200&ssl=1","width":350,"height":200,"srcset":"https:\/\/i0.wp.com\/tomajazz.com\/web\/wp-content\/uploads\/2018\/12\/JazzTerrassaLogo.png?resize=350%2C200&ssl=1 1x, https:\/\/i0.wp.com\/tomajazz.com\/web\/wp-content\/uploads\/2018\/12\/JazzTerrassaLogo.png?resize=525%2C300&ssl=1 1.5x, https:\/\/i0.wp.com\/tomajazz.com\/web\/wp-content\/uploads\/2018\/12\/JazzTerrassaLogo.png?resize=700%2C400&ssl=1 2x, https:\/\/i0.wp.com\/tomajazz.com\/web\/wp-content\/uploads\/2018\/12\/JazzTerrassaLogo.png?resize=1050%2C600&ssl=1 3x, https:\/\/i0.wp.com\/tomajazz.com\/web\/wp-content\/uploads\/2018\/12\/JazzTerrassaLogo.png?resize=1400%2C800&ssl=1 4x"},"classes":[]},{"id":37128,"url":"https:\/\/tomajazz.com\/web\/hdo-420-kenny-barron-pat-martino-norbert-stein-podcast\/","url_meta":{"origin":43202,"position":3},"title":"HDO 420. Kenny Barron, Pat Martino, Norbert Stein [Podcast]","author":"Tomajazz","date":"7 junio, 2018","format":false,"excerpt":"En HDO 420 suenan tres grabaciones lideradas por\u00a0el pianista\u00a0Kenny Barron, el guitarrista\u00a0Pat Martino, y el saxofonista y compositor\u00a0Norbert Stein. Ir a descargar Concentric Circles es el t\u00edtulo de la nueva grabaci\u00f3n de Kenny Barron en quinteto en el sello Blue Note.\u00a0Dayna Stephens (saxo),\u00a0Mike Rodr\u00edguez\u00a0(trompeta y fliscornio),\u00a0Kiyoshi Kitagawa (contrabajo) y\u00a0Jonathan Blake\u00a0(bater\u00eda).\u00a0Barron\u2026","rel":"","context":"En \u00ab*_Pachi Tapiz\u00bb","block_context":{"text":"*_Pachi Tapiz","link":"https:\/\/tomajazz.com\/web\/category\/pachi-tapiz\/"},"img":{"alt_text":"","src":"https:\/\/i0.wp.com\/tomajazz.com\/web\/wp-content\/uploads\/2017\/01\/HDO_logo_2017-01_ok.png?resize=350%2C200&ssl=1","width":350,"height":200,"srcset":"https:\/\/i0.wp.com\/tomajazz.com\/web\/wp-content\/uploads\/2017\/01\/HDO_logo_2017-01_ok.png?resize=350%2C200&ssl=1 1x, https:\/\/i0.wp.com\/tomajazz.com\/web\/wp-content\/uploads\/2017\/01\/HDO_logo_2017-01_ok.png?resize=525%2C300&ssl=1 1.5x"},"classes":[]},{"id":105126,"url":"https:\/\/tomajazz.com\/web\/dave-douglas-quartet-terrassa-2026\/","url_meta":{"origin":43202,"position":4},"title":"Dave Douglas Quartet (45\u00e8 Festival Jazz Terrassa 2026 \/ Nova Jazz Cava, 2026-03-15 \/ Terrassa -Barcelona-) [I] Por Joan Cort\u00e8s [INSTANTZZ AKA Galer\u00eda fotogr\u00e1fica AKA Fotoblog de jazz, impro\u2026 y algo m\u00e1s]","author":"Tomajazz","date":"30 abril, 2026","format":false,"excerpt":"Dave Douglas Quartet actu\u00f3 en el 45\u00e8 Festival Jazz Terrassa 2026, en la m\u00edtica Nova Jazz Cava, el 15 de marzo de 2026. Joan Cort\u00e8s lo retrata en INSTANTZZ. Dave Douglas Quartet son Dave Douglas, Marta Warelis, Ingebrigt H\u00e5ker Flaten, Rudy Royston","rel":"","context":"En \u00ab45\u00e8 Festival Jazz Terrassa 2026\u00bb","block_context":{"text":"45\u00e8 Festival Jazz Terrassa 2026","link":"https:\/\/tomajazz.com\/web\/category\/contenidos\/especial-contenidos\/45e-festival-jazz-terrassa-2026\/"},"img":{"alt_text":"Dave Douglas Quartet (45\u00e8 Festival Jazz Terrassa 2026 \/ Nova Jazz Cava, 2026-03-15 \/ Terrassa -Barcelona-) [I] Por Joan Cort\u00e8s [INSTANTZZ AKA Galer\u00eda fotogr\u00e1fica AKA Fotoblog de jazz, impro\u2026 y algo m\u00e1s] - Tomajazz - Dave Douglas Quartet actu\u00f3 en el 45\u00e8 Festival Jazz Terrassa 2026, en la m\u00edtica Nova Jazz Cava, el 15 de marzo de 2026. Joan Cort\u00e8s lo retrata en INSTANTZZ. Dave Douglas Quartet son Dave Douglas, Marta Warelis, Ingebrigt H\u00e5ker Flaten, Rudy Royston\n","src":"https:\/\/i0.wp.com\/tomajazz.com\/web\/wp-content\/uploads\/2026\/04\/destacada-10-Dv-Dgls-Fr-Frrdms-Photo-by-Joan-Cortes-15mrc26-45FJT-NJC-Trrss.jpg?resize=350%2C200&ssl=1","width":350,"height":200,"srcset":"https:\/\/i0.wp.com\/tomajazz.com\/web\/wp-content\/uploads\/2026\/04\/destacada-10-Dv-Dgls-Fr-Frrdms-Photo-by-Joan-Cortes-15mrc26-45FJT-NJC-Trrss.jpg?resize=350%2C200&ssl=1 1x, https:\/\/i0.wp.com\/tomajazz.com\/web\/wp-content\/uploads\/2026\/04\/destacada-10-Dv-Dgls-Fr-Frrdms-Photo-by-Joan-Cortes-15mrc26-45FJT-NJC-Trrss.jpg?resize=525%2C300&ssl=1 1.5x"},"classes":[]},{"id":98003,"url":"https:\/\/tomajazz.com\/web\/al-di-meola-kenny-barron-vitoria-2025\/","url_meta":{"origin":43202,"position":5},"title":"Al Di Meola &#8211; Kenny Barron (48 Festival de Jazz de Vitoria. 2025-07-18) Por Antonio Torres (texto y fotos), y Pepe Mateos (fotos) [Concierto de jazz]","author":"Tomajazz","date":"15 agosto, 2025","format":false,"excerpt":"Al Di Meola - Kenny Barron actuaron en el 48 Festival de Jazz de Vitoria 2025, Antonio Torres y Pepe Mateos lo relatan y retratan. Actuaron Al Di Meola, Peo Alfonsi, Sergio Mart\u00ednez, Kenny Barron, Kiyoshi Kitagawa, Johnathan Blake","rel":"","context":"En \u00ab48 Festival de Jazz de Vitoria 2025\u00bb","block_context":{"text":"48 Festival de Jazz de Vitoria 2025","link":"https:\/\/tomajazz.com\/web\/category\/contenidos\/especial-contenidos\/48-festival-de-jazz-de-vitoria-2025\/"},"img":{"alt_text":"Al Di Meola - Kenny Barron (48 Festival de Jazz de Vitoria. 2025-07-18) Por Antonio Torres (texto y fotos), y Pepe Mateos (fotos) [Concierto de jazz] - Tomajazz - Al Di Meola - Kenny Barron actuaron en el 48 Festival de Jazz de Vitoria 2025, Antonio Torres y Pepe Mateos lo relatan y retratan. Actuaron Al Di Meola, Peo Alfonsi, Sergio Mart\u00ednez, Kenny Barron, Kiyoshi Kitagawa, Johnathan Blake \n","src":"https:\/\/i0.wp.com\/tomajazz.com\/web\/wp-content\/uploads\/2025\/08\/PM3-1-1.jpg?resize=350%2C200&ssl=1","width":350,"height":200,"srcset":"https:\/\/i0.wp.com\/tomajazz.com\/web\/wp-content\/uploads\/2025\/08\/PM3-1-1.jpg?resize=350%2C200&ssl=1 1x, https:\/\/i0.wp.com\/tomajazz.com\/web\/wp-content\/uploads\/2025\/08\/PM3-1-1.jpg?resize=525%2C300&ssl=1 1.5x, https:\/\/i0.wp.com\/tomajazz.com\/web\/wp-content\/uploads\/2025\/08\/PM3-1-1.jpg?resize=700%2C400&ssl=1 2x"},"classes":[]}],"_links":{"self":[{"href":"https:\/\/tomajazz.com\/web\/wp-json\/wp\/v2\/posts\/43202","targetHints":{"allow":["GET"]}}],"collection":[{"href":"https:\/\/tomajazz.com\/web\/wp-json\/wp\/v2\/posts"}],"about":[{"href":"https:\/\/tomajazz.com\/web\/wp-json\/wp\/v2\/types\/post"}],"author":[{"embeddable":true,"href":"https:\/\/tomajazz.com\/web\/wp-json\/wp\/v2\/users\/1"}],"replies":[{"embeddable":true,"href":"https:\/\/tomajazz.com\/web\/wp-json\/wp\/v2\/comments?post=43202"}],"version-history":[{"count":1,"href":"https:\/\/tomajazz.com\/web\/wp-json\/wp\/v2\/posts\/43202\/revisions"}],"predecessor-version":[{"id":43207,"href":"https:\/\/tomajazz.com\/web\/wp-json\/wp\/v2\/posts\/43202\/revisions\/43207"}],"wp:featuredmedia":[{"embeddable":true,"href":"https:\/\/tomajazz.com\/web\/wp-json\/wp\/v2\/media\/43206"}],"wp:attachment":[{"href":"https:\/\/tomajazz.com\/web\/wp-json\/wp\/v2\/media?parent=43202"}],"wp:term":[{"taxonomy":"category","embeddable":true,"href":"https:\/\/tomajazz.com\/web\/wp-json\/wp\/v2\/categories?post=43202"},{"taxonomy":"post_tag","embeddable":true,"href":"https:\/\/tomajazz.com\/web\/wp-json\/wp\/v2\/tags?post=43202"}],"curies":[{"name":"wp","href":"https:\/\/api.w.org\/{rel}","templated":true}]}}