{"id":43208,"date":"2019-05-14T18:15:02","date_gmt":"2019-05-14T16:15:02","guid":{"rendered":"https:\/\/www.tomajazz.com\/web\/?p=43208"},"modified":"2022-08-27T15:02:11","modified_gmt":"2022-08-27T13:02:11","slug":"instantzz-coetus-de-banda-a-banda-c-a-t-centre-artesa-tradicionarius-tradicionarius-2019-festival-folk-internacional-barcelona-2019-05-05-galeria-fotografica","status":"publish","type":"post","link":"https:\/\/tomajazz.com\/web\/instantzz-coetus-de-banda-a-banda-c-a-t-centre-artesa-tradicionarius-tradicionarius-2019-festival-folk-internacional-barcelona-2019-05-05-galeria-fotografica\/","title":{"rendered":"INSTANTZZ: Coetus \u201cDe banda a banda\u201d (C.A.T. -Centre Artes\u00e0 Tradicion\u00e0rius-, Tradicion\u00e0rius 2019 Festival Folk Internacional, Barcelona. 2019-05-05) [Galer\u00eda fotogr\u00e1fica]"},"content":{"rendered":"<p>Por\u00a0<strong>Joan Cort\u00e8s<\/strong>.<\/p>\n<ul>\n<li>Fecha: Viernes, 05 de mayo de 2019<\/li>\n<li>Lugar: C.A.T. -Centre Artes\u00e0 Tradicion\u00e0rius- (Barcelona)<\/li>\n<li>Grupo:<br \/>\n<strong>Coetus \u201cDe banda a banda\u201d\u00a0<\/strong><br \/>\nAleix Tobias, direcci\u00f3n y percusi\u00f3n<br \/>\nCarles D\u00e9nia, voz<br \/>\nRus\u00f3 Sala, voz<br \/>\nAcari Bertr\u00e1n, percusi\u00f3n<br \/>\nAngelo Manhenzane, percusi\u00f3n<br \/>\nAlberto Carre\u00f1o, percusi\u00f3n<br \/>\nAntonio S\u00e1nchez, percusi\u00f3n<br \/>\nBernat Torras, percusi\u00f3n<br \/>\nDidac Ruiz, percusi\u00f3n y guitarra<br \/>\nGeiaka Lucas, percusi\u00f3n<br \/>\nMart\u00ed Hosta, percusi\u00f3n<br \/>\nMarc Vila, percusi\u00f3n<br \/>\nAnna Tobias, percusi\u00f3n<br \/>\nMart\u00ed Serra, saxo tenor y soprano<br \/>\nXavi Lozano, corno i flautas<br \/>\nJavier Mas, guitarras<br \/>\nGuillem Aguilar, bajo<br \/>\nSilvia P\u00e9rez Cruz, voz -invitada especial-<br \/>\nAndreu Hern\u00e1ndez, t\u00e9cnico de sonido<\/li>\n<\/ul>\n<p style=\"text-align: center;\"><img loading=\"lazy\" decoding=\"async\" class=\"aligncenter size-large wp-image-43209\" src=\"https:\/\/tomajazz.com\/web\/wp-content\/uploads\/2019\/05\/01_Cts-\u00a9Joan-Cort\u00e8s_05abr19_CAT_Bcn-600x399.jpg\" alt=\"\" width=\"600\" height=\"399\" title=\"\" srcset=\"https:\/\/tomajazz.com\/web\/wp-content\/uploads\/2019\/05\/01_Cts-\u00a9Joan-Cort\u00e8s_05abr19_CAT_Bcn.jpg 600w, https:\/\/tomajazz.com\/web\/wp-content\/uploads\/2019\/05\/01_Cts-\u00a9Joan-Cort\u00e8s_05abr19_CAT_Bcn-200x133.jpg 200w, https:\/\/tomajazz.com\/web\/wp-content\/uploads\/2019\/05\/01_Cts-\u00a9Joan-Cort\u00e8s_05abr19_CAT_Bcn-83x55.jpg 83w, https:\/\/tomajazz.com\/web\/wp-content\/uploads\/2019\/05\/01_Cts-\u00a9Joan-Cort\u00e8s_05abr19_CAT_Bcn-60x40.jpg 60w, https:\/\/tomajazz.com\/web\/wp-content\/uploads\/2019\/05\/01_Cts-\u00a9Joan-Cort\u00e8s_05abr19_CAT_Bcn-120x80.jpg 120w\" sizes=\"auto, (max-width: 600px) 100vw, 600px\" \/> <img loading=\"lazy\" decoding=\"async\" class=\"aligncenter size-large wp-image-43210\" src=\"https:\/\/tomajazz.com\/web\/wp-content\/uploads\/2019\/05\/02_Cts-\u00a9Joan-Cort\u00e8s_05abr19_CAT_Bcn-600x399.jpg\" alt=\"\" width=\"600\" height=\"399\" title=\"\" srcset=\"https:\/\/tomajazz.com\/web\/wp-content\/uploads\/2019\/05\/02_Cts-\u00a9Joan-Cort\u00e8s_05abr19_CAT_Bcn.jpg 600w, https:\/\/tomajazz.com\/web\/wp-content\/uploads\/2019\/05\/02_Cts-\u00a9Joan-Cort\u00e8s_05abr19_CAT_Bcn-200x133.jpg 200w, https:\/\/tomajazz.com\/web\/wp-content\/uploads\/2019\/05\/02_Cts-\u00a9Joan-Cort\u00e8s_05abr19_CAT_Bcn-83x55.jpg 83w, https:\/\/tomajazz.com\/web\/wp-content\/uploads\/2019\/05\/02_Cts-\u00a9Joan-Cort\u00e8s_05abr19_CAT_Bcn-60x40.jpg 60w, https:\/\/tomajazz.com\/web\/wp-content\/uploads\/2019\/05\/02_Cts-\u00a9Joan-Cort\u00e8s_05abr19_CAT_Bcn-120x80.jpg 120w\" sizes=\"auto, (max-width: 600px) 100vw, 600px\" \/> <img loading=\"lazy\" decoding=\"async\" class=\"aligncenter size-large wp-image-43211\" src=\"https:\/\/tomajazz.com\/web\/wp-content\/uploads\/2019\/05\/03_Cts-\u00a9Joan-Cort\u00e8s_05abr19_CAT_Bcn-600x399.jpg\" alt=\"\" width=\"600\" height=\"399\" title=\"\" srcset=\"https:\/\/tomajazz.com\/web\/wp-content\/uploads\/2019\/05\/03_Cts-\u00a9Joan-Cort\u00e8s_05abr19_CAT_Bcn.jpg 600w, https:\/\/tomajazz.com\/web\/wp-content\/uploads\/2019\/05\/03_Cts-\u00a9Joan-Cort\u00e8s_05abr19_CAT_Bcn-200x133.jpg 200w, https:\/\/tomajazz.com\/web\/wp-content\/uploads\/2019\/05\/03_Cts-\u00a9Joan-Cort\u00e8s_05abr19_CAT_Bcn-83x55.jpg 83w, https:\/\/tomajazz.com\/web\/wp-content\/uploads\/2019\/05\/03_Cts-\u00a9Joan-Cort\u00e8s_05abr19_CAT_Bcn-60x40.jpg 60w, https:\/\/tomajazz.com\/web\/wp-content\/uploads\/2019\/05\/03_Cts-\u00a9Joan-Cort\u00e8s_05abr19_CAT_Bcn-120x80.jpg 120w\" sizes=\"auto, (max-width: 600px) 100vw, 600px\" \/> <img loading=\"lazy\" decoding=\"async\" class=\"aligncenter size-large wp-image-43212\" src=\"https:\/\/tomajazz.com\/web\/wp-content\/uploads\/2019\/05\/04_Cts-\u00a9Joan-Cort\u00e8s_05abr19_CAT_Bcn-399x600.jpg\" alt=\"\" width=\"399\" height=\"600\" title=\"\" srcset=\"https:\/\/tomajazz.com\/web\/wp-content\/uploads\/2019\/05\/04_Cts-\u00a9Joan-Cort\u00e8s_05abr19_CAT_Bcn.jpg 399w, https:\/\/tomajazz.com\/web\/wp-content\/uploads\/2019\/05\/04_Cts-\u00a9Joan-Cort\u00e8s_05abr19_CAT_Bcn-200x300.jpg 200w, https:\/\/tomajazz.com\/web\/wp-content\/uploads\/2019\/05\/04_Cts-\u00a9Joan-Cort\u00e8s_05abr19_CAT_Bcn-37x55.jpg 37w\" sizes=\"auto, (max-width: 399px) 100vw, 399px\" \/> <img loading=\"lazy\" decoding=\"async\" class=\"aligncenter size-large wp-image-43213\" src=\"https:\/\/tomajazz.com\/web\/wp-content\/uploads\/2019\/05\/05_Cts-\u00a9Joan-Cort\u00e8s_05abr19_CAT_Bcn-600x399.jpg\" alt=\"\" width=\"600\" height=\"399\" title=\"\" srcset=\"https:\/\/tomajazz.com\/web\/wp-content\/uploads\/2019\/05\/05_Cts-\u00a9Joan-Cort\u00e8s_05abr19_CAT_Bcn.jpg 600w, https:\/\/tomajazz.com\/web\/wp-content\/uploads\/2019\/05\/05_Cts-\u00a9Joan-Cort\u00e8s_05abr19_CAT_Bcn-200x133.jpg 200w, https:\/\/tomajazz.com\/web\/wp-content\/uploads\/2019\/05\/05_Cts-\u00a9Joan-Cort\u00e8s_05abr19_CAT_Bcn-83x55.jpg 83w, https:\/\/tomajazz.com\/web\/wp-content\/uploads\/2019\/05\/05_Cts-\u00a9Joan-Cort\u00e8s_05abr19_CAT_Bcn-60x40.jpg 60w, https:\/\/tomajazz.com\/web\/wp-content\/uploads\/2019\/05\/05_Cts-\u00a9Joan-Cort\u00e8s_05abr19_CAT_Bcn-120x80.jpg 120w\" sizes=\"auto, (max-width: 600px) 100vw, 600px\" \/> <img loading=\"lazy\" decoding=\"async\" class=\"aligncenter size-large wp-image-43214\" src=\"https:\/\/tomajazz.com\/web\/wp-content\/uploads\/2019\/05\/06_Cts-\u00a9Joan-Cort\u00e8s_05abr19_CAT_Bcn-399x600.jpg\" alt=\"\" width=\"399\" height=\"600\" title=\"\" srcset=\"https:\/\/tomajazz.com\/web\/wp-content\/uploads\/2019\/05\/06_Cts-\u00a9Joan-Cort\u00e8s_05abr19_CAT_Bcn.jpg 399w, https:\/\/tomajazz.com\/web\/wp-content\/uploads\/2019\/05\/06_Cts-\u00a9Joan-Cort\u00e8s_05abr19_CAT_Bcn-200x300.jpg 200w, https:\/\/tomajazz.com\/web\/wp-content\/uploads\/2019\/05\/06_Cts-\u00a9Joan-Cort\u00e8s_05abr19_CAT_Bcn-37x55.jpg 37w\" sizes=\"auto, (max-width: 399px) 100vw, 399px\" \/> <img loading=\"lazy\" decoding=\"async\" class=\"aligncenter size-large wp-image-43215\" src=\"https:\/\/tomajazz.com\/web\/wp-content\/uploads\/2019\/05\/07_Cts-\u00a9Joan-Cort\u00e8s_05abr19_CAT_Bcn-600x399.jpg\" alt=\"\" width=\"600\" height=\"399\" title=\"\" srcset=\"https:\/\/tomajazz.com\/web\/wp-content\/uploads\/2019\/05\/07_Cts-\u00a9Joan-Cort\u00e8s_05abr19_CAT_Bcn.jpg 600w, https:\/\/tomajazz.com\/web\/wp-content\/uploads\/2019\/05\/07_Cts-\u00a9Joan-Cort\u00e8s_05abr19_CAT_Bcn-200x133.jpg 200w, https:\/\/tomajazz.com\/web\/wp-content\/uploads\/2019\/05\/07_Cts-\u00a9Joan-Cort\u00e8s_05abr19_CAT_Bcn-83x55.jpg 83w, https:\/\/tomajazz.com\/web\/wp-content\/uploads\/2019\/05\/07_Cts-\u00a9Joan-Cort\u00e8s_05abr19_CAT_Bcn-60x40.jpg 60w, https:\/\/tomajazz.com\/web\/wp-content\/uploads\/2019\/05\/07_Cts-\u00a9Joan-Cort\u00e8s_05abr19_CAT_Bcn-120x80.jpg 120w\" sizes=\"auto, (max-width: 600px) 100vw, 600px\" \/> <img loading=\"lazy\" decoding=\"async\" class=\"aligncenter size-large wp-image-43216\" src=\"https:\/\/tomajazz.com\/web\/wp-content\/uploads\/2019\/05\/08_Cts-\u00a9Joan-Cort\u00e8s_05abr19_CAT_Bcn-399x600.jpg\" alt=\"\" width=\"399\" height=\"600\" title=\"\" srcset=\"https:\/\/tomajazz.com\/web\/wp-content\/uploads\/2019\/05\/08_Cts-\u00a9Joan-Cort\u00e8s_05abr19_CAT_Bcn.jpg 399w, https:\/\/tomajazz.com\/web\/wp-content\/uploads\/2019\/05\/08_Cts-\u00a9Joan-Cort\u00e8s_05abr19_CAT_Bcn-200x300.jpg 200w, https:\/\/tomajazz.com\/web\/wp-content\/uploads\/2019\/05\/08_Cts-\u00a9Joan-Cort\u00e8s_05abr19_CAT_Bcn-37x55.jpg 37w\" sizes=\"auto, (max-width: 399px) 100vw, 399px\" \/> <img loading=\"lazy\" decoding=\"async\" class=\"aligncenter size-large wp-image-43217\" src=\"https:\/\/tomajazz.com\/web\/wp-content\/uploads\/2019\/05\/09_Cts-\u00a9Joan-Cort\u00e8s_05abr19_CAT_Bcn-600x399.jpg\" alt=\"\" width=\"600\" height=\"399\" title=\"\" srcset=\"https:\/\/tomajazz.com\/web\/wp-content\/uploads\/2019\/05\/09_Cts-\u00a9Joan-Cort\u00e8s_05abr19_CAT_Bcn.jpg 600w, https:\/\/tomajazz.com\/web\/wp-content\/uploads\/2019\/05\/09_Cts-\u00a9Joan-Cort\u00e8s_05abr19_CAT_Bcn-200x133.jpg 200w, https:\/\/tomajazz.com\/web\/wp-content\/uploads\/2019\/05\/09_Cts-\u00a9Joan-Cort\u00e8s_05abr19_CAT_Bcn-83x55.jpg 83w, https:\/\/tomajazz.com\/web\/wp-content\/uploads\/2019\/05\/09_Cts-\u00a9Joan-Cort\u00e8s_05abr19_CAT_Bcn-60x40.jpg 60w, https:\/\/tomajazz.com\/web\/wp-content\/uploads\/2019\/05\/09_Cts-\u00a9Joan-Cort\u00e8s_05abr19_CAT_Bcn-120x80.jpg 120w\" sizes=\"auto, (max-width: 600px) 100vw, 600px\" \/> <img loading=\"lazy\" decoding=\"async\" class=\"aligncenter size-large wp-image-43218\" src=\"https:\/\/tomajazz.com\/web\/wp-content\/uploads\/2019\/05\/10_Cts-\u00a9Joan-Cort\u00e8s_05abr19_CAT_Bcn-399x600.jpg\" alt=\"\" width=\"399\" height=\"600\" title=\"\" srcset=\"https:\/\/tomajazz.com\/web\/wp-content\/uploads\/2019\/05\/10_Cts-\u00a9Joan-Cort\u00e8s_05abr19_CAT_Bcn.jpg 399w, https:\/\/tomajazz.com\/web\/wp-content\/uploads\/2019\/05\/10_Cts-\u00a9Joan-Cort\u00e8s_05abr19_CAT_Bcn-200x300.jpg 200w, https:\/\/tomajazz.com\/web\/wp-content\/uploads\/2019\/05\/10_Cts-\u00a9Joan-Cort\u00e8s_05abr19_CAT_Bcn-37x55.jpg 37w\" sizes=\"auto, (max-width: 399px) 100vw, 399px\" \/> <img loading=\"lazy\" decoding=\"async\" class=\"aligncenter size-large wp-image-43219\" src=\"https:\/\/tomajazz.com\/web\/wp-content\/uploads\/2019\/05\/11_Cts-\u00a9Joan-Cort\u00e8s_05abr19_CAT_Bcn-600x399.jpg\" alt=\"\" width=\"600\" height=\"399\" title=\"\" srcset=\"https:\/\/tomajazz.com\/web\/wp-content\/uploads\/2019\/05\/11_Cts-\u00a9Joan-Cort\u00e8s_05abr19_CAT_Bcn.jpg 600w, https:\/\/tomajazz.com\/web\/wp-content\/uploads\/2019\/05\/11_Cts-\u00a9Joan-Cort\u00e8s_05abr19_CAT_Bcn-200x133.jpg 200w, https:\/\/tomajazz.com\/web\/wp-content\/uploads\/2019\/05\/11_Cts-\u00a9Joan-Cort\u00e8s_05abr19_CAT_Bcn-83x55.jpg 83w, https:\/\/tomajazz.com\/web\/wp-content\/uploads\/2019\/05\/11_Cts-\u00a9Joan-Cort\u00e8s_05abr19_CAT_Bcn-60x40.jpg 60w, https:\/\/tomajazz.com\/web\/wp-content\/uploads\/2019\/05\/11_Cts-\u00a9Joan-Cort\u00e8s_05abr19_CAT_Bcn-120x80.jpg 120w\" sizes=\"auto, (max-width: 600px) 100vw, 600px\" \/> <img loading=\"lazy\" decoding=\"async\" class=\"aligncenter size-large wp-image-43220\" src=\"https:\/\/tomajazz.com\/web\/wp-content\/uploads\/2019\/05\/12_Cts-\u00a9Joan-Cort\u00e8s_05abr19_CAT_Bcn-600x399.jpg\" alt=\"\" width=\"600\" height=\"399\" title=\"\" srcset=\"https:\/\/tomajazz.com\/web\/wp-content\/uploads\/2019\/05\/12_Cts-\u00a9Joan-Cort\u00e8s_05abr19_CAT_Bcn.jpg 600w, https:\/\/tomajazz.com\/web\/wp-content\/uploads\/2019\/05\/12_Cts-\u00a9Joan-Cort\u00e8s_05abr19_CAT_Bcn-200x133.jpg 200w, https:\/\/tomajazz.com\/web\/wp-content\/uploads\/2019\/05\/12_Cts-\u00a9Joan-Cort\u00e8s_05abr19_CAT_Bcn-83x55.jpg 83w, https:\/\/tomajazz.com\/web\/wp-content\/uploads\/2019\/05\/12_Cts-\u00a9Joan-Cort\u00e8s_05abr19_CAT_Bcn-60x40.jpg 60w, https:\/\/tomajazz.com\/web\/wp-content\/uploads\/2019\/05\/12_Cts-\u00a9Joan-Cort\u00e8s_05abr19_CAT_Bcn-120x80.jpg 120w\" sizes=\"auto, (max-width: 600px) 100vw, 600px\" \/> <img loading=\"lazy\" decoding=\"async\" class=\"aligncenter size-large wp-image-43221\" src=\"https:\/\/tomajazz.com\/web\/wp-content\/uploads\/2019\/05\/13_Cts-\u00a9Joan-Cort\u00e8s_05abr19_CAT_Bcn-399x600.jpg\" alt=\"\" width=\"399\" height=\"600\" title=\"\" srcset=\"https:\/\/tomajazz.com\/web\/wp-content\/uploads\/2019\/05\/13_Cts-\u00a9Joan-Cort\u00e8s_05abr19_CAT_Bcn.jpg 399w, https:\/\/tomajazz.com\/web\/wp-content\/uploads\/2019\/05\/13_Cts-\u00a9Joan-Cort\u00e8s_05abr19_CAT_Bcn-200x300.jpg 200w, https:\/\/tomajazz.com\/web\/wp-content\/uploads\/2019\/05\/13_Cts-\u00a9Joan-Cort\u00e8s_05abr19_CAT_Bcn-37x55.jpg 37w\" sizes=\"auto, (max-width: 399px) 100vw, 399px\" \/> <img loading=\"lazy\" decoding=\"async\" class=\"aligncenter size-large wp-image-43222\" src=\"https:\/\/tomajazz.com\/web\/wp-content\/uploads\/2019\/05\/14_Cts-\u00a9Joan-Cort\u00e8s_05abr19_CAT_Bcn-600x399.jpg\" alt=\"\" width=\"600\" height=\"399\" title=\"\" srcset=\"https:\/\/tomajazz.com\/web\/wp-content\/uploads\/2019\/05\/14_Cts-\u00a9Joan-Cort\u00e8s_05abr19_CAT_Bcn.jpg 600w, https:\/\/tomajazz.com\/web\/wp-content\/uploads\/2019\/05\/14_Cts-\u00a9Joan-Cort\u00e8s_05abr19_CAT_Bcn-200x133.jpg 200w, https:\/\/tomajazz.com\/web\/wp-content\/uploads\/2019\/05\/14_Cts-\u00a9Joan-Cort\u00e8s_05abr19_CAT_Bcn-83x55.jpg 83w, https:\/\/tomajazz.com\/web\/wp-content\/uploads\/2019\/05\/14_Cts-\u00a9Joan-Cort\u00e8s_05abr19_CAT_Bcn-60x40.jpg 60w, https:\/\/tomajazz.com\/web\/wp-content\/uploads\/2019\/05\/14_Cts-\u00a9Joan-Cort\u00e8s_05abr19_CAT_Bcn-120x80.jpg 120w\" sizes=\"auto, (max-width: 600px) 100vw, 600px\" \/><\/p>\n<p style=\"text-align: right;\">Tomajazz: \u00a9\u00a0<strong>Joan Cort\u00e8s<\/strong>, 2019<\/p>\n","protected":false},"excerpt":{"rendered":"<p>Por\u00a0Joan Cort\u00e8s. Fecha: Viernes, 05 de mayo de 2019 Lugar: C.A.T. -Centre Artes\u00e0 Tradicion\u00e0rius- (Barcelona) Grupo: Coetus \u201cDe banda a banda\u201d\u00a0 Aleix Tobias, direcci\u00f3n y percusi\u00f3n Carles D\u00e9nia, voz Rus\u00f3 Sala, voz Acari Bertr\u00e1n, percusi\u00f3n Angelo Manhenzane, percusi\u00f3n Alberto Carre\u00f1o, percusi\u00f3n Antonio S\u00e1nchez, percusi\u00f3n Bernat Torras, percusi\u00f3n Didac Ruiz, percusi\u00f3n<span class=\"more-link\"><a href=\"https:\/\/tomajazz.com\/web\/instantzz-coetus-de-banda-a-banda-c-a-t-centre-artesa-tradicionarius-tradicionarius-2019-festival-folk-internacional-barcelona-2019-05-05-galeria-fotografica\/\">Contin\u00faa leyendo<\/a><\/span><\/p>\n","protected":false},"author":1,"featured_media":43215,"comment_status":"open","ping_status":"closed","sticky":false,"template":"","format":"standard","meta":{"jetpack_post_was_ever_published":false,"_jetpack_newsletter_access":"","_jetpack_dont_email_post_to_subs":false,"_jetpack_newsletter_tier_id":0,"_jetpack_memberships_contains_paywalled_content":false,"_jetpack_memberships_contains_paid_content":false,"footnotes":""},"categories":[17853,11262,15516,11261,1038],"tags":[11987,17689,11986,22920,11988,17694,1406,17695,6037,17693,22918,11985,17697,1041,20699,17691,99,5647,1180,22919],"class_list":["entry","author-pachi","post-43208","post","type-post","status-publish","format-standard","has-post-thumbnail","category-joan-cortes","category-photoblogs","category-imagenes","category-instantzz","category-contenidos","tag-acari-bertran","tag-alberto-carreno","tag-aleix-tobias","tag-andreu-hernandez","tag-angelo-manhenzane","tag-anna-tobias","tag-antonio-sanchez","tag-bernat-torras","tag-carles-denia","tag-didac-ruiz","tag-geiaka-lucas","tag-guillem-aguilar","tag-javier-mas","tag-joan-cortes","tag-marc-vila","tag-marti-hosta","tag-marti-serra","tag-ruso-sala","tag-silvia-perez-cruz","tag-xavi-lozano"],"jetpack_featured_media_url":"https:\/\/tomajazz.com\/web\/wp-content\/uploads\/2019\/05\/07_Cts-\u00a9Joan-Cort\u00e8s_05abr19_CAT_Bcn.jpg","jetpack_likes_enabled":true,"jetpack_sharing_enabled":true,"jetpack-related-posts":[{"id":27121,"url":"https:\/\/tomajazz.com\/web\/instantzz-coetus-amb-carles-denia-teatre-kursaal-19a-fira-de-la-mediterrania-manresa-2016-10-08-galeria-fotografica\/","url_meta":{"origin":43208,"position":0},"title":"INSTANTZZ: Coetus amb Carles D\u00e9nia (Teatre Kursaal, 19a Fira de la Mediterr\u00e0nia, Manresa. 2016-10-08) [Galer\u00eda fotogr\u00e1fica]","author":"Tomajazz","date":"27 octubre, 2016","format":false,"excerpt":"Fecha: S\u00e1bado, 08 de octubre de 2016 Lugar: Teatre Kursaal, Manresa (Barcelona) Componentes: Coetus amb Carles D\u00e9nia\u00a0 Aleix Tobias, direcci\u00f3n y percusi\u00f3n Carles D\u00e9nia, cantaor Carola Ortiz, voz Ana Rossi, voz y percusi\u00f3n Acari Bertr\u00e1n, percusi\u00f3n Alberto Carre\u00f1o, percusi\u00f3n Mariona del Carmen, percusi\u00f3n Mart\u00ed Hosta, percusi\u00f3n Fran Lucas, percusi\u00f3n Angelo\u2026","rel":"","context":"En \u00ab*_Joan Cort\u00e8s\u00bb","block_context":{"text":"*_Joan Cort\u00e8s","link":"https:\/\/tomajazz.com\/web\/category\/joan-cortes\/"},"img":{"alt_text":"","src":"https:\/\/i0.wp.com\/tomajazz.com\/web\/wp-content\/uploads\/2016\/10\/02_Cts-mb-Crls-Dn-%C2%A9Joan-Cort%C3%A8s_08oct16_TtrKrsl_19FrMdtrrn_Mnrs.jpg?resize=350%2C200&ssl=1","width":350,"height":200,"srcset":"https:\/\/i0.wp.com\/tomajazz.com\/web\/wp-content\/uploads\/2016\/10\/02_Cts-mb-Crls-Dn-%C2%A9Joan-Cort%C3%A8s_08oct16_TtrKrsl_19FrMdtrrn_Mnrs.jpg?resize=350%2C200&ssl=1 1x, https:\/\/i0.wp.com\/tomajazz.com\/web\/wp-content\/uploads\/2016\/10\/02_Cts-mb-Crls-Dn-%C2%A9Joan-Cort%C3%A8s_08oct16_TtrKrsl_19FrMdtrrn_Mnrs.jpg?resize=525%2C300&ssl=1 1.5x"},"classes":[]},{"id":50415,"url":"https:\/\/tomajazz.com\/web\/instantzz-joana-gomila-laia-valles-paradis-33-tradicionarius-festival-folk-internacional-c-a-t-centre-artesa-tradicionarius-barcelona-2020-02-27-galeria-fotografica-yom\/","url_meta":{"origin":43208,"position":1},"title":"INSTANTZZ: Joana Gomila &#038; Laia Vall\u00e8s \u201cParad\u00eds\u201d (33 Tradicion\u00e0rius Festival Folk Internacional \/ C.A.T. Centre Artes\u00e0 Tradicion\u00e0rius, Barcelona.  2020-02-27) [Galer\u00eda fotogr\u00e1fica] #YoMeQuedoEnCasa #IStayAtHome","author":"Tomajazz","date":"30 abril, 2020","format":false,"excerpt":"Joan Cort\u00e8s retrata en INSTANTZZ la actuaci\u00f3n de Joana Gomila & Laia Vall\u00e8s con el proyecto \u201cParad\u00eds\u201d en el 33 Tradicion\u00e0rius Festival Folk Internacional celebrado en C.A.T. Centre Artes\u00e0 Tradicion\u00e0rius, de Barcelona.","rel":"","context":"En \u00abIm\u00e1genes\u00bb","block_context":{"text":"Im\u00e1genes","link":"https:\/\/tomajazz.com\/web\/category\/contenidos\/imagenes\/"},"img":{"alt_text":"","src":"https:\/\/i0.wp.com\/tomajazz.com\/web\/wp-content\/uploads\/2020\/04\/12_Jn-Gml-L-Vlls-Joan-Cort%C3%A8s_27feb20_30Tradicion%C3%A0rius_CAT_Bcn.jpg?resize=350%2C200&ssl=1","width":350,"height":200,"srcset":"https:\/\/i0.wp.com\/tomajazz.com\/web\/wp-content\/uploads\/2020\/04\/12_Jn-Gml-L-Vlls-Joan-Cort%C3%A8s_27feb20_30Tradicion%C3%A0rius_CAT_Bcn.jpg?resize=350%2C200&ssl=1 1x, https:\/\/i0.wp.com\/tomajazz.com\/web\/wp-content\/uploads\/2020\/04\/12_Jn-Gml-L-Vlls-Joan-Cort%C3%A8s_27feb20_30Tradicion%C3%A0rius_CAT_Bcn.jpg?resize=525%2C300&ssl=1 1.5x"},"classes":[]},{"id":59763,"url":"https:\/\/tomajazz.com\/web\/instantzz-suite-de-lucia-concert-homenatge-a-paco-de-lucia-festival-ciutat-flamenco-2021-centre-artesa-tradicionarius-c-a-t-barcelona-2021-10-22-vi-vi-flamencura-aka-galeria-fotografica\/","url_meta":{"origin":43208,"position":2},"title":"INSTANTZZ: Suite de Luc\u00eda -concert homenatge a Paco de Luc\u00eda- (Festival Ciutat Flamenco 2021\/ Centre Artes\u00e0 Tradicion\u00e0rius -C.A.T.-, Barcelona. 2021-10-22)  (VI\/VI) [Flamencura AKA Galer\u00eda fotogr\u00e1fica AKA Fotoblog de jazz, impro\u2026 y algo m\u00e1s] Por Joan Cort\u00e8s","author":"Tomajazz","date":"28 diciembre, 2021","format":false,"excerpt":"Joan Cort\u00e8s finaliza con la Flamencura dedicada a la Suite de Luc\u00eda, el homenaje a Paco de Luc\u00eda, el repaso al Festival Ciutat Flamenco 2021 de Barcelona, en INSTANTZZ.","rel":"","context":"En \u00abFlamencuras\u00bb","block_context":{"text":"Flamencuras","link":"https:\/\/tomajazz.com\/web\/category\/contenidos\/imagenes\/photoblogs\/flamencuras\/"},"img":{"alt_text":"INSTANTZZ: Suite de Luc\u00eda -concert homenatge a Paco de Luc\u00eda- (Festival Ciutat Flamenco 2021\/ Centre Artes\u00e0 Tradicion\u00e0rius -C.A.T.-, Barcelona. 2021-10-22) (VI\/VI) [Flamencura AKA Galer\u00eda fotogr\u00e1fica AKA Fotoblog de jazz, impro\u2026 y algo m\u00e1s] Por Joan Cort\u00e8s","src":"https:\/\/i0.wp.com\/tomajazz.com\/web\/wp-content\/uploads\/2021\/12\/11_St-d-Lc-Joan-Cortes_22oct21_Ctt-Flmnc_L-dtr_Bcn.jpg?resize=350%2C200&ssl=1","width":350,"height":200,"srcset":"https:\/\/i0.wp.com\/tomajazz.com\/web\/wp-content\/uploads\/2021\/12\/11_St-d-Lc-Joan-Cortes_22oct21_Ctt-Flmnc_L-dtr_Bcn.jpg?resize=350%2C200&ssl=1 1x, https:\/\/i0.wp.com\/tomajazz.com\/web\/wp-content\/uploads\/2021\/12\/11_St-d-Lc-Joan-Cortes_22oct21_Ctt-Flmnc_L-dtr_Bcn.jpg?resize=525%2C300&ssl=1 1.5x"},"classes":[]},{"id":59659,"url":"https:\/\/tomajazz.com\/web\/instantzz-rosario-la-tremendita-tremenda-festival-ciutat-flamenco-2021-centre-artesa-tradicionarius-c-a-t-barcelona-2021-10-20-iv-vi-flamencura-aka-galeria-fotografica-a\/","url_meta":{"origin":43208,"position":3},"title":"INSTANTZZ: Rosario La Tremendita \u201cTremenda\u201d (Festival Ciutat Flamenco 2021\/ Centre Artes\u00e0 Tradicion\u00e0rius -C.A.T.-, Barcelona. 2021-10-20)  (IV\/VI) [Flamencura AKA Galer\u00eda fotogr\u00e1fica AKA Fotoblog de jazz, impro\u2026 y algo m\u00e1s] Por Joan Cort\u00e8s","author":"Tomajazz","date":"23 diciembre, 2021","format":false,"excerpt":"Rosario La Tremendita es la protagonista de la cuarta entrega en las Flamencuras de INSTANTZZ dedicada al Festival Ciutat Flamenco 2021. El concierto se celebr\u00f3 en Centre Artes\u00e0 Tradicion\u00e0rius -C.A.T.-, Barcelona. Joan Cort\u00e8s es el autor de la galer\u00eda fotogr\u00e1fica.","rel":"","context":"En \u00abFlamencuras\u00bb","block_context":{"text":"Flamencuras","link":"https:\/\/tomajazz.com\/web\/category\/contenidos\/imagenes\/photoblogs\/flamencuras\/"},"img":{"alt_text":"INSTANTZZ: Rosario La Tremendita \u201cTremenda\u201d (Festival Ciutat Flamenco 2021\/ Centre Artes\u00e0 Tradicion\u00e0rius -C.A.T.-, Barcelona. 2021-10-20) (IV\/VI) [Flamencura AKA Galer\u00eda fotogr\u00e1fica AKA Fotoblog de jazz, impro\u2026 y algo m\u00e1s] Por Joan Cort\u00e8s","src":"https:\/\/i0.wp.com\/tomajazz.com\/web\/wp-content\/uploads\/2021\/12\/05_Rsr-L-Trmndt-Joan-Cortes_20oct21_Ctt-Flmnc_CAT_Bcn.jpg?resize=350%2C200&ssl=1","width":350,"height":200,"srcset":"https:\/\/i0.wp.com\/tomajazz.com\/web\/wp-content\/uploads\/2021\/12\/05_Rsr-L-Trmndt-Joan-Cortes_20oct21_Ctt-Flmnc_CAT_Bcn.jpg?resize=350%2C200&ssl=1 1x, https:\/\/i0.wp.com\/tomajazz.com\/web\/wp-content\/uploads\/2021\/12\/05_Rsr-L-Trmndt-Joan-Cortes_20oct21_Ctt-Flmnc_CAT_Bcn.jpg?resize=525%2C300&ssl=1 1.5x"},"classes":[]},{"id":59570,"url":"https:\/\/tomajazz.com\/web\/instantzz-lorena-oliva-nuclear-festival-ciutat-flamenco-2021-centre-artesa-tradicionarius-c-a-t-barcelona-2021-10-18-ii-vi-flamencura-aka-galeria-fotografica-aka-fotoblog\/","url_meta":{"origin":43208,"position":4},"title":"INSTANTZZ: Lorena Oliva \u201cNuclear\u201d (Festival Ciutat Flamenco 2021\/ Centre Artes\u00e0 Tradicion\u00e0rius -C.A.T.-, Barcelona. 2021-10-18) (II\/VI) [Flamencura AKA Galer\u00eda fotogr\u00e1fica AKA Fotoblog de jazz, impro\u2026 y algo m\u00e1s] Por Joan Cort\u00e8s","author":"Tomajazz","date":"18 diciembre, 2021","format":false,"excerpt":"Lorena Oliva \"Nuclear\" es la segunda Flamencura de Joan Cort\u00e8s en INSTANTZZ, que est\u00e1 dedicada a Festival Ciutat Flamenco 2021 de Barcelona.","rel":"","context":"En \u00abINSTANTZZ\u00bb","block_context":{"text":"INSTANTZZ","link":"https:\/\/tomajazz.com\/web\/category\/contenidos\/imagenes\/photoblogs\/instantzz\/"},"img":{"alt_text":"INSTANTZZ: Lorena Oliva \u201cNuclear\u201d (Festival Ciutat Flamenco 2021\/ Centre Artes\u00e0 Tradicion\u00e0rius -C.A.T.-, Barcelona. 2021-10-18) (II\/VI) [Flamencura AKA Galer\u00eda fotogr\u00e1fica AKA Fotoblog de jazz, impro\u2026 y algo m\u00e1s] Por Joan Cort\u00e8s","src":"https:\/\/i0.wp.com\/tomajazz.com\/web\/wp-content\/uploads\/2021\/12\/04_Lrn-lv-Joan-Cortes_180ct21_Ctt-Flmnc_CAT_Bcn.jpg?resize=350%2C200&ssl=1","width":350,"height":200,"srcset":"https:\/\/i0.wp.com\/tomajazz.com\/web\/wp-content\/uploads\/2021\/12\/04_Lrn-lv-Joan-Cortes_180ct21_Ctt-Flmnc_CAT_Bcn.jpg?resize=350%2C200&ssl=1 1x, https:\/\/i0.wp.com\/tomajazz.com\/web\/wp-content\/uploads\/2021\/12\/04_Lrn-lv-Joan-Cortes_180ct21_Ctt-Flmnc_CAT_Bcn.jpg?resize=525%2C300&ssl=1 1.5x"},"classes":[]},{"id":16574,"url":"https:\/\/tomajazz.com\/web\/instantzz-raul-rodriguez-razon-de-son-jamboree-barcelona-2015-01-10\/","url_meta":{"origin":43208,"position":5},"title":"INSTANTZZ: Ra\u00fal Rodr\u00edguez \/ Raz\u00f3n de Son (Jamboree, Barcelona. 2015-01-10)","author":"Tomajazz","date":"27 enero, 2015","format":false,"excerpt":"Fecha: S\u00e1bado, 10 de enero de 2015 Lugar: Jamboree (Barcelona) Componentes: Ra\u00fal Rodr\u00edguez \/ Raz\u00f3n de Son Ra\u00fal Rodr\u00edguez, tres y voz Mario Mas, guitarra Guillem Aguilar, bajo Aleix Tob\u00edas, bater\u00eda y percusi\u00f3n Invitados: David Pastor, trompeta Acari Bertran, percusi\u00f3n Angelo Manhenzane, percusi\u00f3n \u00a0 \u00a9 Joan Cort\u00e8s, 2015","rel":"","context":"En \u00ab*_Joan Cort\u00e8s\u00bb","block_context":{"text":"*_Joan Cort\u00e8s","link":"https:\/\/tomajazz.com\/web\/category\/joan-cortes\/"},"img":{"alt_text":"","src":"https:\/\/i0.wp.com\/tomajazz.com\/web\/wp-content\/uploads\/2015\/01\/08_RRRdS-u00A9Joan-Cortu00E8s_10gen15_Jmbr_Bcn.jpg?resize=350%2C200&ssl=1","width":350,"height":200,"srcset":"https:\/\/i0.wp.com\/tomajazz.com\/web\/wp-content\/uploads\/2015\/01\/08_RRRdS-u00A9Joan-Cortu00E8s_10gen15_Jmbr_Bcn.jpg?resize=350%2C200&ssl=1 1x, https:\/\/i0.wp.com\/tomajazz.com\/web\/wp-content\/uploads\/2015\/01\/08_RRRdS-u00A9Joan-Cortu00E8s_10gen15_Jmbr_Bcn.jpg?resize=525%2C300&ssl=1 1.5x"},"classes":[]}],"_links":{"self":[{"href":"https:\/\/tomajazz.com\/web\/wp-json\/wp\/v2\/posts\/43208","targetHints":{"allow":["GET"]}}],"collection":[{"href":"https:\/\/tomajazz.com\/web\/wp-json\/wp\/v2\/posts"}],"about":[{"href":"https:\/\/tomajazz.com\/web\/wp-json\/wp\/v2\/types\/post"}],"author":[{"embeddable":true,"href":"https:\/\/tomajazz.com\/web\/wp-json\/wp\/v2\/users\/1"}],"replies":[{"embeddable":true,"href":"https:\/\/tomajazz.com\/web\/wp-json\/wp\/v2\/comments?post=43208"}],"version-history":[{"count":1,"href":"https:\/\/tomajazz.com\/web\/wp-json\/wp\/v2\/posts\/43208\/revisions"}],"predecessor-version":[{"id":43223,"href":"https:\/\/tomajazz.com\/web\/wp-json\/wp\/v2\/posts\/43208\/revisions\/43223"}],"wp:featuredmedia":[{"embeddable":true,"href":"https:\/\/tomajazz.com\/web\/wp-json\/wp\/v2\/media\/43215"}],"wp:attachment":[{"href":"https:\/\/tomajazz.com\/web\/wp-json\/wp\/v2\/media?parent=43208"}],"wp:term":[{"taxonomy":"category","embeddable":true,"href":"https:\/\/tomajazz.com\/web\/wp-json\/wp\/v2\/categories?post=43208"},{"taxonomy":"post_tag","embeddable":true,"href":"https:\/\/tomajazz.com\/web\/wp-json\/wp\/v2\/tags?post=43208"}],"curies":[{"name":"wp","href":"https:\/\/api.w.org\/{rel}","templated":true}]}}