{"id":44013,"date":"2019-06-26T18:00:30","date_gmt":"2019-06-26T16:00:30","guid":{"rendered":"https:\/\/www.tomajazz.com\/web\/?p=44013"},"modified":"2022-08-27T10:51:48","modified_gmt":"2022-08-27T08:51:48","slug":"hdo-517-concurso-de-grupos-de-festival-internacional-de-jazz-de-getxo-2019-podcast","status":"publish","type":"post","link":"https:\/\/tomajazz.com\/web\/hdo-517-concurso-de-grupos-de-festival-internacional-de-jazz-de-getxo-2019-podcast\/","title":{"rendered":"HDO 517. Concurso de grupos de Festival Internacional de Jazz de Getxo 2019 [Podcast]"},"content":{"rendered":"<p>Por <strong>Pachi Tapiz<\/strong>.<\/p>\n<p style=\"text-align: center;\"><img loading=\"lazy\" decoding=\"async\" class=\"aligncenter size-large wp-image-42658\" src=\"https:\/\/tomajazz.com\/web\/wp-content\/uploads\/2019\/03\/getxo_jazz_vertical_560-425x600.jpg\" alt=\"\" width=\"425\" height=\"600\" title=\"\" srcset=\"https:\/\/tomajazz.com\/web\/wp-content\/uploads\/2019\/03\/getxo_jazz_vertical_560-425x600.jpg 425w, https:\/\/tomajazz.com\/web\/wp-content\/uploads\/2019\/03\/getxo_jazz_vertical_560-200x283.jpg 200w, https:\/\/tomajazz.com\/web\/wp-content\/uploads\/2019\/03\/getxo_jazz_vertical_560-39x55.jpg 39w, https:\/\/tomajazz.com\/web\/wp-content\/uploads\/2019\/03\/getxo_jazz_vertical_560.jpg 460w\" sizes=\"auto, (max-width: 425px) 100vw, 425px\" \/><\/p>\n<p>En HDO escuchamos a los cuatro grupos finalistas del Concurso de Grupos del 43\u00ba Festival Internacional de Jazz de Getxo 2019.<\/p>\n<p>A lo largo del <strong>43\u00ba Festival Internacional de Jazz de Getxo 2019<\/strong> tendr\u00e1 lugar el <strong>Concurso Internacional de Grupos de Jazz<\/strong>. A lo largo de las cuatro primeras jornadas actuar\u00e1n los cuatro grupos finalistas del concurso, mientras que en la jornada de clausura actuar\u00e1 el grupo ganador de esta competici\u00f3n musical. En <strong>HDO<\/strong> <strong>517<\/strong> escuchamos sendos temas de cada uno de los cuatro grupos finalistas: <strong>Claudio Jr. de la Rosa Quintet<\/strong> (actuar\u00e1 el 3 de julio abriendo el concierto doble que cerrar\u00e1 el Andrea Motis Quintet); <strong>Szymon Klekowicki Sextet<\/strong> (que actuar\u00e1 el 4 de julio previamente al\u00a0Julian Lage Trio); <strong>Jos\u00e9 Angel Lorente 5tet<\/strong> (abriendo el 5 de julio la jornada en la que la estrella ser\u00e1 el Kenny Barron Trio); finalmente <strong>Marc Mart\u00edn Tr\u00edo<\/strong><b> <\/b>(en una jornada del 6 de julio que completar\u00e1 Madeleine Peyroux). El ganador del concurso de grupos volver\u00e1 a actuar el 7 de julio en la jornada de clausura precediendo la actuaci\u00f3n del Paquito D&#8217;Rivera Septet.<\/p>\n<p style=\"text-align: right;\">Tomajazz: \u00a9\u00a0<strong>Pachi Tapiz<\/strong>, 2018<\/p>\n<p>HDO 517 te gustar\u00e1\u2026 si te gusta el jazz\u2026 si te apetece escuchar el jazz que est\u00e1n desarrollando cuatro de los grupos j\u00f3venes m\u00e1s destacados del Concurso Internacional de Grupos de Jazz m\u00e1s importante de Espa\u00f1a&#8230;<\/p>\n<p>HDO es un podcast de jazz e improvisaci\u00f3n (libre en mayor o menor grado) que est\u00e1 editado, presentado y producido por Pachi Tapiz.<\/p>\n<p><iframe id=\"audio_37582769\" style=\"border: 1px solid #EEE; box-sizing: border-box; width: 100%;\" src=\"https:\/\/www.ivoox.com\/player_ej_37582769_4_1.html?c1=ff6600\" height=\"200\" frameborder=\"0\" scrolling=\"no\" allowfullscreen=\"allowfullscreen\"><\/iframe><\/p>\n<p>Para quejas, sugerencias, protestas, peticiones, presentaciones y\/u opiniones env\u00edanos un correo a hdo@tomajazz.com.<\/p>\n","protected":false},"excerpt":{"rendered":"<p>Por Pachi Tapiz. En HDO escuchamos a los cuatro grupos finalistas del Concurso de Grupos del 43\u00ba Festival Internacional de Jazz de Getxo 2019. A lo largo del 43\u00ba Festival Internacional de Jazz de Getxo 2019 tendr\u00e1 lugar el Concurso Internacional de Grupos de Jazz. A lo largo de las<span class=\"more-link\"><a href=\"https:\/\/tomajazz.com\/web\/hdo-517-concurso-de-grupos-de-festival-internacional-de-jazz-de-getxo-2019-podcast\/\">Contin\u00faa leyendo<\/a><\/span><\/p>\n","protected":false},"author":1,"featured_media":44015,"comment_status":"open","ping_status":"closed","sticky":false,"template":"","format":"standard","meta":{"jetpack_post_was_ever_published":false,"_jetpack_newsletter_access":"","_jetpack_dont_email_post_to_subs":false,"_jetpack_newsletter_tier_id":0,"_jetpack_memberships_contains_paywalled_content":false,"_jetpack_memberships_contains_paid_content":false,"footnotes":""},"categories":[17847,13298,21698,12814,15518,1038],"tags":[22803,23128,20332,12637,13299,22422,23130,31,23129],"class_list":["entry","author-pachi","post-44013","post","type-post","status-publish","format-standard","has-post-thumbnail","category-pachi-tapiz","category-hablando-de-oidas-hdo","category-t05-2018-19","category-podcast","category-sonidos","category-contenidos","tag-43-festival-internacional-de-jazz-de-getxo","tag-claudio-jr-de-la-rosa-quintet","tag-concurso-de-grupos-festival-internacional-de-jazz-de-getxo","tag-festival-internacional-de-jazz-de-getxo","tag-hdo","tag-jose-angel-lorente-5tet","tag-marc-martin-trio","tag-pachi-tapiz","tag-szymon-klekowicki-sextet"],"jetpack_featured_media_url":"https:\/\/tomajazz.com\/web\/wp-content\/uploads\/2019\/06\/Collage_programa-0517_Concurso-Grupos-Festival-Jazz-Getxo-2019-1.jpg","jetpack_likes_enabled":true,"jetpack_sharing_enabled":true,"jetpack-related-posts":[{"id":75300,"url":"https:\/\/tomajazz.com\/web\/concurso-grupos-46-getxo-jazz-2023\/","url_meta":{"origin":44013,"position":0},"title":"Especial Concurso Grupos 46 Getxo Jazz 2023. Por Pachi Tapiz. HDO #568 [Podcast de jazz]","author":"Tomajazz","date":"25 junio, 2023","format":false,"excerpt":"HDO 568 est\u00e1 dedicado a los cuatro grupos finalistas del Concurso Grupos 46 Getxo Jazz 2023. HDO es un podcast de Pachi Tapiz.","rel":"","context":"En \u00abHDO\u00bb","block_context":{"text":"HDO","link":"https:\/\/tomajazz.com\/web\/category\/contenidos\/sonidos\/podcast\/hablando-de-oidas-hdo\/"},"img":{"alt_text":"Especial Concurso Internacional de Grupos del 46 Getxo Jazz 2023. Por Pachi Tapiz. HDO #568 [Podcast de jazz] - Tomajazz 9.0 - HDO 568 est\u00e1 dedicado a los cuatro grupos finalistas del Concurso Internacional de Grupos del 46 Getxo Jazz 2023.","src":"https:\/\/i0.wp.com\/tomajazz.com\/web\/wp-content\/uploads\/2023\/06\/Especial-Concurso-Internacional-de-Grupos-del-46-Getxo-Jazz-2023-HDO-568.jpg?resize=350%2C200&ssl=1","width":350,"height":200,"srcset":"https:\/\/i0.wp.com\/tomajazz.com\/web\/wp-content\/uploads\/2023\/06\/Especial-Concurso-Internacional-de-Grupos-del-46-Getxo-Jazz-2023-HDO-568.jpg?resize=350%2C200&ssl=1 1x, https:\/\/i0.wp.com\/tomajazz.com\/web\/wp-content\/uploads\/2023\/06\/Especial-Concurso-Internacional-de-Grupos-del-46-Getxo-Jazz-2023-HDO-568.jpg?resize=525%2C300&ssl=1 1.5x, https:\/\/i0.wp.com\/tomajazz.com\/web\/wp-content\/uploads\/2023\/06\/Especial-Concurso-Internacional-de-Grupos-del-46-Getxo-Jazz-2023-HDO-568.jpg?resize=700%2C400&ssl=1 2x"},"classes":[]},{"id":64255,"url":"https:\/\/tomajazz.com\/web\/concurso-de-grupos-getxo-jazz-2022-festival-internacional-de-jazz-de-getxo-2022-por-pachi-tapiz-hdo-549-podcast\/","url_meta":{"origin":44013,"position":1},"title":"Concurso de grupos Getxo Jazz 2022. Festival Internacional de Jazz de Getxo 2022. Por Pachi Tapiz. HDO 549 [Podcast]","author":"Tomajazz","date":"27 junio, 2022","format":false,"excerpt":"En HDO 549 escuchamos a los cuatro grupos finalistas del Concurso de grupos Getxo Jazz 2022 del Festival Internacional de Jazz de Getxo 2022. HDO es un podcast de Pachi Tapiz.","rel":"","context":"En \u00abHDO\u00bb","block_context":{"text":"HDO","link":"https:\/\/tomajazz.com\/web\/category\/contenidos\/sonidos\/podcast\/hablando-de-oidas-hdo\/"},"img":{"alt_text":"Concurso de grupos Getxo Jazz 2022. Festival Internacional de Jazz de Getxo 2022. Por Pachi Tapiz. HDO 549 [Podcast]","src":"https:\/\/i0.wp.com\/tomajazz.com\/web\/wp-content\/uploads\/2022\/06\/Collage_programa0549_Concurso-Grupos-Getxo-2022.jpg?resize=350%2C200&ssl=1","width":350,"height":200,"srcset":"https:\/\/i0.wp.com\/tomajazz.com\/web\/wp-content\/uploads\/2022\/06\/Collage_programa0549_Concurso-Grupos-Getxo-2022.jpg?resize=350%2C200&ssl=1 1x, https:\/\/i0.wp.com\/tomajazz.com\/web\/wp-content\/uploads\/2022\/06\/Collage_programa0549_Concurso-Grupos-Getxo-2022.jpg?resize=525%2C300&ssl=1 1.5x, https:\/\/i0.wp.com\/tomajazz.com\/web\/wp-content\/uploads\/2022\/06\/Collage_programa0549_Concurso-Grupos-Getxo-2022.jpg?resize=700%2C400&ssl=1 2x"},"classes":[]},{"id":37496,"url":"https:\/\/tomajazz.com\/web\/hdo-428-concurso-de-grupos-de-festival-internacional-de-jazz-de-getxo-2018-podcast\/","url_meta":{"origin":44013,"position":2},"title":"HDO 428. Concurso de grupos de Festival Internacional de Jazz de Getxo 2018 [Podcast]","author":"Tomajazz","date":"28 junio, 2018","format":false,"excerpt":"A lo largo del 42\u00ba Festival Internacional de Jazz de Getxo 2018 tendr\u00e1 lugar el Concurso Internacional de Grupos de Jazz. A lo largo de las cuatro primeras jornadas actuar\u00e1n los cuatro grupos finalistas del concurso, mientras que en la jornada de clausura actuar\u00e1 el grupo ganador de esta competici\u00f3n\u2026","rel":"","context":"En \u00ab*_Pachi Tapiz\u00bb","block_context":{"text":"*_Pachi Tapiz","link":"https:\/\/tomajazz.com\/web\/category\/pachi-tapiz\/"},"img":{"alt_text":"","src":"https:\/\/i0.wp.com\/tomajazz.com\/web\/wp-content\/uploads\/2018\/05\/getxo_jazz_2018.jpg?resize=350%2C200&ssl=1","width":350,"height":200,"srcset":"https:\/\/i0.wp.com\/tomajazz.com\/web\/wp-content\/uploads\/2018\/05\/getxo_jazz_2018.jpg?resize=350%2C200&ssl=1 1x, https:\/\/i0.wp.com\/tomajazz.com\/web\/wp-content\/uploads\/2018\/05\/getxo_jazz_2018.jpg?resize=525%2C300&ssl=1 1.5x"},"classes":[]},{"id":31129,"url":"https:\/\/tomajazz.com\/web\/hdo-278-concurso-internacional-de-grupos-de-jazz-de-getxo-podcast\/","url_meta":{"origin":44013,"position":3},"title":"HDO 278. Concurso Internacional de Grupos de Jazz de Getxo [Podcast]","author":"Tomajazz","date":"25 junio, 2017","format":false,"excerpt":"En HDO \u00a0278\u00a0los protagonistas son los cuatro grupos finalistas del Concurso Internacional de Grupos del\u00a0Festival Internacional de Jazz de Getxo 2017. En el programa escuchamos al Adam Jarzmik Quintet, Sun-Mi Hong Quintet, Malstrom y Claudio Jr. De Rosa Quartet. Estas cuatro formaciones actuar\u00e1n\u00a0entre el martes 28 de junio y el\u2026","rel":"","context":"En \u00ab*_Pachi Tapiz\u00bb","block_context":{"text":"*_Pachi Tapiz","link":"https:\/\/tomajazz.com\/web\/category\/pachi-tapiz\/"},"img":{"alt_text":"","src":"https:\/\/i0.wp.com\/tomajazz.com\/web\/wp-content\/uploads\/2017\/05\/41_getxo_jazz_2017.jpg?resize=350%2C200&ssl=1","width":350,"height":200},"classes":[]},{"id":72345,"url":"https:\/\/tomajazz.com\/web\/symbiosis-5-getxo-2022-hdo\/","url_meta":{"origin":44013,"position":4},"title":"En concierto con&#8230; Symbiosis 5 en Getxo 2022. Por Pachi Tapiz. HDO #561 [Podcast de jazz]","author":"Tomajazz","date":"18 marzo, 2023","format":false,"excerpt":"El grupo Symbiosis 5 fue el ganador del Concurso Internacional de Grupos de la edici\u00f3n de 2022 del Festival Internacional de Jazz de Getxo. En HDO 561 escuchamos tres temas de la grabaci\u00f3n publicada como premio por su victoria. HDO es un podcast de Pachi Tapiz.","rel":"","context":"En \u00abHDO\u00bb","block_context":{"text":"HDO","link":"https:\/\/tomajazz.com\/web\/category\/contenidos\/sonidos\/podcast\/hablando-de-oidas-hdo\/"},"img":{"alt_text":"En concierto con&#8230; Symbiosis 5 en Getxo 2022. Por Pachi Tapiz. HDO #561 [Podcast de jazz] En concierto con Symbiosis en Getxo Por Pachi Tapiz HDO Podcast de jazz Tomajazz 9.0 - El grupo Symbiosis 5 fue el ganador del Concurso Internacional de Grupos de la edici\u00f3n de 2022 del Festival Internacional de Jazz de Getxo. En HDO escuchamos tres temas de la grabaci\u00f3n publicada como premio por su victoria. HDO es un podcast de Pachi Tapiz.","src":"https:\/\/i0.wp.com\/tomajazz.com\/web\/wp-content\/uploads\/2023\/03\/En-concierto-con-Symbiosis-5-en-Getxo-2022-Por-Pachi-Tapiz-HDO-560-Podcast-de-jazz-.jpg?resize=350%2C200&ssl=1","width":350,"height":200,"srcset":"https:\/\/i0.wp.com\/tomajazz.com\/web\/wp-content\/uploads\/2023\/03\/En-concierto-con-Symbiosis-5-en-Getxo-2022-Por-Pachi-Tapiz-HDO-560-Podcast-de-jazz-.jpg?resize=350%2C200&ssl=1 1x, https:\/\/i0.wp.com\/tomajazz.com\/web\/wp-content\/uploads\/2023\/03\/En-concierto-con-Symbiosis-5-en-Getxo-2022-Por-Pachi-Tapiz-HDO-560-Podcast-de-jazz-.jpg?resize=525%2C300&ssl=1 1.5x, https:\/\/i0.wp.com\/tomajazz.com\/web\/wp-content\/uploads\/2023\/03\/En-concierto-con-Symbiosis-5-en-Getxo-2022-Por-Pachi-Tapiz-HDO-560-Podcast-de-jazz-.jpg?resize=700%2C400&ssl=1 2x"},"classes":[]},{"id":28123,"url":"https:\/\/tomajazz.com\/web\/hdo-209-daahoud-salim-quintet-2016-maciek-wojcieszuk-quintet-2015-y-ylativ-algo-quintet-2014-triunfando-en-getxo-podcast\/","url_meta":{"origin":44013,"position":5},"title":"HDO 209. Daahoud Salim Quintet (2016), Maciek Wojcieszuk Quintet (2015), y Ylativ Algo Quintet (2014): triunfando en Getxo [Podcast]","author":"Tomajazz","date":"16 diciembre, 2016","format":false,"excerpt":"El Festival de Jazz de Getxo lleva, desde 1986, manteniendo un concurso de grupos. Inicialmente fue un certamen para grupos nacionales, pero a partir de 1994 se convirti\u00f3 en una certamen\u00a0internacional. Una convocatoria (que ya ha abierto su periodo de inscripci\u00f3n para el Concurso de Grupos correspondiente a la edici\u00f3n\u2026","rel":"","context":"En \u00ab*_Pachi Tapiz\u00bb","block_context":{"text":"*_Pachi Tapiz","link":"https:\/\/tomajazz.com\/web\/category\/pachi-tapiz\/"},"img":{"alt_text":"","src":"https:\/\/i0.wp.com\/tomajazz.com\/web\/wp-content\/uploads\/2016\/12\/Daahoud-Salim-Quintet.png?resize=350%2C200&ssl=1","width":350,"height":200,"srcset":"https:\/\/i0.wp.com\/tomajazz.com\/web\/wp-content\/uploads\/2016\/12\/Daahoud-Salim-Quintet.png?resize=350%2C200&ssl=1 1x, https:\/\/i0.wp.com\/tomajazz.com\/web\/wp-content\/uploads\/2016\/12\/Daahoud-Salim-Quintet.png?resize=525%2C300&ssl=1 1.5x, https:\/\/i0.wp.com\/tomajazz.com\/web\/wp-content\/uploads\/2016\/12\/Daahoud-Salim-Quintet.png?resize=700%2C400&ssl=1 2x, https:\/\/i0.wp.com\/tomajazz.com\/web\/wp-content\/uploads\/2016\/12\/Daahoud-Salim-Quintet.png?resize=1050%2C600&ssl=1 3x, https:\/\/i0.wp.com\/tomajazz.com\/web\/wp-content\/uploads\/2016\/12\/Daahoud-Salim-Quintet.png?resize=1400%2C800&ssl=1 4x"},"classes":[]}],"_links":{"self":[{"href":"https:\/\/tomajazz.com\/web\/wp-json\/wp\/v2\/posts\/44013","targetHints":{"allow":["GET"]}}],"collection":[{"href":"https:\/\/tomajazz.com\/web\/wp-json\/wp\/v2\/posts"}],"about":[{"href":"https:\/\/tomajazz.com\/web\/wp-json\/wp\/v2\/types\/post"}],"author":[{"embeddable":true,"href":"https:\/\/tomajazz.com\/web\/wp-json\/wp\/v2\/users\/1"}],"replies":[{"embeddable":true,"href":"https:\/\/tomajazz.com\/web\/wp-json\/wp\/v2\/comments?post=44013"}],"version-history":[{"count":4,"href":"https:\/\/tomajazz.com\/web\/wp-json\/wp\/v2\/posts\/44013\/revisions"}],"predecessor-version":[{"id":44055,"href":"https:\/\/tomajazz.com\/web\/wp-json\/wp\/v2\/posts\/44013\/revisions\/44055"}],"wp:featuredmedia":[{"embeddable":true,"href":"https:\/\/tomajazz.com\/web\/wp-json\/wp\/v2\/media\/44015"}],"wp:attachment":[{"href":"https:\/\/tomajazz.com\/web\/wp-json\/wp\/v2\/media?parent=44013"}],"wp:term":[{"taxonomy":"category","embeddable":true,"href":"https:\/\/tomajazz.com\/web\/wp-json\/wp\/v2\/categories?post=44013"},{"taxonomy":"post_tag","embeddable":true,"href":"https:\/\/tomajazz.com\/web\/wp-json\/wp\/v2\/tags?post=44013"}],"curies":[{"name":"wp","href":"https:\/\/api.w.org\/{rel}","templated":true}]}}