{"id":44231,"date":"2019-07-09T18:30:35","date_gmt":"2019-07-09T16:30:35","guid":{"rendered":"https:\/\/www.tomajazz.com\/web\/?p=44231"},"modified":"2022-08-26T20:51:47","modified_gmt":"2022-08-26T18:51:47","slug":"instantzz-fire-la-jazz-cava-21e-alhambra-festival-jazz-vic-vic-barcelona-2019-05-11-galeria-fotografica","status":"publish","type":"post","link":"https:\/\/tomajazz.com\/web\/instantzz-fire-la-jazz-cava-21e-alhambra-festival-jazz-vic-vic-barcelona-2019-05-11-galeria-fotografica\/","title":{"rendered":"INSTANTZZ: Fire! (La Jazz Cava, 21\u00e8 Alhambra Festival Jazz Vic, Vic \u2013Barcelona-. 2019-05-11) [Galer\u00eda fotogr\u00e1fica]"},"content":{"rendered":"<p>Por\u00a0<strong>Joan Cort\u00e8s<\/strong>.<\/p>\n<ul>\n<li>Fecha: S\u00e1bado, 11 de mayo de 2019<\/li>\n<li>Lugar: La Jazz Cava (Vic \u2013Barcelona-)<\/li>\n<li>Grupo: <strong>Fire!<br \/>\n<\/strong><strong>Mats Gustafsson<\/strong>, saxo bar\u00edtono, saxo tenor y electr\u00f3nica<br \/>\n<strong>Johan Berthling<\/strong>, bajo y electr\u00f3nica<br \/>\n<strong>Andreas Werliin<\/strong>, bater\u00eda<\/li>\n<\/ul>\n<p style=\"text-align: center;\"><img loading=\"lazy\" decoding=\"async\" class=\"aligncenter size-large wp-image-44232\" src=\"https:\/\/tomajazz.com\/web\/wp-content\/uploads\/2019\/07\/01_Fr-\u00a9Joan-Cort\u00e8s_11mai19_LJzzCv_21FJV_Vc-600x399.jpg\" alt=\"\" width=\"600\" height=\"399\" title=\"\" srcset=\"https:\/\/tomajazz.com\/web\/wp-content\/uploads\/2019\/07\/01_Fr-\u00a9Joan-Cort\u00e8s_11mai19_LJzzCv_21FJV_Vc.jpg 600w, https:\/\/tomajazz.com\/web\/wp-content\/uploads\/2019\/07\/01_Fr-\u00a9Joan-Cort\u00e8s_11mai19_LJzzCv_21FJV_Vc-200x133.jpg 200w, https:\/\/tomajazz.com\/web\/wp-content\/uploads\/2019\/07\/01_Fr-\u00a9Joan-Cort\u00e8s_11mai19_LJzzCv_21FJV_Vc-83x55.jpg 83w, https:\/\/tomajazz.com\/web\/wp-content\/uploads\/2019\/07\/01_Fr-\u00a9Joan-Cort\u00e8s_11mai19_LJzzCv_21FJV_Vc-60x40.jpg 60w, https:\/\/tomajazz.com\/web\/wp-content\/uploads\/2019\/07\/01_Fr-\u00a9Joan-Cort\u00e8s_11mai19_LJzzCv_21FJV_Vc-120x80.jpg 120w\" sizes=\"auto, (max-width: 600px) 100vw, 600px\" \/> <img loading=\"lazy\" decoding=\"async\" class=\"aligncenter size-large wp-image-44233\" src=\"https:\/\/tomajazz.com\/web\/wp-content\/uploads\/2019\/07\/02_Fr-\u00a9Joan-Cort\u00e8s_11mai19_LJzzCv_21FJV_Vc-399x600.jpg\" alt=\"\" width=\"399\" height=\"600\" title=\"\" srcset=\"https:\/\/tomajazz.com\/web\/wp-content\/uploads\/2019\/07\/02_Fr-\u00a9Joan-Cort\u00e8s_11mai19_LJzzCv_21FJV_Vc.jpg 399w, https:\/\/tomajazz.com\/web\/wp-content\/uploads\/2019\/07\/02_Fr-\u00a9Joan-Cort\u00e8s_11mai19_LJzzCv_21FJV_Vc-200x300.jpg 200w, https:\/\/tomajazz.com\/web\/wp-content\/uploads\/2019\/07\/02_Fr-\u00a9Joan-Cort\u00e8s_11mai19_LJzzCv_21FJV_Vc-37x55.jpg 37w\" sizes=\"auto, (max-width: 399px) 100vw, 399px\" \/> <img loading=\"lazy\" decoding=\"async\" class=\"aligncenter size-large wp-image-44234\" src=\"https:\/\/tomajazz.com\/web\/wp-content\/uploads\/2019\/07\/03_Fr-\u00a9Joan-Cort\u00e8s_11mai19_LJzzCv_21FJV_Vc-600x399.jpg\" alt=\"\" width=\"600\" height=\"399\" title=\"\" srcset=\"https:\/\/tomajazz.com\/web\/wp-content\/uploads\/2019\/07\/03_Fr-\u00a9Joan-Cort\u00e8s_11mai19_LJzzCv_21FJV_Vc.jpg 600w, https:\/\/tomajazz.com\/web\/wp-content\/uploads\/2019\/07\/03_Fr-\u00a9Joan-Cort\u00e8s_11mai19_LJzzCv_21FJV_Vc-200x133.jpg 200w, https:\/\/tomajazz.com\/web\/wp-content\/uploads\/2019\/07\/03_Fr-\u00a9Joan-Cort\u00e8s_11mai19_LJzzCv_21FJV_Vc-83x55.jpg 83w, https:\/\/tomajazz.com\/web\/wp-content\/uploads\/2019\/07\/03_Fr-\u00a9Joan-Cort\u00e8s_11mai19_LJzzCv_21FJV_Vc-60x40.jpg 60w, https:\/\/tomajazz.com\/web\/wp-content\/uploads\/2019\/07\/03_Fr-\u00a9Joan-Cort\u00e8s_11mai19_LJzzCv_21FJV_Vc-120x80.jpg 120w\" sizes=\"auto, (max-width: 600px) 100vw, 600px\" \/> <img loading=\"lazy\" decoding=\"async\" class=\"aligncenter size-large wp-image-44235\" src=\"https:\/\/tomajazz.com\/web\/wp-content\/uploads\/2019\/07\/04_Fr-\u00a9Joan-Cort\u00e8s_11mai19_LJzzCv_21FJV_Vc-399x600.jpg\" alt=\"\" width=\"399\" height=\"600\" title=\"\" srcset=\"https:\/\/tomajazz.com\/web\/wp-content\/uploads\/2019\/07\/04_Fr-\u00a9Joan-Cort\u00e8s_11mai19_LJzzCv_21FJV_Vc.jpg 399w, https:\/\/tomajazz.com\/web\/wp-content\/uploads\/2019\/07\/04_Fr-\u00a9Joan-Cort\u00e8s_11mai19_LJzzCv_21FJV_Vc-200x300.jpg 200w, https:\/\/tomajazz.com\/web\/wp-content\/uploads\/2019\/07\/04_Fr-\u00a9Joan-Cort\u00e8s_11mai19_LJzzCv_21FJV_Vc-37x55.jpg 37w\" sizes=\"auto, (max-width: 399px) 100vw, 399px\" \/> <img loading=\"lazy\" decoding=\"async\" class=\"aligncenter size-large wp-image-44236\" src=\"https:\/\/tomajazz.com\/web\/wp-content\/uploads\/2019\/07\/05_Fr-\u00a9Joan-Cort\u00e8s_11mai19_LJzzCv_21FJV_Vc-600x399.jpg\" alt=\"\" width=\"600\" height=\"399\" title=\"\" srcset=\"https:\/\/tomajazz.com\/web\/wp-content\/uploads\/2019\/07\/05_Fr-\u00a9Joan-Cort\u00e8s_11mai19_LJzzCv_21FJV_Vc.jpg 600w, https:\/\/tomajazz.com\/web\/wp-content\/uploads\/2019\/07\/05_Fr-\u00a9Joan-Cort\u00e8s_11mai19_LJzzCv_21FJV_Vc-200x133.jpg 200w, https:\/\/tomajazz.com\/web\/wp-content\/uploads\/2019\/07\/05_Fr-\u00a9Joan-Cort\u00e8s_11mai19_LJzzCv_21FJV_Vc-83x55.jpg 83w, https:\/\/tomajazz.com\/web\/wp-content\/uploads\/2019\/07\/05_Fr-\u00a9Joan-Cort\u00e8s_11mai19_LJzzCv_21FJV_Vc-60x40.jpg 60w, https:\/\/tomajazz.com\/web\/wp-content\/uploads\/2019\/07\/05_Fr-\u00a9Joan-Cort\u00e8s_11mai19_LJzzCv_21FJV_Vc-120x80.jpg 120w\" sizes=\"auto, (max-width: 600px) 100vw, 600px\" \/> <img loading=\"lazy\" decoding=\"async\" class=\"aligncenter size-large wp-image-44237\" src=\"https:\/\/tomajazz.com\/web\/wp-content\/uploads\/2019\/07\/06_Fr-\u00a9Joan-Cort\u00e8s_11mai19_LJzzCv_21FJV_Vc-600x399.jpg\" alt=\"\" width=\"600\" height=\"399\" title=\"\" srcset=\"https:\/\/tomajazz.com\/web\/wp-content\/uploads\/2019\/07\/06_Fr-\u00a9Joan-Cort\u00e8s_11mai19_LJzzCv_21FJV_Vc.jpg 600w, https:\/\/tomajazz.com\/web\/wp-content\/uploads\/2019\/07\/06_Fr-\u00a9Joan-Cort\u00e8s_11mai19_LJzzCv_21FJV_Vc-200x133.jpg 200w, https:\/\/tomajazz.com\/web\/wp-content\/uploads\/2019\/07\/06_Fr-\u00a9Joan-Cort\u00e8s_11mai19_LJzzCv_21FJV_Vc-83x55.jpg 83w, https:\/\/tomajazz.com\/web\/wp-content\/uploads\/2019\/07\/06_Fr-\u00a9Joan-Cort\u00e8s_11mai19_LJzzCv_21FJV_Vc-60x40.jpg 60w, https:\/\/tomajazz.com\/web\/wp-content\/uploads\/2019\/07\/06_Fr-\u00a9Joan-Cort\u00e8s_11mai19_LJzzCv_21FJV_Vc-120x80.jpg 120w\" sizes=\"auto, (max-width: 600px) 100vw, 600px\" \/> <img loading=\"lazy\" decoding=\"async\" class=\"aligncenter size-large wp-image-44238\" src=\"https:\/\/tomajazz.com\/web\/wp-content\/uploads\/2019\/07\/07_Fr-\u00a9Joan-Cort\u00e8s_11mai19_LJzzCv_21FJV_Vc-600x399.jpg\" alt=\"\" width=\"600\" height=\"399\" title=\"\" srcset=\"https:\/\/tomajazz.com\/web\/wp-content\/uploads\/2019\/07\/07_Fr-\u00a9Joan-Cort\u00e8s_11mai19_LJzzCv_21FJV_Vc.jpg 600w, https:\/\/tomajazz.com\/web\/wp-content\/uploads\/2019\/07\/07_Fr-\u00a9Joan-Cort\u00e8s_11mai19_LJzzCv_21FJV_Vc-200x133.jpg 200w, https:\/\/tomajazz.com\/web\/wp-content\/uploads\/2019\/07\/07_Fr-\u00a9Joan-Cort\u00e8s_11mai19_LJzzCv_21FJV_Vc-83x55.jpg 83w, https:\/\/tomajazz.com\/web\/wp-content\/uploads\/2019\/07\/07_Fr-\u00a9Joan-Cort\u00e8s_11mai19_LJzzCv_21FJV_Vc-60x40.jpg 60w, https:\/\/tomajazz.com\/web\/wp-content\/uploads\/2019\/07\/07_Fr-\u00a9Joan-Cort\u00e8s_11mai19_LJzzCv_21FJV_Vc-120x80.jpg 120w\" sizes=\"auto, (max-width: 600px) 100vw, 600px\" \/> <img loading=\"lazy\" decoding=\"async\" class=\"aligncenter size-large wp-image-44239\" src=\"https:\/\/tomajazz.com\/web\/wp-content\/uploads\/2019\/07\/08_Fr-\u00a9Joan-Cort\u00e8s_11mai19_LJzzCv_21FJV_Vc-600x399.jpg\" alt=\"\" width=\"600\" height=\"399\" title=\"\" srcset=\"https:\/\/tomajazz.com\/web\/wp-content\/uploads\/2019\/07\/08_Fr-\u00a9Joan-Cort\u00e8s_11mai19_LJzzCv_21FJV_Vc.jpg 600w, https:\/\/tomajazz.com\/web\/wp-content\/uploads\/2019\/07\/08_Fr-\u00a9Joan-Cort\u00e8s_11mai19_LJzzCv_21FJV_Vc-200x133.jpg 200w, https:\/\/tomajazz.com\/web\/wp-content\/uploads\/2019\/07\/08_Fr-\u00a9Joan-Cort\u00e8s_11mai19_LJzzCv_21FJV_Vc-83x55.jpg 83w, https:\/\/tomajazz.com\/web\/wp-content\/uploads\/2019\/07\/08_Fr-\u00a9Joan-Cort\u00e8s_11mai19_LJzzCv_21FJV_Vc-60x40.jpg 60w, https:\/\/tomajazz.com\/web\/wp-content\/uploads\/2019\/07\/08_Fr-\u00a9Joan-Cort\u00e8s_11mai19_LJzzCv_21FJV_Vc-120x80.jpg 120w\" sizes=\"auto, (max-width: 600px) 100vw, 600px\" \/> <img loading=\"lazy\" decoding=\"async\" class=\"aligncenter size-large wp-image-44240\" src=\"https:\/\/tomajazz.com\/web\/wp-content\/uploads\/2019\/07\/09_Fr-\u00a9Joan-Cort\u00e8s_11mai19_LJzzCv_21FJV_Vc-399x600.jpg\" alt=\"\" width=\"399\" height=\"600\" title=\"\" srcset=\"https:\/\/tomajazz.com\/web\/wp-content\/uploads\/2019\/07\/09_Fr-\u00a9Joan-Cort\u00e8s_11mai19_LJzzCv_21FJV_Vc.jpg 399w, https:\/\/tomajazz.com\/web\/wp-content\/uploads\/2019\/07\/09_Fr-\u00a9Joan-Cort\u00e8s_11mai19_LJzzCv_21FJV_Vc-200x300.jpg 200w, https:\/\/tomajazz.com\/web\/wp-content\/uploads\/2019\/07\/09_Fr-\u00a9Joan-Cort\u00e8s_11mai19_LJzzCv_21FJV_Vc-37x55.jpg 37w\" sizes=\"auto, (max-width: 399px) 100vw, 399px\" \/> <img loading=\"lazy\" decoding=\"async\" class=\"aligncenter size-large wp-image-44241\" src=\"https:\/\/tomajazz.com\/web\/wp-content\/uploads\/2019\/07\/10_Fr-\u00a9Joan-Cort\u00e8s_11mai19_LJzzCv_21FJV_Vc-600x399.jpg\" alt=\"\" width=\"600\" height=\"399\" title=\"\" srcset=\"https:\/\/tomajazz.com\/web\/wp-content\/uploads\/2019\/07\/10_Fr-\u00a9Joan-Cort\u00e8s_11mai19_LJzzCv_21FJV_Vc.jpg 600w, https:\/\/tomajazz.com\/web\/wp-content\/uploads\/2019\/07\/10_Fr-\u00a9Joan-Cort\u00e8s_11mai19_LJzzCv_21FJV_Vc-200x133.jpg 200w, https:\/\/tomajazz.com\/web\/wp-content\/uploads\/2019\/07\/10_Fr-\u00a9Joan-Cort\u00e8s_11mai19_LJzzCv_21FJV_Vc-83x55.jpg 83w, https:\/\/tomajazz.com\/web\/wp-content\/uploads\/2019\/07\/10_Fr-\u00a9Joan-Cort\u00e8s_11mai19_LJzzCv_21FJV_Vc-60x40.jpg 60w, https:\/\/tomajazz.com\/web\/wp-content\/uploads\/2019\/07\/10_Fr-\u00a9Joan-Cort\u00e8s_11mai19_LJzzCv_21FJV_Vc-120x80.jpg 120w\" sizes=\"auto, (max-width: 600px) 100vw, 600px\" \/> <img loading=\"lazy\" decoding=\"async\" class=\"aligncenter size-large wp-image-44242\" src=\"https:\/\/tomajazz.com\/web\/wp-content\/uploads\/2019\/07\/11_Fr-\u00a9Joan-Cort\u00e8s_11mai19_LJzzCv_21FJV_Vc-600x399.jpg\" alt=\"\" width=\"600\" height=\"399\" title=\"\" srcset=\"https:\/\/tomajazz.com\/web\/wp-content\/uploads\/2019\/07\/11_Fr-\u00a9Joan-Cort\u00e8s_11mai19_LJzzCv_21FJV_Vc.jpg 600w, https:\/\/tomajazz.com\/web\/wp-content\/uploads\/2019\/07\/11_Fr-\u00a9Joan-Cort\u00e8s_11mai19_LJzzCv_21FJV_Vc-200x133.jpg 200w, https:\/\/tomajazz.com\/web\/wp-content\/uploads\/2019\/07\/11_Fr-\u00a9Joan-Cort\u00e8s_11mai19_LJzzCv_21FJV_Vc-83x55.jpg 83w, https:\/\/tomajazz.com\/web\/wp-content\/uploads\/2019\/07\/11_Fr-\u00a9Joan-Cort\u00e8s_11mai19_LJzzCv_21FJV_Vc-60x40.jpg 60w, https:\/\/tomajazz.com\/web\/wp-content\/uploads\/2019\/07\/11_Fr-\u00a9Joan-Cort\u00e8s_11mai19_LJzzCv_21FJV_Vc-120x80.jpg 120w\" sizes=\"auto, (max-width: 600px) 100vw, 600px\" \/> <img loading=\"lazy\" decoding=\"async\" class=\"aligncenter size-large wp-image-44243\" src=\"https:\/\/tomajazz.com\/web\/wp-content\/uploads\/2019\/07\/12_Fr-\u00a9Joan-Cort\u00e8s_11mai19_LJzzCv_21FJV_Vc-399x600.jpg\" alt=\"\" width=\"399\" height=\"600\" title=\"\" srcset=\"https:\/\/tomajazz.com\/web\/wp-content\/uploads\/2019\/07\/12_Fr-\u00a9Joan-Cort\u00e8s_11mai19_LJzzCv_21FJV_Vc.jpg 399w, https:\/\/tomajazz.com\/web\/wp-content\/uploads\/2019\/07\/12_Fr-\u00a9Joan-Cort\u00e8s_11mai19_LJzzCv_21FJV_Vc-200x300.jpg 200w, https:\/\/tomajazz.com\/web\/wp-content\/uploads\/2019\/07\/12_Fr-\u00a9Joan-Cort\u00e8s_11mai19_LJzzCv_21FJV_Vc-37x55.jpg 37w\" sizes=\"auto, (max-width: 399px) 100vw, 399px\" \/><\/p>\n<p style=\"text-align: right;\">Tomajazz: \u00a9\u00a0<strong>Joan Cort\u00e8s<\/strong>, 2019<\/p>\n","protected":false},"excerpt":{"rendered":"<p>Por\u00a0Joan Cort\u00e8s. Fecha: S\u00e1bado, 11 de mayo de 2019 Lugar: La Jazz Cava (Vic \u2013Barcelona-) Grupo: Fire! Mats Gustafsson, saxo bar\u00edtono, saxo tenor y electr\u00f3nica Johan Berthling, bajo y electr\u00f3nica Andreas Werliin, bater\u00eda Tomajazz: \u00a9\u00a0Joan Cort\u00e8s, 2019<span class=\"more-link\"><a href=\"https:\/\/tomajazz.com\/web\/instantzz-fire-la-jazz-cava-21e-alhambra-festival-jazz-vic-vic-barcelona-2019-05-11-galeria-fotografica\/\">Contin\u00faa leyendo<\/a><\/span><\/p>\n","protected":false},"author":1,"featured_media":44236,"comment_status":"open","ping_status":"closed","sticky":false,"template":"","format":"standard","meta":{"jetpack_post_was_ever_published":false,"_jetpack_newsletter_access":"","_jetpack_dont_email_post_to_subs":false,"_jetpack_newsletter_tier_id":0,"_jetpack_memberships_contains_paywalled_content":false,"_jetpack_memberships_contains_paid_content":false,"footnotes":""},"categories":[17853,11262,15516,11261,1038],"tags":[338,21634,1041,14194,5136],"class_list":["entry","author-pachi","post-44231","post","type-post","status-publish","format-standard","has-post-thumbnail","category-joan-cortes","category-photoblogs","category-imagenes","category-instantzz","category-contenidos","tag-andreas-werliin","tag-fire","tag-joan-cortes","tag-johan-berthling","tag-mats-gustafsson"],"jetpack_featured_media_url":"https:\/\/tomajazz.com\/web\/wp-content\/uploads\/2019\/07\/05_Fr-\u00a9Joan-Cort\u00e8s_11mai19_LJzzCv_21FJV_Vc.jpg","jetpack_likes_enabled":true,"jetpack_sharing_enabled":true,"jetpack-related-posts":[{"id":37899,"url":"https:\/\/tomajazz.com\/web\/instantzz-fire-gustafssonberthlingwerliing-fundacio-joan-miro-pati-nord-sampler-series-lauditori-barcelona-2018-05-31-galeria-fotografica\/","url_meta":{"origin":44231,"position":0},"title":"INSTANTZZ: Fire!: Gustafsson+Berthling+Werliing (Fundaci\u00f3 Joan Mir\u00f3 \u2013Pati Nord-, Sampler S\u00e8ries L\u2019Auditori, Barcelona. 2018-05-31) [Galer\u00eda fotogr\u00e1fica]","author":"Tomajazz","date":"20 julio, 2018","format":false,"excerpt":"Por\u00a0Joan Cort\u00e8s Fecha: Jueves, 31 de mayo de 2018 Lugar: Fundaci\u00f3 Joan Mir\u00f3 -Pati Nord- (Barcelona) Grupo: Fire! Mats Gustafsson, saxo ternor, saxo bar\u00edtono y electr\u00f3nica Johan Berthling, bajo Andreas Werliin, bater\u00eda Tomajazz:\u00a0\u00a9\u00a0Joan Cort\u00e8s, 2018","rel":"","context":"En \u00ab*_Joan Cort\u00e8s\u00bb","block_context":{"text":"*_Joan Cort\u00e8s","link":"https:\/\/tomajazz.com\/web\/category\/joan-cortes\/"},"img":{"alt_text":"","src":"https:\/\/i0.wp.com\/tomajazz.com\/web\/wp-content\/uploads\/2018\/07\/08_Fr-%C2%A9Joan-Cort%C3%A8s_31mai18_FJM-PN_Smplr-Srs-l%E2%80%99dtr_Brcln.jpg?resize=350%2C200&ssl=1","width":350,"height":200},"classes":[]},{"id":96766,"url":"https:\/\/tomajazz.com\/web\/fire-el-molino-barcelona-2025\/","url_meta":{"origin":44231,"position":1},"title":"Fire! (El Molino, 13-abril-2025, Barcelona) Por Joan Cort\u00e8s [INSTANTZZ AKA Galer\u00eda fotogr\u00e1fica AKA Fotoblog de jazz, impro\u2026 y algo m\u00e1s]","author":"Tomajazz","date":"26 junio, 2025","format":false,"excerpt":"Fire! actuaron el El Molino de Barcelona, el 13 de abril de 2025. Joan Cort\u00e8s retrata al tr\u00edo en INSTANTZZ. Actuaron Mats Gustafsson, Johan Berthling, Andreas Werlin","rel":"","context":"En \u00ab*_Joan Cort\u00e8s\u00bb","block_context":{"text":"*_Joan Cort\u00e8s","link":"https:\/\/tomajazz.com\/web\/category\/joan-cortes\/"},"img":{"alt_text":"Fire! (El Molino, 13-abril-2025, Barcelona) Por Joan Cort\u00e8s [INSTANTZZ AKA Galer\u00eda fotogr\u00e1fica AKA Fotoblog de jazz, impro\u2026 y algo m\u00e1s] - Tomajazz - Fire! actuaron el El Molino de Barcelona, el 13 de abril de 2025. Joan Cort\u00e8s retrata al tr\u00edo en INSTANTZZ. Actuaron Mats Gustafsson, Johan Berthling, Andreas Werlin\n","src":"https:\/\/i0.wp.com\/tomajazz.com\/web\/wp-content\/uploads\/2025\/06\/Destacada-04-Fr-Photo-By-Joan-Cortes-13brl25-l-Mln-Bcn.jpg?resize=350%2C200&ssl=1","width":350,"height":200,"srcset":"https:\/\/i0.wp.com\/tomajazz.com\/web\/wp-content\/uploads\/2025\/06\/Destacada-04-Fr-Photo-By-Joan-Cortes-13brl25-l-Mln-Bcn.jpg?resize=350%2C200&ssl=1 1x, https:\/\/i0.wp.com\/tomajazz.com\/web\/wp-content\/uploads\/2025\/06\/Destacada-04-Fr-Photo-By-Joan-Cortes-13brl25-l-Mln-Bcn.jpg?resize=525%2C300&ssl=1 1.5x"},"classes":[]},{"id":104990,"url":"https:\/\/tomajazz.com\/web\/adam-ofarrill-elephant-jazz-cava-vic-2026\/","url_meta":{"origin":44231,"position":2},"title":"Adam O\u2019Farrill Elephant (Jazz Cava, 2026-03-12 \/ Vic -Barcelona-) Por Joan Cort\u00e8s [INSTANTZZ AKA Galer\u00eda fotogr\u00e1fica AKA Fotoblog de jazz, impro\u2026 y algo m\u00e1s]","author":"Tomajazz","date":"21 abril, 2026","format":false,"excerpt":"Adam O\u2019Farrill Elephant actu\u00f3 en la Jazz Cava de VIc, el 12 de marzo de 2026-03. Joan Cort\u00e8s lo retrata en INSTANTZZ. Adam O\u2019Farrill Elephant son Adam O\u2019Farrill, Yvonne Rogers, Walter Stinson, Russell Holzman","rel":"","context":"En \u00abINSTANTZZ\u00bb","block_context":{"text":"INSTANTZZ","link":"https:\/\/tomajazz.com\/web\/category\/contenidos\/imagenes\/photoblogs\/instantzz\/"},"img":{"alt_text":"Adam O\u2019Farrill Elephant (Jazz Cava, 2026-03-12 \/ Vic -Barcelona-) Por Joan Cort\u00e8s [INSTANTZZ AKA Galer\u00eda fotogr\u00e1fica AKA Fotoblog de jazz, impro\u2026 y algo m\u00e1s] - Tomajazz - Adam O\u2019Farrill Elephant actu\u00f3 en la Jazz Cava de VIc, el 12 de marzo de 2026-03. Joan Cort\u00e8s lo retrata en INSTANTZZ. Adam O\u2019Farrill Elephant son Adam O\u2019Farrill, Yvonne Rogers, Walter Stinson, Russell Holzman\n","src":"https:\/\/i0.wp.com\/tomajazz.com\/web\/wp-content\/uploads\/2026\/04\/destacada-10-dm-Frrl-lphnt-Photo-by-Joan-Cortes-12mrc26-LJzzCv-Vc.jpg?resize=350%2C200&ssl=1","width":350,"height":200},"classes":[]},{"id":102929,"url":"https:\/\/tomajazz.com\/web\/samuel-blaser-marc-ducret-peter-bruun-jazz-cava-2025\/","url_meta":{"origin":44231,"position":3},"title":"Samuel Blaser, Marc Ducret &#038; Peter Bruun (Jazz Cava, 2025-11-20 \/ Vic -Barcelona-) Por Joan Cort\u00e8s [INSTANTZZ AKA Galer\u00eda fotogr\u00e1fica AKA Fotoblog de jazz, impro\u2026 y algo m\u00e1s]","author":"Tomajazz","date":"23 diciembre, 2025","format":false,"excerpt":"Samuel Blaser, Marc Ducret & Peter Bruun actuaron en la Jazz Cava de Vic, el 20 e noviembre de 2025. Joan Cort\u00e8s lo retrata en INSTANTZZ","rel":"","context":"En \u00ab*_Joan Cort\u00e8s\u00bb","block_context":{"text":"*_Joan Cort\u00e8s","link":"https:\/\/tomajazz.com\/web\/category\/joan-cortes\/"},"img":{"alt_text":"Samuel Blaser, Marc Ducret & Peter Bruun (Jazz Cava, 2025-11-20 \/ Vic -Barcelona-) Por Joan Cort\u00e8s [INSTANTZZ AKA Galer\u00eda fotogr\u00e1fica AKA Fotoblog de jazz, impro\u2026 y algo m\u00e1s] - Tomajazz - Samuel Blaser, Marc Ducret & Peter Bruun actuaron en la Jazz Cava de Vic, el 20 e noviembre de 2025. Joan Cort\u00e8s lo retrata en INSTANTZZ","src":"https:\/\/i0.wp.com\/tomajazz.com\/web\/wp-content\/uploads\/2025\/12\/destacado-07-Blsr-Dcrt-Brn-Photo-By-Joan-Cortes-20nvm25-JzzCv-Vc.jpg?resize=350%2C200&ssl=1","width":350,"height":200,"srcset":"https:\/\/i0.wp.com\/tomajazz.com\/web\/wp-content\/uploads\/2025\/12\/destacado-07-Blsr-Dcrt-Brn-Photo-By-Joan-Cortes-20nvm25-JzzCv-Vc.jpg?resize=350%2C200&ssl=1 1x, https:\/\/i0.wp.com\/tomajazz.com\/web\/wp-content\/uploads\/2025\/12\/destacado-07-Blsr-Dcrt-Brn-Photo-By-Joan-Cortes-20nvm25-JzzCv-Vc.jpg?resize=525%2C300&ssl=1 1.5x"},"classes":[]},{"id":102232,"url":"https:\/\/tomajazz.com\/web\/andre-marques-trio-jamboree-2025\/","url_meta":{"origin":44231,"position":4},"title":"Andr\u00e9 Marques Trio (Jamboree -sala 1-, 2025-11-07 \/ Barcelona) Por Joan Cort\u00e8s [INSTANTZZ AKA Galer\u00eda fotogr\u00e1fica AKA Fotoblog de jazz, impro\u2026 y algo m\u00e1s]","author":"Tomajazz","date":"27 noviembre, 2025","format":false,"excerpt":"Andr\u00e9 Marques Trio actu\u00f3 en Jamboree, el 7 de noviembre de 2025. Joan Cort\u00e8s lo retrata en INSTANTZZ. Actuaron Andr\u00e9 Marques, Marcel Bottaro, Fulvio Alberto Moraes","rel":"","context":"En \u00ab*_Joan Cort\u00e8s\u00bb","block_context":{"text":"*_Joan Cort\u00e8s","link":"https:\/\/tomajazz.com\/web\/category\/joan-cortes\/"},"img":{"alt_text":"Andr\u00e9 Marques Trio (Jamboree -sala 1-, 2025-11-07 \/ Barcelona) Por Joan Cort\u00e8s [INSTANTZZ AKA Galer\u00eda fotogr\u00e1fica AKA Fotoblog de jazz, impro\u2026 y algo m\u00e1s] - Tomajazz - Andr\u00e9 Marques Trio actu\u00f3 en Jamboree, el 7 de noviembre de 2025. Joan Cort\u00e8s lo retrata en INSTANTZZ. Actuaron Andr\u00e9 Marques, Marcel Bottaro, Fulvio Alberto Moraes\n","src":"https:\/\/i0.wp.com\/tomajazz.com\/web\/wp-content\/uploads\/2025\/11\/destacada-05-ndr-Mrqs-tr-%C2%A9Joan-Cortes-07nvm25-Jmbr-Bcn.jpg?resize=350%2C200&ssl=1","width":350,"height":200,"srcset":"https:\/\/i0.wp.com\/tomajazz.com\/web\/wp-content\/uploads\/2025\/11\/destacada-05-ndr-Mrqs-tr-%C2%A9Joan-Cortes-07nvm25-Jmbr-Bcn.jpg?resize=350%2C200&ssl=1 1x, https:\/\/i0.wp.com\/tomajazz.com\/web\/wp-content\/uploads\/2025\/11\/destacada-05-ndr-Mrqs-tr-%C2%A9Joan-Cortes-07nvm25-Jmbr-Bcn.jpg?resize=525%2C300&ssl=1 1.5x"},"classes":[]},{"id":103528,"url":"https:\/\/tomajazz.com\/web\/barcelona-art-orchestra-57-festival-de-jazz-de-barcelona-2025\/","url_meta":{"origin":44231,"position":5},"title":"Barcelona Art Orchestra -BAO- &#038; Miguel Zen\u00f3n \u201cExpressions\u201d (57\u00e8 Festival de Jazz de Barcelona \/ L\u2019Auditori -S2OM-, 2025-11-29 \/ Barcelona) [09] Por Joan Cort\u00e8s [INSTANTZZ AKA Galer\u00eda fotogr\u00e1fica AKA Fotoblog de jazz, impro\u2026 y algo m\u00e1s]","author":"Tomajazz","date":"18 enero, 2026","format":false,"excerpt":"Barcelona Art Orchestra -BAO- & Miguel Zen\u00f3n \u201cExpressions\u201d actuaron en el 57\u00e8 Festival de Jazz de Barcelona 2026 en L\u2019Auditori, el 29 de noviembre de 2025. Joan Cort\u00e8s lo retrata en INSTANTZZ","rel":"","context":"En \u00ab57 Festival de Jazz de Barcelona 2025\u00bb","block_context":{"text":"57 Festival de Jazz de Barcelona 2025","link":"https:\/\/tomajazz.com\/web\/category\/contenidos\/especial-contenidos\/57-festival-de-jazz-de-barcelona-2025\/"},"img":{"alt_text":"Barcelona Art Orchestra -BAO- & Miguel Zen\u00f3n \u201cExpressions\u201d (57\u00e8 Festival de Jazz de Barcelona \/ L\u2019Auditori -S2OM-, 2025-11-29 \/ Barcelona) [09] Por Joan Cort\u00e8s [INSTANTZZ AKA Galer\u00eda fotogr\u00e1fica AKA Fotoblog de jazz, impro\u2026 y algo m\u00e1s] - Tomajazz - Barcelona Art Orchestra -BAO- & Miguel Zen\u00f3n \u201cExpressions\u201d actuaron en el 57\u00e8 Festival de Jazz de Barcelona 2026 en L\u2019Auditori, el 29 de noviembre de 2025. Joan Cort\u00e8s lo retrata en INSTANTZZ","src":"https:\/\/i0.wp.com\/tomajazz.com\/web\/wp-content\/uploads\/2026\/01\/11-Bc-rt-ch-Mgl-Znn-%C2%A9Joan-Cortes-29ctb25-L-dtr-S2-Bcn.jpg?resize=350%2C200&ssl=1","width":350,"height":200,"srcset":"https:\/\/i0.wp.com\/tomajazz.com\/web\/wp-content\/uploads\/2026\/01\/11-Bc-rt-ch-Mgl-Znn-%C2%A9Joan-Cortes-29ctb25-L-dtr-S2-Bcn.jpg?resize=350%2C200&ssl=1 1x, https:\/\/i0.wp.com\/tomajazz.com\/web\/wp-content\/uploads\/2026\/01\/11-Bc-rt-ch-Mgl-Znn-%C2%A9Joan-Cortes-29ctb25-L-dtr-S2-Bcn.jpg?resize=525%2C300&ssl=1 1.5x"},"classes":[]}],"_links":{"self":[{"href":"https:\/\/tomajazz.com\/web\/wp-json\/wp\/v2\/posts\/44231","targetHints":{"allow":["GET"]}}],"collection":[{"href":"https:\/\/tomajazz.com\/web\/wp-json\/wp\/v2\/posts"}],"about":[{"href":"https:\/\/tomajazz.com\/web\/wp-json\/wp\/v2\/types\/post"}],"author":[{"embeddable":true,"href":"https:\/\/tomajazz.com\/web\/wp-json\/wp\/v2\/users\/1"}],"replies":[{"embeddable":true,"href":"https:\/\/tomajazz.com\/web\/wp-json\/wp\/v2\/comments?post=44231"}],"version-history":[{"count":1,"href":"https:\/\/tomajazz.com\/web\/wp-json\/wp\/v2\/posts\/44231\/revisions"}],"predecessor-version":[{"id":44244,"href":"https:\/\/tomajazz.com\/web\/wp-json\/wp\/v2\/posts\/44231\/revisions\/44244"}],"wp:featuredmedia":[{"embeddable":true,"href":"https:\/\/tomajazz.com\/web\/wp-json\/wp\/v2\/media\/44236"}],"wp:attachment":[{"href":"https:\/\/tomajazz.com\/web\/wp-json\/wp\/v2\/media?parent=44231"}],"wp:term":[{"taxonomy":"category","embeddable":true,"href":"https:\/\/tomajazz.com\/web\/wp-json\/wp\/v2\/categories?post=44231"},{"taxonomy":"post_tag","embeddable":true,"href":"https:\/\/tomajazz.com\/web\/wp-json\/wp\/v2\/tags?post=44231"}],"curies":[{"name":"wp","href":"https:\/\/api.w.org\/{rel}","templated":true}]}}