{"id":44269,"date":"2019-07-09T20:21:55","date_gmt":"2019-07-09T18:21:55","guid":{"rendered":"https:\/\/www.tomajazz.com\/web\/?p=44269"},"modified":"2022-08-26T20:52:11","modified_gmt":"2022-08-26T18:52:11","slug":"claudio-jr-de-rosa-4et-ganador-del-concurso-de-grupos-del-43-festival-de-jazz-de-getxo-2019-noticias","status":"publish","type":"post","link":"https:\/\/tomajazz.com\/web\/claudio-jr-de-rosa-4et-ganador-del-concurso-de-grupos-del-43-festival-de-jazz-de-getxo-2019-noticias\/","title":{"rendered":"Claudio Jr. De Rosa 4et ganador del Concurso de Grupos del 43 Festival de Jazz de Getxo 2019 [Noticias]"},"content":{"rendered":"<p>Por <strong>Redacci\u00f3n<\/strong>.<\/p>\n<p style=\"text-align: center;\"><img loading=\"lazy\" decoding=\"async\" class=\"aligncenter size-large wp-image-42658\" src=\"https:\/\/tomajazz.com\/web\/wp-content\/uploads\/2019\/03\/getxo_jazz_vertical_560-425x600.jpg\" alt=\"\" width=\"425\" height=\"600\" title=\"\" srcset=\"https:\/\/tomajazz.com\/web\/wp-content\/uploads\/2019\/03\/getxo_jazz_vertical_560-425x600.jpg 425w, https:\/\/tomajazz.com\/web\/wp-content\/uploads\/2019\/03\/getxo_jazz_vertical_560-200x283.jpg 200w, https:\/\/tomajazz.com\/web\/wp-content\/uploads\/2019\/03\/getxo_jazz_vertical_560-39x55.jpg 39w, https:\/\/tomajazz.com\/web\/wp-content\/uploads\/2019\/03\/getxo_jazz_vertical_560.jpg 460w\" sizes=\"auto, (max-width: 425px) 100vw, 425px\" \/><\/p>\n<p>Tras la finalizaci\u00f3n del Concurso de Grupos del 43 Festival de Jazz de Getxo 2019, el jurado determin\u00f3 otorgar los siguientes premios:<br \/>\nGrupo ganador. <strong>Claudio Jr. de Rosa 4et<\/strong><br \/>\nSegundo grupo: <strong>Szymon Klekowicki Sextet<\/strong><br \/>\nSolista: <strong>Xabi Torres<\/strong> (pianista de Claudio Jr. de Rosa 4et)<br \/>\nEl jurado estuvo formado por Miriam Arbalejo, Matti Austin, Mario Benso, Itxaso Gonz\u00e1les y Filip Verneert.<\/p>\n","protected":false},"excerpt":{"rendered":"<p>Por Redacci\u00f3n. Tras la finalizaci\u00f3n del Concurso de Grupos del 43 Festival de Jazz de Getxo 2019, el jurado determin\u00f3 otorgar los siguientes premios: Grupo ganador. Claudio Jr. de Rosa 4et Segundo grupo: Szymon Klekowicki Sextet Solista: Xabi Torres (pianista de Claudio Jr. de Rosa 4et) El jurado estuvo formado<span class=\"more-link\"><a href=\"https:\/\/tomajazz.com\/web\/claudio-jr-de-rosa-4et-ganador-del-concurso-de-grupos-del-43-festival-de-jazz-de-getxo-2019-noticias\/\">Contin\u00faa leyendo<\/a><\/span><\/p>\n","protected":false},"author":1,"featured_media":42658,"comment_status":"open","ping_status":"closed","sticky":false,"template":"","format":"standard","meta":{"jetpack_post_was_ever_published":false,"_jetpack_newsletter_access":"","_jetpack_dont_email_post_to_subs":false,"_jetpack_newsletter_tier_id":0,"_jetpack_memberships_contains_paywalled_content":false,"_jetpack_memberships_contains_paid_content":false,"footnotes":""},"categories":[17858,15795,1038],"tags":[22803,11856,15296],"class_list":["entry","author-pachi","post-44269","post","type-post","status-publish","format-standard","has-post-thumbnail","category-redaccion","category-noticias-2","category-contenidos","tag-43-festival-internacional-de-jazz-de-getxo","tag-noticias","tag-noticias-de-jazz"],"jetpack_featured_media_url":"https:\/\/tomajazz.com\/web\/wp-content\/uploads\/2019\/03\/getxo_jazz_vertical_560.jpg","jetpack_likes_enabled":true,"jetpack_sharing_enabled":true,"jetpack-related-posts":[{"id":87769,"url":"https:\/\/tomajazz.com\/web\/nita-grupo-ganador-del-concurso-de-jazz-de-getxo-2024\/","url_meta":{"origin":44269,"position":0},"title":"NITA es el grupo Ganador del Concurso de Jazz de Getxo 2024 [Noticias de Jazz]","author":"Tomajazz","date":"7 julio, 2024","format":false,"excerpt":"La formaci\u00f3n internacional NITA es el grupo Ganador del Concurso de Jazz de Getxo 2024 #FestivalDeJazz #Festivalesdejazz #Noticiasdejazz","rel":"","context":"En \u00abFestivales de Jazz Verano 2024\u00bb","block_context":{"text":"Festivales de Jazz Verano 2024","link":"https:\/\/tomajazz.com\/web\/category\/contenidos\/noticias-2\/festivales-de-jazz-verano-2024\/"},"img":{"alt_text":"NITA es el grupo Ganador del Concurso de Jazz de Getxo 2024 [Noticias de Jazz] - Tomajazz - La formaci\u00f3n internacional NITA es el grupo Ganador del Concurso de Jazz de Getxo 2024 #FestivalDeJazz #Festivalesdejazz #Noticiasdejazz","src":"https:\/\/i0.wp.com\/tomajazz.com\/web\/wp-content\/uploads\/2024\/07\/47-Getxo-Jazz-Festival-2024-Tomajazz-Noticias.jpg?resize=350%2C200&ssl=1","width":350,"height":200},"classes":[]},{"id":91813,"url":"https:\/\/tomajazz.com\/web\/concurso-de-grupos-getxo-jazz-2025-inscripcion\/","url_meta":{"origin":44269,"position":1},"title":"Concurso de Grupos Getxo Jazz 2025: inscripci\u00f3n (15 de noviembre de 2024 al 14 de febrero de 2025) [Noticias de jazz]","author":"Tomajazz","date":"15 noviembre, 2024","format":false,"excerpt":"El Concurso de Grupos Getxo Jazz 2025 ha abierto su plazo de inscripci\u00f3n el 15 de noviembre de 2024. Permanecer\u00e1 abierto hasta el 14 de febrero de 2025 #Noticiasdejazz","rel":"","context":"En \u00ab*_Redacci\u00f3n\u00bb","block_context":{"text":"*_Redacci\u00f3n","link":"https:\/\/tomajazz.com\/web\/category\/redaccion\/"},"img":{"alt_text":"Concurso de Grupos Getxo Jazz 2025: inscripci\u00f3n (15 de noviembre de 2024 al 14 de febrero de 2025) [Noticias de jazz] - Tomajazz - El Concurso de Grupos Getxo Jazz 2025 ha abierto su plazo de inscripci\u00f3n el 15 de noviembre de 2024. Permanecer\u00e1 abierto hasta el 14 de febrero de 2025 #Noticiasdejazz","src":"https:\/\/i0.wp.com\/tomajazz.com\/web\/wp-content\/uploads\/2024\/11\/Concurso-de-Grupos-Getxo-Jazz-2025.jpg?resize=350%2C200&ssl=1","width":350,"height":200,"srcset":"https:\/\/i0.wp.com\/tomajazz.com\/web\/wp-content\/uploads\/2024\/11\/Concurso-de-Grupos-Getxo-Jazz-2025.jpg?resize=350%2C200&ssl=1 1x, https:\/\/i0.wp.com\/tomajazz.com\/web\/wp-content\/uploads\/2024\/11\/Concurso-de-Grupos-Getxo-Jazz-2025.jpg?resize=525%2C300&ssl=1 1.5x, https:\/\/i0.wp.com\/tomajazz.com\/web\/wp-content\/uploads\/2024\/11\/Concurso-de-Grupos-Getxo-Jazz-2025.jpg?resize=700%2C400&ssl=1 2x, https:\/\/i0.wp.com\/tomajazz.com\/web\/wp-content\/uploads\/2024\/11\/Concurso-de-Grupos-Getxo-Jazz-2025.jpg?resize=1050%2C600&ssl=1 3x, https:\/\/i0.wp.com\/tomajazz.com\/web\/wp-content\/uploads\/2024\/11\/Concurso-de-Grupos-Getxo-Jazz-2025.jpg?resize=1400%2C800&ssl=1 4x"},"classes":[]},{"id":44013,"url":"https:\/\/tomajazz.com\/web\/hdo-517-concurso-de-grupos-de-festival-internacional-de-jazz-de-getxo-2019-podcast\/","url_meta":{"origin":44269,"position":2},"title":"HDO 517. Concurso de grupos de Festival Internacional de Jazz de Getxo 2019 [Podcast]","author":"Tomajazz","date":"26 junio, 2019","format":false,"excerpt":"Por Pachi Tapiz. En HDO escuchamos a los cuatro grupos finalistas del Concurso de Grupos del 43\u00ba Festival Internacional de Jazz de Getxo 2019. A lo largo del 43\u00ba Festival Internacional de Jazz de Getxo 2019 tendr\u00e1 lugar el Concurso Internacional de Grupos de Jazz. A lo largo de las\u2026","rel":"","context":"En \u00ab*_Pachi Tapiz\u00bb","block_context":{"text":"*_Pachi Tapiz","link":"https:\/\/tomajazz.com\/web\/category\/pachi-tapiz\/"},"img":{"alt_text":"","src":"https:\/\/i0.wp.com\/tomajazz.com\/web\/wp-content\/uploads\/2019\/06\/Collage_programa-0517_Concurso-Grupos-Festival-Jazz-Getxo-2019-1.jpg?resize=350%2C200&ssl=1","width":350,"height":200,"srcset":"https:\/\/i0.wp.com\/tomajazz.com\/web\/wp-content\/uploads\/2019\/06\/Collage_programa-0517_Concurso-Grupos-Festival-Jazz-Getxo-2019-1.jpg?resize=350%2C200&ssl=1 1x, https:\/\/i0.wp.com\/tomajazz.com\/web\/wp-content\/uploads\/2019\/06\/Collage_programa-0517_Concurso-Grupos-Festival-Jazz-Getxo-2019-1.jpg?resize=525%2C300&ssl=1 1.5x, https:\/\/i0.wp.com\/tomajazz.com\/web\/wp-content\/uploads\/2019\/06\/Collage_programa-0517_Concurso-Grupos-Festival-Jazz-Getxo-2019-1.jpg?resize=700%2C400&ssl=1 2x"},"classes":[]},{"id":31315,"url":"https:\/\/tomajazz.com\/web\/malstrom-ganador-del-concurso-de-grupos-del-getxo-jazz-2017-noticias\/","url_meta":{"origin":44269,"position":3},"title":"Malstrom, ganador del Concurso de Grupos del Getxo Jazz 2017 [Noticias]","author":"Tomajazz","date":"4 julio, 2017","format":false,"excerpt":"Malstrom, ganador del Concurso de Grupos del Getxo Jazz 2017. Sun-Mi Hong Quintet ha obtenido el segundo premio y Alistair Payne se ha coronado como mejor solista","rel":"","context":"En \u00ab*_Redacci\u00f3n\u00bb","block_context":{"text":"*_Redacci\u00f3n","link":"https:\/\/tomajazz.com\/web\/category\/redaccion\/"},"img":{"alt_text":"","src":"https:\/\/i0.wp.com\/tomajazz.com\/web\/wp-content\/uploads\/2017\/05\/41_getxo_jazz_2017.jpg?resize=350%2C200&ssl=1","width":350,"height":200},"classes":[]},{"id":42317,"url":"https:\/\/tomajazz.com\/web\/grupos-clasificados-para-la-final-del-concurso-internacional-de-grupos-adelanto-de-programacion-del-festival-de-jazz-de-getxo-julio-2019-noticias\/","url_meta":{"origin":44269,"position":4},"title":"Grupos clasificados para la final del Concurso Internacional de grupos \/ Adelanto de programaci\u00f3n del Festival de Jazz de Getxo (julio 2019) [Noticias]","author":"Tomajazz","date":"10 marzo, 2019","format":false,"excerpt":"Por Redacci\u00f3n: Nota de prensa: Finalistas del concurso de grupos El Festival de Jazz de Getxo acoger\u00e1 una nueva edici\u00f3n del Concurso de Grupos, una iniciativa dirigida a potenciar el trabajo de las j\u00f3venes bandas europeas. Este a\u00f1o, 66 agrupaciones de 16 pa\u00edses han participado en la fase previa del\u2026","rel":"","context":"En \u00ab*_Redacci\u00f3n\u00bb","block_context":{"text":"*_Redacci\u00f3n","link":"https:\/\/tomajazz.com\/web\/category\/redaccion\/"},"img":{"alt_text":"","src":"https:\/\/i0.wp.com\/tomajazz.com\/web\/wp-content\/uploads\/2018\/11\/Getxo_aula_color_horizontal.jpg?resize=350%2C200&ssl=1","width":350,"height":200,"srcset":"https:\/\/i0.wp.com\/tomajazz.com\/web\/wp-content\/uploads\/2018\/11\/Getxo_aula_color_horizontal.jpg?resize=350%2C200&ssl=1 1x, https:\/\/i0.wp.com\/tomajazz.com\/web\/wp-content\/uploads\/2018\/11\/Getxo_aula_color_horizontal.jpg?resize=525%2C300&ssl=1 1.5x, https:\/\/i0.wp.com\/tomajazz.com\/web\/wp-content\/uploads\/2018\/11\/Getxo_aula_color_horizontal.jpg?resize=700%2C400&ssl=1 2x, https:\/\/i0.wp.com\/tomajazz.com\/web\/wp-content\/uploads\/2018\/11\/Getxo_aula_color_horizontal.jpg?resize=1050%2C600&ssl=1 3x, https:\/\/i0.wp.com\/tomajazz.com\/web\/wp-content\/uploads\/2018\/11\/Getxo_aula_color_horizontal.jpg?resize=1400%2C800&ssl=1 4x"},"classes":[]},{"id":31129,"url":"https:\/\/tomajazz.com\/web\/hdo-278-concurso-internacional-de-grupos-de-jazz-de-getxo-podcast\/","url_meta":{"origin":44269,"position":5},"title":"HDO 278. Concurso Internacional de Grupos de Jazz de Getxo [Podcast]","author":"Tomajazz","date":"25 junio, 2017","format":false,"excerpt":"En HDO \u00a0278\u00a0los protagonistas son los cuatro grupos finalistas del Concurso Internacional de Grupos del\u00a0Festival Internacional de Jazz de Getxo 2017. En el programa escuchamos al Adam Jarzmik Quintet, Sun-Mi Hong Quintet, Malstrom y Claudio Jr. De Rosa Quartet. Estas cuatro formaciones actuar\u00e1n\u00a0entre el martes 28 de junio y el\u2026","rel":"","context":"En \u00ab*_Pachi Tapiz\u00bb","block_context":{"text":"*_Pachi Tapiz","link":"https:\/\/tomajazz.com\/web\/category\/pachi-tapiz\/"},"img":{"alt_text":"","src":"https:\/\/i0.wp.com\/tomajazz.com\/web\/wp-content\/uploads\/2017\/05\/41_getxo_jazz_2017.jpg?resize=350%2C200&ssl=1","width":350,"height":200},"classes":[]}],"_links":{"self":[{"href":"https:\/\/tomajazz.com\/web\/wp-json\/wp\/v2\/posts\/44269","targetHints":{"allow":["GET"]}}],"collection":[{"href":"https:\/\/tomajazz.com\/web\/wp-json\/wp\/v2\/posts"}],"about":[{"href":"https:\/\/tomajazz.com\/web\/wp-json\/wp\/v2\/types\/post"}],"author":[{"embeddable":true,"href":"https:\/\/tomajazz.com\/web\/wp-json\/wp\/v2\/users\/1"}],"replies":[{"embeddable":true,"href":"https:\/\/tomajazz.com\/web\/wp-json\/wp\/v2\/comments?post=44269"}],"version-history":[{"count":1,"href":"https:\/\/tomajazz.com\/web\/wp-json\/wp\/v2\/posts\/44269\/revisions"}],"predecessor-version":[{"id":44270,"href":"https:\/\/tomajazz.com\/web\/wp-json\/wp\/v2\/posts\/44269\/revisions\/44270"}],"wp:featuredmedia":[{"embeddable":true,"href":"https:\/\/tomajazz.com\/web\/wp-json\/wp\/v2\/media\/42658"}],"wp:attachment":[{"href":"https:\/\/tomajazz.com\/web\/wp-json\/wp\/v2\/media?parent=44269"}],"wp:term":[{"taxonomy":"category","embeddable":true,"href":"https:\/\/tomajazz.com\/web\/wp-json\/wp\/v2\/categories?post=44269"},{"taxonomy":"post_tag","embeddable":true,"href":"https:\/\/tomajazz.com\/web\/wp-json\/wp\/v2\/tags?post=44269"}],"curies":[{"name":"wp","href":"https:\/\/api.w.org\/{rel}","templated":true}]}}