{"id":44271,"date":"2019-07-10T17:00:27","date_gmt":"2019-07-10T15:00:27","guid":{"rendered":"https:\/\/www.tomajazz.com\/web\/?p=44271"},"modified":"2022-08-26T20:51:21","modified_gmt":"2022-08-26T18:51:21","slug":"bahia-jazz-festival-xii-festival-de-jazz-de-el-puerto-de-santa-maria-19-y-20-de-julio-de-2019-el-puerto-de-santa-maria-cadiz-noticias","status":"publish","type":"post","link":"https:\/\/tomajazz.com\/web\/bahia-jazz-festival-xii-festival-de-jazz-de-el-puerto-de-santa-maria-19-y-20-de-julio-de-2019-el-puerto-de-santa-maria-cadiz-noticias\/","title":{"rendered":"Bah\u00eda Jazz Festival. XII Festival de Jazz de El Puerto de Santa Mar\u00eda (19 y 20 de julio de 2019. El Puerto de Santa Mar\u00eda, C\u00e1diz) [Noticias]"},"content":{"rendered":"<p>Por Redacci\u00f3n.<\/p>\n<p style=\"text-align: center;\"><img loading=\"lazy\" decoding=\"async\" class=\"aligncenter size-large wp-image-44272\" src=\"https:\/\/tomajazz.com\/web\/wp-content\/uploads\/2019\/07\/Cartel-BAH\u00cdA-JAZZ-FESTIVAL-El-Puerto-de-Santa-Maria-2019-343x600.jpg\" alt=\"\" width=\"343\" height=\"600\" title=\"\" srcset=\"https:\/\/tomajazz.com\/web\/wp-content\/uploads\/2019\/07\/Cartel-BAH\u00cdA-JAZZ-FESTIVAL-El-Puerto-de-Santa-Maria-2019-343x600.jpg 343w, https:\/\/tomajazz.com\/web\/wp-content\/uploads\/2019\/07\/Cartel-BAH\u00cdA-JAZZ-FESTIVAL-El-Puerto-de-Santa-Maria-2019-172x300.jpg 172w, https:\/\/tomajazz.com\/web\/wp-content\/uploads\/2019\/07\/Cartel-BAH\u00cdA-JAZZ-FESTIVAL-El-Puerto-de-Santa-Maria-2019-768x1343.jpg 768w, https:\/\/tomajazz.com\/web\/wp-content\/uploads\/2019\/07\/Cartel-BAH\u00cdA-JAZZ-FESTIVAL-El-Puerto-de-Santa-Maria-2019-31x55.jpg 31w, https:\/\/tomajazz.com\/web\/wp-content\/uploads\/2019\/07\/Cartel-BAH\u00cdA-JAZZ-FESTIVAL-El-Puerto-de-Santa-Maria-2019.jpg 1306w\" sizes=\"auto, (max-width: 343px) 100vw, 343px\" \/><\/p>\n<p>Bah\u00eda Jazz Festival. XII Festival de Jazz de El Puerto de Santa Mar\u00eda<br \/>\n19 y 20 de julio de 2019. 22:30<br \/>\nBodega de Mora de Osborne (C\/ Los moros, 7)<br \/>\nEl Puerto de Santa Mar\u00eda, C\u00e1diz<\/p>\n<p>Viernes 19 de julio 22:30 h.<br \/>\nPhilip Catherine Trio presenta \u201cManoir de mes R\u00eaves\u201d<br \/>\nPhilip Catherine, guitarra. Paulo Morello, guitarra. Sven Faller, contrabajo.<\/p>\n<p>S\u00e1bado 20 de julio 22:30 h.<br \/>\nBobby Previte Classic Bum Band. \u201c20 Year Reunion Tour\u201d<br \/>\nRay Anderson, tromb\u00f3n. Marty Ehrlich, saxo alto. Wayne Horvitz, piano. Jerome Harris, bajo el\u00e9ctrico. Bobby Previte, bater\u00eda.<\/p>\n<p>Entradas: 13 \u20ac (tarifa normal) y 11 \u20ac (reducida: carn\u00e9 joven, mayores de 65 a\u00f1os, demandantes de empleo). Aforo limitado.<br \/>\nVenta de entradas: Bodega de Mora de Osborne (Calle Los Moros, 7) el jueves 18 de julio en horario de 19:00 a 21:00 h. y los d\u00edas 19 y 20 de julio de 19:00 a 22:30 h.<\/p>\n","protected":false},"excerpt":{"rendered":"<p>Por Redacci\u00f3n. Bah\u00eda Jazz Festival. XII Festival de Jazz de El Puerto de Santa Mar\u00eda 19 y 20 de julio de 2019. 22:30 Bodega de Mora de Osborne (C\/ Los moros, 7) El Puerto de Santa Mar\u00eda, C\u00e1diz Viernes 19 de julio 22:30 h. Philip Catherine Trio presenta \u201cManoir de<span class=\"more-link\"><a href=\"https:\/\/tomajazz.com\/web\/bahia-jazz-festival-xii-festival-de-jazz-de-el-puerto-de-santa-maria-19-y-20-de-julio-de-2019-el-puerto-de-santa-maria-cadiz-noticias\/\">Contin\u00faa leyendo<\/a><\/span><\/p>\n","protected":false},"author":1,"featured_media":44272,"comment_status":"open","ping_status":"closed","sticky":false,"template":"","format":"standard","meta":{"jetpack_post_was_ever_published":false,"_jetpack_newsletter_access":"","_jetpack_dont_email_post_to_subs":false,"_jetpack_newsletter_tier_id":0,"_jetpack_memberships_contains_paywalled_content":false,"_jetpack_memberships_contains_paid_content":false,"footnotes":""},"categories":[17858,15795,1038],"tags":[11856,15296],"class_list":["entry","author-pachi","post-44271","post","type-post","status-publish","format-standard","has-post-thumbnail","category-redaccion","category-noticias-2","category-contenidos","tag-noticias","tag-noticias-de-jazz"],"jetpack_featured_media_url":"https:\/\/tomajazz.com\/web\/wp-content\/uploads\/2019\/07\/Cartel-BAH\u00cdA-JAZZ-FESTIVAL-El-Puerto-de-Santa-Maria-2019.jpg","jetpack_likes_enabled":true,"jetpack_sharing_enabled":true,"jetpack-related-posts":[{"id":75355,"url":"https:\/\/tomajazz.com\/web\/14-bahia-jazz-festival-2023\/","url_meta":{"origin":44271,"position":0},"title":"14 Bah\u00eda Jazz Festival 2023. Festival de Jazz de El Puerto de Santa Mar\u00eda (El Puerto de Santa Mar\u00eda, C\u00e1diz. 18 al 22 de julio de 2023) [Noticias de jazz]","author":"Tomajazz","date":"28 junio, 2023","format":false,"excerpt":"Entre el 18 y el 22 de julio de 2022 tendr\u00e1 lugar en El Puerto de Santa Mar\u00eda (C\u00e1diz), el 14\u00ba Bah\u00eda Jazz Festival 2023. Festival de Jazz de El Puerto de Santa Mar\u00eda #Ciclodejazz #FestivalDeJazz #Festivalesdejazz #Noticiasdejazz","rel":"","context":"En \u00abFestivales de jazz de verano 2023\u00bb","block_context":{"text":"Festivales de jazz de verano 2023","link":"https:\/\/tomajazz.com\/web\/category\/contenidos\/noticias-2\/festivales-de-jazz-de-verano-2023\/"},"img":{"alt_text":"14 Bah\u00eda Jazz Festival 2023. Festival de Jazz de El Puerto de Santa Mar\u00eda (El Puerto de Santa Mar\u00eda, C\u00e1diz. 18 al 22 de julio de 2023) [Noticias de jazz] - Tomajazz 9.0","src":"https:\/\/i0.wp.com\/tomajazz.com\/web\/wp-content\/uploads\/2023\/06\/14-Bahia-Jazz-Festival-2023-Festival-de-Jazz-de-El-Puerto-de-Santa-Maria-Tomajazz-Noticias.jpg?resize=350%2C200&ssl=1","width":350,"height":200,"srcset":"https:\/\/i0.wp.com\/tomajazz.com\/web\/wp-content\/uploads\/2023\/06\/14-Bahia-Jazz-Festival-2023-Festival-de-Jazz-de-El-Puerto-de-Santa-Maria-Tomajazz-Noticias.jpg?resize=350%2C200&ssl=1 1x, https:\/\/i0.wp.com\/tomajazz.com\/web\/wp-content\/uploads\/2023\/06\/14-Bahia-Jazz-Festival-2023-Festival-de-Jazz-de-El-Puerto-de-Santa-Maria-Tomajazz-Noticias.jpg?resize=525%2C300&ssl=1 1.5x"},"classes":[]},{"id":37558,"url":"https:\/\/tomajazz.com\/web\/bahia-jazz-festival-xi-festival-de-jazz-en-el-puerto-de-santa-maria-cadiz-12-13-y-14-de-julio-de-2018-noticias\/","url_meta":{"origin":44271,"position":1},"title":"Bah\u00eda Jazz Festival. XI Festival de Jazz en el Puerto de Santa Mar\u00eda (C\u00e1diz. 12, 13 y 14 de julio de 2018) [Noticias]","author":"Tomajazz","date":"10 julio, 2018","format":false,"excerpt":"Bah\u00eda Jazz Festival. XI Festival de Jazz en el Puerto de Santa Mar\u00eda 12, 13 y 14 de julio de 2018 Bodega de Mora de Osborne (C\/ Los moros, 7) Jueves 12 de julio, 22:30 MAP Marco Mezquida (piano) - Ernesto Aurignac (saxo alto) - Ramon Prats (bater\u00eda) Viernes 13\u2026","rel":"","context":"En \u00ab*_Redacci\u00f3n\u00bb","block_context":{"text":"*_Redacci\u00f3n","link":"https:\/\/tomajazz.com\/web\/category\/redaccion\/"},"img":{"alt_text":"","src":"https:\/\/i0.wp.com\/tomajazz.com\/web\/wp-content\/uploads\/2018\/06\/XI-Bah%C3%ADa-Jazz-Festival-2018.jpg?resize=350%2C200&ssl=1","width":350,"height":200,"srcset":"https:\/\/i0.wp.com\/tomajazz.com\/web\/wp-content\/uploads\/2018\/06\/XI-Bah%C3%ADa-Jazz-Festival-2018.jpg?resize=350%2C200&ssl=1 1x, https:\/\/i0.wp.com\/tomajazz.com\/web\/wp-content\/uploads\/2018\/06\/XI-Bah%C3%ADa-Jazz-Festival-2018.jpg?resize=525%2C300&ssl=1 1.5x, https:\/\/i0.wp.com\/tomajazz.com\/web\/wp-content\/uploads\/2018\/06\/XI-Bah%C3%ADa-Jazz-Festival-2018.jpg?resize=700%2C400&ssl=1 2x"},"classes":[]},{"id":25211,"url":"https:\/\/tomajazz.com\/web\/ix-bahia-jazz-festival-el-puerto-de-santa-maria-cadiz-14-al-16-de-julio-de-2016-noticias\/","url_meta":{"origin":44271,"position":2},"title":"IX Bah\u00eda Jazz Festival (El Puerto de Santa Mar\u00eda, C\u00e1diz. 14 al 16 de julio de 2016) [Noticias]","author":"Tomajazz","date":"8 julio, 2016","format":false,"excerpt":"IX Bah\u00eda Jazz Festival Festival de Jazz de El Puerto de Santa Mar\u00eda Bodega de Mora de Osborne C\/Los Moros, 7 El Puerto de Santa Mar\u00eda C\u00e1diz Jueves 14. Pedro Cortejosa Sexteto presenta 12 d\u00edas Viernes 15. Michel Portal & Bojan Z S\u00e1bado 16. Antonio S\u00e1nchez & Migration Conciertos a\u2026","rel":"","context":"En \u00ab*_Redacci\u00f3n\u00bb","block_context":{"text":"*_Redacci\u00f3n","link":"https:\/\/tomajazz.com\/web\/category\/redaccion\/"},"img":{"alt_text":"","src":"https:\/\/i0.wp.com\/tomajazz.com\/web\/wp-content\/uploads\/2016\/06\/Bah%C3%ADa-Jazz-Festival-2016-e1467218094956.jpg?resize=350%2C200&ssl=1","width":350,"height":200,"srcset":"https:\/\/i0.wp.com\/tomajazz.com\/web\/wp-content\/uploads\/2016\/06\/Bah%C3%ADa-Jazz-Festival-2016-e1467218094956.jpg?resize=350%2C200&ssl=1 1x, https:\/\/i0.wp.com\/tomajazz.com\/web\/wp-content\/uploads\/2016\/06\/Bah%C3%ADa-Jazz-Festival-2016-e1467218094956.jpg?resize=525%2C300&ssl=1 1.5x"},"classes":[]},{"id":31126,"url":"https:\/\/tomajazz.com\/web\/x-bahia-jazz-festival-13-al-15-de-julio-de-2017-el-puerto-de-santa-maria-cadiz-noticias\/","url_meta":{"origin":44271,"position":3},"title":"X Bah\u00eda Jazz Festival (13 al 15 de julio de 2017. El Puerto de Santa Mar\u00eda, C\u00e1diz) [Noticias]","author":"Tomajazz","date":"26 junio, 2017","format":false,"excerpt":"X Bah\u00eda Jazz Festival Festival de Jazz de El Puerto de Santa Mar\u00eda 13, 14 y 15 de julio de 2017. Todos los conciertos comenzar\u00e1n a las 22:30 Bodega de Mora de Osborne (C\/ Los Moros, 7 - Patio de los Naranjos) Jueves 13: George Colligan Trio Viernes 14: Mark\u2026","rel":"","context":"En \u00ab*_Redacci\u00f3n\u00bb","block_context":{"text":"*_Redacci\u00f3n","link":"https:\/\/tomajazz.com\/web\/category\/redaccion\/"},"img":{"alt_text":"","src":"https:\/\/i0.wp.com\/tomajazz.com\/web\/wp-content\/uploads\/2017\/06\/X-Bah%C3%ADa-Jazz-Festival-2017-e1498406689746.jpg?resize=350%2C200&ssl=1","width":350,"height":200},"classes":[]},{"id":43757,"url":"https:\/\/tomajazz.com\/web\/xii-edicion-del-festival-jazz-cadiz-24-al-28-de-julio-de-2019-noticias\/","url_meta":{"origin":44271,"position":4},"title":"XII Edici\u00f3n del Festival Jazz C\u00e1diz (24 al 28 de julio de 2019) [Noticias]","author":"Tomajazz","date":"7 junio, 2019","format":false,"excerpt":"Por Redacci\u00f3n. La XII edici\u00f3n del Festival Jazz C\u00e1diz se celebrar\u00e1 del 24 al 28 de julio en el Castillo de Santa Catalina. En 2019 actuar\u00e1n Luc\u00eda Rey Tr\u00edo, Raynald Colom, Jure Pukl\u00b4s Doubtless con Melissa Aldana, Sant Andreu Jazz Band, y Miron Rafajlovic, entre otras actividades. Toda la informaci\u00f3n\u2026","rel":"","context":"En \u00ab*_Redacci\u00f3n\u00bb","block_context":{"text":"*_Redacci\u00f3n","link":"https:\/\/tomajazz.com\/web\/category\/redaccion\/"},"img":{"alt_text":"","src":"https:\/\/i0.wp.com\/tomajazz.com\/web\/wp-content\/uploads\/2019\/06\/12-Festival-Jazz-Cadiz-2019.jpg?resize=350%2C200&ssl=1","width":350,"height":200,"srcset":"https:\/\/i0.wp.com\/tomajazz.com\/web\/wp-content\/uploads\/2019\/06\/12-Festival-Jazz-Cadiz-2019.jpg?resize=350%2C200&ssl=1 1x, https:\/\/i0.wp.com\/tomajazz.com\/web\/wp-content\/uploads\/2019\/06\/12-Festival-Jazz-Cadiz-2019.jpg?resize=525%2C300&ssl=1 1.5x, https:\/\/i0.wp.com\/tomajazz.com\/web\/wp-content\/uploads\/2019\/06\/12-Festival-Jazz-Cadiz-2019.jpg?resize=700%2C400&ssl=1 2x"},"classes":[]},{"id":75960,"url":"https:\/\/tomajazz.com\/web\/summer-jazz-2023-el-puerto\/","url_meta":{"origin":44271,"position":5},"title":"Summer Jazz 2023 (Sala Milwaukee, El Puerto de Santa Mar\u00eda, C\u00e1diz. 8 de julio al 8 de septiembre de 2023) [Noticias de jazz]","author":"Tomajazz","date":"8 julio, 2023","format":false,"excerpt":"Entre el 8 de julio y el 8 de septiembre tendr\u00e1 lugar en Sala Milwaukee de El Puerto de Santa Mar\u00eda (C\u00e1diz), el ciclo Summer Jazz 2023 #Ciclodejazz #FestivalDeJazz #Festivalesdejazz #Noticiasdejazz","rel":"","context":"En \u00abFestivales de jazz de verano 2023\u00bb","block_context":{"text":"Festivales de jazz de verano 2023","link":"https:\/\/tomajazz.com\/web\/category\/contenidos\/noticias-2\/festivales-de-jazz-de-verano-2023\/"},"img":{"alt_text":"Summer Jazz 2023 (Sala Milwaukee, El Puerto de Santa Mar\u00eda, C\u00e1diz. 8 de julio al 8 de septiembre de 2023) [Noticias de jazz] - Tomajazz 9.0 - Entre el 8 de julio y el 8 de septiembre tendr\u00e1 lugar en Sala Milwaukee de El Puerto de Santa Mar\u00eda (C\u00e1diz), el ciclo Summer Jazz 2023 #Ciclodejazz #FestivalDeJazz #Festivalesdejazz #Noticiasdejazz","src":"https:\/\/i0.wp.com\/tomajazz.com\/web\/wp-content\/uploads\/2023\/07\/Summer-Jazz-2023-El-Puerto-de-Santa-Maria-Tomajazz-Noticias.jpg?resize=350%2C200&ssl=1","width":350,"height":200,"srcset":"https:\/\/i0.wp.com\/tomajazz.com\/web\/wp-content\/uploads\/2023\/07\/Summer-Jazz-2023-El-Puerto-de-Santa-Maria-Tomajazz-Noticias.jpg?resize=350%2C200&ssl=1 1x, https:\/\/i0.wp.com\/tomajazz.com\/web\/wp-content\/uploads\/2023\/07\/Summer-Jazz-2023-El-Puerto-de-Santa-Maria-Tomajazz-Noticias.jpg?resize=525%2C300&ssl=1 1.5x"},"classes":[]}],"_links":{"self":[{"href":"https:\/\/tomajazz.com\/web\/wp-json\/wp\/v2\/posts\/44271","targetHints":{"allow":["GET"]}}],"collection":[{"href":"https:\/\/tomajazz.com\/web\/wp-json\/wp\/v2\/posts"}],"about":[{"href":"https:\/\/tomajazz.com\/web\/wp-json\/wp\/v2\/types\/post"}],"author":[{"embeddable":true,"href":"https:\/\/tomajazz.com\/web\/wp-json\/wp\/v2\/users\/1"}],"replies":[{"embeddable":true,"href":"https:\/\/tomajazz.com\/web\/wp-json\/wp\/v2\/comments?post=44271"}],"version-history":[{"count":1,"href":"https:\/\/tomajazz.com\/web\/wp-json\/wp\/v2\/posts\/44271\/revisions"}],"predecessor-version":[{"id":44273,"href":"https:\/\/tomajazz.com\/web\/wp-json\/wp\/v2\/posts\/44271\/revisions\/44273"}],"wp:featuredmedia":[{"embeddable":true,"href":"https:\/\/tomajazz.com\/web\/wp-json\/wp\/v2\/media\/44272"}],"wp:attachment":[{"href":"https:\/\/tomajazz.com\/web\/wp-json\/wp\/v2\/media?parent=44271"}],"wp:term":[{"taxonomy":"category","embeddable":true,"href":"https:\/\/tomajazz.com\/web\/wp-json\/wp\/v2\/categories?post=44271"},{"taxonomy":"post_tag","embeddable":true,"href":"https:\/\/tomajazz.com\/web\/wp-json\/wp\/v2\/tags?post=44271"}],"curies":[{"name":"wp","href":"https:\/\/api.w.org\/{rel}","templated":true}]}}