{"id":44824,"date":"2019-08-07T18:00:17","date_gmt":"2019-08-07T16:00:17","guid":{"rendered":"https:\/\/www.tomajazz.com\/web\/?p=44824"},"modified":"2022-08-26T17:55:36","modified_gmt":"2022-08-26T15:55:36","slug":"instantzz-cyrille-aimee-inca-jazz-2019-mallorca-2019-07-28-galeria-fotografica","status":"publish","type":"post","link":"https:\/\/tomajazz.com\/web\/instantzz-cyrille-aimee-inca-jazz-2019-mallorca-2019-07-28-galeria-fotografica\/","title":{"rendered":"INSTANTZZ: Cyrille Aim\u00e9e (25\u00ba Mallorca Jazz Sa Pobla. 2019-07-29) [Galer\u00eda fotogr\u00e1fica]"},"content":{"rendered":"<p>Por\u00a0<strong>Jos\u00e9 Luis Luna Rocafort<\/strong>.<\/p>\n<ul>\n<li>Fecha: Lunes, 29 de julio de 2019. 22:30h.<\/li>\n<li>Lugar: Sa Pobla. Mallorca<\/li>\n<li>25\u00ba Mallorca Jazz Sa Pobla<\/li>\n<li>Grupo:<br \/>\n<strong>Cyrille Aim\u00e9e<br \/>\n<\/strong>Cyrille Aim\u00e9e: voz, loops<br \/>\nLaurent Coulondre: piano<br \/>\nMatteo Bortone: contrabajo<br \/>\nYoann Serra: bater\u00eda<\/li>\n<\/ul>\n<p style=\"text-align: center;\"><img loading=\"lazy\" decoding=\"async\" class=\"aligncenter size-large wp-image-44825\" src=\"https:\/\/tomajazz.com\/web\/wp-content\/uploads\/2019\/08\/001-2-600x400.jpg\" alt=\"\" width=\"600\" height=\"400\" title=\"\" srcset=\"https:\/\/tomajazz.com\/web\/wp-content\/uploads\/2019\/08\/001-2.jpg 600w, https:\/\/tomajazz.com\/web\/wp-content\/uploads\/2019\/08\/001-2-200x133.jpg 200w, https:\/\/tomajazz.com\/web\/wp-content\/uploads\/2019\/08\/001-2-83x55.jpg 83w, https:\/\/tomajazz.com\/web\/wp-content\/uploads\/2019\/08\/001-2-60x40.jpg 60w, https:\/\/tomajazz.com\/web\/wp-content\/uploads\/2019\/08\/001-2-120x80.jpg 120w\" sizes=\"auto, (max-width: 600px) 100vw, 600px\" \/> <img loading=\"lazy\" decoding=\"async\" class=\"aligncenter size-large wp-image-44826\" src=\"https:\/\/tomajazz.com\/web\/wp-content\/uploads\/2019\/08\/002-2-600x400.jpg\" alt=\"\" width=\"600\" height=\"400\" title=\"\" srcset=\"https:\/\/tomajazz.com\/web\/wp-content\/uploads\/2019\/08\/002-2.jpg 600w, https:\/\/tomajazz.com\/web\/wp-content\/uploads\/2019\/08\/002-2-200x133.jpg 200w, https:\/\/tomajazz.com\/web\/wp-content\/uploads\/2019\/08\/002-2-83x55.jpg 83w, https:\/\/tomajazz.com\/web\/wp-content\/uploads\/2019\/08\/002-2-60x40.jpg 60w, https:\/\/tomajazz.com\/web\/wp-content\/uploads\/2019\/08\/002-2-120x80.jpg 120w\" sizes=\"auto, (max-width: 600px) 100vw, 600px\" \/> <img loading=\"lazy\" decoding=\"async\" class=\"aligncenter size-large wp-image-44827\" src=\"https:\/\/tomajazz.com\/web\/wp-content\/uploads\/2019\/08\/003-2-400x600.jpg\" alt=\"\" width=\"400\" height=\"600\" title=\"\" srcset=\"https:\/\/tomajazz.com\/web\/wp-content\/uploads\/2019\/08\/003-2.jpg 400w, https:\/\/tomajazz.com\/web\/wp-content\/uploads\/2019\/08\/003-2-200x300.jpg 200w, https:\/\/tomajazz.com\/web\/wp-content\/uploads\/2019\/08\/003-2-37x55.jpg 37w\" sizes=\"auto, (max-width: 400px) 100vw, 400px\" \/> <img loading=\"lazy\" decoding=\"async\" class=\"aligncenter size-large wp-image-44828\" src=\"https:\/\/tomajazz.com\/web\/wp-content\/uploads\/2019\/08\/004-2-600x400.jpg\" alt=\"\" width=\"600\" height=\"400\" title=\"\" srcset=\"https:\/\/tomajazz.com\/web\/wp-content\/uploads\/2019\/08\/004-2.jpg 600w, https:\/\/tomajazz.com\/web\/wp-content\/uploads\/2019\/08\/004-2-200x133.jpg 200w, https:\/\/tomajazz.com\/web\/wp-content\/uploads\/2019\/08\/004-2-83x55.jpg 83w, https:\/\/tomajazz.com\/web\/wp-content\/uploads\/2019\/08\/004-2-60x40.jpg 60w, https:\/\/tomajazz.com\/web\/wp-content\/uploads\/2019\/08\/004-2-120x80.jpg 120w\" sizes=\"auto, (max-width: 600px) 100vw, 600px\" \/> <img loading=\"lazy\" decoding=\"async\" class=\"aligncenter size-large wp-image-44829\" src=\"https:\/\/tomajazz.com\/web\/wp-content\/uploads\/2019\/08\/005-2-600x400.jpg\" alt=\"\" width=\"600\" height=\"400\" title=\"\" srcset=\"https:\/\/tomajazz.com\/web\/wp-content\/uploads\/2019\/08\/005-2.jpg 600w, https:\/\/tomajazz.com\/web\/wp-content\/uploads\/2019\/08\/005-2-200x133.jpg 200w, https:\/\/tomajazz.com\/web\/wp-content\/uploads\/2019\/08\/005-2-83x55.jpg 83w, https:\/\/tomajazz.com\/web\/wp-content\/uploads\/2019\/08\/005-2-60x40.jpg 60w, https:\/\/tomajazz.com\/web\/wp-content\/uploads\/2019\/08\/005-2-120x80.jpg 120w\" sizes=\"auto, (max-width: 600px) 100vw, 600px\" \/> <img loading=\"lazy\" decoding=\"async\" class=\"aligncenter size-large wp-image-44830\" src=\"https:\/\/tomajazz.com\/web\/wp-content\/uploads\/2019\/08\/006-2-600x400.jpg\" alt=\"\" width=\"600\" height=\"400\" title=\"\" srcset=\"https:\/\/tomajazz.com\/web\/wp-content\/uploads\/2019\/08\/006-2.jpg 600w, https:\/\/tomajazz.com\/web\/wp-content\/uploads\/2019\/08\/006-2-200x133.jpg 200w, https:\/\/tomajazz.com\/web\/wp-content\/uploads\/2019\/08\/006-2-83x55.jpg 83w, https:\/\/tomajazz.com\/web\/wp-content\/uploads\/2019\/08\/006-2-60x40.jpg 60w, https:\/\/tomajazz.com\/web\/wp-content\/uploads\/2019\/08\/006-2-120x80.jpg 120w\" sizes=\"auto, (max-width: 600px) 100vw, 600px\" \/> <img loading=\"lazy\" decoding=\"async\" class=\"aligncenter size-large wp-image-44831\" src=\"https:\/\/tomajazz.com\/web\/wp-content\/uploads\/2019\/08\/007-2-600x400.jpg\" alt=\"\" width=\"600\" height=\"400\" title=\"\" srcset=\"https:\/\/tomajazz.com\/web\/wp-content\/uploads\/2019\/08\/007-2.jpg 600w, https:\/\/tomajazz.com\/web\/wp-content\/uploads\/2019\/08\/007-2-200x133.jpg 200w, https:\/\/tomajazz.com\/web\/wp-content\/uploads\/2019\/08\/007-2-83x55.jpg 83w, https:\/\/tomajazz.com\/web\/wp-content\/uploads\/2019\/08\/007-2-60x40.jpg 60w, https:\/\/tomajazz.com\/web\/wp-content\/uploads\/2019\/08\/007-2-120x80.jpg 120w\" sizes=\"auto, (max-width: 600px) 100vw, 600px\" \/> <img loading=\"lazy\" decoding=\"async\" class=\"aligncenter size-large wp-image-44832\" src=\"https:\/\/tomajazz.com\/web\/wp-content\/uploads\/2019\/08\/008-2-600x400.jpg\" alt=\"\" width=\"600\" height=\"400\" title=\"\" srcset=\"https:\/\/tomajazz.com\/web\/wp-content\/uploads\/2019\/08\/008-2.jpg 600w, https:\/\/tomajazz.com\/web\/wp-content\/uploads\/2019\/08\/008-2-200x133.jpg 200w, https:\/\/tomajazz.com\/web\/wp-content\/uploads\/2019\/08\/008-2-83x55.jpg 83w, https:\/\/tomajazz.com\/web\/wp-content\/uploads\/2019\/08\/008-2-60x40.jpg 60w, https:\/\/tomajazz.com\/web\/wp-content\/uploads\/2019\/08\/008-2-120x80.jpg 120w\" sizes=\"auto, (max-width: 600px) 100vw, 600px\" \/> <img loading=\"lazy\" decoding=\"async\" class=\"aligncenter size-large wp-image-44833\" src=\"https:\/\/tomajazz.com\/web\/wp-content\/uploads\/2019\/08\/009-2-600x400.jpg\" alt=\"\" width=\"600\" height=\"400\" title=\"\" srcset=\"https:\/\/tomajazz.com\/web\/wp-content\/uploads\/2019\/08\/009-2.jpg 600w, https:\/\/tomajazz.com\/web\/wp-content\/uploads\/2019\/08\/009-2-200x133.jpg 200w, https:\/\/tomajazz.com\/web\/wp-content\/uploads\/2019\/08\/009-2-83x55.jpg 83w, https:\/\/tomajazz.com\/web\/wp-content\/uploads\/2019\/08\/009-2-60x40.jpg 60w, https:\/\/tomajazz.com\/web\/wp-content\/uploads\/2019\/08\/009-2-120x80.jpg 120w\" sizes=\"auto, (max-width: 600px) 100vw, 600px\" \/> <img loading=\"lazy\" decoding=\"async\" class=\"aligncenter size-large wp-image-44834\" src=\"https:\/\/tomajazz.com\/web\/wp-content\/uploads\/2019\/08\/010-2-600x400.jpg\" alt=\"\" width=\"600\" height=\"400\" title=\"\" srcset=\"https:\/\/tomajazz.com\/web\/wp-content\/uploads\/2019\/08\/010-2.jpg 600w, https:\/\/tomajazz.com\/web\/wp-content\/uploads\/2019\/08\/010-2-200x133.jpg 200w, https:\/\/tomajazz.com\/web\/wp-content\/uploads\/2019\/08\/010-2-83x55.jpg 83w, https:\/\/tomajazz.com\/web\/wp-content\/uploads\/2019\/08\/010-2-60x40.jpg 60w, https:\/\/tomajazz.com\/web\/wp-content\/uploads\/2019\/08\/010-2-120x80.jpg 120w\" sizes=\"auto, (max-width: 600px) 100vw, 600px\" \/> <img loading=\"lazy\" decoding=\"async\" class=\"aligncenter size-large wp-image-44835\" src=\"https:\/\/tomajazz.com\/web\/wp-content\/uploads\/2019\/08\/011-2-600x400.jpg\" alt=\"\" width=\"600\" height=\"400\" title=\"\" srcset=\"https:\/\/tomajazz.com\/web\/wp-content\/uploads\/2019\/08\/011-2.jpg 600w, https:\/\/tomajazz.com\/web\/wp-content\/uploads\/2019\/08\/011-2-200x133.jpg 200w, https:\/\/tomajazz.com\/web\/wp-content\/uploads\/2019\/08\/011-2-83x55.jpg 83w, https:\/\/tomajazz.com\/web\/wp-content\/uploads\/2019\/08\/011-2-60x40.jpg 60w, https:\/\/tomajazz.com\/web\/wp-content\/uploads\/2019\/08\/011-2-120x80.jpg 120w\" sizes=\"auto, (max-width: 600px) 100vw, 600px\" \/> <img loading=\"lazy\" decoding=\"async\" class=\"aligncenter size-large wp-image-44836\" src=\"https:\/\/tomajazz.com\/web\/wp-content\/uploads\/2019\/08\/012-2-400x600.jpg\" alt=\"\" width=\"400\" height=\"600\" title=\"\" srcset=\"https:\/\/tomajazz.com\/web\/wp-content\/uploads\/2019\/08\/012-2.jpg 400w, https:\/\/tomajazz.com\/web\/wp-content\/uploads\/2019\/08\/012-2-200x300.jpg 200w, https:\/\/tomajazz.com\/web\/wp-content\/uploads\/2019\/08\/012-2-37x55.jpg 37w\" sizes=\"auto, (max-width: 400px) 100vw, 400px\" \/> <img loading=\"lazy\" decoding=\"async\" class=\"aligncenter size-large wp-image-44837\" src=\"https:\/\/tomajazz.com\/web\/wp-content\/uploads\/2019\/08\/013-2-600x400.jpg\" alt=\"\" width=\"600\" height=\"400\" title=\"\" srcset=\"https:\/\/tomajazz.com\/web\/wp-content\/uploads\/2019\/08\/013-2.jpg 600w, https:\/\/tomajazz.com\/web\/wp-content\/uploads\/2019\/08\/013-2-200x133.jpg 200w, https:\/\/tomajazz.com\/web\/wp-content\/uploads\/2019\/08\/013-2-83x55.jpg 83w, https:\/\/tomajazz.com\/web\/wp-content\/uploads\/2019\/08\/013-2-60x40.jpg 60w, https:\/\/tomajazz.com\/web\/wp-content\/uploads\/2019\/08\/013-2-120x80.jpg 120w\" sizes=\"auto, (max-width: 600px) 100vw, 600px\" \/> <img loading=\"lazy\" decoding=\"async\" class=\"aligncenter size-large wp-image-44838\" src=\"https:\/\/tomajazz.com\/web\/wp-content\/uploads\/2019\/08\/014-2-600x400.jpg\" alt=\"\" width=\"600\" height=\"400\" title=\"\" srcset=\"https:\/\/tomajazz.com\/web\/wp-content\/uploads\/2019\/08\/014-2.jpg 600w, https:\/\/tomajazz.com\/web\/wp-content\/uploads\/2019\/08\/014-2-200x133.jpg 200w, https:\/\/tomajazz.com\/web\/wp-content\/uploads\/2019\/08\/014-2-83x55.jpg 83w, https:\/\/tomajazz.com\/web\/wp-content\/uploads\/2019\/08\/014-2-60x40.jpg 60w, https:\/\/tomajazz.com\/web\/wp-content\/uploads\/2019\/08\/014-2-120x80.jpg 120w\" sizes=\"auto, (max-width: 600px) 100vw, 600px\" \/> <img loading=\"lazy\" decoding=\"async\" class=\"aligncenter size-large wp-image-44839\" src=\"https:\/\/tomajazz.com\/web\/wp-content\/uploads\/2019\/08\/015-2-600x400.jpg\" alt=\"\" width=\"600\" height=\"400\" title=\"\" srcset=\"https:\/\/tomajazz.com\/web\/wp-content\/uploads\/2019\/08\/015-2.jpg 600w, https:\/\/tomajazz.com\/web\/wp-content\/uploads\/2019\/08\/015-2-200x133.jpg 200w, https:\/\/tomajazz.com\/web\/wp-content\/uploads\/2019\/08\/015-2-83x55.jpg 83w, https:\/\/tomajazz.com\/web\/wp-content\/uploads\/2019\/08\/015-2-60x40.jpg 60w, https:\/\/tomajazz.com\/web\/wp-content\/uploads\/2019\/08\/015-2-120x80.jpg 120w\" sizes=\"auto, (max-width: 600px) 100vw, 600px\" \/> <img loading=\"lazy\" decoding=\"async\" class=\"aligncenter size-large wp-image-44840\" src=\"https:\/\/tomajazz.com\/web\/wp-content\/uploads\/2019\/08\/016-600x400.jpg\" alt=\"\" width=\"600\" height=\"400\" title=\"\" srcset=\"https:\/\/tomajazz.com\/web\/wp-content\/uploads\/2019\/08\/016.jpg 600w, https:\/\/tomajazz.com\/web\/wp-content\/uploads\/2019\/08\/016-200x133.jpg 200w, https:\/\/tomajazz.com\/web\/wp-content\/uploads\/2019\/08\/016-83x55.jpg 83w, https:\/\/tomajazz.com\/web\/wp-content\/uploads\/2019\/08\/016-60x40.jpg 60w, https:\/\/tomajazz.com\/web\/wp-content\/uploads\/2019\/08\/016-120x80.jpg 120w\" sizes=\"auto, (max-width: 600px) 100vw, 600px\" \/><\/p>\n<p>&nbsp;<\/p>\n<p style=\"text-align: right;\">Tomajazz: \u00a9\u00a0<strong>Jos\u00e9 Luis Luna Rocafort<\/strong>, 2019<\/p>\n","protected":false},"excerpt":{"rendered":"<p>Por\u00a0Jos\u00e9 Luis Luna Rocafort. Fecha: Lunes, 29 de julio de 2019. 22:30h. Lugar: Sa Pobla. Mallorca 25\u00ba Mallorca Jazz Sa Pobla Grupo: Cyrille Aim\u00e9e Cyrille Aim\u00e9e: voz, loops Laurent Coulondre: piano Matteo Bortone: contrabajo Yoann Serra: bater\u00eda &nbsp; Tomajazz: \u00a9\u00a0Jos\u00e9 Luis Luna Rocafort, 2019<span class=\"more-link\"><a href=\"https:\/\/tomajazz.com\/web\/instantzz-cyrille-aimee-inca-jazz-2019-mallorca-2019-07-28-galeria-fotografica\/\">Contin\u00faa leyendo<\/a><\/span><\/p>\n","protected":false},"author":1,"featured_media":44825,"comment_status":"open","ping_status":"closed","sticky":false,"template":"","format":"standard","meta":{"_jetpack_newsletter_access":"","_jetpack_dont_email_post_to_subs":false,"_jetpack_newsletter_tier_id":0,"_jetpack_memberships_contains_paywalled_content":false,"_jetpack_feature_clip_id":0,"_jetpack_memberships_contains_paid_content":false,"footnotes":"","jetpack_post_was_ever_published":false},"categories":[17846,11262,15516,11261,1038],"tags":[23321,10088,23322,23323,10552],"class_list":["entry","author-pachi","post-44824","post","type-post","status-publish","format-standard","has-post-thumbnail","category-jose-luis-luna-rocafort","category-photoblogs","category-imagenes","category-instantzz","category-contenidos","tag-cyrille-aimee","tag-jose-luis-luna-rocafort","tag-laurent-coulondre","tag-matteo-bortone","tag-yoann-serra"],"jetpack_likes_enabled":true,"jetpack_sharing_enabled":true,"jetpack-related-posts":[{"id":84674,"url":"https:\/\/tomajazz.com\/web\/cyrille-aimee-quartet-clasijazz-2024-cncrt1\/","url_meta":{"origin":44824,"position":0},"title":"Cyrille Aim\u00e9e Quartet (Clasijazz, Almer\u00eda. 2024-03-04) Por Jos\u00e9 Luis Luna Rocafort [INSTANTZZ AKA Galer\u00eda fotogr\u00e1fica AKA Fotoblog de jazz, impro\u2026 y algo m\u00e1s]","author":"Tomajazz","date":"13 marzo, 2024","format":false,"excerpt":"Cyrille Aim\u00e9e Quartet actu\u00f3 en Clasijazz, Almer\u00eda, el 4 de marzo de 2024. Jos\u00e9 Luis Luna Rocafort retrata el concierto de la cantante en INSTANTZZ. Actuaron Cyrille Aim\u00e9e, Carl-Henri Morisset, Matteo Bortone, Pedro Segundo","rel":"","context":"En \u00abINSTANTZZ\u00bb","block_context":{"text":"INSTANTZZ","link":"https:\/\/tomajazz.com\/web\/category\/contenidos\/imagenes\/photoblogs\/instantzz\/"},"img":{"alt_text":"Cyrille Aim\u00e9e Quartet (Clasijazz, Almer\u00eda. 2024-03-02) Por Jos\u00e9 Luis Luna Rocafort [INSTANTZZ AKA Galer\u00eda fotogr\u00e1fica AKA Fotoblog de jazz, impro\u2026 y algo m\u00e1s] - Tomajazz","src":"https:\/\/i0.wp.com\/tomajazz.com\/web\/wp-content\/uploads\/2024\/03\/005.jpg?resize=350%2C200&ssl=1","width":350,"height":200,"srcset":"https:\/\/i0.wp.com\/tomajazz.com\/web\/wp-content\/uploads\/2024\/03\/005.jpg?resize=350%2C200&ssl=1 1x, https:\/\/i0.wp.com\/tomajazz.com\/web\/wp-content\/uploads\/2024\/03\/005.jpg?resize=525%2C300&ssl=1 1.5x"},"classes":[]},{"id":85211,"url":"https:\/\/tomajazz.com\/web\/cyrille-aimee-quartet-clasijazz-2024-cncrt2\/","url_meta":{"origin":44824,"position":1},"title":"Cyrille Aim\u00e9e Quartet (Clasijazz, Almer\u00eda. 2024-03-05) Por Jos\u00e9 Luis Luna Rocafort [INSTANTZZ AKA Galer\u00eda fotogr\u00e1fica AKA Fotoblog de jazz, impro\u2026 y algo m\u00e1s]","author":"Tomajazz","date":"27 marzo, 2024","format":false,"excerpt":"Cyrille Aim\u00e9e Quartet actu\u00f3 en Clasijazz, Almer\u00eda, el 5 de marzo de 2024, en un segundo concierto en la veterana asociaci\u00f3n. Jos\u00e9 Luis Luna Rocafort retrata el concierto de la cantante en INSTANTZZ. Actuaron Cyrille Aim\u00e9e, Carl-Henri Morisset, Matteo Bortone, Pedro Segundo","rel":"","context":"En \u00ab*_Jos\u00e9 Luis Luna Rocafort\u00bb","block_context":{"text":"*_Jos\u00e9 Luis Luna Rocafort","link":"https:\/\/tomajazz.com\/web\/category\/jose-luis-luna-rocafort\/"},"img":{"alt_text":"Cyrille Aim\u00e9e Quartet (Clasijazz, Almer\u00eda. 2024-03-05) Por Jos\u00e9 Luis Luna Rocafort [INSTANTZZ AKA Galer\u00eda fotogr\u00e1fica AKA Fotoblog de jazz, impro\u2026 y algo m\u00e1s] - Tomajazz - Cyrille Aim\u00e9e Quartet actu\u00f3 en Clasijazz, Almer\u00eda, el 5 de marzo de 2024, en un segundo concierto en la veterana asociaci\u00f3n. Jos\u00e9 Luis Luna Rocafort retrata el concierto de la cantante en INSTANTZZ. Actuaron Cyrille Aim\u00e9e, Carl-Henri Morisset, Matteo Bortone, Pedro Segundo","src":"https:\/\/i0.wp.com\/tomajazz.com\/web\/wp-content\/uploads\/2024\/03\/destacada-12.jpg?resize=350%2C200&ssl=1","width":350,"height":200,"srcset":"https:\/\/i0.wp.com\/tomajazz.com\/web\/wp-content\/uploads\/2024\/03\/destacada-12.jpg?resize=350%2C200&ssl=1 1x, https:\/\/i0.wp.com\/tomajazz.com\/web\/wp-content\/uploads\/2024\/03\/destacada-12.jpg?resize=525%2C300&ssl=1 1.5x"},"classes":[]},{"id":44976,"url":"https:\/\/tomajazz.com\/web\/instantzz-instantzz-cyrille-aimee-25o-mallorca-jazz-sa-pobla-2019-08-06-galeria-fotografica-25o-mallorca-jazz-sa-pobla-2019-07-29-galeria-fotografica\/","url_meta":{"origin":44824,"position":2},"title":"INSTANTZZ: Catherine Russell (25\u00ba Mallorca Jazz Sa Pobla. 2019-08-06) [Galer\u00eda fotogr\u00e1fica]","author":"Tomajazz","date":"14 agosto, 2019","format":false,"excerpt":"Por\u00a0Jos\u00e9 Luis Luna Rocafort. Fecha: Martes, 06 de agosto de 2019. 22:30h. Lugar: Sa Pobla. Mallorca 25\u00ba Mallorca Jazz Sa Pobla Grupo: Catherine Russell Catherine Russell: voz Mark Shane: piano Matt Munisteri: guitarra el\u00e9ctrica Tal Ronen: contrabajo Mark McLean: bater\u00eda Tomajazz: \u00a9\u00a0Jos\u00e9 Luis Luna Rocafort, 2019","rel":"","context":"En \u00ab*_Jos\u00e9 Luis Luna Rocafort\u00bb","block_context":{"text":"*_Jos\u00e9 Luis Luna Rocafort","link":"https:\/\/tomajazz.com\/web\/category\/jose-luis-luna-rocafort\/"},"img":{"alt_text":"","src":"https:\/\/i0.wp.com\/tomajazz.com\/web\/wp-content\/uploads\/2019\/08\/001-4.jpg?resize=350%2C200&ssl=1","width":350,"height":200,"srcset":"https:\/\/i0.wp.com\/tomajazz.com\/web\/wp-content\/uploads\/2019\/08\/001-4.jpg?resize=350%2C200&ssl=1 1x, https:\/\/i0.wp.com\/tomajazz.com\/web\/wp-content\/uploads\/2019\/08\/001-4.jpg?resize=525%2C300&ssl=1 1.5x"},"classes":[]},{"id":106583,"url":"https:\/\/tomajazz.com\/web\/fran-ramos-quartet-sa-pobla-2026\/","url_meta":{"origin":44824,"position":3},"title":"Fran Ramos Quartet (32 Mallorca Jazz Sa Pobla 2026. Sa Pobla, Mallorca. 2026-07-30) Por Jos\u00e9 Luis Luna Rocafort [INSTANTZZ AKA Galer\u00eda fotogr\u00e1fica AKA Fotoblog de jazz, impro\u2026 y algo m\u00e1s]","author":"Tomajazz","date":"19 agosto, 2026","format":false,"excerpt":"Fran Ramos Quartet actu\u00f3 en el 32 Mallorca Jazz Sa Pobla 2026 en Mallorca, el 30 de julio de 2026. Jos\u00e9 Luis Luna Rocafort lo retrata en INSTANTZZ. Actuaron Fran Ramos, Diego Hervalejo, Camil Alcarazo, Enric\u00a0Fuster, Gaizka Taro","rel":"","context":"En \u00ab32 Mallorca Jazz Sa Pobla 2026\u00bb","block_context":{"text":"32 Mallorca Jazz Sa Pobla 2026","link":"https:\/\/tomajazz.com\/web\/category\/contenidos\/especial-contenidos\/32-mallorca-jazz-sa-pobla-2026\/"},"img":{"alt_text":"Fran Ramos Quartet (32 Mallorca Jazz Sa Pobla 2026. Sa Pobla, Mallorca. 2026-07-30) Por Jos\u00e9 Luis Luna Rocafort [INSTANTZZ AKA Galer\u00eda fotogr\u00e1fica AKA Fotoblog de jazz, impro\u2026 y algo m\u00e1s] - Tomajazz - Fran Ramos Quartet actu\u00f3 en el 32 Mallorca Jazz Sa Pobla 2026 en Mallorca, el 30 de julio de 202. Sa Pobla, Mallorca. 2026-07-30) Por Jos\u00e9 Luis Luna Rocafort [INSTANTZZ AKA Galer\u00eda fotogr\u00e1fica AKA Fotoblog de jazz, impro\u2026 y algo m\u00e1s]","src":"https:\/\/i0.wp.com\/tomajazz.com\/web\/wp-content\/uploads\/2026\/08\/018-4.jpg?resize=350%2C200&ssl=1","width":350,"height":200,"srcset":"https:\/\/i0.wp.com\/tomajazz.com\/web\/wp-content\/uploads\/2026\/08\/018-4.jpg?resize=350%2C200&ssl=1 1x, https:\/\/i0.wp.com\/tomajazz.com\/web\/wp-content\/uploads\/2026\/08\/018-4.jpg?resize=525%2C300&ssl=1 1.5x"},"classes":[]},{"id":101757,"url":"https:\/\/tomajazz.com\/web\/sa-pobla-jazz-collective-sa-pobla-2025\/","url_meta":{"origin":44824,"position":4},"title":"Sa Pobla Jazz Collective (31 Mallorca Jazz Sa Pobla 2025. Sa Pobla. Mallorca. 2025-08-11) Por Jos\u00e9 Luis Luna Rocafort [INSTANTZZ AKA Galer\u00eda fotogr\u00e1fica AKA Fotoblog de jazz, impro\u2026 y algo m\u00e1s]","author":"Tomajazz","date":"14 noviembre, 2025","format":false,"excerpt":"Sa Pobla Jazz Collective actu\u00f3 en el 31 Mallorca Jazz Sa Pobla 2025 el 11 de agosto de 2025. Jos\u00e9 Luis Luna Rocafort retrata el concierto en INSTANTZZ","rel":"","context":"En \u00abINSTANTZZ\u00bb","block_context":{"text":"INSTANTZZ","link":"https:\/\/tomajazz.com\/web\/category\/contenidos\/imagenes\/photoblogs\/instantzz\/"},"img":{"alt_text":"Sa Pobla Jazz Collective (31 Mallorca Jazz Sa Pobla 2025. Sa Pobla. Mallorca. 2025-08-11) Por Jos\u00e9 Luis Luna Rocafort [INSTANTZZ AKA Galer\u00eda fotogr\u00e1fica AKA Fotoblog de jazz, impro\u2026 y algo m\u00e1s] - Tomajazz - Sa Pobla Jazz Collective actu\u00f3 en el 31 Mallorca Jazz Sa Pobla 2025 el 11 de agosto de 2025. Jos\u00e9 Luis Luna Rocafort retrata el concierto en INSTANTZZ","src":"https:\/\/i0.wp.com\/tomajazz.com\/web\/wp-content\/uploads\/2025\/11\/014-9.jpg?resize=350%2C200&ssl=1","width":350,"height":200,"srcset":"https:\/\/i0.wp.com\/tomajazz.com\/web\/wp-content\/uploads\/2025\/11\/014-9.jpg?resize=350%2C200&ssl=1 1x, https:\/\/i0.wp.com\/tomajazz.com\/web\/wp-content\/uploads\/2025\/11\/014-9.jpg?resize=525%2C300&ssl=1 1.5x"},"classes":[]},{"id":44625,"url":"https:\/\/tomajazz.com\/web\/25o-mallorca-jazz-sa-pobla-29-de-julio-al-25-de-agosto-de-2019-noticias\/","url_meta":{"origin":44824,"position":5},"title":"25\u00ba Mallorca Jazz Sa Pobla (29 de julio al 25 de agosto de 2019) [Noticias]","author":"Tomajazz","date":"26 julio, 2019","format":false,"excerpt":"Por\u00a0Redacci\u00f3n. 25\u00ba Mallorca Jazz Sa Pobla Festival Internacional de Jazz Del 9 de julio al 25 de agosto de 2019 Lunes 29 de julio. Cyrille Aim\u00e9e Martes 6 de agosto. Catherine Russell Martes 13 de agosto. Glissando Big Band Lunes 19 de agosto. Mariola Membrives. Lorca, Spanish Songs 14\u00ba Seminario\u2026","rel":"","context":"En \u00ab*_Redacci\u00f3n\u00bb","block_context":{"text":"*_Redacci\u00f3n","link":"https:\/\/tomajazz.com\/web\/category\/redaccion\/"},"img":{"alt_text":"","src":"https:\/\/i0.wp.com\/tomajazz.com\/web\/wp-content\/uploads\/2019\/07\/25-Mallorca-Jazz-Sa-Pobla.jpg?resize=350%2C200&ssl=1","width":350,"height":200,"srcset":"https:\/\/i0.wp.com\/tomajazz.com\/web\/wp-content\/uploads\/2019\/07\/25-Mallorca-Jazz-Sa-Pobla.jpg?resize=350%2C200&ssl=1 1x, https:\/\/i0.wp.com\/tomajazz.com\/web\/wp-content\/uploads\/2019\/07\/25-Mallorca-Jazz-Sa-Pobla.jpg?resize=525%2C300&ssl=1 1.5x, https:\/\/i0.wp.com\/tomajazz.com\/web\/wp-content\/uploads\/2019\/07\/25-Mallorca-Jazz-Sa-Pobla.jpg?resize=700%2C400&ssl=1 2x, https:\/\/i0.wp.com\/tomajazz.com\/web\/wp-content\/uploads\/2019\/07\/25-Mallorca-Jazz-Sa-Pobla.jpg?resize=1050%2C600&ssl=1 3x"},"classes":[]}],"jetpack_featured_media_url":"https:\/\/tomajazz.com\/web\/wp-content\/uploads\/2019\/08\/001-2.jpg","_links":{"self":[{"href":"https:\/\/tomajazz.com\/web\/wp-json\/wp\/v2\/posts\/44824","targetHints":{"allow":["GET"]}}],"collection":[{"href":"https:\/\/tomajazz.com\/web\/wp-json\/wp\/v2\/posts"}],"about":[{"href":"https:\/\/tomajazz.com\/web\/wp-json\/wp\/v2\/types\/post"}],"author":[{"embeddable":true,"href":"https:\/\/tomajazz.com\/web\/wp-json\/wp\/v2\/users\/1"}],"replies":[{"embeddable":true,"href":"https:\/\/tomajazz.com\/web\/wp-json\/wp\/v2\/comments?post=44824"}],"version-history":[{"count":3,"href":"https:\/\/tomajazz.com\/web\/wp-json\/wp\/v2\/posts\/44824\/revisions"}],"predecessor-version":[{"id":44843,"href":"https:\/\/tomajazz.com\/web\/wp-json\/wp\/v2\/posts\/44824\/revisions\/44843"}],"wp:featuredmedia":[{"embeddable":true,"href":"https:\/\/tomajazz.com\/web\/wp-json\/wp\/v2\/media\/44825"}],"wp:attachment":[{"href":"https:\/\/tomajazz.com\/web\/wp-json\/wp\/v2\/media?parent=44824"}],"wp:term":[{"taxonomy":"category","embeddable":true,"href":"https:\/\/tomajazz.com\/web\/wp-json\/wp\/v2\/categories?post=44824"},{"taxonomy":"post_tag","embeddable":true,"href":"https:\/\/tomajazz.com\/web\/wp-json\/wp\/v2\/tags?post=44824"}],"curies":[{"name":"wp","href":"https:\/\/api.w.org\/{rel}","templated":true}]}}