{"id":45798,"date":"2019-09-19T12:15:05","date_gmt":"2019-09-19T10:15:05","guid":{"rendered":"https:\/\/www.tomajazz.com\/web\/?p=45798"},"modified":"2022-01-20T18:18:23","modified_gmt":"2022-01-20T17:18:23","slug":"instantzz-avital-meets-avital-26-jazz-a-junas-voyage-a-orient-carrieres-junas-2019-06-18-galeria-fotografica","status":"publish","type":"post","link":"https:\/\/tomajazz.com\/web\/instantzz-avital-meets-avital-26-jazz-a-junas-voyage-a-orient-carrieres-junas-2019-06-18-galeria-fotografica\/","title":{"rendered":"INSTANTZZ: Avital meets Avital (26 Jazz \u00e0 Junas, \u201cVoyage a Orient\u201d, Carri\u00e8res, Junas. 2019-06-18) [Galer\u00eda fotogr\u00e1fica]"},"content":{"rendered":"<p>Por\u00a0<strong>Joan Cort\u00e8s<\/strong>.<\/p>\n<ul>\n<li>Fecha: Jueves, 18 de julio de 2019<\/li>\n<li>Lugar: Carri\u00e8res (Junas)<\/li>\n<li>Componentes:<br \/>\n<strong>Avital meets Avital<br \/>\n<\/strong>Avi Avital, mandolina<br \/>\nOmer Avital, contrabajos y oud<br \/>\nYonathan Avishai, piano<br \/>\nItamar Doari, percusi\u00f3n<\/li>\n<\/ul>\n<p style=\"text-align: center;\"><img loading=\"lazy\" decoding=\"async\" class=\"aligncenter size-large wp-image-45799\" src=\"https:\/\/tomajazz.com\/web\/wp-content\/uploads\/2019\/09\/01_vtl-mts-vtl-\u00a9Joan-Cort\u00e8s_18jul19_Crrrs_Jzz-Jns_Jns-600x399.jpg\" alt=\"\" width=\"600\" height=\"399\" title=\"\" srcset=\"https:\/\/tomajazz.com\/web\/wp-content\/uploads\/2019\/09\/01_vtl-mts-vtl-\u00a9Joan-Cort\u00e8s_18jul19_Crrrs_Jzz-Jns_Jns.jpg 600w, https:\/\/tomajazz.com\/web\/wp-content\/uploads\/2019\/09\/01_vtl-mts-vtl-\u00a9Joan-Cort\u00e8s_18jul19_Crrrs_Jzz-Jns_Jns-200x133.jpg 200w, https:\/\/tomajazz.com\/web\/wp-content\/uploads\/2019\/09\/01_vtl-mts-vtl-\u00a9Joan-Cort\u00e8s_18jul19_Crrrs_Jzz-Jns_Jns-83x55.jpg 83w, https:\/\/tomajazz.com\/web\/wp-content\/uploads\/2019\/09\/01_vtl-mts-vtl-\u00a9Joan-Cort\u00e8s_18jul19_Crrrs_Jzz-Jns_Jns-60x40.jpg 60w, https:\/\/tomajazz.com\/web\/wp-content\/uploads\/2019\/09\/01_vtl-mts-vtl-\u00a9Joan-Cort\u00e8s_18jul19_Crrrs_Jzz-Jns_Jns-120x80.jpg 120w\" sizes=\"auto, (max-width: 600px) 100vw, 600px\" \/> <img loading=\"lazy\" decoding=\"async\" class=\"aligncenter size-large wp-image-45800\" src=\"https:\/\/tomajazz.com\/web\/wp-content\/uploads\/2019\/09\/02_vtl-mts-vtl-\u00a9Joan-Cort\u00e8s_18jul19_Crrrs_Jzz-Jns_Jns-399x600.jpg\" alt=\"\" width=\"399\" height=\"600\" title=\"\" srcset=\"https:\/\/tomajazz.com\/web\/wp-content\/uploads\/2019\/09\/02_vtl-mts-vtl-\u00a9Joan-Cort\u00e8s_18jul19_Crrrs_Jzz-Jns_Jns.jpg 399w, https:\/\/tomajazz.com\/web\/wp-content\/uploads\/2019\/09\/02_vtl-mts-vtl-\u00a9Joan-Cort\u00e8s_18jul19_Crrrs_Jzz-Jns_Jns-200x300.jpg 200w, https:\/\/tomajazz.com\/web\/wp-content\/uploads\/2019\/09\/02_vtl-mts-vtl-\u00a9Joan-Cort\u00e8s_18jul19_Crrrs_Jzz-Jns_Jns-37x55.jpg 37w\" sizes=\"auto, (max-width: 399px) 100vw, 399px\" \/> <img loading=\"lazy\" decoding=\"async\" class=\"aligncenter size-large wp-image-45801\" src=\"https:\/\/tomajazz.com\/web\/wp-content\/uploads\/2019\/09\/03_vtl-mts-vtl-\u00a9Joan-Cort\u00e8s_18jul19_Crrrs_Jzz-Jns_Jns-600x399.jpg\" alt=\"\" width=\"600\" height=\"399\" title=\"\" srcset=\"https:\/\/tomajazz.com\/web\/wp-content\/uploads\/2019\/09\/03_vtl-mts-vtl-\u00a9Joan-Cort\u00e8s_18jul19_Crrrs_Jzz-Jns_Jns.jpg 600w, https:\/\/tomajazz.com\/web\/wp-content\/uploads\/2019\/09\/03_vtl-mts-vtl-\u00a9Joan-Cort\u00e8s_18jul19_Crrrs_Jzz-Jns_Jns-200x133.jpg 200w, https:\/\/tomajazz.com\/web\/wp-content\/uploads\/2019\/09\/03_vtl-mts-vtl-\u00a9Joan-Cort\u00e8s_18jul19_Crrrs_Jzz-Jns_Jns-83x55.jpg 83w, https:\/\/tomajazz.com\/web\/wp-content\/uploads\/2019\/09\/03_vtl-mts-vtl-\u00a9Joan-Cort\u00e8s_18jul19_Crrrs_Jzz-Jns_Jns-60x40.jpg 60w, https:\/\/tomajazz.com\/web\/wp-content\/uploads\/2019\/09\/03_vtl-mts-vtl-\u00a9Joan-Cort\u00e8s_18jul19_Crrrs_Jzz-Jns_Jns-120x80.jpg 120w\" sizes=\"auto, (max-width: 600px) 100vw, 600px\" \/> <img loading=\"lazy\" decoding=\"async\" class=\"aligncenter size-large wp-image-45802\" src=\"https:\/\/tomajazz.com\/web\/wp-content\/uploads\/2019\/09\/04_vtl-mts-vtl-\u00a9Joan-Cort\u00e8s_18jul19_Crrrs_Jzz-Jns_Jns-600x399.jpg\" alt=\"\" width=\"600\" height=\"399\" title=\"\" srcset=\"https:\/\/tomajazz.com\/web\/wp-content\/uploads\/2019\/09\/04_vtl-mts-vtl-\u00a9Joan-Cort\u00e8s_18jul19_Crrrs_Jzz-Jns_Jns.jpg 600w, https:\/\/tomajazz.com\/web\/wp-content\/uploads\/2019\/09\/04_vtl-mts-vtl-\u00a9Joan-Cort\u00e8s_18jul19_Crrrs_Jzz-Jns_Jns-200x133.jpg 200w, https:\/\/tomajazz.com\/web\/wp-content\/uploads\/2019\/09\/04_vtl-mts-vtl-\u00a9Joan-Cort\u00e8s_18jul19_Crrrs_Jzz-Jns_Jns-83x55.jpg 83w, https:\/\/tomajazz.com\/web\/wp-content\/uploads\/2019\/09\/04_vtl-mts-vtl-\u00a9Joan-Cort\u00e8s_18jul19_Crrrs_Jzz-Jns_Jns-60x40.jpg 60w, https:\/\/tomajazz.com\/web\/wp-content\/uploads\/2019\/09\/04_vtl-mts-vtl-\u00a9Joan-Cort\u00e8s_18jul19_Crrrs_Jzz-Jns_Jns-120x80.jpg 120w\" sizes=\"auto, (max-width: 600px) 100vw, 600px\" \/> <img loading=\"lazy\" decoding=\"async\" class=\"aligncenter size-large wp-image-45803\" src=\"https:\/\/tomajazz.com\/web\/wp-content\/uploads\/2019\/09\/05_vtl-mts-vtl-\u00a9Joan-Cort\u00e8s_18jul19_Crrrs_Jzz-Jns_Jns-600x399.jpg\" alt=\"\" width=\"600\" height=\"399\" title=\"\" srcset=\"https:\/\/tomajazz.com\/web\/wp-content\/uploads\/2019\/09\/05_vtl-mts-vtl-\u00a9Joan-Cort\u00e8s_18jul19_Crrrs_Jzz-Jns_Jns.jpg 600w, https:\/\/tomajazz.com\/web\/wp-content\/uploads\/2019\/09\/05_vtl-mts-vtl-\u00a9Joan-Cort\u00e8s_18jul19_Crrrs_Jzz-Jns_Jns-200x133.jpg 200w, https:\/\/tomajazz.com\/web\/wp-content\/uploads\/2019\/09\/05_vtl-mts-vtl-\u00a9Joan-Cort\u00e8s_18jul19_Crrrs_Jzz-Jns_Jns-83x55.jpg 83w, https:\/\/tomajazz.com\/web\/wp-content\/uploads\/2019\/09\/05_vtl-mts-vtl-\u00a9Joan-Cort\u00e8s_18jul19_Crrrs_Jzz-Jns_Jns-60x40.jpg 60w, https:\/\/tomajazz.com\/web\/wp-content\/uploads\/2019\/09\/05_vtl-mts-vtl-\u00a9Joan-Cort\u00e8s_18jul19_Crrrs_Jzz-Jns_Jns-120x80.jpg 120w\" sizes=\"auto, (max-width: 600px) 100vw, 600px\" \/> <img loading=\"lazy\" decoding=\"async\" class=\"aligncenter size-large wp-image-45804\" src=\"https:\/\/tomajazz.com\/web\/wp-content\/uploads\/2019\/09\/06_vtl-mts-vtl-\u00a9Joan-Cort\u00e8s_18jul19_Crrrs_Jzz-Jns_Jns-600x399.jpg\" alt=\"\" width=\"600\" height=\"399\" title=\"\" srcset=\"https:\/\/tomajazz.com\/web\/wp-content\/uploads\/2019\/09\/06_vtl-mts-vtl-\u00a9Joan-Cort\u00e8s_18jul19_Crrrs_Jzz-Jns_Jns.jpg 600w, https:\/\/tomajazz.com\/web\/wp-content\/uploads\/2019\/09\/06_vtl-mts-vtl-\u00a9Joan-Cort\u00e8s_18jul19_Crrrs_Jzz-Jns_Jns-200x133.jpg 200w, https:\/\/tomajazz.com\/web\/wp-content\/uploads\/2019\/09\/06_vtl-mts-vtl-\u00a9Joan-Cort\u00e8s_18jul19_Crrrs_Jzz-Jns_Jns-83x55.jpg 83w, https:\/\/tomajazz.com\/web\/wp-content\/uploads\/2019\/09\/06_vtl-mts-vtl-\u00a9Joan-Cort\u00e8s_18jul19_Crrrs_Jzz-Jns_Jns-60x40.jpg 60w, https:\/\/tomajazz.com\/web\/wp-content\/uploads\/2019\/09\/06_vtl-mts-vtl-\u00a9Joan-Cort\u00e8s_18jul19_Crrrs_Jzz-Jns_Jns-120x80.jpg 120w\" sizes=\"auto, (max-width: 600px) 100vw, 600px\" \/> <img loading=\"lazy\" decoding=\"async\" class=\"aligncenter size-large wp-image-45805\" src=\"https:\/\/tomajazz.com\/web\/wp-content\/uploads\/2019\/09\/07_vtl-mts-vtl-\u00a9Joan-Cort\u00e8s_18jul19_Crrrs_Jzz-Jns_Jns-600x399.jpg\" alt=\"\" width=\"600\" height=\"399\" title=\"\" srcset=\"https:\/\/tomajazz.com\/web\/wp-content\/uploads\/2019\/09\/07_vtl-mts-vtl-\u00a9Joan-Cort\u00e8s_18jul19_Crrrs_Jzz-Jns_Jns.jpg 600w, https:\/\/tomajazz.com\/web\/wp-content\/uploads\/2019\/09\/07_vtl-mts-vtl-\u00a9Joan-Cort\u00e8s_18jul19_Crrrs_Jzz-Jns_Jns-200x133.jpg 200w, https:\/\/tomajazz.com\/web\/wp-content\/uploads\/2019\/09\/07_vtl-mts-vtl-\u00a9Joan-Cort\u00e8s_18jul19_Crrrs_Jzz-Jns_Jns-83x55.jpg 83w, https:\/\/tomajazz.com\/web\/wp-content\/uploads\/2019\/09\/07_vtl-mts-vtl-\u00a9Joan-Cort\u00e8s_18jul19_Crrrs_Jzz-Jns_Jns-60x40.jpg 60w, https:\/\/tomajazz.com\/web\/wp-content\/uploads\/2019\/09\/07_vtl-mts-vtl-\u00a9Joan-Cort\u00e8s_18jul19_Crrrs_Jzz-Jns_Jns-120x80.jpg 120w\" sizes=\"auto, (max-width: 600px) 100vw, 600px\" \/> <img loading=\"lazy\" decoding=\"async\" class=\"aligncenter size-large wp-image-45806\" src=\"https:\/\/tomajazz.com\/web\/wp-content\/uploads\/2019\/09\/08_vtl-mts-vtl-\u00a9Joan-Cort\u00e8s_18jul19_Crrrs_Jzz-Jns_Jns-600x399.jpg\" alt=\"\" width=\"600\" height=\"399\" title=\"\" srcset=\"https:\/\/tomajazz.com\/web\/wp-content\/uploads\/2019\/09\/08_vtl-mts-vtl-\u00a9Joan-Cort\u00e8s_18jul19_Crrrs_Jzz-Jns_Jns.jpg 600w, https:\/\/tomajazz.com\/web\/wp-content\/uploads\/2019\/09\/08_vtl-mts-vtl-\u00a9Joan-Cort\u00e8s_18jul19_Crrrs_Jzz-Jns_Jns-200x133.jpg 200w, https:\/\/tomajazz.com\/web\/wp-content\/uploads\/2019\/09\/08_vtl-mts-vtl-\u00a9Joan-Cort\u00e8s_18jul19_Crrrs_Jzz-Jns_Jns-83x55.jpg 83w, https:\/\/tomajazz.com\/web\/wp-content\/uploads\/2019\/09\/08_vtl-mts-vtl-\u00a9Joan-Cort\u00e8s_18jul19_Crrrs_Jzz-Jns_Jns-60x40.jpg 60w, https:\/\/tomajazz.com\/web\/wp-content\/uploads\/2019\/09\/08_vtl-mts-vtl-\u00a9Joan-Cort\u00e8s_18jul19_Crrrs_Jzz-Jns_Jns-120x80.jpg 120w\" sizes=\"auto, (max-width: 600px) 100vw, 600px\" \/> <img loading=\"lazy\" decoding=\"async\" class=\"aligncenter size-large wp-image-45807\" src=\"https:\/\/tomajazz.com\/web\/wp-content\/uploads\/2019\/09\/09_vtl-mts-vtl-\u00a9Joan-Cort\u00e8s_18jul19_Crrrs_Jzz-Jns_Jns-600x399.jpg\" alt=\"\" width=\"600\" height=\"399\" title=\"\" srcset=\"https:\/\/tomajazz.com\/web\/wp-content\/uploads\/2019\/09\/09_vtl-mts-vtl-\u00a9Joan-Cort\u00e8s_18jul19_Crrrs_Jzz-Jns_Jns.jpg 600w, https:\/\/tomajazz.com\/web\/wp-content\/uploads\/2019\/09\/09_vtl-mts-vtl-\u00a9Joan-Cort\u00e8s_18jul19_Crrrs_Jzz-Jns_Jns-200x133.jpg 200w, https:\/\/tomajazz.com\/web\/wp-content\/uploads\/2019\/09\/09_vtl-mts-vtl-\u00a9Joan-Cort\u00e8s_18jul19_Crrrs_Jzz-Jns_Jns-83x55.jpg 83w, https:\/\/tomajazz.com\/web\/wp-content\/uploads\/2019\/09\/09_vtl-mts-vtl-\u00a9Joan-Cort\u00e8s_18jul19_Crrrs_Jzz-Jns_Jns-60x40.jpg 60w, https:\/\/tomajazz.com\/web\/wp-content\/uploads\/2019\/09\/09_vtl-mts-vtl-\u00a9Joan-Cort\u00e8s_18jul19_Crrrs_Jzz-Jns_Jns-120x80.jpg 120w\" sizes=\"auto, (max-width: 600px) 100vw, 600px\" \/> <img loading=\"lazy\" decoding=\"async\" class=\"aligncenter size-large wp-image-45808\" src=\"https:\/\/tomajazz.com\/web\/wp-content\/uploads\/2019\/09\/10_vtl-mts-vtl-\u00a9Joan-Cort\u00e8s_18jul19_Crrrs_Jzz-Jns_Jns-399x600.jpg\" alt=\"\" width=\"399\" height=\"600\" title=\"\" srcset=\"https:\/\/tomajazz.com\/web\/wp-content\/uploads\/2019\/09\/10_vtl-mts-vtl-\u00a9Joan-Cort\u00e8s_18jul19_Crrrs_Jzz-Jns_Jns.jpg 399w, https:\/\/tomajazz.com\/web\/wp-content\/uploads\/2019\/09\/10_vtl-mts-vtl-\u00a9Joan-Cort\u00e8s_18jul19_Crrrs_Jzz-Jns_Jns-200x300.jpg 200w, https:\/\/tomajazz.com\/web\/wp-content\/uploads\/2019\/09\/10_vtl-mts-vtl-\u00a9Joan-Cort\u00e8s_18jul19_Crrrs_Jzz-Jns_Jns-37x55.jpg 37w\" sizes=\"auto, (max-width: 399px) 100vw, 399px\" \/> <img loading=\"lazy\" decoding=\"async\" class=\"aligncenter size-large wp-image-45809\" src=\"https:\/\/tomajazz.com\/web\/wp-content\/uploads\/2019\/09\/11_vtl-mts-vtl-\u00a9Joan-Cort\u00e8s_18jul19_Crrrs_Jzz-Jns_Jns-399x600.jpg\" alt=\"\" width=\"399\" height=\"600\" title=\"\" srcset=\"https:\/\/tomajazz.com\/web\/wp-content\/uploads\/2019\/09\/11_vtl-mts-vtl-\u00a9Joan-Cort\u00e8s_18jul19_Crrrs_Jzz-Jns_Jns.jpg 399w, https:\/\/tomajazz.com\/web\/wp-content\/uploads\/2019\/09\/11_vtl-mts-vtl-\u00a9Joan-Cort\u00e8s_18jul19_Crrrs_Jzz-Jns_Jns-200x300.jpg 200w, https:\/\/tomajazz.com\/web\/wp-content\/uploads\/2019\/09\/11_vtl-mts-vtl-\u00a9Joan-Cort\u00e8s_18jul19_Crrrs_Jzz-Jns_Jns-37x55.jpg 37w\" sizes=\"auto, (max-width: 399px) 100vw, 399px\" \/><\/p>\n<ul>\n<li style=\"list-style-type: none;\"><\/li>\n<\/ul>\n<p style=\"text-align: right;\">Tomajazz: \u00a9\u00a0<strong>Joan Cort\u00e8s<\/strong>, 2019<\/p>\n","protected":false},"excerpt":{"rendered":"<p>Por\u00a0Joan Cort\u00e8s. Fecha: Jueves, 18 de julio de 2019 Lugar: Carri\u00e8res (Junas) Componentes: Avital meets Avital Avi Avital, mandolina Omer Avital, contrabajos y oud Yonathan Avishai, piano Itamar Doari, percusi\u00f3n Tomajazz: \u00a9\u00a0Joan Cort\u00e8s, 2019<span class=\"more-link\"><a href=\"https:\/\/tomajazz.com\/web\/instantzz-avital-meets-avital-26-jazz-a-junas-voyage-a-orient-carrieres-junas-2019-06-18-galeria-fotografica\/\">Contin\u00faa leyendo<\/a><\/span><\/p>\n","protected":false},"author":1,"featured_media":45806,"comment_status":"open","ping_status":"closed","sticky":false,"template":"","format":"standard","meta":{"jetpack_post_was_ever_published":false,"_jetpack_newsletter_access":"","_jetpack_dont_email_post_to_subs":false,"_jetpack_newsletter_tier_id":0,"_jetpack_memberships_contains_paywalled_content":false,"_jetpack_memberships_contains_paid_content":false,"footnotes":""},"categories":[17853,11262,15516,11261,1038],"tags":[23532,23531,23533,1041,5421,306],"class_list":["entry","author-pachi","post-45798","post","type-post","status-publish","format-standard","has-post-thumbnail","category-joan-cortes","category-photoblogs","category-imagenes","category-instantzz","category-contenidos","tag-avi-avital","tag-avital-meets-avital","tag-itamar-doari","tag-joan-cortes","tag-omer-avital","tag-yonathan-avishai"],"jetpack_featured_media_url":"https:\/\/tomajazz.com\/web\/wp-content\/uploads\/2019\/09\/08_vtl-mts-vtl-\u00a9Joan-Cort\u00e8s_18jul19_Crrrs_Jzz-Jns_Jns.jpg","jetpack_likes_enabled":true,"jetpack_sharing_enabled":true,"jetpack-related-posts":[{"id":4828,"url":"https:\/\/tomajazz.com\/web\/omer-avital-suite-of-the-east-anzic-records-2012\/","url_meta":{"origin":45798,"position":0},"title":"Omer Avital &#8211; Suite Of The East (Anzic Records, 2012)","author":"Tomajazz","date":"15 junio, 2012","format":false,"excerpt":"Comentario:\u00a0El disco fue grabado en el 2006 y ve la luz en el 2012, lo que demuestra la intemporalidad del jazz. Siete composiciones propias conforman esta\u00a0Suite Of The East\u00a0desde la positiva y optimista \u201cFree Forever\u201d hasta la introspectiva y pac\u00edfica \u201cBass Meditation\u201d con la que se cierra el \u00e1lbum. Por\u2026","rel":"","context":"En \u00ab*_Enrique Farelo\u00bb","block_context":{"text":"*_Enrique Farelo","link":"https:\/\/tomajazz.com\/web\/category\/enrique-farelo\/"},"img":{"alt_text":"","src":"https:\/\/i0.wp.com\/www.tomajazz.com\/discos\/2012_06\/ov_sote.jpg?resize=350%2C200","width":350,"height":200},"classes":[]},{"id":5784,"url":"https:\/\/tomajazz.com\/web\/avishei-cohen-featuring-omer-avital-nasheet-waits-triveni-ii-anzic-records-2012\/","url_meta":{"origin":45798,"position":1},"title":"Avishai Cohen featuring Omer Avital, Nasheet Waits: Triveni II (Anzic Records, 2012)","author":"Tomajazz","date":"10 abril, 2013","format":false,"excerpt":"Triveni II es un disco que camina por terrenos Ornettianos, del blues y en menor medida del be-bop. Algo que a priori no es ni bueno, ni malo. Ello depende de varios factores como son la pericia de los m\u00fasicos, su interacci\u00f3n, el repertorio interpretado y c\u00f3mo lo manejan. En\u2026","rel":"","context":"En \u00ab*_Pachi Tapiz\u00bb","block_context":{"text":"*_Pachi Tapiz","link":"https:\/\/tomajazz.com\/web\/category\/pachi-tapiz\/"},"img":{"alt_text":"","src":"https:\/\/i0.wp.com\/tomajazz.com\/web\/wp-content\/uploads\/2013\/04\/avishai-cohen-triveni-ii.jpg?resize=350%2C200&ssl=1","width":350,"height":200},"classes":[]},{"id":19377,"url":"https:\/\/tomajazz.com\/web\/yonathan-avishai-trio-modern-times-jazz-cd\/","url_meta":{"origin":45798,"position":2},"title":"Yonathan Avishai Trio: Modern Times (Jazz &#038; People, 2015; CD)","author":"Tomajazz","date":"2 septiembre, 2015","format":"image","excerpt":"Los m\u00fasicos de jazz de Israel tienen una gran capacidad para proyectar su m\u00fasica fuera de su pa\u00eds. Desde siempre han sido conscientes de que la mejor manera de darse a conocer es traspasar fronteras. Nombres como Eli Degibri, Avi Lebovich, los Avishai Cohen (contrabajista y trompetista), Omer Avital y\u2026","rel":"","context":"En \u00ab*_Carlos Lara\u00bb","block_context":{"text":"*_Carlos Lara","link":"https:\/\/tomajazz.com\/web\/category\/carlos-lara\/"},"img":{"alt_text":"","src":"https:\/\/i0.wp.com\/tomajazz.com\/web\/wp-content\/uploads\/2015\/08\/Yonathan-avishai_modern-times.jpg?resize=350%2C200&ssl=1","width":350,"height":200,"srcset":"https:\/\/i0.wp.com\/tomajazz.com\/web\/wp-content\/uploads\/2015\/08\/Yonathan-avishai_modern-times.jpg?resize=350%2C200&ssl=1 1x, https:\/\/i0.wp.com\/tomajazz.com\/web\/wp-content\/uploads\/2015\/08\/Yonathan-avishai_modern-times.jpg?resize=525%2C300&ssl=1 1.5x"},"classes":[]},{"id":50255,"url":"https:\/\/tomajazz.com\/web\/jazzx5195-omer-avital-qantar-just-like-the-river-flows-new-york-paradox-minipodcast-yomequedoencasa-istayathome\/","url_meta":{"origin":45798,"position":3},"title":"JazzX5#195. Omer Avital Qantar: Just Like the River Flows (New York Paradox) [Minipodcast] #YoMeQuedoEnCasa \/ #IStayAtHome","author":"Tomajazz","date":"18 abril, 2020","format":false,"excerpt":"En JazzX5 el tema \"Just Like the River Flows\", que aparece publicado en New York Paradox de la formaci\u00f3n Qantar del contrabajista Omer Avita. Y recuerda, ahora m\u00e1s que nunca es muy importante... #YoMeQuedoEnCasa #IStayAtHome","rel":"","context":"En \u00abPodcast\u00bb","block_context":{"text":"Podcast","link":"https:\/\/tomajazz.com\/web\/category\/contenidos\/sonidos\/podcast\/"},"img":{"alt_text":"","src":"https:\/\/i0.wp.com\/tomajazz.com\/web\/wp-content\/uploads\/2020\/04\/JazzX5_195.jpg?resize=350%2C200&ssl=1","width":350,"height":200,"srcset":"https:\/\/i0.wp.com\/tomajazz.com\/web\/wp-content\/uploads\/2020\/04\/JazzX5_195.jpg?resize=350%2C200&ssl=1 1x, https:\/\/i0.wp.com\/tomajazz.com\/web\/wp-content\/uploads\/2020\/04\/JazzX5_195.jpg?resize=525%2C300&ssl=1 1.5x, https:\/\/i0.wp.com\/tomajazz.com\/web\/wp-content\/uploads\/2020\/04\/JazzX5_195.jpg?resize=700%2C400&ssl=1 2x"},"classes":[]},{"id":16100,"url":"https:\/\/tomajazz.com\/web\/nir-naaman-independence-naaman-music-2014\/","url_meta":{"origin":45798,"position":4},"title":"Nir Naaman: Independence (Naaman Music, 2014)","author":"Tomajazz","date":"24 diciembre, 2014","format":false,"excerpt":"Nir Naaman es un joven saxofonista israel\u00ed afincado en Nueva York como otros colegas, caso de Avishai Cohen, Omer Avital o Anat Cohen. Entre sus maestros se encuentra por ejemplo el saxofonista Steve Wilson. Bajo la producci\u00f3n del gran pianista George Cables, Independence es su estreno como l\u00edder. Un trabajo\u2026","rel":"","context":"En \u00ab*_Carlos Lara\u00bb","block_context":{"text":"*_Carlos Lara","link":"https:\/\/tomajazz.com\/web\/category\/carlos-lara\/"},"img":{"alt_text":"","src":"https:\/\/i0.wp.com\/tomajazz.com\/web\/wp-content\/uploads\/2014\/12\/Nir-Naaman_Independence_Naaman-Music_2014-e1419364209415.jpg?resize=350%2C200&ssl=1","width":350,"height":200},"classes":[]},{"id":46284,"url":"https:\/\/tomajazz.com\/web\/instantzz-avishai-cohen-trio-arvoles-26-jazz-a-junas-voyage-a-orient-carrieres-junas-2019-06-19-galeria-fotografica\/","url_meta":{"origin":45798,"position":5},"title":"INSTANTZZ: Avisha\u00ef Cohen Trio \u201cArvoles\u201d (26 Jazz \u00e0 Junas, \u201cVoyage a Orient\u201d, Carri\u00e8res, Junas. 2019-06-19) [Galer\u00eda fotogr\u00e1fica]","author":"Tomajazz","date":"8 octubre, 2019","format":false,"excerpt":"Por\u00a0Joan Cort\u00e8s. Fecha: Viernes, 19 de julio de 2019 Lugar: Carri\u00e8res (Junas) Grupo: Avisha\u00ef Cohen Trio Avisha\u00ef Cohen, contrabajo Elchin Shirinov, piano Noam David, bater\u00eda y percusi\u00f3n Tomajazz: \u00a9\u00a0Joan Cort\u00e8s, 2019","rel":"","context":"En \u00ab*_Joan Cort\u00e8s\u00bb","block_context":{"text":"*_Joan Cort\u00e8s","link":"https:\/\/tomajazz.com\/web\/category\/joan-cortes\/"},"img":{"alt_text":"INSTANTZZ: Avisha\u00ef Cohen Trio \u201cArvoles\u201d (26 Jazz \u00e0 Junas, \u201cVoyage a Orient\u201d, Carri\u00e8res, Junas. 2019-06-19) [Galer\u00eda fotogr\u00e1fica]","src":"https:\/\/i0.wp.com\/tomajazz.com\/web\/wp-content\/uploads\/2019\/10\/04_vsh-Chn-Tr-%C2%A9Joan-Cort%C3%A8s-19jul19_Crrrs_26Jzz-Jns.jpg?resize=350%2C200&ssl=1","width":350,"height":200,"srcset":"https:\/\/i0.wp.com\/tomajazz.com\/web\/wp-content\/uploads\/2019\/10\/04_vsh-Chn-Tr-%C2%A9Joan-Cort%C3%A8s-19jul19_Crrrs_26Jzz-Jns.jpg?resize=350%2C200&ssl=1 1x, https:\/\/i0.wp.com\/tomajazz.com\/web\/wp-content\/uploads\/2019\/10\/04_vsh-Chn-Tr-%C2%A9Joan-Cort%C3%A8s-19jul19_Crrrs_26Jzz-Jns.jpg?resize=525%2C300&ssl=1 1.5x"},"classes":[]}],"_links":{"self":[{"href":"https:\/\/tomajazz.com\/web\/wp-json\/wp\/v2\/posts\/45798","targetHints":{"allow":["GET"]}}],"collection":[{"href":"https:\/\/tomajazz.com\/web\/wp-json\/wp\/v2\/posts"}],"about":[{"href":"https:\/\/tomajazz.com\/web\/wp-json\/wp\/v2\/types\/post"}],"author":[{"embeddable":true,"href":"https:\/\/tomajazz.com\/web\/wp-json\/wp\/v2\/users\/1"}],"replies":[{"embeddable":true,"href":"https:\/\/tomajazz.com\/web\/wp-json\/wp\/v2\/comments?post=45798"}],"version-history":[{"count":1,"href":"https:\/\/tomajazz.com\/web\/wp-json\/wp\/v2\/posts\/45798\/revisions"}],"predecessor-version":[{"id":45810,"href":"https:\/\/tomajazz.com\/web\/wp-json\/wp\/v2\/posts\/45798\/revisions\/45810"}],"wp:featuredmedia":[{"embeddable":true,"href":"https:\/\/tomajazz.com\/web\/wp-json\/wp\/v2\/media\/45806"}],"wp:attachment":[{"href":"https:\/\/tomajazz.com\/web\/wp-json\/wp\/v2\/media?parent=45798"}],"wp:term":[{"taxonomy":"category","embeddable":true,"href":"https:\/\/tomajazz.com\/web\/wp-json\/wp\/v2\/categories?post=45798"},{"taxonomy":"post_tag","embeddable":true,"href":"https:\/\/tomajazz.com\/web\/wp-json\/wp\/v2\/tags?post=45798"}],"curies":[{"name":"wp","href":"https:\/\/api.w.org\/{rel}","templated":true}]}}