{"id":46193,"date":"2019-10-03T10:00:27","date_gmt":"2019-10-03T08:00:27","guid":{"rendered":"https:\/\/www.tomajazz.com\/web\/?p=46193"},"modified":"2022-01-20T17:10:25","modified_gmt":"2022-01-20T16:10:25","slug":"mmi-festival-barcelona-25-al-27-de-octubre-de-2019-noticias","status":"publish","type":"post","link":"https:\/\/tomajazz.com\/web\/mmi-festival-barcelona-25-al-27-de-octubre-de-2019-noticias\/","title":{"rendered":"MMI Festival Barcelona (25 al 27 de octubre de 2019) [Noticias]"},"content":{"rendered":"<p>Por\u00a0<strong>Redacci\u00f3n<\/strong>.<\/p>\n<p style=\"text-align: center;\"><img loading=\"lazy\" decoding=\"async\" class=\"aligncenter wp-image-46194 size-large\" src=\"https:\/\/tomajazz.com\/web\/wp-content\/uploads\/2019\/10\/MMI-2019-Barcelona-429x600.jpg\" alt=\"\" width=\"429\" height=\"600\" title=\"\" srcset=\"https:\/\/tomajazz.com\/web\/wp-content\/uploads\/2019\/10\/MMI-2019-Barcelona-429x600.jpg 429w, https:\/\/tomajazz.com\/web\/wp-content\/uploads\/2019\/10\/MMI-2019-Barcelona-200x280.jpg 200w, https:\/\/tomajazz.com\/web\/wp-content\/uploads\/2019\/10\/MMI-2019-Barcelona-768x1075.jpg 768w, https:\/\/tomajazz.com\/web\/wp-content\/uploads\/2019\/10\/MMI-2019-Barcelona-39x55.jpg 39w\" sizes=\"auto, (max-width: 429px) 100vw, 429px\" \/><\/p>\n<p>MMI Festival Barcelona<br \/>\nDel 25 al 27 de octubre de 2019<\/p>\n<p><strong>25 de octubre. Convent Sant Agust\u00ed.<\/strong><br \/>\nEntradas 8 euros<br \/>\n18:30. Barbara Held &#8211; Marie Takahashi &#8211; Alex Reviriego<br \/>\n19:30. Emilio Gordoa &#8211; Sarah Claman &#8211; Vasco Trilla<br \/>\n20:30. Ilona Schneider &#8211; Liba Villavecchia &#8211; Marja Burchard<\/p>\n<p><strong>26 de octubre.\u00a0<\/strong><br \/>\n<strong>Master Classes en Convent Sant Agust\u00ed.\u00a0<\/strong><br \/>\n13:00 a 15:00<br \/>\nDiego Caicedo. Ni\u00f1os 7 a 14 a\u00f1os<br \/>\nEmilio Gordoa. J\u00f3venes y adultos (no m\u00fasicos)<br \/>\nAlfonso Mu\u00f1oz. M\u00fasicos de otros g\u00e9neros<br \/>\nAgust\u00ed Fern\u00e1ndez. M\u00fasicos improvisadores<\/p>\n<p><strong>Conciertos en Rai Art.<\/strong><br \/>\nEntradas 8 euros<br \/>\n19:00. Nuno Rebelo &#8211; Joni Sigil &#8211; Sebi Tramontana<br \/>\n20:00. N\u00faria Andorr\u00e0 &#8211; M\u00edriam F\u00e9lix &#8211; Chefa Alonso<br \/>\n21:00. Harri Sj\u00f6str\u00f6m &#8211; Misha Marks &#8211; Ram\u00f2n Prats<br \/>\n22:00. Open Free Impro con M\u00fasicos del Festival<\/p>\n<p><strong>27 de octubre. Nota 79.<\/strong><br \/>\nEntrada: 13 euros<br \/>\n19:30. Jordina Mill\u00e0 &#8211; Axel D\u00f6rner<br \/>\n20:30. Maasl Maier &#8211; Diego Caicedo &#8211; Agust\u00ed Mart\u00ednez &#8211; Avelino Saavedra<br \/>\n21:30. Agust\u00ed Fern\u00e1ndez &#8211; Don Malfon<br \/>\n22:30. Open Free Impro con M\u00fasicos del Festival<\/p>\n","protected":false},"excerpt":{"rendered":"<p>Por\u00a0Redacci\u00f3n. MMI Festival Barcelona Del 25 al 27 de octubre de 2019 25 de octubre. Convent Sant Agust\u00ed. Entradas 8 euros 18:30. Barbara Held &#8211; Marie Takahashi &#8211; Alex Reviriego 19:30. Emilio Gordoa &#8211; Sarah Claman &#8211; Vasco Trilla 20:30. Ilona Schneider &#8211; Liba Villavecchia &#8211; Marja Burchard 26 de<span class=\"more-link\"><a href=\"https:\/\/tomajazz.com\/web\/mmi-festival-barcelona-25-al-27-de-octubre-de-2019-noticias\/\">Contin\u00faa leyendo<\/a><\/span><\/p>\n","protected":false},"author":1,"featured_media":46194,"comment_status":"open","ping_status":"closed","sticky":false,"template":"","format":"standard","meta":{"jetpack_post_was_ever_published":false,"_jetpack_newsletter_access":"","_jetpack_dont_email_post_to_subs":false,"_jetpack_newsletter_tier_id":0,"_jetpack_memberships_contains_paywalled_content":false,"_jetpack_memberships_contains_paid_content":false,"footnotes":""},"categories":[17858,15795,1038],"tags":[11856,15296],"class_list":["entry","author-pachi","post-46193","post","type-post","status-publish","format-standard","has-post-thumbnail","category-redaccion","category-noticias-2","category-contenidos","tag-noticias","tag-noticias-de-jazz"],"jetpack_featured_media_url":"https:\/\/tomajazz.com\/web\/wp-content\/uploads\/2019\/10\/MMI-2019-Barcelona.jpg","jetpack_likes_enabled":true,"jetpack_sharing_enabled":true,"jetpack-related-posts":[{"id":48309,"url":"https:\/\/tomajazz.com\/web\/instantzz-barbara-held-marie-takahashi-alex-reviriego-emilio-gordoa-sarah-claman-ivan-gonzalez-ilona-schneider-liba-villavecchia-marja-burchard-mmi-music-more-impro-convent-de-sant-ahgusti\/","url_meta":{"origin":46193,"position":0},"title":"INSTANTZZ: Barbara Held-Marie Takahashi-\u00c0lex Reviriego, Emilio Gordoa-Sarah Claman-Iv\u00e1n Gonz\u00e1lez &#038; Ilona Schneider-Liba Villavecchia-Marja Burchard (MMI -Music &#038; More Impro-, Convent de Sant Ahgust\u00ed, Barcelona. 2019-10-25)) [Galer\u00eda fotogr\u00e1fica]","author":"Tomajazz","date":"9 enero, 2020","format":false,"excerpt":"En la galer\u00eda fotogr\u00e1fica INSTANTZZ, Joan Cort\u00e8s con la primera entrega del festival MMI -Music & More Impro- en su edici\u00f3n barcelonesa. Con las instant\u00e1neas de las actuaciones de Barbara Held-Marie Takahashi-\u00c0lex Reviriego , Emilio Gordoa-Sarah Claman-Iv\u00e1n Gonz\u00e1lez, Ilona Schneider-Liba Villavecchia-Marja Burchard.","rel":"","context":"En \u00abIm\u00e1genes\u00bb","block_context":{"text":"Im\u00e1genes","link":"https:\/\/tomajazz.com\/web\/category\/contenidos\/imagenes\/"},"img":{"alt_text":"","src":"https:\/\/i0.wp.com\/tomajazz.com\/web\/wp-content\/uploads\/2020\/01\/03_MMI_I_-%C2%A9Joan-Cort%C3%A8s_25oct19_Cnvnt-Snt-gst_Bcn.jpg?resize=350%2C200&ssl=1","width":350,"height":200,"srcset":"https:\/\/i0.wp.com\/tomajazz.com\/web\/wp-content\/uploads\/2020\/01\/03_MMI_I_-%C2%A9Joan-Cort%C3%A8s_25oct19_Cnvnt-Snt-gst_Bcn.jpg?resize=350%2C200&ssl=1 1x, https:\/\/i0.wp.com\/tomajazz.com\/web\/wp-content\/uploads\/2020\/01\/03_MMI_I_-%C2%A9Joan-Cort%C3%A8s_25oct19_Cnvnt-Snt-gst_Bcn.jpg?resize=525%2C300&ssl=1 1.5x"},"classes":[]},{"id":54459,"url":"https:\/\/tomajazz.com\/web\/mmi-festival-barcelona-1-y-2-de-mayo-de-2021-noticias\/","url_meta":{"origin":46193,"position":1},"title":"MMI Festival Barcelona (1 y 2 de mayo de 2021) [Noticias]","author":"Tomajazz","date":"26 abril, 2021","format":false,"excerpt":"Los d\u00edas 1 y 2 de mayo de 2021 tendr\u00e1 lugar en Barcelona la parte barcelonesa del MMI Festival, centrado en la improvisaci\u00f3n libre.","rel":"","context":"En \u00ab*_Redacci\u00f3n\u00bb","block_context":{"text":"*_Redacci\u00f3n","link":"https:\/\/tomajazz.com\/web\/category\/redaccion\/"},"img":{"alt_text":"","src":"https:\/\/i0.wp.com\/tomajazz.com\/web\/wp-content\/uploads\/2021\/04\/MMI-Festival.jpg?resize=350%2C200&ssl=1","width":350,"height":200,"srcset":"https:\/\/i0.wp.com\/tomajazz.com\/web\/wp-content\/uploads\/2021\/04\/MMI-Festival.jpg?resize=350%2C200&ssl=1 1x, https:\/\/i0.wp.com\/tomajazz.com\/web\/wp-content\/uploads\/2021\/04\/MMI-Festival.jpg?resize=525%2C300&ssl=1 1.5x, https:\/\/i0.wp.com\/tomajazz.com\/web\/wp-content\/uploads\/2021\/04\/MMI-Festival.jpg?resize=700%2C400&ssl=1 2x, https:\/\/i0.wp.com\/tomajazz.com\/web\/wp-content\/uploads\/2021\/04\/MMI-Festival.jpg?resize=1050%2C600&ssl=1 3x"},"classes":[]},{"id":79070,"url":"https:\/\/tomajazz.com\/web\/trobades-mmi\/","url_meta":{"origin":46193,"position":2},"title":"John Butcher &#8211; Don Malfon &#8211; Agust\u00ed Fern\u00e1ndez (Trobades MMI, Barcelona. 2023-10-26) [Noticias de jazz]","author":"Tomajazz","date":"2 octubre, 2023","format":false,"excerpt":"El jueves 26 de octubre de 2023 a las 19:30 actuar\u00e1n John Butcher - Don Malfon - Agust\u00ed Fern\u00e1ndez dentro de Trobades MMI (Barcelona) #Noticiasdejazz","rel":"","context":"En \u00ab*_Redacci\u00f3n\u00bb","block_context":{"text":"*_Redacci\u00f3n","link":"https:\/\/tomajazz.com\/web\/category\/redaccion\/"},"img":{"alt_text":"John Butcher - Don Malfon - Agust\u00ed Fern\u00e1ndez (Trobades MMI, Barcelona. 2023-10-26) [Noticias de jazz] - Tomajazz 9.0 - El jueves 26 de octubre de 2023 a las 19:30 actuar\u00e1n John Butcher - Don Malfon - Agust\u00ed Fern\u00e1ndez dentro de Trobades MMI (Barcelona) #Noticiasdejazz","src":"https:\/\/i0.wp.com\/tomajazz.com\/web\/wp-content\/uploads\/2023\/10\/Cartell-Trobades-MMI-26oct23-Tomajazz-Noticias.jpg?resize=350%2C200&ssl=1","width":350,"height":200,"srcset":"https:\/\/i0.wp.com\/tomajazz.com\/web\/wp-content\/uploads\/2023\/10\/Cartell-Trobades-MMI-26oct23-Tomajazz-Noticias.jpg?resize=350%2C200&ssl=1 1x, https:\/\/i0.wp.com\/tomajazz.com\/web\/wp-content\/uploads\/2023\/10\/Cartell-Trobades-MMI-26oct23-Tomajazz-Noticias.jpg?resize=525%2C300&ssl=1 1.5x, https:\/\/i0.wp.com\/tomajazz.com\/web\/wp-content\/uploads\/2023\/10\/Cartell-Trobades-MMI-26oct23-Tomajazz-Noticias.jpg?resize=700%2C400&ssl=1 2x"},"classes":[]},{"id":54762,"url":"https:\/\/tomajazz.com\/web\/instantzz-don-malfon-joni-sigil-emilio-gordoa-impro-day-1-set-3-mmi-festival-music-more-impro-2021-iii-viii-utopia-126-barcelona-2021-05-01-galeria-fotografica-aka\/","url_meta":{"origin":46193,"position":3},"title":"INSTANTZZ:  Don Malfon, Joni Sigil &#038; Emilio Gordoa \u201cImpro day 1 set 3\u201d [MMI Festival -Music &#038; More Impro- 2021 (III\/VIII), Utopia 126, Barcelona. 2021-05-01] [Galer\u00eda fotogr\u00e1fica AKA Fotoblog de jazz, impro\u2026 y algo m\u00e1s] Por Joan Cort\u00e8s","author":"Tomajazz","date":"22 mayo, 2021","format":false,"excerpt":"Tercera entrega del MMI Festival -Music & More Impro- 2021 que Joan Cort\u00e9s est\u00e1 realizando en Tomajazz. En esta ocasi\u00f3n es el turno de la propuesta de Don Malfon, Joni Sigil & Emilio Gordoa.","rel":"","context":"En \u00abIm\u00e1genes\u00bb","block_context":{"text":"Im\u00e1genes","link":"https:\/\/tomajazz.com\/web\/category\/contenidos\/imagenes\/"},"img":{"alt_text":"","src":"https:\/\/i0.wp.com\/tomajazz.com\/web\/wp-content\/uploads\/2021\/05\/07_Mlfn-Sgl-Grd-Joan-Cortes_01mai21_MMI_D1S3_Utopia-126_Bcn.jpg?resize=350%2C200&ssl=1","width":350,"height":200,"srcset":"https:\/\/i0.wp.com\/tomajazz.com\/web\/wp-content\/uploads\/2021\/05\/07_Mlfn-Sgl-Grd-Joan-Cortes_01mai21_MMI_D1S3_Utopia-126_Bcn.jpg?resize=350%2C200&ssl=1 1x, https:\/\/i0.wp.com\/tomajazz.com\/web\/wp-content\/uploads\/2021\/05\/07_Mlfn-Sgl-Grd-Joan-Cortes_01mai21_MMI_D1S3_Utopia-126_Bcn.jpg?resize=525%2C300&ssl=1 1.5x"},"classes":[]},{"id":52470,"url":"https:\/\/tomajazz.com\/web\/montmusic-festival-les-noves-musiques-al-montseny-2020-can-balmes-palau-barcelona-16-al-18-de-octubre-de-2020-noticias-de-jazz\/","url_meta":{"origin":46193,"position":4},"title":"MontMusic Festival, Les Noves M\u00fasiques Al Montseny 2020 (Can Balmes, Palau, Barcelona. 16 al 18 de octubre de 2020) [Noticias de jazz]","author":"Tomajazz","date":"6 octubre, 2020","format":false,"excerpt":"Entre el 16 y el 18 de octubre tendr\u00e1 lugar el MontMusic Festival, Les Noves M\u00fasiques Al Montseny 2020.","rel":"","context":"En \u00abNoticias\u00bb","block_context":{"text":"Noticias","link":"https:\/\/tomajazz.com\/web\/category\/contenidos\/noticias-2\/"},"img":{"alt_text":"","src":"https:\/\/i0.wp.com\/tomajazz.com\/web\/wp-content\/uploads\/2020\/10\/MontMusic-Festival-2020.-Cartell-MontMusic-Festival-2020.jpg?resize=350%2C200&ssl=1","width":350,"height":200,"srcset":"https:\/\/i0.wp.com\/tomajazz.com\/web\/wp-content\/uploads\/2020\/10\/MontMusic-Festival-2020.-Cartell-MontMusic-Festival-2020.jpg?resize=350%2C200&ssl=1 1x, https:\/\/i0.wp.com\/tomajazz.com\/web\/wp-content\/uploads\/2020\/10\/MontMusic-Festival-2020.-Cartell-MontMusic-Festival-2020.jpg?resize=525%2C300&ssl=1 1.5x, https:\/\/i0.wp.com\/tomajazz.com\/web\/wp-content\/uploads\/2020\/10\/MontMusic-Festival-2020.-Cartell-MontMusic-Festival-2020.jpg?resize=700%2C400&ssl=1 2x, https:\/\/i0.wp.com\/tomajazz.com\/web\/wp-content\/uploads\/2020\/10\/MontMusic-Festival-2020.-Cartell-MontMusic-Festival-2020.jpg?resize=1050%2C600&ssl=1 3x"},"classes":[]},{"id":48602,"url":"https:\/\/tomajazz.com\/web\/instantzz-harri-sjostrom-misha-marks-ramon-prats-constanza-brncic-andres-corchero-free-impro-mmi-music-more-impro-rai-art-barcelona-2019-10-26-iii-ivgaleria-fotografica\/","url_meta":{"origin":46193,"position":5},"title":"INSTANTZZ: Harri Sj\u00f6str\u00f6m-Misha Marks-Ramon Prats-Constanza Brncic-Andr\u00e9s Corchero &#038; Free Impro (MMI -Music &#038; More Impro-, RAI Art, Barcelona. 2019-10-26) (III\/IV)[Galer\u00eda fotogr\u00e1fica]","author":"Tomajazz","date":"21 enero, 2020","format":false,"excerpt":"Joan Cort\u00e8s termina con su recorrido visual por el MMI -Music & More Impro Barcelona con una galer\u00eda fotogr\u00e1fica - INSTANTZZ dedicada a las actuaciones de Harri Sj\u00f6str\u00f6m-Misha Marks-Ramon Prats-Constanza Brncic-Andr\u00e9s Corchero y a la Free Impro con varios de los artistas participantes en este y otros conciertos.","rel":"","context":"En \u00abFotoblog - Galer\u00eda fotogr\u00e1fica\u00bb","block_context":{"text":"Fotoblog - Galer\u00eda fotogr\u00e1fica","link":"https:\/\/tomajazz.com\/web\/category\/contenidos\/imagenes\/photoblogs\/"},"img":{"alt_text":"","src":"https:\/\/i0.wp.com\/tomajazz.com\/web\/wp-content\/uploads\/2020\/01\/10_MMI_III_%C2%A9Joan-Cort%C3%A8s_26oct19_R-rt_Bcn.jpg?resize=350%2C200&ssl=1","width":350,"height":200,"srcset":"https:\/\/i0.wp.com\/tomajazz.com\/web\/wp-content\/uploads\/2020\/01\/10_MMI_III_%C2%A9Joan-Cort%C3%A8s_26oct19_R-rt_Bcn.jpg?resize=350%2C200&ssl=1 1x, https:\/\/i0.wp.com\/tomajazz.com\/web\/wp-content\/uploads\/2020\/01\/10_MMI_III_%C2%A9Joan-Cort%C3%A8s_26oct19_R-rt_Bcn.jpg?resize=525%2C300&ssl=1 1.5x"},"classes":[]}],"_links":{"self":[{"href":"https:\/\/tomajazz.com\/web\/wp-json\/wp\/v2\/posts\/46193","targetHints":{"allow":["GET"]}}],"collection":[{"href":"https:\/\/tomajazz.com\/web\/wp-json\/wp\/v2\/posts"}],"about":[{"href":"https:\/\/tomajazz.com\/web\/wp-json\/wp\/v2\/types\/post"}],"author":[{"embeddable":true,"href":"https:\/\/tomajazz.com\/web\/wp-json\/wp\/v2\/users\/1"}],"replies":[{"embeddable":true,"href":"https:\/\/tomajazz.com\/web\/wp-json\/wp\/v2\/comments?post=46193"}],"version-history":[{"count":1,"href":"https:\/\/tomajazz.com\/web\/wp-json\/wp\/v2\/posts\/46193\/revisions"}],"predecessor-version":[{"id":46195,"href":"https:\/\/tomajazz.com\/web\/wp-json\/wp\/v2\/posts\/46193\/revisions\/46195"}],"wp:featuredmedia":[{"embeddable":true,"href":"https:\/\/tomajazz.com\/web\/wp-json\/wp\/v2\/media\/46194"}],"wp:attachment":[{"href":"https:\/\/tomajazz.com\/web\/wp-json\/wp\/v2\/media?parent=46193"}],"wp:term":[{"taxonomy":"category","embeddable":true,"href":"https:\/\/tomajazz.com\/web\/wp-json\/wp\/v2\/categories?post=46193"},{"taxonomy":"post_tag","embeddable":true,"href":"https:\/\/tomajazz.com\/web\/wp-json\/wp\/v2\/tags?post=46193"}],"curies":[{"name":"wp","href":"https:\/\/api.w.org\/{rel}","templated":true}]}}