{"id":46347,"date":"2019-10-10T12:00:55","date_gmt":"2019-10-10T10:00:55","guid":{"rendered":"https:\/\/www.tomajazz.com\/web\/?p=46347"},"modified":"2022-01-20T14:59:03","modified_gmt":"2022-01-20T13:59:03","slug":"jazzx5102-trio-gafas-disonancias-minipodcast","status":"publish","type":"post","link":"https:\/\/tomajazz.com\/web\/jazzx5102-trio-gafas-disonancias-minipodcast\/","title":{"rendered":"JazzX5#102. Tr\u00edo Gafas: Disonancias [Minipodcast]"},"content":{"rendered":"<p>Por\u00a0<strong>Pachi Tapiz<\/strong>.<\/p>\n<p><img loading=\"lazy\" decoding=\"async\" class=\"alignleft wp-image-46349 size-medium\" src=\"https:\/\/tomajazz.com\/web\/wp-content\/uploads\/2019\/10\/Trio-Gafas_Vague-Notion-200x200.jpg\" alt=\"\" width=\"200\" height=\"200\" title=\"\" srcset=\"https:\/\/tomajazz.com\/web\/wp-content\/uploads\/2019\/10\/Trio-Gafas_Vague-Notion-200x200.jpg 200w, https:\/\/tomajazz.com\/web\/wp-content\/uploads\/2019\/10\/Trio-Gafas_Vague-Notion-150x150.jpg 150w, https:\/\/tomajazz.com\/web\/wp-content\/uploads\/2019\/10\/Trio-Gafas_Vague-Notion-55x55.jpg 55w, https:\/\/tomajazz.com\/web\/wp-content\/uploads\/2019\/10\/Trio-Gafas_Vague-Notion-50x50.jpg 50w, https:\/\/tomajazz.com\/web\/wp-content\/uploads\/2019\/10\/Trio-Gafas_Vague-Notion.jpg 500w\" sizes=\"auto, (max-width: 200px) 100vw, 200px\" \/>\u00abDisonancias\u00bb<br \/>\n<strong>Tr\u00edo Gafas<\/strong>: <em>Vage Notion<\/em> (JazzMadrid)<br \/>\nTr\u00edo Gafas: Igor Proch\u00e1zka, Christian P\u00e9rez, Diego Guti\u00e9rrez<\/p>\n<p style=\"text-align: right;\"><span style=\"text-align: right;\">Tomajazz: \u00a9 <\/span><strong style=\"text-align: right;\">Pachi Tapiz<\/strong><span style=\"text-align: right;\">, 2019<\/span><\/p>\n<p><iframe id=\"audio_42926609\" style=\"border: 1px solid #EEE; box-sizing: border-box; width: 100%;\" src=\"https:\/\/www.ivoox.com\/player_ej_42926609_4_1.html?c1=ff6600\" height=\"200\" frameborder=\"0\" scrolling=\"no\" allowfullscreen=\"allowfullscreen\"><\/iframe><\/p>\n<p><strong>JazzX5<\/strong> es un minipodcast de HDO de la Factor\u00eda Tomajazz presentado, editado y producido por\u00a0<strong>Pachi Tapiz<\/strong>.<br \/>\n<strong>JazzX5<\/strong> comenz\u00f3 su andadura el 24 de junio de 2019.<br \/>\nTodas las entregas de <strong>JazzX5<\/strong> est\u00e1n disponibles en <strong><a href=\"https:\/\/tomajazz.com\/web\/?cat=23120\" target=\"_blank\" rel=\"noopener noreferrer\">https:\/\/tomajazz.com\/web\/?cat=23120<\/a><\/strong>.<\/p>\n","protected":false},"excerpt":{"rendered":"<p>Por\u00a0Pachi Tapiz. \u00abDisonancias\u00bb Tr\u00edo Gafas: Vage Notion (JazzMadrid) Tr\u00edo Gafas: Igor Proch\u00e1zka, Christian P\u00e9rez, Diego Guti\u00e9rrez Tomajazz: \u00a9 Pachi Tapiz, 2019 JazzX5 es un minipodcast de HDO de la Factor\u00eda Tomajazz presentado, editado y producido por\u00a0Pachi Tapiz. JazzX5 comenz\u00f3 su andadura el 24 de junio de 2019. Todas las entregas<span class=\"more-link\"><a href=\"https:\/\/tomajazz.com\/web\/jazzx5102-trio-gafas-disonancias-minipodcast\/\">Contin\u00faa leyendo<\/a><\/span><\/p>\n","protected":false},"author":1,"featured_media":46348,"comment_status":"open","ping_status":"closed","sticky":false,"template":"","format":"standard","meta":{"jetpack_post_was_ever_published":false,"_jetpack_newsletter_access":"","_jetpack_dont_email_post_to_subs":false,"_jetpack_newsletter_tier_id":0,"_jetpack_memberships_contains_paywalled_content":false,"_jetpack_memberships_contains_paid_content":false,"footnotes":""},"categories":[17847,23120,12814,15518,1038],"tags":[145,6735,23703,23118,31,23702],"class_list":["entry","author-pachi","post-46347","post","type-post","status-publish","format-standard","has-post-thumbnail","category-pachi-tapiz","category-jazzx5","category-podcast","category-sonidos","category-contenidos","tag-christian-perez","tag-diego-gutierrez","tag-igor-prochazka","tag-jazzx5","tag-pachi-tapiz","tag-trio-gafas"],"jetpack_featured_media_url":"https:\/\/tomajazz.com\/web\/wp-content\/uploads\/2019\/10\/JazzX5_102.jpg","jetpack_likes_enabled":true,"jetpack_sharing_enabled":true,"jetpack-related-posts":[{"id":46795,"url":"https:\/\/tomajazz.com\/web\/https-www-tomajazz-com-web-p46795\/","url_meta":{"origin":46347,"position":0},"title":"Jazz Para Ti: 29 de octubre de 2019 (Programa 051) JPT.T3.04 [Podcast]","author":"Tomajazz","date":"31 octubre, 2019","format":false,"excerpt":"Nueva entrega del programa de radio Jazz Para Ti de Pachi Tapiz con la m\u00fasica de Bill Frisell, Tom Harrell, Cuarteto Fuerte, Tr\u00edo Gafas y Steve Lehman con Craig Taborn entre otros.","rel":"","context":"En \u00abSonidos\u00bb","block_context":{"text":"Sonidos","link":"https:\/\/tomajazz.com\/web\/category\/contenidos\/sonidos\/"},"img":{"alt_text":"","src":"https:\/\/i0.wp.com\/tomajazz.com\/web\/wp-content\/uploads\/2019\/10\/JazzParaTi_51.jpg?resize=350%2C200&ssl=1","width":350,"height":200,"srcset":"https:\/\/i0.wp.com\/tomajazz.com\/web\/wp-content\/uploads\/2019\/10\/JazzParaTi_51.jpg?resize=350%2C200&ssl=1 1x, https:\/\/i0.wp.com\/tomajazz.com\/web\/wp-content\/uploads\/2019\/10\/JazzParaTi_51.jpg?resize=525%2C300&ssl=1 1.5x, https:\/\/i0.wp.com\/tomajazz.com\/web\/wp-content\/uploads\/2019\/10\/JazzParaTi_51.jpg?resize=700%2C400&ssl=1 2x"},"classes":[]},{"id":46790,"url":"https:\/\/tomajazz.com\/web\/https-www-tomajazz-com-web-p46790\/","url_meta":{"origin":46347,"position":1},"title":"JazzX5#123. Chick Corea Trio: La Fiesta (Trilogy 2) [Minipodcast]","author":"Tomajazz","date":"31 octubre, 2019","format":false,"excerpt":"\"La Fiesta\" del Chick Corea Trio publicado en Trilogy 2, suena en el podcast JazzX5 de Pachi Tapiz.","rel":"","context":"En \u00abPodcast\u00bb","block_context":{"text":"Podcast","link":"https:\/\/tomajazz.com\/web\/category\/contenidos\/sonidos\/podcast\/"},"img":{"alt_text":"","src":"https:\/\/i0.wp.com\/tomajazz.com\/web\/wp-content\/uploads\/2019\/10\/JazzX5_123.jpg?resize=350%2C200&ssl=1","width":350,"height":200,"srcset":"https:\/\/i0.wp.com\/tomajazz.com\/web\/wp-content\/uploads\/2019\/10\/JazzX5_123.jpg?resize=350%2C200&ssl=1 1x, https:\/\/i0.wp.com\/tomajazz.com\/web\/wp-content\/uploads\/2019\/10\/JazzX5_123.jpg?resize=525%2C300&ssl=1 1.5x, https:\/\/i0.wp.com\/tomajazz.com\/web\/wp-content\/uploads\/2019\/10\/JazzX5_123.jpg?resize=700%2C400&ssl=1 2x"},"classes":[]},{"id":69982,"url":"https:\/\/tomajazz.com\/web\/jose-manuel-villacanas-trio-jazzx5\/","url_meta":{"origin":46347,"position":2},"title":"\u00abAmigo Pietro\u00bb [Jos\u00e9 Manuel Villaca\u00f1as Tr\u00edo: Traveling (Youkali Music, 2022)] Por Pachi Tapiz. JazzX5 #554 [Minipodcast de jazz]","author":"Tomajazz","date":"19 enero, 2023","format":false,"excerpt":"Jos\u00e9 Manuel Villaca\u00f1as Tr\u00edo presentar\u00e1 su nueva grabaci\u00f3n, Traveling (Youkali Music), el viernes 20 de enero en Teatro Tribue\u00f1e de Madrid. En JazzX5 escuchamos el tema \"Amigo Pietro\". JazzX5 es un podcast de Pachi Tapiz.","rel":"","context":"En \u00abJazzX5\u00bb","block_context":{"text":"JazzX5","link":"https:\/\/tomajazz.com\/web\/category\/contenidos\/sonidos\/podcast\/jazzx5\/"},"img":{"alt_text":"","src":"https:\/\/i0.wp.com\/tomajazz.com\/web\/wp-content\/uploads\/2023\/01\/JazzX5_0554.jpg?resize=350%2C200&ssl=1","width":350,"height":200,"srcset":"https:\/\/i0.wp.com\/tomajazz.com\/web\/wp-content\/uploads\/2023\/01\/JazzX5_0554.jpg?resize=350%2C200&ssl=1 1x, https:\/\/i0.wp.com\/tomajazz.com\/web\/wp-content\/uploads\/2023\/01\/JazzX5_0554.jpg?resize=525%2C300&ssl=1 1.5x, https:\/\/i0.wp.com\/tomajazz.com\/web\/wp-content\/uploads\/2023\/01\/JazzX5_0554.jpg?resize=700%2C400&ssl=1 2x"},"classes":[]},{"id":44511,"url":"https:\/\/tomajazz.com\/web\/jazzx5020-no-land-trio-blue-in-green-minipodcast\/","url_meta":{"origin":46347,"position":3},"title":"JazzX5#020. No-Land Tr\u00edo: Blue In Green [Minipodcast]","author":"Tomajazz","date":"20 julio, 2019","format":false,"excerpt":"Por\u00a0Pachi Tapiz. \u201cBlue In Green\u201d. No-Land Tr\u00edo: No-Land Tr\u00edo (Orrua Diskak) Jorge Fern\u00e1ndez, Juanma Dom\u00ednguez, Aitor Bravo \u00a9\u00a0Pachi Tapiz, 2019 JazzX5 es un minipodcast de HDO de la Factor\u00eda Tomajazz presentado, editado y producido por\u00a0Pachi Tapiz. JazzX5 comenz\u00f3 su andadura el 24 de junio de 2019. Todas las entregas de\u2026","rel":"","context":"En \u00ab*_Pachi Tapiz\u00bb","block_context":{"text":"*_Pachi Tapiz","link":"https:\/\/tomajazz.com\/web\/category\/pachi-tapiz\/"},"img":{"alt_text":"","src":"https:\/\/i0.wp.com\/tomajazz.com\/web\/wp-content\/uploads\/2019\/07\/JazzX5_020.jpg?resize=350%2C200&ssl=1","width":350,"height":200,"srcset":"https:\/\/i0.wp.com\/tomajazz.com\/web\/wp-content\/uploads\/2019\/07\/JazzX5_020.jpg?resize=350%2C200&ssl=1 1x, https:\/\/i0.wp.com\/tomajazz.com\/web\/wp-content\/uploads\/2019\/07\/JazzX5_020.jpg?resize=525%2C300&ssl=1 1.5x, https:\/\/i0.wp.com\/tomajazz.com\/web\/wp-content\/uploads\/2019\/07\/JazzX5_020.jpg?resize=700%2C400&ssl=1 2x"},"classes":[]},{"id":44724,"url":"https:\/\/tomajazz.com\/web\/jazzx5031-trio-heinz-herbert-gravity-minipodcast\/","url_meta":{"origin":46347,"position":4},"title":"JazzX5#031. Trio Heinz Herbert: Gravity [Minipodcast]","author":"Tomajazz","date":"31 julio, 2019","format":false,"excerpt":"Por\u00a0Pachi Tapiz. \"Gravity\". Trio Heinz Herbert. Yes (Intakt) Dominic Landolt, Ramon Landolt, Mario H\u00e4nni \u00a9\u00a0Pachi Tapiz, 2019 JazzX5 es un minipodcast de HDO de la Factor\u00eda Tomajazz presentado, editado y producido por\u00a0Pachi Tapiz. JazzX5 comenz\u00f3 su andadura el 24 de junio de 2019. Todas las entregas de JazzX5 est\u00e1n disponibles\u2026","rel":"","context":"En \u00ab*_Pachi Tapiz\u00bb","block_context":{"text":"*_Pachi Tapiz","link":"https:\/\/tomajazz.com\/web\/category\/pachi-tapiz\/"},"img":{"alt_text":"","src":"https:\/\/i0.wp.com\/tomajazz.com\/web\/wp-content\/uploads\/2019\/07\/JazzX5_031.jpg?resize=350%2C200&ssl=1","width":350,"height":200,"srcset":"https:\/\/i0.wp.com\/tomajazz.com\/web\/wp-content\/uploads\/2019\/07\/JazzX5_031.jpg?resize=350%2C200&ssl=1 1x, https:\/\/i0.wp.com\/tomajazz.com\/web\/wp-content\/uploads\/2019\/07\/JazzX5_031.jpg?resize=525%2C300&ssl=1 1.5x, https:\/\/i0.wp.com\/tomajazz.com\/web\/wp-content\/uploads\/2019\/07\/JazzX5_031.jpg?resize=700%2C400&ssl=1 2x"},"classes":[]},{"id":44750,"url":"https:\/\/tomajazz.com\/web\/jazzx5035-mount-everest-trio-orinoco-minipodcast\/","url_meta":{"origin":46347,"position":5},"title":"JazzX5#035. Mount Everest Trio: Orinoco [Minipodcast]","author":"Tomajazz","date":"4 agosto, 2019","format":false,"excerpt":"Por\u00a0Pachi Tapiz. \"Orinoco\". Mount Everest Trio: Waves From Albert Ayler (Atavistic. Reed.) Gilbert Holmstr\u00f6m, Kjell Jansson, Conny Sj\u00f6kvist \u00a9\u00a0Pachi Tapiz, 2019 JazzX5 es un minipodcast de HDO de la Factor\u00eda Tomajazz presentado, editado y producido por\u00a0Pachi Tapiz. JazzX5 comenz\u00f3 su andadura el 24 de junio de 2019. Todas las entregas\u2026","rel":"","context":"En \u00ab*_Pachi Tapiz\u00bb","block_context":{"text":"*_Pachi Tapiz","link":"https:\/\/tomajazz.com\/web\/category\/pachi-tapiz\/"},"img":{"alt_text":"","src":"https:\/\/i0.wp.com\/tomajazz.com\/web\/wp-content\/uploads\/2019\/07\/JazzX5_035.jpg?resize=350%2C200&ssl=1","width":350,"height":200,"srcset":"https:\/\/i0.wp.com\/tomajazz.com\/web\/wp-content\/uploads\/2019\/07\/JazzX5_035.jpg?resize=350%2C200&ssl=1 1x, https:\/\/i0.wp.com\/tomajazz.com\/web\/wp-content\/uploads\/2019\/07\/JazzX5_035.jpg?resize=525%2C300&ssl=1 1.5x, https:\/\/i0.wp.com\/tomajazz.com\/web\/wp-content\/uploads\/2019\/07\/JazzX5_035.jpg?resize=700%2C400&ssl=1 2x"},"classes":[]}],"_links":{"self":[{"href":"https:\/\/tomajazz.com\/web\/wp-json\/wp\/v2\/posts\/46347","targetHints":{"allow":["GET"]}}],"collection":[{"href":"https:\/\/tomajazz.com\/web\/wp-json\/wp\/v2\/posts"}],"about":[{"href":"https:\/\/tomajazz.com\/web\/wp-json\/wp\/v2\/types\/post"}],"author":[{"embeddable":true,"href":"https:\/\/tomajazz.com\/web\/wp-json\/wp\/v2\/users\/1"}],"replies":[{"embeddable":true,"href":"https:\/\/tomajazz.com\/web\/wp-json\/wp\/v2\/comments?post=46347"}],"version-history":[{"count":1,"href":"https:\/\/tomajazz.com\/web\/wp-json\/wp\/v2\/posts\/46347\/revisions"}],"predecessor-version":[{"id":46351,"href":"https:\/\/tomajazz.com\/web\/wp-json\/wp\/v2\/posts\/46347\/revisions\/46351"}],"wp:featuredmedia":[{"embeddable":true,"href":"https:\/\/tomajazz.com\/web\/wp-json\/wp\/v2\/media\/46348"}],"wp:attachment":[{"href":"https:\/\/tomajazz.com\/web\/wp-json\/wp\/v2\/media?parent=46347"}],"wp:term":[{"taxonomy":"category","embeddable":true,"href":"https:\/\/tomajazz.com\/web\/wp-json\/wp\/v2\/categories?post=46347"},{"taxonomy":"post_tag","embeddable":true,"href":"https:\/\/tomajazz.com\/web\/wp-json\/wp\/v2\/tags?post=46347"}],"curies":[{"name":"wp","href":"https:\/\/api.w.org\/{rel}","templated":true}]}}