{"id":46570,"date":"2019-10-24T13:00:46","date_gmt":"2019-10-24T11:00:46","guid":{"rendered":"https:\/\/www.tomajazz.com\/web\/?p=46570"},"modified":"2019-10-28T21:43:00","modified_gmt":"2019-10-28T20:43:00","slug":"instantzz-bruno-angelini-michele-rabbia-quartet-transformations-creation-festival-les-emouvantes-theatre-des-bernardines-marseille-2019-09-18-galeria-fotografica","status":"publish","type":"post","link":"https:\/\/tomajazz.com\/web\/instantzz-bruno-angelini-michele-rabbia-quartet-transformations-creation-festival-les-emouvantes-theatre-des-bernardines-marseille-2019-09-18-galeria-fotografica\/","title":{"rendered":"INSTANTZZ: Bruno Angelini &#038; Michele Rabbia Quartet \u201cTransformations\u201d -cr\u00e9ation- (Festival Les \u00c9mouvantes, Th\u00e9\u00e2tre des Bernardines, Marseille. 2019-09-18) [Galer\u00eda fotogr\u00e1fica]"},"content":{"rendered":"<p>Por\u00a0<strong>Joan Cort\u00e8s<\/strong>.<\/p>\n<ul>\n<li>Fecha: Mi\u00e9rcoles, 18 de setiembre de 2019<\/li>\n<li>Lugar: Th\u00e9\u00e2tre des Bernardines (Marseille)<\/li>\n<li>Grupo:<br \/>\n<strong>Bruno Angelini &amp; Michele Rabbia Quartet<br \/>\n<\/strong>Bruno Angelini, piano y electr\u00f3nica<br \/>\nMichele Rabbia, bater\u00eda, percusi\u00f3n y electr\u00f3nica<br \/>\nTore Brunborg, saxo tenor<br \/>\nRomain Al\u2019l, im\u00e1genes<\/li>\n<\/ul>\n<p style=\"text-align: center;\"><img loading=\"lazy\" decoding=\"async\" class=\"aligncenter size-large wp-image-46571\" src=\"https:\/\/tomajazz.com\/web\/wp-content\/uploads\/2019\/10\/01_Brn-nglln-Mchl-Rbb-\u00a9Joan-Cort\u00e8s_18set19_Thtr-ds-Brnrdns_mvnts_Msll-600x400.jpg\" alt=\"\" width=\"600\" height=\"400\" title=\"\" srcset=\"https:\/\/tomajazz.com\/web\/wp-content\/uploads\/2019\/10\/01_Brn-nglln-Mchl-Rbb-\u00a9Joan-Cort\u00e8s_18set19_Thtr-ds-Brnrdns_mvnts_Msll.jpg 600w, https:\/\/tomajazz.com\/web\/wp-content\/uploads\/2019\/10\/01_Brn-nglln-Mchl-Rbb-\u00a9Joan-Cort\u00e8s_18set19_Thtr-ds-Brnrdns_mvnts_Msll-200x133.jpg 200w, https:\/\/tomajazz.com\/web\/wp-content\/uploads\/2019\/10\/01_Brn-nglln-Mchl-Rbb-\u00a9Joan-Cort\u00e8s_18set19_Thtr-ds-Brnrdns_mvnts_Msll-83x55.jpg 83w, https:\/\/tomajazz.com\/web\/wp-content\/uploads\/2019\/10\/01_Brn-nglln-Mchl-Rbb-\u00a9Joan-Cort\u00e8s_18set19_Thtr-ds-Brnrdns_mvnts_Msll-60x40.jpg 60w, https:\/\/tomajazz.com\/web\/wp-content\/uploads\/2019\/10\/01_Brn-nglln-Mchl-Rbb-\u00a9Joan-Cort\u00e8s_18set19_Thtr-ds-Brnrdns_mvnts_Msll-120x80.jpg 120w\" sizes=\"auto, (max-width: 600px) 100vw, 600px\" \/> <img loading=\"lazy\" decoding=\"async\" class=\"aligncenter size-large wp-image-46572\" src=\"https:\/\/tomajazz.com\/web\/wp-content\/uploads\/2019\/10\/02_Brn-nglln-Mchl-Rbb-\u00a9Joan-Cort\u00e8s_18set19_Thtr-ds-Brnrdns_mvnts_Msll-600x400.jpg\" alt=\"\" width=\"600\" height=\"400\" title=\"\" srcset=\"https:\/\/tomajazz.com\/web\/wp-content\/uploads\/2019\/10\/02_Brn-nglln-Mchl-Rbb-\u00a9Joan-Cort\u00e8s_18set19_Thtr-ds-Brnrdns_mvnts_Msll.jpg 600w, https:\/\/tomajazz.com\/web\/wp-content\/uploads\/2019\/10\/02_Brn-nglln-Mchl-Rbb-\u00a9Joan-Cort\u00e8s_18set19_Thtr-ds-Brnrdns_mvnts_Msll-200x133.jpg 200w, https:\/\/tomajazz.com\/web\/wp-content\/uploads\/2019\/10\/02_Brn-nglln-Mchl-Rbb-\u00a9Joan-Cort\u00e8s_18set19_Thtr-ds-Brnrdns_mvnts_Msll-83x55.jpg 83w, https:\/\/tomajazz.com\/web\/wp-content\/uploads\/2019\/10\/02_Brn-nglln-Mchl-Rbb-\u00a9Joan-Cort\u00e8s_18set19_Thtr-ds-Brnrdns_mvnts_Msll-60x40.jpg 60w, https:\/\/tomajazz.com\/web\/wp-content\/uploads\/2019\/10\/02_Brn-nglln-Mchl-Rbb-\u00a9Joan-Cort\u00e8s_18set19_Thtr-ds-Brnrdns_mvnts_Msll-120x80.jpg 120w\" sizes=\"auto, (max-width: 600px) 100vw, 600px\" \/> <img loading=\"lazy\" decoding=\"async\" class=\"aligncenter size-large wp-image-46573\" src=\"https:\/\/tomajazz.com\/web\/wp-content\/uploads\/2019\/10\/03_Brn-nglln-Mchl-Rbb-\u00a9Joan-Cort\u00e8s_18set19_Thtr-ds-Brnrdns_mvnts_Msll-600x400.jpg\" alt=\"\" width=\"600\" height=\"400\" title=\"\" srcset=\"https:\/\/tomajazz.com\/web\/wp-content\/uploads\/2019\/10\/03_Brn-nglln-Mchl-Rbb-\u00a9Joan-Cort\u00e8s_18set19_Thtr-ds-Brnrdns_mvnts_Msll.jpg 600w, https:\/\/tomajazz.com\/web\/wp-content\/uploads\/2019\/10\/03_Brn-nglln-Mchl-Rbb-\u00a9Joan-Cort\u00e8s_18set19_Thtr-ds-Brnrdns_mvnts_Msll-200x133.jpg 200w, https:\/\/tomajazz.com\/web\/wp-content\/uploads\/2019\/10\/03_Brn-nglln-Mchl-Rbb-\u00a9Joan-Cort\u00e8s_18set19_Thtr-ds-Brnrdns_mvnts_Msll-83x55.jpg 83w, https:\/\/tomajazz.com\/web\/wp-content\/uploads\/2019\/10\/03_Brn-nglln-Mchl-Rbb-\u00a9Joan-Cort\u00e8s_18set19_Thtr-ds-Brnrdns_mvnts_Msll-60x40.jpg 60w, https:\/\/tomajazz.com\/web\/wp-content\/uploads\/2019\/10\/03_Brn-nglln-Mchl-Rbb-\u00a9Joan-Cort\u00e8s_18set19_Thtr-ds-Brnrdns_mvnts_Msll-120x80.jpg 120w\" sizes=\"auto, (max-width: 600px) 100vw, 600px\" \/> <img loading=\"lazy\" decoding=\"async\" class=\"aligncenter size-large wp-image-46574\" src=\"https:\/\/tomajazz.com\/web\/wp-content\/uploads\/2019\/10\/04_Brn-nglln-Mchl-Rbb-\u00a9Joan-Cort\u00e8s_18set19_Thtr-ds-Brnrdns_mvnts_Msll-400x600.jpg\" alt=\"\" width=\"400\" height=\"600\" title=\"\" srcset=\"https:\/\/tomajazz.com\/web\/wp-content\/uploads\/2019\/10\/04_Brn-nglln-Mchl-Rbb-\u00a9Joan-Cort\u00e8s_18set19_Thtr-ds-Brnrdns_mvnts_Msll.jpg 400w, https:\/\/tomajazz.com\/web\/wp-content\/uploads\/2019\/10\/04_Brn-nglln-Mchl-Rbb-\u00a9Joan-Cort\u00e8s_18set19_Thtr-ds-Brnrdns_mvnts_Msll-200x300.jpg 200w, https:\/\/tomajazz.com\/web\/wp-content\/uploads\/2019\/10\/04_Brn-nglln-Mchl-Rbb-\u00a9Joan-Cort\u00e8s_18set19_Thtr-ds-Brnrdns_mvnts_Msll-37x55.jpg 37w\" sizes=\"auto, (max-width: 400px) 100vw, 400px\" \/> <img loading=\"lazy\" decoding=\"async\" class=\"aligncenter size-large wp-image-46575\" src=\"https:\/\/tomajazz.com\/web\/wp-content\/uploads\/2019\/10\/05_Brn-nglln-Mchl-Rbb-\u00a9Joan-Cort\u00e8s_18set19_Thtr-ds-Brnrdns_mvnts_Msll-600x400.jpg\" alt=\"\" width=\"600\" height=\"400\" title=\"\" srcset=\"https:\/\/tomajazz.com\/web\/wp-content\/uploads\/2019\/10\/05_Brn-nglln-Mchl-Rbb-\u00a9Joan-Cort\u00e8s_18set19_Thtr-ds-Brnrdns_mvnts_Msll.jpg 600w, https:\/\/tomajazz.com\/web\/wp-content\/uploads\/2019\/10\/05_Brn-nglln-Mchl-Rbb-\u00a9Joan-Cort\u00e8s_18set19_Thtr-ds-Brnrdns_mvnts_Msll-200x133.jpg 200w, https:\/\/tomajazz.com\/web\/wp-content\/uploads\/2019\/10\/05_Brn-nglln-Mchl-Rbb-\u00a9Joan-Cort\u00e8s_18set19_Thtr-ds-Brnrdns_mvnts_Msll-83x55.jpg 83w, https:\/\/tomajazz.com\/web\/wp-content\/uploads\/2019\/10\/05_Brn-nglln-Mchl-Rbb-\u00a9Joan-Cort\u00e8s_18set19_Thtr-ds-Brnrdns_mvnts_Msll-60x40.jpg 60w, https:\/\/tomajazz.com\/web\/wp-content\/uploads\/2019\/10\/05_Brn-nglln-Mchl-Rbb-\u00a9Joan-Cort\u00e8s_18set19_Thtr-ds-Brnrdns_mvnts_Msll-120x80.jpg 120w\" sizes=\"auto, (max-width: 600px) 100vw, 600px\" \/> <img loading=\"lazy\" decoding=\"async\" class=\"aligncenter size-large wp-image-46576\" src=\"https:\/\/tomajazz.com\/web\/wp-content\/uploads\/2019\/10\/06_Brn-nglln-Mchl-Rbb-\u00a9Joan-Cort\u00e8s_18set19_Thtr-ds-Brnrdns_mvnts_Msll-600x400.jpg\" alt=\"\" width=\"600\" height=\"400\" title=\"\" srcset=\"https:\/\/tomajazz.com\/web\/wp-content\/uploads\/2019\/10\/06_Brn-nglln-Mchl-Rbb-\u00a9Joan-Cort\u00e8s_18set19_Thtr-ds-Brnrdns_mvnts_Msll.jpg 600w, https:\/\/tomajazz.com\/web\/wp-content\/uploads\/2019\/10\/06_Brn-nglln-Mchl-Rbb-\u00a9Joan-Cort\u00e8s_18set19_Thtr-ds-Brnrdns_mvnts_Msll-200x133.jpg 200w, https:\/\/tomajazz.com\/web\/wp-content\/uploads\/2019\/10\/06_Brn-nglln-Mchl-Rbb-\u00a9Joan-Cort\u00e8s_18set19_Thtr-ds-Brnrdns_mvnts_Msll-83x55.jpg 83w, https:\/\/tomajazz.com\/web\/wp-content\/uploads\/2019\/10\/06_Brn-nglln-Mchl-Rbb-\u00a9Joan-Cort\u00e8s_18set19_Thtr-ds-Brnrdns_mvnts_Msll-60x40.jpg 60w, https:\/\/tomajazz.com\/web\/wp-content\/uploads\/2019\/10\/06_Brn-nglln-Mchl-Rbb-\u00a9Joan-Cort\u00e8s_18set19_Thtr-ds-Brnrdns_mvnts_Msll-120x80.jpg 120w\" sizes=\"auto, (max-width: 600px) 100vw, 600px\" \/> <img loading=\"lazy\" decoding=\"async\" class=\"aligncenter size-large wp-image-46577\" src=\"https:\/\/tomajazz.com\/web\/wp-content\/uploads\/2019\/10\/07_Brn-nglln-Mchl-Rbb-\u00a9Joan-Cort\u00e8s_18set19_Thtr-ds-Brnrdns_mvnts_Msll-600x400.jpg\" alt=\"\" width=\"600\" height=\"400\" title=\"\" srcset=\"https:\/\/tomajazz.com\/web\/wp-content\/uploads\/2019\/10\/07_Brn-nglln-Mchl-Rbb-\u00a9Joan-Cort\u00e8s_18set19_Thtr-ds-Brnrdns_mvnts_Msll.jpg 600w, https:\/\/tomajazz.com\/web\/wp-content\/uploads\/2019\/10\/07_Brn-nglln-Mchl-Rbb-\u00a9Joan-Cort\u00e8s_18set19_Thtr-ds-Brnrdns_mvnts_Msll-200x133.jpg 200w, https:\/\/tomajazz.com\/web\/wp-content\/uploads\/2019\/10\/07_Brn-nglln-Mchl-Rbb-\u00a9Joan-Cort\u00e8s_18set19_Thtr-ds-Brnrdns_mvnts_Msll-83x55.jpg 83w, https:\/\/tomajazz.com\/web\/wp-content\/uploads\/2019\/10\/07_Brn-nglln-Mchl-Rbb-\u00a9Joan-Cort\u00e8s_18set19_Thtr-ds-Brnrdns_mvnts_Msll-60x40.jpg 60w, https:\/\/tomajazz.com\/web\/wp-content\/uploads\/2019\/10\/07_Brn-nglln-Mchl-Rbb-\u00a9Joan-Cort\u00e8s_18set19_Thtr-ds-Brnrdns_mvnts_Msll-120x80.jpg 120w\" sizes=\"auto, (max-width: 600px) 100vw, 600px\" \/> <img loading=\"lazy\" decoding=\"async\" class=\"aligncenter size-large wp-image-46578\" src=\"https:\/\/tomajazz.com\/web\/wp-content\/uploads\/2019\/10\/08_Brn-nglln-Mchl-Rbb-\u00a9Joan-Cort\u00e8s_18set19_Thtr-ds-Brnrdns_mvnts_Msll-400x600.jpg\" alt=\"\" width=\"400\" height=\"600\" title=\"\" srcset=\"https:\/\/tomajazz.com\/web\/wp-content\/uploads\/2019\/10\/08_Brn-nglln-Mchl-Rbb-\u00a9Joan-Cort\u00e8s_18set19_Thtr-ds-Brnrdns_mvnts_Msll.jpg 400w, https:\/\/tomajazz.com\/web\/wp-content\/uploads\/2019\/10\/08_Brn-nglln-Mchl-Rbb-\u00a9Joan-Cort\u00e8s_18set19_Thtr-ds-Brnrdns_mvnts_Msll-200x300.jpg 200w, https:\/\/tomajazz.com\/web\/wp-content\/uploads\/2019\/10\/08_Brn-nglln-Mchl-Rbb-\u00a9Joan-Cort\u00e8s_18set19_Thtr-ds-Brnrdns_mvnts_Msll-37x55.jpg 37w\" sizes=\"auto, (max-width: 400px) 100vw, 400px\" \/> <img loading=\"lazy\" decoding=\"async\" class=\"aligncenter size-large wp-image-46579\" src=\"https:\/\/tomajazz.com\/web\/wp-content\/uploads\/2019\/10\/09_Brn-nglln-Mchl-Rbb-\u00a9Joan-Cort\u00e8s_18set19_Thtr-ds-Brnrdns_mvnts_Msll-600x400.jpg\" alt=\"\" width=\"600\" height=\"400\" title=\"\" srcset=\"https:\/\/tomajazz.com\/web\/wp-content\/uploads\/2019\/10\/09_Brn-nglln-Mchl-Rbb-\u00a9Joan-Cort\u00e8s_18set19_Thtr-ds-Brnrdns_mvnts_Msll.jpg 600w, https:\/\/tomajazz.com\/web\/wp-content\/uploads\/2019\/10\/09_Brn-nglln-Mchl-Rbb-\u00a9Joan-Cort\u00e8s_18set19_Thtr-ds-Brnrdns_mvnts_Msll-200x133.jpg 200w, https:\/\/tomajazz.com\/web\/wp-content\/uploads\/2019\/10\/09_Brn-nglln-Mchl-Rbb-\u00a9Joan-Cort\u00e8s_18set19_Thtr-ds-Brnrdns_mvnts_Msll-83x55.jpg 83w, https:\/\/tomajazz.com\/web\/wp-content\/uploads\/2019\/10\/09_Brn-nglln-Mchl-Rbb-\u00a9Joan-Cort\u00e8s_18set19_Thtr-ds-Brnrdns_mvnts_Msll-60x40.jpg 60w, https:\/\/tomajazz.com\/web\/wp-content\/uploads\/2019\/10\/09_Brn-nglln-Mchl-Rbb-\u00a9Joan-Cort\u00e8s_18set19_Thtr-ds-Brnrdns_mvnts_Msll-120x80.jpg 120w\" sizes=\"auto, (max-width: 600px) 100vw, 600px\" \/> <img loading=\"lazy\" decoding=\"async\" class=\"aligncenter size-large wp-image-46580\" src=\"https:\/\/tomajazz.com\/web\/wp-content\/uploads\/2019\/10\/10_Brn-nglln-Mchl-Rbb-\u00a9Joan-Cort\u00e8s_18set19_Thtr-ds-Brnrdns_mvnts_Msll-600x400.jpg\" alt=\"\" width=\"600\" height=\"400\" title=\"\" srcset=\"https:\/\/tomajazz.com\/web\/wp-content\/uploads\/2019\/10\/10_Brn-nglln-Mchl-Rbb-\u00a9Joan-Cort\u00e8s_18set19_Thtr-ds-Brnrdns_mvnts_Msll.jpg 600w, https:\/\/tomajazz.com\/web\/wp-content\/uploads\/2019\/10\/10_Brn-nglln-Mchl-Rbb-\u00a9Joan-Cort\u00e8s_18set19_Thtr-ds-Brnrdns_mvnts_Msll-200x133.jpg 200w, https:\/\/tomajazz.com\/web\/wp-content\/uploads\/2019\/10\/10_Brn-nglln-Mchl-Rbb-\u00a9Joan-Cort\u00e8s_18set19_Thtr-ds-Brnrdns_mvnts_Msll-83x55.jpg 83w, https:\/\/tomajazz.com\/web\/wp-content\/uploads\/2019\/10\/10_Brn-nglln-Mchl-Rbb-\u00a9Joan-Cort\u00e8s_18set19_Thtr-ds-Brnrdns_mvnts_Msll-60x40.jpg 60w, https:\/\/tomajazz.com\/web\/wp-content\/uploads\/2019\/10\/10_Brn-nglln-Mchl-Rbb-\u00a9Joan-Cort\u00e8s_18set19_Thtr-ds-Brnrdns_mvnts_Msll-120x80.jpg 120w\" sizes=\"auto, (max-width: 600px) 100vw, 600px\" \/> <img loading=\"lazy\" decoding=\"async\" class=\"aligncenter size-large wp-image-46581\" src=\"https:\/\/tomajazz.com\/web\/wp-content\/uploads\/2019\/10\/11_Brn-nglln-Mchl-Rbb-\u00a9Joan-Cort\u00e8s_18set19_Thtr-ds-Brnrdns_mvnts_Msll-400x600.jpg\" alt=\"\" width=\"400\" height=\"600\" title=\"\" srcset=\"https:\/\/tomajazz.com\/web\/wp-content\/uploads\/2019\/10\/11_Brn-nglln-Mchl-Rbb-\u00a9Joan-Cort\u00e8s_18set19_Thtr-ds-Brnrdns_mvnts_Msll.jpg 400w, https:\/\/tomajazz.com\/web\/wp-content\/uploads\/2019\/10\/11_Brn-nglln-Mchl-Rbb-\u00a9Joan-Cort\u00e8s_18set19_Thtr-ds-Brnrdns_mvnts_Msll-200x300.jpg 200w, https:\/\/tomajazz.com\/web\/wp-content\/uploads\/2019\/10\/11_Brn-nglln-Mchl-Rbb-\u00a9Joan-Cort\u00e8s_18set19_Thtr-ds-Brnrdns_mvnts_Msll-37x55.jpg 37w\" sizes=\"auto, (max-width: 400px) 100vw, 400px\" \/> <img loading=\"lazy\" decoding=\"async\" class=\"aligncenter size-large wp-image-46582\" src=\"https:\/\/tomajazz.com\/web\/wp-content\/uploads\/2019\/10\/12_Brn-nglln-Mchl-Rbb-\u00a9Joan-Cort\u00e8s_18set19_Thtr-ds-Brnrdns_mvnts_Msll-600x400.jpg\" alt=\"\" width=\"600\" height=\"400\" title=\"\" srcset=\"https:\/\/tomajazz.com\/web\/wp-content\/uploads\/2019\/10\/12_Brn-nglln-Mchl-Rbb-\u00a9Joan-Cort\u00e8s_18set19_Thtr-ds-Brnrdns_mvnts_Msll.jpg 600w, https:\/\/tomajazz.com\/web\/wp-content\/uploads\/2019\/10\/12_Brn-nglln-Mchl-Rbb-\u00a9Joan-Cort\u00e8s_18set19_Thtr-ds-Brnrdns_mvnts_Msll-200x133.jpg 200w, https:\/\/tomajazz.com\/web\/wp-content\/uploads\/2019\/10\/12_Brn-nglln-Mchl-Rbb-\u00a9Joan-Cort\u00e8s_18set19_Thtr-ds-Brnrdns_mvnts_Msll-83x55.jpg 83w, https:\/\/tomajazz.com\/web\/wp-content\/uploads\/2019\/10\/12_Brn-nglln-Mchl-Rbb-\u00a9Joan-Cort\u00e8s_18set19_Thtr-ds-Brnrdns_mvnts_Msll-60x40.jpg 60w, https:\/\/tomajazz.com\/web\/wp-content\/uploads\/2019\/10\/12_Brn-nglln-Mchl-Rbb-\u00a9Joan-Cort\u00e8s_18set19_Thtr-ds-Brnrdns_mvnts_Msll-120x80.jpg 120w\" sizes=\"auto, (max-width: 600px) 100vw, 600px\" \/><\/p>\n<p style=\"text-align: right;\">Tomajazz: \u00a9\u00a0<strong>Joan Cort\u00e8s<\/strong>, 2019<\/p>\n","protected":false},"excerpt":{"rendered":"<p>Joan Cort\u00e8s retrat\u00f3 al Bruno Angelini &#038; Michele Rabbia Quartet \u201cTransformations\u201d, creaci\u00f3n presentada en Festival Les \u00c9mouvantes, Th\u00e9\u00e2tre des Bernardines, Marsella.<span class=\"more-link\"><a href=\"https:\/\/tomajazz.com\/web\/instantzz-bruno-angelini-michele-rabbia-quartet-transformations-creation-festival-les-emouvantes-theatre-des-bernardines-marseille-2019-09-18-galeria-fotografica\/\">Contin\u00faa leyendo<\/a><\/span><\/p>\n","protected":false},"author":1,"featured_media":46577,"comment_status":"open","ping_status":"closed","sticky":false,"template":"","format":"standard","meta":{"jetpack_post_was_ever_published":false,"_jetpack_newsletter_access":"","_jetpack_dont_email_post_to_subs":false,"_jetpack_newsletter_tier_id":0,"_jetpack_memberships_contains_paywalled_content":false,"_jetpack_memberships_contains_paid_content":false,"footnotes":""},"categories":[11262,17853,15516,11261,1038],"tags":[8300,23757,1041,20702,23758,8288],"class_list":["entry","author-pachi","has-excerpt","post-46570","post","type-post","status-publish","format-standard","has-post-thumbnail","category-photoblogs","category-joan-cortes","category-imagenes","category-instantzz","category-contenidos","tag-bruno-angelini","tag-bruno-angelini-michele-rabbia-quartet","tag-joan-cortes","tag-michele-rabbia","tag-romain-all","tag-tore-brunborg"],"jetpack_featured_media_url":"https:\/\/tomajazz.com\/web\/wp-content\/uploads\/2019\/10\/07_Brn-nglln-Mchl-Rbb-\u00a9Joan-Cort\u00e8s_18set19_Thtr-ds-Brnrdns_mvnts_Msll.jpg","jetpack_likes_enabled":true,"jetpack_sharing_enabled":true,"jetpack-related-posts":[{"id":47044,"url":"https:\/\/tomajazz.com\/web\/duo-melissa-von-vepy-sthephan-oliva-bruno-angelini-michele-rabbia-quartet-duo-sylvain-kassap-benjamin-duboc-guillaume-orti-quintet-festival-les-emouvantes\/","url_meta":{"origin":46570,"position":0},"title":"Melissa Von V\u00e9py &#038; Stephan Oliva, Bruno Angelini &#038; Michael Rabbia Quartet,  Duo Sylvain Kassap &#038; Benjamin Duboc y Guillaume Orti Quinetet (Festival Les \u00c9mouvantes, Th\u00e9\u00e2tre des Barnardines, Marseille -France-. 2019-09-18\/19) -I- [Conciertos]","author":"Tomajazz","date":"11 noviembre, 2019","format":false,"excerpt":"Joan Cort\u00e8s realiza la primera parte de su repaso al Festival Les \u00c9mouvantes, celebrado en Marsella con las actuaciones de Melissa Von V\u00e9py & Stephan Oliva, Bruno Angelini & Michael Rabbia Quartet, Duo Sylavai Kassap & Benjamin Duboc y Guillaume Orti Quinetet.","rel":"","context":"En \u00abConciertos...\u00bb","block_context":{"text":"Conciertos...","link":"https:\/\/tomajazz.com\/web\/category\/contenidos\/textos\/conciertos\/"},"img":{"alt_text":"","src":"https:\/\/i0.wp.com\/tomajazz.com\/web\/wp-content\/uploads\/2019\/11\/04_Ls-mvnts-%C2%A9Joan-Cort%C3%A8s_18set19_TdB_Mrsll.jpg?resize=350%2C200&ssl=1","width":350,"height":200,"srcset":"https:\/\/i0.wp.com\/tomajazz.com\/web\/wp-content\/uploads\/2019\/11\/04_Ls-mvnts-%C2%A9Joan-Cort%C3%A8s_18set19_TdB_Mrsll.jpg?resize=350%2C200&ssl=1 1x, https:\/\/i0.wp.com\/tomajazz.com\/web\/wp-content\/uploads\/2019\/11\/04_Ls-mvnts-%C2%A9Joan-Cort%C3%A8s_18set19_TdB_Mrsll.jpg?resize=525%2C300&ssl=1 1.5x"},"classes":[]},{"id":46962,"url":"https:\/\/tomajazz.com\/web\/instantzz-regis-huby-septet-unbroken-festival-les-emouvantes-theatre-des-bernardines-marseille-2019-09-20-galeria-fotografica\/","url_meta":{"origin":46570,"position":1},"title":"INSTANTZZ: R\u00e9gis Huby Septet \u201cUnbroken\u201d (Festival Les \u00c9mouvantes, Th\u00e9\u00e2tre des Bernardines, Marseille. 2019-09-20) [Galer\u00eda fotogr\u00e1fica]","author":"Tomajazz","date":"7 noviembre, 2019","format":false,"excerpt":"R\u00e9gis Huby Septet \u201cUnbroken\u201d es el protagonista de la fotogaler\u00eda INSTANTZZ realizada por Joan Cort\u00e9s, en un reportaje fotogr\u00e1fico realizado en el Festival Les \u00c9mouvantes de Marsella.","rel":"","context":"En \u00abFotoblog - Galer\u00eda fotogr\u00e1fica\u00bb","block_context":{"text":"Fotoblog - Galer\u00eda fotogr\u00e1fica","link":"https:\/\/tomajazz.com\/web\/category\/contenidos\/imagenes\/photoblogs\/"},"img":{"alt_text":"","src":"https:\/\/i0.wp.com\/tomajazz.com\/web\/wp-content\/uploads\/2019\/11\/03_Rgs-Hby-Sptt-Joan-Cort%C3%A8s_20set19_TdB_FLE_Mrsll.jpg?resize=350%2C200&ssl=1","width":350,"height":200,"srcset":"https:\/\/i0.wp.com\/tomajazz.com\/web\/wp-content\/uploads\/2019\/11\/03_Rgs-Hby-Sptt-Joan-Cort%C3%A8s_20set19_TdB_FLE_Mrsll.jpg?resize=350%2C200&ssl=1 1x, https:\/\/i0.wp.com\/tomajazz.com\/web\/wp-content\/uploads\/2019\/11\/03_Rgs-Hby-Sptt-Joan-Cort%C3%A8s_20set19_TdB_FLE_Mrsll.jpg?resize=525%2C300&ssl=1 1.5x"},"classes":[]},{"id":67764,"url":"https:\/\/tomajazz.com\/web\/bruno-angelini-les-emouvantes-2022\/","url_meta":{"origin":46570,"position":2},"title":"Bruno Angelini \u201cTransatlantic Roots\u201d -balances+2- (Festival Les \u00c9mouvantes \/ Conservatoire Pierre Barbizet, Marseille -France-. 2022-09-23) [III\/VI] Por Joan Cort\u00e8s [INSTANTZZ]","author":"Tomajazz","date":"25 octubre, 2022","format":false,"excerpt":"Continuamos en INSTANTZZ con el especial de Joan Cort\u00e8s dedicado al Festival Les \u00c9mouvantes. En esta ocasi\u00f3n el protagonista de la galer\u00eda fotogr\u00e1fica es Bruno Angelini y su proyecto \u201cTransatlantic Roots\u201d,","rel":"","context":"En \u00abEspecial Festival Les \u00c9mouvantes 2022\u00bb","block_context":{"text":"Especial Festival Les \u00c9mouvantes 2022","link":"https:\/\/tomajazz.com\/web\/category\/contenidos\/especial-contenidos\/especial-festival-les-emouvantes-2022\/"},"img":{"alt_text":"Bruno Angelini \u201cTransatlantic Roots\u201d -balances+2- (Festival Les \u00c9mouvantes \/ Conservatoire Pierre Barbizet, Marseille -France-. 2022-09-23) [III\/VI] Por Joan Cort\u00e8s [INSTANTZZ]","src":"https:\/\/i0.wp.com\/tomajazz.com\/web\/wp-content\/uploads\/2022\/10\/05_Brn-ngln-Trstlntc-Rts-%C2%A9Joan-Cortes_23stm22_Ls-mvnts_CPB_Mrsll.jpg?resize=350%2C200&ssl=1","width":350,"height":200},"classes":[]},{"id":46949,"url":"https:\/\/tomajazz.com\/web\/https-www-tomajazz-com-web-p46949\/","url_meta":{"origin":46570,"position":3},"title":"INSTANTZZ: Duo Philippe Deschepper &#038; Michel Godard (Festival Les \u00c9mouvantes, Th\u00e9\u00e2tre des Bernardines, Marseille. 2019-09-20) [Galer\u00eda fotogr\u00e1fica]","author":"Tomajazz","date":"5 noviembre, 2019","format":false,"excerpt":"Joan Cort\u00e8s retrata en el fotoblog INSTANTZZ la actuaci\u00f3n del Duo Philippe Deschepper & Michel Godard en el Festival Les \u00c9mouvantes, Th\u00e9\u00e2tre des Bernardines, de Marsella.","rel":"","context":"En \u00abFotoblog - Galer\u00eda fotogr\u00e1fica\u00bb","block_context":{"text":"Fotoblog - Galer\u00eda fotogr\u00e1fica","link":"https:\/\/tomajazz.com\/web\/category\/contenidos\/imagenes\/photoblogs\/"},"img":{"alt_text":"","src":"https:\/\/i0.wp.com\/tomajazz.com\/web\/wp-content\/uploads\/2019\/11\/11_Phlpp-Dschppr-Mchl-Gdrd-%C2%A9Joan-Cort%C3%A8s_20stm19_TdB_FLE_Mrsll.jpg?resize=350%2C200&ssl=1","width":350,"height":200,"srcset":"https:\/\/i0.wp.com\/tomajazz.com\/web\/wp-content\/uploads\/2019\/11\/11_Phlpp-Dschppr-Mchl-Gdrd-%C2%A9Joan-Cort%C3%A8s_20stm19_TdB_FLE_Mrsll.jpg?resize=350%2C200&ssl=1 1x, https:\/\/i0.wp.com\/tomajazz.com\/web\/wp-content\/uploads\/2019\/11\/11_Phlpp-Dschppr-Mchl-Gdrd-%C2%A9Joan-Cort%C3%A8s_20stm19_TdB_FLE_Mrsll.jpg?resize=525%2C300&ssl=1 1.5x"},"classes":[]},{"id":90575,"url":"https:\/\/tomajazz.com\/web\/claude-tchamitchian-emouvantes-2024\/","url_meta":{"origin":46570,"position":4},"title":"Claude Tchamitchian Quartet \u201cVortice\u201d (13\u00e8me Les \u00c9mouvantes \/ Conservatoire Pierre Barbizet, 2024-09-19. Marsella, Francia) [II] Por Joan Cort\u00e8s [INSTANTZZ AKA Galer\u00eda fotogr\u00e1fica AKA Fotoblog de jazz, impro\u2026 y algo m\u00e1s]","author":"Tomajazz","date":"17 octubre, 2024","format":false,"excerpt":"Claude Tchamitchian Quartet \u201cVortice\u201d actu\u00f3 en el 13\u00e8me Les \u00c9mouvantes en Marsella el 19 de septiembre de 2024. Joan Cort\u00e8s retrata el concierto en INSTANTZZ. Actuaron Catherine Delaunay, Christophe Moniiot, Bruno Angelini, Claude Tchamitchian","rel":"","context":"En \u00ab13\u00e8me Les \u00c9mouvantes 2024\u00bb","block_context":{"text":"13\u00e8me Les \u00c9mouvantes 2024","link":"https:\/\/tomajazz.com\/web\/category\/contenidos\/especial-contenidos\/13eme-les-emouvantes-2024\/"},"img":{"alt_text":"Claude Tchamitchian Quartet \u201cVortice\u201d (13\u00e8me Les \u00c9mouvantes \/ Conservatoire Pierre Barbizet, 2024-09-19. Marsella, Francia) [II] Por Joan Cort\u00e8s [INSTANTZZ AKA Galer\u00eda fotogr\u00e1fica AKA Fotoblog de jazz, impro\u2026 y algo m\u00e1s] - Tomajazz - Claude Tchamitchian Quartet \u201cVortice\u201d actu\u00f3 en el 13\u00e8me Les \u00c9mouvantes en Marsella el 19 de septiembre de 2024. Joan Cort\u00e8s retrata el concierto en INSTANTZZ. Actuaron Catherine Delaunay, Christophe Moniiot, Bruno Angelini, Claude Tchamitchian\n","src":"https:\/\/i0.wp.com\/tomajazz.com\/web\/wp-content\/uploads\/2024\/10\/destacada-10-Cld-Tchmtchn-4t-Photo-By-Joan-Cortes-19stm24-13Ls-mvnts-CPB-Mrsl.jpg?resize=350%2C200&ssl=1","width":350,"height":200,"srcset":"https:\/\/i0.wp.com\/tomajazz.com\/web\/wp-content\/uploads\/2024\/10\/destacada-10-Cld-Tchmtchn-4t-Photo-By-Joan-Cortes-19stm24-13Ls-mvnts-CPB-Mrsl.jpg?resize=350%2C200&ssl=1 1x, https:\/\/i0.wp.com\/tomajazz.com\/web\/wp-content\/uploads\/2024\/10\/destacada-10-Cld-Tchmtchn-4t-Photo-By-Joan-Cortes-19stm24-13Ls-mvnts-CPB-Mrsl.jpg?resize=525%2C300&ssl=1 1.5x"},"classes":[]},{"id":90496,"url":"https:\/\/tomajazz.com\/web\/regis-huby-michele-rabbia-lesemouv-2024\/","url_meta":{"origin":46570,"position":5},"title":"R\u00e9gis Huby &#038; Michele Rabbia \u201cIn Parallel\u201d (13\u00e8me Les \u00c9mouvantes \/ Conservatoire Pierre Barbizet, 2024-09-19. Marsella, Francia) [I] Por Joan Cort\u00e8s [INSTANTZZ AKA Galer\u00eda fotogr\u00e1fica AKA Fotoblog de jazz, impro\u2026 y algo m\u00e1s]","author":"Tomajazz","date":"15 octubre, 2024","format":false,"excerpt":"R\u00e9gis Huby & Michele Rabbia \u201cIn Parallel\u201d actuaron en el 13\u00e8me Les \u00c9mouvantes en Marsella, Francia, el 19 de septiembre de 2024. Joan Cort\u00e8s retrata el concierto en INSTANTZZ","rel":"","context":"En \u00ab13\u00e8me Les \u00c9mouvantes 2024\u00bb","block_context":{"text":"13\u00e8me Les \u00c9mouvantes 2024","link":"https:\/\/tomajazz.com\/web\/category\/contenidos\/especial-contenidos\/13eme-les-emouvantes-2024\/"},"img":{"alt_text":"R\u00e9gis Huby & Michele Rabbia \u201cIn Parallel\u201d (13\u00e8me Les \u00c9mouvantes \/ Conservatoire Pierre Barbizet, 2024-09-19. Marsella, Francia) [I] Por Joan Cort\u00e8s [INSTANTZZ AKA Galer\u00eda fotogr\u00e1fica AKA Fotoblog de jazz, impro\u2026 y algo m\u00e1s] - Tomajazz - R\u00e9gis Huby & Michele Rabbia \u201cIn Parallel\u201d actuaron en el 13\u00e8me Les \u00c9mouvantes en Marsella, Francia, el 19 de septiembre de 2024. Joan Cort\u00e8s retrata el concierto en INSTANTZZ","src":"https:\/\/i0.wp.com\/tomajazz.com\/web\/wp-content\/uploads\/2024\/10\/destacada-03-Hby-Rbb-Photo-by-Joan-Cortes-19stm24-13Ls-mvnts-CPB-mrsll-copia.jpg?resize=350%2C200&ssl=1","width":350,"height":200,"srcset":"https:\/\/i0.wp.com\/tomajazz.com\/web\/wp-content\/uploads\/2024\/10\/destacada-03-Hby-Rbb-Photo-by-Joan-Cortes-19stm24-13Ls-mvnts-CPB-mrsll-copia.jpg?resize=350%2C200&ssl=1 1x, https:\/\/i0.wp.com\/tomajazz.com\/web\/wp-content\/uploads\/2024\/10\/destacada-03-Hby-Rbb-Photo-by-Joan-Cortes-19stm24-13Ls-mvnts-CPB-mrsll-copia.jpg?resize=525%2C300&ssl=1 1.5x"},"classes":[]}],"_links":{"self":[{"href":"https:\/\/tomajazz.com\/web\/wp-json\/wp\/v2\/posts\/46570","targetHints":{"allow":["GET"]}}],"collection":[{"href":"https:\/\/tomajazz.com\/web\/wp-json\/wp\/v2\/posts"}],"about":[{"href":"https:\/\/tomajazz.com\/web\/wp-json\/wp\/v2\/types\/post"}],"author":[{"embeddable":true,"href":"https:\/\/tomajazz.com\/web\/wp-json\/wp\/v2\/users\/1"}],"replies":[{"embeddable":true,"href":"https:\/\/tomajazz.com\/web\/wp-json\/wp\/v2\/comments?post=46570"}],"version-history":[{"count":4,"href":"https:\/\/tomajazz.com\/web\/wp-json\/wp\/v2\/posts\/46570\/revisions"}],"predecessor-version":[{"id":46736,"href":"https:\/\/tomajazz.com\/web\/wp-json\/wp\/v2\/posts\/46570\/revisions\/46736"}],"wp:featuredmedia":[{"embeddable":true,"href":"https:\/\/tomajazz.com\/web\/wp-json\/wp\/v2\/media\/46577"}],"wp:attachment":[{"href":"https:\/\/tomajazz.com\/web\/wp-json\/wp\/v2\/media?parent=46570"}],"wp:term":[{"taxonomy":"category","embeddable":true,"href":"https:\/\/tomajazz.com\/web\/wp-json\/wp\/v2\/categories?post=46570"},{"taxonomy":"post_tag","embeddable":true,"href":"https:\/\/tomajazz.com\/web\/wp-json\/wp\/v2\/tags?post=46570"}],"curies":[{"name":"wp","href":"https:\/\/api.w.org\/{rel}","templated":true}]}}