{"id":47198,"date":"2019-11-17T12:00:32","date_gmt":"2019-11-17T11:00:32","guid":{"rendered":"https:\/\/www.tomajazz.com\/web\/?p=47198"},"modified":"2019-11-16T21:54:41","modified_gmt":"2019-11-16T20:54:41","slug":"jazzx5135-sebastien-boisseau-stephan-oliva-tom-rainey-processione-orbit-minipodcast","status":"publish","type":"post","link":"https:\/\/tomajazz.com\/web\/jazzx5135-sebastien-boisseau-stephan-oliva-tom-rainey-processione-orbit-minipodcast\/","title":{"rendered":"JazzX5#135. S\u00e9bastien Boisseau &#8211; Stephan Oliva &#8211; Tom Rainey: Processione (Orbit) [Minipodcast]"},"content":{"rendered":"<p>Por\u00a0<strong>Pachi Tapiz<\/strong>.<\/p>\n<p style=\"text-align: left;\"><span style=\"text-align: right;\"><img loading=\"lazy\" decoding=\"async\" class=\"alignleft wp-image-44324 size-medium\" src=\"https:\/\/tomajazz.com\/web\/wp-content\/uploads\/2019\/07\/Orbit_Orbit-200x173.jpg\" alt=\"\" width=\"200\" height=\"173\" title=\"\" srcset=\"https:\/\/tomajazz.com\/web\/wp-content\/uploads\/2019\/07\/Orbit_Orbit-200x173.jpg 200w, https:\/\/tomajazz.com\/web\/wp-content\/uploads\/2019\/07\/Orbit_Orbit-600x520.jpg 600w, https:\/\/tomajazz.com\/web\/wp-content\/uploads\/2019\/07\/Orbit_Orbit-63x55.jpg 63w, https:\/\/tomajazz.com\/web\/wp-content\/uploads\/2019\/07\/Orbit_Orbit.jpg 730w\" sizes=\"auto, (max-width: 200px) 100vw, 200px\" \/><\/span><\/p>\n<blockquote><p>El cuarto tema, la composici\u00f3n \u201cProcessione\u201d de Oliva fue pura magia. Tom Rainey mantiene en su forma de tocar un maravilloso equilibrio entre la vanguardia y la ortoxia. Si hasta ese momento hab\u00eda mostrado especialmente el primero de estos aspectos, en esta pieza sac\u00f3 a relucir su lado m\u00e1s ortodoxo, protagonizando un mano a mano con Oliva, magn\u00edficamente apoyado por Boisseau, de los que cortan la respiraci\u00f3n: lo que es en definitiva la magia del jazz y la improvisaci\u00f3n en directo.<br \/>\nPachi Tapiz en la rese\u00f1a de <a href=\"https:\/\/tomajazz.com\/web\/?p=47061\" target=\"_blank\" rel=\"noopener noreferrer\">Trio Oliva \/ Boisseau \/ Rainey (28\u00ba Guimaraes Jazz, Portugal. 2019-11-09) [Concierto]<\/a><\/p><\/blockquote>\n<p style=\"text-align: left;\"><span style=\"text-align: right;\">\u00abProcessione\u00bb<br \/>\n<strong>S\u00e9bastien Boisseau &#8211; Stephan Oliva &#8211; Tom Rainey<\/strong>: Orbit (Yolk Music)<br \/>\n<\/span><\/p>\n<p style=\"text-align: right;\"><span style=\"text-align: right;\">\u00a9 <\/span><strong style=\"text-align: right;\">Pachi Tapiz<\/strong><span style=\"text-align: right;\">, 2019<\/span><\/p>\n<p><iframe id=\"audio_44380931\" style=\"border: 1px solid #EEE; box-sizing: border-box; width: 100%;\" src=\"https:\/\/www.ivoox.com\/player_ej_44380931_4_1.html?c1=ff6600\" height=\"200\" frameborder=\"0\" scrolling=\"no\" allowfullscreen=\"allowfullscreen\"><\/iframe><\/p>\n<p><strong>JazzX5<\/strong> es un minipodcast de HDO de la Factor\u00eda Tomajazz presentado, editado y producido por\u00a0<strong>Pachi Tapiz<\/strong>.<br \/>\n<strong>JazzX5<\/strong> comenz\u00f3 su andadura el 24 de junio de 2019.<br \/>\nTodas las entregas de <strong>JazzX5<\/strong> est\u00e1n disponibles en <strong><a href=\"https:\/\/tomajazz.com\/web\/?cat=23120\" target=\"_blank\" rel=\"noopener noreferrer\">https:\/\/tomajazz.com\/web\/?cat=23120<\/a> \/ <a href=\"https:\/\/www.ivoox.com\/jazzx5_bk_list_642835_1.html\" target=\"_blank\" rel=\"noopener noreferrer\">https:\/\/www.ivoox.com\/jazzx5_bk_list_642835_1.html<\/a><\/strong>.<\/p>\n","protected":false},"excerpt":{"rendered":"<p>En JazzX5 135, de nuevo el disco Orbit del tr\u00edo formado por S\u00e9bastien Boisseau &#8211; Stephan Oliva &#8211; Tom Rainey.<span class=\"more-link\"><a href=\"https:\/\/tomajazz.com\/web\/jazzx5135-sebastien-boisseau-stephan-oliva-tom-rainey-processione-orbit-minipodcast\/\">Contin\u00faa leyendo<\/a><\/span><\/p>\n","protected":false},"author":1,"featured_media":47199,"comment_status":"open","ping_status":"closed","sticky":false,"template":"","format":"standard","meta":{"jetpack_post_was_ever_published":false,"_jetpack_newsletter_access":"","_jetpack_dont_email_post_to_subs":false,"_jetpack_newsletter_tier_id":0,"_jetpack_memberships_contains_paywalled_content":false,"_jetpack_memberships_contains_paid_content":false,"footnotes":""},"categories":[12814,17847,23120,15518,1038],"tags":[23118,23804,31,7337,7997,650,23182],"class_list":["entry","author-pachi","has-excerpt","post-47198","post","type-post","status-publish","format-standard","has-post-thumbnail","category-podcast","category-pachi-tapiz","category-jazzx5","category-sonidos","category-contenidos","tag-jazzx5","tag-orbit","tag-pachi-tapiz","tag-sebastien-boisseau","tag-stephan-oliva","tag-tom-rainey","tag-yolk-music"],"jetpack_featured_media_url":"https:\/\/tomajazz.com\/web\/wp-content\/uploads\/2019\/11\/JazzX5_135.jpg","jetpack_likes_enabled":true,"jetpack_sharing_enabled":true,"jetpack-related-posts":[{"id":72175,"url":"https:\/\/tomajazz.com\/web\/orbit-in-visibility-jazzx5\/","url_meta":{"origin":47198,"position":0},"title":"\u00abExterieur Nuit\u00bb [Orbit: In-Visibility (Yolk Records, 2023)] Por Pachi Tapiz. JazzX5 #570 [Minipodcast de jazz]","author":"Tomajazz","date":"14 marzo, 2023","format":false,"excerpt":"En JazzX5 #570 suena el tema \"Exterieur Nuit\" de la nueva grabaci\u00f3n del tr\u00edo Orbit, titulada In-Visibility (Yolk Records, 2023). JazzX5 es un podcast de Pachi Tapiz.","rel":"","context":"En \u00abJazzX5\u00bb","block_context":{"text":"JazzX5","link":"https:\/\/tomajazz.com\/web\/category\/contenidos\/sonidos\/podcast\/jazzx5\/"},"img":{"alt_text":"\"Exterieur Nuit\" [Orbit: In-Visibility (Yolk Records, 2023)] Por Pachi Tapiz. JazzX5 #570 [Minipodcast de jazz]","src":"https:\/\/i0.wp.com\/tomajazz.com\/web\/wp-content\/uploads\/2023\/03\/JazzX5_0570_alt.jpg?resize=350%2C200&ssl=1","width":350,"height":200,"srcset":"https:\/\/i0.wp.com\/tomajazz.com\/web\/wp-content\/uploads\/2023\/03\/JazzX5_0570_alt.jpg?resize=350%2C200&ssl=1 1x, https:\/\/i0.wp.com\/tomajazz.com\/web\/wp-content\/uploads\/2023\/03\/JazzX5_0570_alt.jpg?resize=525%2C300&ssl=1 1.5x, https:\/\/i0.wp.com\/tomajazz.com\/web\/wp-content\/uploads\/2023\/03\/JazzX5_0570_alt.jpg?resize=700%2C400&ssl=1 2x"},"classes":[]},{"id":44323,"url":"https:\/\/tomajazz.com\/web\/jazzx5012-sebastien-boisseau-stephan-oliva-tom-rainey-split-screen-minipodcast\/","url_meta":{"origin":47198,"position":1},"title":"JazzX5#012. S\u00e9bastien Boisseau &#8211; Stephan Oliva &#8211; Tom Rainey: Split Screen [Minipodcast]","author":"Tomajazz","date":"12 julio, 2019","format":false,"excerpt":"Por\u00a0Pachi Tapiz. \"Split Screen\". S\u00e9bastien Boisseau - Stephan Oliva - Tom Rainey: Orbit (Yolk Music) \u00a9\u00a0Pachi Tapiz, 2019 JazzX5 es un minipodcast de HDO de la Factor\u00eda Tomajazz presentado, editado y producido por\u00a0Pachi Tapiz. JazzX5 comenz\u00f3 su andadura el 24 de junio de 2019. Todas las entregas de JazzX5 est\u00e1n\u2026","rel":"","context":"En \u00ab*_Pachi Tapiz\u00bb","block_context":{"text":"*_Pachi Tapiz","link":"https:\/\/tomajazz.com\/web\/category\/pachi-tapiz\/"},"img":{"alt_text":"","src":"https:\/\/i0.wp.com\/tomajazz.com\/web\/wp-content\/uploads\/2019\/07\/JazzX5_012.jpg?resize=350%2C200&ssl=1","width":350,"height":200,"srcset":"https:\/\/i0.wp.com\/tomajazz.com\/web\/wp-content\/uploads\/2019\/07\/JazzX5_012.jpg?resize=350%2C200&ssl=1 1x, https:\/\/i0.wp.com\/tomajazz.com\/web\/wp-content\/uploads\/2019\/07\/JazzX5_012.jpg?resize=525%2C300&ssl=1 1.5x, https:\/\/i0.wp.com\/tomajazz.com\/web\/wp-content\/uploads\/2019\/07\/JazzX5_012.jpg?resize=700%2C400&ssl=1 2x"},"classes":[]},{"id":47061,"url":"https:\/\/tomajazz.com\/web\/trio-oliva-boisseau-rainey-28o-guimaraes-jazz-portugal-2019-11-09-concierto\/","url_meta":{"origin":47198,"position":2},"title":"Trio Oliva \/ Boisseau \/ Rainey (28\u00ba Guimaraes Jazz, Portugal. 2019-11-09) [Concierto]","author":"Tomajazz","date":"10 noviembre, 2019","format":false,"excerpt":"Pachi Tapiz repasa el concierto de Trio Oliva \/ Boisseau \/ Rainey, en la tercera jornada del 28\u00ba Guimaraes Jazz.","rel":"","context":"En \u00abConciertos...\u00bb","block_context":{"text":"Conciertos...","link":"https:\/\/tomajazz.com\/web\/category\/contenidos\/textos\/conciertos\/"},"img":{"alt_text":"","src":"https:\/\/i0.wp.com\/tomajazz.com\/web\/wp-content\/uploads\/2019\/11\/Trio-OlivaBoisseauRainey-3_peq.jpg?resize=350%2C200&ssl=1","width":350,"height":200,"srcset":"https:\/\/i0.wp.com\/tomajazz.com\/web\/wp-content\/uploads\/2019\/11\/Trio-OlivaBoisseauRainey-3_peq.jpg?resize=350%2C200&ssl=1 1x, https:\/\/i0.wp.com\/tomajazz.com\/web\/wp-content\/uploads\/2019\/11\/Trio-OlivaBoisseauRainey-3_peq.jpg?resize=525%2C300&ssl=1 1.5x"},"classes":[]},{"id":46795,"url":"https:\/\/tomajazz.com\/web\/https-www-tomajazz-com-web-p46795\/","url_meta":{"origin":47198,"position":3},"title":"Jazz Para Ti: 29 de octubre de 2019 (Programa 051) JPT.T3.04 [Podcast]","author":"Tomajazz","date":"31 octubre, 2019","format":false,"excerpt":"Nueva entrega del programa de radio Jazz Para Ti de Pachi Tapiz con la m\u00fasica de Bill Frisell, Tom Harrell, Cuarteto Fuerte, Tr\u00edo Gafas y Steve Lehman con Craig Taborn entre otros.","rel":"","context":"En \u00abSonidos\u00bb","block_context":{"text":"Sonidos","link":"https:\/\/tomajazz.com\/web\/category\/contenidos\/sonidos\/"},"img":{"alt_text":"","src":"https:\/\/i0.wp.com\/tomajazz.com\/web\/wp-content\/uploads\/2019\/10\/JazzParaTi_51.jpg?resize=350%2C200&ssl=1","width":350,"height":200,"srcset":"https:\/\/i0.wp.com\/tomajazz.com\/web\/wp-content\/uploads\/2019\/10\/JazzParaTi_51.jpg?resize=350%2C200&ssl=1 1x, https:\/\/i0.wp.com\/tomajazz.com\/web\/wp-content\/uploads\/2019\/10\/JazzParaTi_51.jpg?resize=525%2C300&ssl=1 1.5x, https:\/\/i0.wp.com\/tomajazz.com\/web\/wp-content\/uploads\/2019\/10\/JazzParaTi_51.jpg?resize=700%2C400&ssl=1 2x"},"classes":[]},{"id":53149,"url":"https:\/\/tomajazz.com\/web\/32eme-festival-jazzebre-ii-claude-tchamitchian-bedmakers-y-stephan-oliva-sebastien-boisseau-13-de-octubre-de-2020-la-casa-musicale-perpignan-france-conciertos-de-jazz-por-joan-cortes\/","url_meta":{"origin":47198,"position":4},"title":"32\u00e8me Festival Jazz\u00e8bre -II-: Claude Tchamitchian, Bedmakers y St\u00e9phan Oliva &#038; S\u00e9bastien Boisseau (13 de octubre de 2020. La Casa Musicale, Perpignan -France-) [Conciertos de jazz] Por Joan Cort\u00e8s","author":"Tomajazz","date":"26 noviembre, 2020","format":false,"excerpt":"Joan Cort\u00e8s repasa la jornada del 13 de octubre del 32\u00e8me Festival Jazz\u00e8bre con la actuaci\u00f3n de Claude Tchamitchian, Bedmakers y St\u00e9phan Oliva & S\u00e9bastien Boisseau.","rel":"","context":"En \u00abTextos\u00bb","block_context":{"text":"Textos","link":"https:\/\/tomajazz.com\/web\/category\/contenidos\/textos\/"},"img":{"alt_text":"","src":"https:\/\/i0.wp.com\/tomajazz.com\/web\/wp-content\/uploads\/2020\/11\/02_32Jzzbre-Joan-Cortes_LCM_Prpny.jpg?resize=350%2C200&ssl=1","width":350,"height":200,"srcset":"https:\/\/i0.wp.com\/tomajazz.com\/web\/wp-content\/uploads\/2020\/11\/02_32Jzzbre-Joan-Cortes_LCM_Prpny.jpg?resize=350%2C200&ssl=1 1x, https:\/\/i0.wp.com\/tomajazz.com\/web\/wp-content\/uploads\/2020\/11\/02_32Jzzbre-Joan-Cortes_LCM_Prpny.jpg?resize=525%2C300&ssl=1 1.5x"},"classes":[]},{"id":52836,"url":"https:\/\/tomajazz.com\/web\/instantzz-stephan-oliva-et-sebastien-boisseau-32eme-festival-jazzebre-la-casa-musicale-perpignan-france-2020-10-13-galeria-fotografica-aka-fotoblog-de-jazz-impro-y-algo-mas-por-joan-c\/","url_meta":{"origin":47198,"position":5},"title":"INSTANTZZ: St\u00e9phan Oliva et S\u00e9bastien Boisseau (32\u00e8me Festival Jazz\u00e8bre \/ La Casa Musicale, Perpignan -France-.  2020-10-13)  [Galer\u00eda fotogr\u00e1fica AKA Fotoblog de jazz, impro&#8230; y algo m\u00e1s] Por Joan Cort\u00e8s","author":"Tomajazz","date":"4 noviembre, 2020","format":false,"excerpt":"En INSTANTZZ una galer\u00eda fotogr\u00e1fica de Joan Cort\u00e9s de la actuaci\u00f3n de St\u00e9phan Oliva et S\u00e9bastien Boisseau en 32\u00e8me Festival Jazz\u00e8bre.","rel":"","context":"En \u00abINSTANTZZ\u00bb","block_context":{"text":"INSTANTZZ","link":"https:\/\/tomajazz.com\/web\/category\/contenidos\/imagenes\/photoblogs\/instantzz\/"},"img":{"alt_text":"","src":"https:\/\/i0.wp.com\/tomajazz.com\/web\/wp-content\/uploads\/2020\/11\/03_Stphn-lv-t-Sbstn-Bss-Joan-Cortes_13oct20_LCsMscl_32Jzzbr_Prpgnn.jpg?resize=350%2C200&ssl=1","width":350,"height":200,"srcset":"https:\/\/i0.wp.com\/tomajazz.com\/web\/wp-content\/uploads\/2020\/11\/03_Stphn-lv-t-Sbstn-Bss-Joan-Cortes_13oct20_LCsMscl_32Jzzbr_Prpgnn.jpg?resize=350%2C200&ssl=1 1x, https:\/\/i0.wp.com\/tomajazz.com\/web\/wp-content\/uploads\/2020\/11\/03_Stphn-lv-t-Sbstn-Bss-Joan-Cortes_13oct20_LCsMscl_32Jzzbr_Prpgnn.jpg?resize=525%2C300&ssl=1 1.5x"},"classes":[]}],"_links":{"self":[{"href":"https:\/\/tomajazz.com\/web\/wp-json\/wp\/v2\/posts\/47198","targetHints":{"allow":["GET"]}}],"collection":[{"href":"https:\/\/tomajazz.com\/web\/wp-json\/wp\/v2\/posts"}],"about":[{"href":"https:\/\/tomajazz.com\/web\/wp-json\/wp\/v2\/types\/post"}],"author":[{"embeddable":true,"href":"https:\/\/tomajazz.com\/web\/wp-json\/wp\/v2\/users\/1"}],"replies":[{"embeddable":true,"href":"https:\/\/tomajazz.com\/web\/wp-json\/wp\/v2\/comments?post=47198"}],"version-history":[{"count":2,"href":"https:\/\/tomajazz.com\/web\/wp-json\/wp\/v2\/posts\/47198\/revisions"}],"predecessor-version":[{"id":47201,"href":"https:\/\/tomajazz.com\/web\/wp-json\/wp\/v2\/posts\/47198\/revisions\/47201"}],"wp:featuredmedia":[{"embeddable":true,"href":"https:\/\/tomajazz.com\/web\/wp-json\/wp\/v2\/media\/47199"}],"wp:attachment":[{"href":"https:\/\/tomajazz.com\/web\/wp-json\/wp\/v2\/media?parent=47198"}],"wp:term":[{"taxonomy":"category","embeddable":true,"href":"https:\/\/tomajazz.com\/web\/wp-json\/wp\/v2\/categories?post=47198"},{"taxonomy":"post_tag","embeddable":true,"href":"https:\/\/tomajazz.com\/web\/wp-json\/wp\/v2\/tags?post=47198"}],"curies":[{"name":"wp","href":"https:\/\/api.w.org\/{rel}","templated":true}]}}