{"id":47397,"date":"2019-11-26T13:00:42","date_gmt":"2019-11-26T12:00:42","guid":{"rendered":"https:\/\/www.tomajazz.com\/web\/?p=47397"},"modified":"2019-11-27T21:47:25","modified_gmt":"2019-11-27T20:47:25","slug":"instantzz-ferran-besalduch-ingar-zach-lem-xxiv-internacional-experimental-music-meeting-barcelona-galeria-fotografica","status":"publish","type":"post","link":"https:\/\/tomajazz.com\/web\/instantzz-ferran-besalduch-ingar-zach-lem-xxiv-internacional-experimental-music-meeting-barcelona-galeria-fotografica\/","title":{"rendered":"INSTANTZZ: Ferran Besalduch &#038; Ingar Zach (LEM XXIV Internacional Experimental Music Meeting, Barcelona) [Galer\u00eda fotogr\u00e1fica]"},"content":{"rendered":"<p>Por\u00a0<strong>Joan Cort\u00e8s<\/strong>.<\/p>\n<ul>\n<li>Fecha: Viernes, 11 de octubre de 2019<\/li>\n<li>Lugar: CAT -Centre Artes\u00e0 Tradicion\u00e0rius- (Barcelona)<\/li>\n<li>Grupo:<br \/>\n<strong>Ferran Besalduch &amp; Ingar Zach<br \/>\n<\/strong>Ferran Besalduch, saxo bajo, saxo sopranino y electr\u00f3nica<br \/>\nIngar Zach, percusi\u00f3n<\/li>\n<\/ul>\n<p style=\"text-align: center;\"><img loading=\"lazy\" decoding=\"async\" class=\"aligncenter size-full wp-image-47398\" src=\"https:\/\/tomajazz.com\/web\/wp-content\/uploads\/2019\/11\/01_FrrBsldch-ngr-Zch-\u00a9Joan-Cort\u00e8s_11oct19_LEM_CAT_Bcn.jpg\" alt=\"\" width=\"600\" height=\"400\" title=\"\" srcset=\"https:\/\/tomajazz.com\/web\/wp-content\/uploads\/2019\/11\/01_FrrBsldch-ngr-Zch-\u00a9Joan-Cort\u00e8s_11oct19_LEM_CAT_Bcn.jpg 600w, https:\/\/tomajazz.com\/web\/wp-content\/uploads\/2019\/11\/01_FrrBsldch-ngr-Zch-\u00a9Joan-Cort\u00e8s_11oct19_LEM_CAT_Bcn-200x133.jpg 200w, https:\/\/tomajazz.com\/web\/wp-content\/uploads\/2019\/11\/01_FrrBsldch-ngr-Zch-\u00a9Joan-Cort\u00e8s_11oct19_LEM_CAT_Bcn-83x55.jpg 83w, https:\/\/tomajazz.com\/web\/wp-content\/uploads\/2019\/11\/01_FrrBsldch-ngr-Zch-\u00a9Joan-Cort\u00e8s_11oct19_LEM_CAT_Bcn-60x40.jpg 60w, https:\/\/tomajazz.com\/web\/wp-content\/uploads\/2019\/11\/01_FrrBsldch-ngr-Zch-\u00a9Joan-Cort\u00e8s_11oct19_LEM_CAT_Bcn-120x80.jpg 120w\" sizes=\"auto, (max-width: 600px) 100vw, 600px\" \/> <img loading=\"lazy\" decoding=\"async\" class=\"aligncenter size-large wp-image-47399\" src=\"https:\/\/tomajazz.com\/web\/wp-content\/uploads\/2019\/11\/02_FrrBsldch-ngr-Zch-\u00a9Joan-Cort\u00e8s_11oct19_LEM_CAT_Bcn.jpg\" alt=\"\" width=\"400\" height=\"600\" title=\"\" srcset=\"https:\/\/tomajazz.com\/web\/wp-content\/uploads\/2019\/11\/02_FrrBsldch-ngr-Zch-\u00a9Joan-Cort\u00e8s_11oct19_LEM_CAT_Bcn.jpg 400w, https:\/\/tomajazz.com\/web\/wp-content\/uploads\/2019\/11\/02_FrrBsldch-ngr-Zch-\u00a9Joan-Cort\u00e8s_11oct19_LEM_CAT_Bcn-200x300.jpg 200w, https:\/\/tomajazz.com\/web\/wp-content\/uploads\/2019\/11\/02_FrrBsldch-ngr-Zch-\u00a9Joan-Cort\u00e8s_11oct19_LEM_CAT_Bcn-37x55.jpg 37w\" sizes=\"auto, (max-width: 400px) 100vw, 400px\" \/> <img loading=\"lazy\" decoding=\"async\" class=\"aligncenter size-large wp-image-47400\" src=\"https:\/\/tomajazz.com\/web\/wp-content\/uploads\/2019\/11\/03_FrrBsldch-ngr-Zch-\u00a9Joan-Cort\u00e8s_11oct19_LEM_CAT_Bcn.jpg\" alt=\"\" width=\"400\" height=\"600\" title=\"\" srcset=\"https:\/\/tomajazz.com\/web\/wp-content\/uploads\/2019\/11\/03_FrrBsldch-ngr-Zch-\u00a9Joan-Cort\u00e8s_11oct19_LEM_CAT_Bcn.jpg 400w, https:\/\/tomajazz.com\/web\/wp-content\/uploads\/2019\/11\/03_FrrBsldch-ngr-Zch-\u00a9Joan-Cort\u00e8s_11oct19_LEM_CAT_Bcn-200x300.jpg 200w, https:\/\/tomajazz.com\/web\/wp-content\/uploads\/2019\/11\/03_FrrBsldch-ngr-Zch-\u00a9Joan-Cort\u00e8s_11oct19_LEM_CAT_Bcn-37x55.jpg 37w\" sizes=\"auto, (max-width: 400px) 100vw, 400px\" \/> <img loading=\"lazy\" decoding=\"async\" class=\"aligncenter size-large wp-image-47401\" src=\"https:\/\/tomajazz.com\/web\/wp-content\/uploads\/2019\/11\/04_FrrBsldch-ngr-Zch-\u00a9Joan-Cort\u00e8s_11oct19_LEM_CAT_Bcn.jpg\" alt=\"\" width=\"600\" height=\"400\" title=\"\" srcset=\"https:\/\/tomajazz.com\/web\/wp-content\/uploads\/2019\/11\/04_FrrBsldch-ngr-Zch-\u00a9Joan-Cort\u00e8s_11oct19_LEM_CAT_Bcn.jpg 600w, https:\/\/tomajazz.com\/web\/wp-content\/uploads\/2019\/11\/04_FrrBsldch-ngr-Zch-\u00a9Joan-Cort\u00e8s_11oct19_LEM_CAT_Bcn-200x133.jpg 200w, https:\/\/tomajazz.com\/web\/wp-content\/uploads\/2019\/11\/04_FrrBsldch-ngr-Zch-\u00a9Joan-Cort\u00e8s_11oct19_LEM_CAT_Bcn-83x55.jpg 83w, https:\/\/tomajazz.com\/web\/wp-content\/uploads\/2019\/11\/04_FrrBsldch-ngr-Zch-\u00a9Joan-Cort\u00e8s_11oct19_LEM_CAT_Bcn-60x40.jpg 60w, https:\/\/tomajazz.com\/web\/wp-content\/uploads\/2019\/11\/04_FrrBsldch-ngr-Zch-\u00a9Joan-Cort\u00e8s_11oct19_LEM_CAT_Bcn-120x80.jpg 120w\" sizes=\"auto, (max-width: 600px) 100vw, 600px\" \/> <img loading=\"lazy\" decoding=\"async\" class=\"aligncenter size-large wp-image-47402\" src=\"https:\/\/tomajazz.com\/web\/wp-content\/uploads\/2019\/11\/05_FrrBsldch-ngr-Zch-\u00a9Joan-Cort\u00e8s_11oct19_LEM_CAT_Bcn.jpg\" alt=\"\" width=\"600\" height=\"400\" title=\"\" srcset=\"https:\/\/tomajazz.com\/web\/wp-content\/uploads\/2019\/11\/05_FrrBsldch-ngr-Zch-\u00a9Joan-Cort\u00e8s_11oct19_LEM_CAT_Bcn.jpg 600w, https:\/\/tomajazz.com\/web\/wp-content\/uploads\/2019\/11\/05_FrrBsldch-ngr-Zch-\u00a9Joan-Cort\u00e8s_11oct19_LEM_CAT_Bcn-200x133.jpg 200w, https:\/\/tomajazz.com\/web\/wp-content\/uploads\/2019\/11\/05_FrrBsldch-ngr-Zch-\u00a9Joan-Cort\u00e8s_11oct19_LEM_CAT_Bcn-83x55.jpg 83w, https:\/\/tomajazz.com\/web\/wp-content\/uploads\/2019\/11\/05_FrrBsldch-ngr-Zch-\u00a9Joan-Cort\u00e8s_11oct19_LEM_CAT_Bcn-60x40.jpg 60w, https:\/\/tomajazz.com\/web\/wp-content\/uploads\/2019\/11\/05_FrrBsldch-ngr-Zch-\u00a9Joan-Cort\u00e8s_11oct19_LEM_CAT_Bcn-120x80.jpg 120w\" sizes=\"auto, (max-width: 600px) 100vw, 600px\" \/> <img loading=\"lazy\" decoding=\"async\" class=\"aligncenter size-large wp-image-47403\" src=\"https:\/\/tomajazz.com\/web\/wp-content\/uploads\/2019\/11\/06_FrrBsldch-ngr-Zch-\u00a9Joan-Cort\u00e8s_11oct19_LEM_CAT_Bcn.jpg\" alt=\"\" width=\"600\" height=\"400\" title=\"\" srcset=\"https:\/\/tomajazz.com\/web\/wp-content\/uploads\/2019\/11\/06_FrrBsldch-ngr-Zch-\u00a9Joan-Cort\u00e8s_11oct19_LEM_CAT_Bcn.jpg 600w, https:\/\/tomajazz.com\/web\/wp-content\/uploads\/2019\/11\/06_FrrBsldch-ngr-Zch-\u00a9Joan-Cort\u00e8s_11oct19_LEM_CAT_Bcn-200x133.jpg 200w, https:\/\/tomajazz.com\/web\/wp-content\/uploads\/2019\/11\/06_FrrBsldch-ngr-Zch-\u00a9Joan-Cort\u00e8s_11oct19_LEM_CAT_Bcn-83x55.jpg 83w, https:\/\/tomajazz.com\/web\/wp-content\/uploads\/2019\/11\/06_FrrBsldch-ngr-Zch-\u00a9Joan-Cort\u00e8s_11oct19_LEM_CAT_Bcn-60x40.jpg 60w, https:\/\/tomajazz.com\/web\/wp-content\/uploads\/2019\/11\/06_FrrBsldch-ngr-Zch-\u00a9Joan-Cort\u00e8s_11oct19_LEM_CAT_Bcn-120x80.jpg 120w\" sizes=\"auto, (max-width: 600px) 100vw, 600px\" \/> <img loading=\"lazy\" decoding=\"async\" class=\"aligncenter size-large wp-image-47404\" src=\"https:\/\/tomajazz.com\/web\/wp-content\/uploads\/2019\/11\/07_FrrBsldch-ngr-Zch-\u00a9Joan-Cort\u00e8s_11oct19_LEM_CAT_Bcn.jpg\" alt=\"\" width=\"600\" height=\"400\" title=\"\" srcset=\"https:\/\/tomajazz.com\/web\/wp-content\/uploads\/2019\/11\/07_FrrBsldch-ngr-Zch-\u00a9Joan-Cort\u00e8s_11oct19_LEM_CAT_Bcn.jpg 600w, https:\/\/tomajazz.com\/web\/wp-content\/uploads\/2019\/11\/07_FrrBsldch-ngr-Zch-\u00a9Joan-Cort\u00e8s_11oct19_LEM_CAT_Bcn-200x133.jpg 200w, https:\/\/tomajazz.com\/web\/wp-content\/uploads\/2019\/11\/07_FrrBsldch-ngr-Zch-\u00a9Joan-Cort\u00e8s_11oct19_LEM_CAT_Bcn-83x55.jpg 83w, https:\/\/tomajazz.com\/web\/wp-content\/uploads\/2019\/11\/07_FrrBsldch-ngr-Zch-\u00a9Joan-Cort\u00e8s_11oct19_LEM_CAT_Bcn-60x40.jpg 60w, https:\/\/tomajazz.com\/web\/wp-content\/uploads\/2019\/11\/07_FrrBsldch-ngr-Zch-\u00a9Joan-Cort\u00e8s_11oct19_LEM_CAT_Bcn-120x80.jpg 120w\" sizes=\"auto, (max-width: 600px) 100vw, 600px\" \/> <img loading=\"lazy\" decoding=\"async\" class=\"aligncenter size-large wp-image-47405\" src=\"https:\/\/tomajazz.com\/web\/wp-content\/uploads\/2019\/11\/08_FrrBsldch-ngr-Zch-\u00a9Joan-Cort\u00e8s_11oct19_LEM_CAT_Bcn.jpg\" alt=\"\" width=\"400\" height=\"600\" title=\"\" srcset=\"https:\/\/tomajazz.com\/web\/wp-content\/uploads\/2019\/11\/08_FrrBsldch-ngr-Zch-\u00a9Joan-Cort\u00e8s_11oct19_LEM_CAT_Bcn.jpg 400w, https:\/\/tomajazz.com\/web\/wp-content\/uploads\/2019\/11\/08_FrrBsldch-ngr-Zch-\u00a9Joan-Cort\u00e8s_11oct19_LEM_CAT_Bcn-200x300.jpg 200w, https:\/\/tomajazz.com\/web\/wp-content\/uploads\/2019\/11\/08_FrrBsldch-ngr-Zch-\u00a9Joan-Cort\u00e8s_11oct19_LEM_CAT_Bcn-37x55.jpg 37w\" sizes=\"auto, (max-width: 400px) 100vw, 400px\" \/> <img loading=\"lazy\" decoding=\"async\" class=\"aligncenter size-large wp-image-47406\" src=\"https:\/\/tomajazz.com\/web\/wp-content\/uploads\/2019\/11\/09_FrrBsldch-ngr-Zch-\u00a9Joan-Cort\u00e8s_11oct19_LEM_CAT_Bcn.jpg\" alt=\"\" width=\"600\" height=\"400\" title=\"\" srcset=\"https:\/\/tomajazz.com\/web\/wp-content\/uploads\/2019\/11\/09_FrrBsldch-ngr-Zch-\u00a9Joan-Cort\u00e8s_11oct19_LEM_CAT_Bcn.jpg 600w, https:\/\/tomajazz.com\/web\/wp-content\/uploads\/2019\/11\/09_FrrBsldch-ngr-Zch-\u00a9Joan-Cort\u00e8s_11oct19_LEM_CAT_Bcn-200x133.jpg 200w, https:\/\/tomajazz.com\/web\/wp-content\/uploads\/2019\/11\/09_FrrBsldch-ngr-Zch-\u00a9Joan-Cort\u00e8s_11oct19_LEM_CAT_Bcn-83x55.jpg 83w, https:\/\/tomajazz.com\/web\/wp-content\/uploads\/2019\/11\/09_FrrBsldch-ngr-Zch-\u00a9Joan-Cort\u00e8s_11oct19_LEM_CAT_Bcn-60x40.jpg 60w, https:\/\/tomajazz.com\/web\/wp-content\/uploads\/2019\/11\/09_FrrBsldch-ngr-Zch-\u00a9Joan-Cort\u00e8s_11oct19_LEM_CAT_Bcn-120x80.jpg 120w\" sizes=\"auto, (max-width: 600px) 100vw, 600px\" \/> <img loading=\"lazy\" decoding=\"async\" class=\"aligncenter size-large wp-image-47407\" src=\"https:\/\/tomajazz.com\/web\/wp-content\/uploads\/2019\/11\/10_FrrBsldch-ngr-Zch-\u00a9Joan-Cort\u00e8s_11oct19_LEM_CAT_Bcn.jpg\" alt=\"\" width=\"600\" height=\"400\" title=\"\" srcset=\"https:\/\/tomajazz.com\/web\/wp-content\/uploads\/2019\/11\/10_FrrBsldch-ngr-Zch-\u00a9Joan-Cort\u00e8s_11oct19_LEM_CAT_Bcn.jpg 600w, https:\/\/tomajazz.com\/web\/wp-content\/uploads\/2019\/11\/10_FrrBsldch-ngr-Zch-\u00a9Joan-Cort\u00e8s_11oct19_LEM_CAT_Bcn-200x133.jpg 200w, https:\/\/tomajazz.com\/web\/wp-content\/uploads\/2019\/11\/10_FrrBsldch-ngr-Zch-\u00a9Joan-Cort\u00e8s_11oct19_LEM_CAT_Bcn-83x55.jpg 83w, https:\/\/tomajazz.com\/web\/wp-content\/uploads\/2019\/11\/10_FrrBsldch-ngr-Zch-\u00a9Joan-Cort\u00e8s_11oct19_LEM_CAT_Bcn-60x40.jpg 60w, https:\/\/tomajazz.com\/web\/wp-content\/uploads\/2019\/11\/10_FrrBsldch-ngr-Zch-\u00a9Joan-Cort\u00e8s_11oct19_LEM_CAT_Bcn-120x80.jpg 120w\" sizes=\"auto, (max-width: 600px) 100vw, 600px\" \/> <img loading=\"lazy\" decoding=\"async\" class=\"aligncenter size-large wp-image-47408\" src=\"https:\/\/tomajazz.com\/web\/wp-content\/uploads\/2019\/11\/11_FrrBsldch-ngr-Zch-\u00a9Joan-Cort\u00e8s_11oct19_LEM_CAT_Bcn.jpg\" alt=\"\" width=\"600\" height=\"400\" title=\"\" srcset=\"https:\/\/tomajazz.com\/web\/wp-content\/uploads\/2019\/11\/11_FrrBsldch-ngr-Zch-\u00a9Joan-Cort\u00e8s_11oct19_LEM_CAT_Bcn.jpg 600w, https:\/\/tomajazz.com\/web\/wp-content\/uploads\/2019\/11\/11_FrrBsldch-ngr-Zch-\u00a9Joan-Cort\u00e8s_11oct19_LEM_CAT_Bcn-200x133.jpg 200w, https:\/\/tomajazz.com\/web\/wp-content\/uploads\/2019\/11\/11_FrrBsldch-ngr-Zch-\u00a9Joan-Cort\u00e8s_11oct19_LEM_CAT_Bcn-83x55.jpg 83w, https:\/\/tomajazz.com\/web\/wp-content\/uploads\/2019\/11\/11_FrrBsldch-ngr-Zch-\u00a9Joan-Cort\u00e8s_11oct19_LEM_CAT_Bcn-60x40.jpg 60w, https:\/\/tomajazz.com\/web\/wp-content\/uploads\/2019\/11\/11_FrrBsldch-ngr-Zch-\u00a9Joan-Cort\u00e8s_11oct19_LEM_CAT_Bcn-120x80.jpg 120w\" sizes=\"auto, (max-width: 600px) 100vw, 600px\" \/><\/p>\n<p style=\"text-align: right;\">Tomajazz: \u00a9\u00a0<strong>Joan Cort\u00e8s<\/strong>, 2019<\/p>\n","protected":false},"excerpt":{"rendered":"<p>Ferran Besalduch e Ingar Zach a su paso por el LEM XXIV Internacional Experimental Music Meeting, en el CAT -Centre Artes\u00e0 Tradicion\u00e0rius- de Barcelona, el pasado 11 de octubre, son los protagonistas del fotoblog INSTANTZZ, en una galer\u00eda fotogr\u00e1fica realizada por Joan Cort\u00e8s. <span class=\"more-link\"><a href=\"https:\/\/tomajazz.com\/web\/instantzz-ferran-besalduch-ingar-zach-lem-xxiv-internacional-experimental-music-meeting-barcelona-galeria-fotografica\/\">Contin\u00faa leyendo<\/a><\/span><\/p>\n","protected":false},"author":1,"featured_media":47403,"comment_status":"open","ping_status":"closed","sticky":false,"template":"","format":"standard","meta":{"_jetpack_newsletter_access":"","_jetpack_dont_email_post_to_subs":false,"_jetpack_newsletter_tier_id":0,"_jetpack_memberships_contains_paywalled_content":false,"_jetpack_feature_clip_id":0,"_jetpack_memberships_contains_paid_content":false,"footnotes":"","jetpack_post_was_ever_published":false},"categories":[11262,17853,15516,11261,1038],"tags":[1134,23942,9287,1041],"class_list":["entry","author-pachi","has-excerpt","post-47397","post","type-post","status-publish","format-standard","has-post-thumbnail","category-photoblogs","category-joan-cortes","category-imagenes","category-instantzz","category-contenidos","tag-ferran-besalduch","tag-ferran-besalduch-ingar-zach","tag-ingar-zach","tag-joan-cortes"],"jetpack_likes_enabled":true,"jetpack_sharing_enabled":true,"jetpack-related-posts":[{"id":48000,"url":"https:\/\/tomajazz.com\/web\/instantzz-patryk-zacrocki-arturmajewski-ingar-zach-liudas-mockunas-trio-y-ferran-fages-can-balmes-montmusic-festival-2019-les-noves-musiques-al-montseny-santa-maria-de-palautordera-barcelona\/","url_meta":{"origin":47397,"position":0},"title":"INSTANTZZ: Patryk Zacrocki, ArturMajewski &#038; Ingar Zach, Liudas Mock\u00fcnas Trio y Ferran Fages (Can Balmes, MontMusic Festival 2019 -Les noves m\u00fasiques al Montseny- Santa Maria de Palautordera -Barcelona-.  2018-10-19\/20) [II] [Galer\u00eda Fotogr\u00e1fica]","author":"Tomajazz","date":"26 diciembre, 2019","format":false,"excerpt":"En la galer\u00eda fotogr\u00e1fica - INSTANTZZ, Joan Cort\u00e8s contin\u00faa retratando las actuaciones del MontMusic Festival 2019 -Les noves m\u00fasiques al Montseny. Con im\u00e1genes de las actuaciones de Patryk Zacrocki, ArturMajewski & Ingar Zach, Liudas Mock\u00fcnas Trio y Ferran Fages.","rel":"","context":"En \u00abFotoblog - Galer\u00eda fotogr\u00e1fica\u00bb","block_context":{"text":"Fotoblog - Galer\u00eda fotogr\u00e1fica","link":"https:\/\/tomajazz.com\/web\/category\/contenidos\/imagenes\/photoblogs\/"},"img":{"alt_text":"","src":"https:\/\/i0.wp.com\/tomajazz.com\/web\/wp-content\/uploads\/2019\/12\/13_Lds-Mckns-%C2%A9Joan-Cort%C3%A8s_19oct19_Cblms_MMF_SMP.jpg?resize=350%2C200&ssl=1","width":350,"height":200,"srcset":"https:\/\/i0.wp.com\/tomajazz.com\/web\/wp-content\/uploads\/2019\/12\/13_Lds-Mckns-%C2%A9Joan-Cort%C3%A8s_19oct19_Cblms_MMF_SMP.jpg?resize=350%2C200&ssl=1 1x, https:\/\/i0.wp.com\/tomajazz.com\/web\/wp-content\/uploads\/2019\/12\/13_Lds-Mckns-%C2%A9Joan-Cort%C3%A8s_19oct19_Cblms_MMF_SMP.jpg?resize=525%2C300&ssl=1 1.5x"},"classes":[]},{"id":35689,"url":"https:\/\/tomajazz.com\/web\/zach-besalduch-en-concierto-tepekalesound-2018-03-20-lhospitalet-barcelona-noticias\/","url_meta":{"origin":47397,"position":1},"title":"Zach &#8211; Besalduch en concierto (TePeKaLeSOUND. 2018-03-20. L\u2019Hospitalet, Barcelona) [Noticias]","author":"Tomajazz","date":"18 marzo, 2018","format":false,"excerpt":"Zach - Besalduch Ingar Zach - Ferran Besalduch Martes 20 de marzo de 2018 a las 20:00 TePeKaLeSOUND TPK Arts Pl\u00e0stiques Centre Cultural Metropolit\u00e0 Tecla Sala Av Josep Tarradellas 44 08901 \u2013 L\u2019Hospitalet","rel":"","context":"En \u00ab*_Redacci\u00f3n\u00bb","block_context":{"text":"*_Redacci\u00f3n","link":"https:\/\/tomajazz.com\/web\/category\/redaccion\/"},"img":{"alt_text":"","src":"https:\/\/i0.wp.com\/tomajazz.com\/web\/wp-content\/uploads\/2018\/03\/170320_TPKLSound.jpg?resize=350%2C200&ssl=1","width":350,"height":200},"classes":[]},{"id":46096,"url":"https:\/\/tomajazz.com\/web\/hdo-523-especial-lem-2019-podcast\/","url_meta":{"origin":47397,"position":2},"title":"HDO 523. Especial LEM 2019 [Podcast]","author":"Tomajazz","date":"27 septiembre, 2019","format":false,"excerpt":"Por Pachi Tapiz. HDO 523 est\u00e1 dedicado a la programaci\u00f3n de LEM 2019 con una actividad que se extiende entre el 26 de septiembre y el 26 de octubre. En el programa se repasan todos los conciertos del ciclo. Adem\u00e1s suena m\u00fasica de N\u00faria Andorr\u00e0, Christiane Bopp, Black Flower, Canvis\u2026","rel":"","context":"En \u00ab*_Pachi Tapiz\u00bb","block_context":{"text":"*_Pachi Tapiz","link":"https:\/\/tomajazz.com\/web\/category\/pachi-tapiz\/"},"img":{"alt_text":"HDO 523. Especial LEM 2019 [Podcast]","src":"https:\/\/i0.wp.com\/tomajazz.com\/web\/wp-content\/uploads\/2019\/09\/Collage_programa-0523_Especial-LEM-2019.jpg?resize=350%2C200&ssl=1","width":350,"height":200,"srcset":"https:\/\/i0.wp.com\/tomajazz.com\/web\/wp-content\/uploads\/2019\/09\/Collage_programa-0523_Especial-LEM-2019.jpg?resize=350%2C200&ssl=1 1x, https:\/\/i0.wp.com\/tomajazz.com\/web\/wp-content\/uploads\/2019\/09\/Collage_programa-0523_Especial-LEM-2019.jpg?resize=525%2C300&ssl=1 1.5x, https:\/\/i0.wp.com\/tomajazz.com\/web\/wp-content\/uploads\/2019\/09\/Collage_programa-0523_Especial-LEM-2019.jpg?resize=700%2C400&ssl=1 2x"},"classes":[]},{"id":48163,"url":"https:\/\/tomajazz.com\/web\/instantzz-sonia-sanchez-patryk-zacrocki-michele-rabbia-ingar-zach-can-balmes-montmusic-festival-2019-les-noves-musiques-al-montseny-santa-maria-de-palautordera-barcelona-2018-10-20-y-i\/","url_meta":{"origin":47397,"position":3},"title":"INSTANTZZ: S\u00f2nia S\u00e1nchez &#038; Patryk Zacrocki, Michele Rabbia &#038; Ingar Zach (Can Balmes, MontMusic Festival 2019 -Les noves m\u00fasiques al Montseny- Santa Maria de Palautordera -Barcelona-.  2018-10-20) [y IV] [Galer\u00eda fotogr\u00e1fica]","author":"Tomajazz","date":"2 enero, 2020","format":false,"excerpt":"Joan Cort\u00e8s trae a INSTANTZZ la cuarta galer\u00eda fotogr\u00e1fica del Montmusic Festival 2019, con las actuaciones de S\u00f2nia S\u00e1nchez - Patryk Zacrocki, y Michele Rabbia - Ingar Zach.","rel":"","context":"En \u00abIm\u00e1genes\u00bb","block_context":{"text":"Im\u00e1genes","link":"https:\/\/tomajazz.com\/web\/category\/contenidos\/imagenes\/"},"img":{"alt_text":"","src":"https:\/\/i0.wp.com\/tomajazz.com\/web\/wp-content\/uploads\/2020\/01\/05_Sn-Snchz-Ptrk-Zcrck-%C2%A9Joan-Cort%C3%A8s_20oct19_CnBlms_MMF_SMP.jpg?resize=350%2C200&ssl=1","width":350,"height":200,"srcset":"https:\/\/i0.wp.com\/tomajazz.com\/web\/wp-content\/uploads\/2020\/01\/05_Sn-Snchz-Ptrk-Zcrck-%C2%A9Joan-Cort%C3%A8s_20oct19_CnBlms_MMF_SMP.jpg?resize=350%2C200&ssl=1 1x, https:\/\/i0.wp.com\/tomajazz.com\/web\/wp-content\/uploads\/2020\/01\/05_Sn-Snchz-Ptrk-Zcrck-%C2%A9Joan-Cort%C3%A8s_20oct19_CnBlms_MMF_SMP.jpg?resize=525%2C300&ssl=1 1.5x"},"classes":[]},{"id":45931,"url":"https:\/\/tomajazz.com\/web\/lem-2019-barcelona-26-de-septiembre-al-26-de-octubre-de-2019-noticias\/","url_meta":{"origin":47397,"position":4},"title":"LEM 2019 (Barcelona. 26 de septiembre al 26 de octubre de 2019) [Noticias]","author":"Tomajazz","date":"23 septiembre, 2019","format":false,"excerpt":"Por\u00a0Redacci\u00f3n. Entre el 26 de septiembre y el 26 de octubre de 2019 tendr\u00e1 lugar la vig\u00e9simo cuarta edici\u00f3n del festival LEM. Selecci\u00f3n del programa N\u00faria Andorr\u00e0 & Christiane Bopp Jueves 26 de septiembre. 13:00 Cinemes Texas Bail\u00e8n, 205 Concierto de inauguradi\u00f3n. Entrada libre Jueves 3 de octubre. 22:00 Black\u2026","rel":"","context":"En \u00ab*_Redacci\u00f3n\u00bb","block_context":{"text":"*_Redacci\u00f3n","link":"https:\/\/tomajazz.com\/web\/category\/redaccion\/"},"img":{"alt_text":"LEM 2019 (Barcelona. 26 de septiembre al 26 de octubre de 2019) [Noticias]","src":"https:\/\/i0.wp.com\/tomajazz.com\/web\/wp-content\/uploads\/2019\/09\/Lem-2019-Cartel.jpg?resize=350%2C200&ssl=1","width":350,"height":200,"srcset":"https:\/\/i0.wp.com\/tomajazz.com\/web\/wp-content\/uploads\/2019\/09\/Lem-2019-Cartel.jpg?resize=350%2C200&ssl=1 1x, https:\/\/i0.wp.com\/tomajazz.com\/web\/wp-content\/uploads\/2019\/09\/Lem-2019-Cartel.jpg?resize=525%2C300&ssl=1 1.5x, https:\/\/i0.wp.com\/tomajazz.com\/web\/wp-content\/uploads\/2019\/09\/Lem-2019-Cartel.jpg?resize=700%2C400&ssl=1 2x"},"classes":[]},{"id":65219,"url":"https:\/\/tomajazz.com\/web\/mythical-jockey-sampler-series-fundacio-joan-miro-pati-nord-barcelona-2022-06-15-por-joan-cortes-instantzz-aka-galeria-fotografica-aka-fotoblog-de-jazz-impro-y-algo-mas\/","url_meta":{"origin":47397,"position":5},"title":"Mythical Jockey (Sampler S\u00e8ries \/ Fundaci\u00f3 Joan Mir\u00f3 -Pati Nord- \/ Barcelona. 2022-06-15) Por Joan Cort\u00e8s [INSTANTZZ AKA Galer\u00eda fotogr\u00e1fica AKA Fotoblog de jazz, impro\u2026 y algo m\u00e1s]","author":"Tomajazz","date":"11 agosto, 2022","format":false,"excerpt":"Mythical Jockey (Kim Myhr, Ingar Zach, Eivind L\u00f8nning), es el tr\u00edo de m\u00fasicos noruegos protagonista del INSTANZZ. La actuaci\u00f3n tuvo lugar en la Sampler S\u00e8ries de la Fundaci\u00f3 Joan Mir\u00f3. Joan Cort\u00e8s es el autor de las im\u00e1genes.","rel":"","context":"En \u00abINSTANTZZ\u00bb","block_context":{"text":"INSTANTZZ","link":"https:\/\/tomajazz.com\/web\/category\/contenidos\/imagenes\/photoblogs\/instantzz\/"},"img":{"alt_text":"Mythical Jockey (Sampler S\u00e8ries \/ Fundaci\u00f3 Joan Mir\u00f3 -Pati Nord- \/ Barcelona. 2022-06-15) Por Joan Cort\u00e8s [INSTANTZZ AKA Galer\u00eda fotogr\u00e1fica AKA Fotoblog de jazz, impro\u2026 y algo m\u00e1s]","src":"https:\/\/i0.wp.com\/tomajazz.com\/web\/wp-content\/uploads\/2022\/08\/01_Mythcl-Jcky-%C2%A9Joan-Cortes_15jny22_Fndc-Jn-Mr_Bcn.jpg?resize=350%2C200&ssl=1","width":350,"height":200},"classes":[]}],"jetpack_featured_media_url":"https:\/\/tomajazz.com\/web\/wp-content\/uploads\/2019\/11\/06_FrrBsldch-ngr-Zch-\u00a9Joan-Cort\u00e8s_11oct19_LEM_CAT_Bcn.jpg","_links":{"self":[{"href":"https:\/\/tomajazz.com\/web\/wp-json\/wp\/v2\/posts\/47397","targetHints":{"allow":["GET"]}}],"collection":[{"href":"https:\/\/tomajazz.com\/web\/wp-json\/wp\/v2\/posts"}],"about":[{"href":"https:\/\/tomajazz.com\/web\/wp-json\/wp\/v2\/types\/post"}],"author":[{"embeddable":true,"href":"https:\/\/tomajazz.com\/web\/wp-json\/wp\/v2\/users\/1"}],"replies":[{"embeddable":true,"href":"https:\/\/tomajazz.com\/web\/wp-json\/wp\/v2\/comments?post=47397"}],"version-history":[{"count":3,"href":"https:\/\/tomajazz.com\/web\/wp-json\/wp\/v2\/posts\/47397\/revisions"}],"predecessor-version":[{"id":47484,"href":"https:\/\/tomajazz.com\/web\/wp-json\/wp\/v2\/posts\/47397\/revisions\/47484"}],"wp:featuredmedia":[{"embeddable":true,"href":"https:\/\/tomajazz.com\/web\/wp-json\/wp\/v2\/media\/47403"}],"wp:attachment":[{"href":"https:\/\/tomajazz.com\/web\/wp-json\/wp\/v2\/media?parent=47397"}],"wp:term":[{"taxonomy":"category","embeddable":true,"href":"https:\/\/tomajazz.com\/web\/wp-json\/wp\/v2\/categories?post=47397"},{"taxonomy":"post_tag","embeddable":true,"href":"https:\/\/tomajazz.com\/web\/wp-json\/wp\/v2\/tags?post=47397"}],"curies":[{"name":"wp","href":"https:\/\/api.w.org\/{rel}","templated":true}]}}