{"id":47959,"date":"2019-12-24T13:00:10","date_gmt":"2019-12-24T12:00:10","guid":{"rendered":"https:\/\/www.tomajazz.com\/web\/?p=47959"},"modified":"2022-08-26T00:51:14","modified_gmt":"2022-08-25T22:51:14","slug":"instantzz-le-quan-nin-patryk-zacrocki-arturmajewski-sonia-sanchez-miriam-felix-nuria-andorra-can-balmes-montmusic-festival-2019-les-noves-musiques-al-montseny-santa-maria-de-palautordera","status":"publish","type":"post","link":"https:\/\/tomajazz.com\/web\/instantzz-le-quan-nin-patryk-zacrocki-arturmajewski-sonia-sanchez-miriam-felix-nuria-andorra-can-balmes-montmusic-festival-2019-les-noves-musiques-al-montseny-santa-maria-de-palautordera\/","title":{"rendered":"INSTANTZZ: L\u00ea Quan Nin, Patryk Zacrocki &#038; ArturMajewski, S\u00f2nia S\u00e1nchez, M\u00edriam F\u00e8lix &#038; N\u00faria Andorr\u00e0 (Can Balmes, MontMusic Festival 2019 -Les noves m\u00fasiques al Montseny- Santa Maria de Palautordera -Barcelona-.  2018-10-19) [I] [Galer\u00eda fotogr\u00e1fica]"},"content":{"rendered":"<p>Por\u00a0<strong>Joan Cort\u00e8s<\/strong>.<\/p>\n<ul>\n<li>Fecha: S\u00e1bado, 19 de octubre de 2019<\/li>\n<li>Lugar: Can Balmes (Santa Maria de Palautordera -Barcelona- )<\/li>\n<li>Grupos:<br \/>\n<strong>L\u00ea Quan Nin<\/strong> solo<br \/>\nL\u00ea Quan Nin, percusi\u00f3n<br \/>\n<strong>Patryk Zacrocki &amp; Artur Majewski<\/strong><br \/>\nPatryk Zacrocki, viola<br \/>\nArtur Majewski, trompeta<br \/>\n<strong>S\u00f2nia S\u00e1nchez, M\u00edriam F\u00e8lix &amp; N\u00faria Andorr\u00e0<\/strong><br \/>\nS\u00f2nia S\u00e1nchez, danza<br \/>\nM\u00edriam F\u00e8lix, violonchelo<br \/>\nN\u00faria Andorra, percusi\u00f3n<\/li>\n<\/ul>\n<h4><strong>\u00a0<\/strong><strong>L\u00ea Quan Nin<\/strong><\/h4>\n<p style=\"text-align: center;\"><img loading=\"lazy\" decoding=\"async\" class=\"aligncenter size-full wp-image-47960\" src=\"https:\/\/tomajazz.com\/web\/wp-content\/uploads\/2019\/12\/01_LQnNnh-\u00a9Joan-Cort\u00e8s_19oct19_CnBlms_MntMsc-Fstvl_SMP.jpg\" alt=\"\" width=\"600\" height=\"400\" title=\"\" srcset=\"https:\/\/tomajazz.com\/web\/wp-content\/uploads\/2019\/12\/01_LQnNnh-\u00a9Joan-Cort\u00e8s_19oct19_CnBlms_MntMsc-Fstvl_SMP.jpg 600w, https:\/\/tomajazz.com\/web\/wp-content\/uploads\/2019\/12\/01_LQnNnh-\u00a9Joan-Cort\u00e8s_19oct19_CnBlms_MntMsc-Fstvl_SMP-200x133.jpg 200w, https:\/\/tomajazz.com\/web\/wp-content\/uploads\/2019\/12\/01_LQnNnh-\u00a9Joan-Cort\u00e8s_19oct19_CnBlms_MntMsc-Fstvl_SMP-83x55.jpg 83w, https:\/\/tomajazz.com\/web\/wp-content\/uploads\/2019\/12\/01_LQnNnh-\u00a9Joan-Cort\u00e8s_19oct19_CnBlms_MntMsc-Fstvl_SMP-60x40.jpg 60w, https:\/\/tomajazz.com\/web\/wp-content\/uploads\/2019\/12\/01_LQnNnh-\u00a9Joan-Cort\u00e8s_19oct19_CnBlms_MntMsc-Fstvl_SMP-120x80.jpg 120w\" sizes=\"auto, (max-width: 600px) 100vw, 600px\" \/> <img loading=\"lazy\" decoding=\"async\" class=\"aligncenter size-large wp-image-47961\" src=\"https:\/\/tomajazz.com\/web\/wp-content\/uploads\/2019\/12\/02_LQnNnh-\u00a9Joan-Cort\u00e8s_19oct19_CnBlms_MntMsc-Fstvl_SMP.jpg\" alt=\"\" width=\"600\" height=\"400\" title=\"\" srcset=\"https:\/\/tomajazz.com\/web\/wp-content\/uploads\/2019\/12\/02_LQnNnh-\u00a9Joan-Cort\u00e8s_19oct19_CnBlms_MntMsc-Fstvl_SMP.jpg 600w, https:\/\/tomajazz.com\/web\/wp-content\/uploads\/2019\/12\/02_LQnNnh-\u00a9Joan-Cort\u00e8s_19oct19_CnBlms_MntMsc-Fstvl_SMP-200x133.jpg 200w, https:\/\/tomajazz.com\/web\/wp-content\/uploads\/2019\/12\/02_LQnNnh-\u00a9Joan-Cort\u00e8s_19oct19_CnBlms_MntMsc-Fstvl_SMP-83x55.jpg 83w, https:\/\/tomajazz.com\/web\/wp-content\/uploads\/2019\/12\/02_LQnNnh-\u00a9Joan-Cort\u00e8s_19oct19_CnBlms_MntMsc-Fstvl_SMP-60x40.jpg 60w, https:\/\/tomajazz.com\/web\/wp-content\/uploads\/2019\/12\/02_LQnNnh-\u00a9Joan-Cort\u00e8s_19oct19_CnBlms_MntMsc-Fstvl_SMP-120x80.jpg 120w\" sizes=\"auto, (max-width: 600px) 100vw, 600px\" \/> <img loading=\"lazy\" decoding=\"async\" class=\"aligncenter size-large wp-image-47962\" src=\"https:\/\/tomajazz.com\/web\/wp-content\/uploads\/2019\/12\/03_LQnNnh-\u00a9Joan-Cort\u00e8s_19oct19_CnBlms_MntMsc-Fstvl_SMP.jpg\" alt=\"\" width=\"400\" height=\"600\" title=\"\" srcset=\"https:\/\/tomajazz.com\/web\/wp-content\/uploads\/2019\/12\/03_LQnNnh-\u00a9Joan-Cort\u00e8s_19oct19_CnBlms_MntMsc-Fstvl_SMP.jpg 400w, https:\/\/tomajazz.com\/web\/wp-content\/uploads\/2019\/12\/03_LQnNnh-\u00a9Joan-Cort\u00e8s_19oct19_CnBlms_MntMsc-Fstvl_SMP-200x300.jpg 200w, https:\/\/tomajazz.com\/web\/wp-content\/uploads\/2019\/12\/03_LQnNnh-\u00a9Joan-Cort\u00e8s_19oct19_CnBlms_MntMsc-Fstvl_SMP-37x55.jpg 37w\" sizes=\"auto, (max-width: 400px) 100vw, 400px\" \/> <img loading=\"lazy\" decoding=\"async\" class=\"aligncenter size-large wp-image-47963\" src=\"https:\/\/tomajazz.com\/web\/wp-content\/uploads\/2019\/12\/04LQnNnh-\u00a9Joan-Cort\u00e8s_19oct19_CnBlms_MntMsc-Fstvl_SMP.jpg\" alt=\"\" width=\"600\" height=\"400\" title=\"\" srcset=\"https:\/\/tomajazz.com\/web\/wp-content\/uploads\/2019\/12\/04LQnNnh-\u00a9Joan-Cort\u00e8s_19oct19_CnBlms_MntMsc-Fstvl_SMP.jpg 600w, https:\/\/tomajazz.com\/web\/wp-content\/uploads\/2019\/12\/04LQnNnh-\u00a9Joan-Cort\u00e8s_19oct19_CnBlms_MntMsc-Fstvl_SMP-200x133.jpg 200w, https:\/\/tomajazz.com\/web\/wp-content\/uploads\/2019\/12\/04LQnNnh-\u00a9Joan-Cort\u00e8s_19oct19_CnBlms_MntMsc-Fstvl_SMP-83x55.jpg 83w, https:\/\/tomajazz.com\/web\/wp-content\/uploads\/2019\/12\/04LQnNnh-\u00a9Joan-Cort\u00e8s_19oct19_CnBlms_MntMsc-Fstvl_SMP-60x40.jpg 60w, https:\/\/tomajazz.com\/web\/wp-content\/uploads\/2019\/12\/04LQnNnh-\u00a9Joan-Cort\u00e8s_19oct19_CnBlms_MntMsc-Fstvl_SMP-120x80.jpg 120w\" sizes=\"auto, (max-width: 600px) 100vw, 600px\" \/><\/p>\n<h4><strong>Patryk Zacrocki &amp; Artur Majewski<\/strong><\/h4>\n<p style=\"text-align: center;\"><img loading=\"lazy\" decoding=\"async\" class=\"aligncenter size-full wp-image-47964\" src=\"https:\/\/tomajazz.com\/web\/wp-content\/uploads\/2019\/12\/05_Ptryk-Zcrck-rtr-Mjwsk-\u00a9Joan-Cort\u00e8s_19oct19_Cn-Blms_MntMsc_SMP.jpg\" alt=\"\" width=\"600\" height=\"400\" title=\"\" srcset=\"https:\/\/tomajazz.com\/web\/wp-content\/uploads\/2019\/12\/05_Ptryk-Zcrck-rtr-Mjwsk-\u00a9Joan-Cort\u00e8s_19oct19_Cn-Blms_MntMsc_SMP.jpg 600w, https:\/\/tomajazz.com\/web\/wp-content\/uploads\/2019\/12\/05_Ptryk-Zcrck-rtr-Mjwsk-\u00a9Joan-Cort\u00e8s_19oct19_Cn-Blms_MntMsc_SMP-200x133.jpg 200w, https:\/\/tomajazz.com\/web\/wp-content\/uploads\/2019\/12\/05_Ptryk-Zcrck-rtr-Mjwsk-\u00a9Joan-Cort\u00e8s_19oct19_Cn-Blms_MntMsc_SMP-83x55.jpg 83w, https:\/\/tomajazz.com\/web\/wp-content\/uploads\/2019\/12\/05_Ptryk-Zcrck-rtr-Mjwsk-\u00a9Joan-Cort\u00e8s_19oct19_Cn-Blms_MntMsc_SMP-60x40.jpg 60w, https:\/\/tomajazz.com\/web\/wp-content\/uploads\/2019\/12\/05_Ptryk-Zcrck-rtr-Mjwsk-\u00a9Joan-Cort\u00e8s_19oct19_Cn-Blms_MntMsc_SMP-120x80.jpg 120w\" sizes=\"auto, (max-width: 600px) 100vw, 600px\" \/><strong><img loading=\"lazy\" decoding=\"async\" class=\"aligncenter size-large wp-image-47965\" src=\"https:\/\/tomajazz.com\/web\/wp-content\/uploads\/2019\/12\/06_Ptryk-Zcrck-rtr-Mjwsk-\u00a9Joan-Cort\u00e8s_19oct19_Cn-Blms_MntMsc_SMP.jpg\" alt=\"\" width=\"600\" height=\"400\" title=\"\" srcset=\"https:\/\/tomajazz.com\/web\/wp-content\/uploads\/2019\/12\/06_Ptryk-Zcrck-rtr-Mjwsk-\u00a9Joan-Cort\u00e8s_19oct19_Cn-Blms_MntMsc_SMP.jpg 600w, https:\/\/tomajazz.com\/web\/wp-content\/uploads\/2019\/12\/06_Ptryk-Zcrck-rtr-Mjwsk-\u00a9Joan-Cort\u00e8s_19oct19_Cn-Blms_MntMsc_SMP-200x133.jpg 200w, https:\/\/tomajazz.com\/web\/wp-content\/uploads\/2019\/12\/06_Ptryk-Zcrck-rtr-Mjwsk-\u00a9Joan-Cort\u00e8s_19oct19_Cn-Blms_MntMsc_SMP-83x55.jpg 83w, https:\/\/tomajazz.com\/web\/wp-content\/uploads\/2019\/12\/06_Ptryk-Zcrck-rtr-Mjwsk-\u00a9Joan-Cort\u00e8s_19oct19_Cn-Blms_MntMsc_SMP-60x40.jpg 60w, https:\/\/tomajazz.com\/web\/wp-content\/uploads\/2019\/12\/06_Ptryk-Zcrck-rtr-Mjwsk-\u00a9Joan-Cort\u00e8s_19oct19_Cn-Blms_MntMsc_SMP-120x80.jpg 120w\" sizes=\"auto, (max-width: 600px) 100vw, 600px\" \/><img loading=\"lazy\" decoding=\"async\" class=\"aligncenter size-large wp-image-47966\" src=\"https:\/\/tomajazz.com\/web\/wp-content\/uploads\/2019\/12\/07_Ptryk-Zcrck-rtr-Mjwsk-\u00a9Joan-Cort\u00e8s_19oct19_Cn-Blms_MntMsc_SMP.jpg\" alt=\"\" width=\"600\" height=\"400\" title=\"\" srcset=\"https:\/\/tomajazz.com\/web\/wp-content\/uploads\/2019\/12\/07_Ptryk-Zcrck-rtr-Mjwsk-\u00a9Joan-Cort\u00e8s_19oct19_Cn-Blms_MntMsc_SMP.jpg 600w, https:\/\/tomajazz.com\/web\/wp-content\/uploads\/2019\/12\/07_Ptryk-Zcrck-rtr-Mjwsk-\u00a9Joan-Cort\u00e8s_19oct19_Cn-Blms_MntMsc_SMP-200x133.jpg 200w, https:\/\/tomajazz.com\/web\/wp-content\/uploads\/2019\/12\/07_Ptryk-Zcrck-rtr-Mjwsk-\u00a9Joan-Cort\u00e8s_19oct19_Cn-Blms_MntMsc_SMP-83x55.jpg 83w, https:\/\/tomajazz.com\/web\/wp-content\/uploads\/2019\/12\/07_Ptryk-Zcrck-rtr-Mjwsk-\u00a9Joan-Cort\u00e8s_19oct19_Cn-Blms_MntMsc_SMP-60x40.jpg 60w, https:\/\/tomajazz.com\/web\/wp-content\/uploads\/2019\/12\/07_Ptryk-Zcrck-rtr-Mjwsk-\u00a9Joan-Cort\u00e8s_19oct19_Cn-Blms_MntMsc_SMP-120x80.jpg 120w\" sizes=\"auto, (max-width: 600px) 100vw, 600px\" \/><img loading=\"lazy\" decoding=\"async\" class=\"aligncenter size-large wp-image-47967\" src=\"https:\/\/tomajazz.com\/web\/wp-content\/uploads\/2019\/12\/08_Ptryk-Zcrck-rtr-Mjwsk-\u00a9Joan-Cort\u00e8s_19oct19_Cn-Blms_MntMsc_SMP.jpg\" alt=\"\" width=\"400\" height=\"600\" title=\"\" srcset=\"https:\/\/tomajazz.com\/web\/wp-content\/uploads\/2019\/12\/08_Ptryk-Zcrck-rtr-Mjwsk-\u00a9Joan-Cort\u00e8s_19oct19_Cn-Blms_MntMsc_SMP.jpg 400w, https:\/\/tomajazz.com\/web\/wp-content\/uploads\/2019\/12\/08_Ptryk-Zcrck-rtr-Mjwsk-\u00a9Joan-Cort\u00e8s_19oct19_Cn-Blms_MntMsc_SMP-200x300.jpg 200w, https:\/\/tomajazz.com\/web\/wp-content\/uploads\/2019\/12\/08_Ptryk-Zcrck-rtr-Mjwsk-\u00a9Joan-Cort\u00e8s_19oct19_Cn-Blms_MntMsc_SMP-37x55.jpg 37w\" sizes=\"auto, (max-width: 400px) 100vw, 400px\" \/><img loading=\"lazy\" decoding=\"async\" class=\"aligncenter size-large wp-image-47968\" src=\"https:\/\/tomajazz.com\/web\/wp-content\/uploads\/2019\/12\/09_Ptryk-Zcrck-rtr-Mjwsk-\u00a9Joan-Cort\u00e8s_19oct19_Cn-Blms_MntMsc_SMP.jpg\" alt=\"\" width=\"600\" height=\"400\" title=\"\" srcset=\"https:\/\/tomajazz.com\/web\/wp-content\/uploads\/2019\/12\/09_Ptryk-Zcrck-rtr-Mjwsk-\u00a9Joan-Cort\u00e8s_19oct19_Cn-Blms_MntMsc_SMP.jpg 600w, https:\/\/tomajazz.com\/web\/wp-content\/uploads\/2019\/12\/09_Ptryk-Zcrck-rtr-Mjwsk-\u00a9Joan-Cort\u00e8s_19oct19_Cn-Blms_MntMsc_SMP-200x133.jpg 200w, https:\/\/tomajazz.com\/web\/wp-content\/uploads\/2019\/12\/09_Ptryk-Zcrck-rtr-Mjwsk-\u00a9Joan-Cort\u00e8s_19oct19_Cn-Blms_MntMsc_SMP-83x55.jpg 83w, https:\/\/tomajazz.com\/web\/wp-content\/uploads\/2019\/12\/09_Ptryk-Zcrck-rtr-Mjwsk-\u00a9Joan-Cort\u00e8s_19oct19_Cn-Blms_MntMsc_SMP-60x40.jpg 60w, https:\/\/tomajazz.com\/web\/wp-content\/uploads\/2019\/12\/09_Ptryk-Zcrck-rtr-Mjwsk-\u00a9Joan-Cort\u00e8s_19oct19_Cn-Blms_MntMsc_SMP-120x80.jpg 120w\" sizes=\"auto, (max-width: 600px) 100vw, 600px\" \/><\/strong><\/p>\n<h4><strong>S\u00f2nia S\u00e1nchez, M\u00edriam F\u00e8lix &amp; N\u00faria Andorr\u00e0<\/strong><\/h4>\n<p style=\"text-align: center;\"><img loading=\"lazy\" decoding=\"async\" class=\"aligncenter size-full wp-image-47969\" src=\"https:\/\/tomajazz.com\/web\/wp-content\/uploads\/2019\/12\/10_Snchz-ndrr-Flx-\u00a9Joan-Cort\u00e8s_19oct19_Cn-Blms_MntMsc_SMP.jpg\" alt=\"\" width=\"600\" height=\"400\" title=\"\" srcset=\"https:\/\/tomajazz.com\/web\/wp-content\/uploads\/2019\/12\/10_Snchz-ndrr-Flx-\u00a9Joan-Cort\u00e8s_19oct19_Cn-Blms_MntMsc_SMP.jpg 600w, https:\/\/tomajazz.com\/web\/wp-content\/uploads\/2019\/12\/10_Snchz-ndrr-Flx-\u00a9Joan-Cort\u00e8s_19oct19_Cn-Blms_MntMsc_SMP-200x133.jpg 200w, https:\/\/tomajazz.com\/web\/wp-content\/uploads\/2019\/12\/10_Snchz-ndrr-Flx-\u00a9Joan-Cort\u00e8s_19oct19_Cn-Blms_MntMsc_SMP-83x55.jpg 83w, https:\/\/tomajazz.com\/web\/wp-content\/uploads\/2019\/12\/10_Snchz-ndrr-Flx-\u00a9Joan-Cort\u00e8s_19oct19_Cn-Blms_MntMsc_SMP-60x40.jpg 60w, https:\/\/tomajazz.com\/web\/wp-content\/uploads\/2019\/12\/10_Snchz-ndrr-Flx-\u00a9Joan-Cort\u00e8s_19oct19_Cn-Blms_MntMsc_SMP-120x80.jpg 120w\" sizes=\"auto, (max-width: 600px) 100vw, 600px\" \/> <img loading=\"lazy\" decoding=\"async\" class=\"aligncenter size-large wp-image-47970\" src=\"https:\/\/tomajazz.com\/web\/wp-content\/uploads\/2019\/12\/11_Snchz-ndrr-Flx-\u00a9Joan-Cort\u00e8s_19oct19_Cn-Blms_MntMsc_SMP.jpg\" alt=\"\" width=\"400\" height=\"600\" title=\"\" srcset=\"https:\/\/tomajazz.com\/web\/wp-content\/uploads\/2019\/12\/11_Snchz-ndrr-Flx-\u00a9Joan-Cort\u00e8s_19oct19_Cn-Blms_MntMsc_SMP.jpg 400w, https:\/\/tomajazz.com\/web\/wp-content\/uploads\/2019\/12\/11_Snchz-ndrr-Flx-\u00a9Joan-Cort\u00e8s_19oct19_Cn-Blms_MntMsc_SMP-200x300.jpg 200w, https:\/\/tomajazz.com\/web\/wp-content\/uploads\/2019\/12\/11_Snchz-ndrr-Flx-\u00a9Joan-Cort\u00e8s_19oct19_Cn-Blms_MntMsc_SMP-37x55.jpg 37w\" sizes=\"auto, (max-width: 400px) 100vw, 400px\" \/> <img loading=\"lazy\" decoding=\"async\" class=\"aligncenter size-large wp-image-47971\" src=\"https:\/\/tomajazz.com\/web\/wp-content\/uploads\/2019\/12\/12_Snchz-ndrr-Flx-\u00a9Joan-Cort\u00e8s_19oct19_Cn-Blms_MntMsc_SMP.jpg\" alt=\"\" width=\"400\" height=\"600\" title=\"\" srcset=\"https:\/\/tomajazz.com\/web\/wp-content\/uploads\/2019\/12\/12_Snchz-ndrr-Flx-\u00a9Joan-Cort\u00e8s_19oct19_Cn-Blms_MntMsc_SMP.jpg 400w, https:\/\/tomajazz.com\/web\/wp-content\/uploads\/2019\/12\/12_Snchz-ndrr-Flx-\u00a9Joan-Cort\u00e8s_19oct19_Cn-Blms_MntMsc_SMP-200x300.jpg 200w, https:\/\/tomajazz.com\/web\/wp-content\/uploads\/2019\/12\/12_Snchz-ndrr-Flx-\u00a9Joan-Cort\u00e8s_19oct19_Cn-Blms_MntMsc_SMP-37x55.jpg 37w\" sizes=\"auto, (max-width: 400px) 100vw, 400px\" \/> <img loading=\"lazy\" decoding=\"async\" class=\"aligncenter size-large wp-image-47972\" src=\"https:\/\/tomajazz.com\/web\/wp-content\/uploads\/2019\/12\/13_Snchz-ndrr-Flx-\u00a9Joan-Cort\u00e8s_19oct19_Cn-Blms_MntMsc_SMP.jpg\" alt=\"\" width=\"400\" height=\"600\" title=\"\" srcset=\"https:\/\/tomajazz.com\/web\/wp-content\/uploads\/2019\/12\/13_Snchz-ndrr-Flx-\u00a9Joan-Cort\u00e8s_19oct19_Cn-Blms_MntMsc_SMP.jpg 400w, https:\/\/tomajazz.com\/web\/wp-content\/uploads\/2019\/12\/13_Snchz-ndrr-Flx-\u00a9Joan-Cort\u00e8s_19oct19_Cn-Blms_MntMsc_SMP-200x300.jpg 200w, https:\/\/tomajazz.com\/web\/wp-content\/uploads\/2019\/12\/13_Snchz-ndrr-Flx-\u00a9Joan-Cort\u00e8s_19oct19_Cn-Blms_MntMsc_SMP-37x55.jpg 37w\" sizes=\"auto, (max-width: 400px) 100vw, 400px\" \/> <img loading=\"lazy\" decoding=\"async\" class=\"aligncenter size-large wp-image-47973\" src=\"https:\/\/tomajazz.com\/web\/wp-content\/uploads\/2019\/12\/14_Snchz-ndrr-Flx-\u00a9Joan-Cort\u00e8s_19oct19_Cn-Blms_MntMsc_SMP.jpg\" alt=\"\" width=\"600\" height=\"400\" title=\"\" srcset=\"https:\/\/tomajazz.com\/web\/wp-content\/uploads\/2019\/12\/14_Snchz-ndrr-Flx-\u00a9Joan-Cort\u00e8s_19oct19_Cn-Blms_MntMsc_SMP.jpg 600w, https:\/\/tomajazz.com\/web\/wp-content\/uploads\/2019\/12\/14_Snchz-ndrr-Flx-\u00a9Joan-Cort\u00e8s_19oct19_Cn-Blms_MntMsc_SMP-200x133.jpg 200w, https:\/\/tomajazz.com\/web\/wp-content\/uploads\/2019\/12\/14_Snchz-ndrr-Flx-\u00a9Joan-Cort\u00e8s_19oct19_Cn-Blms_MntMsc_SMP-83x55.jpg 83w, https:\/\/tomajazz.com\/web\/wp-content\/uploads\/2019\/12\/14_Snchz-ndrr-Flx-\u00a9Joan-Cort\u00e8s_19oct19_Cn-Blms_MntMsc_SMP-60x40.jpg 60w, https:\/\/tomajazz.com\/web\/wp-content\/uploads\/2019\/12\/14_Snchz-ndrr-Flx-\u00a9Joan-Cort\u00e8s_19oct19_Cn-Blms_MntMsc_SMP-120x80.jpg 120w\" sizes=\"auto, (max-width: 600px) 100vw, 600px\" \/> <img loading=\"lazy\" decoding=\"async\" class=\"aligncenter size-large wp-image-47974\" src=\"https:\/\/tomajazz.com\/web\/wp-content\/uploads\/2019\/12\/15_Snchz-ndrr-Flx-\u00a9Joan-Cort\u00e8s_19oct19_Cn-Blms_MntMsc_SMP.jpg\" alt=\"\" width=\"400\" height=\"600\" title=\"\" srcset=\"https:\/\/tomajazz.com\/web\/wp-content\/uploads\/2019\/12\/15_Snchz-ndrr-Flx-\u00a9Joan-Cort\u00e8s_19oct19_Cn-Blms_MntMsc_SMP.jpg 400w, https:\/\/tomajazz.com\/web\/wp-content\/uploads\/2019\/12\/15_Snchz-ndrr-Flx-\u00a9Joan-Cort\u00e8s_19oct19_Cn-Blms_MntMsc_SMP-200x300.jpg 200w, https:\/\/tomajazz.com\/web\/wp-content\/uploads\/2019\/12\/15_Snchz-ndrr-Flx-\u00a9Joan-Cort\u00e8s_19oct19_Cn-Blms_MntMsc_SMP-37x55.jpg 37w\" sizes=\"auto, (max-width: 400px) 100vw, 400px\" \/> <img loading=\"lazy\" decoding=\"async\" class=\"aligncenter size-large wp-image-47975\" src=\"https:\/\/tomajazz.com\/web\/wp-content\/uploads\/2019\/12\/16_Snchz-ndrr-Flx-\u00a9Joan-Cort\u00e8s_19oct19_Cn-Blms_MntMsc_SMP.jpg\" alt=\"\" width=\"600\" height=\"400\" title=\"\" srcset=\"https:\/\/tomajazz.com\/web\/wp-content\/uploads\/2019\/12\/16_Snchz-ndrr-Flx-\u00a9Joan-Cort\u00e8s_19oct19_Cn-Blms_MntMsc_SMP.jpg 600w, https:\/\/tomajazz.com\/web\/wp-content\/uploads\/2019\/12\/16_Snchz-ndrr-Flx-\u00a9Joan-Cort\u00e8s_19oct19_Cn-Blms_MntMsc_SMP-200x133.jpg 200w, https:\/\/tomajazz.com\/web\/wp-content\/uploads\/2019\/12\/16_Snchz-ndrr-Flx-\u00a9Joan-Cort\u00e8s_19oct19_Cn-Blms_MntMsc_SMP-83x55.jpg 83w, https:\/\/tomajazz.com\/web\/wp-content\/uploads\/2019\/12\/16_Snchz-ndrr-Flx-\u00a9Joan-Cort\u00e8s_19oct19_Cn-Blms_MntMsc_SMP-60x40.jpg 60w, https:\/\/tomajazz.com\/web\/wp-content\/uploads\/2019\/12\/16_Snchz-ndrr-Flx-\u00a9Joan-Cort\u00e8s_19oct19_Cn-Blms_MntMsc_SMP-120x80.jpg 120w\" sizes=\"auto, (max-width: 600px) 100vw, 600px\" \/><\/p>\n<p style=\"text-align: right;\">Tomajazz: \u00a9\u00a0<strong>Joan Cort\u00e8s<\/strong>, 2019<\/p>\n","protected":false},"excerpt":{"rendered":"<p>Primera galer\u00eda fotogr\u00e1fica &#8211; INSTANTZZ de Joan Cort\u00e8s dedicada al MontMusic Festival 2019. Con im\u00e1genes de L\u00ea Quan Nin, Patryk Zacrocki &#038; ArturMajewski, S\u00f2nia S\u00e1nchez, M\u00edriam F\u00e8lix &#038; N\u00faria Andorr\u00e0 <span class=\"more-link\"><a href=\"https:\/\/tomajazz.com\/web\/instantzz-le-quan-nin-patryk-zacrocki-arturmajewski-sonia-sanchez-miriam-felix-nuria-andorra-can-balmes-montmusic-festival-2019-les-noves-musiques-al-montseny-santa-maria-de-palautordera\/\">Contin\u00faa leyendo<\/a><\/span><\/p>\n","protected":false},"author":1,"featured_media":47968,"comment_status":"open","ping_status":"closed","sticky":false,"template":"","format":"standard","meta":{"jetpack_post_was_ever_published":false,"_jetpack_newsletter_access":"","_jetpack_dont_email_post_to_subs":false,"_jetpack_newsletter_tier_id":0,"_jetpack_memberships_contains_paywalled_content":false,"_jetpack_memberships_contains_paid_content":false,"footnotes":""},"categories":[11262,17853,15516,11261,20700,1038],"tags":[14874,1041,24086,9112,9113,24088,24087,6038,24089],"class_list":["entry","author-pachi","has-excerpt","post-47959","post","type-post","status-publish","format-standard","has-post-thumbnail","category-photoblogs","category-joan-cortes","category-imagenes","category-instantzz","category-montmusic-les-noves-musiques-al-montseny","category-contenidos","tag-artur-majewski","tag-joan-cortes","tag-le-quan-nin","tag-miriam-felix","tag-nuria-andorra","tag-patryk-zacrocki","tag-patryk-zacrocki-artur-majewski","tag-sonia-sanchez","tag-sonia-sanchez-miriam-felix-nuria-andorra"],"jetpack_featured_media_url":"https:\/\/tomajazz.com\/web\/wp-content\/uploads\/2019\/12\/09_Ptryk-Zcrck-rtr-Mjwsk-\u00a9Joan-Cort\u00e8s_19oct19_Cn-Blms_MntMsc_SMP.jpg","jetpack_likes_enabled":true,"jetpack_sharing_enabled":true,"jetpack-related-posts":[{"id":46375,"url":"https:\/\/tomajazz.com\/web\/montmusic-festival-2019-18-19-20-de-octubre-de-2019-can-balmes-palau-barcelona-noticias\/","url_meta":{"origin":47959,"position":0},"title":"MontMusic Festival 2019 (18, 19, 20 de octubre de 2019. Can Balmes. Palau &#8211; Barcelona) [Noticias]","author":"Tomajazz","date":"14 octubre, 2019","format":false,"excerpt":"Por Redacci\u00f3n. MontMusic Festival 2019. Les noves m\u00f9siques al Montseny 18, 19 y 20 de octubre de 2019 Can Balmes. Palau - Barcelona Viernes 18 de octubre Ex-Designer\/Barcelona 20h Artur Majewsky, tp & N\u00faria Andorr\u00e0, per S\u00e1bado 19 octubre Can Balmes\/Palau 11:30h L\u00ea Quan Ninh, per 12:30h Patrick Zacrocky, vn\u2026","rel":"","context":"En \u00ab*_Redacci\u00f3n\u00bb","block_context":{"text":"*_Redacci\u00f3n","link":"https:\/\/tomajazz.com\/web\/category\/redaccion\/"},"img":{"alt_text":"MontMusic Festival 2019 (18, 19, 20 de octubre de 2019. Can Balmes. Palau - Barcelona) [Noticias]","src":"https:\/\/i0.wp.com\/tomajazz.com\/web\/wp-content\/uploads\/2019\/10\/MontMusic-Festival-2019.jpg?resize=350%2C200&ssl=1","width":350,"height":200},"classes":[]},{"id":48000,"url":"https:\/\/tomajazz.com\/web\/instantzz-patryk-zacrocki-arturmajewski-ingar-zach-liudas-mockunas-trio-y-ferran-fages-can-balmes-montmusic-festival-2019-les-noves-musiques-al-montseny-santa-maria-de-palautordera-barcelona\/","url_meta":{"origin":47959,"position":1},"title":"INSTANTZZ: Patryk Zacrocki, ArturMajewski &#038; Ingar Zach, Liudas Mock\u00fcnas Trio y Ferran Fages (Can Balmes, MontMusic Festival 2019 -Les noves m\u00fasiques al Montseny- Santa Maria de Palautordera -Barcelona-.  2018-10-19\/20) [II] [Galer\u00eda Fotogr\u00e1fica]","author":"Tomajazz","date":"26 diciembre, 2019","format":false,"excerpt":"En la galer\u00eda fotogr\u00e1fica - INSTANTZZ, Joan Cort\u00e8s contin\u00faa retratando las actuaciones del MontMusic Festival 2019 -Les noves m\u00fasiques al Montseny. Con im\u00e1genes de las actuaciones de Patryk Zacrocki, ArturMajewski & Ingar Zach, Liudas Mock\u00fcnas Trio y Ferran Fages.","rel":"","context":"En \u00abFotoblog - Galer\u00eda fotogr\u00e1fica\u00bb","block_context":{"text":"Fotoblog - Galer\u00eda fotogr\u00e1fica","link":"https:\/\/tomajazz.com\/web\/category\/contenidos\/imagenes\/photoblogs\/"},"img":{"alt_text":"","src":"https:\/\/i0.wp.com\/tomajazz.com\/web\/wp-content\/uploads\/2019\/12\/13_Lds-Mckns-%C2%A9Joan-Cort%C3%A8s_19oct19_Cblms_MMF_SMP.jpg?resize=350%2C200&ssl=1","width":350,"height":200,"srcset":"https:\/\/i0.wp.com\/tomajazz.com\/web\/wp-content\/uploads\/2019\/12\/13_Lds-Mckns-%C2%A9Joan-Cort%C3%A8s_19oct19_Cblms_MMF_SMP.jpg?resize=350%2C200&ssl=1 1x, https:\/\/i0.wp.com\/tomajazz.com\/web\/wp-content\/uploads\/2019\/12\/13_Lds-Mckns-%C2%A9Joan-Cort%C3%A8s_19oct19_Cblms_MMF_SMP.jpg?resize=525%2C300&ssl=1 1.5x"},"classes":[]},{"id":34179,"url":"https:\/\/tomajazz.com\/web\/instantzz-col%c2%b7lectiu-freet-can-balmes-montmusic-les-noves-musiques-al-montseny-santa-maria-de-palautordera-2017-10-28-galeria-fotografica\/","url_meta":{"origin":47959,"position":2},"title":"INSTANTZZ: Col\u00b7lectiu Free\u2019t (Can Balmes, Montmusic -Les noves m\u00fasiques al Montseny- Santa Maria de Palautordera.  2017-10-28) [4] [Galer\u00eda fotogr\u00e1fica]","author":"Tomajazz","date":"27 diciembre, 2017","format":false,"excerpt":"Fecha: S\u00e1bado, 28 de octubre de 2017 Lugar: Can Balmes (Santa Maria de Palautordera -Barcelona- ) Grupo: Col\u00b7lectiu Free\u2019t Montse Piqu\u00e9, voz Miquel \u00c0ngel Matin, clarinete Rafel Esteve, contrabajo Maria Mora, danza N\u00faria Andorr\u00e0, percusi\u00f3n Jordina Mill\u00e0, teclados Miquel Salla, electr\u00f3nica Arnau Milla, direcci\u00f3n\/soundpainter Tomajazz:\u00a0\u00a9\u00a0Joan Cort\u00e8s, 2017","rel":"","context":"En \u00ab*_Joan Cort\u00e8s\u00bb","block_context":{"text":"*_Joan Cort\u00e8s","link":"https:\/\/tomajazz.com\/web\/category\/joan-cortes\/"},"img":{"alt_text":"","src":"https:\/\/i0.wp.com\/tomajazz.com\/web\/wp-content\/uploads\/2017\/12\/08_Frt-%C2%A9Joan-Cort%C3%A8s_28oct17_Cn-Blms_Mntmsc_SMPltrdr.jpg?resize=350%2C200&ssl=1","width":350,"height":200,"srcset":"https:\/\/i0.wp.com\/tomajazz.com\/web\/wp-content\/uploads\/2017\/12\/08_Frt-%C2%A9Joan-Cort%C3%A8s_28oct17_Cn-Blms_Mntmsc_SMPltrdr.jpg?resize=350%2C200&ssl=1 1x, https:\/\/i0.wp.com\/tomajazz.com\/web\/wp-content\/uploads\/2017\/12\/08_Frt-%C2%A9Joan-Cort%C3%A8s_28oct17_Cn-Blms_Mntmsc_SMPltrdr.jpg?resize=525%2C300&ssl=1 1.5x"},"classes":[]},{"id":40818,"url":"https:\/\/tomajazz.com\/web\/instantzz-tres-duos-i-jordina-milla-nuria-andorra-agusti-fernandez-johannes-nastesjo-i-hara-alonso-sergio-andres-castrillon-la-quadra-i-can-balmes-montmusic-festival-2018-les-noves-musi\/","url_meta":{"origin":47959,"position":3},"title":"INSTANTZZ: Seis D\u00faos (I), Jordina Mill\u00e0 &#038; N\u00faria Andorra, Agust\u00ed Fern\u00e1ndez &#038; Johannes N\u00e4stesj\u00f6 y Hara Alonso &#038; Sergio Andr\u00e9s Castrill\u00f3n  (La Quadra i Can Balmes, MontMusic Festival 2018 -Les noves m\u00fasiques al Montseny- Santa Maria de Palautordera -Barcelona-.  2018-10-20) [I] [Galer\u00eda fotogr\u00e1fica]","author":"Tomajazz","date":"1 enero, 2019","format":false,"excerpt":"Por\u00a0Joan Cort\u00e8s. Fecha: S\u00e1bado, 20 de octubre de 2018 Lugar: La Quadra y Can Balmes (Santa Maria de Palautordera -Barcelona- ) Grupos: Jordina Mill\u00e0 & N\u00faria Andorr\u00e0 (La Quadra) Jordina Mill\u00e0, piano N\u00faria Andorr\u00e0, percusi\u00f3n Agust\u00ed Fern\u00e1ndez & Johannes N\u00e4stesj\u00f6 (La Quadra) Agust\u00ed Fern\u00e1ndez, piano Johannes N\u00e4stesj\u00f6, contrabajo Hara Alonso\u2026","rel":"","context":"En \u00ab*_Joan Cort\u00e8s\u00bb","block_context":{"text":"*_Joan Cort\u00e8s","link":"https:\/\/tomajazz.com\/web\/category\/joan-cortes\/"},"img":{"alt_text":"","src":"https:\/\/i0.wp.com\/tomajazz.com\/web\/wp-content\/uploads\/2019\/01\/13_Hr-lns-Srg-Cstrlln-%C2%A9Joan-Cort%C3%A8s_20oct18_Cn-Blms_2MMF_SMP.jpg?resize=350%2C200&ssl=1","width":350,"height":200,"srcset":"https:\/\/i0.wp.com\/tomajazz.com\/web\/wp-content\/uploads\/2019\/01\/13_Hr-lns-Srg-Cstrlln-%C2%A9Joan-Cort%C3%A8s_20oct18_Cn-Blms_2MMF_SMP.jpg?resize=350%2C200&ssl=1 1x, https:\/\/i0.wp.com\/tomajazz.com\/web\/wp-content\/uploads\/2019\/01\/13_Hr-lns-Srg-Cstrlln-%C2%A9Joan-Cort%C3%A8s_20oct18_Cn-Blms_2MMF_SMP.jpg?resize=525%2C300&ssl=1 1.5x"},"classes":[]},{"id":33920,"url":"https:\/\/tomajazz.com\/web\/instantzz-pignon-andorra-brncic-can-balmes-montmusic-les-noves-musiques-al-montseny-santa-maria-de-palautordera-2017-10-28-galeria-fotografica\/","url_meta":{"origin":47959,"position":4},"title":"INSTANTZZ: Pignon-Andorr\u00e0-Brncic (Can Balmes, Montmusic -Les noves m\u00fasiques al Montseny- Santa Maria de Palautordera.  2017-10-28) [2] [Galer\u00eda fotogr\u00e1fica]","author":"Tomajazz","date":"13 diciembre, 2017","format":false,"excerpt":"Fecha: S\u00e1bado, 28 de octubre de 2017 Lugar: Can Balmes (Santa Maria de Palautordera -Barcelona- ) Grupo: Pignon-Andorr\u00e0-Brncic Paul Pignon, clarinetes, saxo tenor, flauta y didgeridoo N\u00faria Andorr\u00e0, percusi\u00f3n Constanza Brncic, danza Tomajazz:\u00a0\u00a9 Joan Cort\u00e8s, 2017","rel":"","context":"En \u00ab*_Joan Cort\u00e8s\u00bb","block_context":{"text":"*_Joan Cort\u00e8s","link":"https:\/\/tomajazz.com\/web\/category\/joan-cortes\/"},"img":{"alt_text":"","src":"https:\/\/i0.wp.com\/tomajazz.com\/web\/wp-content\/uploads\/2017\/12\/03_Pgnn-ndrr-Brncc.jpg?resize=350%2C200&ssl=1","width":350,"height":200,"srcset":"https:\/\/i0.wp.com\/tomajazz.com\/web\/wp-content\/uploads\/2017\/12\/03_Pgnn-ndrr-Brncc.jpg?resize=350%2C200&ssl=1 1x, https:\/\/i0.wp.com\/tomajazz.com\/web\/wp-content\/uploads\/2017\/12\/03_Pgnn-ndrr-Brncc.jpg?resize=525%2C300&ssl=1 1.5x"},"classes":[]},{"id":48163,"url":"https:\/\/tomajazz.com\/web\/instantzz-sonia-sanchez-patryk-zacrocki-michele-rabbia-ingar-zach-can-balmes-montmusic-festival-2019-les-noves-musiques-al-montseny-santa-maria-de-palautordera-barcelona-2018-10-20-y-i\/","url_meta":{"origin":47959,"position":5},"title":"INSTANTZZ: S\u00f2nia S\u00e1nchez &#038; Patryk Zacrocki, Michele Rabbia &#038; Ingar Zach (Can Balmes, MontMusic Festival 2019 -Les noves m\u00fasiques al Montseny- Santa Maria de Palautordera -Barcelona-.  2018-10-20) [y IV] [Galer\u00eda fotogr\u00e1fica]","author":"Tomajazz","date":"2 enero, 2020","format":false,"excerpt":"Joan Cort\u00e8s trae a INSTANTZZ la cuarta galer\u00eda fotogr\u00e1fica del Montmusic Festival 2019, con las actuaciones de S\u00f2nia S\u00e1nchez - Patryk Zacrocki, y Michele Rabbia - Ingar Zach.","rel":"","context":"En \u00abIm\u00e1genes\u00bb","block_context":{"text":"Im\u00e1genes","link":"https:\/\/tomajazz.com\/web\/category\/contenidos\/imagenes\/"},"img":{"alt_text":"","src":"https:\/\/i0.wp.com\/tomajazz.com\/web\/wp-content\/uploads\/2020\/01\/05_Sn-Snchz-Ptrk-Zcrck-%C2%A9Joan-Cort%C3%A8s_20oct19_CnBlms_MMF_SMP.jpg?resize=350%2C200&ssl=1","width":350,"height":200,"srcset":"https:\/\/i0.wp.com\/tomajazz.com\/web\/wp-content\/uploads\/2020\/01\/05_Sn-Snchz-Ptrk-Zcrck-%C2%A9Joan-Cort%C3%A8s_20oct19_CnBlms_MMF_SMP.jpg?resize=350%2C200&ssl=1 1x, https:\/\/i0.wp.com\/tomajazz.com\/web\/wp-content\/uploads\/2020\/01\/05_Sn-Snchz-Ptrk-Zcrck-%C2%A9Joan-Cort%C3%A8s_20oct19_CnBlms_MMF_SMP.jpg?resize=525%2C300&ssl=1 1.5x"},"classes":[]}],"_links":{"self":[{"href":"https:\/\/tomajazz.com\/web\/wp-json\/wp\/v2\/posts\/47959","targetHints":{"allow":["GET"]}}],"collection":[{"href":"https:\/\/tomajazz.com\/web\/wp-json\/wp\/v2\/posts"}],"about":[{"href":"https:\/\/tomajazz.com\/web\/wp-json\/wp\/v2\/types\/post"}],"author":[{"embeddable":true,"href":"https:\/\/tomajazz.com\/web\/wp-json\/wp\/v2\/users\/1"}],"replies":[{"embeddable":true,"href":"https:\/\/tomajazz.com\/web\/wp-json\/wp\/v2\/comments?post=47959"}],"version-history":[{"count":8,"href":"https:\/\/tomajazz.com\/web\/wp-json\/wp\/v2\/posts\/47959\/revisions"}],"predecessor-version":[{"id":48162,"href":"https:\/\/tomajazz.com\/web\/wp-json\/wp\/v2\/posts\/47959\/revisions\/48162"}],"wp:featuredmedia":[{"embeddable":true,"href":"https:\/\/tomajazz.com\/web\/wp-json\/wp\/v2\/media\/47968"}],"wp:attachment":[{"href":"https:\/\/tomajazz.com\/web\/wp-json\/wp\/v2\/media?parent=47959"}],"wp:term":[{"taxonomy":"category","embeddable":true,"href":"https:\/\/tomajazz.com\/web\/wp-json\/wp\/v2\/categories?post=47959"},{"taxonomy":"post_tag","embeddable":true,"href":"https:\/\/tomajazz.com\/web\/wp-json\/wp\/v2\/tags?post=47959"}],"curies":[{"name":"wp","href":"https:\/\/api.w.org\/{rel}","templated":true}]}}