{"id":49213,"date":"2020-02-24T11:30:02","date_gmt":"2020-02-24T10:30:02","guid":{"rendered":"https:\/\/www.tomajazz.com\/web\/?p=49213"},"modified":"2021-07-18T13:21:58","modified_gmt":"2021-07-18T11:21:58","slug":"jazz-y-jaca-marzo-2020-noticias","status":"publish","type":"post","link":"https:\/\/tomajazz.com\/web\/jazz-y-jaca-marzo-2020-noticias\/","title":{"rendered":"Jazz y+ (Jaca. Marzo 2020) [Noticias]"},"content":{"rendered":"<p>Por\u00a0<strong>Redacci\u00f3n<\/strong>.<\/p>\n<p style=\"text-align: center;\"><img loading=\"lazy\" decoding=\"async\" class=\"aligncenter size-full wp-image-49214\" src=\"https:\/\/tomajazz.com\/web\/wp-content\/uploads\/2020\/02\/Ciclo-Jazz-Y_Jaca.jpg\" alt=\"\" width=\"399\" height=\"545\" title=\"\" srcset=\"https:\/\/tomajazz.com\/web\/wp-content\/uploads\/2020\/02\/Ciclo-Jazz-Y_Jaca.jpg 399w, https:\/\/tomajazz.com\/web\/wp-content\/uploads\/2020\/02\/Ciclo-Jazz-Y_Jaca-200x273.jpg 200w, https:\/\/tomajazz.com\/web\/wp-content\/uploads\/2020\/02\/Ciclo-Jazz-Y_Jaca-40x55.jpg 40w\" sizes=\"auto, (max-width: 399px) 100vw, 399px\" \/><\/p>\n<p>Durante el mes de marzo de 2020 tendr\u00e1 lugar el ciclo Jazz y + en Jaca. Actuar\u00e1n PRS Tr\u00edo (s\u00e1bado 7), Banda y Escuela Municipal de M\u00fasica de Jaca (domingo 8), Tangled Tape Quintet (s\u00e1bado 14), Kiko Berenguer Quartet (s\u00e1bado 21), y O&#8217;Carolan (s\u00e1bado 28). Tambi\u00e9n se proyectar\u00e1 el documental <em>S\u00f3lo en un d\u00eda<\/em> el martes 17.<\/p>\n<p>Entradas a la venta e informaci\u00f3n en <a href=\"http:\/\/www.congresosjaca.es\/\" target=\"_blank\" rel=\"noopener\">http:\/\/www.congresosjaca.es\/<\/a><\/p>\n","protected":false},"excerpt":{"rendered":"<p>Durante el mes de marzo de 2020 tendr\u00e1 lugar el ciclo Jazz y + en Jaca.<span class=\"more-link\"><a href=\"https:\/\/tomajazz.com\/web\/jazz-y-jaca-marzo-2020-noticias\/\">Contin\u00faa leyendo<\/a><\/span><\/p>\n","protected":false},"author":1,"featured_media":49214,"comment_status":"open","ping_status":"closed","sticky":false,"template":"","format":"standard","meta":{"jetpack_post_was_ever_published":false,"_jetpack_newsletter_access":"","_jetpack_dont_email_post_to_subs":false,"_jetpack_newsletter_tier_id":0,"_jetpack_memberships_contains_paywalled_content":false,"_jetpack_memberships_contains_paid_content":false,"footnotes":""},"categories":[15795,17858,1038],"tags":[11856,15296],"class_list":["entry","author-pachi","has-excerpt","post-49213","post","type-post","status-publish","format-standard","has-post-thumbnail","category-noticias-2","category-redaccion","category-contenidos","tag-noticias","tag-noticias-de-jazz"],"jetpack_featured_media_url":"https:\/\/tomajazz.com\/web\/wp-content\/uploads\/2020\/02\/Ciclo-Jazz-Y_Jaca.jpg","jetpack_likes_enabled":true,"jetpack_sharing_enabled":true,"jetpack-related-posts":[{"id":104197,"url":"https:\/\/tomajazz.com\/web\/ciclo-jazz-jaca-2026-news\/","url_meta":{"origin":49213,"position":0},"title":"Ciclo Jazz Jaca 2026 (Jaca. Marzo 2026) [Noticias de jazz]","author":"Tomajazz","date":"26 febrero, 2026","format":false,"excerpt":"Durante el mes de marzo de 2026 tendr\u00e1 lugar el Ciclo Jazz Jaca 2026 incluyendo conciertos y otras actividades #Noticiasdejazz","rel":"","context":"En \u00ab*_Redacci\u00f3n\u00bb","block_context":{"text":"*_Redacci\u00f3n","link":"https:\/\/tomajazz.com\/web\/category\/redaccion\/"},"img":{"alt_text":"Ciclo Jazz Jaca 2026 (Jaca. Marzo 2026) [Noticias de jazz] - Tomajazz - Durante el mes de marzo de 2026 tendr\u00e1 lugar el Ciclo Jazz Jaca 2026 incluyendo conciertos y otras actividades #Noticiasdejazz","src":"https:\/\/i0.wp.com\/tomajazz.com\/web\/wp-content\/uploads\/2026\/02\/Ciclo-Jazz-Jaca-2026-Noticias-Tomajazz.jpg?resize=350%2C200&ssl=1","width":350,"height":200,"srcset":"https:\/\/i0.wp.com\/tomajazz.com\/web\/wp-content\/uploads\/2026\/02\/Ciclo-Jazz-Jaca-2026-Noticias-Tomajazz.jpg?resize=350%2C200&ssl=1 1x, https:\/\/i0.wp.com\/tomajazz.com\/web\/wp-content\/uploads\/2026\/02\/Ciclo-Jazz-Jaca-2026-Noticias-Tomajazz.jpg?resize=525%2C300&ssl=1 1.5x, https:\/\/i0.wp.com\/tomajazz.com\/web\/wp-content\/uploads\/2026\/02\/Ciclo-Jazz-Jaca-2026-Noticias-Tomajazz.jpg?resize=700%2C400&ssl=1 2x"},"classes":[]},{"id":104681,"url":"https:\/\/tomajazz.com\/web\/abe-rabade-jaca-club-de-jazz-2026\/","url_meta":{"origin":49213,"position":1},"title":"Abe R\u00e1bade (Ciclo Jaca Club de Jazz 2026. Palacio de Congresos, Jaca. 2026-03-21) Por Fabio Galicia [INSTANTZZ AKA Galer\u00eda fotogr\u00e1fica AKA Fotoblog de jazz, impro\u2026 y algo m\u00e1s]","author":"Tomajazz","date":"3 abril, 2026","format":false,"excerpt":"Abe R\u00e1bade actu\u00f3 en el Ciclo Jaca Club de Jazz 2026, el 21 de marzo de 2026. Fabio Galicia lo retrata en INSTANTZZ. Actuaron Abe R\u00e1bade y Ariel Br\u00ednguez","rel":"","context":"En \u00abINSTANTZZ\u00bb","block_context":{"text":"INSTANTZZ","link":"https:\/\/tomajazz.com\/web\/category\/contenidos\/imagenes\/photoblogs\/instantzz\/"},"img":{"alt_text":"Abe R\u00e1bade (Ciclo Jaca Club de Jazz 2026. Palacio de Congresos, Jaca. 2026-03-21) Por Fabio Galicia [INSTANTZZ AKA Galer\u00eda fotogr\u00e1fica AKA Fotoblog de jazz, impro\u2026 y algo m\u00e1s] - Tomajazz - Abe R\u00e1bade actu\u00f3 en el Ciclo Jaca Club de Jazz 2026, el 21 de marzo de 2026. Fabio Galicia lo retrata en INSTANTZZ. Actuaron Abe R\u00e1bade y Ariel Br\u00ednguez","src":"https:\/\/i0.wp.com\/tomajazz.com\/web\/wp-content\/uploads\/2026\/04\/2603021-ABE-RABADE-12.jpg?resize=350%2C200&ssl=1","width":350,"height":200,"srcset":"https:\/\/i0.wp.com\/tomajazz.com\/web\/wp-content\/uploads\/2026\/04\/2603021-ABE-RABADE-12.jpg?resize=350%2C200&ssl=1 1x, https:\/\/i0.wp.com\/tomajazz.com\/web\/wp-content\/uploads\/2026\/04\/2603021-ABE-RABADE-12.jpg?resize=525%2C300&ssl=1 1.5x, https:\/\/i0.wp.com\/tomajazz.com\/web\/wp-content\/uploads\/2026\/04\/2603021-ABE-RABADE-12.jpg?resize=700%2C400&ssl=1 2x, https:\/\/i0.wp.com\/tomajazz.com\/web\/wp-content\/uploads\/2026\/04\/2603021-ABE-RABADE-12.jpg?resize=1050%2C600&ssl=1 3x"},"classes":[]},{"id":104748,"url":"https:\/\/tomajazz.com\/web\/ivan-lewis-trio-jaca-club-de-jazz-2026\/","url_meta":{"origin":49213,"position":2},"title":"Iv\u00e1n Lewis Tr\u00edo \u201cLuces y sombras\u201d (Ciclo Jaca Club de Jazz 2026. Palacio de Congresos, Jaca. 2026-03-28) Por Fabio Galicia [INSTANTZZ AKA Galer\u00eda fotogr\u00e1fica AKA Fotoblog de jazz, impro\u2026 y algo m\u00e1s]","author":"Tomajazz","date":"6 abril, 2026","format":false,"excerpt":"Iv\u00e1n Lewis Tr\u00edo \u201cLuces y sombras\u201d actu\u00f3 en el Ciclo Jaca Club de Jazz 2026, el 28 de marzo de 2026. Fabio Galicia lo retrata en INSTANTZZ. Actuaron Iv\u00e1n Lewis, Yandy Mart\u00ednez, Georvis Pico","rel":"","context":"En \u00abINSTANTZZ\u00bb","block_context":{"text":"INSTANTZZ","link":"https:\/\/tomajazz.com\/web\/category\/contenidos\/imagenes\/photoblogs\/instantzz\/"},"img":{"alt_text":"Iv\u00e1n Lewis Tr\u00edo \u201cLuces y sombras\u201d (Ciclo Jaca Club de Jazz 2026. Palacio de Congresos, Jaca. 2026-03-28) Por Fabio Galicia [INSTANTZZ AKA Galer\u00eda fotogr\u00e1fica AKA Fotoblog de jazz, impro\u2026 y algo m\u00e1s] - Tomajazz - Iv\u00e1n Lewis Tr\u00edo \u201cLuces y sombras\u201d actu\u00f3 en el Ciclo Jaca Club de Jazz 2026, el 28 de marzo de 2026. Fabio Galicia lo retrata en INSTANTZZ. Actuaron","src":"https:\/\/i0.wp.com\/tomajazz.com\/web\/wp-content\/uploads\/2026\/04\/260328-IVAN-LEWIS-9.jpg?resize=350%2C200&ssl=1","width":350,"height":200,"srcset":"https:\/\/i0.wp.com\/tomajazz.com\/web\/wp-content\/uploads\/2026\/04\/260328-IVAN-LEWIS-9.jpg?resize=350%2C200&ssl=1 1x, https:\/\/i0.wp.com\/tomajazz.com\/web\/wp-content\/uploads\/2026\/04\/260328-IVAN-LEWIS-9.jpg?resize=525%2C300&ssl=1 1.5x, https:\/\/i0.wp.com\/tomajazz.com\/web\/wp-content\/uploads\/2026\/04\/260328-IVAN-LEWIS-9.jpg?resize=700%2C400&ssl=1 2x, https:\/\/i0.wp.com\/tomajazz.com\/web\/wp-content\/uploads\/2026\/04\/260328-IVAN-LEWIS-9.jpg?resize=1050%2C600&ssl=1 3x"},"classes":[]},{"id":71383,"url":"https:\/\/tomajazz.com\/web\/jaca-club-de-jazz-2023-news\/","url_meta":{"origin":49213,"position":3},"title":"Jaca Club de Jazz (Marzo de 2023) [Noticias de jazz]","author":"Tomajazz","date":"24 febrero, 2023","format":false,"excerpt":"Durante el mes de marzo de 2023 tendr\u00e1 lugar el ciclo Jaca Club de Jazz.","rel":"","context":"En \u00abNoticias\u00bb","block_context":{"text":"Noticias","link":"https:\/\/tomajazz.com\/web\/category\/contenidos\/noticias-2\/"},"img":{"alt_text":"Jaca Club de Jazz","src":"https:\/\/i0.wp.com\/tomajazz.com\/web\/wp-content\/uploads\/2023\/02\/Jaca-Club-de-Jazz-2023WEB.jpg?resize=350%2C200&ssl=1","width":350,"height":200,"srcset":"https:\/\/i0.wp.com\/tomajazz.com\/web\/wp-content\/uploads\/2023\/02\/Jaca-Club-de-Jazz-2023WEB.jpg?resize=350%2C200&ssl=1 1x, https:\/\/i0.wp.com\/tomajazz.com\/web\/wp-content\/uploads\/2023\/02\/Jaca-Club-de-Jazz-2023WEB.jpg?resize=525%2C300&ssl=1 1.5x, https:\/\/i0.wp.com\/tomajazz.com\/web\/wp-content\/uploads\/2023\/02\/Jaca-Club-de-Jazz-2023WEB.jpg?resize=700%2C400&ssl=1 2x"},"classes":[]},{"id":83812,"url":"https:\/\/tomajazz.com\/web\/jaca-club-de-jazz-2024\/","url_meta":{"origin":49213,"position":4},"title":"Jaca Club de Jazz 2024 (9 de marzo al 5 de abril de 2024. Jaca, Huesca) [Noticias de jazz]","author":"Tomajazz","date":"14 febrero, 2024","format":false,"excerpt":"Entre el 3 de marzo y el 5 de abril de 2024 tendr\u00e1 lugar en Jaca (Huesca) el ciclo Jaca Club de Jazz 2024 #Ciclodejazz #FestivalDeJazz #Festivalesdejazz #Noticiasdejazz","rel":"","context":"En \u00abFestivales Jazz Oto\u00f1o - Invierno 2023 - 2024\u00bb","block_context":{"text":"Festivales Jazz Oto\u00f1o - Invierno 2023 - 2024","link":"https:\/\/tomajazz.com\/web\/category\/contenidos\/noticias-2\/festivales-jazz-otono-invierno-2023-2024\/"},"img":{"alt_text":"Jaca Club de Jazz 2024 (9 de marzo al 5 de abril de 2024. Jaca, Huesca) [Noticias de jazz] - Tomajazz - Entre el 3 de marzo y el 5 de abril de 2024 tendr\u00e1 lugar en Jaca (Huesca) el ciclo Jaca Club de Jazz 2024 #Ciclodejazz #FestivalDeJazz #Festivalesdejazz #Noticiasdejazz","src":"https:\/\/i0.wp.com\/tomajazz.com\/web\/wp-content\/uploads\/2024\/02\/Jaca-Club-de-Jazz-2024-Tomajazz-Noticias.jpg?resize=350%2C200&ssl=1","width":350,"height":200,"srcset":"https:\/\/i0.wp.com\/tomajazz.com\/web\/wp-content\/uploads\/2024\/02\/Jaca-Club-de-Jazz-2024-Tomajazz-Noticias.jpg?resize=350%2C200&ssl=1 1x, https:\/\/i0.wp.com\/tomajazz.com\/web\/wp-content\/uploads\/2024\/02\/Jaca-Club-de-Jazz-2024-Tomajazz-Noticias.jpg?resize=525%2C300&ssl=1 1.5x, https:\/\/i0.wp.com\/tomajazz.com\/web\/wp-content\/uploads\/2024\/02\/Jaca-Club-de-Jazz-2024-Tomajazz-Noticias.jpg?resize=700%2C400&ssl=1 2x"},"classes":[]},{"id":104895,"url":"https:\/\/tomajazz.com\/web\/olga-pericet-jaca-2026\/","url_meta":{"origin":49213,"position":5},"title":"Olga Pericet \u201cBaile Sonoro\u201d (Palacio de Congresos, Jaca. 2026-03-28) Por Fabio Galicia [Flamencuras AKA INSTANTZZ AKA Galer\u00eda fotogr\u00e1fica AKA Fotoblog de jazz, impro\u2026 y algo m\u00e1s]","author":"Tomajazz","date":"15 abril, 2026","format":false,"excerpt":"Olga Pericet \u201cBaile Sonoro\u201d actu\u00f3 en el Palacio de Congresos de Jaca, el 28 de marzo de 2026. Fabio Galicia lo retrata en las Flamencuras de INSTANTZZ. Con Jos\u00e9 Manuel Le\u00f3n, Mercedes Cort\u00e9s, Olga Pericet","rel":"","context":"En \u00abFlamencuras\u00bb","block_context":{"text":"Flamencuras","link":"https:\/\/tomajazz.com\/web\/category\/contenidos\/imagenes\/photoblogs\/flamencuras\/"},"img":{"alt_text":"Olga Pericet \u201cBaile Sonoro\u201d (Palacio de Congresos, Jaca. 2026-03-28) Por Fabio Galicia [Flamencuras AKA INSTANTZZ AKA Galer\u00eda fotogr\u00e1fica AKA Fotoblog de jazz, impro\u2026 y algo m\u00e1s] - Tomajazz - Olga Pericet \u201cBaile Sonoro\u201d actu\u00f3 en el Palacio de Congresos de Jaca, el 28 de marzo de 2026. Fabio Galicia lo retrata en las Flamencuras de INSTANTZZ. Con Jos\u00e9 Manuel Le\u00f3n, Mercedes Cort\u00e9s, Olga Pericet\n","src":"https:\/\/i0.wp.com\/tomajazz.com\/web\/wp-content\/uploads\/2026\/04\/Olga-Pericet-29.jpg?resize=350%2C200&ssl=1","width":350,"height":200,"srcset":"https:\/\/i0.wp.com\/tomajazz.com\/web\/wp-content\/uploads\/2026\/04\/Olga-Pericet-29.jpg?resize=350%2C200&ssl=1 1x, https:\/\/i0.wp.com\/tomajazz.com\/web\/wp-content\/uploads\/2026\/04\/Olga-Pericet-29.jpg?resize=525%2C300&ssl=1 1.5x, https:\/\/i0.wp.com\/tomajazz.com\/web\/wp-content\/uploads\/2026\/04\/Olga-Pericet-29.jpg?resize=700%2C400&ssl=1 2x, https:\/\/i0.wp.com\/tomajazz.com\/web\/wp-content\/uploads\/2026\/04\/Olga-Pericet-29.jpg?resize=1050%2C600&ssl=1 3x"},"classes":[]}],"_links":{"self":[{"href":"https:\/\/tomajazz.com\/web\/wp-json\/wp\/v2\/posts\/49213","targetHints":{"allow":["GET"]}}],"collection":[{"href":"https:\/\/tomajazz.com\/web\/wp-json\/wp\/v2\/posts"}],"about":[{"href":"https:\/\/tomajazz.com\/web\/wp-json\/wp\/v2\/types\/post"}],"author":[{"embeddable":true,"href":"https:\/\/tomajazz.com\/web\/wp-json\/wp\/v2\/users\/1"}],"replies":[{"embeddable":true,"href":"https:\/\/tomajazz.com\/web\/wp-json\/wp\/v2\/comments?post=49213"}],"version-history":[{"count":3,"href":"https:\/\/tomajazz.com\/web\/wp-json\/wp\/v2\/posts\/49213\/revisions"}],"predecessor-version":[{"id":49216,"href":"https:\/\/tomajazz.com\/web\/wp-json\/wp\/v2\/posts\/49213\/revisions\/49216"}],"wp:featuredmedia":[{"embeddable":true,"href":"https:\/\/tomajazz.com\/web\/wp-json\/wp\/v2\/media\/49214"}],"wp:attachment":[{"href":"https:\/\/tomajazz.com\/web\/wp-json\/wp\/v2\/media?parent=49213"}],"wp:term":[{"taxonomy":"category","embeddable":true,"href":"https:\/\/tomajazz.com\/web\/wp-json\/wp\/v2\/categories?post=49213"},{"taxonomy":"post_tag","embeddable":true,"href":"https:\/\/tomajazz.com\/web\/wp-json\/wp\/v2\/tags?post=49213"}],"curies":[{"name":"wp","href":"https:\/\/api.w.org\/{rel}","templated":true}]}}