{"id":49668,"date":"2020-03-14T13:00:22","date_gmt":"2020-03-14T12:00:22","guid":{"rendered":"https:\/\/www.tomajazz.com\/web\/?p=49668"},"modified":"2020-03-15T16:00:26","modified_gmt":"2020-03-15T15:00:26","slug":"instantzz-prs-trio-sabinanigo-huesca-galeria-fotografica","status":"publish","type":"post","link":"https:\/\/tomajazz.com\/web\/instantzz-prs-trio-sabinanigo-huesca-galeria-fotografica\/","title":{"rendered":"INSTANTZZ: PRS Tr\u00edo (Jaca, Huesca) [Galer\u00eda fotogr\u00e1fica] #YoMeQuedoEnCasa \/ #IStayAtHome"},"content":{"rendered":"<p>Por\u00a0<strong>Fabio Galicia<\/strong>.<\/p>\n<ul>\n<li>Lugar: Palacio de congresos (Jaca)<\/li>\n<li>Fecha: s\u00e1bado 7 de marzo de 2020, 20:30<\/li>\n<li>Grupo:<br \/>\n<strong>PRS Tr\u00edo<\/strong><br \/>\nI\u00f1aki Salvador: piano<br \/>\nFrancis Pose: contrabajo<br \/>\nJos\u00e9 V\u00e1zquez \u201cRoper\u201d: bater\u00eda<\/li>\n<\/ul>\n<p style=\"text-align: center;\"><img loading=\"lazy\" decoding=\"async\" class=\"aligncenter size-full wp-image-49669\" src=\"https:\/\/tomajazz.com\/web\/wp-content\/uploads\/2020\/03\/01_PRS-4.jpg\" alt=\"\" width=\"600\" height=\"401\" title=\"\" srcset=\"https:\/\/tomajazz.com\/web\/wp-content\/uploads\/2020\/03\/01_PRS-4.jpg 600w, https:\/\/tomajazz.com\/web\/wp-content\/uploads\/2020\/03\/01_PRS-4-200x134.jpg 200w, https:\/\/tomajazz.com\/web\/wp-content\/uploads\/2020\/03\/01_PRS-4-82x55.jpg 82w, https:\/\/tomajazz.com\/web\/wp-content\/uploads\/2020\/03\/01_PRS-4-60x40.jpg 60w, https:\/\/tomajazz.com\/web\/wp-content\/uploads\/2020\/03\/01_PRS-4-120x80.jpg 120w\" sizes=\"auto, (max-width: 600px) 100vw, 600px\" \/> <img loading=\"lazy\" decoding=\"async\" class=\"aligncenter size-large wp-image-49670\" src=\"https:\/\/tomajazz.com\/web\/wp-content\/uploads\/2020\/03\/02_PRS-8.jpg\" alt=\"\" width=\"600\" height=\"401\" title=\"\" srcset=\"https:\/\/tomajazz.com\/web\/wp-content\/uploads\/2020\/03\/02_PRS-8.jpg 600w, https:\/\/tomajazz.com\/web\/wp-content\/uploads\/2020\/03\/02_PRS-8-200x134.jpg 200w, https:\/\/tomajazz.com\/web\/wp-content\/uploads\/2020\/03\/02_PRS-8-82x55.jpg 82w, https:\/\/tomajazz.com\/web\/wp-content\/uploads\/2020\/03\/02_PRS-8-60x40.jpg 60w, https:\/\/tomajazz.com\/web\/wp-content\/uploads\/2020\/03\/02_PRS-8-120x80.jpg 120w\" sizes=\"auto, (max-width: 600px) 100vw, 600px\" \/> <img loading=\"lazy\" decoding=\"async\" class=\"aligncenter size-large wp-image-49671\" src=\"https:\/\/tomajazz.com\/web\/wp-content\/uploads\/2020\/03\/03_PRS-3.jpg\" alt=\"\" width=\"600\" height=\"400\" title=\"\" srcset=\"https:\/\/tomajazz.com\/web\/wp-content\/uploads\/2020\/03\/03_PRS-3.jpg 600w, https:\/\/tomajazz.com\/web\/wp-content\/uploads\/2020\/03\/03_PRS-3-200x133.jpg 200w, https:\/\/tomajazz.com\/web\/wp-content\/uploads\/2020\/03\/03_PRS-3-83x55.jpg 83w, https:\/\/tomajazz.com\/web\/wp-content\/uploads\/2020\/03\/03_PRS-3-60x40.jpg 60w, https:\/\/tomajazz.com\/web\/wp-content\/uploads\/2020\/03\/03_PRS-3-120x80.jpg 120w\" sizes=\"auto, (max-width: 600px) 100vw, 600px\" \/> <img loading=\"lazy\" decoding=\"async\" class=\"aligncenter size-large wp-image-49672\" src=\"https:\/\/tomajazz.com\/web\/wp-content\/uploads\/2020\/03\/04_PRS-1.jpg\" alt=\"\" width=\"600\" height=\"400\" title=\"\" srcset=\"https:\/\/tomajazz.com\/web\/wp-content\/uploads\/2020\/03\/04_PRS-1.jpg 600w, https:\/\/tomajazz.com\/web\/wp-content\/uploads\/2020\/03\/04_PRS-1-200x133.jpg 200w, https:\/\/tomajazz.com\/web\/wp-content\/uploads\/2020\/03\/04_PRS-1-83x55.jpg 83w, https:\/\/tomajazz.com\/web\/wp-content\/uploads\/2020\/03\/04_PRS-1-60x40.jpg 60w, https:\/\/tomajazz.com\/web\/wp-content\/uploads\/2020\/03\/04_PRS-1-120x80.jpg 120w\" sizes=\"auto, (max-width: 600px) 100vw, 600px\" \/> <img loading=\"lazy\" decoding=\"async\" class=\"aligncenter size-large wp-image-49673\" src=\"https:\/\/tomajazz.com\/web\/wp-content\/uploads\/2020\/03\/05_PRS-2.jpg\" alt=\"\" width=\"600\" height=\"400\" title=\"\" srcset=\"https:\/\/tomajazz.com\/web\/wp-content\/uploads\/2020\/03\/05_PRS-2.jpg 600w, https:\/\/tomajazz.com\/web\/wp-content\/uploads\/2020\/03\/05_PRS-2-200x133.jpg 200w, https:\/\/tomajazz.com\/web\/wp-content\/uploads\/2020\/03\/05_PRS-2-83x55.jpg 83w, https:\/\/tomajazz.com\/web\/wp-content\/uploads\/2020\/03\/05_PRS-2-60x40.jpg 60w, https:\/\/tomajazz.com\/web\/wp-content\/uploads\/2020\/03\/05_PRS-2-120x80.jpg 120w\" sizes=\"auto, (max-width: 600px) 100vw, 600px\" \/> <img loading=\"lazy\" decoding=\"async\" class=\"aligncenter size-large wp-image-49674\" src=\"https:\/\/tomajazz.com\/web\/wp-content\/uploads\/2020\/03\/06_PRS-9.jpg\" alt=\"\" width=\"600\" height=\"401\" title=\"\" srcset=\"https:\/\/tomajazz.com\/web\/wp-content\/uploads\/2020\/03\/06_PRS-9.jpg 600w, https:\/\/tomajazz.com\/web\/wp-content\/uploads\/2020\/03\/06_PRS-9-200x134.jpg 200w, https:\/\/tomajazz.com\/web\/wp-content\/uploads\/2020\/03\/06_PRS-9-82x55.jpg 82w, https:\/\/tomajazz.com\/web\/wp-content\/uploads\/2020\/03\/06_PRS-9-60x40.jpg 60w, https:\/\/tomajazz.com\/web\/wp-content\/uploads\/2020\/03\/06_PRS-9-120x80.jpg 120w\" sizes=\"auto, (max-width: 600px) 100vw, 600px\" \/> <img loading=\"lazy\" decoding=\"async\" class=\"aligncenter size-large wp-image-49675\" src=\"https:\/\/tomajazz.com\/web\/wp-content\/uploads\/2020\/03\/07_PRS-5.jpg\" alt=\"\" width=\"600\" height=\"400\" title=\"\" srcset=\"https:\/\/tomajazz.com\/web\/wp-content\/uploads\/2020\/03\/07_PRS-5.jpg 600w, https:\/\/tomajazz.com\/web\/wp-content\/uploads\/2020\/03\/07_PRS-5-200x133.jpg 200w, https:\/\/tomajazz.com\/web\/wp-content\/uploads\/2020\/03\/07_PRS-5-83x55.jpg 83w, https:\/\/tomajazz.com\/web\/wp-content\/uploads\/2020\/03\/07_PRS-5-60x40.jpg 60w, https:\/\/tomajazz.com\/web\/wp-content\/uploads\/2020\/03\/07_PRS-5-120x80.jpg 120w\" sizes=\"auto, (max-width: 600px) 100vw, 600px\" \/> <img loading=\"lazy\" decoding=\"async\" class=\"aligncenter size-large wp-image-49676\" src=\"https:\/\/tomajazz.com\/web\/wp-content\/uploads\/2020\/03\/08_PRS-6.jpg\" alt=\"\" width=\"600\" height=\"400\" title=\"\" srcset=\"https:\/\/tomajazz.com\/web\/wp-content\/uploads\/2020\/03\/08_PRS-6.jpg 600w, https:\/\/tomajazz.com\/web\/wp-content\/uploads\/2020\/03\/08_PRS-6-200x133.jpg 200w, https:\/\/tomajazz.com\/web\/wp-content\/uploads\/2020\/03\/08_PRS-6-83x55.jpg 83w, https:\/\/tomajazz.com\/web\/wp-content\/uploads\/2020\/03\/08_PRS-6-60x40.jpg 60w, https:\/\/tomajazz.com\/web\/wp-content\/uploads\/2020\/03\/08_PRS-6-120x80.jpg 120w\" sizes=\"auto, (max-width: 600px) 100vw, 600px\" \/> <img loading=\"lazy\" decoding=\"async\" class=\"aligncenter size-large wp-image-49677\" src=\"https:\/\/tomajazz.com\/web\/wp-content\/uploads\/2020\/03\/09_PRS-7.jpg\" alt=\"\" width=\"600\" height=\"401\" title=\"\" srcset=\"https:\/\/tomajazz.com\/web\/wp-content\/uploads\/2020\/03\/09_PRS-7.jpg 600w, https:\/\/tomajazz.com\/web\/wp-content\/uploads\/2020\/03\/09_PRS-7-200x134.jpg 200w, https:\/\/tomajazz.com\/web\/wp-content\/uploads\/2020\/03\/09_PRS-7-82x55.jpg 82w, https:\/\/tomajazz.com\/web\/wp-content\/uploads\/2020\/03\/09_PRS-7-60x40.jpg 60w, https:\/\/tomajazz.com\/web\/wp-content\/uploads\/2020\/03\/09_PRS-7-120x80.jpg 120w\" sizes=\"auto, (max-width: 600px) 100vw, 600px\" \/> <img loading=\"lazy\" decoding=\"async\" class=\"aligncenter size-large wp-image-49678\" src=\"https:\/\/tomajazz.com\/web\/wp-content\/uploads\/2020\/03\/10_PRS-10.jpg\" alt=\"\" width=\"600\" height=\"400\" title=\"\" srcset=\"https:\/\/tomajazz.com\/web\/wp-content\/uploads\/2020\/03\/10_PRS-10.jpg 600w, https:\/\/tomajazz.com\/web\/wp-content\/uploads\/2020\/03\/10_PRS-10-200x133.jpg 200w, https:\/\/tomajazz.com\/web\/wp-content\/uploads\/2020\/03\/10_PRS-10-83x55.jpg 83w, https:\/\/tomajazz.com\/web\/wp-content\/uploads\/2020\/03\/10_PRS-10-60x40.jpg 60w, https:\/\/tomajazz.com\/web\/wp-content\/uploads\/2020\/03\/10_PRS-10-120x80.jpg 120w\" sizes=\"auto, (max-width: 600px) 100vw, 600px\" \/><\/p>\n<p style=\"text-align: right;\">Tomajazz: \u00a9\u00a0<a href=\"https:\/\/www.flickr.com\/photos\/fgjazzgz\" target=\"_blank\" rel=\"noopener noreferrer\"><strong>Fabio Galicia<\/strong><\/a>, 2020<\/p>\n","protected":false},"excerpt":{"rendered":"<p>Fabio Galicia retrata el PRS Tr\u00edo en Sabi\u00f1\u00e1nigo, Huesca.<span class=\"more-link\"><a href=\"https:\/\/tomajazz.com\/web\/instantzz-prs-trio-sabinanigo-huesca-galeria-fotografica\/\">Contin\u00faa leyendo<\/a><\/span><\/p>\n","protected":false},"author":1,"featured_media":49673,"comment_status":"open","ping_status":"closed","sticky":false,"template":"","format":"standard","meta":{"jetpack_post_was_ever_published":false,"_jetpack_newsletter_access":"","_jetpack_dont_email_post_to_subs":false,"_jetpack_newsletter_tier_id":0,"_jetpack_memberships_contains_paywalled_content":false,"_jetpack_memberships_contains_paid_content":false,"footnotes":""},"categories":[11262,22655,15516,11261,1038],"tags":[22659,8812,433,24468,24467],"class_list":["entry","author-pachi","has-excerpt","post-49668","post","type-post","status-publish","format-standard","has-post-thumbnail","category-photoblogs","category-_fabio-galicia","category-imagenes","category-instantzz","category-contenidos","tag-fabio-galicia","tag-francis-pose","tag-inaki-salvador","tag-jose-vazquez-roper","tag-prs-trio"],"jetpack_featured_media_url":"https:\/\/tomajazz.com\/web\/wp-content\/uploads\/2020\/03\/05_PRS-2.jpg","jetpack_likes_enabled":true,"jetpack_sharing_enabled":true,"jetpack-related-posts":[{"id":104748,"url":"https:\/\/tomajazz.com\/web\/ivan-lewis-trio-jaca-club-de-jazz-2026\/","url_meta":{"origin":49668,"position":0},"title":"Iv\u00e1n Lewis Tr\u00edo \u201cLuces y sombras\u201d (Ciclo Jaca Club de Jazz 2026. Palacio de Congresos, Jaca. 2026-03-28) Por Fabio Galicia [INSTANTZZ AKA Galer\u00eda fotogr\u00e1fica AKA Fotoblog de jazz, impro\u2026 y algo m\u00e1s]","author":"Tomajazz","date":"6 abril, 2026","format":false,"excerpt":"Iv\u00e1n Lewis Tr\u00edo \u201cLuces y sombras\u201d actu\u00f3 en el Ciclo Jaca Club de Jazz 2026, el 28 de marzo de 2026. Fabio Galicia lo retrata en INSTANTZZ. Actuaron Iv\u00e1n Lewis, Yandy Mart\u00ednez, Georvis Pico","rel":"","context":"En \u00abINSTANTZZ\u00bb","block_context":{"text":"INSTANTZZ","link":"https:\/\/tomajazz.com\/web\/category\/contenidos\/imagenes\/photoblogs\/instantzz\/"},"img":{"alt_text":"Iv\u00e1n Lewis Tr\u00edo \u201cLuces y sombras\u201d (Ciclo Jaca Club de Jazz 2026. Palacio de Congresos, Jaca. 2026-03-28) Por Fabio Galicia [INSTANTZZ AKA Galer\u00eda fotogr\u00e1fica AKA Fotoblog de jazz, impro\u2026 y algo m\u00e1s] - Tomajazz - Iv\u00e1n Lewis Tr\u00edo \u201cLuces y sombras\u201d actu\u00f3 en el Ciclo Jaca Club de Jazz 2026, el 28 de marzo de 2026. Fabio Galicia lo retrata en INSTANTZZ. Actuaron","src":"https:\/\/i0.wp.com\/tomajazz.com\/web\/wp-content\/uploads\/2026\/04\/260328-IVAN-LEWIS-9.jpg?resize=350%2C200&ssl=1","width":350,"height":200,"srcset":"https:\/\/i0.wp.com\/tomajazz.com\/web\/wp-content\/uploads\/2026\/04\/260328-IVAN-LEWIS-9.jpg?resize=350%2C200&ssl=1 1x, https:\/\/i0.wp.com\/tomajazz.com\/web\/wp-content\/uploads\/2026\/04\/260328-IVAN-LEWIS-9.jpg?resize=525%2C300&ssl=1 1.5x, https:\/\/i0.wp.com\/tomajazz.com\/web\/wp-content\/uploads\/2026\/04\/260328-IVAN-LEWIS-9.jpg?resize=700%2C400&ssl=1 2x, https:\/\/i0.wp.com\/tomajazz.com\/web\/wp-content\/uploads\/2026\/04\/260328-IVAN-LEWIS-9.jpg?resize=1050%2C600&ssl=1 3x"},"classes":[]},{"id":104863,"url":"https:\/\/tomajazz.com\/web\/oye-trio-juan-sebastian-bar-huesca-2026\/","url_meta":{"origin":49668,"position":1},"title":"OYE Tr\u00edo (Juan Sebasti\u00e1n Bar, Huesca. 2026-04-09) Por Fabio Galicia [INSTANTZZ AKA Galer\u00eda fotogr\u00e1fica AKA Fotoblog de jazz, impro\u2026 y algo m\u00e1s]","author":"Tomajazz","date":"13 abril, 2026","format":false,"excerpt":"OYE Tr\u00edo actu\u00f3 en Juan Sebasti\u00e1n Bar de Huesca, el 9 de abril de 2026. Fabio Galicia lo retrata en INSTANTZZ. OYE Tr\u00edo son Jason Owens, Juan Pablo Eg\u00fasquiza, Ken Ychicawa","rel":"","context":"En \u00abJuan Sebasti\u00e1n Bar (Huesca)\u00bb","block_context":{"text":"Juan Sebasti\u00e1n Bar (Huesca)","link":"https:\/\/tomajazz.com\/web\/category\/contenidos\/especial-contenidos\/juan-sebastian-bar-huesca\/"},"img":{"alt_text":"OYE Tr\u00edo (Juan Sebasti\u00e1n Bar, Huesca. 2026-04-09) Por Fabio Galicia [INSTANTZZ AKA Galer\u00eda fotogr\u00e1fica AKA Fotoblog de jazz, impro\u2026 y algo m\u00e1s] - Tomajazz - OYE Tr\u00edo actu\u00f3 en Juan Sebasti\u00e1n Bar de Huesca, el 9 de abril de 2026. Fabio Galicia lo retrata en INSTANTZZ. OYE Tr\u00edo son Jason Owens, Juan Pablo Eg\u00fasquiza, Ken Ychicawa","src":"https:\/\/i0.wp.com\/tomajazz.com\/web\/wp-content\/uploads\/2026\/04\/260409-OYE-TRIO-12.jpg?resize=350%2C200&ssl=1","width":350,"height":200,"srcset":"https:\/\/i0.wp.com\/tomajazz.com\/web\/wp-content\/uploads\/2026\/04\/260409-OYE-TRIO-12.jpg?resize=350%2C200&ssl=1 1x, https:\/\/i0.wp.com\/tomajazz.com\/web\/wp-content\/uploads\/2026\/04\/260409-OYE-TRIO-12.jpg?resize=525%2C300&ssl=1 1.5x, https:\/\/i0.wp.com\/tomajazz.com\/web\/wp-content\/uploads\/2026\/04\/260409-OYE-TRIO-12.jpg?resize=700%2C400&ssl=1 2x, https:\/\/i0.wp.com\/tomajazz.com\/web\/wp-content\/uploads\/2026\/04\/260409-OYE-TRIO-12.jpg?resize=1050%2C600&ssl=1 3x"},"classes":[]},{"id":104895,"url":"https:\/\/tomajazz.com\/web\/olga-pericet-jaca-2026\/","url_meta":{"origin":49668,"position":2},"title":"Olga Pericet \u201cBaile Sonoro\u201d (Palacio de Congresos, Jaca. 2026-03-28) Por Fabio Galicia [Flamencuras AKA INSTANTZZ AKA Galer\u00eda fotogr\u00e1fica AKA Fotoblog de jazz, impro\u2026 y algo m\u00e1s]","author":"Tomajazz","date":"15 abril, 2026","format":false,"excerpt":"Olga Pericet \u201cBaile Sonoro\u201d actu\u00f3 en el Palacio de Congresos de Jaca, el 28 de marzo de 2026. Fabio Galicia lo retrata en las Flamencuras de INSTANTZZ. Con Jos\u00e9 Manuel Le\u00f3n, Mercedes Cort\u00e9s, Olga Pericet","rel":"","context":"En \u00abFlamencuras\u00bb","block_context":{"text":"Flamencuras","link":"https:\/\/tomajazz.com\/web\/category\/contenidos\/imagenes\/photoblogs\/flamencuras\/"},"img":{"alt_text":"Olga Pericet \u201cBaile Sonoro\u201d (Palacio de Congresos, Jaca. 2026-03-28) Por Fabio Galicia [Flamencuras AKA INSTANTZZ AKA Galer\u00eda fotogr\u00e1fica AKA Fotoblog de jazz, impro\u2026 y algo m\u00e1s] - Tomajazz - Olga Pericet \u201cBaile Sonoro\u201d actu\u00f3 en el Palacio de Congresos de Jaca, el 28 de marzo de 2026. Fabio Galicia lo retrata en las Flamencuras de INSTANTZZ. Con Jos\u00e9 Manuel Le\u00f3n, Mercedes Cort\u00e9s, Olga Pericet\n","src":"https:\/\/i0.wp.com\/tomajazz.com\/web\/wp-content\/uploads\/2026\/04\/Olga-Pericet-29.jpg?resize=350%2C200&ssl=1","width":350,"height":200,"srcset":"https:\/\/i0.wp.com\/tomajazz.com\/web\/wp-content\/uploads\/2026\/04\/Olga-Pericet-29.jpg?resize=350%2C200&ssl=1 1x, https:\/\/i0.wp.com\/tomajazz.com\/web\/wp-content\/uploads\/2026\/04\/Olga-Pericet-29.jpg?resize=525%2C300&ssl=1 1.5x, https:\/\/i0.wp.com\/tomajazz.com\/web\/wp-content\/uploads\/2026\/04\/Olga-Pericet-29.jpg?resize=700%2C400&ssl=1 2x, https:\/\/i0.wp.com\/tomajazz.com\/web\/wp-content\/uploads\/2026\/04\/Olga-Pericet-29.jpg?resize=1050%2C600&ssl=1 3x"},"classes":[]},{"id":100690,"url":"https:\/\/tomajazz.com\/web\/belen-bandera-jaume-llombart-juanse-huesca-2025\/","url_meta":{"origin":49668,"position":3},"title":"Bel\u00e9n Bandera &#8211; Jaume Llombart (Juan Sebasti\u00e1n Bar, Huesca. 2025-10-16) Por Fabio Galicia [INSTANTZZ AKA Galer\u00eda fotogr\u00e1fica AKA Fotoblog de jazz, impro\u2026 y algo m\u00e1s]","author":"Tomajazz","date":"19 octubre, 2025","format":false,"excerpt":"Bel\u00e9n Bandera - Jaume Llombart actuaron en el Juan Sebasti\u00e1n Bar de Huesca el 16 de octubre de 2025. Fabio Galicia retrata el concierto en INSTANTZZ","rel":"","context":"En \u00abJuan Sebasti\u00e1n Bar (Huesca)\u00bb","block_context":{"text":"Juan Sebasti\u00e1n Bar (Huesca)","link":"https:\/\/tomajazz.com\/web\/category\/contenidos\/especial-contenidos\/juan-sebastian-bar-huesca\/"},"img":{"alt_text":"Bel\u00e9n Bandera - Jaume Llombart (Juan Sebasti\u00e1n Bar, Huesca. 2025-10-16) Por Fabio Galicia [INSTANTZZ AKA Galer\u00eda fotogr\u00e1fica AKA Fotoblog de jazz, impro\u2026 y algo m\u00e1s] - Tomajazz - Bel\u00e9n Bandera - Jaume Llombart actuaron e(Juan Sebasti\u00e1n Bar, Huesca. 2025-10-16) Por Fabio Galicia [INSTANTZZ","src":"https:\/\/i0.wp.com\/tomajazz.com\/web\/wp-content\/uploads\/2025\/10\/251016-BELEN-PORTELA-JAUME-LLOMBART-5.jpg?resize=350%2C200&ssl=1","width":350,"height":200,"srcset":"https:\/\/i0.wp.com\/tomajazz.com\/web\/wp-content\/uploads\/2025\/10\/251016-BELEN-PORTELA-JAUME-LLOMBART-5.jpg?resize=350%2C200&ssl=1 1x, https:\/\/i0.wp.com\/tomajazz.com\/web\/wp-content\/uploads\/2025\/10\/251016-BELEN-PORTELA-JAUME-LLOMBART-5.jpg?resize=525%2C300&ssl=1 1.5x, https:\/\/i0.wp.com\/tomajazz.com\/web\/wp-content\/uploads\/2025\/10\/251016-BELEN-PORTELA-JAUME-LLOMBART-5.jpg?resize=700%2C400&ssl=1 2x, https:\/\/i0.wp.com\/tomajazz.com\/web\/wp-content\/uploads\/2025\/10\/251016-BELEN-PORTELA-JAUME-LLOMBART-5.jpg?resize=1050%2C600&ssl=1 3x"},"classes":[]},{"id":104681,"url":"https:\/\/tomajazz.com\/web\/abe-rabade-jaca-club-de-jazz-2026\/","url_meta":{"origin":49668,"position":4},"title":"Abe R\u00e1bade (Ciclo Jaca Club de Jazz 2026. Palacio de Congresos, Jaca. 2026-03-21) Por Fabio Galicia [INSTANTZZ AKA Galer\u00eda fotogr\u00e1fica AKA Fotoblog de jazz, impro\u2026 y algo m\u00e1s]","author":"Tomajazz","date":"3 abril, 2026","format":false,"excerpt":"Abe R\u00e1bade actu\u00f3 en el Ciclo Jaca Club de Jazz 2026, el 21 de marzo de 2026. Fabio Galicia lo retrata en INSTANTZZ. Actuaron Abe R\u00e1bade y Ariel Br\u00ednguez","rel":"","context":"En \u00abINSTANTZZ\u00bb","block_context":{"text":"INSTANTZZ","link":"https:\/\/tomajazz.com\/web\/category\/contenidos\/imagenes\/photoblogs\/instantzz\/"},"img":{"alt_text":"Abe R\u00e1bade (Ciclo Jaca Club de Jazz 2026. Palacio de Congresos, Jaca. 2026-03-21) Por Fabio Galicia [INSTANTZZ AKA Galer\u00eda fotogr\u00e1fica AKA Fotoblog de jazz, impro\u2026 y algo m\u00e1s] - Tomajazz - Abe R\u00e1bade actu\u00f3 en el Ciclo Jaca Club de Jazz 2026, el 21 de marzo de 2026. Fabio Galicia lo retrata en INSTANTZZ. Actuaron Abe R\u00e1bade y Ariel Br\u00ednguez","src":"https:\/\/i0.wp.com\/tomajazz.com\/web\/wp-content\/uploads\/2026\/04\/2603021-ABE-RABADE-12.jpg?resize=350%2C200&ssl=1","width":350,"height":200,"srcset":"https:\/\/i0.wp.com\/tomajazz.com\/web\/wp-content\/uploads\/2026\/04\/2603021-ABE-RABADE-12.jpg?resize=350%2C200&ssl=1 1x, https:\/\/i0.wp.com\/tomajazz.com\/web\/wp-content\/uploads\/2026\/04\/2603021-ABE-RABADE-12.jpg?resize=525%2C300&ssl=1 1.5x, https:\/\/i0.wp.com\/tomajazz.com\/web\/wp-content\/uploads\/2026\/04\/2603021-ABE-RABADE-12.jpg?resize=700%2C400&ssl=1 2x, https:\/\/i0.wp.com\/tomajazz.com\/web\/wp-content\/uploads\/2026\/04\/2603021-ABE-RABADE-12.jpg?resize=1050%2C600&ssl=1 3x"},"classes":[]},{"id":101587,"url":"https:\/\/tomajazz.com\/web\/pocket-corner-juan-sebastian-bar-2025\/","url_meta":{"origin":49668,"position":5},"title":"Pocket Corner \u00abFree Keys\u00bb (Juan Sebasti\u00e1n Bar, Huesca. 2025-11-06) Por Fabio Galicia [INSTANTZZ AKA Galer\u00eda fotogr\u00e1fica AKA Fotoblog de jazz, impro\u2026 y algo m\u00e1s]","author":"Tomajazz","date":"9 noviembre, 2025","format":false,"excerpt":"Pocket Corner actuaron en Juan Sebasti\u00e1n Bar de Huesca, el 6 de noviembre de 2025. Fabio Galicia lo retrata en INSTANTZZ. Actuaron Didrik Ingvaldsen, Glenn B. Henriksen, Kjetil Jerve, St\u00e5le Birkeland","rel":"","context":"En \u00abJuan Sebasti\u00e1n Bar (Huesca)\u00bb","block_context":{"text":"Juan Sebasti\u00e1n Bar (Huesca)","link":"https:\/\/tomajazz.com\/web\/category\/contenidos\/especial-contenidos\/juan-sebastian-bar-huesca\/"},"img":{"alt_text":"Pocket Corner \"Free Keys\" (Juan Sebasti\u00e1n Bar, Huesca. 2025-11-06) Por Fabio Galicia [INSTANTZZ AKA Galer\u00eda fotogr\u00e1fica AKA Fotoblog de jazz, impro\u2026 y algo m\u00e1s] - Tomajazz - Pocket Corner actuaron en Juan Sebasti\u00e1n Bar de Huesca, el 6 de noviembre de 2025. Fabio Galicia lo retrata en INSTANTZZ. Actuaron","src":"https:\/\/i0.wp.com\/tomajazz.com\/web\/wp-content\/uploads\/2025\/11\/Pocket-Corner-12.jpg?resize=350%2C200&ssl=1","width":350,"height":200,"srcset":"https:\/\/i0.wp.com\/tomajazz.com\/web\/wp-content\/uploads\/2025\/11\/Pocket-Corner-12.jpg?resize=350%2C200&ssl=1 1x, https:\/\/i0.wp.com\/tomajazz.com\/web\/wp-content\/uploads\/2025\/11\/Pocket-Corner-12.jpg?resize=525%2C300&ssl=1 1.5x, https:\/\/i0.wp.com\/tomajazz.com\/web\/wp-content\/uploads\/2025\/11\/Pocket-Corner-12.jpg?resize=700%2C400&ssl=1 2x, https:\/\/i0.wp.com\/tomajazz.com\/web\/wp-content\/uploads\/2025\/11\/Pocket-Corner-12.jpg?resize=1050%2C600&ssl=1 3x"},"classes":[]}],"_links":{"self":[{"href":"https:\/\/tomajazz.com\/web\/wp-json\/wp\/v2\/posts\/49668","targetHints":{"allow":["GET"]}}],"collection":[{"href":"https:\/\/tomajazz.com\/web\/wp-json\/wp\/v2\/posts"}],"about":[{"href":"https:\/\/tomajazz.com\/web\/wp-json\/wp\/v2\/types\/post"}],"author":[{"embeddable":true,"href":"https:\/\/tomajazz.com\/web\/wp-json\/wp\/v2\/users\/1"}],"replies":[{"embeddable":true,"href":"https:\/\/tomajazz.com\/web\/wp-json\/wp\/v2\/comments?post=49668"}],"version-history":[{"count":3,"href":"https:\/\/tomajazz.com\/web\/wp-json\/wp\/v2\/posts\/49668\/revisions"}],"predecessor-version":[{"id":49713,"href":"https:\/\/tomajazz.com\/web\/wp-json\/wp\/v2\/posts\/49668\/revisions\/49713"}],"wp:featuredmedia":[{"embeddable":true,"href":"https:\/\/tomajazz.com\/web\/wp-json\/wp\/v2\/media\/49673"}],"wp:attachment":[{"href":"https:\/\/tomajazz.com\/web\/wp-json\/wp\/v2\/media?parent=49668"}],"wp:term":[{"taxonomy":"category","embeddable":true,"href":"https:\/\/tomajazz.com\/web\/wp-json\/wp\/v2\/categories?post=49668"},{"taxonomy":"post_tag","embeddable":true,"href":"https:\/\/tomajazz.com\/web\/wp-json\/wp\/v2\/tags?post=49668"}],"curies":[{"name":"wp","href":"https:\/\/api.w.org\/{rel}","templated":true}]}}