{"id":49721,"date":"2020-03-16T13:00:59","date_gmt":"2020-03-16T12:00:59","guid":{"rendered":"https:\/\/www.tomajazz.com\/web\/?p=49721"},"modified":"2020-03-15T22:26:08","modified_gmt":"2020-03-15T21:26:08","slug":"instantzz-kora-jazz-trio-jazz-palma-festival-2020-galeria-fotografica-yomequedoencasa-istayathome","status":"publish","type":"post","link":"https:\/\/tomajazz.com\/web\/instantzz-kora-jazz-trio-jazz-palma-festival-2020-galeria-fotografica-yomequedoencasa-istayathome\/","title":{"rendered":"INSTANTZZ: Kora Jazz Trio (Jazz Palma Festival 2020) [Galer\u00eda fotogr\u00e1fica] #YoMeQuedoEnCasa \/ #IStayAtHome"},"content":{"rendered":"<p>Por\u00a0<strong>Jos\u00e9 Luis Luna Rocafort<\/strong>.<\/p>\n<ul>\n<li>Fecha: Jueves, 20 de febrero de 2020. 20:00h.<\/li>\n<li>Lugar: Teatre Xesc Forteza. Palma de Mallorca<\/li>\n<li>Jazz Palma Festival 2020<\/li>\n<li>Grupo:<br \/>\n<b>Kora Jazz Tr\u00edo<br \/>\n<\/b>Abdoulaye Diabat\u00e9: piano<br \/>\nCherif Soumano: kora<br \/>\nMoussa Sissokho: percusi\u00f3n<br \/>\nM\u00fasico invitado:<br \/>\nSeydo\u00a0Sissokho: percusi\u00f3n<\/li>\n<\/ul>\n<p style=\"text-align: center;\"><img loading=\"lazy\" decoding=\"async\" class=\"aligncenter size-full wp-image-49722\" src=\"https:\/\/tomajazz.com\/web\/wp-content\/uploads\/2020\/03\/001-6.jpg\" alt=\"\" width=\"600\" height=\"400\" title=\"\" srcset=\"https:\/\/tomajazz.com\/web\/wp-content\/uploads\/2020\/03\/001-6.jpg 600w, https:\/\/tomajazz.com\/web\/wp-content\/uploads\/2020\/03\/001-6-200x133.jpg 200w, https:\/\/tomajazz.com\/web\/wp-content\/uploads\/2020\/03\/001-6-83x55.jpg 83w, https:\/\/tomajazz.com\/web\/wp-content\/uploads\/2020\/03\/001-6-60x40.jpg 60w, https:\/\/tomajazz.com\/web\/wp-content\/uploads\/2020\/03\/001-6-120x80.jpg 120w\" sizes=\"auto, (max-width: 600px) 100vw, 600px\" \/> <img loading=\"lazy\" decoding=\"async\" class=\"aligncenter size-large wp-image-49723\" src=\"https:\/\/tomajazz.com\/web\/wp-content\/uploads\/2020\/03\/002-6.jpg\" alt=\"\" width=\"600\" height=\"400\" title=\"\" srcset=\"https:\/\/tomajazz.com\/web\/wp-content\/uploads\/2020\/03\/002-6.jpg 600w, https:\/\/tomajazz.com\/web\/wp-content\/uploads\/2020\/03\/002-6-200x133.jpg 200w, https:\/\/tomajazz.com\/web\/wp-content\/uploads\/2020\/03\/002-6-83x55.jpg 83w, https:\/\/tomajazz.com\/web\/wp-content\/uploads\/2020\/03\/002-6-60x40.jpg 60w, https:\/\/tomajazz.com\/web\/wp-content\/uploads\/2020\/03\/002-6-120x80.jpg 120w\" sizes=\"auto, (max-width: 600px) 100vw, 600px\" \/> <img loading=\"lazy\" decoding=\"async\" class=\"aligncenter size-large wp-image-49724\" src=\"https:\/\/tomajazz.com\/web\/wp-content\/uploads\/2020\/03\/003-6.jpg\" alt=\"\" width=\"600\" height=\"400\" title=\"\" srcset=\"https:\/\/tomajazz.com\/web\/wp-content\/uploads\/2020\/03\/003-6.jpg 600w, https:\/\/tomajazz.com\/web\/wp-content\/uploads\/2020\/03\/003-6-200x133.jpg 200w, https:\/\/tomajazz.com\/web\/wp-content\/uploads\/2020\/03\/003-6-83x55.jpg 83w, https:\/\/tomajazz.com\/web\/wp-content\/uploads\/2020\/03\/003-6-60x40.jpg 60w, https:\/\/tomajazz.com\/web\/wp-content\/uploads\/2020\/03\/003-6-120x80.jpg 120w\" sizes=\"auto, (max-width: 600px) 100vw, 600px\" \/> <img loading=\"lazy\" decoding=\"async\" class=\"aligncenter size-large wp-image-49725\" src=\"https:\/\/tomajazz.com\/web\/wp-content\/uploads\/2020\/03\/004-6.jpg\" alt=\"\" width=\"600\" height=\"400\" title=\"\" srcset=\"https:\/\/tomajazz.com\/web\/wp-content\/uploads\/2020\/03\/004-6.jpg 600w, https:\/\/tomajazz.com\/web\/wp-content\/uploads\/2020\/03\/004-6-200x133.jpg 200w, https:\/\/tomajazz.com\/web\/wp-content\/uploads\/2020\/03\/004-6-83x55.jpg 83w, https:\/\/tomajazz.com\/web\/wp-content\/uploads\/2020\/03\/004-6-60x40.jpg 60w, https:\/\/tomajazz.com\/web\/wp-content\/uploads\/2020\/03\/004-6-120x80.jpg 120w\" sizes=\"auto, (max-width: 600px) 100vw, 600px\" \/> <img loading=\"lazy\" decoding=\"async\" class=\"aligncenter size-large wp-image-49726\" src=\"https:\/\/tomajazz.com\/web\/wp-content\/uploads\/2020\/03\/005-6.jpg\" alt=\"\" width=\"600\" height=\"400\" title=\"\" srcset=\"https:\/\/tomajazz.com\/web\/wp-content\/uploads\/2020\/03\/005-6.jpg 600w, https:\/\/tomajazz.com\/web\/wp-content\/uploads\/2020\/03\/005-6-200x133.jpg 200w, https:\/\/tomajazz.com\/web\/wp-content\/uploads\/2020\/03\/005-6-83x55.jpg 83w, https:\/\/tomajazz.com\/web\/wp-content\/uploads\/2020\/03\/005-6-60x40.jpg 60w, https:\/\/tomajazz.com\/web\/wp-content\/uploads\/2020\/03\/005-6-120x80.jpg 120w\" sizes=\"auto, (max-width: 600px) 100vw, 600px\" \/> <img loading=\"lazy\" decoding=\"async\" class=\"aligncenter size-large wp-image-49727\" src=\"https:\/\/tomajazz.com\/web\/wp-content\/uploads\/2020\/03\/006-6.jpg\" alt=\"\" width=\"600\" height=\"400\" title=\"\" srcset=\"https:\/\/tomajazz.com\/web\/wp-content\/uploads\/2020\/03\/006-6.jpg 600w, https:\/\/tomajazz.com\/web\/wp-content\/uploads\/2020\/03\/006-6-200x133.jpg 200w, https:\/\/tomajazz.com\/web\/wp-content\/uploads\/2020\/03\/006-6-83x55.jpg 83w, https:\/\/tomajazz.com\/web\/wp-content\/uploads\/2020\/03\/006-6-60x40.jpg 60w, https:\/\/tomajazz.com\/web\/wp-content\/uploads\/2020\/03\/006-6-120x80.jpg 120w\" sizes=\"auto, (max-width: 600px) 100vw, 600px\" \/> <img loading=\"lazy\" decoding=\"async\" class=\"aligncenter size-large wp-image-49728\" src=\"https:\/\/tomajazz.com\/web\/wp-content\/uploads\/2020\/03\/007-6.jpg\" alt=\"\" width=\"600\" height=\"400\" title=\"\" srcset=\"https:\/\/tomajazz.com\/web\/wp-content\/uploads\/2020\/03\/007-6.jpg 600w, https:\/\/tomajazz.com\/web\/wp-content\/uploads\/2020\/03\/007-6-200x133.jpg 200w, https:\/\/tomajazz.com\/web\/wp-content\/uploads\/2020\/03\/007-6-83x55.jpg 83w, https:\/\/tomajazz.com\/web\/wp-content\/uploads\/2020\/03\/007-6-60x40.jpg 60w, https:\/\/tomajazz.com\/web\/wp-content\/uploads\/2020\/03\/007-6-120x80.jpg 120w\" sizes=\"auto, (max-width: 600px) 100vw, 600px\" \/> <img loading=\"lazy\" decoding=\"async\" class=\"aligncenter size-large wp-image-49729\" src=\"https:\/\/tomajazz.com\/web\/wp-content\/uploads\/2020\/03\/008-6.jpg\" alt=\"\" width=\"600\" height=\"400\" title=\"\" srcset=\"https:\/\/tomajazz.com\/web\/wp-content\/uploads\/2020\/03\/008-6.jpg 600w, https:\/\/tomajazz.com\/web\/wp-content\/uploads\/2020\/03\/008-6-200x133.jpg 200w, https:\/\/tomajazz.com\/web\/wp-content\/uploads\/2020\/03\/008-6-83x55.jpg 83w, https:\/\/tomajazz.com\/web\/wp-content\/uploads\/2020\/03\/008-6-60x40.jpg 60w, https:\/\/tomajazz.com\/web\/wp-content\/uploads\/2020\/03\/008-6-120x80.jpg 120w\" sizes=\"auto, (max-width: 600px) 100vw, 600px\" \/> <img loading=\"lazy\" decoding=\"async\" class=\"aligncenter size-large wp-image-49730\" src=\"https:\/\/tomajazz.com\/web\/wp-content\/uploads\/2020\/03\/009-6.jpg\" alt=\"\" width=\"600\" height=\"400\" title=\"\" srcset=\"https:\/\/tomajazz.com\/web\/wp-content\/uploads\/2020\/03\/009-6.jpg 600w, https:\/\/tomajazz.com\/web\/wp-content\/uploads\/2020\/03\/009-6-200x133.jpg 200w, https:\/\/tomajazz.com\/web\/wp-content\/uploads\/2020\/03\/009-6-83x55.jpg 83w, https:\/\/tomajazz.com\/web\/wp-content\/uploads\/2020\/03\/009-6-60x40.jpg 60w, https:\/\/tomajazz.com\/web\/wp-content\/uploads\/2020\/03\/009-6-120x80.jpg 120w\" sizes=\"auto, (max-width: 600px) 100vw, 600px\" \/> <img loading=\"lazy\" decoding=\"async\" class=\"aligncenter size-large wp-image-49731\" src=\"https:\/\/tomajazz.com\/web\/wp-content\/uploads\/2020\/03\/010-6.jpg\" alt=\"\" width=\"600\" height=\"400\" title=\"\" srcset=\"https:\/\/tomajazz.com\/web\/wp-content\/uploads\/2020\/03\/010-6.jpg 600w, https:\/\/tomajazz.com\/web\/wp-content\/uploads\/2020\/03\/010-6-200x133.jpg 200w, https:\/\/tomajazz.com\/web\/wp-content\/uploads\/2020\/03\/010-6-83x55.jpg 83w, https:\/\/tomajazz.com\/web\/wp-content\/uploads\/2020\/03\/010-6-60x40.jpg 60w, https:\/\/tomajazz.com\/web\/wp-content\/uploads\/2020\/03\/010-6-120x80.jpg 120w\" sizes=\"auto, (max-width: 600px) 100vw, 600px\" \/> <img loading=\"lazy\" decoding=\"async\" class=\"aligncenter size-large wp-image-49732\" src=\"https:\/\/tomajazz.com\/web\/wp-content\/uploads\/2020\/03\/011-6.jpg\" alt=\"\" width=\"600\" height=\"400\" title=\"\" srcset=\"https:\/\/tomajazz.com\/web\/wp-content\/uploads\/2020\/03\/011-6.jpg 600w, https:\/\/tomajazz.com\/web\/wp-content\/uploads\/2020\/03\/011-6-200x133.jpg 200w, https:\/\/tomajazz.com\/web\/wp-content\/uploads\/2020\/03\/011-6-83x55.jpg 83w, https:\/\/tomajazz.com\/web\/wp-content\/uploads\/2020\/03\/011-6-60x40.jpg 60w, https:\/\/tomajazz.com\/web\/wp-content\/uploads\/2020\/03\/011-6-120x80.jpg 120w\" sizes=\"auto, (max-width: 600px) 100vw, 600px\" \/> <img loading=\"lazy\" decoding=\"async\" class=\"aligncenter size-large wp-image-49733\" src=\"https:\/\/tomajazz.com\/web\/wp-content\/uploads\/2020\/03\/012-6.jpg\" alt=\"\" width=\"600\" height=\"400\" title=\"\" srcset=\"https:\/\/tomajazz.com\/web\/wp-content\/uploads\/2020\/03\/012-6.jpg 600w, https:\/\/tomajazz.com\/web\/wp-content\/uploads\/2020\/03\/012-6-200x133.jpg 200w, https:\/\/tomajazz.com\/web\/wp-content\/uploads\/2020\/03\/012-6-83x55.jpg 83w, https:\/\/tomajazz.com\/web\/wp-content\/uploads\/2020\/03\/012-6-60x40.jpg 60w, https:\/\/tomajazz.com\/web\/wp-content\/uploads\/2020\/03\/012-6-120x80.jpg 120w\" sizes=\"auto, (max-width: 600px) 100vw, 600px\" \/> <img loading=\"lazy\" decoding=\"async\" class=\"aligncenter size-large wp-image-49734\" src=\"https:\/\/tomajazz.com\/web\/wp-content\/uploads\/2020\/03\/013-6.jpg\" alt=\"\" width=\"600\" height=\"400\" title=\"\" srcset=\"https:\/\/tomajazz.com\/web\/wp-content\/uploads\/2020\/03\/013-6.jpg 600w, https:\/\/tomajazz.com\/web\/wp-content\/uploads\/2020\/03\/013-6-200x133.jpg 200w, https:\/\/tomajazz.com\/web\/wp-content\/uploads\/2020\/03\/013-6-83x55.jpg 83w, https:\/\/tomajazz.com\/web\/wp-content\/uploads\/2020\/03\/013-6-60x40.jpg 60w, https:\/\/tomajazz.com\/web\/wp-content\/uploads\/2020\/03\/013-6-120x80.jpg 120w\" sizes=\"auto, (max-width: 600px) 100vw, 600px\" \/> <img loading=\"lazy\" decoding=\"async\" class=\"aligncenter size-large wp-image-49735\" src=\"https:\/\/tomajazz.com\/web\/wp-content\/uploads\/2020\/03\/014-6.jpg\" alt=\"\" width=\"600\" height=\"400\" title=\"\" srcset=\"https:\/\/tomajazz.com\/web\/wp-content\/uploads\/2020\/03\/014-6.jpg 600w, https:\/\/tomajazz.com\/web\/wp-content\/uploads\/2020\/03\/014-6-200x133.jpg 200w, https:\/\/tomajazz.com\/web\/wp-content\/uploads\/2020\/03\/014-6-83x55.jpg 83w, https:\/\/tomajazz.com\/web\/wp-content\/uploads\/2020\/03\/014-6-60x40.jpg 60w, https:\/\/tomajazz.com\/web\/wp-content\/uploads\/2020\/03\/014-6-120x80.jpg 120w\" sizes=\"auto, (max-width: 600px) 100vw, 600px\" \/> <img loading=\"lazy\" decoding=\"async\" class=\"aligncenter size-large wp-image-49736\" src=\"https:\/\/tomajazz.com\/web\/wp-content\/uploads\/2020\/03\/015-6.jpg\" alt=\"\" width=\"600\" height=\"400\" title=\"\" srcset=\"https:\/\/tomajazz.com\/web\/wp-content\/uploads\/2020\/03\/015-6.jpg 600w, https:\/\/tomajazz.com\/web\/wp-content\/uploads\/2020\/03\/015-6-200x133.jpg 200w, https:\/\/tomajazz.com\/web\/wp-content\/uploads\/2020\/03\/015-6-83x55.jpg 83w, https:\/\/tomajazz.com\/web\/wp-content\/uploads\/2020\/03\/015-6-60x40.jpg 60w, https:\/\/tomajazz.com\/web\/wp-content\/uploads\/2020\/03\/015-6-120x80.jpg 120w\" sizes=\"auto, (max-width: 600px) 100vw, 600px\" \/> <img loading=\"lazy\" decoding=\"async\" class=\"aligncenter size-large wp-image-49737\" src=\"https:\/\/tomajazz.com\/web\/wp-content\/uploads\/2020\/03\/016-4.jpg\" alt=\"\" width=\"600\" height=\"400\" title=\"\" srcset=\"https:\/\/tomajazz.com\/web\/wp-content\/uploads\/2020\/03\/016-4.jpg 600w, https:\/\/tomajazz.com\/web\/wp-content\/uploads\/2020\/03\/016-4-200x133.jpg 200w, https:\/\/tomajazz.com\/web\/wp-content\/uploads\/2020\/03\/016-4-83x55.jpg 83w, https:\/\/tomajazz.com\/web\/wp-content\/uploads\/2020\/03\/016-4-60x40.jpg 60w, https:\/\/tomajazz.com\/web\/wp-content\/uploads\/2020\/03\/016-4-120x80.jpg 120w\" sizes=\"auto, (max-width: 600px) 100vw, 600px\" \/><\/p>\n<p style=\"text-align: right;\">Tomajazz:\u00a0\u00a9\u00a0<strong>Jos\u00e9 Luis Luna Rocafort<\/strong>, 2020<\/p>\n","protected":false},"excerpt":{"rendered":"<p>Jos\u00e9 Luis Luna Rocafort trae a INSTANTZZ una galer\u00eda fotogr\u00e1fica con la actuaci\u00f3n de Kora Jazz Trio en el Jazz Palma Festival 2020. Y recuerda&#8230; #YoMeQuedoEnCasa \/ #IStayAtHome<span class=\"more-link\"><a href=\"https:\/\/tomajazz.com\/web\/instantzz-kora-jazz-trio-jazz-palma-festival-2020-galeria-fotografica-yomequedoencasa-istayathome\/\">Contin\u00faa leyendo<\/a><\/span><\/p>\n","protected":false},"author":1,"featured_media":49738,"comment_status":"open","ping_status":"closed","sticky":false,"template":"","format":"standard","meta":{"jetpack_post_was_ever_published":false,"_jetpack_newsletter_access":"","_jetpack_dont_email_post_to_subs":false,"_jetpack_newsletter_tier_id":0,"_jetpack_memberships_contains_paywalled_content":false,"_jetpack_memberships_contains_paid_content":false,"footnotes":""},"categories":[11262,17846,15516,11261,1038],"tags":[24479,24480,10088,24478,24481,24482],"class_list":["entry","author-pachi","has-excerpt","post-49721","post","type-post","status-publish","format-standard","has-post-thumbnail","category-photoblogs","category-jose-luis-luna-rocafort","category-imagenes","category-instantzz","category-contenidos","tag-abdoulaye-diabate","tag-cherif-soumano","tag-jose-luis-luna-rocafort","tag-kora-jazz-trio","tag-moussa-sissokho","tag-seydo-sissokho"],"jetpack_featured_media_url":"https:\/\/tomajazz.com\/web\/wp-content\/uploads\/2020\/03\/000-portada.jpg","jetpack_likes_enabled":true,"jetpack_sharing_enabled":true,"jetpack-related-posts":[{"id":100882,"url":"https:\/\/tomajazz.com\/web\/giulia-valle-trio-jazz-palma-festival-2025\/","url_meta":{"origin":49721,"position":0},"title":"Giulia Valle Tr\u00edo (Jazz Palma Festival 2025. Castell de Bellver. Palma. 2025-08-21) Por Jos\u00e9 Luis Luna Rocafort [INSTANTZZ AKA Galer\u00eda fotogr\u00e1fica AKA Fotoblog de jazz, impro\u2026 y algo m\u00e1s]","author":"Tomajazz","date":"23 octubre, 2025","format":false,"excerpt":"Giulia Valle Tr\u00edo (actu\u00f3 en el Jazz Palma Festival 2025 en el Castell de Bellver el 21 de agosto de 2025. Jos\u00e9 Luis Luna Rocafort la retrata en INSTANTZZ. Actuaron Giulia Valle, Tom\u00e1s Amat, Adri\u00e0 Caramunt","rel":"","context":"En \u00abINSTANTZZ\u00bb","block_context":{"text":"INSTANTZZ","link":"https:\/\/tomajazz.com\/web\/category\/contenidos\/imagenes\/photoblogs\/instantzz\/"},"img":{"alt_text":"Giulia Valle Tr\u00edo (Jazz Palma Festival 2025. Castell de Bellver. Palma. 2025-08-21) Por Jos\u00e9 Luis Luna Rocafort [INSTANTZZ AKA Galer\u00eda fotogr\u00e1fica AKA Fotoblog de jazz, impro\u2026 y algo m\u00e1s] - Tomajazz - Giulia Valle Tr\u00edo (actu\u00f3 en el Jazz Palma Festival 2025 en el Castell de Bellver el 21 de agosto de 2025. Jos\u00e9 Luis Luna Rocafort la retrata en INSTANTZZ. Actuaron","src":"https:\/\/i0.wp.com\/tomajazz.com\/web\/wp-content\/uploads\/2025\/10\/016-13.jpg?resize=350%2C200&ssl=1","width":350,"height":200,"srcset":"https:\/\/i0.wp.com\/tomajazz.com\/web\/wp-content\/uploads\/2025\/10\/016-13.jpg?resize=350%2C200&ssl=1 1x, https:\/\/i0.wp.com\/tomajazz.com\/web\/wp-content\/uploads\/2025\/10\/016-13.jpg?resize=525%2C300&ssl=1 1.5x"},"classes":[]},{"id":103450,"url":"https:\/\/tomajazz.com\/web\/richard-galliano-alternatilla-2025\/","url_meta":{"origin":49721,"position":1},"title":"Richard Galliano \u00abNew Viaggio Trio\u00bb (9\u00ba Alternatilla Jazz Festival 2025. Conservatori Superior de M\u00fasica de les Illes Balears. Palma. 2025-12-07) Por Jos\u00e9 Luis Luna Rocafort [INSTANTZZ AKA Galer\u00eda fotogr\u00e1fica AKA Fotoblog de jazz, impro\u2026 y algo m\u00e1s]","author":"Tomajazz","date":"16 enero, 2026","format":false,"excerpt":"Richard Galliano \"New Viaggio Trio\" actu\u00f3 en el 9\u00ba Alternatilla Jazz Festival, en CSM de les Illes Balears en Palma, el 7 de diciembre de 2025. Jos\u00e9 Luis Luna Rocafort lo retrata en INSTANTZZ. Actuaron Richard Galliano, Adrien Moignard, Philippe Aerts","rel":"","context":"En \u00ab9\u00ba Alternatilla Jazz Festival 2025\u00bb","block_context":{"text":"9\u00ba Alternatilla Jazz Festival 2025","link":"https:\/\/tomajazz.com\/web\/category\/contenidos\/especial-contenidos\/9o-alternatilla-jazz-festival-2025\/"},"img":{"alt_text":"Richard Galliano \"New Viaggio Trio\" (9\u00ba Alternatilla Jazz Festival 2025. Conservatori Superior de M\u00fasica de les Illes Balears. Palma. 2025-12-07) Por Jos\u00e9 Luis Luna Rocafort [INSTANTZZ AKA Galer\u00eda fotogr\u00e1fica AKA Fotoblog de jazz, impro\u2026 y algo m\u00e1s] - Tomajazz - Richard Galliano \"New Viaggio Trio\" actu\u00f3 en el 9\u00ba Alternatilla Jazz Festival, en CSM de les Illes Balears en Palma, el 7 de diciembre de 2025. Jos\u00e9 Luis Luna Rocafort lo retrata en INSTANTZZ. Actuaron Richard Galliano, Adrien Moignard, Philippe Aerts","src":"https:\/\/i0.wp.com\/tomajazz.com\/web\/wp-content\/uploads\/2026\/01\/020-1.jpg?resize=350%2C200&ssl=1","width":350,"height":200,"srcset":"https:\/\/i0.wp.com\/tomajazz.com\/web\/wp-content\/uploads\/2026\/01\/020-1.jpg?resize=350%2C200&ssl=1 1x, https:\/\/i0.wp.com\/tomajazz.com\/web\/wp-content\/uploads\/2026\/01\/020-1.jpg?resize=525%2C300&ssl=1 1.5x"},"classes":[]},{"id":104605,"url":"https:\/\/tomajazz.com\/web\/paquito-drivera-trio-palma-2026\/","url_meta":{"origin":49721,"position":2},"title":"Paquito D&#8217;Rivera Tr\u00edo (Auditorium de Palma. 2026-03-20) Por Jos\u00e9 Luis Luna Rocafort [INSTANTZZ AKA Galer\u00eda fotogr\u00e1fica AKA Fotoblog de jazz, impro\u2026 y algo m\u00e1s]","author":"Tomajazz","date":"27 marzo, 2026","format":false,"excerpt":"Paquito D'Rivera Tr\u00edo actu\u00f3 en el Auditorium de Palma el 20 de marzo de 2026. Jos\u00e9 Luis Luna Rocafort lo retrata en INSTANTZZ. Con Paquito D'Rivera, Pepe Rivero, Sebasti\u00e1n Laverde, \u00c1ngela Cervantes","rel":"","context":"En \u00abINSTANTZZ\u00bb","block_context":{"text":"INSTANTZZ","link":"https:\/\/tomajazz.com\/web\/category\/contenidos\/imagenes\/photoblogs\/instantzz\/"},"img":{"alt_text":"Paquito D'Rivera Tr\u00edo (Auditorium de Palma. 2026-03-20) Por Jos\u00e9 Luis Luna Rocafort [INSTANTZZ AKA Galer\u00eda fotogr\u00e1fica AKA Fotoblog de jazz, impro\u2026 y algo m\u00e1s] - Tomajazz - Paquito D'Rivera Tr\u00edo actu\u00f3 en el Auditorium de Palma el 20 de marzo de 2026. Jos\u00e9 Luis Luna Rocafort lo retrata en INSTANTZZ. Con Paquito D'Rivera, Pepe Rivero, Sebasti\u00e1n Laverde, \u00c1ngela Cervantes","src":"https:\/\/i0.wp.com\/tomajazz.com\/web\/wp-content\/uploads\/2026\/03\/009-4.jpg?resize=350%2C200&ssl=1","width":350,"height":200,"srcset":"https:\/\/i0.wp.com\/tomajazz.com\/web\/wp-content\/uploads\/2026\/03\/009-4.jpg?resize=350%2C200&ssl=1 1x, https:\/\/i0.wp.com\/tomajazz.com\/web\/wp-content\/uploads\/2026\/03\/009-4.jpg?resize=525%2C300&ssl=1 1.5x"},"classes":[]},{"id":102904,"url":"https:\/\/tomajazz.com\/web\/sara-dowling-ignasi-terraza-trio-caixaforum-2025\/","url_meta":{"origin":49721,"position":3},"title":"Sara Dowling &#038; Ignasi Terraza Tr\u00edo (Caixaforum Palma. 2025-11-25) Por Jos\u00e9 Luis Luna Rocafort [INSTANTZZ AKA Galer\u00eda fotogr\u00e1fica AKA Fotoblog de jazz, impro\u2026 y algo m\u00e1s]","author":"Tomajazz","date":"23 diciembre, 2025","format":false,"excerpt":"Sara Dowling & Ignasi Terraza Tr\u00edo actuaron en Caixaforum Palma, el 25 de noviembre de 2025. Jos\u00e9 Luis Luna Rocafort los retrata en INSTANTZZ. Actuaron Sara Dowling, Ignasi Terraza, Dario Di Lecce, Esteve Pi","rel":"","context":"En \u00ab*_Jos\u00e9 Luis Luna Rocafort\u00bb","block_context":{"text":"*_Jos\u00e9 Luis Luna Rocafort","link":"https:\/\/tomajazz.com\/web\/category\/jose-luis-luna-rocafort\/"},"img":{"alt_text":"Sara Dowling & Ignasi Terraza Tr\u00edo (Caixaforum Palma. 2025-11-25) Por Jos\u00e9 Luis Luna Rocafort [INSTANTZZ AKA Galer\u00eda fotogr\u00e1fica AKA Fotoblog de jazz, impro\u2026 y algo m\u00e1s] - Tomajazz - Sara Dowling & Ignasi Terraza Tr\u00edo actuaron en Caixaforum Palma, el 25 de noviembre de 2025. Jos\u00e9 Luis Luna Rocafort los retrata en INSTANTZZ. Actuaron Sara Dowling, Ignasi Terraza, Dario Di Lecce, Esteve Pi","src":"https:\/\/i0.wp.com\/tomajazz.com\/web\/wp-content\/uploads\/2025\/12\/015-8.jpg?resize=350%2C200&ssl=1","width":350,"height":200,"srcset":"https:\/\/i0.wp.com\/tomajazz.com\/web\/wp-content\/uploads\/2025\/12\/015-8.jpg?resize=350%2C200&ssl=1 1x, https:\/\/i0.wp.com\/tomajazz.com\/web\/wp-content\/uploads\/2025\/12\/015-8.jpg?resize=525%2C300&ssl=1 1.5x"},"classes":[]},{"id":100289,"url":"https:\/\/tomajazz.com\/web\/glenda-e-jazz-palma-festival-2025\/","url_meta":{"origin":49721,"position":4},"title":"Glenda E (Jazz Palma Festival 2025. Castell de Bellver. Palma. 2025-08-14) Por Jos\u00e9 Luis Luna Rocafort [INSTANTZZ AKA Galer\u00eda fotogr\u00e1fica AKA Fotoblog de jazz, impro\u2026 y algo m\u00e1s]","author":"Tomajazz","date":"9 octubre, 2025","format":false,"excerpt":"Glenda E actu\u00f3 en el Jazz Palma Festival 2025 en Castell de Bellver. Jos\u00e9 Luis Luna Rocafort lo retrata en INSTANTZZ. Actuaron Glenda E, Carlos Mart\u00edn, Shayan Fathi, Abel Sanabria","rel":"","context":"En \u00ab*_Jos\u00e9 Luis Luna Rocafort\u00bb","block_context":{"text":"*_Jos\u00e9 Luis Luna Rocafort","link":"https:\/\/tomajazz.com\/web\/category\/jose-luis-luna-rocafort\/"},"img":{"alt_text":"Glenda E (Jazz Palma Festival 2025. Castell de Bellver. Palma. 2025-08-07) Por Jos\u00e9 Luis Luna Rocafort [INSTANTZZ AKA Galer\u00eda fotogr\u00e1fica AKA Fotoblog de jazz, impro\u2026 y algo m\u00e1s] - Tomajazz - Glenda E actu\u00f3 en el Jazz Palma Festival 2025 en Castell de Bellver. Jos\u00e9 Luis Luna Rocafort lo retrata en INSTANTZZ. Actuaron Glenda E, Carlos Mart\u00edn, Shayan Fathi, Abel Sanabria","src":"https:\/\/i0.wp.com\/tomajazz.com\/web\/wp-content\/uploads\/2025\/10\/009-4.jpg?resize=350%2C200&ssl=1","width":350,"height":200,"srcset":"https:\/\/i0.wp.com\/tomajazz.com\/web\/wp-content\/uploads\/2025\/10\/009-4.jpg?resize=350%2C200&ssl=1 1x, https:\/\/i0.wp.com\/tomajazz.com\/web\/wp-content\/uploads\/2025\/10\/009-4.jpg?resize=525%2C300&ssl=1 1.5x"},"classes":[]},{"id":103107,"url":"https:\/\/tomajazz.com\/web\/chicuelo-marco-mezquida-alternatilla-2025\/","url_meta":{"origin":49721,"position":5},"title":"Chicuelo &#038; Marco Mezquida (9\u00ba Alternatilla Jazz Festival 2025. Teatre Principal de Palma. 2025-12-03) Por Jos\u00e9 Luis Luna Rocafort [INSTANTZZ AKA Galer\u00eda fotogr\u00e1fica AKA Fotoblog de jazz, impro\u2026 y algo m\u00e1s]","author":"Tomajazz","date":"31 diciembre, 2025","format":false,"excerpt":"Chicuelo & Marco Mezquida actuaron en el 9\u00ba Alternatilla Jazz Festival en el Teatre Principal de Palma, el 3 de diciembre de 2025. Jos\u00e9 Luis Luna Rocafort lo retrata en INSTANTZZ. Con Chicuelo, Marco Mezquida, Paco de Mode","rel":"","context":"En \u00ab9\u00ba Alternatilla Jazz Festival 2025\u00bb","block_context":{"text":"9\u00ba Alternatilla Jazz Festival 2025","link":"https:\/\/tomajazz.com\/web\/category\/contenidos\/especial-contenidos\/9o-alternatilla-jazz-festival-2025\/"},"img":{"alt_text":"Chicuelo & Marco Mezquida (9\u00ba Alternatilla Jazz Festival 2025. Teatre Principal de Palma. 2025-12-03) Por Jos\u00e9 Luis Luna Rocafort [INSTANTZZ AKA Galer\u00eda fotogr\u00e1fica AKA Fotoblog de jazz, impro\u2026 y algo m\u00e1s] - Tomajazz - Chicuelo & Marco Mezquida actuaron en el 9\u00ba Alternatilla Jazz Festival en el Teatre Principal de Palma, el 3 de diciembre de 2025. Jos\u00e9 Luis Luna Rocafort lo retrata en INSTANTZZ. Con Chicuelo, Marco","src":"https:\/\/i0.wp.com\/tomajazz.com\/web\/wp-content\/uploads\/2025\/12\/020-6.jpg?resize=350%2C200&ssl=1","width":350,"height":200,"srcset":"https:\/\/i0.wp.com\/tomajazz.com\/web\/wp-content\/uploads\/2025\/12\/020-6.jpg?resize=350%2C200&ssl=1 1x, https:\/\/i0.wp.com\/tomajazz.com\/web\/wp-content\/uploads\/2025\/12\/020-6.jpg?resize=525%2C300&ssl=1 1.5x"},"classes":[]}],"_links":{"self":[{"href":"https:\/\/tomajazz.com\/web\/wp-json\/wp\/v2\/posts\/49721","targetHints":{"allow":["GET"]}}],"collection":[{"href":"https:\/\/tomajazz.com\/web\/wp-json\/wp\/v2\/posts"}],"about":[{"href":"https:\/\/tomajazz.com\/web\/wp-json\/wp\/v2\/types\/post"}],"author":[{"embeddable":true,"href":"https:\/\/tomajazz.com\/web\/wp-json\/wp\/v2\/users\/1"}],"replies":[{"embeddable":true,"href":"https:\/\/tomajazz.com\/web\/wp-json\/wp\/v2\/comments?post=49721"}],"version-history":[{"count":1,"href":"https:\/\/tomajazz.com\/web\/wp-json\/wp\/v2\/posts\/49721\/revisions"}],"predecessor-version":[{"id":49739,"href":"https:\/\/tomajazz.com\/web\/wp-json\/wp\/v2\/posts\/49721\/revisions\/49739"}],"wp:featuredmedia":[{"embeddable":true,"href":"https:\/\/tomajazz.com\/web\/wp-json\/wp\/v2\/media\/49738"}],"wp:attachment":[{"href":"https:\/\/tomajazz.com\/web\/wp-json\/wp\/v2\/media?parent=49721"}],"wp:term":[{"taxonomy":"category","embeddable":true,"href":"https:\/\/tomajazz.com\/web\/wp-json\/wp\/v2\/categories?post=49721"},{"taxonomy":"post_tag","embeddable":true,"href":"https:\/\/tomajazz.com\/web\/wp-json\/wp\/v2\/tags?post=49721"}],"curies":[{"name":"wp","href":"https:\/\/api.w.org\/{rel}","templated":true}]}}