{"id":49873,"date":"2020-03-20T18:23:18","date_gmt":"2020-03-20T17:23:18","guid":{"rendered":"https:\/\/www.tomajazz.com\/web\/?p=49873"},"modified":"2020-03-20T18:23:49","modified_gmt":"2020-03-20T17:23:49","slug":"instantzz-perikas-jazz-reunion-simfovents-jazz-palma-festival-2020-galeria-fotografica-yomequedoencasa-istayathome","status":"publish","type":"post","link":"https:\/\/tomajazz.com\/web\/instantzz-perikas-jazz-reunion-simfovents-jazz-palma-festival-2020-galeria-fotografica-yomequedoencasa-istayathome\/","title":{"rendered":"INSTANTZZ: Perikas Jazz Reunion &#038; Simfovents (Jazz Palma Festival 2020) [Galer\u00eda fotogr\u00e1fica] #YoMeQuedoEnCasa \/ #IStayAtHome"},"content":{"rendered":"<p>Por\u00a0<strong>Jos\u00e9 Luis Luna Rocafort<\/strong>.<\/p>\n<ul>\n<li>Fecha: Viernes, 21 de febrero de 2020. 19:30h.<\/li>\n<li>Lugar: Conservatori\u00a0Superior de M\u00fasica de les Illes Balears<\/li>\n<li>Jazz Palma Festival 2020<\/li>\n<li>Grupo:<br \/>\n<b>Perikas Jazz Reunion<br \/>\n<\/b>Miquel \u00c0ngel Peric\u00e0s: Piano, \u00f3rgano, moog<br \/>\nSteve Bergendy: bajo el\u00e9ctrico, contrabajo<br \/>\nJos\u00e9 Aspas: bater\u00eda<br \/>\n<b>Simfovents<br \/>\n<\/b>Ramon\u00a0Cardo: director invitado y saxo tenor<br \/>\nJavier Blanco, Cristina Sapi\u00f1a, Pere\u00a0Sans\u00f3: flauta<br \/>\nJuan Rodr\u00edguez, Silverio Duato: oboe<br \/>\nXimo Morales, Sergi Castell\u00f3: fagot<br \/>\nVirgilio Camarasa: clarinete requinto<br \/>\nCarlos Pastor, Germ\u00e1n Guill\u00e9n, Carlos Flores, Joan Sempere, Pere Siquier, Biel Oliver, Juan E. Mart\u00ednez, J\u00e9ssica Tamarit, Juan A. Almod\u00f3var, Oscar Almod\u00f3var: clarinete<br \/>\nRafel Caldentey: clarinete bajo<br \/>\nFran Catal\u00e0, V\u00edctor Mart\u00ednez: saxo alto<br \/>\nPablo Le\u00f3n, Javier Bonet: saxo tenor<br \/>\nToni Rios: saxo bar\u00edtono<br \/>\nJulio Beltr\u00e1n, Bernat Xamena, Mario Navarro, Cati Mariano, Roberto Morcillo: trompeta, fliscorno<br \/>\nFrancisco Bertomeu, Francisco Jos\u00e9 Sapi\u00f1a, Mario Errea, Javier Sancho: trompa<br \/>\nToni Criado, Vicente Garrido, Rafael Bueno: tromb\u00f3n<br \/>\nJos\u00e9 Vicente Franco, Angel Torres: tuba<br \/>\nVicente Fontelles, Antonio Pedro, Miquel Sebasti\u00e1n, V\u00edctor Roig: percusi\u00f3n<\/li>\n<\/ul>\n<p style=\"text-align: center;\"><img loading=\"lazy\" decoding=\"async\" class=\"aligncenter size-full wp-image-49874\" src=\"https:\/\/tomajazz.com\/web\/wp-content\/uploads\/2020\/03\/001-8.jpg\" alt=\"\" width=\"600\" height=\"400\" title=\"\" srcset=\"https:\/\/tomajazz.com\/web\/wp-content\/uploads\/2020\/03\/001-8.jpg 600w, https:\/\/tomajazz.com\/web\/wp-content\/uploads\/2020\/03\/001-8-200x133.jpg 200w, https:\/\/tomajazz.com\/web\/wp-content\/uploads\/2020\/03\/001-8-83x55.jpg 83w, https:\/\/tomajazz.com\/web\/wp-content\/uploads\/2020\/03\/001-8-60x40.jpg 60w, https:\/\/tomajazz.com\/web\/wp-content\/uploads\/2020\/03\/001-8-120x80.jpg 120w\" sizes=\"auto, (max-width: 600px) 100vw, 600px\" \/> <img loading=\"lazy\" decoding=\"async\" class=\"aligncenter size-large wp-image-49875\" src=\"https:\/\/tomajazz.com\/web\/wp-content\/uploads\/2020\/03\/002-8.jpg\" alt=\"\" width=\"600\" height=\"400\" title=\"\" srcset=\"https:\/\/tomajazz.com\/web\/wp-content\/uploads\/2020\/03\/002-8.jpg 600w, https:\/\/tomajazz.com\/web\/wp-content\/uploads\/2020\/03\/002-8-200x133.jpg 200w, https:\/\/tomajazz.com\/web\/wp-content\/uploads\/2020\/03\/002-8-83x55.jpg 83w, https:\/\/tomajazz.com\/web\/wp-content\/uploads\/2020\/03\/002-8-60x40.jpg 60w, https:\/\/tomajazz.com\/web\/wp-content\/uploads\/2020\/03\/002-8-120x80.jpg 120w\" sizes=\"auto, (max-width: 600px) 100vw, 600px\" \/> <img loading=\"lazy\" decoding=\"async\" class=\"aligncenter size-large wp-image-49876\" src=\"https:\/\/tomajazz.com\/web\/wp-content\/uploads\/2020\/03\/003-8.jpg\" alt=\"\" width=\"600\" height=\"400\" title=\"\" srcset=\"https:\/\/tomajazz.com\/web\/wp-content\/uploads\/2020\/03\/003-8.jpg 600w, https:\/\/tomajazz.com\/web\/wp-content\/uploads\/2020\/03\/003-8-200x133.jpg 200w, https:\/\/tomajazz.com\/web\/wp-content\/uploads\/2020\/03\/003-8-83x55.jpg 83w, https:\/\/tomajazz.com\/web\/wp-content\/uploads\/2020\/03\/003-8-60x40.jpg 60w, https:\/\/tomajazz.com\/web\/wp-content\/uploads\/2020\/03\/003-8-120x80.jpg 120w\" sizes=\"auto, (max-width: 600px) 100vw, 600px\" \/> <img loading=\"lazy\" decoding=\"async\" class=\"aligncenter size-large wp-image-49877\" src=\"https:\/\/tomajazz.com\/web\/wp-content\/uploads\/2020\/03\/004-8.jpg\" alt=\"\" width=\"600\" height=\"400\" title=\"\" srcset=\"https:\/\/tomajazz.com\/web\/wp-content\/uploads\/2020\/03\/004-8.jpg 600w, https:\/\/tomajazz.com\/web\/wp-content\/uploads\/2020\/03\/004-8-200x133.jpg 200w, https:\/\/tomajazz.com\/web\/wp-content\/uploads\/2020\/03\/004-8-83x55.jpg 83w, https:\/\/tomajazz.com\/web\/wp-content\/uploads\/2020\/03\/004-8-60x40.jpg 60w, https:\/\/tomajazz.com\/web\/wp-content\/uploads\/2020\/03\/004-8-120x80.jpg 120w\" sizes=\"auto, (max-width: 600px) 100vw, 600px\" \/> <img loading=\"lazy\" decoding=\"async\" class=\"aligncenter size-large wp-image-49878\" src=\"https:\/\/tomajazz.com\/web\/wp-content\/uploads\/2020\/03\/005-8.jpg\" alt=\"\" width=\"600\" height=\"400\" title=\"\" srcset=\"https:\/\/tomajazz.com\/web\/wp-content\/uploads\/2020\/03\/005-8.jpg 600w, https:\/\/tomajazz.com\/web\/wp-content\/uploads\/2020\/03\/005-8-200x133.jpg 200w, https:\/\/tomajazz.com\/web\/wp-content\/uploads\/2020\/03\/005-8-83x55.jpg 83w, https:\/\/tomajazz.com\/web\/wp-content\/uploads\/2020\/03\/005-8-60x40.jpg 60w, https:\/\/tomajazz.com\/web\/wp-content\/uploads\/2020\/03\/005-8-120x80.jpg 120w\" sizes=\"auto, (max-width: 600px) 100vw, 600px\" \/> <img loading=\"lazy\" decoding=\"async\" class=\"aligncenter size-large wp-image-49879\" src=\"https:\/\/tomajazz.com\/web\/wp-content\/uploads\/2020\/03\/006-8.jpg\" alt=\"\" width=\"600\" height=\"400\" title=\"\" srcset=\"https:\/\/tomajazz.com\/web\/wp-content\/uploads\/2020\/03\/006-8.jpg 600w, https:\/\/tomajazz.com\/web\/wp-content\/uploads\/2020\/03\/006-8-200x133.jpg 200w, https:\/\/tomajazz.com\/web\/wp-content\/uploads\/2020\/03\/006-8-83x55.jpg 83w, https:\/\/tomajazz.com\/web\/wp-content\/uploads\/2020\/03\/006-8-60x40.jpg 60w, https:\/\/tomajazz.com\/web\/wp-content\/uploads\/2020\/03\/006-8-120x80.jpg 120w\" sizes=\"auto, (max-width: 600px) 100vw, 600px\" \/> <img loading=\"lazy\" decoding=\"async\" class=\"aligncenter size-large wp-image-49880\" src=\"https:\/\/tomajazz.com\/web\/wp-content\/uploads\/2020\/03\/007-8.jpg\" alt=\"\" width=\"600\" height=\"400\" title=\"\" srcset=\"https:\/\/tomajazz.com\/web\/wp-content\/uploads\/2020\/03\/007-8.jpg 600w, https:\/\/tomajazz.com\/web\/wp-content\/uploads\/2020\/03\/007-8-200x133.jpg 200w, https:\/\/tomajazz.com\/web\/wp-content\/uploads\/2020\/03\/007-8-83x55.jpg 83w, https:\/\/tomajazz.com\/web\/wp-content\/uploads\/2020\/03\/007-8-60x40.jpg 60w, https:\/\/tomajazz.com\/web\/wp-content\/uploads\/2020\/03\/007-8-120x80.jpg 120w\" sizes=\"auto, (max-width: 600px) 100vw, 600px\" \/> <img loading=\"lazy\" decoding=\"async\" class=\"aligncenter size-large wp-image-49881\" src=\"https:\/\/tomajazz.com\/web\/wp-content\/uploads\/2020\/03\/008-8.jpg\" alt=\"\" width=\"600\" height=\"400\" title=\"\" srcset=\"https:\/\/tomajazz.com\/web\/wp-content\/uploads\/2020\/03\/008-8.jpg 600w, https:\/\/tomajazz.com\/web\/wp-content\/uploads\/2020\/03\/008-8-200x133.jpg 200w, https:\/\/tomajazz.com\/web\/wp-content\/uploads\/2020\/03\/008-8-83x55.jpg 83w, https:\/\/tomajazz.com\/web\/wp-content\/uploads\/2020\/03\/008-8-60x40.jpg 60w, https:\/\/tomajazz.com\/web\/wp-content\/uploads\/2020\/03\/008-8-120x80.jpg 120w\" sizes=\"auto, (max-width: 600px) 100vw, 600px\" \/> <img loading=\"lazy\" decoding=\"async\" class=\"aligncenter size-large wp-image-49882\" src=\"https:\/\/tomajazz.com\/web\/wp-content\/uploads\/2020\/03\/009-8.jpg\" alt=\"\" width=\"600\" height=\"400\" title=\"\" srcset=\"https:\/\/tomajazz.com\/web\/wp-content\/uploads\/2020\/03\/009-8.jpg 600w, https:\/\/tomajazz.com\/web\/wp-content\/uploads\/2020\/03\/009-8-200x133.jpg 200w, https:\/\/tomajazz.com\/web\/wp-content\/uploads\/2020\/03\/009-8-83x55.jpg 83w, https:\/\/tomajazz.com\/web\/wp-content\/uploads\/2020\/03\/009-8-60x40.jpg 60w, https:\/\/tomajazz.com\/web\/wp-content\/uploads\/2020\/03\/009-8-120x80.jpg 120w\" sizes=\"auto, (max-width: 600px) 100vw, 600px\" \/> <img loading=\"lazy\" decoding=\"async\" class=\"aligncenter size-large wp-image-49883\" src=\"https:\/\/tomajazz.com\/web\/wp-content\/uploads\/2020\/03\/010-8.jpg\" alt=\"\" width=\"600\" height=\"400\" title=\"\" srcset=\"https:\/\/tomajazz.com\/web\/wp-content\/uploads\/2020\/03\/010-8.jpg 600w, https:\/\/tomajazz.com\/web\/wp-content\/uploads\/2020\/03\/010-8-200x133.jpg 200w, https:\/\/tomajazz.com\/web\/wp-content\/uploads\/2020\/03\/010-8-83x55.jpg 83w, https:\/\/tomajazz.com\/web\/wp-content\/uploads\/2020\/03\/010-8-60x40.jpg 60w, https:\/\/tomajazz.com\/web\/wp-content\/uploads\/2020\/03\/010-8-120x80.jpg 120w\" sizes=\"auto, (max-width: 600px) 100vw, 600px\" \/> <img loading=\"lazy\" decoding=\"async\" class=\"aligncenter size-large wp-image-49884\" src=\"https:\/\/tomajazz.com\/web\/wp-content\/uploads\/2020\/03\/011-8.jpg\" alt=\"\" width=\"400\" height=\"600\" title=\"\" srcset=\"https:\/\/tomajazz.com\/web\/wp-content\/uploads\/2020\/03\/011-8.jpg 400w, https:\/\/tomajazz.com\/web\/wp-content\/uploads\/2020\/03\/011-8-200x300.jpg 200w, https:\/\/tomajazz.com\/web\/wp-content\/uploads\/2020\/03\/011-8-37x55.jpg 37w\" sizes=\"auto, (max-width: 400px) 100vw, 400px\" \/> <img loading=\"lazy\" decoding=\"async\" class=\"aligncenter size-large wp-image-49885\" src=\"https:\/\/tomajazz.com\/web\/wp-content\/uploads\/2020\/03\/012-8.jpg\" alt=\"\" width=\"400\" height=\"600\" title=\"\" srcset=\"https:\/\/tomajazz.com\/web\/wp-content\/uploads\/2020\/03\/012-8.jpg 400w, https:\/\/tomajazz.com\/web\/wp-content\/uploads\/2020\/03\/012-8-200x300.jpg 200w, https:\/\/tomajazz.com\/web\/wp-content\/uploads\/2020\/03\/012-8-37x55.jpg 37w\" sizes=\"auto, (max-width: 400px) 100vw, 400px\" \/> <img loading=\"lazy\" decoding=\"async\" class=\"aligncenter size-large wp-image-49886\" src=\"https:\/\/tomajazz.com\/web\/wp-content\/uploads\/2020\/03\/013-8.jpg\" alt=\"\" width=\"600\" height=\"400\" title=\"\" srcset=\"https:\/\/tomajazz.com\/web\/wp-content\/uploads\/2020\/03\/013-8.jpg 600w, https:\/\/tomajazz.com\/web\/wp-content\/uploads\/2020\/03\/013-8-200x133.jpg 200w, https:\/\/tomajazz.com\/web\/wp-content\/uploads\/2020\/03\/013-8-83x55.jpg 83w, https:\/\/tomajazz.com\/web\/wp-content\/uploads\/2020\/03\/013-8-60x40.jpg 60w, https:\/\/tomajazz.com\/web\/wp-content\/uploads\/2020\/03\/013-8-120x80.jpg 120w\" sizes=\"auto, (max-width: 600px) 100vw, 600px\" \/> <img loading=\"lazy\" decoding=\"async\" class=\"aligncenter size-large wp-image-49887\" src=\"https:\/\/tomajazz.com\/web\/wp-content\/uploads\/2020\/03\/014-8.jpg\" alt=\"\" width=\"400\" height=\"600\" title=\"\" srcset=\"https:\/\/tomajazz.com\/web\/wp-content\/uploads\/2020\/03\/014-8.jpg 400w, https:\/\/tomajazz.com\/web\/wp-content\/uploads\/2020\/03\/014-8-200x300.jpg 200w, https:\/\/tomajazz.com\/web\/wp-content\/uploads\/2020\/03\/014-8-37x55.jpg 37w\" sizes=\"auto, (max-width: 400px) 100vw, 400px\" \/> <img loading=\"lazy\" decoding=\"async\" class=\"aligncenter size-large wp-image-49888\" src=\"https:\/\/tomajazz.com\/web\/wp-content\/uploads\/2020\/03\/015-8.jpg\" alt=\"\" width=\"600\" height=\"400\" title=\"\" srcset=\"https:\/\/tomajazz.com\/web\/wp-content\/uploads\/2020\/03\/015-8.jpg 600w, https:\/\/tomajazz.com\/web\/wp-content\/uploads\/2020\/03\/015-8-200x133.jpg 200w, https:\/\/tomajazz.com\/web\/wp-content\/uploads\/2020\/03\/015-8-83x55.jpg 83w, https:\/\/tomajazz.com\/web\/wp-content\/uploads\/2020\/03\/015-8-60x40.jpg 60w, https:\/\/tomajazz.com\/web\/wp-content\/uploads\/2020\/03\/015-8-120x80.jpg 120w\" sizes=\"auto, (max-width: 600px) 100vw, 600px\" \/><\/p>\n<p style=\"text-align: right;\">Tomajazz:\u00a0\u00a9\u00a0<strong>Jos\u00e9 Luis Luna Rocafort<\/strong>, 2020<\/p>\n","protected":false},"excerpt":{"rendered":"<p>Jos\u00e9 Luis Luna Rocafort retrata en INSTANTZZ, por medio de la correspondiente galer\u00eda fotogr\u00e1fica, la actuaci\u00f3n de Perikas Jazz Reunion &#038; Simfovents en Jazz Palma Festival 2020. Y recuerda&#8230; #YoMeQuedoEnCasa #IStayAtHome<span class=\"more-link\"><a href=\"https:\/\/tomajazz.com\/web\/instantzz-perikas-jazz-reunion-simfovents-jazz-palma-festival-2020-galeria-fotografica-yomequedoencasa-istayathome\/\">Contin\u00faa leyendo<\/a><\/span><\/p>\n","protected":false},"author":1,"featured_media":49883,"comment_status":"open","ping_status":"closed","sticky":false,"template":"","format":"standard","meta":{"jetpack_post_was_ever_published":false,"_jetpack_newsletter_access":"","_jetpack_dont_email_post_to_subs":false,"_jetpack_newsletter_tier_id":0,"_jetpack_memberships_contains_paywalled_content":false,"_jetpack_memberships_contains_paid_content":false,"footnotes":""},"categories":[11262,17846,15516,11261,1038],"tags":[24535,24537,23218,24514,24511,24509,24525,24503,22007,24527,24528,24510,24502,24522,24530,24496,24516,24512,24500,10088,24534,24517,24515,19366,24523,24529,24524,24498,24538,24518,24521,24504,24513,24497,24533,24519,10788,24526,24507,24505,24501,24499,24531,13151,24536,24532,24520,24539,24508,24506],"class_list":["entry","author-pachi","has-excerpt","post-49873","post","type-post","status-publish","format-standard","has-post-thumbnail","category-photoblogs","category-jose-luis-luna-rocafort","category-imagenes","category-instantzz","category-contenidos","tag-angel-torres","tag-antonio-pedro","tag-bernat-xamena","tag-biel-oliver","tag-carlos-flores","tag-carlos-pastor","tag-cati-mariano","tag-cristina-sapina","tag-fran-catala","tag-francisco-bertomeu","tag-francisco-jose-sapina","tag-german-guillen","tag-javier-blanco","tag-javier-bonet","tag-javier-sancho","tag-jazz-palma-festival-2020","tag-jessica-tamarit","tag-joan-sempere","tag-jose-aspas","tag-jose-luis-luna-rocafort","tag-jose-vicente-franco","tag-juan-a-almodovar","tag-juan-e-martinez","tag-juan-rodriguez","tag-julio-beltran","tag-mario-errea","tag-mario-navarro","tag-miquel-angel-pericas","tag-miquel-sebastian","tag-oscar-almodovar","tag-pablo-leon","tag-pere-sanso","tag-pere-siquier","tag-perikas-jazz-reunion","tag-rafael-bueno","tag-rafel-caldentey","tag-ramon-cardo","tag-roberto-morcillo","tag-sergi-castello","tag-silverio-duato","tag-simfovents","tag-steve-bergendy","tag-toni-criado","tag-toni-rios","tag-vicente-fontelles","tag-vicente-garrido","tag-victor-martinez","tag-victor-roig","tag-virgilio-camarasa","tag-ximo-morales"],"jetpack_featured_media_url":"https:\/\/tomajazz.com\/web\/wp-content\/uploads\/2020\/03\/010-8.jpg","jetpack_likes_enabled":true,"jetpack_sharing_enabled":true,"jetpack-related-posts":[{"id":71850,"url":"https:\/\/tomajazz.com\/web\/simfovents-festival-paco-de-lucia-2023\/","url_meta":{"origin":49873,"position":0},"title":"Antonio S\u00e1nchez &#8211; Antonio Serrano &#8211; Toni Cuenca &#8211; Benji Habichuela + SimfoVents Palma (II Festival Paco de Luc\u00eda Mallorca 2023. Palma) (II) Por Jos\u00e9 Luis Luna Rocafort [Flamencuras AKA INSTANTZZ AKA Galer\u00eda fotogr\u00e1fica AKA Fotoblog de jazz, impro\u2026 y algo m\u00e1s]","author":"Tomajazz","date":"8 marzo, 2023","format":false,"excerpt":"Antonio S\u00e1nchez - Antonio Serrano - Toni Cuenca - Benji Habichuela + SimfoVents Palma actuaron en el II Festival Paco de Luc\u00eda Mallorca 2023. Jos\u00e9 Luis Luna Rocafort los retrata en una Flamencura en INSTANTZZ de Tomajazz.","rel":"","context":"En \u00abEspecial II Festival Paco de Luc\u00eda Mallorca 2023\u00bb","block_context":{"text":"Especial II Festival Paco de Luc\u00eda Mallorca 2023","link":"https:\/\/tomajazz.com\/web\/category\/contenidos\/especial-contenidos\/especial-ii-festival-paco-de-lucia-mallorca-2023\/"},"img":{"alt_text":"Estrella Morente (II Festival Paco de Luc\u00eda Mallorca 2023. Palma) (I) Por Jos\u00e9 Luis Luna Rocafort [Flamencuras AKA INSTANTZZ AKA Galer\u00eda fotogr\u00e1fica AKA Fotoblog de jazz, impro\u2026 y algo m\u00e1s] 011 2 Tomajazz 9.0 - Estrella Morente inaugur\u00f3 el II Festival Paco de Luc\u00eda Mallorca 2023. Jos\u00e9 Luis Luna Rocafort la retrata en una Flamencura en INSTANTZZ.","src":"https:\/\/i0.wp.com\/tomajazz.com\/web\/wp-content\/uploads\/2023\/03\/011-2.jpg?resize=350%2C200&ssl=1","width":350,"height":200,"srcset":"https:\/\/i0.wp.com\/tomajazz.com\/web\/wp-content\/uploads\/2023\/03\/011-2.jpg?resize=350%2C200&ssl=1 1x, https:\/\/i0.wp.com\/tomajazz.com\/web\/wp-content\/uploads\/2023\/03\/011-2.jpg?resize=525%2C300&ssl=1 1.5x"},"classes":[]},{"id":61545,"url":"https:\/\/tomajazz.com\/web\/ester-andujar-simfovents-palma-iii-jazz-palma-festival-2022-02-05-por-jose-luis-luna-rocafort-instantzz-aka-galeria-fotografica-aka-fotoblog-de-jazz-impro-y-algo-mas\/","url_meta":{"origin":49873,"position":1},"title":"Ester And\u00fajar &#038; Simfovents Palma (III Jazz Palma Festival. 2022-02-05) Por Jos\u00e9 Luis Luna Rocafort [INSTANTZZ AKA Galer\u00eda fotogr\u00e1fica AKA Fotoblog de jazz, impro\u2026 y algo m\u00e1s]","author":"Tomajazz","date":"2 marzo, 2022","format":false,"excerpt":"En INSTANTZZ una galer\u00eda fotogr\u00e1fica de Jos\u00e9 Luis Luna Rocafort dedicada al III Jazz Palma Festival, con las im\u00e1genes de la actuaci\u00f3n de Ester And\u00fajar con Simfovents Palma.","rel":"","context":"En \u00abINSTANTZZ\u00bb","block_context":{"text":"INSTANTZZ","link":"https:\/\/tomajazz.com\/web\/category\/contenidos\/imagenes\/photoblogs\/instantzz\/"},"img":{"alt_text":"Ester And\u00fajar & Simfovents Palma (III Jazz Palma Festival. 2022-02-05) Por Jos\u00e9 Luis Luna Rocafort [INSTANTZZ AKA Galer\u00eda fotogr\u00e1fica AKA Fotoblog de jazz, impro\u2026 y algo m\u00e1s]","src":"https:\/\/i0.wp.com\/tomajazz.com\/web\/wp-content\/uploads\/2022\/03\/016.jpg?resize=350%2C200&ssl=1","width":350,"height":200,"srcset":"https:\/\/i0.wp.com\/tomajazz.com\/web\/wp-content\/uploads\/2022\/03\/016.jpg?resize=350%2C200&ssl=1 1x, https:\/\/i0.wp.com\/tomajazz.com\/web\/wp-content\/uploads\/2022\/03\/016.jpg?resize=525%2C300&ssl=1 1.5x"},"classes":[]},{"id":105083,"url":"https:\/\/tomajazz.com\/web\/mopia-xesc-forteza-palma-2026\/","url_meta":{"origin":49873,"position":2},"title":"M\u00f2pia (Teatre Xesc Forteza. Palma. 2026-04-24)  Por Jos\u00e9 Luis Luna Rocafort [INSTANTZZ AKA Galer\u00eda fotogr\u00e1fica AKA Fotoblog de jazz, impro\u2026 y algo m\u00e1s]","author":"Tomajazz","date":"27 abril, 2026","format":false,"excerpt":"M\u00f2pia present\u00f3 en Teatre Xesc Forteza de Palma su primera grabaci\u00f3n. Fue el 24 de abril de 2026. Jos\u00e9 Luis Luna Rocafort lo retrata en INSTANTZZ. M\u00f2pia son Josep Oliver, Jaume Rossell\u00f3, Pere Miquel Molina, Miki Ramon, Javier Nieto, Tom\u00e0s Montero, Jaume Bl\u00e0zquez, Samuel Mart\u00ednez, Dialen Niang Ka:, Sergio Vicente,\u2026","rel":"","context":"En \u00ab*_Jos\u00e9 Luis Luna Rocafort\u00bb","block_context":{"text":"*_Jos\u00e9 Luis Luna Rocafort","link":"https:\/\/tomajazz.com\/web\/category\/jose-luis-luna-rocafort\/"},"img":{"alt_text":"M\u00f2pia (Teatre Xesc Forteza. Palma. 2026-04-24)  Por Jos\u00e9 Luis Luna Rocafort [INSTANTZZ AKA Galer\u00eda fotogr\u00e1fica AKA Fotoblog de jazz, impro\u2026 y algo m\u00e1s] - Tomajazz - M\u00f2pia present\u00f3 en Teatre Xesc Forteza de Palma su primera grabaci\u00f3n. Fue el 24 de abril de 2026. Jos\u00e9 Luis Luna Rocafort lo retrata en INSTANTZZ. M\u00f2pia son Josep Oliver, Jaume Rossell\u00f3, Pere Miquel Molina, Miki Ramon, Javier Nieto, Tom\u00e0s Montero, Jaume Bl\u00e0zquez, Samuel Mart\u00ednez, Dialen Niang Ka:, Sergio Vicente, Diego Riudavets, Joan Frontera, Josep Sina, Toni Beltr\u00e1n","src":"https:\/\/i0.wp.com\/tomajazz.com\/web\/wp-content\/uploads\/2026\/04\/013-1.jpg?resize=350%2C200&ssl=1","width":350,"height":200,"srcset":"https:\/\/i0.wp.com\/tomajazz.com\/web\/wp-content\/uploads\/2026\/04\/013-1.jpg?resize=350%2C200&ssl=1 1x, https:\/\/i0.wp.com\/tomajazz.com\/web\/wp-content\/uploads\/2026\/04\/013-1.jpg?resize=525%2C300&ssl=1 1.5x"},"classes":[]},{"id":102293,"url":"https:\/\/tomajazz.com\/web\/mopia-10-fira-b-2025\/","url_meta":{"origin":49873,"position":3},"title":"M\u00f2pia (10 Fira B! Es Gremi. Palma. 2025-11-07) Por Jos\u00e9 Luis Luna Rocafort [INSTANTZZ AKA Galer\u00eda fotogr\u00e1fica AKA Fotoblog de jazz, impro\u2026 y algo m\u00e1s]","author":"Tomajazz","date":"28 noviembre, 2025","format":false,"excerpt":"M\u00f2pia actu\u00f3 en 10 Fira B! en Es Gremi de Palma el 7 de noviembre de 2025. Jos\u00e9 Luis Luna Rocafort retrata en INSTANTZZ a la formaci\u00f3n dirigida por Josep Oliver. Actuaron Jaume Rossell\u00f3, Pere Miquel Molina, Miki Ramon, Javier Nieto, Lleonard Mart\u00ednez, Jaume Bl\u00e0zquez, Samuel Mart\u00ednez, Dialen Niang Ka,\u2026","rel":"","context":"En \u00ab10 Fira B! 2025\u00bb","block_context":{"text":"10 Fira B! 2025","link":"https:\/\/tomajazz.com\/web\/category\/contenidos\/especial-contenidos\/10-fira-b-2025\/"},"img":{"alt_text":"M\u00f2pia (10 Fira B! Es Gremi. Palma. 2025-11-07) Por Jos\u00e9 Luis Luna Rocafort [INSTANTZZ AKA Galer\u00eda fotogr\u00e1fica AKA Fotoblog de jazz, impro\u2026 y algo m\u00e1s] - Tomajazz - M\u00f2pia actu\u00f3 en 10 Fira B! en Es Gremi de Palma el 7 de noviembre de 2025. Jos\u00e9 Luis Luna Rocafort retrata en INSTANTZZ a la formaci\u00f3n dirigida por Josep Oliver. Actuaron Jaume Rossell\u00f3, Pere Miquel Molina, Miki Ramon, Javier Nieto, Lleonard Mart\u00ednez, Jaume Bl\u00e0zquez, Samuel Mart\u00ednez, Dialen Niang Ka, Sergio Vicente, Diego Riudavets, Sergi Sell\u00e9s, Josep Sina, Toni Beltr\u00e1n","src":"https:\/\/i0.wp.com\/tomajazz.com\/web\/wp-content\/uploads\/2025\/11\/008-20.jpg?resize=350%2C200&ssl=1","width":350,"height":200,"srcset":"https:\/\/i0.wp.com\/tomajazz.com\/web\/wp-content\/uploads\/2025\/11\/008-20.jpg?resize=350%2C200&ssl=1 1x, https:\/\/i0.wp.com\/tomajazz.com\/web\/wp-content\/uploads\/2025\/11\/008-20.jpg?resize=525%2C300&ssl=1 1.5x"},"classes":[]},{"id":103245,"url":"https:\/\/tomajazz.com\/web\/voodoo-children-collective-alternatilla-2025\/","url_meta":{"origin":49873,"position":4},"title":"VooDoo Children Collective (9\u00ba Alternatilla Jazz Festival 2025. Auditori de Porreres. Mallorca. 2025-12-06) Por Jos\u00e9 Luis Luna Rocafort [INSTANTZZ AKA Galer\u00eda fotogr\u00e1fica AKA Fotoblog de jazz, impro\u2026 y algo m\u00e1s]","author":"Tomajazz","date":"9 enero, 2026","format":false,"excerpt":"VooDoo Children Collective actu\u00f3 en el 9\u00ba Alternatilla Jazz Festival 2025 en el Auditori de Porreres, Mallorca, el 6 de diciembre de 2025. Jos\u00e9 Luis Luna Rocafort lo retrata en INSTANTZZ. Actuaron Toni Vaquer, Diego Hervalejo, Camil Alcarazo, Joan Garcias, Ferran Mart\u00ednez, Aina Tramullas, Ant\u00f2nia Santandreu, Carlos Cort\u00e9s, Andreu Pitarch,\u2026","rel":"","context":"En \u00ab9\u00ba Alternatilla Jazz Festival 2025\u00bb","block_context":{"text":"9\u00ba Alternatilla Jazz Festival 2025","link":"https:\/\/tomajazz.com\/web\/category\/contenidos\/especial-contenidos\/9o-alternatilla-jazz-festival-2025\/"},"img":{"alt_text":"VooDoo Children Collective (9\u00ba Alternatilla Jazz Festival 2025. Auditori de Porreres. Mallorca. 2025-12-06) Por Jos\u00e9 Luis Luna Rocafort [INSTANTZZ AKA Galer\u00eda fotogr\u00e1fica AKA Fotoblog de jazz, impro\u2026 y algo m\u00e1s] - Tomajazz - VooDoo Children Collective actu\u00f3 en el 9\u00ba Alternatilla Jazz Festival 2025 en el Auditori de Porreres, Mallorca, el 6 de diciembre de 2025. Jos\u00e9 Luis Luna Rocafort lo retrata en INSTANTZZ. Actuaron Toni Vaquer, Diego Hervalejo, Camil Alcarazo, Joan Garcias, Ferran Mart\u00ednez, Aina Tramullas, Ant\u00f2nia Santandreu, Carlos Cort\u00e9s, Andreu Pitarch, Enric Fuster, Julian S\u00e1nchez, Maria Ant\u00f2nia Gili, Pep Garau, V\u00edctor Carrascosa, Andreu Roig, Miguel Mois\u00e9s, Miquel Gay\u00e0, Tomeu Garcias, Miquel \u00c0ngel Rigo, Miguel \"Pintxo\" Villar, Roque Garc\u00eda, Tete Leal, Xavi Maldonado, Anggie Obin, Fernando Brox, Caterina Obrador, Ana Rodrigo, Joan Rotger, Roser Juli\u00e0, Shanti Easton, Sin\u00e9ad Cormican, Aina Mateu, Clementina Boeykens, Carmela Font, Maci\u00e0 Cerd\u00e0, Miquel Bennasar","src":"https:\/\/i0.wp.com\/tomajazz.com\/web\/wp-content\/uploads\/2026\/01\/014-1.jpg?resize=350%2C200&ssl=1","width":350,"height":200,"srcset":"https:\/\/i0.wp.com\/tomajazz.com\/web\/wp-content\/uploads\/2026\/01\/014-1.jpg?resize=350%2C200&ssl=1 1x, https:\/\/i0.wp.com\/tomajazz.com\/web\/wp-content\/uploads\/2026\/01\/014-1.jpg?resize=525%2C300&ssl=1 1.5x"},"classes":[]},{"id":71495,"url":"https:\/\/tomajazz.com\/web\/gillespie-big-band-jazz-palma-festival-2023\/","url_meta":{"origin":49873,"position":5},"title":"Gillespie Big Band (IV Jazz Palma Festival 2023. Palma, Mallorca) [VI] Por Jos\u00e9 Luis Luna Rocafort [INSTANTZZ AKA Galer\u00eda fotogr\u00e1fica AKA Fotoblog de jazz, impro\u2026 y algo m\u00e1s]","author":"Tomajazz","date":"27 febrero, 2023","format":false,"excerpt":"Gillespie Big Band actu\u00f3 en el IV Jazz Palma Festival 2023. Jos\u00e9 Luis Luna Rocafort retrata en INSTANTZZ a esta extensa formaci\u00f3n.","rel":"","context":"En \u00abIV Jazz Palma Festival 2023\u00bb","block_context":{"text":"IV Jazz Palma Festival 2023","link":"https:\/\/tomajazz.com\/web\/category\/contenidos\/especial-contenidos\/iv-jazz-palma-festival-2023\/"},"img":{"alt_text":"Gillespie Big Band (IV Jazz Palma Festival 2023. Palma, Mallorca) [VI] Por Jos\u00e9 Luis Luna Rocafort [INSTANTZZ AKA Galer\u00eda fotogr\u00e1fica AKA Fotoblog de jazz, impro\u2026 y algo m\u00e1s]","src":"https:\/\/i0.wp.com\/tomajazz.com\/web\/wp-content\/uploads\/2023\/02\/008-6.jpg?resize=350%2C200&ssl=1","width":350,"height":200,"srcset":"https:\/\/i0.wp.com\/tomajazz.com\/web\/wp-content\/uploads\/2023\/02\/008-6.jpg?resize=350%2C200&ssl=1 1x, https:\/\/i0.wp.com\/tomajazz.com\/web\/wp-content\/uploads\/2023\/02\/008-6.jpg?resize=525%2C300&ssl=1 1.5x"},"classes":[]}],"_links":{"self":[{"href":"https:\/\/tomajazz.com\/web\/wp-json\/wp\/v2\/posts\/49873","targetHints":{"allow":["GET"]}}],"collection":[{"href":"https:\/\/tomajazz.com\/web\/wp-json\/wp\/v2\/posts"}],"about":[{"href":"https:\/\/tomajazz.com\/web\/wp-json\/wp\/v2\/types\/post"}],"author":[{"embeddable":true,"href":"https:\/\/tomajazz.com\/web\/wp-json\/wp\/v2\/users\/1"}],"replies":[{"embeddable":true,"href":"https:\/\/tomajazz.com\/web\/wp-json\/wp\/v2\/comments?post=49873"}],"version-history":[{"count":2,"href":"https:\/\/tomajazz.com\/web\/wp-json\/wp\/v2\/posts\/49873\/revisions"}],"predecessor-version":[{"id":49890,"href":"https:\/\/tomajazz.com\/web\/wp-json\/wp\/v2\/posts\/49873\/revisions\/49890"}],"wp:featuredmedia":[{"embeddable":true,"href":"https:\/\/tomajazz.com\/web\/wp-json\/wp\/v2\/media\/49883"}],"wp:attachment":[{"href":"https:\/\/tomajazz.com\/web\/wp-json\/wp\/v2\/media?parent=49873"}],"wp:term":[{"taxonomy":"category","embeddable":true,"href":"https:\/\/tomajazz.com\/web\/wp-json\/wp\/v2\/categories?post=49873"},{"taxonomy":"post_tag","embeddable":true,"href":"https:\/\/tomajazz.com\/web\/wp-json\/wp\/v2\/tags?post=49873"}],"curies":[{"name":"wp","href":"https:\/\/api.w.org\/{rel}","templated":true}]}}