{"id":49973,"date":"2020-03-26T10:00:37","date_gmt":"2020-03-26T09:00:37","guid":{"rendered":"https:\/\/www.tomajazz.com\/web\/?p=49973"},"modified":"2024-10-09T20:52:00","modified_gmt":"2024-10-09T18:52:00","slug":"universos-paralelos-emision-26-de-marzo-de-2020-noticias-yomequedoencasa-istayathome","status":"publish","type":"post","link":"https:\/\/tomajazz.com\/web\/universos-paralelos-emision-26-de-marzo-de-2020-noticias-yomequedoencasa-istayathome\/","title":{"rendered":"Universos Paralelos: emisi\u00f3n 26 de marzo de 2020 [Noticias] #YoMeQuedoEnCasa \/ #IStayAtHome"},"content":{"rendered":"<p>Por <b>Redacci\u00f3n<\/b>.<\/p>\n<p style=\"text-align: center;\"><img loading=\"lazy\" decoding=\"async\" class=\"aligncenter wp-image-33503\" src=\"https:\/\/tomajazz.com\/web\/wp-content\/uploads\/2017\/11\/UP_AVATAR2.jpg\" alt=\"\" width=\"350\" height=\"350\" title=\"\" srcset=\"https:\/\/tomajazz.com\/web\/wp-content\/uploads\/2017\/11\/UP_AVATAR2.jpg 600w, https:\/\/tomajazz.com\/web\/wp-content\/uploads\/2017\/11\/UP_AVATAR2-150x150.jpg 150w, https:\/\/tomajazz.com\/web\/wp-content\/uploads\/2017\/11\/UP_AVATAR2-200x200.jpg 200w, https:\/\/tomajazz.com\/web\/wp-content\/uploads\/2017\/11\/UP_AVATAR2-55x55.jpg 55w, https:\/\/tomajazz.com\/web\/wp-content\/uploads\/2017\/11\/UP_AVATAR2-50x50.jpg 50w\" sizes=\"auto, (max-width: 350px) 100vw, 350px\" \/><\/p>\n<blockquote><p><strong>25 temporadas en el aire<\/strong> (y unos pocos en la red)&#8230; \u00a1y seguimos descubriendo buena m\u00fasica!<\/p><\/blockquote>\n<div><img loading=\"lazy\" decoding=\"async\" class=\"alignleft wp-image-49974 size-medium\" src=\"https:\/\/tomajazz.com\/web\/wp-content\/uploads\/2020\/03\/Marcos_Pin_Trio_What_But_How-200x209.jpg\" alt=\"\" width=\"200\" height=\"209\" title=\"\" srcset=\"https:\/\/tomajazz.com\/web\/wp-content\/uploads\/2020\/03\/Marcos_Pin_Trio_What_But_How-200x209.jpg 200w, https:\/\/tomajazz.com\/web\/wp-content\/uploads\/2020\/03\/Marcos_Pin_Trio_What_But_How-53x55.jpg 53w, https:\/\/tomajazz.com\/web\/wp-content\/uploads\/2020\/03\/Marcos_Pin_Trio_What_But_How.jpg 250w\" sizes=\"auto, (max-width: 200px) 100vw, 200px\" \/>Ya est\u00e1 disponible una nueva emisi\u00f3n de Universos Paralelos, el programa de radio dirigido por\u00a0<strong>Sergio Cabanillas<\/strong>.<\/div>\n<div><\/div>\n<div>\u00a1Contin\u00faa la temporada 25 de Universos Paralelos! En el programa del 26 de marzo de 2020: Michael Janisch, Stan iB Trio, Marcos Pin Trio, Achromatic Project, St\u00e8phane Belmondo &amp; Sylvain Luc, Josep-Maria Balany\u00e0 &amp; Ram\u00f3n L\u00f3pez, Elliot Galvin.<\/div>\n<div>\n<div><\/div>\n<div>Disponible en <a href=\"https:\/\/universosparalelosradioshow.blogspot.com\/2020\/03\/emision-26032020.html\" target=\"_blank\" rel=\"noopener noreferrer\">universosparalelosradioshow.blogspot.com.es<\/a><\/div>\n<\/div>\n<div><\/div>\n<div style=\"text-align: right;\">\u00a9 <strong>Tomajazz<\/strong>, 2020<\/div>\n","protected":false},"excerpt":{"rendered":"<p>Disponible una nueva edici\u00f3n del programa de radio, disponible como podcast, Universos Paralelos de Sergio Cabanillas. El disco destacado de la semana es What But How de Marcos Pin Tr\u00edo. <span class=\"more-link\"><a href=\"https:\/\/tomajazz.com\/web\/universos-paralelos-emision-26-de-marzo-de-2020-noticias-yomequedoencasa-istayathome\/\">Contin\u00faa leyendo<\/a><\/span><\/p>\n","protected":false},"author":1,"featured_media":49974,"comment_status":"open","ping_status":"closed","sticky":false,"template":"","format":"standard","meta":{"jetpack_post_was_ever_published":false,"_jetpack_newsletter_access":"","_jetpack_dont_email_post_to_subs":false,"_jetpack_newsletter_tier_id":0,"_jetpack_memberships_contains_paywalled_content":false,"_jetpack_memberships_contains_paid_content":false,"footnotes":""},"categories":[17858,15795,1038,31550],"tags":[11856,15296,187,7664],"class_list":["entry","author-pachi","has-excerpt","post-49973","post","type-post","status-publish","format-standard","has-post-thumbnail","category-redaccion","category-noticias-2","category-contenidos","category-universos-paralelos-up","tag-noticias","tag-noticias-de-jazz","tag-sergio-cabanillas","tag-universos-paralelos"],"jetpack_featured_media_url":"https:\/\/tomajazz.com\/web\/wp-content\/uploads\/2020\/03\/Marcos_Pin_Trio_What_But_How.jpg","jetpack_likes_enabled":true,"jetpack_sharing_enabled":true,"jetpack-related-posts":[{"id":104729,"url":"https:\/\/tomajazz.com\/web\/universos-paralelos-t31-p23-2025-26\/","url_meta":{"origin":49973,"position":0},"title":"Universos Paralelos: emisi\u00f3n 26 de marzo de 2026 (UP.T.31 P.23) [Noticias de jazz]","author":"Tomajazz","date":"6 abril, 2026","format":false,"excerpt":"En el programa del 26 de marzo de 2026 de Universos Paralelos, Sergio Cabanillas selecciona m\u00fasicas de Ricardo Formoso, Ant Law & Alex Hitchcock, Deadeye, \u00c1lvaro Torres Trio, Eddie Mej\u00eda","rel":"","context":"En \u00abUniversos Paralelos - UP\u00bb","block_context":{"text":"Universos Paralelos - UP","link":"https:\/\/tomajazz.com\/web\/category\/contenidos\/noticias-2\/universos-paralelos-up\/"},"img":{"alt_text":"Universos Paralelos: emisi\u00f3n 26 de marzo de 2026 (UP.T.31 P.23) [Noticias de jazz] - Tomajazz - En el programa del 26 de marzo de 2026 de Universos Paralelos, Sergio Cabanillas selecciona m\u00fasicas de Ricardo Formoso, Ant Law & Alex Hitchcock, Deadeye, \u00c1lvaro Torres Trio, Eddie Mej\u00eda","src":"https:\/\/i0.wp.com\/tomajazz.com\/web\/wp-content\/uploads\/2026\/04\/destacada-Alvaro-Torres-Trio-Mairena-1080.jpg?resize=350%2C200&ssl=1","width":350,"height":200,"srcset":"https:\/\/i0.wp.com\/tomajazz.com\/web\/wp-content\/uploads\/2026\/04\/destacada-Alvaro-Torres-Trio-Mairena-1080.jpg?resize=350%2C200&ssl=1 1x, https:\/\/i0.wp.com\/tomajazz.com\/web\/wp-content\/uploads\/2026\/04\/destacada-Alvaro-Torres-Trio-Mairena-1080.jpg?resize=525%2C300&ssl=1 1.5x, https:\/\/i0.wp.com\/tomajazz.com\/web\/wp-content\/uploads\/2026\/04\/destacada-Alvaro-Torres-Trio-Mairena-1080.jpg?resize=700%2C400&ssl=1 2x"},"classes":[]},{"id":52112,"url":"https:\/\/tomajazz.com\/web\/universos-paralelos-emision-17-de-septiembre-de-2020-t-26-p-03-noticias-de-jazz\/","url_meta":{"origin":49973,"position":1},"title":"Universos Paralelos: emisi\u00f3n 17 de septiembre de 2020 (T.26 P.03) [Noticias de jazz]","author":"Tomajazz","date":"17 septiembre, 2020","format":false,"excerpt":"Disponible una nueva entrega, la tercera de la temporada 2020-21, del programa de radio Universos Paralelos de don Sergio Cabanillas.","rel":"","context":"En \u00ab*_Redacci\u00f3n\u00bb","block_context":{"text":"*_Redacci\u00f3n","link":"https:\/\/tomajazz.com\/web\/category\/redaccion\/"},"img":{"alt_text":"","src":"https:\/\/i0.wp.com\/tomajazz.com\/web\/wp-content\/uploads\/2020\/09\/MARCOS_PIN_NEW_ONE.jpg?resize=350%2C200&ssl=1","width":350,"height":200},"classes":[]},{"id":105041,"url":"https:\/\/tomajazz.com\/web\/universos-paralelos-up-t31-p26-2025-26\/","url_meta":{"origin":49973,"position":2},"title":"Universos Paralelos: emisi\u00f3n 23 de abril de 2026 (UP.T.31 P.26) [Noticias de jazz]","author":"Tomajazz","date":"25 abril, 2026","format":false,"excerpt":"En el programa del 23 de abril de 2026, lo nuevo de Marcos Pin en portada de Universos Paralelos UP. Adem\u00e1s, Sergio Cabanillas selecciona m\u00fasicas de Chad Wackerman \/ Alex Machacek \/ Steve Hunt\/ Jimmy Haslip, Srdjan Ivanovic Blazin' Quartet, Ross Stanley \/ Gilad Atzmon \/ Joel Barford, Third Coast\u2026","rel":"","context":"En \u00abUniversos Paralelos - UP\u00bb","block_context":{"text":"Universos Paralelos - UP","link":"https:\/\/tomajazz.com\/web\/category\/contenidos\/noticias-2\/universos-paralelos-up\/"},"img":{"alt_text":"Universos Paralelos: emisi\u00f3n 23 de abril de 2026 (UP.T.31 P.26) [Noticias de jazz] - Tomajazz - En el programa del 23 de abril de 2026, lo nuevo de Marcos Pin en portada de Universos Paralelos UP. Adem\u00e1s, Sergio Cabanillas selecciona m\u00fasicas de Chad Wackerman \/ Alex Machacek \/ Steve Hunt\/ Jimmy Haslip, Srdjan Ivanovic Blazin' Quartet, Ross Stanley \/ Gilad Atzmon \/ Joel Barford, Third Coast Percussion","src":"https:\/\/i0.wp.com\/tomajazz.com\/web\/wp-content\/uploads\/2026\/04\/01-DESTACADA-Marcos-Pin-Smile-1080.jpg?resize=350%2C200&ssl=1","width":350,"height":200,"srcset":"https:\/\/i0.wp.com\/tomajazz.com\/web\/wp-content\/uploads\/2026\/04\/01-DESTACADA-Marcos-Pin-Smile-1080.jpg?resize=350%2C200&ssl=1 1x, https:\/\/i0.wp.com\/tomajazz.com\/web\/wp-content\/uploads\/2026\/04\/01-DESTACADA-Marcos-Pin-Smile-1080.jpg?resize=525%2C300&ssl=1 1.5x, https:\/\/i0.wp.com\/tomajazz.com\/web\/wp-content\/uploads\/2026\/04\/01-DESTACADA-Marcos-Pin-Smile-1080.jpg?resize=700%2C400&ssl=1 2x"},"classes":[]},{"id":105026,"url":"https:\/\/tomajazz.com\/web\/universos-paralelos-up-t31-p25-2025-26\/","url_meta":{"origin":49973,"position":3},"title":"Universos Paralelos: emisi\u00f3n 16 de abril de 2026 (UP.T.31 P.25) [Noticias de jazz]","author":"Tomajazz","date":"22 abril, 2026","format":false,"excerpt":"En Universos Paralelos del 16 de abril de 2026, Sergio Cabanillas elige lo nuevo de V\u00edctor de Diego como disco de portada. Adem\u00e1s suena m\u00fasica de Juzz, Rai Castells, Manuel \u00c1lvarez Trio, Baptiste Bailly \/ Matthew Baker \/ Efr\u00e9n L\u00f3pez #Noticiasdejazz","rel":"","context":"En \u00ab*_Redacci\u00f3n\u00bb","block_context":{"text":"*_Redacci\u00f3n","link":"https:\/\/tomajazz.com\/web\/category\/redaccion\/"},"img":{"alt_text":"Universos Paralelos: emisi\u00f3n 16 de abril de 2026 (UP.T.31 P.25) [Noticias de jazz] - Tomajazz - En Universos Paralelos del 16 de abril de 2026, Sergio Cabanillas elige lo nuevo de V\u00edctor de Diego como disco de portada. Adem\u00e1s suena m\u00fasica de Juzz, Rai Castells, Manuel \u00c1lvarez Trio, Baptiste Bailly \/ Matthew Baker \/ Efr\u00e9n L\u00f3pez #Noticiasdejazz","src":"https:\/\/i0.wp.com\/tomajazz.com\/web\/wp-content\/uploads\/2026\/04\/portada-Victor-De-Diego-Haize-1080.jpg?resize=350%2C200&ssl=1","width":350,"height":200,"srcset":"https:\/\/i0.wp.com\/tomajazz.com\/web\/wp-content\/uploads\/2026\/04\/portada-Victor-De-Diego-Haize-1080.jpg?resize=350%2C200&ssl=1 1x, https:\/\/i0.wp.com\/tomajazz.com\/web\/wp-content\/uploads\/2026\/04\/portada-Victor-De-Diego-Haize-1080.jpg?resize=525%2C300&ssl=1 1.5x, https:\/\/i0.wp.com\/tomajazz.com\/web\/wp-content\/uploads\/2026\/04\/portada-Victor-De-Diego-Haize-1080.jpg?resize=700%2C400&ssl=1 2x"},"classes":[]},{"id":50411,"url":"https:\/\/tomajazz.com\/web\/universos-paralelos-emision-30-de-abril-de-2020-noticias-yomequedoencasa-istayathome-2\/","url_meta":{"origin":49973,"position":4},"title":"Universos Paralelos: emisi\u00f3n 30 de abril de 2020 [Noticias] #YoMeQuedoEnCasa \/ #IStayAtHome","author":"Tomajazz","date":"30 abril, 2020","format":false,"excerpt":"Disponible una nueva edici\u00f3n del programa de radio Universos Paralelos de Sergio Cabanillas, disfrutable en cualquier momento y lugar podcast mediante.","rel":"","context":"En \u00abNoticias\u00bb","block_context":{"text":"Noticias","link":"https:\/\/tomajazz.com\/web\/category\/contenidos\/noticias-2\/"},"img":{"alt_text":"","src":"https:\/\/i0.wp.com\/tomajazz.com\/web\/wp-content\/uploads\/2017\/11\/UP_AVATAR2.jpg?resize=350%2C200&ssl=1","width":350,"height":200},"classes":[]},{"id":50990,"url":"https:\/\/tomajazz.com\/web\/universos-paralelos-emision-2-de-julio-de-2020-noticias-de-jazz\/","url_meta":{"origin":49973,"position":5},"title":"Universos Paralelos: emisi\u00f3n 2 de julio de 2020 [Noticias de jazz]","author":"Tomajazz","date":"2 julio, 2020","format":false,"excerpt":"Disponible la edici\u00f3n del 2 de julio de 2020 del programa de radio Universos Paralelos que dirige Sergio Cabanillas. En el mes de julio contin\u00faa la temporada de UP, que tomar\u00e1 su descanso bien merecido en el mes de agosto.","rel":"","context":"En \u00abNoticias\u00bb","block_context":{"text":"Noticias","link":"https:\/\/tomajazz.com\/web\/category\/contenidos\/noticias-2\/"},"img":{"alt_text":"","src":"https:\/\/i0.wp.com\/tomajazz.com\/web\/wp-content\/uploads\/2017\/11\/UP_AVATAR2.jpg?resize=350%2C200&ssl=1","width":350,"height":200},"classes":[]}],"_links":{"self":[{"href":"https:\/\/tomajazz.com\/web\/wp-json\/wp\/v2\/posts\/49973","targetHints":{"allow":["GET"]}}],"collection":[{"href":"https:\/\/tomajazz.com\/web\/wp-json\/wp\/v2\/posts"}],"about":[{"href":"https:\/\/tomajazz.com\/web\/wp-json\/wp\/v2\/types\/post"}],"author":[{"embeddable":true,"href":"https:\/\/tomajazz.com\/web\/wp-json\/wp\/v2\/users\/1"}],"replies":[{"embeddable":true,"href":"https:\/\/tomajazz.com\/web\/wp-json\/wp\/v2\/comments?post=49973"}],"version-history":[{"count":1,"href":"https:\/\/tomajazz.com\/web\/wp-json\/wp\/v2\/posts\/49973\/revisions"}],"predecessor-version":[{"id":49975,"href":"https:\/\/tomajazz.com\/web\/wp-json\/wp\/v2\/posts\/49973\/revisions\/49975"}],"wp:featuredmedia":[{"embeddable":true,"href":"https:\/\/tomajazz.com\/web\/wp-json\/wp\/v2\/media\/49974"}],"wp:attachment":[{"href":"https:\/\/tomajazz.com\/web\/wp-json\/wp\/v2\/media?parent=49973"}],"wp:term":[{"taxonomy":"category","embeddable":true,"href":"https:\/\/tomajazz.com\/web\/wp-json\/wp\/v2\/categories?post=49973"},{"taxonomy":"post_tag","embeddable":true,"href":"https:\/\/tomajazz.com\/web\/wp-json\/wp\/v2\/tags?post=49973"}],"curies":[{"name":"wp","href":"https:\/\/api.w.org\/{rel}","templated":true}]}}