{"id":50056,"date":"2020-03-29T17:56:42","date_gmt":"2020-03-29T15:56:42","guid":{"rendered":"https:\/\/www.tomajazz.com\/web\/?p=50056"},"modified":"2021-07-18T13:21:53","modified_gmt":"2021-07-18T11:21:53","slug":"segunda-entrega-de-jazz-on-lockdown-jazz-en-contencion-noticias-yomequedoencasa-istayathome","status":"publish","type":"post","link":"https:\/\/tomajazz.com\/web\/segunda-entrega-de-jazz-on-lockdown-jazz-en-contencion-noticias-yomequedoencasa-istayathome\/","title":{"rendered":"Segunda entrega de Jazz On Lockdown &#8211; Jazz en contenci\u00f3n [Noticias] #YoMeQuedoEnCasa \/ #IStayAtHome"},"content":{"rendered":"<p>Por\u00a0<strong>Redacci\u00f3n<\/strong>.<\/p>\n<p style=\"text-align: center;\"><img loading=\"lazy\" decoding=\"async\" class=\"aligncenter size-large wp-image-49687\" src=\"https:\/\/tomajazz.com\/web\/wp-content\/uploads\/2020\/03\/Jazz-On-Lockdown-600x243.jpg\" alt=\"\" width=\"600\" height=\"243\" title=\"\" srcset=\"https:\/\/tomajazz.com\/web\/wp-content\/uploads\/2020\/03\/Jazz-On-Lockdown-600x243.jpg 600w, https:\/\/tomajazz.com\/web\/wp-content\/uploads\/2020\/03\/Jazz-On-Lockdown-200x81.jpg 200w, https:\/\/tomajazz.com\/web\/wp-content\/uploads\/2020\/03\/Jazz-On-Lockdown-136x55.jpg 136w, https:\/\/tomajazz.com\/web\/wp-content\/uploads\/2020\/03\/Jazz-On-Lockdown.jpg 730w\" sizes=\"auto, (max-width: 600px) 100vw, 600px\" \/><\/p>\n<p>Ya est\u00e1 disponible en MissingDuke.com, la segunda entrega de <strong>Jazz On Lockdown &#8211; Jazz en contenci\u00f3n<\/strong>, <a href=\"http:\/\/www.missingduke.com\/2020\/03\/jazz-en-contencion-entrega-ii.html\" target=\"_blank\" rel=\"noopener\">http:\/\/www.missingduke.com\/2020\/03\/jazz-en-contencion-entrega-ii.html<\/a>, con conciertos de Cristina Mora y Baldo Mart\u00ednez, adem\u00e1s de m\u00e1s informaci\u00f3n acerca de este proyecto de jazz global. #YoMeQuedoEnCasa \/ #IStayAtHome<\/p>\n","protected":false},"excerpt":{"rendered":"<p>Por\u00a0Redacci\u00f3n. Ya est\u00e1 disponible en MissingDuke.com, la segunda entrega de Jazz On Lockdown &#8211; Jazz en contenci\u00f3n, http:\/\/www.missingduke.com\/2020\/03\/jazz-en-contencion-entrega-ii.html, con conciertos de Cristina Mora y Baldo Mart\u00ednez, adem\u00e1s de m\u00e1s informaci\u00f3n acerca de este proyecto de jazz global. #YoMeQuedoEnCasa \/ #IStayAtHome<span class=\"more-link\"><a href=\"https:\/\/tomajazz.com\/web\/segunda-entrega-de-jazz-on-lockdown-jazz-en-contencion-noticias-yomequedoencasa-istayathome\/\">Contin\u00faa leyendo<\/a><\/span><\/p>\n","protected":false},"author":1,"featured_media":49687,"comment_status":"open","ping_status":"closed","sticky":false,"template":"","format":"standard","meta":{"jetpack_post_was_ever_published":false,"_jetpack_newsletter_access":"","_jetpack_dont_email_post_to_subs":false,"_jetpack_newsletter_tier_id":0,"_jetpack_memberships_contains_paywalled_content":false,"_jetpack_memberships_contains_paid_content":false,"footnotes":""},"categories":[17858,15795,1038],"tags":[11856,15296],"class_list":["entry","author-pachi","post-50056","post","type-post","status-publish","format-standard","has-post-thumbnail","category-redaccion","category-noticias-2","category-contenidos","tag-noticias","tag-noticias-de-jazz"],"jetpack_featured_media_url":"https:\/\/tomajazz.com\/web\/wp-content\/uploads\/2020\/03\/Jazz-On-Lockdown.jpg","jetpack_likes_enabled":true,"jetpack_sharing_enabled":true,"jetpack-related-posts":[{"id":49714,"url":"https:\/\/tomajazz.com\/web\/primera-entrega-de-jazz-on-lockdown-jazz-en-contencion-noticias-yomequedoencasa-istayathome\/","url_meta":{"origin":50056,"position":0},"title":"Primera entrega de Jazz On Lockdown &#8211; Jazz en contenci\u00f3n [Noticias] #YoMeQuedoEnCasa \/ #IStayAtHome","author":"Tomajazz","date":"15 marzo, 2020","format":false,"excerpt":"Ya est\u00e1 disponible la primera tanda de conciertos del proyecto Jazz On Lockdown - Jazz en contenci\u00f3n, con m\u00fasica de Pablo Mart\u00edn Caminero Quintet, Tressit, Gnawa Collective, Manolo Pereira Tr\u00edo, Itziar Yag\u00fce Tr\u00edo y David Regueiro Tr\u00edo. #YoMeQuedoEnCasa \/ #IStayAtHome","rel":"","context":"En \u00ab*_Redacci\u00f3n\u00bb","block_context":{"text":"*_Redacci\u00f3n","link":"https:\/\/tomajazz.com\/web\/category\/redaccion\/"},"img":{"alt_text":"","src":"https:\/\/i0.wp.com\/tomajazz.com\/web\/wp-content\/uploads\/2020\/03\/Jazz-On-Lockdown.jpg?resize=350%2C200&ssl=1","width":350,"height":200,"srcset":"https:\/\/i0.wp.com\/tomajazz.com\/web\/wp-content\/uploads\/2020\/03\/Jazz-On-Lockdown.jpg?resize=350%2C200&ssl=1 1x, https:\/\/i0.wp.com\/tomajazz.com\/web\/wp-content\/uploads\/2020\/03\/Jazz-On-Lockdown.jpg?resize=525%2C300&ssl=1 1.5x, https:\/\/i0.wp.com\/tomajazz.com\/web\/wp-content\/uploads\/2020\/03\/Jazz-On-Lockdown.jpg?resize=700%2C400&ssl=1 2x"},"classes":[]},{"id":49686,"url":"https:\/\/tomajazz.com\/web\/jazz-on-lockdown-jazz-en-contencion-noticias\/","url_meta":{"origin":50056,"position":1},"title":"Jazz On Lockdown &#8211; Jazz en contenci\u00f3n [Noticias] #YoMeQuedoEnCasa \/ #IStayAtHome","author":"Tomajazz","date":"14 marzo, 2020","format":false,"excerpt":"El blog Missingduke ha abierto el proyecto Jazz On Lockdown - Jazz en contenci\u00f3n, para que los m\u00fasicos afectados por la cancelaci\u00f3n de sus conciertos puedan seguir haciendo sonar su m\u00fasica. Si conoces alg\u00fan m\u00fasico que haya tenido que cancelar su concierto, \u00a1comp\u00e1rteselo!","rel":"","context":"En \u00ab*_Pachi Tapiz\u00bb","block_context":{"text":"*_Pachi Tapiz","link":"https:\/\/tomajazz.com\/web\/category\/pachi-tapiz\/"},"img":{"alt_text":"","src":"https:\/\/i0.wp.com\/tomajazz.com\/web\/wp-content\/uploads\/2020\/03\/Jazz-On-Lockdown.jpg?resize=350%2C200&ssl=1","width":350,"height":200,"srcset":"https:\/\/i0.wp.com\/tomajazz.com\/web\/wp-content\/uploads\/2020\/03\/Jazz-On-Lockdown.jpg?resize=350%2C200&ssl=1 1x, https:\/\/i0.wp.com\/tomajazz.com\/web\/wp-content\/uploads\/2020\/03\/Jazz-On-Lockdown.jpg?resize=525%2C300&ssl=1 1.5x, https:\/\/i0.wp.com\/tomajazz.com\/web\/wp-content\/uploads\/2020\/03\/Jazz-On-Lockdown.jpg?resize=700%2C400&ssl=1 2x"},"classes":[]},{"id":49808,"url":"https:\/\/tomajazz.com\/web\/universos-paralelos-emision-12-de-marzo-de-2020-noticias-yomequedoencasa-istayathome\/","url_meta":{"origin":50056,"position":2},"title":"Universos Paralelos: emisi\u00f3n 19 de marzo de 2020 [Noticias] #YoMeQuedoEnCasa \/ #IStayAtHome","author":"Tomajazz","date":"19 marzo, 2020","format":false,"excerpt":"Disponible una nueva entrega del programa de radio Universos Paralelos de Sergio Cabanillas. Como destacado en portada, el disco Jamboree Live 19 de Alexis Alonso Quartet. Y recuerda... #YoMeQuedoEnCasa \/ #IStayAtHome","rel":"","context":"En \u00ab*_Redacci\u00f3n\u00bb","block_context":{"text":"*_Redacci\u00f3n","link":"https:\/\/tomajazz.com\/web\/category\/redaccion\/"},"img":{"alt_text":"","src":"https:\/\/i0.wp.com\/tomajazz.com\/web\/wp-content\/uploads\/2017\/11\/UP_AVATAR2.jpg?resize=350%2C200&ssl=1","width":350,"height":200},"classes":[]},{"id":50115,"url":"https:\/\/tomajazz.com\/web\/wallace-roney-in-memoriam-yomequedoencasa-istayathome\/","url_meta":{"origin":50056,"position":3},"title":"Wallace Roney In Memoriam #YoMeQuedoEnCasa \/ #IStayAtHome","author":"Tomajazz","date":"3 abril, 2020","format":false,"excerpt":"En Tomajazz dedicamos un In Memoriam al trompetista Wallace Roney, ilustrado por una fotograf\u00eda de Joan Cort\u00e8s. Y recuerda... #YoNoSalgo #IStayAtHome","rel":"","context":"En \u00abTomajazz (la revista) al completo\u00bb","block_context":{"text":"Tomajazz (la revista) al completo","link":"https:\/\/tomajazz.com\/web\/category\/contenidos\/"},"img":{"alt_text":"","src":"https:\/\/i0.wp.com\/tomajazz.com\/web\/wp-content\/uploads\/2020\/04\/In-Memoriam_Wllc-Rny_%C2%A9Joan-Cort%C3%A8s_09oct15_Jamboree.jpg?resize=350%2C200&ssl=1","width":350,"height":200},"classes":[]},{"id":50215,"url":"https:\/\/tomajazz.com\/web\/universos-paralelos-emision-16-de-abril-de-2020-noticias-yomequedoencasa-istayathome\/","url_meta":{"origin":50056,"position":4},"title":"Universos Paralelos: emisi\u00f3n 16 de abril de 2020 [Noticias] #YoMeQuedoEnCasa \/ #IStayAtHome","author":"Tomajazz","date":"16 abril, 2020","format":false,"excerpt":"Disponible una nueva edici\u00f3n del programa de radio Universos Paralelos de Sergio Cabanillas. Y recuerda: #YoMeQuedoEnCasa \/ #IStayAtHome","rel":"","context":"En \u00ab*_Redacci\u00f3n\u00bb","block_context":{"text":"*_Redacci\u00f3n","link":"https:\/\/tomajazz.com\/web\/category\/redaccion\/"},"img":{"alt_text":"","src":"https:\/\/i0.wp.com\/tomajazz.com\/web\/wp-content\/uploads\/2017\/11\/UP_AVATAR2.jpg?resize=350%2C200&ssl=1","width":350,"height":200},"classes":[]},{"id":50094,"url":"https:\/\/tomajazz.com\/web\/universos-paralelos-emision-2-de-abril-de-2020-noticias-yomequedoencasa-istayathome\/","url_meta":{"origin":50056,"position":5},"title":"Universos Paralelos: emisi\u00f3n 2 de abril de 2020 [Noticias] #YoMeQuedoEnCasa \/ #IStayAtHome","author":"Tomajazz","date":"2 abril, 2020","format":false,"excerpt":"#YoMeQuedoEnCasa #ISTayAtHome Por ejemplo, escuchando una nueva edici\u00f3n del programa Universos Paralelos de Sergio Cabanillas. La del d\u00eda 2 de abril de 2020, por ejemplo, en la que suenan (entre otros), Dr. Bob\u00f4, Ben Eunson, Aki Rissanen, Juan Vinuesa & The Monkeys Co., Javier Red's Imagery Converter...","rel":"","context":"En \u00ab*_Redacci\u00f3n\u00bb","block_context":{"text":"*_Redacci\u00f3n","link":"https:\/\/tomajazz.com\/web\/category\/redaccion\/"},"img":{"alt_text":"","src":"https:\/\/i0.wp.com\/tomajazz.com\/web\/wp-content\/uploads\/2020\/04\/SAVE_20200401_241417.jpg?resize=350%2C200&ssl=1","width":350,"height":200},"classes":[]}],"_links":{"self":[{"href":"https:\/\/tomajazz.com\/web\/wp-json\/wp\/v2\/posts\/50056","targetHints":{"allow":["GET"]}}],"collection":[{"href":"https:\/\/tomajazz.com\/web\/wp-json\/wp\/v2\/posts"}],"about":[{"href":"https:\/\/tomajazz.com\/web\/wp-json\/wp\/v2\/types\/post"}],"author":[{"embeddable":true,"href":"https:\/\/tomajazz.com\/web\/wp-json\/wp\/v2\/users\/1"}],"replies":[{"embeddable":true,"href":"https:\/\/tomajazz.com\/web\/wp-json\/wp\/v2\/comments?post=50056"}],"version-history":[{"count":2,"href":"https:\/\/tomajazz.com\/web\/wp-json\/wp\/v2\/posts\/50056\/revisions"}],"predecessor-version":[{"id":50058,"href":"https:\/\/tomajazz.com\/web\/wp-json\/wp\/v2\/posts\/50056\/revisions\/50058"}],"wp:featuredmedia":[{"embeddable":true,"href":"https:\/\/tomajazz.com\/web\/wp-json\/wp\/v2\/media\/49687"}],"wp:attachment":[{"href":"https:\/\/tomajazz.com\/web\/wp-json\/wp\/v2\/media?parent=50056"}],"wp:term":[{"taxonomy":"category","embeddable":true,"href":"https:\/\/tomajazz.com\/web\/wp-json\/wp\/v2\/categories?post=50056"},{"taxonomy":"post_tag","embeddable":true,"href":"https:\/\/tomajazz.com\/web\/wp-json\/wp\/v2\/tags?post=50056"}],"curies":[{"name":"wp","href":"https:\/\/api.w.org\/{rel}","templated":true}]}}