{"id":50098,"date":"2020-04-02T12:00:40","date_gmt":"2020-04-02T10:00:40","guid":{"rendered":"https:\/\/www.tomajazz.com\/web\/?p=50098"},"modified":"2022-08-26T00:53:34","modified_gmt":"2022-08-25T22:53:34","slug":"instantzz-mayte-alguacil-michael-kanan-trio-prueba-de-sonido-mas-una-30e-jazz-granollers-festival-casino-de-granollers-club-de-ritme-granollers-barcelona-2020-01-31-galeria-fot","status":"publish","type":"post","link":"https:\/\/tomajazz.com\/web\/instantzz-mayte-alguacil-michael-kanan-trio-prueba-de-sonido-mas-una-30e-jazz-granollers-festival-casino-de-granollers-club-de-ritme-granollers-barcelona-2020-01-31-galeria-fot\/","title":{"rendered":"INSTANTZZ: Mayte Alguacil &#038; Michael Kanan Trio -prueba de sonido m\u00e1s una- (30\u00e8 Jazz Granollers Festival, Casino de Granollers \u2013 Club de Ritme, Granollers -Barcelona-.  2020-01-31) [Galer\u00eda fotogr\u00e1fica] #YoMeQuedoEnCasa #IStayAtHome"},"content":{"rendered":"<p>Por\u00a0<strong>Joan Cort\u00e8s<\/strong>.<\/p>\n<ul>\n<li>Fecha: Viernes, 31 de enero de 2020<\/li>\n<li>Lugar: Casino de Granollers &#8211; Club de Ritme (Granollers -Barcelona-)<\/li>\n<li>Grupo:<br \/>\n<strong>Mayte Alguacil &amp; Michael Kanan Trio<br \/>\n<\/strong>Mayte Alguacil, voz<br \/>\nMichael Kanan, piano<br \/>\nHoracio Fumero, contrabajo<br \/>\nGuillem Arnedo, bater\u00eda<\/li>\n<\/ul>\n<p style=\"text-align: center;\"><img loading=\"lazy\" decoding=\"async\" class=\"aligncenter size-full wp-image-50099\" src=\"https:\/\/tomajazz.com\/web\/wp-content\/uploads\/2020\/04\/01_Myt-lgcl-Mchl-Knn-Tr-\u00a9Joan-Cort\u00e8s_31gen20_30FJG_CCdR_Grn.jpg\" alt=\"\" width=\"600\" height=\"400\" title=\"\" srcset=\"https:\/\/tomajazz.com\/web\/wp-content\/uploads\/2020\/04\/01_Myt-lgcl-Mchl-Knn-Tr-\u00a9Joan-Cort\u00e8s_31gen20_30FJG_CCdR_Grn.jpg 600w, https:\/\/tomajazz.com\/web\/wp-content\/uploads\/2020\/04\/01_Myt-lgcl-Mchl-Knn-Tr-\u00a9Joan-Cort\u00e8s_31gen20_30FJG_CCdR_Grn-200x133.jpg 200w, https:\/\/tomajazz.com\/web\/wp-content\/uploads\/2020\/04\/01_Myt-lgcl-Mchl-Knn-Tr-\u00a9Joan-Cort\u00e8s_31gen20_30FJG_CCdR_Grn-83x55.jpg 83w, https:\/\/tomajazz.com\/web\/wp-content\/uploads\/2020\/04\/01_Myt-lgcl-Mchl-Knn-Tr-\u00a9Joan-Cort\u00e8s_31gen20_30FJG_CCdR_Grn-60x40.jpg 60w, https:\/\/tomajazz.com\/web\/wp-content\/uploads\/2020\/04\/01_Myt-lgcl-Mchl-Knn-Tr-\u00a9Joan-Cort\u00e8s_31gen20_30FJG_CCdR_Grn-120x80.jpg 120w\" sizes=\"auto, (max-width: 600px) 100vw, 600px\" \/> <img loading=\"lazy\" decoding=\"async\" class=\"aligncenter size-large wp-image-50100\" src=\"https:\/\/tomajazz.com\/web\/wp-content\/uploads\/2020\/04\/02_Myt-lgcl-Mchl-Knn-Tr-\u00a9Joan-Cort\u00e8s_31gen20_30FJG_CCdR_Grn.jpg\" alt=\"\" width=\"600\" height=\"400\" title=\"\" srcset=\"https:\/\/tomajazz.com\/web\/wp-content\/uploads\/2020\/04\/02_Myt-lgcl-Mchl-Knn-Tr-\u00a9Joan-Cort\u00e8s_31gen20_30FJG_CCdR_Grn.jpg 600w, https:\/\/tomajazz.com\/web\/wp-content\/uploads\/2020\/04\/02_Myt-lgcl-Mchl-Knn-Tr-\u00a9Joan-Cort\u00e8s_31gen20_30FJG_CCdR_Grn-200x133.jpg 200w, https:\/\/tomajazz.com\/web\/wp-content\/uploads\/2020\/04\/02_Myt-lgcl-Mchl-Knn-Tr-\u00a9Joan-Cort\u00e8s_31gen20_30FJG_CCdR_Grn-83x55.jpg 83w, https:\/\/tomajazz.com\/web\/wp-content\/uploads\/2020\/04\/02_Myt-lgcl-Mchl-Knn-Tr-\u00a9Joan-Cort\u00e8s_31gen20_30FJG_CCdR_Grn-60x40.jpg 60w, https:\/\/tomajazz.com\/web\/wp-content\/uploads\/2020\/04\/02_Myt-lgcl-Mchl-Knn-Tr-\u00a9Joan-Cort\u00e8s_31gen20_30FJG_CCdR_Grn-120x80.jpg 120w\" sizes=\"auto, (max-width: 600px) 100vw, 600px\" \/> <img loading=\"lazy\" decoding=\"async\" class=\"aligncenter size-large wp-image-50101\" src=\"https:\/\/tomajazz.com\/web\/wp-content\/uploads\/2020\/04\/03_Myt-lgcl-Mchl-Knn-Tr-\u00a9Joan-Cort\u00e8s_31gen20_30FJG_CCdR_Grn.jpg\" alt=\"\" width=\"400\" height=\"600\" title=\"\" srcset=\"https:\/\/tomajazz.com\/web\/wp-content\/uploads\/2020\/04\/03_Myt-lgcl-Mchl-Knn-Tr-\u00a9Joan-Cort\u00e8s_31gen20_30FJG_CCdR_Grn.jpg 400w, https:\/\/tomajazz.com\/web\/wp-content\/uploads\/2020\/04\/03_Myt-lgcl-Mchl-Knn-Tr-\u00a9Joan-Cort\u00e8s_31gen20_30FJG_CCdR_Grn-200x300.jpg 200w, https:\/\/tomajazz.com\/web\/wp-content\/uploads\/2020\/04\/03_Myt-lgcl-Mchl-Knn-Tr-\u00a9Joan-Cort\u00e8s_31gen20_30FJG_CCdR_Grn-37x55.jpg 37w\" sizes=\"auto, (max-width: 400px) 100vw, 400px\" \/> <img loading=\"lazy\" decoding=\"async\" class=\"aligncenter size-large wp-image-50102\" src=\"https:\/\/tomajazz.com\/web\/wp-content\/uploads\/2020\/04\/04_Myt-lgcl-Mchl-Knn-Tr-\u00a9Joan-Cort\u00e8s_31gen20_30FJG_CCdR_Grn.jpg\" alt=\"\" width=\"400\" height=\"600\" title=\"\" srcset=\"https:\/\/tomajazz.com\/web\/wp-content\/uploads\/2020\/04\/04_Myt-lgcl-Mchl-Knn-Tr-\u00a9Joan-Cort\u00e8s_31gen20_30FJG_CCdR_Grn.jpg 400w, https:\/\/tomajazz.com\/web\/wp-content\/uploads\/2020\/04\/04_Myt-lgcl-Mchl-Knn-Tr-\u00a9Joan-Cort\u00e8s_31gen20_30FJG_CCdR_Grn-200x300.jpg 200w, https:\/\/tomajazz.com\/web\/wp-content\/uploads\/2020\/04\/04_Myt-lgcl-Mchl-Knn-Tr-\u00a9Joan-Cort\u00e8s_31gen20_30FJG_CCdR_Grn-37x55.jpg 37w\" sizes=\"auto, (max-width: 400px) 100vw, 400px\" \/> <img loading=\"lazy\" decoding=\"async\" class=\"aligncenter size-large wp-image-50103\" src=\"https:\/\/tomajazz.com\/web\/wp-content\/uploads\/2020\/04\/05_Myt-lgcl-Mchl-Knn-Tr-\u00a9Joan-Cort\u00e8s_31gen20_30FJG_CCdR_Grn.jpg\" alt=\"\" width=\"600\" height=\"400\" title=\"\" srcset=\"https:\/\/tomajazz.com\/web\/wp-content\/uploads\/2020\/04\/05_Myt-lgcl-Mchl-Knn-Tr-\u00a9Joan-Cort\u00e8s_31gen20_30FJG_CCdR_Grn.jpg 600w, https:\/\/tomajazz.com\/web\/wp-content\/uploads\/2020\/04\/05_Myt-lgcl-Mchl-Knn-Tr-\u00a9Joan-Cort\u00e8s_31gen20_30FJG_CCdR_Grn-200x133.jpg 200w, https:\/\/tomajazz.com\/web\/wp-content\/uploads\/2020\/04\/05_Myt-lgcl-Mchl-Knn-Tr-\u00a9Joan-Cort\u00e8s_31gen20_30FJG_CCdR_Grn-83x55.jpg 83w, https:\/\/tomajazz.com\/web\/wp-content\/uploads\/2020\/04\/05_Myt-lgcl-Mchl-Knn-Tr-\u00a9Joan-Cort\u00e8s_31gen20_30FJG_CCdR_Grn-60x40.jpg 60w, https:\/\/tomajazz.com\/web\/wp-content\/uploads\/2020\/04\/05_Myt-lgcl-Mchl-Knn-Tr-\u00a9Joan-Cort\u00e8s_31gen20_30FJG_CCdR_Grn-120x80.jpg 120w\" sizes=\"auto, (max-width: 600px) 100vw, 600px\" \/> <img loading=\"lazy\" decoding=\"async\" class=\"aligncenter size-large wp-image-50104\" src=\"https:\/\/tomajazz.com\/web\/wp-content\/uploads\/2020\/04\/06_Myt-lgcl-Mchl-Knn-Tr-\u00a9Joan-Cort\u00e8s_31gen20_30FJG_CCdR_Grn.jpg\" alt=\"\" width=\"400\" height=\"600\" title=\"\" srcset=\"https:\/\/tomajazz.com\/web\/wp-content\/uploads\/2020\/04\/06_Myt-lgcl-Mchl-Knn-Tr-\u00a9Joan-Cort\u00e8s_31gen20_30FJG_CCdR_Grn.jpg 400w, https:\/\/tomajazz.com\/web\/wp-content\/uploads\/2020\/04\/06_Myt-lgcl-Mchl-Knn-Tr-\u00a9Joan-Cort\u00e8s_31gen20_30FJG_CCdR_Grn-200x300.jpg 200w, https:\/\/tomajazz.com\/web\/wp-content\/uploads\/2020\/04\/06_Myt-lgcl-Mchl-Knn-Tr-\u00a9Joan-Cort\u00e8s_31gen20_30FJG_CCdR_Grn-37x55.jpg 37w\" sizes=\"auto, (max-width: 400px) 100vw, 400px\" \/> <img loading=\"lazy\" decoding=\"async\" class=\"aligncenter size-large wp-image-50105\" src=\"https:\/\/tomajazz.com\/web\/wp-content\/uploads\/2020\/04\/07_Myt-lgcl-Mchl-Knn-Tr-\u00a9Joan-Cort\u00e8s_31gen20_30FJG_CCdR_Grn.jpg\" alt=\"\" width=\"600\" height=\"400\" title=\"\" srcset=\"https:\/\/tomajazz.com\/web\/wp-content\/uploads\/2020\/04\/07_Myt-lgcl-Mchl-Knn-Tr-\u00a9Joan-Cort\u00e8s_31gen20_30FJG_CCdR_Grn.jpg 600w, https:\/\/tomajazz.com\/web\/wp-content\/uploads\/2020\/04\/07_Myt-lgcl-Mchl-Knn-Tr-\u00a9Joan-Cort\u00e8s_31gen20_30FJG_CCdR_Grn-200x133.jpg 200w, https:\/\/tomajazz.com\/web\/wp-content\/uploads\/2020\/04\/07_Myt-lgcl-Mchl-Knn-Tr-\u00a9Joan-Cort\u00e8s_31gen20_30FJG_CCdR_Grn-83x55.jpg 83w, https:\/\/tomajazz.com\/web\/wp-content\/uploads\/2020\/04\/07_Myt-lgcl-Mchl-Knn-Tr-\u00a9Joan-Cort\u00e8s_31gen20_30FJG_CCdR_Grn-60x40.jpg 60w, https:\/\/tomajazz.com\/web\/wp-content\/uploads\/2020\/04\/07_Myt-lgcl-Mchl-Knn-Tr-\u00a9Joan-Cort\u00e8s_31gen20_30FJG_CCdR_Grn-120x80.jpg 120w\" sizes=\"auto, (max-width: 600px) 100vw, 600px\" \/> <img loading=\"lazy\" decoding=\"async\" class=\"aligncenter size-large wp-image-50106\" src=\"https:\/\/tomajazz.com\/web\/wp-content\/uploads\/2020\/04\/08_Myt-lgcl-Mchl-Knn-Tr-\u00a9Joan-Cort\u00e8s_31gen20_30FJG_CCdR_Grn.jpg\" alt=\"\" width=\"400\" height=\"600\" title=\"\" srcset=\"https:\/\/tomajazz.com\/web\/wp-content\/uploads\/2020\/04\/08_Myt-lgcl-Mchl-Knn-Tr-\u00a9Joan-Cort\u00e8s_31gen20_30FJG_CCdR_Grn.jpg 400w, https:\/\/tomajazz.com\/web\/wp-content\/uploads\/2020\/04\/08_Myt-lgcl-Mchl-Knn-Tr-\u00a9Joan-Cort\u00e8s_31gen20_30FJG_CCdR_Grn-200x300.jpg 200w, https:\/\/tomajazz.com\/web\/wp-content\/uploads\/2020\/04\/08_Myt-lgcl-Mchl-Knn-Tr-\u00a9Joan-Cort\u00e8s_31gen20_30FJG_CCdR_Grn-37x55.jpg 37w\" sizes=\"auto, (max-width: 400px) 100vw, 400px\" \/> <img loading=\"lazy\" decoding=\"async\" class=\"aligncenter size-large wp-image-50107\" src=\"https:\/\/tomajazz.com\/web\/wp-content\/uploads\/2020\/04\/09_Myt-lgcl-Mchl-Knn-Tr-\u00a9Joan-Cort\u00e8s_31gen20_30FJG_CCdR_Grn.jpg\" alt=\"\" width=\"400\" height=\"600\" title=\"\" srcset=\"https:\/\/tomajazz.com\/web\/wp-content\/uploads\/2020\/04\/09_Myt-lgcl-Mchl-Knn-Tr-\u00a9Joan-Cort\u00e8s_31gen20_30FJG_CCdR_Grn.jpg 400w, https:\/\/tomajazz.com\/web\/wp-content\/uploads\/2020\/04\/09_Myt-lgcl-Mchl-Knn-Tr-\u00a9Joan-Cort\u00e8s_31gen20_30FJG_CCdR_Grn-200x300.jpg 200w, https:\/\/tomajazz.com\/web\/wp-content\/uploads\/2020\/04\/09_Myt-lgcl-Mchl-Knn-Tr-\u00a9Joan-Cort\u00e8s_31gen20_30FJG_CCdR_Grn-37x55.jpg 37w\" sizes=\"auto, (max-width: 400px) 100vw, 400px\" \/> <img loading=\"lazy\" decoding=\"async\" class=\"aligncenter size-large wp-image-50108\" src=\"https:\/\/tomajazz.com\/web\/wp-content\/uploads\/2020\/04\/10_Myt-lgcl-Mchl-Knn-Tr-\u00a9Joan-Cort\u00e8s_31gen20_30FJG_CCdR_Grn.jpg\" alt=\"\" width=\"600\" height=\"400\" title=\"\" srcset=\"https:\/\/tomajazz.com\/web\/wp-content\/uploads\/2020\/04\/10_Myt-lgcl-Mchl-Knn-Tr-\u00a9Joan-Cort\u00e8s_31gen20_30FJG_CCdR_Grn.jpg 600w, https:\/\/tomajazz.com\/web\/wp-content\/uploads\/2020\/04\/10_Myt-lgcl-Mchl-Knn-Tr-\u00a9Joan-Cort\u00e8s_31gen20_30FJG_CCdR_Grn-200x133.jpg 200w, https:\/\/tomajazz.com\/web\/wp-content\/uploads\/2020\/04\/10_Myt-lgcl-Mchl-Knn-Tr-\u00a9Joan-Cort\u00e8s_31gen20_30FJG_CCdR_Grn-83x55.jpg 83w, https:\/\/tomajazz.com\/web\/wp-content\/uploads\/2020\/04\/10_Myt-lgcl-Mchl-Knn-Tr-\u00a9Joan-Cort\u00e8s_31gen20_30FJG_CCdR_Grn-60x40.jpg 60w, https:\/\/tomajazz.com\/web\/wp-content\/uploads\/2020\/04\/10_Myt-lgcl-Mchl-Knn-Tr-\u00a9Joan-Cort\u00e8s_31gen20_30FJG_CCdR_Grn-120x80.jpg 120w\" sizes=\"auto, (max-width: 600px) 100vw, 600px\" \/> <img loading=\"lazy\" decoding=\"async\" class=\"aligncenter size-large wp-image-50109\" src=\"https:\/\/tomajazz.com\/web\/wp-content\/uploads\/2020\/04\/11_Myt-lgcl-Mchl-Knn-Tr-\u00a9Joan-Cort\u00e8s_31gen20_30FJG_CCdR_Grn.jpg\" alt=\"\" width=\"400\" height=\"600\" title=\"\" srcset=\"https:\/\/tomajazz.com\/web\/wp-content\/uploads\/2020\/04\/11_Myt-lgcl-Mchl-Knn-Tr-\u00a9Joan-Cort\u00e8s_31gen20_30FJG_CCdR_Grn.jpg 400w, https:\/\/tomajazz.com\/web\/wp-content\/uploads\/2020\/04\/11_Myt-lgcl-Mchl-Knn-Tr-\u00a9Joan-Cort\u00e8s_31gen20_30FJG_CCdR_Grn-200x300.jpg 200w, https:\/\/tomajazz.com\/web\/wp-content\/uploads\/2020\/04\/11_Myt-lgcl-Mchl-Knn-Tr-\u00a9Joan-Cort\u00e8s_31gen20_30FJG_CCdR_Grn-37x55.jpg 37w\" sizes=\"auto, (max-width: 400px) 100vw, 400px\" \/> <img loading=\"lazy\" decoding=\"async\" class=\"aligncenter size-large wp-image-50110\" src=\"https:\/\/tomajazz.com\/web\/wp-content\/uploads\/2020\/04\/12_Myt-lgcl-Mchl-Knn-Tr-\u00a9Joan-Cort\u00e8s_31gen20_30FJG_CCdR_Grn.jpg\" alt=\"\" width=\"600\" height=\"400\" title=\"\" srcset=\"https:\/\/tomajazz.com\/web\/wp-content\/uploads\/2020\/04\/12_Myt-lgcl-Mchl-Knn-Tr-\u00a9Joan-Cort\u00e8s_31gen20_30FJG_CCdR_Grn.jpg 600w, https:\/\/tomajazz.com\/web\/wp-content\/uploads\/2020\/04\/12_Myt-lgcl-Mchl-Knn-Tr-\u00a9Joan-Cort\u00e8s_31gen20_30FJG_CCdR_Grn-200x133.jpg 200w, https:\/\/tomajazz.com\/web\/wp-content\/uploads\/2020\/04\/12_Myt-lgcl-Mchl-Knn-Tr-\u00a9Joan-Cort\u00e8s_31gen20_30FJG_CCdR_Grn-83x55.jpg 83w, https:\/\/tomajazz.com\/web\/wp-content\/uploads\/2020\/04\/12_Myt-lgcl-Mchl-Knn-Tr-\u00a9Joan-Cort\u00e8s_31gen20_30FJG_CCdR_Grn-60x40.jpg 60w, https:\/\/tomajazz.com\/web\/wp-content\/uploads\/2020\/04\/12_Myt-lgcl-Mchl-Knn-Tr-\u00a9Joan-Cort\u00e8s_31gen20_30FJG_CCdR_Grn-120x80.jpg 120w\" sizes=\"auto, (max-width: 600px) 100vw, 600px\" \/><\/p>\n<p style=\"text-align: right;\">Tomajazz: \u00a9\u00a0<strong>Joan Cort\u00e8s<\/strong>, 2020<\/p>\n","protected":false},"excerpt":{"rendered":"<p>Joan Cort\u00e9s retrata en INSTANTZZ, la prueba de sonido de Mayte Alguacil &#038; Michael Kanan Trio previa a su concierto en el 30\u00e8 Jazz Granollers Festival. Y aunque es bien sabido y conocido&#8230; #YoMeQuedoEnCasa #IStayAtHome<span class=\"more-link\"><a href=\"https:\/\/tomajazz.com\/web\/instantzz-mayte-alguacil-michael-kanan-trio-prueba-de-sonido-mas-una-30e-jazz-granollers-festival-casino-de-granollers-club-de-ritme-granollers-barcelona-2020-01-31-galeria-fot\/\">Contin\u00faa leyendo<\/a><\/span><\/p>\n","protected":false},"author":1,"featured_media":50103,"comment_status":"open","ping_status":"closed","sticky":false,"template":"","format":"standard","meta":{"jetpack_post_was_ever_published":false,"_jetpack_newsletter_access":"","_jetpack_dont_email_post_to_subs":false,"_jetpack_newsletter_tier_id":0,"_jetpack_memberships_contains_paywalled_content":false,"_jetpack_memberships_contains_paid_content":false,"footnotes":""},"categories":[11262,17853,15516,11261,1038],"tags":[24584,5113,1041,15627,24583,12234,12518],"class_list":["entry","author-pachi","has-excerpt","post-50098","post","type-post","status-publish","format-standard","has-post-thumbnail","category-photoblogs","category-joan-cortes","category-imagenes","category-instantzz","category-contenidos","tag-guillermo-arnedo","tag-horacio-fumero","tag-joan-cortes","tag-mayte-alguacil","tag-mayte-alguacil-michael-kanan-trio","tag-michael-kanan","tag-michael-kanan-trio"],"jetpack_featured_media_url":"https:\/\/tomajazz.com\/web\/wp-content\/uploads\/2020\/04\/05_Myt-lgcl-Mchl-Knn-Tr-\u00a9Joan-Cort\u00e8s_31gen20_30FJG_CCdR_Grn.jpg","jetpack_likes_enabled":true,"jetpack_sharing_enabled":true,"jetpack-related-posts":[{"id":57301,"url":"https:\/\/tomajazz.com\/web\/instantzz-mayte-alguacil-michael-kanan-festival-huesca-es-jazz-2021-galeria-fotografica-aka-fotoblog-de-jazz-impro-y-algo-mas-por-fabio-galicia\/","url_meta":{"origin":50098,"position":0},"title":"INSTANTZZ: Mayte Alguacil &#038; Michael Kanan (Festival Huesca es Jazz 2021) [Galer\u00eda fotogr\u00e1fica AKA Fotoblog de jazz, impro\u2026 y algo m\u00e1s] Por Fabio Galicia","author":"Tomajazz","date":"25 septiembre, 2021","format":false,"excerpt":"En INSTANTZZ una galer\u00eda fotogr\u00e1fica de Fabio Galicia con im\u00e1genes de la actuaci\u00f3n de Mayte Alguacil y Michael Kanan en un concierto celebrado en el Festival Huesca es Jazz.","rel":"","context":"En \u00abINSTANTZZ\u00bb","block_context":{"text":"INSTANTZZ","link":"https:\/\/tomajazz.com\/web\/category\/contenidos\/imagenes\/photoblogs\/instantzz\/"},"img":{"alt_text":"","src":"https:\/\/i0.wp.com\/tomajazz.com\/web\/wp-content\/uploads\/2021\/09\/04_Mayte-Alguacil-Michael-Kanan-1.jpg?resize=350%2C200&ssl=1","width":350,"height":200},"classes":[]},{"id":48813,"url":"https:\/\/tomajazz.com\/web\/30e-jazz-granollers-festival-enero-a-marzo-de-2020-noticias\/","url_meta":{"origin":50098,"position":1},"title":"30\u00e8 Jazz Granollers Festival (enero a marzo de 2020) [Noticias]","author":"Tomajazz","date":"31 enero, 2020","format":false,"excerpt":"El viernes 31 de enero comienza la trig\u00e9sima edici\u00f3n del Festival de Jazz de Granollers.","rel":"","context":"En \u00abNoticias\u00bb","block_context":{"text":"Noticias","link":"https:\/\/tomajazz.com\/web\/category\/contenidos\/noticias-2\/"},"img":{"alt_text":"","src":"https:\/\/i0.wp.com\/tomajazz.com\/web\/wp-content\/uploads\/2020\/01\/30%C3%A8-Jazz-Granollers-Festival.jpg?resize=350%2C200&ssl=1","width":350,"height":200,"srcset":"https:\/\/i0.wp.com\/tomajazz.com\/web\/wp-content\/uploads\/2020\/01\/30%C3%A8-Jazz-Granollers-Festival.jpg?resize=350%2C200&ssl=1 1x, https:\/\/i0.wp.com\/tomajazz.com\/web\/wp-content\/uploads\/2020\/01\/30%C3%A8-Jazz-Granollers-Festival.jpg?resize=525%2C300&ssl=1 1.5x, https:\/\/i0.wp.com\/tomajazz.com\/web\/wp-content\/uploads\/2020\/01\/30%C3%A8-Jazz-Granollers-Festival.jpg?resize=700%2C400&ssl=1 2x, https:\/\/i0.wp.com\/tomajazz.com\/web\/wp-content\/uploads\/2020\/01\/30%C3%A8-Jazz-Granollers-Festival.jpg?resize=1050%2C600&ssl=1 3x"},"classes":[]},{"id":17861,"url":"https:\/\/tomajazz.com\/web\/instantzz-michael-kanan-trio-25e-granollers-jazz-festival-casino-club-de-ritme-de-granollers-granollers-barcelona-2015-03-16\/","url_meta":{"origin":50098,"position":2},"title":"INSTANTZZ: Michael Kanan Trio (25\u00e8 Granollers Jazz Festival. Casino Club de Ritme de Granollers , Granollers, Barcelona. 2015-03-16)","author":"Tomajazz","date":"7 abril, 2015","format":false,"excerpt":"25\u00e8 Granollers Jazz Festival Fecha: Viernes, 06 de marzo de 2015 Lugar: Casino Club de Ritme de Granollers(Barcelona) Componentes: Michael Kanan Trio Michael Kanan,\u00a0piano DeeJay Foster, contrabajo Marc Miralta, bater\u00eda \u00a0 \u00a0\u00a9 Joan Cort\u00e8s, 2015","rel":"","context":"En \u00ab*_Joan Cort\u00e8s\u00bb","block_context":{"text":"*_Joan Cort\u00e8s","link":"https:\/\/tomajazz.com\/web\/category\/joan-cortes\/"},"img":{"alt_text":"","src":"https:\/\/i0.wp.com\/tomajazz.com\/web\/wp-content\/uploads\/2015\/04\/08_MKT-%C2%A9Joan-Cort%C3%A8s_06mar15_25GJF_CCdR_Gra.jpg?resize=350%2C200&ssl=1","width":350,"height":200,"srcset":"https:\/\/i0.wp.com\/tomajazz.com\/web\/wp-content\/uploads\/2015\/04\/08_MKT-%C2%A9Joan-Cort%C3%A8s_06mar15_25GJF_CCdR_Gra.jpg?resize=350%2C200&ssl=1 1x, https:\/\/i0.wp.com\/tomajazz.com\/web\/wp-content\/uploads\/2015\/04\/08_MKT-%C2%A9Joan-Cort%C3%A8s_06mar15_25GJF_CCdR_Gra.jpg?resize=525%2C300&ssl=1 1.5x"},"classes":[]},{"id":105012,"url":"https:\/\/tomajazz.com\/web\/lage-lund-trio-granollers-2026\/","url_meta":{"origin":50098,"position":3},"title":"Lage Lund Trio (36\u00e8 Jazz Granollers Festival \/ Casino, 2026-03-13 \/ Granollers -Barcelona-) [y III] Por Joan Cort\u00e8s [INSTANTZZ AKA Galer\u00eda fotogr\u00e1fica AKA Fotoblog de jazz, impro\u2026 y algo m\u00e1s]","author":"Tomajazz","date":"23 abril, 2026","format":false,"excerpt":"Lage Lund Trio actu\u00f3 en el 36\u00e8 Jazz Granollers Festival, el 13 de marzo de 2026. Joan Cort\u00e8s lo retrata en INSTANTZZ. Lage Lund Trio son Lage Lund, Orlando Le Fleming, Greg Hutchinson","rel":"","context":"En \u00ab36 Jazz Granollers Festival 2026\u00bb","block_context":{"text":"36 Jazz Granollers Festival 2026","link":"https:\/\/tomajazz.com\/web\/category\/contenidos\/especial-contenidos\/36-jazz-granollers-festival-2026\/"},"img":{"alt_text":"Lage Lund Trio (36\u00e8 Jazz Granollers Festival \/ Casino, 2026-03-13 \/ Granollers -Barcelona-) [y III] Por Joan Cort\u00e8s [INSTANTZZ AKA Galer\u00eda fotogr\u00e1fica AKA Fotoblog de jazz, impro\u2026 y algo m\u00e1s] - Tomajazz - Lage Lund Trio actu\u00f3 en el 36\u00e8 Jazz Granollers Festival, el 13 de marzo de 2026. Joan Cort\u00e8s lo retrata en INSTANTZZ. Lage Lund Trio son Lage Lund, Orlando Le Fleming, Greg Hutchinson","src":"https:\/\/i0.wp.com\/tomajazz.com\/web\/wp-content\/uploads\/2026\/04\/destacada-02-Lg-Lnd-Photo-by-Joan-Cortes-13mrc26-36JGF-Csn-Gr-bn.jpg?resize=350%2C200&ssl=1","width":350,"height":200,"srcset":"https:\/\/i0.wp.com\/tomajazz.com\/web\/wp-content\/uploads\/2026\/04\/destacada-02-Lg-Lnd-Photo-by-Joan-Cortes-13mrc26-36JGF-Csn-Gr-bn.jpg?resize=350%2C200&ssl=1 1x, https:\/\/i0.wp.com\/tomajazz.com\/web\/wp-content\/uploads\/2026\/04\/destacada-02-Lg-Lnd-Photo-by-Joan-Cortes-13mrc26-36JGF-Csn-Gr-bn.jpg?resize=525%2C300&ssl=1 1.5x"},"classes":[]},{"id":37883,"url":"https:\/\/tomajazz.com\/web\/instantzz-mayte-alguacil-trio-3a-edicion-a-jazz-de-mar-portocolom-mallorca-2018-07-07-galeria-fotografica\/","url_meta":{"origin":50098,"position":4},"title":"INSTANTZZ: Mayte Alguacil Trio (3\u00aa edici\u00f3n \u201cA Jazz de Mar\u201d. Portocolom, Mallorca. 2018-07-07) [Galer\u00eda fotogr\u00e1fica]","author":"Tomajazz","date":"19 julio, 2018","format":false,"excerpt":"Por\u00a0Jos\u00e9 Luis Luna Rocafort 3\u00aa edici\u00f3n \"A Jazz de Mar\" Fecha: Viernes, 07 de julio de 2018. 21:30h. Lugar: Mollet d'en Perell\u00f3. Portocolom (Mallorca) Grupo: Mayte Alguacil Trio Mayte Alguacil: voz Jaume Llombart: guitarra el\u00e9ctrica Bori Albero: contrabajo M\u00fasico invitado: Fernando Brox: flauta travesera Tomajazz:\u00a0\u00a9\u00a0Jos\u00e9 Luis Luna Rocafort, 2018","rel":"","context":"En \u00ab*_Jos\u00e9 Luis Luna Rocafort\u00bb","block_context":{"text":"*_Jos\u00e9 Luis Luna Rocafort","link":"https:\/\/tomajazz.com\/web\/category\/jose-luis-luna-rocafort\/"},"img":{"alt_text":"","src":"https:\/\/i0.wp.com\/tomajazz.com\/web\/wp-content\/uploads\/2018\/07\/004-4.jpg?resize=350%2C200&ssl=1","width":350,"height":200,"srcset":"https:\/\/i0.wp.com\/tomajazz.com\/web\/wp-content\/uploads\/2018\/07\/004-4.jpg?resize=350%2C200&ssl=1 1x, https:\/\/i0.wp.com\/tomajazz.com\/web\/wp-content\/uploads\/2018\/07\/004-4.jpg?resize=525%2C300&ssl=1 1.5x"},"classes":[]},{"id":38126,"url":"https:\/\/tomajazz.com\/web\/kanan-foster-arnedo-trio-en-concierto-13-al-19-de-agosto-de-2018-noticias\/","url_meta":{"origin":50098,"position":5},"title":"Kanan &#8211; Foster &#8211; Arnedo Trio en concierto (13 al 19 de agosto de 2018) [Noticias]","author":"Tomajazz","date":"27 julio, 2018","format":false,"excerpt":"Michael Kanan, Dee Jay Foster y Guillem Arnedo presentar\u00e1n en directo\u00a0Love Them Madly\u00a0(Jazz Granollers Records), en agosto de 2018. Kanan - Foster - Arnedo Trio en conccierto 13 de agosto (Rota) 14 de agosto (Assejazz, Sevilla) 15 de agosto (Asociaci\u00f3n Rizoma, Algeciras) 16 de agosto (Jazz en la Plaza, Granada)\u2026","rel":"","context":"En \u00ab*_Redacci\u00f3n\u00bb","block_context":{"text":"*_Redacci\u00f3n","link":"https:\/\/tomajazz.com\/web\/category\/redaccion\/"},"img":{"alt_text":"","src":"https:\/\/i0.wp.com\/tomajazz.com\/web\/wp-content\/uploads\/2018\/07\/Kanan-Foster-Arnedo-Trio_Love-Them-Madly-200x200.jpg?resize=350%2C200&ssl=1","width":350,"height":200},"classes":[]}],"_links":{"self":[{"href":"https:\/\/tomajazz.com\/web\/wp-json\/wp\/v2\/posts\/50098","targetHints":{"allow":["GET"]}}],"collection":[{"href":"https:\/\/tomajazz.com\/web\/wp-json\/wp\/v2\/posts"}],"about":[{"href":"https:\/\/tomajazz.com\/web\/wp-json\/wp\/v2\/types\/post"}],"author":[{"embeddable":true,"href":"https:\/\/tomajazz.com\/web\/wp-json\/wp\/v2\/users\/1"}],"replies":[{"embeddable":true,"href":"https:\/\/tomajazz.com\/web\/wp-json\/wp\/v2\/comments?post=50098"}],"version-history":[{"count":3,"href":"https:\/\/tomajazz.com\/web\/wp-json\/wp\/v2\/posts\/50098\/revisions"}],"predecessor-version":[{"id":50113,"href":"https:\/\/tomajazz.com\/web\/wp-json\/wp\/v2\/posts\/50098\/revisions\/50113"}],"wp:featuredmedia":[{"embeddable":true,"href":"https:\/\/tomajazz.com\/web\/wp-json\/wp\/v2\/media\/50103"}],"wp:attachment":[{"href":"https:\/\/tomajazz.com\/web\/wp-json\/wp\/v2\/media?parent=50098"}],"wp:term":[{"taxonomy":"category","embeddable":true,"href":"https:\/\/tomajazz.com\/web\/wp-json\/wp\/v2\/categories?post=50098"},{"taxonomy":"post_tag","embeddable":true,"href":"https:\/\/tomajazz.com\/web\/wp-json\/wp\/v2\/tags?post=50098"}],"curies":[{"name":"wp","href":"https:\/\/api.w.org\/{rel}","templated":true}]}}