{"id":50299,"date":"2020-04-21T13:00:41","date_gmt":"2020-04-21T11:00:41","guid":{"rendered":"https:\/\/www.tomajazz.com\/web\/?p=50299"},"modified":"2020-04-20T19:23:38","modified_gmt":"2020-04-20T17:23:38","slug":"instantzz-xavi-torres-trio-ben-van-gelder-30e-jazz-granollers-festival-casino-de-granollers-club-de-ritme-granollers-barcelona-2020-02-14-galeria-fotografica-yomequedoencasa-istayathom","status":"publish","type":"post","link":"https:\/\/tomajazz.com\/web\/instantzz-xavi-torres-trio-ben-van-gelder-30e-jazz-granollers-festival-casino-de-granollers-club-de-ritme-granollers-barcelona-2020-02-14-galeria-fotografica-yomequedoencasa-istayathom\/","title":{"rendered":"INSTANTZZ: Xavi Torres Trio + Ben Van Gelder (30\u00e8 Jazz Granollers Festival \/ Casino de Granollers Club de Ritme, Granollers -Barcelona-.  2020-02-14) [Galer\u00eda fotogr\u00e1fica] #YoMeQuedoEnCasa #IStayAtHome"},"content":{"rendered":"<p>Por\u00a0<strong>Joan Cort\u00e8s<\/strong>.<\/p>\n<ul>\n<li>Fecha: Viernes, 14 de febrero de 2020<\/li>\n<li>Lugar: Casino de Granollers Club de Ritme (Granollers -Barcelona-)<\/li>\n<li>Grupo:<br \/>\n<strong>Xavi Torres Trio + Ben Van Gelder<br \/>\n<\/strong>Xavi Torres, piano<br \/>\nBen Van Gelder, saxo alto<br \/>\nVic Moliner, contrabajo<br \/>\nJoan Terol, bater\u00eda<\/li>\n<\/ul>\n<p style=\"text-align: center;\"><img loading=\"lazy\" decoding=\"async\" class=\"aligncenter size-full wp-image-50300\" src=\"https:\/\/tomajazz.com\/web\/wp-content\/uploads\/2020\/04\/01_Xv-Trrs-Tr-BnVn-Gldr-Joan-Cort\u00e8s_14feb20_30JGF_CGCdR_Grn.jpg\" alt=\"\" width=\"600\" height=\"400\" title=\"\" srcset=\"https:\/\/tomajazz.com\/web\/wp-content\/uploads\/2020\/04\/01_Xv-Trrs-Tr-BnVn-Gldr-Joan-Cort\u00e8s_14feb20_30JGF_CGCdR_Grn.jpg 600w, https:\/\/tomajazz.com\/web\/wp-content\/uploads\/2020\/04\/01_Xv-Trrs-Tr-BnVn-Gldr-Joan-Cort\u00e8s_14feb20_30JGF_CGCdR_Grn-200x133.jpg 200w, https:\/\/tomajazz.com\/web\/wp-content\/uploads\/2020\/04\/01_Xv-Trrs-Tr-BnVn-Gldr-Joan-Cort\u00e8s_14feb20_30JGF_CGCdR_Grn-83x55.jpg 83w, https:\/\/tomajazz.com\/web\/wp-content\/uploads\/2020\/04\/01_Xv-Trrs-Tr-BnVn-Gldr-Joan-Cort\u00e8s_14feb20_30JGF_CGCdR_Grn-60x40.jpg 60w, https:\/\/tomajazz.com\/web\/wp-content\/uploads\/2020\/04\/01_Xv-Trrs-Tr-BnVn-Gldr-Joan-Cort\u00e8s_14feb20_30JGF_CGCdR_Grn-120x80.jpg 120w\" sizes=\"auto, (max-width: 600px) 100vw, 600px\" \/> <img loading=\"lazy\" decoding=\"async\" class=\"aligncenter size-large wp-image-50301\" src=\"https:\/\/tomajazz.com\/web\/wp-content\/uploads\/2020\/04\/02_Xv-Trrs-Tr-BnVn-Gldr-Joan-Cort\u00e8s_14feb20_30JGF_CGCdR_Grn.jpg\" alt=\"\" width=\"400\" height=\"600\" title=\"\" srcset=\"https:\/\/tomajazz.com\/web\/wp-content\/uploads\/2020\/04\/02_Xv-Trrs-Tr-BnVn-Gldr-Joan-Cort\u00e8s_14feb20_30JGF_CGCdR_Grn.jpg 400w, https:\/\/tomajazz.com\/web\/wp-content\/uploads\/2020\/04\/02_Xv-Trrs-Tr-BnVn-Gldr-Joan-Cort\u00e8s_14feb20_30JGF_CGCdR_Grn-200x300.jpg 200w, https:\/\/tomajazz.com\/web\/wp-content\/uploads\/2020\/04\/02_Xv-Trrs-Tr-BnVn-Gldr-Joan-Cort\u00e8s_14feb20_30JGF_CGCdR_Grn-37x55.jpg 37w\" sizes=\"auto, (max-width: 400px) 100vw, 400px\" \/> <img loading=\"lazy\" decoding=\"async\" class=\"aligncenter size-large wp-image-50302\" src=\"https:\/\/tomajazz.com\/web\/wp-content\/uploads\/2020\/04\/03_Xv-Trrs-Tr-BnVn-Gldr-Joan-Cort\u00e8s_14feb20_30JGF_CGCdR_Grn.jpg\" alt=\"\" width=\"600\" height=\"400\" title=\"\" srcset=\"https:\/\/tomajazz.com\/web\/wp-content\/uploads\/2020\/04\/03_Xv-Trrs-Tr-BnVn-Gldr-Joan-Cort\u00e8s_14feb20_30JGF_CGCdR_Grn.jpg 600w, https:\/\/tomajazz.com\/web\/wp-content\/uploads\/2020\/04\/03_Xv-Trrs-Tr-BnVn-Gldr-Joan-Cort\u00e8s_14feb20_30JGF_CGCdR_Grn-200x133.jpg 200w, https:\/\/tomajazz.com\/web\/wp-content\/uploads\/2020\/04\/03_Xv-Trrs-Tr-BnVn-Gldr-Joan-Cort\u00e8s_14feb20_30JGF_CGCdR_Grn-83x55.jpg 83w, https:\/\/tomajazz.com\/web\/wp-content\/uploads\/2020\/04\/03_Xv-Trrs-Tr-BnVn-Gldr-Joan-Cort\u00e8s_14feb20_30JGF_CGCdR_Grn-60x40.jpg 60w, https:\/\/tomajazz.com\/web\/wp-content\/uploads\/2020\/04\/03_Xv-Trrs-Tr-BnVn-Gldr-Joan-Cort\u00e8s_14feb20_30JGF_CGCdR_Grn-120x80.jpg 120w\" sizes=\"auto, (max-width: 600px) 100vw, 600px\" \/> <img loading=\"lazy\" decoding=\"async\" class=\"aligncenter size-large wp-image-50303\" src=\"https:\/\/tomajazz.com\/web\/wp-content\/uploads\/2020\/04\/04_Xv-Trrs-Tr-BnVn-Gldr-Joan-Cort\u00e8s_14feb20_30JGF_CGCdR_Grn.jpg\" alt=\"\" width=\"400\" height=\"600\" title=\"\" srcset=\"https:\/\/tomajazz.com\/web\/wp-content\/uploads\/2020\/04\/04_Xv-Trrs-Tr-BnVn-Gldr-Joan-Cort\u00e8s_14feb20_30JGF_CGCdR_Grn.jpg 400w, https:\/\/tomajazz.com\/web\/wp-content\/uploads\/2020\/04\/04_Xv-Trrs-Tr-BnVn-Gldr-Joan-Cort\u00e8s_14feb20_30JGF_CGCdR_Grn-200x300.jpg 200w, https:\/\/tomajazz.com\/web\/wp-content\/uploads\/2020\/04\/04_Xv-Trrs-Tr-BnVn-Gldr-Joan-Cort\u00e8s_14feb20_30JGF_CGCdR_Grn-37x55.jpg 37w\" sizes=\"auto, (max-width: 400px) 100vw, 400px\" \/> <img loading=\"lazy\" decoding=\"async\" class=\"aligncenter size-large wp-image-50304\" src=\"https:\/\/tomajazz.com\/web\/wp-content\/uploads\/2020\/04\/05_Xv-Trrs-Tr-BnVn-Gldr-Joan-Cort\u00e8s_14feb20_30JGF_CGCdR_Grn.jpg\" alt=\"\" width=\"600\" height=\"400\" title=\"\" srcset=\"https:\/\/tomajazz.com\/web\/wp-content\/uploads\/2020\/04\/05_Xv-Trrs-Tr-BnVn-Gldr-Joan-Cort\u00e8s_14feb20_30JGF_CGCdR_Grn.jpg 600w, https:\/\/tomajazz.com\/web\/wp-content\/uploads\/2020\/04\/05_Xv-Trrs-Tr-BnVn-Gldr-Joan-Cort\u00e8s_14feb20_30JGF_CGCdR_Grn-200x133.jpg 200w, https:\/\/tomajazz.com\/web\/wp-content\/uploads\/2020\/04\/05_Xv-Trrs-Tr-BnVn-Gldr-Joan-Cort\u00e8s_14feb20_30JGF_CGCdR_Grn-83x55.jpg 83w, https:\/\/tomajazz.com\/web\/wp-content\/uploads\/2020\/04\/05_Xv-Trrs-Tr-BnVn-Gldr-Joan-Cort\u00e8s_14feb20_30JGF_CGCdR_Grn-60x40.jpg 60w, https:\/\/tomajazz.com\/web\/wp-content\/uploads\/2020\/04\/05_Xv-Trrs-Tr-BnVn-Gldr-Joan-Cort\u00e8s_14feb20_30JGF_CGCdR_Grn-120x80.jpg 120w\" sizes=\"auto, (max-width: 600px) 100vw, 600px\" \/> <img loading=\"lazy\" decoding=\"async\" class=\"aligncenter size-large wp-image-50305\" src=\"https:\/\/tomajazz.com\/web\/wp-content\/uploads\/2020\/04\/06_Xv-Trrs-Tr-BnVn-Gldr-Joan-Cort\u00e8s_14feb20_30JGF_CGCdR_Grn.jpg\" alt=\"\" width=\"600\" height=\"400\" title=\"\" srcset=\"https:\/\/tomajazz.com\/web\/wp-content\/uploads\/2020\/04\/06_Xv-Trrs-Tr-BnVn-Gldr-Joan-Cort\u00e8s_14feb20_30JGF_CGCdR_Grn.jpg 600w, https:\/\/tomajazz.com\/web\/wp-content\/uploads\/2020\/04\/06_Xv-Trrs-Tr-BnVn-Gldr-Joan-Cort\u00e8s_14feb20_30JGF_CGCdR_Grn-200x133.jpg 200w, https:\/\/tomajazz.com\/web\/wp-content\/uploads\/2020\/04\/06_Xv-Trrs-Tr-BnVn-Gldr-Joan-Cort\u00e8s_14feb20_30JGF_CGCdR_Grn-83x55.jpg 83w, https:\/\/tomajazz.com\/web\/wp-content\/uploads\/2020\/04\/06_Xv-Trrs-Tr-BnVn-Gldr-Joan-Cort\u00e8s_14feb20_30JGF_CGCdR_Grn-60x40.jpg 60w, https:\/\/tomajazz.com\/web\/wp-content\/uploads\/2020\/04\/06_Xv-Trrs-Tr-BnVn-Gldr-Joan-Cort\u00e8s_14feb20_30JGF_CGCdR_Grn-120x80.jpg 120w\" sizes=\"auto, (max-width: 600px) 100vw, 600px\" \/> <img loading=\"lazy\" decoding=\"async\" class=\"aligncenter size-large wp-image-50306\" src=\"https:\/\/tomajazz.com\/web\/wp-content\/uploads\/2020\/04\/07_Xv-Trrs-Tr-BnVn-Gldr-Joan-Cort\u00e8s_14feb20_30JGF_CGCdR_Grn.jpg\" alt=\"\" width=\"600\" height=\"400\" title=\"\" srcset=\"https:\/\/tomajazz.com\/web\/wp-content\/uploads\/2020\/04\/07_Xv-Trrs-Tr-BnVn-Gldr-Joan-Cort\u00e8s_14feb20_30JGF_CGCdR_Grn.jpg 600w, https:\/\/tomajazz.com\/web\/wp-content\/uploads\/2020\/04\/07_Xv-Trrs-Tr-BnVn-Gldr-Joan-Cort\u00e8s_14feb20_30JGF_CGCdR_Grn-200x133.jpg 200w, https:\/\/tomajazz.com\/web\/wp-content\/uploads\/2020\/04\/07_Xv-Trrs-Tr-BnVn-Gldr-Joan-Cort\u00e8s_14feb20_30JGF_CGCdR_Grn-83x55.jpg 83w, https:\/\/tomajazz.com\/web\/wp-content\/uploads\/2020\/04\/07_Xv-Trrs-Tr-BnVn-Gldr-Joan-Cort\u00e8s_14feb20_30JGF_CGCdR_Grn-60x40.jpg 60w, https:\/\/tomajazz.com\/web\/wp-content\/uploads\/2020\/04\/07_Xv-Trrs-Tr-BnVn-Gldr-Joan-Cort\u00e8s_14feb20_30JGF_CGCdR_Grn-120x80.jpg 120w\" sizes=\"auto, (max-width: 600px) 100vw, 600px\" \/> <img loading=\"lazy\" decoding=\"async\" class=\"aligncenter size-large wp-image-50307\" src=\"https:\/\/tomajazz.com\/web\/wp-content\/uploads\/2020\/04\/08_Xv-Trrs-Tr-BnVn-Gldr-Joan-Cort\u00e8s_14feb20_30JGF_CGCdR_Grn.jpg\" alt=\"\" width=\"400\" height=\"600\" title=\"\" srcset=\"https:\/\/tomajazz.com\/web\/wp-content\/uploads\/2020\/04\/08_Xv-Trrs-Tr-BnVn-Gldr-Joan-Cort\u00e8s_14feb20_30JGF_CGCdR_Grn.jpg 400w, https:\/\/tomajazz.com\/web\/wp-content\/uploads\/2020\/04\/08_Xv-Trrs-Tr-BnVn-Gldr-Joan-Cort\u00e8s_14feb20_30JGF_CGCdR_Grn-200x300.jpg 200w, https:\/\/tomajazz.com\/web\/wp-content\/uploads\/2020\/04\/08_Xv-Trrs-Tr-BnVn-Gldr-Joan-Cort\u00e8s_14feb20_30JGF_CGCdR_Grn-37x55.jpg 37w\" sizes=\"auto, (max-width: 400px) 100vw, 400px\" \/> <img loading=\"lazy\" decoding=\"async\" class=\"aligncenter size-large wp-image-50308\" src=\"https:\/\/tomajazz.com\/web\/wp-content\/uploads\/2020\/04\/09_Xv-Trrs-Tr-BnVn-Gldr-Joan-Cort\u00e8s_14feb20_30JGF_CGCdR_Grn.jpg\" alt=\"\" width=\"600\" height=\"400\" title=\"\" srcset=\"https:\/\/tomajazz.com\/web\/wp-content\/uploads\/2020\/04\/09_Xv-Trrs-Tr-BnVn-Gldr-Joan-Cort\u00e8s_14feb20_30JGF_CGCdR_Grn.jpg 600w, https:\/\/tomajazz.com\/web\/wp-content\/uploads\/2020\/04\/09_Xv-Trrs-Tr-BnVn-Gldr-Joan-Cort\u00e8s_14feb20_30JGF_CGCdR_Grn-200x133.jpg 200w, https:\/\/tomajazz.com\/web\/wp-content\/uploads\/2020\/04\/09_Xv-Trrs-Tr-BnVn-Gldr-Joan-Cort\u00e8s_14feb20_30JGF_CGCdR_Grn-83x55.jpg 83w, https:\/\/tomajazz.com\/web\/wp-content\/uploads\/2020\/04\/09_Xv-Trrs-Tr-BnVn-Gldr-Joan-Cort\u00e8s_14feb20_30JGF_CGCdR_Grn-60x40.jpg 60w, https:\/\/tomajazz.com\/web\/wp-content\/uploads\/2020\/04\/09_Xv-Trrs-Tr-BnVn-Gldr-Joan-Cort\u00e8s_14feb20_30JGF_CGCdR_Grn-120x80.jpg 120w\" sizes=\"auto, (max-width: 600px) 100vw, 600px\" \/> <img loading=\"lazy\" decoding=\"async\" class=\"aligncenter size-large wp-image-50309\" src=\"https:\/\/tomajazz.com\/web\/wp-content\/uploads\/2020\/04\/10_Xv-Trrs-Tr-BnVn-Gldr-Joan-Cort\u00e8s_14feb20_30JGF_CGCdR_Grn.jpg\" alt=\"\" width=\"400\" height=\"600\" title=\"\" srcset=\"https:\/\/tomajazz.com\/web\/wp-content\/uploads\/2020\/04\/10_Xv-Trrs-Tr-BnVn-Gldr-Joan-Cort\u00e8s_14feb20_30JGF_CGCdR_Grn.jpg 400w, https:\/\/tomajazz.com\/web\/wp-content\/uploads\/2020\/04\/10_Xv-Trrs-Tr-BnVn-Gldr-Joan-Cort\u00e8s_14feb20_30JGF_CGCdR_Grn-200x300.jpg 200w, https:\/\/tomajazz.com\/web\/wp-content\/uploads\/2020\/04\/10_Xv-Trrs-Tr-BnVn-Gldr-Joan-Cort\u00e8s_14feb20_30JGF_CGCdR_Grn-37x55.jpg 37w\" sizes=\"auto, (max-width: 400px) 100vw, 400px\" \/> <img loading=\"lazy\" decoding=\"async\" class=\"aligncenter size-large wp-image-50310\" src=\"https:\/\/tomajazz.com\/web\/wp-content\/uploads\/2020\/04\/11_Xv-Trrs-Tr-BnVn-Gldr-Joan-Cort\u00e8s_14feb20_30JGF_CGCdR_Grn.jpg\" alt=\"\" width=\"400\" height=\"600\" title=\"\" srcset=\"https:\/\/tomajazz.com\/web\/wp-content\/uploads\/2020\/04\/11_Xv-Trrs-Tr-BnVn-Gldr-Joan-Cort\u00e8s_14feb20_30JGF_CGCdR_Grn.jpg 400w, https:\/\/tomajazz.com\/web\/wp-content\/uploads\/2020\/04\/11_Xv-Trrs-Tr-BnVn-Gldr-Joan-Cort\u00e8s_14feb20_30JGF_CGCdR_Grn-200x300.jpg 200w, https:\/\/tomajazz.com\/web\/wp-content\/uploads\/2020\/04\/11_Xv-Trrs-Tr-BnVn-Gldr-Joan-Cort\u00e8s_14feb20_30JGF_CGCdR_Grn-37x55.jpg 37w\" sizes=\"auto, (max-width: 400px) 100vw, 400px\" \/><\/p>\n<p style=\"text-align: right;\">Tomajazz: \u00a9\u00a0<strong>Joan Cort\u00e8s<\/strong>, 2020<\/p>\n","protected":false},"excerpt":{"rendered":"<p>En INSTANTZZ una galer\u00eda fotogr\u00e1fica protagonizada por Xavi Torres Trio + Ben Van Gelder tomada por Joan Cort\u00e8s en el 30\u00e8 Jazz Granollers Festival.<span class=\"more-link\"><a href=\"https:\/\/tomajazz.com\/web\/instantzz-xavi-torres-trio-ben-van-gelder-30e-jazz-granollers-festival-casino-de-granollers-club-de-ritme-granollers-barcelona-2020-02-14-galeria-fotografica-yomequedoencasa-istayathom\/\">Contin\u00faa leyendo<\/a><\/span><\/p>\n","protected":false},"author":1,"featured_media":50300,"comment_status":"open","ping_status":"closed","sticky":false,"template":"","format":"standard","meta":{"jetpack_post_was_ever_published":false,"_jetpack_newsletter_access":"","_jetpack_dont_email_post_to_subs":false,"_jetpack_newsletter_tier_id":0,"_jetpack_memberships_contains_paywalled_content":false,"_jetpack_memberships_contains_paid_content":false,"footnotes":""},"categories":[11261,17853,11262,15516,1038],"tags":[10226,1041,6034,8140,6031,15104,24626],"class_list":["entry","author-pachi","has-excerpt","post-50299","post","type-post","status-publish","format-standard","has-post-thumbnail","category-instantzz","category-joan-cortes","category-photoblogs","category-imagenes","category-contenidos","tag-ben-van-gelder","tag-joan-cortes","tag-joan-terol","tag-vic-moliner","tag-xavi-torres","tag-xavi-torres-trio","tag-xavi-torres-trio-ben-van-gelder"],"jetpack_featured_media_url":"https:\/\/tomajazz.com\/web\/wp-content\/uploads\/2020\/04\/01_Xv-Trrs-Tr-BnVn-Gldr-Joan-Cort\u00e8s_14feb20_30JGF_CGCdR_Grn.jpg","jetpack_likes_enabled":true,"jetpack_sharing_enabled":true,"jetpack-related-posts":[{"id":48813,"url":"https:\/\/tomajazz.com\/web\/30e-jazz-granollers-festival-enero-a-marzo-de-2020-noticias\/","url_meta":{"origin":50299,"position":0},"title":"30\u00e8 Jazz Granollers Festival (enero a marzo de 2020) [Noticias]","author":"Tomajazz","date":"31 enero, 2020","format":false,"excerpt":"El viernes 31 de enero comienza la trig\u00e9sima edici\u00f3n del Festival de Jazz de Granollers.","rel":"","context":"En \u00abNoticias\u00bb","block_context":{"text":"Noticias","link":"https:\/\/tomajazz.com\/web\/category\/contenidos\/noticias-2\/"},"img":{"alt_text":"","src":"https:\/\/i0.wp.com\/tomajazz.com\/web\/wp-content\/uploads\/2020\/01\/30%C3%A8-Jazz-Granollers-Festival.jpg?resize=350%2C200&ssl=1","width":350,"height":200,"srcset":"https:\/\/i0.wp.com\/tomajazz.com\/web\/wp-content\/uploads\/2020\/01\/30%C3%A8-Jazz-Granollers-Festival.jpg?resize=350%2C200&ssl=1 1x, https:\/\/i0.wp.com\/tomajazz.com\/web\/wp-content\/uploads\/2020\/01\/30%C3%A8-Jazz-Granollers-Festival.jpg?resize=525%2C300&ssl=1 1.5x, https:\/\/i0.wp.com\/tomajazz.com\/web\/wp-content\/uploads\/2020\/01\/30%C3%A8-Jazz-Granollers-Festival.jpg?resize=700%2C400&ssl=1 2x, https:\/\/i0.wp.com\/tomajazz.com\/web\/wp-content\/uploads\/2020\/01\/30%C3%A8-Jazz-Granollers-Festival.jpg?resize=1050%2C600&ssl=1 3x"},"classes":[]},{"id":105012,"url":"https:\/\/tomajazz.com\/web\/lage-lund-trio-granollers-2026\/","url_meta":{"origin":50299,"position":1},"title":"Lage Lund Trio (36\u00e8 Jazz Granollers Festival \/ Casino, 2026-03-13 \/ Granollers -Barcelona-) [y III] Por Joan Cort\u00e8s [INSTANTZZ AKA Galer\u00eda fotogr\u00e1fica AKA Fotoblog de jazz, impro\u2026 y algo m\u00e1s]","author":"Tomajazz","date":"23 abril, 2026","format":false,"excerpt":"Lage Lund Trio actu\u00f3 en el 36\u00e8 Jazz Granollers Festival, el 13 de marzo de 2026. Joan Cort\u00e8s lo retrata en INSTANTZZ. Lage Lund Trio son Lage Lund, Orlando Le Fleming, Greg Hutchinson","rel":"","context":"En \u00ab36 Jazz Granollers Festival 2026\u00bb","block_context":{"text":"36 Jazz Granollers Festival 2026","link":"https:\/\/tomajazz.com\/web\/category\/contenidos\/especial-contenidos\/36-jazz-granollers-festival-2026\/"},"img":{"alt_text":"Lage Lund Trio (36\u00e8 Jazz Granollers Festival \/ Casino, 2026-03-13 \/ Granollers -Barcelona-) [y III] Por Joan Cort\u00e8s [INSTANTZZ AKA Galer\u00eda fotogr\u00e1fica AKA Fotoblog de jazz, impro\u2026 y algo m\u00e1s] - Tomajazz - Lage Lund Trio actu\u00f3 en el 36\u00e8 Jazz Granollers Festival, el 13 de marzo de 2026. Joan Cort\u00e8s lo retrata en INSTANTZZ. Lage Lund Trio son Lage Lund, Orlando Le Fleming, Greg Hutchinson","src":"https:\/\/i0.wp.com\/tomajazz.com\/web\/wp-content\/uploads\/2026\/04\/destacada-02-Lg-Lnd-Photo-by-Joan-Cortes-13mrc26-36JGF-Csn-Gr-bn.jpg?resize=350%2C200&ssl=1","width":350,"height":200,"srcset":"https:\/\/i0.wp.com\/tomajazz.com\/web\/wp-content\/uploads\/2026\/04\/destacada-02-Lg-Lnd-Photo-by-Joan-Cortes-13mrc26-36JGF-Csn-Gr-bn.jpg?resize=350%2C200&ssl=1 1x, https:\/\/i0.wp.com\/tomajazz.com\/web\/wp-content\/uploads\/2026\/04\/destacada-02-Lg-Lnd-Photo-by-Joan-Cortes-13mrc26-36JGF-Csn-Gr-bn.jpg?resize=525%2C300&ssl=1 1.5x"},"classes":[]},{"id":104657,"url":"https:\/\/tomajazz.com\/web\/joan-sanmarti-5t-36-jazz-granollers-2026\/","url_meta":{"origin":50299,"position":2},"title":"Joan Sanmart\u00ed 5t (36\u00e8 Jazz Granollers Festival 2026\/ Casino, 2026-02-20 \/ Granollers -Barcelona-) [I] Por Joan Cort\u00e8s [INSTANTZZ AKA Galer\u00eda fotogr\u00e1fica AKA Fotoblog de jazz, impro\u2026 y algo m\u00e1s]","author":"Tomajazz","date":"2 abril, 2026","format":false,"excerpt":"Joan Sanmart\u00ed 5t actu\u00f3 en el 36\u00e8 Jazz Granollers Festival 2026, el 20 de febrero de 2026. Joan Cort\u00e8s lo retrata en INSTANTZZ. Joan Sanmart\u00ed 5t son Joan Sanmart\u00ed, Gabriel Amargant, Pau Dom\u00e8nech, Marc Cuevas, Joan Vidal","rel":"","context":"En \u00ab36 Jazz Granollers Festival 2026\u00bb","block_context":{"text":"36 Jazz Granollers Festival 2026","link":"https:\/\/tomajazz.com\/web\/category\/contenidos\/especial-contenidos\/36-jazz-granollers-festival-2026\/"},"img":{"alt_text":"Joan Sanmart\u00ed 5t (36\u00e8 Jazz Granollers Festival 2026\/ Casino, 2026-02-20 \/ Granollers -Barcelona-) [I] Por Joan Cort\u00e8s [INSTANTZZ AKA Galer\u00eda fotogr\u00e1fica AKA Fotoblog de jazz, impro\u2026 y algo m\u00e1s] - Tomajazz - Joan Sanmart\u00ed 5t actu\u00f3 en el 36\u00e8 Jazz Granollers Festival 2026, el 20 de febrero de 2026. Joan Cort\u00e8s lo retrata en INSTANTZZ. Joan Sanmart\u00ed 5t son Joan Sanmart\u00ed, Gabriel Amargant, Pau Dom\u00e8nech, Marc Cuevas, Joan Vidal\n","src":"https:\/\/i0.wp.com\/tomajazz.com\/web\/wp-content\/uploads\/2026\/04\/destacada-09-Jn-Snmrt-5t-Photo-By-Joan-Cortes-20fbr26-36FJG-Csn-Grn.jpg?resize=350%2C200&ssl=1","width":350,"height":200},"classes":[]},{"id":104847,"url":"https:\/\/tomajazz.com\/web\/alba-careta-group-panical-jazz-granollers-2026\/","url_meta":{"origin":50299,"position":3},"title":"Alba Careta Group \u201cPanical\u201d (36\u00e8 Jazz Granollers Festival \/ Casino, 2026-02-27 \/ Granollers -Barcelona-) [II] Por Joan Cort\u00e8s [INSTANTZZ AKA Galer\u00eda fotogr\u00e1fica AKA Fotoblog de jazz, impro\u2026 y algo m\u00e1s]","author":"Tomajazz","date":"12 abril, 2026","format":false,"excerpt":"Alba Careta Group \u201cPanical\u201d actu\u00f3 en el 36\u00e8 Jazz Granollers Festival, el 27 de febrero de 2026. Joan Cort\u00e8s lo retrata en INSTANTZZ. Alba Careta Group \u201cPanical\u201d son Alba Careta, Lucas Mart\u00ednez, Roger Santacana, Giuseppe Campisi, Jordi Pallar\u00e9s","rel":"","context":"En \u00ab36 Jazz Granollers Festival 2026\u00bb","block_context":{"text":"36 Jazz Granollers Festival 2026","link":"https:\/\/tomajazz.com\/web\/category\/contenidos\/especial-contenidos\/36-jazz-granollers-festival-2026\/"},"img":{"alt_text":"Alba Careta Group \u201cPanical\u201d (36\u00e8 Jazz Granollers Festival \/ Casino, 2026-02-27 \/ Granollers -Barcelona-) [II] Por Joan Cort\u00e8s [INSTANTZZ AKA Galer\u00eda fotogr\u00e1fica AKA Fotoblog de jazz, impro\u2026 y algo m\u00e1s] - Tomajazz - Alba Careta Group \u201cPanical\u201d actu\u00f3 en el 36\u00e8 Jazz Granollers Festival, el 27 de febrero de 2026. Joan Cort\u00e8s lo retrata en INSTANTZZ. Alba Careta Group \u201cPanical\u201d son Alba Careta, Lucas Mart\u00ednez, Roger Santacana, Giuseppe Campisi, Jordi Pallar\u00e9s\n","src":"https:\/\/i0.wp.com\/tomajazz.com\/web\/wp-content\/uploads\/2026\/04\/destacada-03-lb-Crt-Grp-Photo-by-Joan-Cortes-27fbr26-36JGF-CG-CR-Grnllrs.jpg?resize=350%2C200&ssl=1","width":350,"height":200,"srcset":"https:\/\/i0.wp.com\/tomajazz.com\/web\/wp-content\/uploads\/2026\/04\/destacada-03-lb-Crt-Grp-Photo-by-Joan-Cortes-27fbr26-36JGF-CG-CR-Grnllrs.jpg?resize=350%2C200&ssl=1 1x, https:\/\/i0.wp.com\/tomajazz.com\/web\/wp-content\/uploads\/2026\/04\/destacada-03-lb-Crt-Grp-Photo-by-Joan-Cortes-27fbr26-36JGF-CG-CR-Grnllrs.jpg?resize=525%2C300&ssl=1 1.5x"},"classes":[]},{"id":50098,"url":"https:\/\/tomajazz.com\/web\/instantzz-mayte-alguacil-michael-kanan-trio-prueba-de-sonido-mas-una-30e-jazz-granollers-festival-casino-de-granollers-club-de-ritme-granollers-barcelona-2020-01-31-galeria-fot\/","url_meta":{"origin":50299,"position":4},"title":"INSTANTZZ: Mayte Alguacil &#038; Michael Kanan Trio -prueba de sonido m\u00e1s una- (30\u00e8 Jazz Granollers Festival, Casino de Granollers \u2013 Club de Ritme, Granollers -Barcelona-.  2020-01-31) [Galer\u00eda fotogr\u00e1fica] #YoMeQuedoEnCasa #IStayAtHome","author":"Tomajazz","date":"2 abril, 2020","format":false,"excerpt":"Joan Cort\u00e9s retrata en INSTANTZZ, la prueba de sonido de Mayte Alguacil & Michael Kanan Trio previa a su concierto en el 30\u00e8 Jazz Granollers Festival. Y aunque es bien sabido y conocido... #YoMeQuedoEnCasa #IStayAtHome","rel":"","context":"En \u00abFotoblog - Galer\u00eda fotogr\u00e1fica\u00bb","block_context":{"text":"Fotoblog - Galer\u00eda fotogr\u00e1fica","link":"https:\/\/tomajazz.com\/web\/category\/contenidos\/imagenes\/photoblogs\/"},"img":{"alt_text":"","src":"https:\/\/i0.wp.com\/tomajazz.com\/web\/wp-content\/uploads\/2020\/04\/05_Myt-lgcl-Mchl-Knn-Tr-%C2%A9Joan-Cort%C3%A8s_31gen20_30FJG_CCdR_Grn.jpg?resize=350%2C200&ssl=1","width":350,"height":200,"srcset":"https:\/\/i0.wp.com\/tomajazz.com\/web\/wp-content\/uploads\/2020\/04\/05_Myt-lgcl-Mchl-Knn-Tr-%C2%A9Joan-Cort%C3%A8s_31gen20_30FJG_CCdR_Grn.jpg?resize=350%2C200&ssl=1 1x, https:\/\/i0.wp.com\/tomajazz.com\/web\/wp-content\/uploads\/2020\/04\/05_Myt-lgcl-Mchl-Knn-Tr-%C2%A9Joan-Cort%C3%A8s_31gen20_30FJG_CCdR_Grn.jpg?resize=525%2C300&ssl=1 1.5x"},"classes":[]},{"id":28248,"url":"https:\/\/tomajazz.com\/web\/xavi-torres-trio-alternatilla-jazz-festival-in-mallorca-2016-11-30-galeria-fotografica\/","url_meta":{"origin":50299,"position":5},"title":"INSTANTZZ: Xavi Torres Trio (Alternatilla Jazz Festival in Mallorca. 2016-12-01) [Galer\u00eda fotogr\u00e1fica]","author":"Tomajazz","date":"23 diciembre, 2016","format":false,"excerpt":"Tercera entrega del especial Alternatilla Jazz Festival in Mallorca de Jos\u00e9 Luis Luna Rocafort. En esta ocasi\u00f3n es el turno del Xavi Torres Trio.","rel":"","context":"En \u00ab*_Jos\u00e9 Luis Luna Rocafort\u00bb","block_context":{"text":"*_Jos\u00e9 Luis Luna Rocafort","link":"https:\/\/tomajazz.com\/web\/category\/jose-luis-luna-rocafort\/"},"img":{"alt_text":"","src":"https:\/\/i0.wp.com\/tomajazz.com\/web\/wp-content\/uploads\/2016\/12\/008-5.jpg?resize=350%2C200&ssl=1","width":350,"height":200,"srcset":"https:\/\/i0.wp.com\/tomajazz.com\/web\/wp-content\/uploads\/2016\/12\/008-5.jpg?resize=350%2C200&ssl=1 1x, https:\/\/i0.wp.com\/tomajazz.com\/web\/wp-content\/uploads\/2016\/12\/008-5.jpg?resize=525%2C300&ssl=1 1.5x"},"classes":[]}],"_links":{"self":[{"href":"https:\/\/tomajazz.com\/web\/wp-json\/wp\/v2\/posts\/50299","targetHints":{"allow":["GET"]}}],"collection":[{"href":"https:\/\/tomajazz.com\/web\/wp-json\/wp\/v2\/posts"}],"about":[{"href":"https:\/\/tomajazz.com\/web\/wp-json\/wp\/v2\/types\/post"}],"author":[{"embeddable":true,"href":"https:\/\/tomajazz.com\/web\/wp-json\/wp\/v2\/users\/1"}],"replies":[{"embeddable":true,"href":"https:\/\/tomajazz.com\/web\/wp-json\/wp\/v2\/comments?post=50299"}],"version-history":[{"count":2,"href":"https:\/\/tomajazz.com\/web\/wp-json\/wp\/v2\/posts\/50299\/revisions"}],"predecessor-version":[{"id":50312,"href":"https:\/\/tomajazz.com\/web\/wp-json\/wp\/v2\/posts\/50299\/revisions\/50312"}],"wp:featuredmedia":[{"embeddable":true,"href":"https:\/\/tomajazz.com\/web\/wp-json\/wp\/v2\/media\/50300"}],"wp:attachment":[{"href":"https:\/\/tomajazz.com\/web\/wp-json\/wp\/v2\/media?parent=50299"}],"wp:term":[{"taxonomy":"category","embeddable":true,"href":"https:\/\/tomajazz.com\/web\/wp-json\/wp\/v2\/categories?post=50299"},{"taxonomy":"post_tag","embeddable":true,"href":"https:\/\/tomajazz.com\/web\/wp-json\/wp\/v2\/tags?post=50299"}],"curies":[{"name":"wp","href":"https:\/\/api.w.org\/{rel}","templated":true}]}}