{"id":50669,"date":"2020-05-26T12:00:17","date_gmt":"2020-05-26T10:00:17","guid":{"rendered":"https:\/\/www.tomajazz.com\/web\/?p=50669"},"modified":"2020-05-27T19:14:16","modified_gmt":"2020-05-27T17:14:16","slug":"instantzz-albert-cirera-masa-kamguchi-carlos-falanga-balius-bar-gastrococteleria-barcelona-2019-12-29-galeria-fotografica","status":"publish","type":"post","link":"https:\/\/tomajazz.com\/web\/instantzz-albert-cirera-masa-kamguchi-carlos-falanga-balius-bar-gastrococteleria-barcelona-2019-12-29-galeria-fotografica\/","title":{"rendered":"INSTANTZZ: Albert Cirera-Masa Kamaguchi-Carlos Falanga (Balius Bar Gastrococteler\u00eda, Barcelona.  2019-12-29) [Galer\u00eda fotogr\u00e1fica]"},"content":{"rendered":"<p>Por\u00a0<strong>Joan Cort\u00e8s<\/strong>.<\/p>\n<ul>\n<li>Fecha: Domingo, 29 de diciembre de 2019<\/li>\n<li>Lugar: Balius Bar Gastrococteler\u00eda (Barcelona)<\/li>\n<li>Grupo:<br \/>\n<strong>Albert Cirera-Masa Kamaguchi-Carlos Falanga<br \/>\n<\/strong>Albert Cirera, saxo tenor y soprano<br \/>\nMasa Kamaguchi, contrabajo<br \/>\nCarlos Falanga, bater\u00eda<strong><br \/>\n<\/strong><\/li>\n<\/ul>\n<p style=\"text-align: center;\"><img loading=\"lazy\" decoding=\"async\" class=\"aligncenter size-full wp-image-50670\" src=\"https:\/\/tomajazz.com\/web\/wp-content\/uploads\/2020\/05\/01_Crr-Flng-Kmgch-Joan-Cort\u00e8s_29des19_Bls-Br-Gstrcctlr_Bcb.jpg\" alt=\"\" width=\"600\" height=\"400\" title=\"\" srcset=\"https:\/\/tomajazz.com\/web\/wp-content\/uploads\/2020\/05\/01_Crr-Flng-Kmgch-Joan-Cort\u00e8s_29des19_Bls-Br-Gstrcctlr_Bcb.jpg 600w, https:\/\/tomajazz.com\/web\/wp-content\/uploads\/2020\/05\/01_Crr-Flng-Kmgch-Joan-Cort\u00e8s_29des19_Bls-Br-Gstrcctlr_Bcb-200x133.jpg 200w, https:\/\/tomajazz.com\/web\/wp-content\/uploads\/2020\/05\/01_Crr-Flng-Kmgch-Joan-Cort\u00e8s_29des19_Bls-Br-Gstrcctlr_Bcb-83x55.jpg 83w, https:\/\/tomajazz.com\/web\/wp-content\/uploads\/2020\/05\/01_Crr-Flng-Kmgch-Joan-Cort\u00e8s_29des19_Bls-Br-Gstrcctlr_Bcb-60x40.jpg 60w, https:\/\/tomajazz.com\/web\/wp-content\/uploads\/2020\/05\/01_Crr-Flng-Kmgch-Joan-Cort\u00e8s_29des19_Bls-Br-Gstrcctlr_Bcb-120x80.jpg 120w\" sizes=\"auto, (max-width: 600px) 100vw, 600px\" \/> <img loading=\"lazy\" decoding=\"async\" class=\"aligncenter size-large wp-image-50671\" src=\"https:\/\/tomajazz.com\/web\/wp-content\/uploads\/2020\/05\/02_Crr-Flng-Kmgch-Joan-Cort\u00e8s_29des19_Bls-Br-Gstrcctlr_Bcb.jpg\" alt=\"\" width=\"400\" height=\"600\" title=\"\" srcset=\"https:\/\/tomajazz.com\/web\/wp-content\/uploads\/2020\/05\/02_Crr-Flng-Kmgch-Joan-Cort\u00e8s_29des19_Bls-Br-Gstrcctlr_Bcb.jpg 400w, https:\/\/tomajazz.com\/web\/wp-content\/uploads\/2020\/05\/02_Crr-Flng-Kmgch-Joan-Cort\u00e8s_29des19_Bls-Br-Gstrcctlr_Bcb-200x300.jpg 200w, https:\/\/tomajazz.com\/web\/wp-content\/uploads\/2020\/05\/02_Crr-Flng-Kmgch-Joan-Cort\u00e8s_29des19_Bls-Br-Gstrcctlr_Bcb-37x55.jpg 37w\" sizes=\"auto, (max-width: 400px) 100vw, 400px\" \/> <img loading=\"lazy\" decoding=\"async\" class=\"aligncenter size-large wp-image-50672\" src=\"https:\/\/tomajazz.com\/web\/wp-content\/uploads\/2020\/05\/03_Crr-Flng-Kmgch-Joan-Cort\u00e8s_29des19_Bls-Br-Gstrcctlr_Bcb.jpg\" alt=\"\" width=\"400\" height=\"600\" title=\"\" srcset=\"https:\/\/tomajazz.com\/web\/wp-content\/uploads\/2020\/05\/03_Crr-Flng-Kmgch-Joan-Cort\u00e8s_29des19_Bls-Br-Gstrcctlr_Bcb.jpg 400w, https:\/\/tomajazz.com\/web\/wp-content\/uploads\/2020\/05\/03_Crr-Flng-Kmgch-Joan-Cort\u00e8s_29des19_Bls-Br-Gstrcctlr_Bcb-200x300.jpg 200w, https:\/\/tomajazz.com\/web\/wp-content\/uploads\/2020\/05\/03_Crr-Flng-Kmgch-Joan-Cort\u00e8s_29des19_Bls-Br-Gstrcctlr_Bcb-37x55.jpg 37w\" sizes=\"auto, (max-width: 400px) 100vw, 400px\" \/> <img loading=\"lazy\" decoding=\"async\" class=\"aligncenter size-large wp-image-50673\" src=\"https:\/\/tomajazz.com\/web\/wp-content\/uploads\/2020\/05\/04_Crr-Flng-Kmgch-Joan-Cort\u00e8s_29des19_Bls-Br-Gstrcctlr_Bcb.jpg\" alt=\"\" width=\"600\" height=\"400\" title=\"\" srcset=\"https:\/\/tomajazz.com\/web\/wp-content\/uploads\/2020\/05\/04_Crr-Flng-Kmgch-Joan-Cort\u00e8s_29des19_Bls-Br-Gstrcctlr_Bcb.jpg 600w, https:\/\/tomajazz.com\/web\/wp-content\/uploads\/2020\/05\/04_Crr-Flng-Kmgch-Joan-Cort\u00e8s_29des19_Bls-Br-Gstrcctlr_Bcb-200x133.jpg 200w, https:\/\/tomajazz.com\/web\/wp-content\/uploads\/2020\/05\/04_Crr-Flng-Kmgch-Joan-Cort\u00e8s_29des19_Bls-Br-Gstrcctlr_Bcb-83x55.jpg 83w, https:\/\/tomajazz.com\/web\/wp-content\/uploads\/2020\/05\/04_Crr-Flng-Kmgch-Joan-Cort\u00e8s_29des19_Bls-Br-Gstrcctlr_Bcb-60x40.jpg 60w, https:\/\/tomajazz.com\/web\/wp-content\/uploads\/2020\/05\/04_Crr-Flng-Kmgch-Joan-Cort\u00e8s_29des19_Bls-Br-Gstrcctlr_Bcb-120x80.jpg 120w\" sizes=\"auto, (max-width: 600px) 100vw, 600px\" \/> <img loading=\"lazy\" decoding=\"async\" class=\"aligncenter size-large wp-image-50674\" src=\"https:\/\/tomajazz.com\/web\/wp-content\/uploads\/2020\/05\/05_Crr-Flng-Kmgch-Joan-Cort\u00e8s_29des19_Bls-Br-Gstrcctlr_Bcb.jpg\" alt=\"\" width=\"400\" height=\"600\" title=\"\" srcset=\"https:\/\/tomajazz.com\/web\/wp-content\/uploads\/2020\/05\/05_Crr-Flng-Kmgch-Joan-Cort\u00e8s_29des19_Bls-Br-Gstrcctlr_Bcb.jpg 400w, https:\/\/tomajazz.com\/web\/wp-content\/uploads\/2020\/05\/05_Crr-Flng-Kmgch-Joan-Cort\u00e8s_29des19_Bls-Br-Gstrcctlr_Bcb-200x300.jpg 200w, https:\/\/tomajazz.com\/web\/wp-content\/uploads\/2020\/05\/05_Crr-Flng-Kmgch-Joan-Cort\u00e8s_29des19_Bls-Br-Gstrcctlr_Bcb-37x55.jpg 37w\" sizes=\"auto, (max-width: 400px) 100vw, 400px\" \/> <img loading=\"lazy\" decoding=\"async\" class=\"aligncenter size-large wp-image-50675\" src=\"https:\/\/tomajazz.com\/web\/wp-content\/uploads\/2020\/05\/06_Crr-Flng-Kmgch-Joan-Cort\u00e8s_29des19_Bls-Br-Gstrcctlr_Bcb.jpg\" alt=\"\" width=\"600\" height=\"400\" title=\"\" srcset=\"https:\/\/tomajazz.com\/web\/wp-content\/uploads\/2020\/05\/06_Crr-Flng-Kmgch-Joan-Cort\u00e8s_29des19_Bls-Br-Gstrcctlr_Bcb.jpg 600w, https:\/\/tomajazz.com\/web\/wp-content\/uploads\/2020\/05\/06_Crr-Flng-Kmgch-Joan-Cort\u00e8s_29des19_Bls-Br-Gstrcctlr_Bcb-200x133.jpg 200w, https:\/\/tomajazz.com\/web\/wp-content\/uploads\/2020\/05\/06_Crr-Flng-Kmgch-Joan-Cort\u00e8s_29des19_Bls-Br-Gstrcctlr_Bcb-83x55.jpg 83w, https:\/\/tomajazz.com\/web\/wp-content\/uploads\/2020\/05\/06_Crr-Flng-Kmgch-Joan-Cort\u00e8s_29des19_Bls-Br-Gstrcctlr_Bcb-60x40.jpg 60w, https:\/\/tomajazz.com\/web\/wp-content\/uploads\/2020\/05\/06_Crr-Flng-Kmgch-Joan-Cort\u00e8s_29des19_Bls-Br-Gstrcctlr_Bcb-120x80.jpg 120w\" sizes=\"auto, (max-width: 600px) 100vw, 600px\" \/> <img loading=\"lazy\" decoding=\"async\" class=\"aligncenter size-large wp-image-50676\" src=\"https:\/\/tomajazz.com\/web\/wp-content\/uploads\/2020\/05\/07_Crr-Flng-Kmgch-Joan-Cort\u00e8s_29des19_Bls-Br-Gstrcctlr_Bcb.jpg\" alt=\"\" width=\"400\" height=\"600\" title=\"\" srcset=\"https:\/\/tomajazz.com\/web\/wp-content\/uploads\/2020\/05\/07_Crr-Flng-Kmgch-Joan-Cort\u00e8s_29des19_Bls-Br-Gstrcctlr_Bcb.jpg 400w, https:\/\/tomajazz.com\/web\/wp-content\/uploads\/2020\/05\/07_Crr-Flng-Kmgch-Joan-Cort\u00e8s_29des19_Bls-Br-Gstrcctlr_Bcb-200x300.jpg 200w, https:\/\/tomajazz.com\/web\/wp-content\/uploads\/2020\/05\/07_Crr-Flng-Kmgch-Joan-Cort\u00e8s_29des19_Bls-Br-Gstrcctlr_Bcb-37x55.jpg 37w\" sizes=\"auto, (max-width: 400px) 100vw, 400px\" \/> <img loading=\"lazy\" decoding=\"async\" class=\"aligncenter size-large wp-image-50677\" src=\"https:\/\/tomajazz.com\/web\/wp-content\/uploads\/2020\/05\/08_Crr-Flng-Kmgch-Joan-Cort\u00e8s_29des19_Bls-Br-Gstrcctlr_Bcb.jpg\" alt=\"\" width=\"400\" height=\"600\" title=\"\" srcset=\"https:\/\/tomajazz.com\/web\/wp-content\/uploads\/2020\/05\/08_Crr-Flng-Kmgch-Joan-Cort\u00e8s_29des19_Bls-Br-Gstrcctlr_Bcb.jpg 400w, https:\/\/tomajazz.com\/web\/wp-content\/uploads\/2020\/05\/08_Crr-Flng-Kmgch-Joan-Cort\u00e8s_29des19_Bls-Br-Gstrcctlr_Bcb-200x300.jpg 200w, https:\/\/tomajazz.com\/web\/wp-content\/uploads\/2020\/05\/08_Crr-Flng-Kmgch-Joan-Cort\u00e8s_29des19_Bls-Br-Gstrcctlr_Bcb-37x55.jpg 37w\" sizes=\"auto, (max-width: 400px) 100vw, 400px\" \/> <img loading=\"lazy\" decoding=\"async\" class=\"aligncenter size-large wp-image-50678\" src=\"https:\/\/tomajazz.com\/web\/wp-content\/uploads\/2020\/05\/09_Crr-Flng-Kmgch-Joan-Cort\u00e8s_29des19_Bls-Br-Gstrcctlr_Bcb.jpg\" alt=\"\" width=\"600\" height=\"400\" title=\"\" srcset=\"https:\/\/tomajazz.com\/web\/wp-content\/uploads\/2020\/05\/09_Crr-Flng-Kmgch-Joan-Cort\u00e8s_29des19_Bls-Br-Gstrcctlr_Bcb.jpg 600w, https:\/\/tomajazz.com\/web\/wp-content\/uploads\/2020\/05\/09_Crr-Flng-Kmgch-Joan-Cort\u00e8s_29des19_Bls-Br-Gstrcctlr_Bcb-200x133.jpg 200w, https:\/\/tomajazz.com\/web\/wp-content\/uploads\/2020\/05\/09_Crr-Flng-Kmgch-Joan-Cort\u00e8s_29des19_Bls-Br-Gstrcctlr_Bcb-83x55.jpg 83w, https:\/\/tomajazz.com\/web\/wp-content\/uploads\/2020\/05\/09_Crr-Flng-Kmgch-Joan-Cort\u00e8s_29des19_Bls-Br-Gstrcctlr_Bcb-60x40.jpg 60w, https:\/\/tomajazz.com\/web\/wp-content\/uploads\/2020\/05\/09_Crr-Flng-Kmgch-Joan-Cort\u00e8s_29des19_Bls-Br-Gstrcctlr_Bcb-120x80.jpg 120w\" sizes=\"auto, (max-width: 600px) 100vw, 600px\" \/> <img loading=\"lazy\" decoding=\"async\" class=\"aligncenter size-large wp-image-50679\" src=\"https:\/\/tomajazz.com\/web\/wp-content\/uploads\/2020\/05\/10_Crr-Flng-Kmgch-Joan-Cort\u00e8s_29des19_Bls-Br-Gstrcctlr_Bcb.jpg\" alt=\"\" width=\"400\" height=\"600\" title=\"\" srcset=\"https:\/\/tomajazz.com\/web\/wp-content\/uploads\/2020\/05\/10_Crr-Flng-Kmgch-Joan-Cort\u00e8s_29des19_Bls-Br-Gstrcctlr_Bcb.jpg 400w, https:\/\/tomajazz.com\/web\/wp-content\/uploads\/2020\/05\/10_Crr-Flng-Kmgch-Joan-Cort\u00e8s_29des19_Bls-Br-Gstrcctlr_Bcb-200x300.jpg 200w, https:\/\/tomajazz.com\/web\/wp-content\/uploads\/2020\/05\/10_Crr-Flng-Kmgch-Joan-Cort\u00e8s_29des19_Bls-Br-Gstrcctlr_Bcb-37x55.jpg 37w\" sizes=\"auto, (max-width: 400px) 100vw, 400px\" \/> <img loading=\"lazy\" decoding=\"async\" class=\"aligncenter size-large wp-image-50680\" src=\"https:\/\/tomajazz.com\/web\/wp-content\/uploads\/2020\/05\/11_Crr-Flng-Kmgch-Joan-Cort\u00e8s_29des19_Bls-Br-Gstrcctlr_Bcb.jpg\" alt=\"\" width=\"600\" height=\"400\" title=\"\" srcset=\"https:\/\/tomajazz.com\/web\/wp-content\/uploads\/2020\/05\/11_Crr-Flng-Kmgch-Joan-Cort\u00e8s_29des19_Bls-Br-Gstrcctlr_Bcb.jpg 600w, https:\/\/tomajazz.com\/web\/wp-content\/uploads\/2020\/05\/11_Crr-Flng-Kmgch-Joan-Cort\u00e8s_29des19_Bls-Br-Gstrcctlr_Bcb-200x133.jpg 200w, https:\/\/tomajazz.com\/web\/wp-content\/uploads\/2020\/05\/11_Crr-Flng-Kmgch-Joan-Cort\u00e8s_29des19_Bls-Br-Gstrcctlr_Bcb-83x55.jpg 83w, https:\/\/tomajazz.com\/web\/wp-content\/uploads\/2020\/05\/11_Crr-Flng-Kmgch-Joan-Cort\u00e8s_29des19_Bls-Br-Gstrcctlr_Bcb-60x40.jpg 60w, https:\/\/tomajazz.com\/web\/wp-content\/uploads\/2020\/05\/11_Crr-Flng-Kmgch-Joan-Cort\u00e8s_29des19_Bls-Br-Gstrcctlr_Bcb-120x80.jpg 120w\" sizes=\"auto, (max-width: 600px) 100vw, 600px\" \/><\/p>\n<p style=\"text-align: right;\">Tomajazz: \u00a9\u00a0<strong>Joan Cort\u00e8s<\/strong>, 2020<\/p>\n","protected":false},"excerpt":{"rendered":"<p>Albert Cirera-Masa Kamguchi-Carlos Falanga son los protagonistas del INSTANTZZ de Joan Cort\u00e8s. <span class=\"more-link\"><a href=\"https:\/\/tomajazz.com\/web\/instantzz-albert-cirera-masa-kamguchi-carlos-falanga-balius-bar-gastrococteleria-barcelona-2019-12-29-galeria-fotografica\/\">Contin\u00faa leyendo<\/a><\/span><\/p>\n","protected":false},"author":1,"featured_media":50680,"comment_status":"open","ping_status":"closed","sticky":false,"template":"","format":"standard","meta":{"jetpack_post_was_ever_published":false,"_jetpack_newsletter_access":"","_jetpack_dont_email_post_to_subs":false,"_jetpack_newsletter_tier_id":0,"_jetpack_memberships_contains_paywalled_content":false,"_jetpack_memberships_contains_paid_content":false,"footnotes":""},"categories":[11262,17853,15516,11261,1038],"tags":[109,24709,7625,1041,26],"class_list":["entry","author-pachi","has-excerpt","post-50669","post","type-post","status-publish","format-standard","has-post-thumbnail","category-photoblogs","category-joan-cortes","category-imagenes","category-instantzz","category-contenidos","tag-albert-cirera","tag-albert-cirera-masa-kamaguchi-carlos-falanga","tag-carlos-falanga","tag-joan-cortes","tag-masa-kamaguchi"],"jetpack_featured_media_url":"https:\/\/tomajazz.com\/web\/wp-content\/uploads\/2020\/05\/11_Crr-Flng-Kmgch-Joan-Cort\u00e8s_29des19_Bls-Br-Gstrcctlr_Bcb.jpg","jetpack_likes_enabled":true,"jetpack_sharing_enabled":true,"jetpack-related-posts":[{"id":104019,"url":"https:\/\/tomajazz.com\/web\/albert-cirera-tres-tambors-strogoff-2026\/","url_meta":{"origin":50669,"position":0},"title":"Albert Cirera &#038; Tres Tambors \u201cOrangina\u201d (Sangarra de Nadal \/ Llibreria Strogoff, 2025-12-20 \/ La Garriga -Barcelona-) Por Joan Cort\u00e8s [INSTANTZZ AKA Galer\u00eda fotogr\u00e1fica AKA Fotoblog de jazz, impro\u2026 y algo m\u00e1s]","author":"Tomajazz","date":"14 febrero, 2026","format":false,"excerpt":"Albert Cirera & Tres Tambors \u201cOrangina\u201d actuaron en Llibreria Strogoff de La Garriga, Barcelona, el 20 de diciembre de 2025. Joan Cort\u00e8s lo retrata en INSTANTZZ. Actuaron Albert Cirera, Roger Mas, Marko Lohikari, \u00d2scar Dom\u00e8nech","rel":"","context":"En \u00abINSTANTZZ\u00bb","block_context":{"text":"INSTANTZZ","link":"https:\/\/tomajazz.com\/web\/category\/contenidos\/imagenes\/photoblogs\/instantzz\/"},"img":{"alt_text":"Albert Cirera & Tres Tambors \u201cOrangina\u201d (Sangarra de Nadal \/ Llibreria Strogoff, 2025-12-20 \/ La Garriga -Barcelona-) Por Joan Cort\u00e8s [INSTANTZZ AKA Galer\u00eda fotogr\u00e1fica AKA Fotoblog de jazz, impro\u2026 y algo m\u00e1s] - Tomajazz - Albert Cirera & Tres Tambors \u201cOrangina\u201d actuaron en Llibreria Strogoff de La Garriga, Barcelona, el 20 de diciembre de 2025. Joan Cort\u00e8s lo retrata en INSTANTZZ. Actuaron Albert Cirera, Roger Mas, Marko Lohikari, \u00d2scar Dom\u00e8nech\n","src":"https:\/\/i0.wp.com\/tomajazz.com\/web\/wp-content\/uploads\/2026\/02\/destacada-05-lbrt-Crr-trs-tmbrs-Photo-By-Joan-Cortes-20dsm25-SdN-Strgff-Recuperado.jpg?resize=350%2C200&ssl=1","width":350,"height":200,"srcset":"https:\/\/i0.wp.com\/tomajazz.com\/web\/wp-content\/uploads\/2026\/02\/destacada-05-lbrt-Crr-trs-tmbrs-Photo-By-Joan-Cortes-20dsm25-SdN-Strgff-Recuperado.jpg?resize=350%2C200&ssl=1 1x, https:\/\/i0.wp.com\/tomajazz.com\/web\/wp-content\/uploads\/2026\/02\/destacada-05-lbrt-Crr-trs-tmbrs-Photo-By-Joan-Cortes-20dsm25-SdN-Strgff-Recuperado.jpg?resize=525%2C300&ssl=1 1.5x"},"classes":[]},{"id":104557,"url":"https:\/\/tomajazz.com\/web\/russ-lossing-mood-trio-jamboree-2026\/","url_meta":{"origin":50669,"position":1},"title":"Russ Lossing Mood Trio (Jamboree-01, 2026-02-18 \/ Barcelona) Por Joan Cort\u00e8s [INSTANTZZ AKA Galer\u00eda fotogr\u00e1fica AKA Fotoblog de jazz, impro\u2026 y algo m\u00e1s]","author":"Tomajazz","date":"24 marzo, 2026","format":false,"excerpt":"Russ Lossing Mood Trio actu\u00f3 en Jamboree el 18 de febrero de 2025. Joan Cort\u00e8s lo retrata en INSTANTZZ. Russ Lossing Mood Trio son Russ Lossing, Masa Kamaguchi, Dayeon Seok","rel":"","context":"En \u00abINSTANTZZ\u00bb","block_context":{"text":"INSTANTZZ","link":"https:\/\/tomajazz.com\/web\/category\/contenidos\/imagenes\/photoblogs\/instantzz\/"},"img":{"alt_text":"Russ Lossing Mood Trio (Jamboree-01, 2026-02-18 \/ Barcelona) Por Joan Cort\u00e8s [INSTANTZZ AKA Galer\u00eda fotogr\u00e1fica AKA Fotoblog de jazz, impro\u2026 y algo m\u00e1s] - Tomajazz - Russ Lossing Mood Trio actu\u00f3 en Jamboree el 18 de febrero de 2025. Joan Cort\u00e8s lo retrata en INSTANTZZ. Russ Lossing Mood Trio son \nRuss Lossing, Masa Kamaguchi, Dayeon Seok","src":"https:\/\/i0.wp.com\/tomajazz.com\/web\/wp-content\/uploads\/2026\/03\/destacado-07-Rss-Lssng-Photo-by-Joan-Cortes-18fbr26-Jmbr-Bcn.jpg?resize=350%2C200&ssl=1","width":350,"height":200,"srcset":"https:\/\/i0.wp.com\/tomajazz.com\/web\/wp-content\/uploads\/2026\/03\/destacado-07-Rss-Lssng-Photo-by-Joan-Cortes-18fbr26-Jmbr-Bcn.jpg?resize=350%2C200&ssl=1 1x, https:\/\/i0.wp.com\/tomajazz.com\/web\/wp-content\/uploads\/2026\/03\/destacado-07-Rss-Lssng-Photo-by-Joan-Cortes-18fbr26-Jmbr-Bcn.jpg?resize=525%2C300&ssl=1 1.5x"},"classes":[]},{"id":102503,"url":"https:\/\/tomajazz.com\/web\/eddie-mejia-jamboree-2025\/","url_meta":{"origin":50669,"position":2},"title":"Eddie Mej\u00eda 4t \u201cPar\u00e9ntesis del Miedo\u201d (Jamboree -sala 1-, 2025-11-14 \/ Barcelona) Por Joan Cort\u00e8s [INSTANTZZ AKA Galer\u00eda fotogr\u00e1fica AKA Fotoblog de jazz, impro\u2026 y algo m\u00e1s]","author":"Tomajazz","date":"4 diciembre, 2025","format":false,"excerpt":"Eddie Mej\u00eda 4t present\u00f3 \u201cPar\u00e9ntesis del Miedo\u201d en Jamboree, Barcelona, el 14 de noviembre de 2025. Joan Cort\u00e8s lo retrata en INSTANTZZ. Actuaron Eddie Mej\u00eda, Bill McHenry, Masa Kamaguchi, Ramon Prats, Magda Garre","rel":"","context":"En \u00ab*_Joan Cort\u00e8s\u00bb","block_context":{"text":"*_Joan Cort\u00e8s","link":"https:\/\/tomajazz.com\/web\/category\/joan-cortes\/"},"img":{"alt_text":"Eddie Mej\u00eda 4t \u201cPar\u00e9ntesis del Miedo\u201d (Jamboree -sala 1-, 2025-11-14 \/ Barcelona) Por Joan Cort\u00e8s [INSTANTZZ AKA Galer\u00eda fotogr\u00e1fica AKA Fotoblog de jazz, impro\u2026 y algo m\u00e1s] - Tomajazz - Eddie Mej\u00eda 4t present\u00f3 \u201cPar\u00e9ntesis del Miedo\u201d en Jamboree, Barcelona, el 14 de noviembre de 2025. Joan Cort\u00e8s lo retrata en INSTANTZZ. Actuaron Eddie Mej\u00eda, Bill McHenry, Masa Kamaguchi, Ramon Prats, Magda Garre\n","src":"https:\/\/i0.wp.com\/tomajazz.com\/web\/wp-content\/uploads\/2025\/12\/destacado-02-dd-Mj-4t-Photo-By-Joan-Cortes-14nov25-Jmbrr.jpg?resize=350%2C200&ssl=1","width":350,"height":200,"srcset":"https:\/\/i0.wp.com\/tomajazz.com\/web\/wp-content\/uploads\/2025\/12\/destacado-02-dd-Mj-4t-Photo-By-Joan-Cortes-14nov25-Jmbrr.jpg?resize=350%2C200&ssl=1 1x, https:\/\/i0.wp.com\/tomajazz.com\/web\/wp-content\/uploads\/2025\/12\/destacado-02-dd-Mj-4t-Photo-By-Joan-Cortes-14nov25-Jmbrr.jpg?resize=525%2C300&ssl=1 1.5x"},"classes":[]},{"id":91507,"url":"https:\/\/tomajazz.com\/web\/lencastre-cirera-kamaguchi-juanse-2024\/","url_meta":{"origin":50669,"position":3},"title":"Lencastre \u2013 Cirera &#8211; Kamaguchi (Juan Sebasti\u00e1n Bar, Huesca. 2024-11-07) Por Fabio Galicia [INSTANTZZ AKA Galer\u00eda fotogr\u00e1fica AKA Fotoblog de jazz, impro\u2026 y algo m\u00e1s]","author":"Tomajazz","date":"10 noviembre, 2024","format":false,"excerpt":"El tr\u00edo Lencastre \u2013 Cirera - Kamaguchi actu\u00f3 en Juan Sebasti\u00e1n Bar de Huesca el 7 de noviembre de 2024. Fabio Galicia los retrata en INSTANTZZ. Actuaron Joao Lencastre, Albert Cirera, Masa Kamaguchi","rel":"","context":"En \u00abJuan Sebasti\u00e1n Bar (Huesca)\u00bb","block_context":{"text":"Juan Sebasti\u00e1n Bar (Huesca)","link":"https:\/\/tomajazz.com\/web\/category\/contenidos\/especial-contenidos\/juan-sebastian-bar-huesca\/"},"img":{"alt_text":"Lencastre \u2013 Cirera - Kamaguchi (Juan Sebasti\u00e1n Bar, Huesca. 2024-11-07) Por Fabio Galicia [INSTANTZZ AKA Galer\u00eda fotogr\u00e1fica AKA Fotoblog de jazz, impro\u2026 y algo m\u00e1s] - Tomajazz - El tr\u00edo Lencastre \u2013 Cirera - Kamaguchi actu\u00f3 en Juan Sebasti\u00e1n Bar de Huesca el 7 de noviembre de 2024. Fabio Galicia los retrata en INSTANTZZ. Actuaron Joao Lencastre, Albert Cirera, Masa Kamaguchi","src":"https:\/\/i0.wp.com\/tomajazz.com\/web\/wp-content\/uploads\/2024\/11\/241107-CIRERA-LENCASTRE-KAMAGUCHI-4.jpg?resize=350%2C200&ssl=1","width":350,"height":200,"srcset":"https:\/\/i0.wp.com\/tomajazz.com\/web\/wp-content\/uploads\/2024\/11\/241107-CIRERA-LENCASTRE-KAMAGUCHI-4.jpg?resize=350%2C200&ssl=1 1x, https:\/\/i0.wp.com\/tomajazz.com\/web\/wp-content\/uploads\/2024\/11\/241107-CIRERA-LENCASTRE-KAMAGUCHI-4.jpg?resize=525%2C300&ssl=1 1.5x"},"classes":[]},{"id":96983,"url":"https:\/\/tomajazz.com\/web\/juanma-trujillo-5t-festival-jazz-vic-2025\/","url_meta":{"origin":50669,"position":4},"title":"Juanma Trujillo 5t \u201cUnderPool Live Recording\u201d (27\u00e8 Festival Jazz Vic \/ La Jazz Cava, 10-mayo-2025, Vic -Barcelona-) [III] Por Joan Cort\u00e8s [INSTANTZZ AKA Galer\u00eda fotogr\u00e1fica AKA Fotoblog de jazz, impro\u2026 y algo m\u00e1s]","author":"Tomajazz","date":"3 julio, 2025","format":false,"excerpt":"El concierto Juanma Trujillo 5t \u201cUnderPool Live Recording\u201d tuvo lugar en el 27\u00e8 Festival Jazz Vic el 10 de mayo de 2025. Joan Cort\u00e8s lo retrata en INSTANTZZ. Actuaron Juanma Trujillo, Albert Cirera, Miguel \"Pintxo\" Villar, Masa Kamaguchi, Ramon Prats","rel":"","context":"En \u00ab27 Festival Jazz Vic 2025\u00bb","block_context":{"text":"27 Festival Jazz Vic 2025","link":"https:\/\/tomajazz.com\/web\/category\/contenidos\/especial-contenidos\/27-festival-jazz-vic-2025\/"},"img":{"alt_text":"Juanma Trujillo 5t \u201cUnderPool Live Recording\u201d (27\u00e8 Festival Jazz Vic \/ La Jazz Cava, 10-mayo-2025, Vic -Barcelona-) [III] Por Joan Cort\u00e8s [INSTANTZZ AKA Galer\u00eda fotogr\u00e1fica AKA Fotoblog de jazz, impro\u2026 y algo m\u00e1s] - Tomajazz - El concierto Juanma Trujillo 5t \u201cUnderPool Live Recording\u201d tuvo lugar en el 27\u00e8 Festival Jazz Vic el 10 de mayo de 2025. Joan Cort\u00e8s lo retrata en INSTANTZZ. Actuaron Juanma Trujillo, Albert Cirera, Miguel \"Pintxo\" Villar, Masa Kamaguchi, Ramon Prats\n","src":"https:\/\/i0.wp.com\/tomajazz.com\/web\/wp-content\/uploads\/2025\/07\/destacado-11-Jnm-Trjll-5t-Photo-By-Joan-Cortes-10mg25-lJC-27FJV-Vc.jpg?resize=350%2C200&ssl=1","width":350,"height":200,"srcset":"https:\/\/i0.wp.com\/tomajazz.com\/web\/wp-content\/uploads\/2025\/07\/destacado-11-Jnm-Trjll-5t-Photo-By-Joan-Cortes-10mg25-lJC-27FJV-Vc.jpg?resize=350%2C200&ssl=1 1x, https:\/\/i0.wp.com\/tomajazz.com\/web\/wp-content\/uploads\/2025\/07\/destacado-11-Jnm-Trjll-5t-Photo-By-Joan-Cortes-10mg25-lJC-27FJV-Vc.jpg?resize=525%2C300&ssl=1 1.5x"},"classes":[]},{"id":69049,"url":"https:\/\/tomajazz.com\/web\/albert-cirera-cirerot-mixtur-2022\/","url_meta":{"origin":50669,"position":5},"title":"Albert Cirera, Cirerot \u201c\u00c2mago\u201d (Festival Mixtur, Arts Santa M\u00f2nica, 2022-11-02. Barcelona) Por Joan Cort\u00e8s [INSTANTZZ]","author":"Tomajazz","date":"15 diciembre, 2022","format":false,"excerpt":"En INSTANTZZ, una galer\u00eda fotogr\u00e1fica con la actuaci\u00f3n de Albert Cirera y su proyecto Cirerot \u201c\u00c2mago\u201d en el Festival Mixtur de Barcelona. Joan Cort\u00e8s es el autor de las im\u00e1genes.","rel":"","context":"En \u00abINSTANTZZ\u00bb","block_context":{"text":"INSTANTZZ","link":"https:\/\/tomajazz.com\/web\/category\/contenidos\/imagenes\/photoblogs\/instantzz\/"},"img":{"alt_text":"En INSTANTZZ, una galer\u00eda fotogr\u00e1fica con la actuaci\u00f3n de Albert Cirera y su proyecto Cirerot \u201c\u00c2mago\u201d en el Festival Mixtur de Barcelona. Joan Cort\u00e8s es el autor de las im\u00e1genes.","src":"https:\/\/i0.wp.com\/tomajazz.com\/web\/wp-content\/uploads\/2022\/12\/09_lbrt-Crr-%C2%A9Joan-Cortes_02nvm22_rt-St-Mnc_Bcn.jpg?resize=350%2C200&ssl=1","width":350,"height":200,"srcset":"https:\/\/i0.wp.com\/tomajazz.com\/web\/wp-content\/uploads\/2022\/12\/09_lbrt-Crr-%C2%A9Joan-Cortes_02nvm22_rt-St-Mnc_Bcn.jpg?resize=350%2C200&ssl=1 1x, https:\/\/i0.wp.com\/tomajazz.com\/web\/wp-content\/uploads\/2022\/12\/09_lbrt-Crr-%C2%A9Joan-Cortes_02nvm22_rt-St-Mnc_Bcn.jpg?resize=525%2C300&ssl=1 1.5x"},"classes":[]}],"_links":{"self":[{"href":"https:\/\/tomajazz.com\/web\/wp-json\/wp\/v2\/posts\/50669","targetHints":{"allow":["GET"]}}],"collection":[{"href":"https:\/\/tomajazz.com\/web\/wp-json\/wp\/v2\/posts"}],"about":[{"href":"https:\/\/tomajazz.com\/web\/wp-json\/wp\/v2\/types\/post"}],"author":[{"embeddable":true,"href":"https:\/\/tomajazz.com\/web\/wp-json\/wp\/v2\/users\/1"}],"replies":[{"embeddable":true,"href":"https:\/\/tomajazz.com\/web\/wp-json\/wp\/v2\/comments?post=50669"}],"version-history":[{"count":4,"href":"https:\/\/tomajazz.com\/web\/wp-json\/wp\/v2\/posts\/50669\/revisions"}],"predecessor-version":[{"id":50690,"href":"https:\/\/tomajazz.com\/web\/wp-json\/wp\/v2\/posts\/50669\/revisions\/50690"}],"wp:featuredmedia":[{"embeddable":true,"href":"https:\/\/tomajazz.com\/web\/wp-json\/wp\/v2\/media\/50680"}],"wp:attachment":[{"href":"https:\/\/tomajazz.com\/web\/wp-json\/wp\/v2\/media?parent=50669"}],"wp:term":[{"taxonomy":"category","embeddable":true,"href":"https:\/\/tomajazz.com\/web\/wp-json\/wp\/v2\/categories?post=50669"},{"taxonomy":"post_tag","embeddable":true,"href":"https:\/\/tomajazz.com\/web\/wp-json\/wp\/v2\/tags?post=50669"}],"curies":[{"name":"wp","href":"https:\/\/api.w.org\/{rel}","templated":true}]}}