{"id":50914,"date":"2020-06-25T13:14:39","date_gmt":"2020-06-25T11:14:39","guid":{"rendered":"https:\/\/www.tomajazz.com\/web\/?p=50914"},"modified":"2020-08-26T14:25:50","modified_gmt":"2020-08-26T12:25:50","slug":"instantzz-sonia-sanchez-monografico-galeria-fotografica-aka-fotoblog-de-jazz-impro-y-algo-mas","status":"publish","type":"post","link":"https:\/\/tomajazz.com\/web\/instantzz-sonia-sanchez-monografico-galeria-fotografica-aka-fotoblog-de-jazz-impro-y-algo-mas\/","title":{"rendered":"INSTANTZZ: S\u00f2nia S\u00e1nchez (monogr\u00e1fico) [Galer\u00eda fotogr\u00e1fica AKA Fotoblog de jazz, impro&#8230; y algo m\u00e1s]"},"content":{"rendered":"<p>Por\u00a0<strong>Joan Cort\u00e8s<\/strong>.<\/p>\n<ul>\n<li>Fecha: de marzo de 2013 a enero de 2020 (anotadas en cada imagen).<\/li>\n<li>Lugar: escenarios y localidades diferentes (especificados en cada fotograf\u00eda).<\/li>\n<li>Componentes: Siete formaciones detalladas en los enlaces correspondientes.<\/li>\n<\/ul>\n<p style=\"text-align: center;\"><img loading=\"lazy\" decoding=\"async\" class=\"aligncenter size-full wp-image-50915\" src=\"https:\/\/tomajazz.com\/web\/wp-content\/uploads\/2020\/06\/01_SnSnchzTr-\u00a9Joan-Cort\u00e8s_04jun17_Vrmt-Cncrt_Trmbn_Crdd.jpg\" alt=\"\" width=\"400\" height=\"600\" title=\"\" srcset=\"https:\/\/tomajazz.com\/web\/wp-content\/uploads\/2020\/06\/01_SnSnchzTr-\u00a9Joan-Cort\u00e8s_04jun17_Vrmt-Cncrt_Trmbn_Crdd.jpg 400w, https:\/\/tomajazz.com\/web\/wp-content\/uploads\/2020\/06\/01_SnSnchzTr-\u00a9Joan-Cort\u00e8s_04jun17_Vrmt-Cncrt_Trmbn_Crdd-200x300.jpg 200w, https:\/\/tomajazz.com\/web\/wp-content\/uploads\/2020\/06\/01_SnSnchzTr-\u00a9Joan-Cort\u00e8s_04jun17_Vrmt-Cncrt_Trmbn_Crdd-37x55.jpg 37w\" sizes=\"auto, (max-width: 400px) 100vw, 400px\" \/><\/p>\n<p style=\"text-align: center;\">S\u00d2NIA S\u00c1NCHEZ (<em>Improvisando circunstancias, <\/em>a tr\u00edo con Jordina Mill\u00e0 y Annika<em> Francke<\/em> \/ Cardedeu -Barcelona-, 2017)\u00a0<a href=\"https:\/\/tomajazz.com\/web\/?p=31613\" target=\"_blank\" rel=\"noopener noreferrer\">https:\/\/tomajazz.com\/web\/?p=31613<\/a><\/p>\n<p style=\"text-align: center;\"><img loading=\"lazy\" decoding=\"async\" class=\"aligncenter size-full wp-image-50916\" src=\"https:\/\/tomajazz.com\/web\/wp-content\/uploads\/2020\/06\/02_Sn-Snchz-Ptrk-Zcrck-\u00a9Joan-Cort\u00e8s_20oct19_CnBlms_MMF_SMP.jpg\" alt=\"\" width=\"600\" height=\"400\" title=\"\" srcset=\"https:\/\/tomajazz.com\/web\/wp-content\/uploads\/2020\/06\/02_Sn-Snchz-Ptrk-Zcrck-\u00a9Joan-Cort\u00e8s_20oct19_CnBlms_MMF_SMP.jpg 600w, https:\/\/tomajazz.com\/web\/wp-content\/uploads\/2020\/06\/02_Sn-Snchz-Ptrk-Zcrck-\u00a9Joan-Cort\u00e8s_20oct19_CnBlms_MMF_SMP-200x133.jpg 200w, https:\/\/tomajazz.com\/web\/wp-content\/uploads\/2020\/06\/02_Sn-Snchz-Ptrk-Zcrck-\u00a9Joan-Cort\u00e8s_20oct19_CnBlms_MMF_SMP-83x55.jpg 83w, https:\/\/tomajazz.com\/web\/wp-content\/uploads\/2020\/06\/02_Sn-Snchz-Ptrk-Zcrck-\u00a9Joan-Cort\u00e8s_20oct19_CnBlms_MMF_SMP-60x40.jpg 60w, https:\/\/tomajazz.com\/web\/wp-content\/uploads\/2020\/06\/02_Sn-Snchz-Ptrk-Zcrck-\u00a9Joan-Cort\u00e8s_20oct19_CnBlms_MMF_SMP-120x80.jpg 120w\" sizes=\"auto, (max-width: 600px) 100vw, 600px\" \/><\/p>\n<p style=\"text-align: center;\">S\u00d2NIA S\u00c1NCHEZ (a d\u00fao con Patryk Zacrocki \/ Santa Maria de Palautordera -Barcelona-, 2019)\u00a0<a href=\"https:\/\/tomajazz.com\/web\/?p=48163\" target=\"_blank\" rel=\"noopener noreferrer\">https:\/\/tomajazz.com\/web\/?p=48163<\/a><\/p>\n<p style=\"text-align: center;\"><img loading=\"lazy\" decoding=\"async\" class=\"aligncenter size-full wp-image-50917\" src=\"https:\/\/tomajazz.com\/web\/wp-content\/uploads\/2020\/06\/03_Mmr-n-n-Gnzlz-Sn-Snchz-\u00a9Joan-Cort\u00e8s_18abr17_Snsts_Brcln.jpg\" alt=\"\" width=\"399\" height=\"600\" title=\"\" srcset=\"https:\/\/tomajazz.com\/web\/wp-content\/uploads\/2020\/06\/03_Mmr-n-n-Gnzlz-Sn-Snchz-\u00a9Joan-Cort\u00e8s_18abr17_Snsts_Brcln.jpg 399w, https:\/\/tomajazz.com\/web\/wp-content\/uploads\/2020\/06\/03_Mmr-n-n-Gnzlz-Sn-Snchz-\u00a9Joan-Cort\u00e8s_18abr17_Snsts_Brcln-200x300.jpg 200w, https:\/\/tomajazz.com\/web\/wp-content\/uploads\/2020\/06\/03_Mmr-n-n-Gnzlz-Sn-Snchz-\u00a9Joan-Cort\u00e8s_18abr17_Snsts_Brcln-37x55.jpg 37w\" sizes=\"auto, (max-width: 399px) 100vw, 399px\" \/><\/p>\n<p style=\"text-align: center;\">S\u00d2NIA S\u00c1NCHEZ &amp; VASCO TRILLA (con Memoria Uno: Iv\u00e1n Gonz\u00e1lez, S\u00f2nia S\u00e1nchez, Ivo Sans, Marc Cuevas, Joan Anton Pich, Pablo Selnik, Pol Padr\u00f3s, Albert Cirera i Marcel\u00b7l\u00ed Bayer \/ Barcelona, 2017)\u00a0<a href=\"https:\/\/tomajazz.com\/web\/?p=30751\" target=\"_blank\" rel=\"noopener noreferrer\">https:\/\/tomajazz.com\/web\/?p=30751<\/a><\/p>\n<p style=\"text-align: center;\"><img loading=\"lazy\" decoding=\"async\" class=\"aligncenter size-full wp-image-50918\" src=\"https:\/\/tomajazz.com\/web\/wp-content\/uploads\/2020\/06\/04_Snchz-ndrr-Rbl-\u00a9Joan-Cort\u00e8s_26brl18_FrrSssns_Rbdrs23_Brcln.jpg\" alt=\"\" width=\"600\" height=\"399\" title=\"\" srcset=\"https:\/\/tomajazz.com\/web\/wp-content\/uploads\/2020\/06\/04_Snchz-ndrr-Rbl-\u00a9Joan-Cort\u00e8s_26brl18_FrrSssns_Rbdrs23_Brcln.jpg 600w, https:\/\/tomajazz.com\/web\/wp-content\/uploads\/2020\/06\/04_Snchz-ndrr-Rbl-\u00a9Joan-Cort\u00e8s_26brl18_FrrSssns_Rbdrs23_Brcln-200x133.jpg 200w, https:\/\/tomajazz.com\/web\/wp-content\/uploads\/2020\/06\/04_Snchz-ndrr-Rbl-\u00a9Joan-Cort\u00e8s_26brl18_FrrSssns_Rbdrs23_Brcln-83x55.jpg 83w, https:\/\/tomajazz.com\/web\/wp-content\/uploads\/2020\/06\/04_Snchz-ndrr-Rbl-\u00a9Joan-Cort\u00e8s_26brl18_FrrSssns_Rbdrs23_Brcln-60x40.jpg 60w, https:\/\/tomajazz.com\/web\/wp-content\/uploads\/2020\/06\/04_Snchz-ndrr-Rbl-\u00a9Joan-Cort\u00e8s_26brl18_FrrSssns_Rbdrs23_Brcln-120x80.jpg 120w\" sizes=\"auto, (max-width: 600px) 100vw, 600px\" \/><\/p>\n<p style=\"text-align: center;\">N\u00daRIA ANDORR\u00c0, S\u00d2NIA S\u00c1NCHEZ &amp; NUNO REBELO (<em>Free sessions<\/em>, a tr\u00edo \/ Barcelona, 2018)\u00a0<a href=\"https:\/\/tomajazz.com\/web\/?p=37175\" target=\"_blank\" rel=\"noopener noreferrer\">https:\/\/tomajazz.com\/web\/?p=37175<\/a><\/p>\n<p style=\"text-align: center;\"><img loading=\"lazy\" decoding=\"async\" class=\"aligncenter size-full wp-image-50919\" src=\"https:\/\/tomajazz.com\/web\/wp-content\/uploads\/2020\/06\/05_Sn-Snchz-gst-Frnndz-\u00a9Joan-Cort\u00e8s_Sl-l-Trn_lt.jpg\" alt=\"\" width=\"400\" height=\"600\" title=\"\" srcset=\"https:\/\/tomajazz.com\/web\/wp-content\/uploads\/2020\/06\/05_Sn-Snchz-gst-Frnndz-\u00a9Joan-Cort\u00e8s_Sl-l-Trn_lt.jpg 400w, https:\/\/tomajazz.com\/web\/wp-content\/uploads\/2020\/06\/05_Sn-Snchz-gst-Frnndz-\u00a9Joan-Cort\u00e8s_Sl-l-Trn_lt-200x300.jpg 200w, https:\/\/tomajazz.com\/web\/wp-content\/uploads\/2020\/06\/05_Sn-Snchz-gst-Frnndz-\u00a9Joan-Cort\u00e8s_Sl-l-Trn_lt-37x55.jpg 37w\" sizes=\"auto, (max-width: 400px) 100vw, 400px\" \/><\/p>\n<p>AGUST\u00cd FERN\u00c1NDEZ &amp; S\u00d2NIA S\u00c1NCHEZ (<em>M\u00fasica brollant d\u2019una pedra<\/em> <em>negra<\/em>, a d\u00fao \/ Olot -Girona-, 2019)\u00a0<a href=\"https:\/\/tomajazz.com\/web\/?p=47863\" target=\"_blank\" rel=\"noopener noreferrer\">https:\/\/tomajazz.com\/web\/?p=47863<\/a><\/p>\n<p style=\"text-align: center;\"><img loading=\"lazy\" decoding=\"async\" class=\"aligncenter size-full wp-image-50920\" src=\"https:\/\/tomajazz.com\/web\/wp-content\/uploads\/2020\/06\/06_Sn-Snchz-\u00a9Joan-Cort\u00e8s_02dsm17_LMrd-3.0_Ttr-dtr_Crdd-1.jpg\" alt=\"\" width=\"600\" height=\"399\" title=\"\" srcset=\"https:\/\/tomajazz.com\/web\/wp-content\/uploads\/2020\/06\/06_Sn-Snchz-\u00a9Joan-Cort\u00e8s_02dsm17_LMrd-3.0_Ttr-dtr_Crdd-1.jpg 600w, https:\/\/tomajazz.com\/web\/wp-content\/uploads\/2020\/06\/06_Sn-Snchz-\u00a9Joan-Cort\u00e8s_02dsm17_LMrd-3.0_Ttr-dtr_Crdd-1-200x133.jpg 200w, https:\/\/tomajazz.com\/web\/wp-content\/uploads\/2020\/06\/06_Sn-Snchz-\u00a9Joan-Cort\u00e8s_02dsm17_LMrd-3.0_Ttr-dtr_Crdd-1-83x55.jpg 83w, https:\/\/tomajazz.com\/web\/wp-content\/uploads\/2020\/06\/06_Sn-Snchz-\u00a9Joan-Cort\u00e8s_02dsm17_LMrd-3.0_Ttr-dtr_Crdd-1-60x40.jpg 60w, https:\/\/tomajazz.com\/web\/wp-content\/uploads\/2020\/06\/06_Sn-Snchz-\u00a9Joan-Cort\u00e8s_02dsm17_LMrd-3.0_Ttr-dtr_Crdd-1-120x80.jpg 120w\" sizes=\"auto, (max-width: 600px) 100vw, 600px\" \/><\/p>\n<p style=\"text-align: center;\">PABLO SELNIK, POL PADR\u00d3S, IV\u00c1N GONZALEZ, S\u00d2NIA S\u00c1NCHEZ, ANNIKA FRANKE &amp; ALBERT CIRERA (<em>La Mirada 3.0<\/em>, formaci\u00f3n de 12 m\u00fasicos, con Jordina Mill\u00e0, Johannes Nastesj\u00f6, Joan Anton Pich, N\u00faria Andorr\u00e0, Ivo Sans y Diego Caicedo \/ Cardedeu -Barcelona-, 2017)\u00a0<a href=\"https:\/\/tomajazz.com\/web\/?p=35345\" target=\"_blank\" rel=\"noopener noreferrer\">https:\/\/tomajazz.com\/web\/?p=35345<\/a><\/p>\n<p style=\"text-align: center;\"><img loading=\"lazy\" decoding=\"async\" class=\"aligncenter size-full wp-image-50921\" src=\"https:\/\/tomajazz.com\/web\/wp-content\/uploads\/2020\/06\/07_Snchz-Mll-Flx-Frnck-\u00a9Joan-Cort\u00e8s_31oct17_Sm-h-Sm-h_Snsts_Brcln.jpg\" alt=\"\" width=\"399\" height=\"600\" title=\"\" srcset=\"https:\/\/tomajazz.com\/web\/wp-content\/uploads\/2020\/06\/07_Snchz-Mll-Flx-Frnck-\u00a9Joan-Cort\u00e8s_31oct17_Sm-h-Sm-h_Snsts_Brcln.jpg 399w, https:\/\/tomajazz.com\/web\/wp-content\/uploads\/2020\/06\/07_Snchz-Mll-Flx-Frnck-\u00a9Joan-Cort\u00e8s_31oct17_Sm-h-Sm-h_Snsts_Brcln-200x300.jpg 200w, https:\/\/tomajazz.com\/web\/wp-content\/uploads\/2020\/06\/07_Snchz-Mll-Flx-Frnck-\u00a9Joan-Cort\u00e8s_31oct17_Sm-h-Sm-h_Snsts_Brcln-37x55.jpg 37w\" sizes=\"auto, (max-width: 399px) 100vw, 399px\" \/><\/p>\n<p style=\"text-align: center;\">S\u00d2NIA S\u00c1NCHEZ (<em>Som-hi? Som-hi!,<\/em> a cuarteto con Jordina Mill\u00e0, Annika Francke y M\u00edriam F\u00e8lix \/ Barcelona, 2017)\u00a0<a href=\"https:\/\/tomajazz.com\/web\/?p=35240\" target=\"_blank\" rel=\"noopener noreferrer\">https:\/\/tomajazz.com\/web\/?p=35240<\/a><\/p>\n<p style=\"text-align: center;\"><img loading=\"lazy\" decoding=\"async\" class=\"aligncenter size-full wp-image-50922\" src=\"https:\/\/tomajazz.com\/web\/wp-content\/uploads\/2020\/06\/08_130327_FAESSCD-Joan-Cort\u00e8s_Cardedeu.jpg\" alt=\"\" width=\"600\" height=\"399\" title=\"\" srcset=\"https:\/\/tomajazz.com\/web\/wp-content\/uploads\/2020\/06\/08_130327_FAESSCD-Joan-Cort\u00e8s_Cardedeu.jpg 600w, https:\/\/tomajazz.com\/web\/wp-content\/uploads\/2020\/06\/08_130327_FAESSCD-Joan-Cort\u00e8s_Cardedeu-200x133.jpg 200w, https:\/\/tomajazz.com\/web\/wp-content\/uploads\/2020\/06\/08_130327_FAESSCD-Joan-Cort\u00e8s_Cardedeu-83x55.jpg 83w, https:\/\/tomajazz.com\/web\/wp-content\/uploads\/2020\/06\/08_130327_FAESSCD-Joan-Cort\u00e8s_Cardedeu-60x40.jpg 60w, https:\/\/tomajazz.com\/web\/wp-content\/uploads\/2020\/06\/08_130327_FAESSCD-Joan-Cort\u00e8s_Cardedeu-120x80.jpg 120w\" sizes=\"auto, (max-width: 600px) 100vw, 600px\" \/><\/p>\n<p style=\"text-align: center;\">VALENT\u00cdN MURILLO &amp; S\u00d2NIA S\u00c1NCHEZ (<em>Antes existi\u00f3 el grito, <\/em>con Free Art Ensemble: Carles Denia, Pol Padr\u00f3s, Iv\u00e1n Gonz\u00e1lez, Oriol Fontclara, Albert Cirera, Alejandro \u201cWassylli\u201d Granados, Joan Massana, S\u00f2nia S\u00e1nchez, Ivo Sans y David Le\u00f3n \/ Cardedeu -Barcelona-, 2013)\u00a0<a href=\"https:\/\/tomajazz.com\/web\/?p=5727\" target=\"_blank\" rel=\"noopener noreferrer\">https:\/\/tomajazz.com\/web\/?p=5727<\/a><\/p>\n<p style=\"text-align: center;\"><img loading=\"lazy\" decoding=\"async\" class=\"aligncenter size-full wp-image-50923\" src=\"https:\/\/tomajazz.com\/web\/wp-content\/uploads\/2020\/06\/09_vn-Gnzlz-Mmr-n-\u00a9Joan-Cort\u00e8s_04jul17_Snsts_Brcln.jpg\" alt=\"\" width=\"600\" height=\"399\" title=\"\" srcset=\"https:\/\/tomajazz.com\/web\/wp-content\/uploads\/2020\/06\/09_vn-Gnzlz-Mmr-n-\u00a9Joan-Cort\u00e8s_04jul17_Snsts_Brcln.jpg 600w, https:\/\/tomajazz.com\/web\/wp-content\/uploads\/2020\/06\/09_vn-Gnzlz-Mmr-n-\u00a9Joan-Cort\u00e8s_04jul17_Snsts_Brcln-200x133.jpg 200w, https:\/\/tomajazz.com\/web\/wp-content\/uploads\/2020\/06\/09_vn-Gnzlz-Mmr-n-\u00a9Joan-Cort\u00e8s_04jul17_Snsts_Brcln-83x55.jpg 83w, https:\/\/tomajazz.com\/web\/wp-content\/uploads\/2020\/06\/09_vn-Gnzlz-Mmr-n-\u00a9Joan-Cort\u00e8s_04jul17_Snsts_Brcln-60x40.jpg 60w, https:\/\/tomajazz.com\/web\/wp-content\/uploads\/2020\/06\/09_vn-Gnzlz-Mmr-n-\u00a9Joan-Cort\u00e8s_04jul17_Snsts_Brcln-120x80.jpg 120w\" sizes=\"auto, (max-width: 600px) 100vw, 600px\" \/><\/p>\n<p style=\"text-align: center;\">DON MALFON, AGUST\u00cd FERN\u00c1NDEZ, VASCO TRILLA, S\u00d2NIA S\u00c1NCHEZ, RAMON PRATS &amp; \u00c0LEX REVIRIEGO (con Memoria Uno: Iv\u00e1n Gonz\u00e0lez y Ferran Besalduch \/ Barcelona, 2017)\u00a0<a href=\"https:\/\/tomajazz.com\/web\/?p=32315\" target=\"_blank\" rel=\"noopener noreferrer\">https:\/\/tomajazz.com\/web\/?p=32315<\/a><\/p>\n<p style=\"text-align: center;\"><img loading=\"lazy\" decoding=\"async\" class=\"aligncenter size-full wp-image-50924\" src=\"https:\/\/tomajazz.com\/web\/wp-content\/uploads\/2020\/06\/10_Trbd-mprvsdrs-\u00a9Joan-Cort\u00e8s_02gen20_Rbdrs-23_Bcn.jpg\" alt=\"\" width=\"400\" height=\"600\" title=\"\" srcset=\"https:\/\/tomajazz.com\/web\/wp-content\/uploads\/2020\/06\/10_Trbd-mprvsdrs-\u00a9Joan-Cort\u00e8s_02gen20_Rbdrs-23_Bcn.jpg 400w, https:\/\/tomajazz.com\/web\/wp-content\/uploads\/2020\/06\/10_Trbd-mprvsdrs-\u00a9Joan-Cort\u00e8s_02gen20_Rbdrs-23_Bcn-200x300.jpg 200w, https:\/\/tomajazz.com\/web\/wp-content\/uploads\/2020\/06\/10_Trbd-mprvsdrs-\u00a9Joan-Cort\u00e8s_02gen20_Rbdrs-23_Bcn-37x55.jpg 37w\" sizes=\"auto, (max-width: 400px) 100vw, 400px\" \/><\/p>\n<p style=\"text-align: center;\">S\u00d2NIA S\u00c1NCHEZ (<em>solo<\/em>, Trobada de 23 improvisadors \/ Barcelona, 2020)\u00a0<a href=\"https:\/\/tomajazz.com\/web\/?p=49438\" target=\"_blank\" rel=\"noopener noreferrer\">https:\/\/tomajazz.com\/web\/?p=49438<\/a><\/p>\n<p style=\"text-align: center;\"><img loading=\"lazy\" decoding=\"async\" class=\"aligncenter size-full wp-image-50925\" src=\"https:\/\/tomajazz.com\/web\/wp-content\/uploads\/2020\/06\/11_Sn-Snchz-Gl-Vll-\u00a9Joan-Cort\u00e8s_29mai16_Sl-Hrshm_Brcln.jpg\" alt=\"\" width=\"600\" height=\"399\" title=\"\" srcset=\"https:\/\/tomajazz.com\/web\/wp-content\/uploads\/2020\/06\/11_Sn-Snchz-Gl-Vll-\u00a9Joan-Cort\u00e8s_29mai16_Sl-Hrshm_Brcln.jpg 600w, https:\/\/tomajazz.com\/web\/wp-content\/uploads\/2020\/06\/11_Sn-Snchz-Gl-Vll-\u00a9Joan-Cort\u00e8s_29mai16_Sl-Hrshm_Brcln-200x133.jpg 200w, https:\/\/tomajazz.com\/web\/wp-content\/uploads\/2020\/06\/11_Sn-Snchz-Gl-Vll-\u00a9Joan-Cort\u00e8s_29mai16_Sl-Hrshm_Brcln-83x55.jpg 83w, https:\/\/tomajazz.com\/web\/wp-content\/uploads\/2020\/06\/11_Sn-Snchz-Gl-Vll-\u00a9Joan-Cort\u00e8s_29mai16_Sl-Hrshm_Brcln-60x40.jpg 60w, https:\/\/tomajazz.com\/web\/wp-content\/uploads\/2020\/06\/11_Sn-Snchz-Gl-Vll-\u00a9Joan-Cort\u00e8s_29mai16_Sl-Hrshm_Brcln-120x80.jpg 120w\" sizes=\"auto, (max-width: 600px) 100vw, 600px\" \/><\/p>\n<p style=\"text-align: center;\">S\u00d2NIA S\u00c1NCHEZ &amp; GIULIA VALLE (<em>Ajustando velas<\/em>, a d\u00fao \/ Barcelona, 2016)\u00a0<a href=\"https:\/\/tomajazz.com\/web\/?p=25643\" target=\"_blank\" rel=\"noopener noreferrer\">https:\/\/tomajazz.com\/web\/?p=25643<\/a><\/p>\n<p style=\"text-align: center;\"><img loading=\"lazy\" decoding=\"async\" class=\"aligncenter size-full wp-image-50926\" src=\"https:\/\/tomajazz.com\/web\/wp-content\/uploads\/2020\/06\/12_D-Vtl-\u00a9Joan-Cort\u00e8s_01jul17_Vnys-Vlls-Snt-Hlr_Crdd.jpg\" alt=\"\" width=\"600\" height=\"399\" title=\"\" srcset=\"https:\/\/tomajazz.com\/web\/wp-content\/uploads\/2020\/06\/12_D-Vtl-\u00a9Joan-Cort\u00e8s_01jul17_Vnys-Vlls-Snt-Hlr_Crdd.jpg 600w, https:\/\/tomajazz.com\/web\/wp-content\/uploads\/2020\/06\/12_D-Vtl-\u00a9Joan-Cort\u00e8s_01jul17_Vnys-Vlls-Snt-Hlr_Crdd-200x133.jpg 200w, https:\/\/tomajazz.com\/web\/wp-content\/uploads\/2020\/06\/12_D-Vtl-\u00a9Joan-Cort\u00e8s_01jul17_Vnys-Vlls-Snt-Hlr_Crdd-83x55.jpg 83w, https:\/\/tomajazz.com\/web\/wp-content\/uploads\/2020\/06\/12_D-Vtl-\u00a9Joan-Cort\u00e8s_01jul17_Vnys-Vlls-Snt-Hlr_Crdd-60x40.jpg 60w, https:\/\/tomajazz.com\/web\/wp-content\/uploads\/2020\/06\/12_D-Vtl-\u00a9Joan-Cort\u00e8s_01jul17_Vnys-Vlls-Snt-Hlr_Crdd-120x80.jpg 120w\" sizes=\"auto, (max-width: 600px) 100vw, 600px\" \/><\/p>\n<p style=\"text-align: center;\">ALBERT CIRERA I S\u00d2NIA S\u00c1NCHEZ (<em>Presentaci\u00f3 vi bes\u00e0via <\/em>, a d\u00fao \/ Cardedeu -Barcelona-, 2017)\u00a0<a href=\"https:\/\/tomajazz.com\/web\/?p=32026\" target=\"_blank\" rel=\"noopener noreferrer\">https:\/\/tomajazz.com\/web\/?p=32026<\/a><\/p>\n<p style=\"text-align: center;\"><img loading=\"lazy\" decoding=\"async\" class=\"aligncenter size-full wp-image-50927\" src=\"https:\/\/tomajazz.com\/web\/wp-content\/uploads\/2020\/06\/13_BCN-mpr-fst_4s-\u00a9Joan-Cort\u00e8s_01mar16_Dl-Fnx_Bcn.jpg\" alt=\"\" width=\"600\" height=\"399\" title=\"\" srcset=\"https:\/\/tomajazz.com\/web\/wp-content\/uploads\/2020\/06\/13_BCN-mpr-fst_4s-\u00a9Joan-Cort\u00e8s_01mar16_Dl-Fnx_Bcn.jpg 600w, https:\/\/tomajazz.com\/web\/wp-content\/uploads\/2020\/06\/13_BCN-mpr-fst_4s-\u00a9Joan-Cort\u00e8s_01mar16_Dl-Fnx_Bcn-200x133.jpg 200w, https:\/\/tomajazz.com\/web\/wp-content\/uploads\/2020\/06\/13_BCN-mpr-fst_4s-\u00a9Joan-Cort\u00e8s_01mar16_Dl-Fnx_Bcn-83x55.jpg 83w, https:\/\/tomajazz.com\/web\/wp-content\/uploads\/2020\/06\/13_BCN-mpr-fst_4s-\u00a9Joan-Cort\u00e8s_01mar16_Dl-Fnx_Bcn-60x40.jpg 60w, https:\/\/tomajazz.com\/web\/wp-content\/uploads\/2020\/06\/13_BCN-mpr-fst_4s-\u00a9Joan-Cort\u00e8s_01mar16_Dl-Fnx_Bcn-120x80.jpg 120w\" sizes=\"auto, (max-width: 600px) 100vw, 600px\" \/><\/p>\n<p style=\"text-align: center;\">AMAIUR GONZ\u00c1LEZ &amp; S\u00d2NIA S\u00c1NCHEZ (con Memoria Uno: Josep Maria Balany\u00e0, Miquel Jord\u00e0, Agust\u00ed Mart\u00ednez, Rub\u00e9n Fern\u00e1ndez, Rafael Metlikovez, recitado\/ Barcelona, 2016)\u00a0<a href=\"https:\/\/tomajazz.com\/web\/?p=23864\" target=\"_blank\" rel=\"noopener noreferrer\">https:\/\/tomajazz.com\/web\/?p=23864<\/a><\/p>\n<p style=\"text-align: center;\"><img loading=\"lazy\" decoding=\"async\" class=\"aligncenter size-full wp-image-50928\" src=\"https:\/\/tomajazz.com\/web\/wp-content\/uploads\/2020\/06\/14_S-Tr-\u00a9Joan-Cort\u00e8s_03des16_rts-Snt-Mnc_Bcn.jpg\" alt=\"\" width=\"399\" height=\"600\" title=\"\" srcset=\"https:\/\/tomajazz.com\/web\/wp-content\/uploads\/2020\/06\/14_S-Tr-\u00a9Joan-Cort\u00e8s_03des16_rts-Snt-Mnc_Bcn.jpg 399w, https:\/\/tomajazz.com\/web\/wp-content\/uploads\/2020\/06\/14_S-Tr-\u00a9Joan-Cort\u00e8s_03des16_rts-Snt-Mnc_Bcn-200x300.jpg 200w, https:\/\/tomajazz.com\/web\/wp-content\/uploads\/2020\/06\/14_S-Tr-\u00a9Joan-Cort\u00e8s_03des16_rts-Snt-Mnc_Bcn-37x55.jpg 37w\" sizes=\"auto, (max-width: 399px) 100vw, 399px\" \/><\/p>\n<p style=\"text-align: center;\">S\u00d2NIA S\u00c1NCHEZ (con Sai Trio: Agust\u00ed Fern\u00e1ndez e Ivo Sans \/ Barcelona, 2015)\u00a0<a href=\"https:\/\/tomajazz.com\/web\/?p=22465\" target=\"_blank\" rel=\"noopener noreferrer\">https:\/\/tomajazz.com\/web\/?p=22465<\/a><\/p>\n<p style=\"text-align: center;\"><img loading=\"lazy\" decoding=\"async\" class=\"aligncenter size-full wp-image-50929\" src=\"https:\/\/tomajazz.com\/web\/wp-content\/uploads\/2020\/06\/15_Snchz-ndrr-Flx-\u00a9Joan-Cort\u00e8s_19oct19_Cn-Blms_MntMsc_SMP.jpg\" alt=\"\" width=\"600\" height=\"400\" title=\"\" srcset=\"https:\/\/tomajazz.com\/web\/wp-content\/uploads\/2020\/06\/15_Snchz-ndrr-Flx-\u00a9Joan-Cort\u00e8s_19oct19_Cn-Blms_MntMsc_SMP.jpg 600w, https:\/\/tomajazz.com\/web\/wp-content\/uploads\/2020\/06\/15_Snchz-ndrr-Flx-\u00a9Joan-Cort\u00e8s_19oct19_Cn-Blms_MntMsc_SMP-200x133.jpg 200w, https:\/\/tomajazz.com\/web\/wp-content\/uploads\/2020\/06\/15_Snchz-ndrr-Flx-\u00a9Joan-Cort\u00e8s_19oct19_Cn-Blms_MntMsc_SMP-83x55.jpg 83w, https:\/\/tomajazz.com\/web\/wp-content\/uploads\/2020\/06\/15_Snchz-ndrr-Flx-\u00a9Joan-Cort\u00e8s_19oct19_Cn-Blms_MntMsc_SMP-60x40.jpg 60w, https:\/\/tomajazz.com\/web\/wp-content\/uploads\/2020\/06\/15_Snchz-ndrr-Flx-\u00a9Joan-Cort\u00e8s_19oct19_Cn-Blms_MntMsc_SMP-120x80.jpg 120w\" sizes=\"auto, (max-width: 600px) 100vw, 600px\" \/><\/p>\n<p style=\"text-align: center;\">M\u00cdRIAM F\u00c8LIX, N\u00daRIA ANDORR\u00c0 &amp; S\u00d2NIA S\u00c1NCHEZ (a tr\u00edo \/ Santa Maria de Palautordera -Barcelona-, 2019)\u00a0<a href=\"https:\/\/tomajazz.com\/web\/?p=47959\" target=\"_blank\" rel=\"noopener noreferrer\">https:\/\/tomajazz.com\/web\/?p=47959<\/a><\/p>\n<p style=\"text-align: center;\"><img loading=\"lazy\" decoding=\"async\" class=\"aligncenter size-full wp-image-50930\" src=\"https:\/\/tomajazz.com\/web\/wp-content\/uploads\/2020\/06\/16_Sn-Snchz-\u00a9Joan-Cort\u00e8s_24set16-Lstc-s-ll_Crdd.jpg\" alt=\"\" width=\"401\" height=\"600\" title=\"\" srcset=\"https:\/\/tomajazz.com\/web\/wp-content\/uploads\/2020\/06\/16_Sn-Snchz-\u00a9Joan-Cort\u00e8s_24set16-Lstc-s-ll_Crdd.jpg 401w, https:\/\/tomajazz.com\/web\/wp-content\/uploads\/2020\/06\/16_Sn-Snchz-\u00a9Joan-Cort\u00e8s_24set16-Lstc-s-ll_Crdd-200x300.jpg 200w, https:\/\/tomajazz.com\/web\/wp-content\/uploads\/2020\/06\/16_Sn-Snchz-\u00a9Joan-Cort\u00e8s_24set16-Lstc-s-ll_Crdd-37x55.jpg 37w\" sizes=\"auto, (max-width: 401px) 100vw, 401px\" \/><\/p>\n<p style=\"text-align: center;\">S\u00d2NIA S\u00c1NCHEZ (<em>Improvisando circunstancias, <\/em>a tr\u00edo con Iv\u00e1n Gonz\u00e1lez y Marcel\u00b7l\u00ed Bayer \/ Cardedeu -Barcelona-, 2016)\u00a0<a href=\"https:\/\/tomajazz.com\/web\/?p=26747\" target=\"_blank\" rel=\"noopener noreferrer\">https:\/\/tomajazz.com\/web\/?p=26747<\/a><\/p>\n<p>&nbsp;<\/p>\n<p style=\"text-align: right;\">Tomajazz: \u00a9\u00a0<strong>Joan Cort\u00e8s<\/strong>, 2020<\/p>\n","protected":false},"excerpt":{"rendered":"<p>S\u00f2nia S\u00e1nchez es la protagonista del tercer especial de Joan Cort\u00e8s en INSTANTZZ. La galer\u00eda fotogr\u00e1fica recoge 16 instan\u00e1neas de la bailarina en muy buenas compa\u00f1\u00edas, tomadas entre 2013 y 2020. <span class=\"more-link\"><a href=\"https:\/\/tomajazz.com\/web\/instantzz-sonia-sanchez-monografico-galeria-fotografica-aka-fotoblog-de-jazz-impro-y-algo-mas\/\">Contin\u00faa leyendo<\/a><\/span><\/p>\n","protected":false},"author":1,"featured_media":50922,"comment_status":"open","ping_status":"closed","sticky":false,"template":"","format":"standard","meta":{"_jetpack_newsletter_access":"","_jetpack_dont_email_post_to_subs":false,"_jetpack_newsletter_tier_id":0,"_jetpack_memberships_contains_paywalled_content":false,"_jetpack_feature_clip_id":0,"_jetpack_memberships_contains_paid_content":false,"footnotes":"","jetpack_post_was_ever_published":false},"categories":[11262,17853,15516,11261,24817,1038],"tags":[1041,6038],"class_list":["entry","author-pachi","has-excerpt","post-50914","post","type-post","status-publish","format-standard","has-post-thumbnail","category-photoblogs","category-joan-cortes","category-imagenes","category-instantzz","category-monograficos","category-contenidos","tag-joan-cortes","tag-sonia-sanchez"],"jetpack_likes_enabled":true,"jetpack_sharing_enabled":true,"jetpack-related-posts":[{"id":104518,"url":"https:\/\/tomajazz.com\/web\/agusti-fernandez-sonia-sanchez-lucia-martinez-cdj25-2026\/","url_meta":{"origin":50914,"position":0},"title":"Agust\u00ed Fern\u00e1ndez, S\u00f2nia S\u00e1nchez &#038; Luc\u00eda Mart\u00ednez (25 aniversario Club de Jazz \/ Jamboree-01, 2026-02-14 \/ Barcelona) [II] Por Joan Cort\u00e8s [INSTANTZZ AKA Galer\u00eda fotogr\u00e1fica AKA Fotoblog de jazz, impro\u2026 y algo m\u00e1s]","author":"Tomajazz","date":"22 marzo, 2026","format":false,"excerpt":"Agust\u00ed Fern\u00e1ndez, S\u00f2nia S\u00e1nchez & Luc\u00eda Mart\u00ednez actuaron en Jamboree, Barcelona, en el 25 aniversario de CDJ. Joan Cort\u00e8s lo retrata en INSTANTZZ","rel":"","context":"En \u00ab*_Joan Cort\u00e8s\u00bb","block_context":{"text":"*_Joan Cort\u00e8s","link":"https:\/\/tomajazz.com\/web\/category\/joan-cortes\/"},"img":{"alt_text":"Agust\u00ed Fern\u00e1ndez, S\u00f2nia S\u00e1nchez & Luc\u00eda Mart\u00ednez (25 aniversario Club de Jazz \/ Jamboree-01, 2026-02-14 \/ Barcelona) [II] Por Joan Cort\u00e8s [INSTANTZZ AKA Galer\u00eda fotogr\u00e1fica AKA Fotoblog de jazz, impro\u2026 y algo m\u00e1s] - Tomajazz - Agust\u00ed Fern\u00e1ndez, S\u00f2nia S\u00e1nchez & Luc\u00eda Mart\u00ednez actuaron en Jamboree, Barcelona, en el 25 aniversario de CDJ. Joan Cort\u00e8s lo retrata en INSTANTZZ","src":"https:\/\/i0.wp.com\/tomajazz.com\/web\/wp-content\/uploads\/2026\/03\/destacada-07-Frnndz-Snchz-Mrtnz-Photo-by-Joan-Cortes-14fbr26-25nCdJ-Jmbr-Bcn.jpg?resize=350%2C200&ssl=1","width":350,"height":200,"srcset":"https:\/\/i0.wp.com\/tomajazz.com\/web\/wp-content\/uploads\/2026\/03\/destacada-07-Frnndz-Snchz-Mrtnz-Photo-by-Joan-Cortes-14fbr26-25nCdJ-Jmbr-Bcn.jpg?resize=350%2C200&ssl=1 1x, https:\/\/i0.wp.com\/tomajazz.com\/web\/wp-content\/uploads\/2026\/03\/destacada-07-Frnndz-Snchz-Mrtnz-Photo-by-Joan-Cortes-14fbr26-25nCdJ-Jmbr-Bcn.jpg?resize=525%2C300&ssl=1 1.5x"},"classes":[]},{"id":105169,"url":"https:\/\/tomajazz.com\/web\/invierno-femenino-2025-26-ii\/","url_meta":{"origin":50914,"position":1},"title":"Invierno Femenino 2025-26 [II] Por Joan Cort\u00e8s [INSTANTZZ AKA Galer\u00eda fotogr\u00e1fica AKA Fotoblog de jazz, impro\u2026 y algo m\u00e1s]","author":"Tomajazz","date":"3 mayo, 2026","format":false,"excerpt":"Un cl\u00e1sico de Joan Cort\u00e8s en Tomajazz al finalizar cada estaci\u00f3n... en esta ocasi\u00f3n, la segunda parte de Invierno Femenino 2025-26. Con im\u00e1genes de... Jordina Mill\u00e0, S\u00f2nia S\u00e1nchez, Luc\u00eda Mart\u00ednez, Dayeon Seok, Luz Prado, Alba Careta, Sylvaine H\u00e9lary, Yvonne Rogers, Constanza Brncic, La Macanita, Marta Warelis, Mary Halvorson","rel":"","context":"En \u00abInvierno Femenino 2025-26\u00bb","block_context":{"text":"Invierno Femenino 2025-26","link":"https:\/\/tomajazz.com\/web\/category\/contenidos\/especial-contenidos\/invierno-femenino-2025-26\/"},"img":{"alt_text":"Invierno Femenino 2025-26 [II] Por Joan Cort\u00e8s [INSTANTZZ AKA Galer\u00eda fotogr\u00e1fica AKA Fotoblog de jazz, impro\u2026 y algo m\u00e1s] - Tomajazz - Un cl\u00e1sico de Joan Cort\u00e8s en Tomajazz al finalizar cada estaci\u00f3n... en esta ocasi\u00f3n, la segunda parte de Invierno Femenino 2025-26. Con im\u00e1genes de...","src":"https:\/\/i0.wp.com\/tomajazz.com\/web\/wp-content\/uploads\/2026\/05\/destacada-07-BZ-Photo-by-Joan-Cortes-12mrc26-Ssn-Jzzbr-MrC-nPVD-Prpny.jpg?resize=350%2C200&ssl=1","width":350,"height":200,"srcset":"https:\/\/i0.wp.com\/tomajazz.com\/web\/wp-content\/uploads\/2026\/05\/destacada-07-BZ-Photo-by-Joan-Cortes-12mrc26-Ssn-Jzzbr-MrC-nPVD-Prpny.jpg?resize=350%2C200&ssl=1 1x, https:\/\/i0.wp.com\/tomajazz.com\/web\/wp-content\/uploads\/2026\/05\/destacada-07-BZ-Photo-by-Joan-Cortes-12mrc26-Ssn-Jzzbr-MrC-nPVD-Prpny.jpg?resize=525%2C300&ssl=1 1.5x"},"classes":[]},{"id":104591,"url":"https:\/\/tomajazz.com\/web\/marco-mezquida-25cdj-2026\/","url_meta":{"origin":50914,"position":2},"title":"Marco Mezquida (25 aniversario Club de Jazz \/ Jamboree-01, 2026-02-14 \/ Barcelona) [y III] Por Joan Cort\u00e8s [INSTANTZZ AKA Galer\u00eda fotogr\u00e1fica AKA Fotoblog de jazz, impro\u2026 y algo m\u00e1s]","author":"Tomajazz","date":"26 marzo, 2026","format":false,"excerpt":"Marco Mezquida actu\u00f3 en Jamboree en la celebraci\u00f3n CDJ25, el 14 de febrero de 2026. Joan Cort\u00e8s lo retrata en INSTANTZZ","rel":"","context":"En \u00abINSTANTZZ\u00bb","block_context":{"text":"INSTANTZZ","link":"https:\/\/tomajazz.com\/web\/category\/contenidos\/imagenes\/photoblogs\/instantzz\/"},"img":{"alt_text":"Marco Mezquida (25 aniversario Club de Jazz \/ Jamboree-01, 2026-02-14 \/ Barcelona) [y III] Por Joan Cort\u00e8s [INSTANTZZ AKA Galer\u00eda fotogr\u00e1fica AKA Fotoblog de jazz, impro\u2026 y algo m\u00e1s] - Tomajazz - Marco Mezquida actu\u00f3 en Jamboree en la celebraci\u00f3n CDJ25, el 14 de febrero de 2026. Joan Cort\u00e8s lo retrata en INSTANTZZ","src":"https:\/\/i0.wp.com\/tomajazz.com\/web\/wp-content\/uploads\/2026\/03\/destacada-10-Mrc-Mzqd-Photo-by-Joan-Cortes-14fbr26-25CdJ-Jmbrr01-Bcn-.jpg?resize=350%2C200&ssl=1","width":350,"height":200,"srcset":"https:\/\/i0.wp.com\/tomajazz.com\/web\/wp-content\/uploads\/2026\/03\/destacada-10-Mrc-Mzqd-Photo-by-Joan-Cortes-14fbr26-25CdJ-Jmbrr01-Bcn-.jpg?resize=350%2C200&ssl=1 1x, https:\/\/i0.wp.com\/tomajazz.com\/web\/wp-content\/uploads\/2026\/03\/destacada-10-Mrc-Mzqd-Photo-by-Joan-Cortes-14fbr26-25CdJ-Jmbrr01-Bcn-.jpg?resize=525%2C300&ssl=1 1.5x"},"classes":[]},{"id":103649,"url":"https:\/\/tomajazz.com\/web\/2025-en-25-imagenes-1\/","url_meta":{"origin":50914,"position":3},"title":"2025 en 25 im\u00e1genes -jazz, improvisaci\u00f3n y flamenco- (primera parte) Por Joan Cort\u00e8s [INSTANTZZ AKA Galer\u00eda fotogr\u00e1fica AKA Fotoblog de jazz, impro\u2026 y algo m\u00e1s]","author":"Tomajazz","date":"22 enero, 2026","format":false,"excerpt":"2025 en 25 im\u00e1genes -jazz, improvisaci\u00f3n y flamenco- (primera parte) es un cl\u00e1sico de Joan Cort\u00e8s cada inicio de a\u00f1o en INSTANTZZ","rel":"","context":"En \u00ab*_Joan Cort\u00e8s\u00bb","block_context":{"text":"*_Joan Cort\u00e8s","link":"https:\/\/tomajazz.com\/web\/category\/joan-cortes\/"},"img":{"alt_text":"2025 en 25 im\u00e1genes -jazz, improvisaci\u00f3n y flamenco- (primera parte) Por Joan Cort\u00e8s [INSTANTZZ AKA Galer\u00eda fotogr\u00e1fica AKA Fotoblog de jazz, impro\u2026 y algo m\u00e1s] - Tomajazz - 2025 en 25 im\u00e1genes -jazz, improvisaci\u00f3n y flamenco- (primera parte) es un cl\u00e1sico de Joan Cort\u00e8s cada inicio de a\u00f1o en INSTANTZZ","src":"https:\/\/i0.wp.com\/tomajazz.com\/web\/wp-content\/uploads\/2026\/01\/destacado-03-Nr-ndrr-sqllrm-Photo-by-Joan-Cortes-22fbr25-L-dtr-S1-Bcn.jpg?resize=350%2C200&ssl=1","width":350,"height":200,"srcset":"https:\/\/i0.wp.com\/tomajazz.com\/web\/wp-content\/uploads\/2026\/01\/destacado-03-Nr-ndrr-sqllrm-Photo-by-Joan-Cortes-22fbr25-L-dtr-S1-Bcn.jpg?resize=350%2C200&ssl=1 1x, https:\/\/i0.wp.com\/tomajazz.com\/web\/wp-content\/uploads\/2026\/01\/destacado-03-Nr-ndrr-sqllrm-Photo-by-Joan-Cortes-22fbr25-L-dtr-S1-Bcn.jpg?resize=525%2C300&ssl=1 1.5x"},"classes":[]},{"id":106382,"url":"https:\/\/tomajazz.com\/web\/iv-festival-rite-2026-1\/","url_meta":{"origin":50914,"position":4},"title":"Dani de Mor\u00f3n \/ Cohen-Le Fleming-Maestro-Moullier-Richardson-S\u00e1nchez (IV Festival Rite 2026. El Rite-LAC \/ Casa Virupa, 2026-05-29 \/ Llinars -Barcelona-) [01]  Por Joan Cort\u00e8s [INSTANTZZ AKA Galer\u00eda fotogr\u00e1fica AKA Fotoblog de jazz, impro\u2026 y algo m\u00e1s]","author":"Tomajazz","date":"11 agosto, 2026","format":false,"excerpt":"Dani de Mor\u00f3n \/ Cohen-Le Fleming-Maestro-Moullier-Richardson-S\u00e1nchez actuaron en el IV Festival Rite 2026 en El Rite-LAC en Casa Virupa, en Llinars -Barcelona-, el 29 de mayo de 2026. Joan Cort\u00e8s lo retrata en INSTANTZZ","rel":"","context":"En \u00abIV Festival Rite 2026\u00bb","block_context":{"text":"IV Festival Rite 2026","link":"https:\/\/tomajazz.com\/web\/category\/contenidos\/especial-contenidos\/iv-festival-rite-2026\/"},"img":{"alt_text":"Dani de Mor\u00f3n \/ Cohen-Le Fleming-Maestro-Moullier-Richardson-S\u00e1nchez (IV Festival Rite 2026. El Rite-LAC \/ Casa Virupa, 2026-05-29 \/ Llinars -Barcelona-) [01]  Por Joan Cort\u00e8s [INSTANTZZ AKA Galer\u00eda fotogr\u00e1fica AKA Fotoblog de jazz, impro\u2026 y algo m\u00e1s] - Tomajazz - Dani de Mor\u00f3n \/ Cohen-Le Fleming-Maestro-Moullier-Richardson-S\u00e1nchez actuaron en el IV Festival Rite 2026 en El Rite-LAC en Casa Virupa, en Llinars -Barcelona-, el 29 de mayo de 2026. Joan Cort\u00e8s lo retrata en INSTANTZZ","src":"https:\/\/i0.wp.com\/tomajazz.com\/web\/wp-content\/uploads\/2026\/08\/destacada-14-CLMMRS-Photo-by-Joan-Cortes-29mg26-l-Rt-Cs-Vrp-Cn-Brd-Llnrs.jpg?resize=350%2C200&ssl=1","width":350,"height":200,"srcset":"https:\/\/i0.wp.com\/tomajazz.com\/web\/wp-content\/uploads\/2026\/08\/destacada-14-CLMMRS-Photo-by-Joan-Cortes-29mg26-l-Rt-Cs-Vrp-Cn-Brd-Llnrs.jpg?resize=350%2C200&ssl=1 1x, https:\/\/i0.wp.com\/tomajazz.com\/web\/wp-content\/uploads\/2026\/08\/destacada-14-CLMMRS-Photo-by-Joan-Cortes-29mg26-l-Rt-Cs-Vrp-Cn-Brd-Llnrs.jpg?resize=525%2C300&ssl=1 1.5x"},"classes":[]},{"id":54708,"url":"https:\/\/tomajazz.com\/web\/instantzz-celeste-alias-clara-lai-sonia-sanchez-ariadna-torner-impro-day-1-set-1-mmi-festival-music-more-impro-2021-i-viii-utopia-126-barcelona-2021-05-01-galeria\/","url_meta":{"origin":50914,"position":5},"title":"INSTANTZZ:  Celeste Al\u00edas, Clara Lai, S\u00f2nia S\u00e1nchez &#038; Ariadna Torner, \u201cImpro day 1 set 1\u201d [MMI Festival -Music &#038; More Impro- 2021 (I\/VIII), Utopia 126, Barcelona. 2021-05-01] [Galer\u00eda fotogr\u00e1fica AKA Fotoblog de jazz, impro\u2026 y algo m\u00e1s] Por Joan Cort\u00e8s","author":"Tomajazz","date":"18 mayo, 2021","format":false,"excerpt":"Primera entrega en INSTANTZZ dedicada al MMI Festival -Music & More Impro- 2021, con la actuaci\u00f3n de Celeste Al\u00edas, Clara Lai, S\u00f2nia S\u00e1nchez & Ariadna Torner. Joan Cort\u00e8s es el autor de las fotograf\u00edas.","rel":"","context":"En \u00abIm\u00e1genes\u00bb","block_context":{"text":"Im\u00e1genes","link":"https:\/\/tomajazz.com\/web\/category\/contenidos\/imagenes\/"},"img":{"alt_text":"","src":"https:\/\/i0.wp.com\/tomajazz.com\/web\/wp-content\/uploads\/2021\/05\/05_L-Trnr-ls-Snchz-Joan-Cortes_01mai21_MMI_tp-126_Bcn.jpg?resize=350%2C200&ssl=1","width":350,"height":200,"srcset":"https:\/\/i0.wp.com\/tomajazz.com\/web\/wp-content\/uploads\/2021\/05\/05_L-Trnr-ls-Snchz-Joan-Cortes_01mai21_MMI_tp-126_Bcn.jpg?resize=350%2C200&ssl=1 1x, https:\/\/i0.wp.com\/tomajazz.com\/web\/wp-content\/uploads\/2021\/05\/05_L-Trnr-ls-Snchz-Joan-Cortes_01mai21_MMI_tp-126_Bcn.jpg?resize=525%2C300&ssl=1 1.5x"},"classes":[]}],"jetpack_featured_media_url":"https:\/\/tomajazz.com\/web\/wp-content\/uploads\/2020\/06\/08_130327_FAESSCD-Joan-Cort\u00e8s_Cardedeu.jpg","_links":{"self":[{"href":"https:\/\/tomajazz.com\/web\/wp-json\/wp\/v2\/posts\/50914","targetHints":{"allow":["GET"]}}],"collection":[{"href":"https:\/\/tomajazz.com\/web\/wp-json\/wp\/v2\/posts"}],"about":[{"href":"https:\/\/tomajazz.com\/web\/wp-json\/wp\/v2\/types\/post"}],"author":[{"embeddable":true,"href":"https:\/\/tomajazz.com\/web\/wp-json\/wp\/v2\/users\/1"}],"replies":[{"embeddable":true,"href":"https:\/\/tomajazz.com\/web\/wp-json\/wp\/v2\/comments?post=50914"}],"version-history":[{"count":2,"href":"https:\/\/tomajazz.com\/web\/wp-json\/wp\/v2\/posts\/50914\/revisions"}],"predecessor-version":[{"id":50932,"href":"https:\/\/tomajazz.com\/web\/wp-json\/wp\/v2\/posts\/50914\/revisions\/50932"}],"wp:featuredmedia":[{"embeddable":true,"href":"https:\/\/tomajazz.com\/web\/wp-json\/wp\/v2\/media\/50922"}],"wp:attachment":[{"href":"https:\/\/tomajazz.com\/web\/wp-json\/wp\/v2\/media?parent=50914"}],"wp:term":[{"taxonomy":"category","embeddable":true,"href":"https:\/\/tomajazz.com\/web\/wp-json\/wp\/v2\/categories?post=50914"},{"taxonomy":"post_tag","embeddable":true,"href":"https:\/\/tomajazz.com\/web\/wp-json\/wp\/v2\/tags?post=50914"}],"curies":[{"name":"wp","href":"https:\/\/api.w.org\/{rel}","templated":true}]}}