{"id":51035,"date":"2020-07-05T15:28:33","date_gmt":"2020-07-05T13:28:33","guid":{"rendered":"https:\/\/www.tomajazz.com\/web\/?p=51035"},"modified":"2021-07-18T13:21:47","modified_gmt":"2021-07-18T11:21:47","slug":"silvia-perez-cruz-por-jose-luis-luna-rocafort-en-el-mirador-julio-de-2020-palma-de-mallorca-noticias-de-jazz","status":"publish","type":"post","link":"https:\/\/tomajazz.com\/web\/silvia-perez-cruz-por-jose-luis-luna-rocafort-en-el-mirador-julio-de-2020-palma-de-mallorca-noticias-de-jazz\/","title":{"rendered":"Silvia P\u00e9rez Cruz por Jos\u00e9 Luis Luna Rocafort en El Mirador (Julio de 2020. Palma de Mallorca) [Noticias de jazz]"},"content":{"rendered":"<p>Por <strong>Redacci\u00f3n<\/strong>.<\/p>\n<p style=\"text-align: center;\"><img loading=\"lazy\" decoding=\"async\" class=\"aligncenter size-large wp-image-51036\" src=\"https:\/\/tomajazz.com\/web\/wp-content\/uploads\/2020\/07\/Jos\u00e9-Luis-Luna-Rocafort-El-mirador-Silvia-P\u00e9rez-Cruz-600x441.jpg\" alt=\"\" width=\"600\" height=\"441\" title=\"\" srcset=\"https:\/\/tomajazz.com\/web\/wp-content\/uploads\/2020\/07\/Jos\u00e9-Luis-Luna-Rocafort-El-mirador-Silvia-P\u00e9rez-Cruz-600x441.jpg 600w, https:\/\/tomajazz.com\/web\/wp-content\/uploads\/2020\/07\/Jos\u00e9-Luis-Luna-Rocafort-El-mirador-Silvia-P\u00e9rez-Cruz-200x147.jpg 200w, https:\/\/tomajazz.com\/web\/wp-content\/uploads\/2020\/07\/Jos\u00e9-Luis-Luna-Rocafort-El-mirador-Silvia-P\u00e9rez-Cruz-768x564.jpg 768w, https:\/\/tomajazz.com\/web\/wp-content\/uploads\/2020\/07\/Jos\u00e9-Luis-Luna-Rocafort-El-mirador-Silvia-P\u00e9rez-Cruz-75x55.jpg 75w, https:\/\/tomajazz.com\/web\/wp-content\/uploads\/2020\/07\/Jos\u00e9-Luis-Luna-Rocafort-El-mirador-Silvia-P\u00e9rez-Cruz.jpg 1034w\" sizes=\"auto, (max-width: 600px) 100vw, 600px\" \/><\/p>\n<p><img loading=\"lazy\" decoding=\"async\" class=\"alignleft wp-image-51039 size-medium\" src=\"https:\/\/tomajazz.com\/web\/wp-content\/uploads\/2020\/07\/Silvia-P\u00e9rez-Cruz-y-Jos\u00e9-Luis-Luna-Rocafort-200x200.jpg\" alt=\"\" width=\"200\" height=\"200\" title=\"\" srcset=\"https:\/\/tomajazz.com\/web\/wp-content\/uploads\/2020\/07\/Silvia-P\u00e9rez-Cruz-y-Jos\u00e9-Luis-Luna-Rocafort-200x200.jpg 200w, https:\/\/tomajazz.com\/web\/wp-content\/uploads\/2020\/07\/Silvia-P\u00e9rez-Cruz-y-Jos\u00e9-Luis-Luna-Rocafort-600x600.jpg 600w, https:\/\/tomajazz.com\/web\/wp-content\/uploads\/2020\/07\/Silvia-P\u00e9rez-Cruz-y-Jos\u00e9-Luis-Luna-Rocafort-150x150.jpg 150w, https:\/\/tomajazz.com\/web\/wp-content\/uploads\/2020\/07\/Silvia-P\u00e9rez-Cruz-y-Jos\u00e9-Luis-Luna-Rocafort-768x768.jpg 768w, https:\/\/tomajazz.com\/web\/wp-content\/uploads\/2020\/07\/Silvia-P\u00e9rez-Cruz-y-Jos\u00e9-Luis-Luna-Rocafort-55x55.jpg 55w, https:\/\/tomajazz.com\/web\/wp-content\/uploads\/2020\/07\/Silvia-P\u00e9rez-Cruz-y-Jos\u00e9-Luis-Luna-Rocafort-50x50.jpg 50w, https:\/\/tomajazz.com\/web\/wp-content\/uploads\/2020\/07\/Silvia-P\u00e9rez-Cruz-y-Jos\u00e9-Luis-Luna-Rocafort.jpg 1440w\" sizes=\"auto, (max-width: 200px) 100vw, 200px\" \/>Una instant\u00e1nea de Silvia P\u00e9rez Cruz, tomada por el fot\u00f3grafo de Tomajazz Jos\u00e9 Luis Luna Rocafort, va a ser la protagonista durante el mes de julio de 2020 de El Mirador, el proyecto del artista Llu\u00eds Fuster, que mantiene desde hace m\u00e1s de seis a\u00f1os. La fotograf\u00eda se tom\u00f3 <a href=\"https:\/\/tomajazz.com\/web\/?p=39036\" target=\"_blank\" rel=\"noopener noreferrer\">en la edici\u00f3n de 2018 del Festival Eivissa Jazz<\/a>.<\/p>\n<p>El Mirador<br \/>\nC\/Set Cantons, 6<br \/>\nPalma de Mallorca<\/p>\n<p style=\"text-align: right;\">Fotograf\u00eda de El Mirador: \u00a9\u00a0<strong>Jos\u00e9 Luis Luna Rocafort<\/strong>, 2020<\/p>\n","protected":false},"excerpt":{"rendered":"<p>Una instant\u00e1nea de Silvia P\u00e9rez Cruz tomada por Jos\u00e9 Luis Luna Rocafort, es la protagonista en el mes de julio de el proyecto El Mirador (Palma de Mallorca), del artista Llu\u00eds Fuster. <span class=\"more-link\"><a href=\"https:\/\/tomajazz.com\/web\/silvia-perez-cruz-por-jose-luis-luna-rocafort-en-el-mirador-julio-de-2020-palma-de-mallorca-noticias-de-jazz\/\">Contin\u00faa leyendo<\/a><\/span><\/p>\n","protected":false},"author":1,"featured_media":51036,"comment_status":"open","ping_status":"closed","sticky":false,"template":"","format":"standard","meta":{"_jetpack_newsletter_access":"","_jetpack_dont_email_post_to_subs":false,"_jetpack_newsletter_tier_id":0,"_jetpack_memberships_contains_paywalled_content":false,"_jetpack_feature_clip_id":0,"_jetpack_memberships_contains_paid_content":false,"footnotes":"","jetpack_post_was_ever_published":false},"categories":[15795,17858,1038],"tags":[11856,15296],"class_list":["entry","author-pachi","has-excerpt","post-51035","post","type-post","status-publish","format-standard","has-post-thumbnail","category-noticias-2","category-redaccion","category-contenidos","tag-noticias","tag-noticias-de-jazz"],"jetpack_likes_enabled":true,"jetpack_sharing_enabled":true,"jetpack-related-posts":[{"id":106619,"url":"https:\/\/tomajazz.com\/web\/pep-garau-septet-palma-2026\/","url_meta":{"origin":51035,"position":0},"title":"Pep Garau Septet (Jazz Palma Festival 2026. Castell de Bellver, Palma de Mallorca. 2026-08-13) Por Miquel \u00c0ngel Segu\u00ed y Jos\u00e9 Luis Luna Rocafort [Concierto de jazz]","author":"Tomajazz","date":"20 agosto, 2026","format":false,"excerpt":"Pep Garau Septet actu\u00f3 en el Jazz Palma Festival 2026. Miquel \u00c0ngel Segu\u00ed y Jos\u00e9 Luis Luna Rocafort repasan el concierto. Actuaron Pep Garau, Enrique Oliver, Jaume Riera, Marko Lohikari, Benji Habichuela, Josep Llu\u00eds Garcia, Marius Koopmann","rel":"","context":"En \u00abConciertos...\u00bb","block_context":{"text":"Conciertos...","link":"https:\/\/tomajazz.com\/web\/category\/contenidos\/textos\/conciertos\/"},"img":{"alt_text":"Pep Garau Septet (Jazz Palma Festival 2026. Castell de Bellver, Palma de Mallorca. 2026-08-13) Por Miquel \u00c0ngel Segu\u00ed y Jos\u00e9 Luis Luna Rocafort [Concierto de jazz] - Tomajazz - Pep Garau Septet actu\u00f3 en el Jazz Palma Festival 2026. Miquel \u00c0ngel Segu\u00ed y Jos\u00e9 Luis Luna Rocafort repasan el concierto. Actuaron Pep Garau, Enrique Oliver, Jaume Riera, Marko Lohikari, Benji Habichuela, Josep Llu\u00eds Garcia, Marius Koopmann\n","src":"https:\/\/i0.wp.com\/tomajazz.com\/web\/wp-content\/uploads\/2026\/08\/014-7.jpg?resize=350%2C200&ssl=1","width":350,"height":200,"srcset":"https:\/\/i0.wp.com\/tomajazz.com\/web\/wp-content\/uploads\/2026\/08\/014-7.jpg?resize=350%2C200&ssl=1 1x, https:\/\/i0.wp.com\/tomajazz.com\/web\/wp-content\/uploads\/2026\/08\/014-7.jpg?resize=525%2C300&ssl=1 1.5x"},"classes":[]},{"id":106527,"url":"https:\/\/tomajazz.com\/web\/blau-salvatge-sa-pobla-2026\/","url_meta":{"origin":51035,"position":1},"title":"Blau Salvatge (32 Mallorca Jazz Sa Pobla 2026. Sa Pobla, Mallorca. 2026-08-10) Por Miquel \u00c0ngel Segu\u00ed y Jos\u00e9 Luis Luna Rocafort [Concierto de jazz]","author":"Tomajazz","date":"17 agosto, 2026","format":false,"excerpt":"Blau Salvatge actu\u00f3 en el 32 Mallorca Jazz Sa Pobla 2026, en Mallorca, el 10 de agosto de 2026. Miquel \u00c0ngel Segu\u00ed y Jos\u00e9 Luis Luna Rocafort relatan el concierto. Actuaron Joan P\u00e9rez-Villegas, Zo\u00eb Gordon, Nancy Meier, Paula Haeni, Felix Grandjean, Pere Molines, Joan Garcias, Llu\u00eds P\u00e9rez-Villegas, Leyre Estruch","rel":"","context":"En \u00ab32 Mallorca Jazz Sa Pobla 2026\u00bb","block_context":{"text":"32 Mallorca Jazz Sa Pobla 2026","link":"https:\/\/tomajazz.com\/web\/category\/contenidos\/especial-contenidos\/32-mallorca-jazz-sa-pobla-2026\/"},"img":{"alt_text":"Blau Salvatge (32 Mallorca Jazz Sa Pobla 2026. Sa Pobla, Mallorca. 2026-08-10) Por Miquel \u00c0ngel Segu\u00ed y Jos\u00e9 Luis Luna Rocafort [Concierto de jazz] - Tomajazz - Blau Salvatge actu\u00f3 en el 32 Mallorca Jazz Sa Pobla 2026, en Mallorca, el 10 de agosto de 2026. Miquel \u00c0ngel Segu\u00ed y Jos\u00e9 Luis Luna Rocafort relatan el concierto. Actuaron Joan P\u00e9rez-Villegas, Zo\u00eb Gordon, Nancy Meier, Paula Haeni, Felix Grandjean, Pere Molines, Joan Garcias, Llu\u00eds P\u00e9rez-Villegas, Leyre Estruch","src":"https:\/\/i0.wp.com\/tomajazz.com\/web\/wp-content\/uploads\/2026\/08\/017-4.jpg?resize=350%2C200&ssl=1","width":350,"height":200,"srcset":"https:\/\/i0.wp.com\/tomajazz.com\/web\/wp-content\/uploads\/2026\/08\/017-4.jpg?resize=350%2C200&ssl=1 1x, https:\/\/i0.wp.com\/tomajazz.com\/web\/wp-content\/uploads\/2026\/08\/017-4.jpg?resize=525%2C300&ssl=1 1.5x"},"classes":[]},{"id":103002,"url":"https:\/\/tomajazz.com\/web\/alternatilla-jazzband-version-25-2-2025\/","url_meta":{"origin":51035,"position":2},"title":"Alternatilla JazzBand versi\u00f3n 25.2 (9\u00ba Alternatilla Jazz Festival 2025. Teatre de Llub\u00ed, Mallorca. 2025-11-29) Por Jos\u00e9 Luis Luna Rocafort [INSTANTZZ AKA Galer\u00eda fotogr\u00e1fica AKA Fotoblog de jazz, impro\u2026 y algo m\u00e1s]","author":"Tomajazz","date":"27 diciembre, 2025","format":false,"excerpt":"Alternatilla JazzBand versi\u00f3n 25.2 actu\u00f3 en el 9\u00ba Alternatilla Jazz Festival 2025 en el Teatre de Llub\u00ed, Mallorca, el 29 de noviembre de 2025. Jos\u00e9 Luis Luna Rocafort lo retrata en INSTANTZZ. Con Le\u00efla Duclos, Camille Bertault, Julien Alour, Fady Farah, Joan Garc\u00edas, Enric Fuster","rel":"","context":"En \u00ab9\u00ba Alternatilla Jazz Festival 2025\u00bb","block_context":{"text":"9\u00ba Alternatilla Jazz Festival 2025","link":"https:\/\/tomajazz.com\/web\/category\/contenidos\/especial-contenidos\/9o-alternatilla-jazz-festival-2025\/"},"img":{"alt_text":"Alternatilla JazzBand versi\u00f3n 25.2 (9\u00ba Alternatilla Jazz Festival 2025. Teatre de Llub\u00ed, Mallorca. 2025-11-29) Por Jos\u00e9 Luis Luna Rocafort [INSTANTZZ AKA Galer\u00eda fotogr\u00e1fica AKA Fotoblog de jazz, impro\u2026 y algo m\u00e1s] - Tomajazz - Alternatilla JazzBand versi\u00f3n 25.2 actu\u00f3 en el 9\u00ba Alternatilla Jazz Festival 2025 en el Teatre de Llub\u00ed, Mallorca, el 29 de noviembre de 2025. Jos\u00e9 Luis Luna Rocafort lo retrata en INSTANTZZ. Con Le\u00efla Duclos, Camille Bertault, Julien Alour, Fady Farah, Joan Garc\u00edas, Enric Fuster","src":"https:\/\/i0.wp.com\/tomajazz.com\/web\/wp-content\/uploads\/2025\/12\/028.jpg?resize=350%2C200&ssl=1","width":350,"height":200,"srcset":"https:\/\/i0.wp.com\/tomajazz.com\/web\/wp-content\/uploads\/2025\/12\/028.jpg?resize=350%2C200&ssl=1 1x, https:\/\/i0.wp.com\/tomajazz.com\/web\/wp-content\/uploads\/2025\/12\/028.jpg?resize=525%2C300&ssl=1 1.5x"},"classes":[]},{"id":105186,"url":"https:\/\/tomajazz.com\/web\/tocabemolls-jazz-band-international-jazz-day-mallorca-2026\/","url_meta":{"origin":51035,"position":3},"title":"Tocabemolls Jazz Band (D\u00eda Internacional del Jazz Mallorca. Fundaci\u00f3 Joan Mir\u00f3 Palma. 2026-04-30) Por Jos\u00e9 Luis Luna Rocafort [INSTANTZZ AKA Galer\u00eda fotogr\u00e1fica AKA Fotoblog de jazz, impro\u2026 y algo m\u00e1s]","author":"Tomajazz","date":"4 mayo, 2026","format":false,"excerpt":"Tocabemolls Jazz Band actu\u00f3 en el D\u00eda Internacional del Jazz Mallorca 2026 en la Fundaci\u00f3 Joan Mir\u00f3 Palma, el 30 de abril de 2026. Jos\u00e9 Luis Luna Rocafort lo retrata en INSTANTZZ","rel":"","context":"En \u00ab*_Jos\u00e9 Luis Luna Rocafort\u00bb","block_context":{"text":"*_Jos\u00e9 Luis Luna Rocafort","link":"https:\/\/tomajazz.com\/web\/category\/jose-luis-luna-rocafort\/"},"img":{"alt_text":"Tocabemolls Jazz Band (D\u00eda Internacional del Jazz Mallorca. Fundaci\u00f3 Joan Mir\u00f3 Palma. 2026-04-30) Por Jos\u00e9 Luis Luna Rocafort [INSTANTZZ AKA Galer\u00eda fotogr\u00e1fica AKA Fotoblog de jazz, impro\u2026 y algo m\u00e1s] - Tomajazz - Tocabemolls Jazz Band actu\u00f3 en el D\u00eda Internacional del Jazz Mallorca 2026 en la Fundaci\u00f3 Joan Mir\u00f3 Palma, el 30 de abril de 2026. Jos\u00e9 Luis Luna Rocafort lo retrata en INSTANTZZ","src":"https:\/\/i0.wp.com\/tomajazz.com\/web\/wp-content\/uploads\/2026\/05\/017.jpg?resize=350%2C200&ssl=1","width":350,"height":200,"srcset":"https:\/\/i0.wp.com\/tomajazz.com\/web\/wp-content\/uploads\/2026\/05\/017.jpg?resize=350%2C200&ssl=1 1x, https:\/\/i0.wp.com\/tomajazz.com\/web\/wp-content\/uploads\/2026\/05\/017.jpg?resize=525%2C300&ssl=1 1.5x"},"classes":[]},{"id":103548,"url":"https:\/\/tomajazz.com\/web\/the-jazz-room-es-gremi-2025\/","url_meta":{"origin":51035,"position":4},"title":"The Jazz Room (Es Gremi. Palma de\u00a0Mallorca. 2025-12-16) Por Jos\u00e9 Luis Luna Rocafort [INSTANTZZ AKA Galer\u00eda fotogr\u00e1fica AKA Fotoblog de jazz, impro\u2026 y algo m\u00e1s]","author":"Tomajazz","date":"19 enero, 2026","format":false,"excerpt":"The Jazz Room actu\u00f3 en Es Gremi de Palma de\u00a0Mallorca, el 16 de diciembre de 2025. Jos\u00e9 Luis Luna Rocafort lo retrata en INSTANTZZ. Con Guillermo Valero, David Romero, David Sam, Carlos Pic\u00f3, Eric Barrachina","rel":"","context":"En \u00abINSTANTZZ\u00bb","block_context":{"text":"INSTANTZZ","link":"https:\/\/tomajazz.com\/web\/category\/contenidos\/imagenes\/photoblogs\/instantzz\/"},"img":{"alt_text":"The Jazz Room (Es Gremi. Palma de\u00a0Mallorca. 2025-12-16) Por Jos\u00e9 Luis Luna Rocafort [INSTANTZZ AKA Galer\u00eda fotogr\u00e1fica AKA Fotoblog de jazz, impro\u2026 y algo m\u00e1s] - Tomajazz - The Jazz Room actu\u00f3 en Es Gremi de Palma de\u00a0Mallorca, el 16 de diciembre de 2025. Jos\u00e9 Luis Luna Rocafort lo retrata en INSTANTZZ. Con Guillermo Valero, David Romero, David Sam, Carlos Pic\u00f3, Erc Barrachina","src":"https:\/\/i0.wp.com\/tomajazz.com\/web\/wp-content\/uploads\/2026\/01\/013-5.jpg?resize=350%2C200&ssl=1","width":350,"height":200,"srcset":"https:\/\/i0.wp.com\/tomajazz.com\/web\/wp-content\/uploads\/2026\/01\/013-5.jpg?resize=350%2C200&ssl=1 1x, https:\/\/i0.wp.com\/tomajazz.com\/web\/wp-content\/uploads\/2026\/01\/013-5.jpg?resize=525%2C300&ssl=1 1.5x"},"classes":[]},{"id":106583,"url":"https:\/\/tomajazz.com\/web\/fran-ramos-quartet-sa-pobla-2026\/","url_meta":{"origin":51035,"position":5},"title":"Fran Ramos Quartet (32 Mallorca Jazz Sa Pobla 2026. Sa Pobla, Mallorca. 2026-07-30) Por Jos\u00e9 Luis Luna Rocafort [INSTANTZZ AKA Galer\u00eda fotogr\u00e1fica AKA Fotoblog de jazz, impro\u2026 y algo m\u00e1s]","author":"Tomajazz","date":"19 agosto, 2026","format":false,"excerpt":"Fran Ramos Quartet actu\u00f3 en el 32 Mallorca Jazz Sa Pobla 2026 en Mallorca, el 30 de julio de 2026. Jos\u00e9 Luis Luna Rocafort lo retrata en INSTANTZZ. Actuaron Fran Ramos, Diego Hervalejo, Camil Alcarazo, Enric\u00a0Fuster, Gaizka Taro","rel":"","context":"En \u00ab32 Mallorca Jazz Sa Pobla 2026\u00bb","block_context":{"text":"32 Mallorca Jazz Sa Pobla 2026","link":"https:\/\/tomajazz.com\/web\/category\/contenidos\/especial-contenidos\/32-mallorca-jazz-sa-pobla-2026\/"},"img":{"alt_text":"Fran Ramos Quartet (32 Mallorca Jazz Sa Pobla 2026. Sa Pobla, Mallorca. 2026-07-30) Por Jos\u00e9 Luis Luna Rocafort [INSTANTZZ AKA Galer\u00eda fotogr\u00e1fica AKA Fotoblog de jazz, impro\u2026 y algo m\u00e1s] - Tomajazz - Fran Ramos Quartet actu\u00f3 en el 32 Mallorca Jazz Sa Pobla 2026 en Mallorca, el 30 de julio de 202. Sa Pobla, Mallorca. 2026-07-30) Por Jos\u00e9 Luis Luna Rocafort [INSTANTZZ AKA Galer\u00eda fotogr\u00e1fica AKA Fotoblog de jazz, impro\u2026 y algo m\u00e1s]","src":"https:\/\/i0.wp.com\/tomajazz.com\/web\/wp-content\/uploads\/2026\/08\/018-4.jpg?resize=350%2C200&ssl=1","width":350,"height":200,"srcset":"https:\/\/i0.wp.com\/tomajazz.com\/web\/wp-content\/uploads\/2026\/08\/018-4.jpg?resize=350%2C200&ssl=1 1x, https:\/\/i0.wp.com\/tomajazz.com\/web\/wp-content\/uploads\/2026\/08\/018-4.jpg?resize=525%2C300&ssl=1 1.5x"},"classes":[]}],"jetpack_featured_media_url":"https:\/\/tomajazz.com\/web\/wp-content\/uploads\/2020\/07\/Jos\u00e9-Luis-Luna-Rocafort-El-mirador-Silvia-P\u00e9rez-Cruz.jpg","_links":{"self":[{"href":"https:\/\/tomajazz.com\/web\/wp-json\/wp\/v2\/posts\/51035","targetHints":{"allow":["GET"]}}],"collection":[{"href":"https:\/\/tomajazz.com\/web\/wp-json\/wp\/v2\/posts"}],"about":[{"href":"https:\/\/tomajazz.com\/web\/wp-json\/wp\/v2\/types\/post"}],"author":[{"embeddable":true,"href":"https:\/\/tomajazz.com\/web\/wp-json\/wp\/v2\/users\/1"}],"replies":[{"embeddable":true,"href":"https:\/\/tomajazz.com\/web\/wp-json\/wp\/v2\/comments?post=51035"}],"version-history":[{"count":4,"href":"https:\/\/tomajazz.com\/web\/wp-json\/wp\/v2\/posts\/51035\/revisions"}],"predecessor-version":[{"id":51041,"href":"https:\/\/tomajazz.com\/web\/wp-json\/wp\/v2\/posts\/51035\/revisions\/51041"}],"wp:featuredmedia":[{"embeddable":true,"href":"https:\/\/tomajazz.com\/web\/wp-json\/wp\/v2\/media\/51036"}],"wp:attachment":[{"href":"https:\/\/tomajazz.com\/web\/wp-json\/wp\/v2\/media?parent=51035"}],"wp:term":[{"taxonomy":"category","embeddable":true,"href":"https:\/\/tomajazz.com\/web\/wp-json\/wp\/v2\/categories?post=51035"},{"taxonomy":"post_tag","embeddable":true,"href":"https:\/\/tomajazz.com\/web\/wp-json\/wp\/v2\/tags?post=51035"}],"curies":[{"name":"wp","href":"https:\/\/api.w.org\/{rel}","templated":true}]}}