{"id":51118,"date":"2020-07-16T11:00:26","date_gmt":"2020-07-16T09:00:26","guid":{"rendered":"https:\/\/www.tomajazz.com\/web\/?p=51118"},"modified":"2024-10-09T20:51:52","modified_gmt":"2024-10-09T18:51:52","slug":"universos-paralelos-emision-16-de-julio-de-2020-noticias-de-jazz","status":"publish","type":"post","link":"https:\/\/tomajazz.com\/web\/universos-paralelos-emision-16-de-julio-de-2020-noticias-de-jazz\/","title":{"rendered":"Universos Paralelos: emisi\u00f3n 16 de julio de 2020 [Noticias de jazz]"},"content":{"rendered":"<p>Por <b>Redacci\u00f3n<\/b>.<\/p>\n<p style=\"text-align: center;\"><img loading=\"lazy\" decoding=\"async\" class=\"aligncenter wp-image-33503\" src=\"https:\/\/tomajazz.com\/web\/wp-content\/uploads\/2017\/11\/UP_AVATAR2.jpg\" alt=\"\" width=\"350\" height=\"350\" title=\"\" srcset=\"https:\/\/tomajazz.com\/web\/wp-content\/uploads\/2017\/11\/UP_AVATAR2.jpg 600w, https:\/\/tomajazz.com\/web\/wp-content\/uploads\/2017\/11\/UP_AVATAR2-150x150.jpg 150w, https:\/\/tomajazz.com\/web\/wp-content\/uploads\/2017\/11\/UP_AVATAR2-200x200.jpg 200w, https:\/\/tomajazz.com\/web\/wp-content\/uploads\/2017\/11\/UP_AVATAR2-55x55.jpg 55w, https:\/\/tomajazz.com\/web\/wp-content\/uploads\/2017\/11\/UP_AVATAR2-50x50.jpg 50w\" sizes=\"auto, (max-width: 350px) 100vw, 350px\" \/><\/p>\n<blockquote><p><strong>25 temporadas en el aire<\/strong> (y unos pocos en la red)&#8230; \u00a1y seguimos descubriendo buena m\u00fasica!<\/p><\/blockquote>\n<div><img loading=\"lazy\" decoding=\"async\" class=\"alignleft wp-image-51119 size-medium\" src=\"https:\/\/tomajazz.com\/web\/wp-content\/uploads\/2020\/07\/Silver_Geishas_On_Time-200x200.jpg\" alt=\"\" width=\"200\" height=\"200\" title=\"\" srcset=\"https:\/\/tomajazz.com\/web\/wp-content\/uploads\/2020\/07\/Silver_Geishas_On_Time-200x200.jpg 200w, https:\/\/tomajazz.com\/web\/wp-content\/uploads\/2020\/07\/Silver_Geishas_On_Time-150x150.jpg 150w, https:\/\/tomajazz.com\/web\/wp-content\/uploads\/2020\/07\/Silver_Geishas_On_Time-55x55.jpg 55w, https:\/\/tomajazz.com\/web\/wp-content\/uploads\/2020\/07\/Silver_Geishas_On_Time-50x50.jpg 50w, https:\/\/tomajazz.com\/web\/wp-content\/uploads\/2020\/07\/Silver_Geishas_On_Time.jpg 250w\" sizes=\"auto, (max-width: 200px) 100vw, 200px\" \/>Ya est\u00e1 disponible una nueva emisi\u00f3n de Universos Paralelos, el programa de radio dirigido por <strong>Sergio Cabanillas<\/strong>.<\/div>\n<div><\/div>\n<div>\u00a1Contin\u00faa la temporada 25 de Universos Paralelos! En el programa del 16 de julio de 2020: Rymden, Misha Mullov-Abbado, Mart\u00ed Serra, Juanma Barroso, David Regueiro Trio, Silver Geishas, Josep-Mar\u00eda Balany\u00e0 &amp; Ram\u00f3n L\u00f3pez.<\/div>\n<div>\n<div><\/div>\n<div>Disponible en <a href=\"http:\/\/universosparalelosradioshow.blogspot.com\/2020\/07\/emision-16072020.htm\" target=\"_blank\" rel=\"noopener noreferrer\">universosparalelosradioshow.blogspot.com.es<\/a><\/div>\n<\/div>\n<div><\/div>\n<div style=\"text-align: right;\">\u00a9 <strong>Tomajazz<\/strong>, 2020<\/div>\n","protected":false},"excerpt":{"rendered":"<p>Disponible la edici\u00f3n del 16 de julio de 2020 de Universos Paralelos, el programa de radio y podcast dirigido por Sergio Cabanillas. <span class=\"more-link\"><a href=\"https:\/\/tomajazz.com\/web\/universos-paralelos-emision-16-de-julio-de-2020-noticias-de-jazz\/\">Contin\u00faa leyendo<\/a><\/span><\/p>\n","protected":false},"author":1,"featured_media":51119,"comment_status":"open","ping_status":"closed","sticky":false,"template":"","format":"standard","meta":{"jetpack_post_was_ever_published":false,"_jetpack_newsletter_access":"","_jetpack_dont_email_post_to_subs":false,"_jetpack_newsletter_tier_id":0,"_jetpack_memberships_contains_paywalled_content":false,"_jetpack_memberships_contains_paid_content":false,"footnotes":""},"categories":[17858,15795,1038,31550],"tags":[11856,15296,187,7664],"class_list":["entry","author-pachi","has-excerpt","post-51118","post","type-post","status-publish","format-standard","has-post-thumbnail","category-redaccion","category-noticias-2","category-contenidos","category-universos-paralelos-up","tag-noticias","tag-noticias-de-jazz","tag-sergio-cabanillas","tag-universos-paralelos"],"jetpack_featured_media_url":"https:\/\/tomajazz.com\/web\/wp-content\/uploads\/2020\/07\/Silver_Geishas_On_Time.jpg","jetpack_likes_enabled":true,"jetpack_sharing_enabled":true,"jetpack-related-posts":[{"id":105026,"url":"https:\/\/tomajazz.com\/web\/universos-paralelos-up-t31-p25-2025-26\/","url_meta":{"origin":51118,"position":0},"title":"Universos Paralelos: emisi\u00f3n 16 de abril de 2026 (UP.T.31 P.25) [Noticias de jazz]","author":"Tomajazz","date":"22 abril, 2026","format":false,"excerpt":"En Universos Paralelos del 16 de abril de 2026, Sergio Cabanillas elige lo nuevo de V\u00edctor de Diego como disco de portada. Adem\u00e1s suena m\u00fasica de Juzz, Rai Castells, Manuel \u00c1lvarez Trio, Baptiste Bailly \/ Matthew Baker \/ Efr\u00e9n L\u00f3pez #Noticiasdejazz","rel":"","context":"En \u00ab*_Redacci\u00f3n\u00bb","block_context":{"text":"*_Redacci\u00f3n","link":"https:\/\/tomajazz.com\/web\/category\/redaccion\/"},"img":{"alt_text":"Universos Paralelos: emisi\u00f3n 16 de abril de 2026 (UP.T.31 P.25) [Noticias de jazz] - Tomajazz - En Universos Paralelos del 16 de abril de 2026, Sergio Cabanillas elige lo nuevo de V\u00edctor de Diego como disco de portada. Adem\u00e1s suena m\u00fasica de Juzz, Rai Castells, Manuel \u00c1lvarez Trio, Baptiste Bailly \/ Matthew Baker \/ Efr\u00e9n L\u00f3pez #Noticiasdejazz","src":"https:\/\/i0.wp.com\/tomajazz.com\/web\/wp-content\/uploads\/2026\/04\/portada-Victor-De-Diego-Haize-1080.jpg?resize=350%2C200&ssl=1","width":350,"height":200,"srcset":"https:\/\/i0.wp.com\/tomajazz.com\/web\/wp-content\/uploads\/2026\/04\/portada-Victor-De-Diego-Haize-1080.jpg?resize=350%2C200&ssl=1 1x, https:\/\/i0.wp.com\/tomajazz.com\/web\/wp-content\/uploads\/2026\/04\/portada-Victor-De-Diego-Haize-1080.jpg?resize=525%2C300&ssl=1 1.5x, https:\/\/i0.wp.com\/tomajazz.com\/web\/wp-content\/uploads\/2026\/04\/portada-Victor-De-Diego-Haize-1080.jpg?resize=700%2C400&ssl=1 2x"},"classes":[]},{"id":103987,"url":"https:\/\/tomajazz.com\/web\/universos-paralelos-t31-p17-2025-26\/","url_meta":{"origin":51118,"position":1},"title":"Universos Paralelos: emisi\u00f3n 12 de febrero de 2026 (UP.T.31 P.17) [Noticias de jazz]","author":"Tomajazz","date":"12 febrero, 2026","format":false,"excerpt":"Universos Paralelos. Emisi\u00f3n del 12 de febrero de 2026. Sergio Cabanillas selecciona y comenta m\u00fasicas de Eelco Van Zanten, Cuarteto Fuerte, Rai Castells, Weber \/ Morris Big Band, Josep Llu\u00eds Galiana #Noticiasdejazz","rel":"","context":"En \u00abUniversos Paralelos - UP\u00bb","block_context":{"text":"Universos Paralelos - UP","link":"https:\/\/tomajazz.com\/web\/category\/contenidos\/noticias-2\/universos-paralelos-up\/"},"img":{"alt_text":"Universos Paralelos: emisi\u00f3n 12 de febrero de 2026 (UP.T.31 P.17) [Noticias de jazz] - Tomajazz - Universos Paralelos. Emisi\u00f3n del 12 de febrero de 2026. Sergio Cabanillas selecciona y comenta m\u00fasicas de Eelco Van Zanten, Cuarteto Fuerte, Rai Castells, Weber \/ Morris Big Band, Josep Llu\u00eds Galiana #Noticiasdejazz","src":"https:\/\/i0.wp.com\/tomajazz.com\/web\/wp-content\/uploads\/2026\/02\/destacada-Rai-Castells-Shifting-1080.jpg?resize=350%2C200&ssl=1","width":350,"height":200,"srcset":"https:\/\/i0.wp.com\/tomajazz.com\/web\/wp-content\/uploads\/2026\/02\/destacada-Rai-Castells-Shifting-1080.jpg?resize=350%2C200&ssl=1 1x, https:\/\/i0.wp.com\/tomajazz.com\/web\/wp-content\/uploads\/2026\/02\/destacada-Rai-Castells-Shifting-1080.jpg?resize=525%2C300&ssl=1 1.5x, https:\/\/i0.wp.com\/tomajazz.com\/web\/wp-content\/uploads\/2026\/02\/destacada-Rai-Castells-Shifting-1080.jpg?resize=700%2C400&ssl=1 2x"},"classes":[]},{"id":100555,"url":"https:\/\/tomajazz.com\/web\/universos-paralelos-t31-p05-2025-26\/","url_meta":{"origin":51118,"position":2},"title":"Universos Paralelos: emisi\u00f3n 16 de octubre de 2025 (UP.T.31 P.05) [Noticias de jazz]","author":"Tomajazz","date":"16 octubre, 2025","format":false,"excerpt":"Universos Paralelos. Programa de la semana del 16 de octubre de 2025. Ram\u00f3n Garc\u00eda en portada. Adem\u00e1s visitan a Sergio Cabanillas Craig Taborn \/ Nels Cline \/ Marcus Gilmore, Rub\u00e9n Reinaldo, K'Tam, Jorge Rossy & Michael Kanan","rel":"","context":"En \u00abUniversos Paralelos - UP\u00bb","block_context":{"text":"Universos Paralelos - UP","link":"https:\/\/tomajazz.com\/web\/category\/contenidos\/noticias-2\/universos-paralelos-up\/"},"img":{"alt_text":"Universos Paralelos: emisi\u00f3n 16 de octubre de 2025 (UP.T.31 P.05) [Noticias de jazz] - Tomajazz - Universos Paralelos. Programa de la semana del 16 de octubre de 2025. Ram\u00f3n Garc\u00eda en portada. Adem\u00e1s visitan a Sergio Cabanillas Craig Taborn \/ Nels Cline \/ Marcus Gilmore, Rub\u00e9n Reinaldo, K'Tam, Jorge Rossy & Michael Kanan","src":"https:\/\/i0.wp.com\/tomajazz.com\/web\/wp-content\/uploads\/2025\/10\/Destacada-Ramon-Garcia-Lara-1080.jpg?resize=350%2C200&ssl=1","width":350,"height":200,"srcset":"https:\/\/i0.wp.com\/tomajazz.com\/web\/wp-content\/uploads\/2025\/10\/Destacada-Ramon-Garcia-Lara-1080.jpg?resize=350%2C200&ssl=1 1x, https:\/\/i0.wp.com\/tomajazz.com\/web\/wp-content\/uploads\/2025\/10\/Destacada-Ramon-Garcia-Lara-1080.jpg?resize=525%2C300&ssl=1 1.5x, https:\/\/i0.wp.com\/tomajazz.com\/web\/wp-content\/uploads\/2025\/10\/Destacada-Ramon-Garcia-Lara-1080.jpg?resize=700%2C400&ssl=1 2x"},"classes":[]},{"id":102754,"url":"https:\/\/tomajazz.com\/web\/universos-paralelos-t31-p13-2025-26\/","url_meta":{"origin":51118,"position":3},"title":"Universos Paralelos: emisi\u00f3n 11 de diciembre de 2025 (UP.T.31 P.12+1) [Noticias de jazz]","author":"Tomajazz","date":"11 diciembre, 2025","format":false,"excerpt":"Universos Paralelos de Sergio Cabanillas del 11 de diciembre de 2025. Portada lo nuevo de Emma Rawicz... y mucho m\u00e1s... #Noticiasdejazz","rel":"","context":"En \u00ab*_Redacci\u00f3n\u00bb","block_context":{"text":"*_Redacci\u00f3n","link":"https:\/\/tomajazz.com\/web\/category\/redaccion\/"},"img":{"alt_text":"Universos Paralelos: emisi\u00f3n 11 de diciembre de 2025 (UP.T.31 P.12+1) [Noticias de jazz] - Tomajazz - Universos Paralelos de Sergio Cabanillas del 11 de diciembre de 2025. Portada lo nuevo de Emma Rawicz... y mucho m\u00e1s... #Noticiasdejazz","src":"https:\/\/i0.wp.com\/tomajazz.com\/web\/wp-content\/uploads\/2025\/12\/destadado-Emma-Rawicz-Inkyra-UP-Noticias-Tomajazz.jpg?resize=350%2C200&ssl=1","width":350,"height":200,"srcset":"https:\/\/i0.wp.com\/tomajazz.com\/web\/wp-content\/uploads\/2025\/12\/destadado-Emma-Rawicz-Inkyra-UP-Noticias-Tomajazz.jpg?resize=350%2C200&ssl=1 1x, https:\/\/i0.wp.com\/tomajazz.com\/web\/wp-content\/uploads\/2025\/12\/destadado-Emma-Rawicz-Inkyra-UP-Noticias-Tomajazz.jpg?resize=525%2C300&ssl=1 1.5x, https:\/\/i0.wp.com\/tomajazz.com\/web\/wp-content\/uploads\/2025\/12\/destadado-Emma-Rawicz-Inkyra-UP-Noticias-Tomajazz.jpg?resize=700%2C400&ssl=1 2x"},"classes":[]},{"id":104729,"url":"https:\/\/tomajazz.com\/web\/universos-paralelos-t31-p23-2025-26\/","url_meta":{"origin":51118,"position":4},"title":"Universos Paralelos: emisi\u00f3n 26 de marzo de 2026 (UP.T.31 P.23) [Noticias de jazz]","author":"Tomajazz","date":"6 abril, 2026","format":false,"excerpt":"En el programa del 26 de marzo de 2026 de Universos Paralelos, Sergio Cabanillas selecciona m\u00fasicas de Ricardo Formoso, Ant Law & Alex Hitchcock, Deadeye, \u00c1lvaro Torres Trio, Eddie Mej\u00eda","rel":"","context":"En \u00abUniversos Paralelos - UP\u00bb","block_context":{"text":"Universos Paralelos - UP","link":"https:\/\/tomajazz.com\/web\/category\/contenidos\/noticias-2\/universos-paralelos-up\/"},"img":{"alt_text":"Universos Paralelos: emisi\u00f3n 26 de marzo de 2026 (UP.T.31 P.23) [Noticias de jazz] - Tomajazz - En el programa del 26 de marzo de 2026 de Universos Paralelos, Sergio Cabanillas selecciona m\u00fasicas de Ricardo Formoso, Ant Law & Alex Hitchcock, Deadeye, \u00c1lvaro Torres Trio, Eddie Mej\u00eda","src":"https:\/\/i0.wp.com\/tomajazz.com\/web\/wp-content\/uploads\/2026\/04\/destacada-Alvaro-Torres-Trio-Mairena-1080.jpg?resize=350%2C200&ssl=1","width":350,"height":200,"srcset":"https:\/\/i0.wp.com\/tomajazz.com\/web\/wp-content\/uploads\/2026\/04\/destacada-Alvaro-Torres-Trio-Mairena-1080.jpg?resize=350%2C200&ssl=1 1x, https:\/\/i0.wp.com\/tomajazz.com\/web\/wp-content\/uploads\/2026\/04\/destacada-Alvaro-Torres-Trio-Mairena-1080.jpg?resize=525%2C300&ssl=1 1.5x, https:\/\/i0.wp.com\/tomajazz.com\/web\/wp-content\/uploads\/2026\/04\/destacada-Alvaro-Torres-Trio-Mairena-1080.jpg?resize=700%2C400&ssl=1 2x"},"classes":[]},{"id":100330,"url":"https:\/\/tomajazz.com\/web\/universos-paralelos-t31-p04-2025-26\/","url_meta":{"origin":51118,"position":5},"title":"Universos Paralelos: emisi\u00f3n 9 de octubre de 2025 (UP.T.31 P.04) [Noticias de jazz]","author":"Tomajazz","date":"9 octubre, 2025","format":false,"excerpt":"En los Universos Paralelos dirigidos por Sergio Cabanillas, el 9 de octubre de 2025 suena m\u00fasica de Chronojazz, Gilad Hekselman, Hakan Ba\u015far, Miguel \u00c2ngelo Trio, Diego Alonso, Matthias Loibner #Noticiasdejazz","rel":"","context":"En \u00abUniversos Paralelos - UP\u00bb","block_context":{"text":"Universos Paralelos - UP","link":"https:\/\/tomajazz.com\/web\/category\/contenidos\/noticias-2\/universos-paralelos-up\/"},"img":{"alt_text":"Universos Paralelos: emisi\u00f3n 9 de octubre de 2025 (UP.T.31 P.04) [Noticias de jazz] - Tomajazz - En los Universos Paralelos dirigidos por Sergio Cabanillas, el 9 de octubre de 2025 suena m\u00fasica de Chronojazz, Gilad Hekselman, Hakan Ba\u015far, Miguel \u00c2ngelo Trio, Diego Alonso, Matthias Loibner #Noticiasdejazz","src":"https:\/\/i0.wp.com\/tomajazz.com\/web\/wp-content\/uploads\/2025\/10\/destacado-Matthias-Loibner-Aussichten-1080.jpg?resize=350%2C200&ssl=1","width":350,"height":200,"srcset":"https:\/\/i0.wp.com\/tomajazz.com\/web\/wp-content\/uploads\/2025\/10\/destacado-Matthias-Loibner-Aussichten-1080.jpg?resize=350%2C200&ssl=1 1x, https:\/\/i0.wp.com\/tomajazz.com\/web\/wp-content\/uploads\/2025\/10\/destacado-Matthias-Loibner-Aussichten-1080.jpg?resize=525%2C300&ssl=1 1.5x, https:\/\/i0.wp.com\/tomajazz.com\/web\/wp-content\/uploads\/2025\/10\/destacado-Matthias-Loibner-Aussichten-1080.jpg?resize=700%2C400&ssl=1 2x"},"classes":[]}],"_links":{"self":[{"href":"https:\/\/tomajazz.com\/web\/wp-json\/wp\/v2\/posts\/51118","targetHints":{"allow":["GET"]}}],"collection":[{"href":"https:\/\/tomajazz.com\/web\/wp-json\/wp\/v2\/posts"}],"about":[{"href":"https:\/\/tomajazz.com\/web\/wp-json\/wp\/v2\/types\/post"}],"author":[{"embeddable":true,"href":"https:\/\/tomajazz.com\/web\/wp-json\/wp\/v2\/users\/1"}],"replies":[{"embeddable":true,"href":"https:\/\/tomajazz.com\/web\/wp-json\/wp\/v2\/comments?post=51118"}],"version-history":[{"count":1,"href":"https:\/\/tomajazz.com\/web\/wp-json\/wp\/v2\/posts\/51118\/revisions"}],"predecessor-version":[{"id":51120,"href":"https:\/\/tomajazz.com\/web\/wp-json\/wp\/v2\/posts\/51118\/revisions\/51120"}],"wp:featuredmedia":[{"embeddable":true,"href":"https:\/\/tomajazz.com\/web\/wp-json\/wp\/v2\/media\/51119"}],"wp:attachment":[{"href":"https:\/\/tomajazz.com\/web\/wp-json\/wp\/v2\/media?parent=51118"}],"wp:term":[{"taxonomy":"category","embeddable":true,"href":"https:\/\/tomajazz.com\/web\/wp-json\/wp\/v2\/categories?post=51118"},{"taxonomy":"post_tag","embeddable":true,"href":"https:\/\/tomajazz.com\/web\/wp-json\/wp\/v2\/tags?post=51118"}],"curies":[{"name":"wp","href":"https:\/\/api.w.org\/{rel}","templated":true}]}}