{"id":51515,"date":"2020-08-11T12:00:51","date_gmt":"2020-08-11T10:00:51","guid":{"rendered":"https:\/\/www.tomajazz.com\/web\/?p=51515"},"modified":"2020-08-10T11:22:10","modified_gmt":"2020-08-10T09:22:10","slug":"instantzz-marco-mezquida-piano-solo-improvisacions-i-cancons-prueba-de-sonido-estiu-al-palau-palau-de-la-musica-catalana-barcelona-2020-08-03-galeria-fotografica-aka-fotoblog-de-jazz-impro","status":"publish","type":"post","link":"https:\/\/tomajazz.com\/web\/instantzz-marco-mezquida-piano-solo-improvisacions-i-cancons-prueba-de-sonido-estiu-al-palau-palau-de-la-musica-catalana-barcelona-2020-08-03-galeria-fotografica-aka-fotoblog-de-jazz-impro\/","title":{"rendered":"INSTANTZZ: Marco Mezquida, piano solo -improvisacions i can\u00e7ons-, prueba de sonido (Estiu al Palau, Palau de la M\u00fasica Catalana, Barcelona. 2020-08-03) [Galer\u00eda fotogr\u00e1fica AKA Fotoblog de jazz, impro&#8230; y algo m\u00e1s]"},"content":{"rendered":"<p>Por\u00a0<strong>Joan Cort\u00e8s<\/strong>.<\/p>\n<ul>\n<li>Fecha: Lunes, 03 de agosto de 2020<\/li>\n<li>Lugar: <a href=\"https:\/\/tomajazz.com\/web\/?p=51427\" target=\"_blank\" rel=\"noopener noreferrer\">Palau de la M\u00fasica Catalana (Barcelona)<\/a><\/li>\n<li>Grupo:<br \/>\n<strong>Marco Mezquida<br \/>\n<\/strong>Marco Mezquida, piano<\/li>\n<\/ul>\n<p style=\"text-align: center;\"><img loading=\"lazy\" decoding=\"async\" class=\"aligncenter size-full wp-image-51516\" src=\"https:\/\/tomajazz.com\/web\/wp-content\/uploads\/2020\/08\/01_Mrc-Mzqd-Joan-Cort\u00e8s_03ago20_st-Pl_Pl-Msc_Bcn.jpg\" alt=\"\" width=\"399\" height=\"600\" title=\"\" srcset=\"https:\/\/tomajazz.com\/web\/wp-content\/uploads\/2020\/08\/01_Mrc-Mzqd-Joan-Cort\u00e8s_03ago20_st-Pl_Pl-Msc_Bcn.jpg 399w, https:\/\/tomajazz.com\/web\/wp-content\/uploads\/2020\/08\/01_Mrc-Mzqd-Joan-Cort\u00e8s_03ago20_st-Pl_Pl-Msc_Bcn-200x300.jpg 200w, https:\/\/tomajazz.com\/web\/wp-content\/uploads\/2020\/08\/01_Mrc-Mzqd-Joan-Cort\u00e8s_03ago20_st-Pl_Pl-Msc_Bcn-37x55.jpg 37w\" sizes=\"auto, (max-width: 399px) 100vw, 399px\" \/> <img loading=\"lazy\" decoding=\"async\" class=\"aligncenter size-large wp-image-51517\" src=\"https:\/\/tomajazz.com\/web\/wp-content\/uploads\/2020\/08\/02_Mrc-Mzqd-Joan-Cort\u00e8s_03ago20_st-Pl_Pl-Msc_Bcn.jpg\" alt=\"\" width=\"600\" height=\"400\" title=\"\" srcset=\"https:\/\/tomajazz.com\/web\/wp-content\/uploads\/2020\/08\/02_Mrc-Mzqd-Joan-Cort\u00e8s_03ago20_st-Pl_Pl-Msc_Bcn.jpg 600w, https:\/\/tomajazz.com\/web\/wp-content\/uploads\/2020\/08\/02_Mrc-Mzqd-Joan-Cort\u00e8s_03ago20_st-Pl_Pl-Msc_Bcn-200x133.jpg 200w, https:\/\/tomajazz.com\/web\/wp-content\/uploads\/2020\/08\/02_Mrc-Mzqd-Joan-Cort\u00e8s_03ago20_st-Pl_Pl-Msc_Bcn-83x55.jpg 83w, https:\/\/tomajazz.com\/web\/wp-content\/uploads\/2020\/08\/02_Mrc-Mzqd-Joan-Cort\u00e8s_03ago20_st-Pl_Pl-Msc_Bcn-60x40.jpg 60w, https:\/\/tomajazz.com\/web\/wp-content\/uploads\/2020\/08\/02_Mrc-Mzqd-Joan-Cort\u00e8s_03ago20_st-Pl_Pl-Msc_Bcn-120x80.jpg 120w\" sizes=\"auto, (max-width: 600px) 100vw, 600px\" \/> <img loading=\"lazy\" decoding=\"async\" class=\"aligncenter size-large wp-image-51518\" src=\"https:\/\/tomajazz.com\/web\/wp-content\/uploads\/2020\/08\/03_Mrc-Mzqd-Joan-Cort\u00e8s_03ago20_st-Pl_Pl-Msc_Bcn.jpg\" alt=\"\" width=\"600\" height=\"399\" title=\"\" srcset=\"https:\/\/tomajazz.com\/web\/wp-content\/uploads\/2020\/08\/03_Mrc-Mzqd-Joan-Cort\u00e8s_03ago20_st-Pl_Pl-Msc_Bcn.jpg 600w, https:\/\/tomajazz.com\/web\/wp-content\/uploads\/2020\/08\/03_Mrc-Mzqd-Joan-Cort\u00e8s_03ago20_st-Pl_Pl-Msc_Bcn-200x133.jpg 200w, https:\/\/tomajazz.com\/web\/wp-content\/uploads\/2020\/08\/03_Mrc-Mzqd-Joan-Cort\u00e8s_03ago20_st-Pl_Pl-Msc_Bcn-83x55.jpg 83w, https:\/\/tomajazz.com\/web\/wp-content\/uploads\/2020\/08\/03_Mrc-Mzqd-Joan-Cort\u00e8s_03ago20_st-Pl_Pl-Msc_Bcn-60x40.jpg 60w, https:\/\/tomajazz.com\/web\/wp-content\/uploads\/2020\/08\/03_Mrc-Mzqd-Joan-Cort\u00e8s_03ago20_st-Pl_Pl-Msc_Bcn-120x80.jpg 120w\" sizes=\"auto, (max-width: 600px) 100vw, 600px\" \/> <img loading=\"lazy\" decoding=\"async\" class=\"aligncenter size-large wp-image-51519\" src=\"https:\/\/tomajazz.com\/web\/wp-content\/uploads\/2020\/08\/04_Mrc-Mzqd-Joan-Cort\u00e8s_03ago20_st-Pl_Pl-Msc_Bcn.jpg\" alt=\"\" width=\"399\" height=\"600\" title=\"\" srcset=\"https:\/\/tomajazz.com\/web\/wp-content\/uploads\/2020\/08\/04_Mrc-Mzqd-Joan-Cort\u00e8s_03ago20_st-Pl_Pl-Msc_Bcn.jpg 399w, https:\/\/tomajazz.com\/web\/wp-content\/uploads\/2020\/08\/04_Mrc-Mzqd-Joan-Cort\u00e8s_03ago20_st-Pl_Pl-Msc_Bcn-200x300.jpg 200w, https:\/\/tomajazz.com\/web\/wp-content\/uploads\/2020\/08\/04_Mrc-Mzqd-Joan-Cort\u00e8s_03ago20_st-Pl_Pl-Msc_Bcn-37x55.jpg 37w\" sizes=\"auto, (max-width: 399px) 100vw, 399px\" \/> <img loading=\"lazy\" decoding=\"async\" class=\"aligncenter size-large wp-image-51520\" src=\"https:\/\/tomajazz.com\/web\/wp-content\/uploads\/2020\/08\/05_Mrc-Mzqd-Joan-Cort\u00e8s_03ago20_st-Pl_Pl-Msc_Bcn.jpg\" alt=\"\" width=\"600\" height=\"399\" title=\"\" srcset=\"https:\/\/tomajazz.com\/web\/wp-content\/uploads\/2020\/08\/05_Mrc-Mzqd-Joan-Cort\u00e8s_03ago20_st-Pl_Pl-Msc_Bcn.jpg 600w, https:\/\/tomajazz.com\/web\/wp-content\/uploads\/2020\/08\/05_Mrc-Mzqd-Joan-Cort\u00e8s_03ago20_st-Pl_Pl-Msc_Bcn-200x133.jpg 200w, https:\/\/tomajazz.com\/web\/wp-content\/uploads\/2020\/08\/05_Mrc-Mzqd-Joan-Cort\u00e8s_03ago20_st-Pl_Pl-Msc_Bcn-83x55.jpg 83w, https:\/\/tomajazz.com\/web\/wp-content\/uploads\/2020\/08\/05_Mrc-Mzqd-Joan-Cort\u00e8s_03ago20_st-Pl_Pl-Msc_Bcn-60x40.jpg 60w, https:\/\/tomajazz.com\/web\/wp-content\/uploads\/2020\/08\/05_Mrc-Mzqd-Joan-Cort\u00e8s_03ago20_st-Pl_Pl-Msc_Bcn-120x80.jpg 120w\" sizes=\"auto, (max-width: 600px) 100vw, 600px\" \/> <img loading=\"lazy\" decoding=\"async\" class=\"aligncenter size-large wp-image-51521\" src=\"https:\/\/tomajazz.com\/web\/wp-content\/uploads\/2020\/08\/06_Mrc-Mzqd-Joan-Cort\u00e8s_03ago20_st-Pl_Pl-Msc_Bcn.jpg\" alt=\"\" width=\"600\" height=\"399\" title=\"\" srcset=\"https:\/\/tomajazz.com\/web\/wp-content\/uploads\/2020\/08\/06_Mrc-Mzqd-Joan-Cort\u00e8s_03ago20_st-Pl_Pl-Msc_Bcn.jpg 600w, https:\/\/tomajazz.com\/web\/wp-content\/uploads\/2020\/08\/06_Mrc-Mzqd-Joan-Cort\u00e8s_03ago20_st-Pl_Pl-Msc_Bcn-200x133.jpg 200w, https:\/\/tomajazz.com\/web\/wp-content\/uploads\/2020\/08\/06_Mrc-Mzqd-Joan-Cort\u00e8s_03ago20_st-Pl_Pl-Msc_Bcn-83x55.jpg 83w, https:\/\/tomajazz.com\/web\/wp-content\/uploads\/2020\/08\/06_Mrc-Mzqd-Joan-Cort\u00e8s_03ago20_st-Pl_Pl-Msc_Bcn-60x40.jpg 60w, https:\/\/tomajazz.com\/web\/wp-content\/uploads\/2020\/08\/06_Mrc-Mzqd-Joan-Cort\u00e8s_03ago20_st-Pl_Pl-Msc_Bcn-120x80.jpg 120w\" sizes=\"auto, (max-width: 600px) 100vw, 600px\" \/> <img loading=\"lazy\" decoding=\"async\" class=\"aligncenter size-large wp-image-51522\" src=\"https:\/\/tomajazz.com\/web\/wp-content\/uploads\/2020\/08\/07_Mrc-Mzqd-Joan-Cort\u00e8s_03ago20_st-Pl_Pl-Msc_Bcn.jpg\" alt=\"\" width=\"399\" height=\"600\" title=\"\" srcset=\"https:\/\/tomajazz.com\/web\/wp-content\/uploads\/2020\/08\/07_Mrc-Mzqd-Joan-Cort\u00e8s_03ago20_st-Pl_Pl-Msc_Bcn.jpg 399w, https:\/\/tomajazz.com\/web\/wp-content\/uploads\/2020\/08\/07_Mrc-Mzqd-Joan-Cort\u00e8s_03ago20_st-Pl_Pl-Msc_Bcn-200x300.jpg 200w, https:\/\/tomajazz.com\/web\/wp-content\/uploads\/2020\/08\/07_Mrc-Mzqd-Joan-Cort\u00e8s_03ago20_st-Pl_Pl-Msc_Bcn-37x55.jpg 37w\" sizes=\"auto, (max-width: 399px) 100vw, 399px\" \/> <img loading=\"lazy\" decoding=\"async\" class=\"aligncenter size-large wp-image-51523\" src=\"https:\/\/tomajazz.com\/web\/wp-content\/uploads\/2020\/08\/08_Mrc-Mzqd-Joan-Cort\u00e8s_03ago20_st-Pl_Pl-Msc_Bcn.jpg\" alt=\"\" width=\"400\" height=\"600\" title=\"\" srcset=\"https:\/\/tomajazz.com\/web\/wp-content\/uploads\/2020\/08\/08_Mrc-Mzqd-Joan-Cort\u00e8s_03ago20_st-Pl_Pl-Msc_Bcn.jpg 400w, https:\/\/tomajazz.com\/web\/wp-content\/uploads\/2020\/08\/08_Mrc-Mzqd-Joan-Cort\u00e8s_03ago20_st-Pl_Pl-Msc_Bcn-200x300.jpg 200w, https:\/\/tomajazz.com\/web\/wp-content\/uploads\/2020\/08\/08_Mrc-Mzqd-Joan-Cort\u00e8s_03ago20_st-Pl_Pl-Msc_Bcn-37x55.jpg 37w\" sizes=\"auto, (max-width: 400px) 100vw, 400px\" \/> <img loading=\"lazy\" decoding=\"async\" class=\"aligncenter size-large wp-image-51524\" src=\"https:\/\/tomajazz.com\/web\/wp-content\/uploads\/2020\/08\/09_Mrc-Mzqd-Joan-Cort\u00e8s_03ago20_st-Pl_Pl-Msc_Bcn.jpg\" alt=\"\" width=\"600\" height=\"399\" title=\"\" srcset=\"https:\/\/tomajazz.com\/web\/wp-content\/uploads\/2020\/08\/09_Mrc-Mzqd-Joan-Cort\u00e8s_03ago20_st-Pl_Pl-Msc_Bcn.jpg 600w, https:\/\/tomajazz.com\/web\/wp-content\/uploads\/2020\/08\/09_Mrc-Mzqd-Joan-Cort\u00e8s_03ago20_st-Pl_Pl-Msc_Bcn-200x133.jpg 200w, https:\/\/tomajazz.com\/web\/wp-content\/uploads\/2020\/08\/09_Mrc-Mzqd-Joan-Cort\u00e8s_03ago20_st-Pl_Pl-Msc_Bcn-83x55.jpg 83w, https:\/\/tomajazz.com\/web\/wp-content\/uploads\/2020\/08\/09_Mrc-Mzqd-Joan-Cort\u00e8s_03ago20_st-Pl_Pl-Msc_Bcn-60x40.jpg 60w, https:\/\/tomajazz.com\/web\/wp-content\/uploads\/2020\/08\/09_Mrc-Mzqd-Joan-Cort\u00e8s_03ago20_st-Pl_Pl-Msc_Bcn-120x80.jpg 120w\" sizes=\"auto, (max-width: 600px) 100vw, 600px\" \/> <img loading=\"lazy\" decoding=\"async\" class=\"aligncenter size-large wp-image-51525\" src=\"https:\/\/tomajazz.com\/web\/wp-content\/uploads\/2020\/08\/10_Mrc-Mzqd-Joan-Cort\u00e8s_03ago20_st-Pl_Pl-Msc_Bcn.jpg\" alt=\"\" width=\"399\" height=\"600\" title=\"\" srcset=\"https:\/\/tomajazz.com\/web\/wp-content\/uploads\/2020\/08\/10_Mrc-Mzqd-Joan-Cort\u00e8s_03ago20_st-Pl_Pl-Msc_Bcn.jpg 399w, https:\/\/tomajazz.com\/web\/wp-content\/uploads\/2020\/08\/10_Mrc-Mzqd-Joan-Cort\u00e8s_03ago20_st-Pl_Pl-Msc_Bcn-200x300.jpg 200w, https:\/\/tomajazz.com\/web\/wp-content\/uploads\/2020\/08\/10_Mrc-Mzqd-Joan-Cort\u00e8s_03ago20_st-Pl_Pl-Msc_Bcn-37x55.jpg 37w\" sizes=\"auto, (max-width: 399px) 100vw, 399px\" \/> <img loading=\"lazy\" decoding=\"async\" class=\"aligncenter size-large wp-image-51526\" src=\"https:\/\/tomajazz.com\/web\/wp-content\/uploads\/2020\/08\/11_Mrc-Mzqd-Joan-Cort\u00e8s_03ago20_st-Pl_Pl-Msc_Bcn.jpg\" alt=\"\" width=\"600\" height=\"399\" title=\"\" srcset=\"https:\/\/tomajazz.com\/web\/wp-content\/uploads\/2020\/08\/11_Mrc-Mzqd-Joan-Cort\u00e8s_03ago20_st-Pl_Pl-Msc_Bcn.jpg 600w, https:\/\/tomajazz.com\/web\/wp-content\/uploads\/2020\/08\/11_Mrc-Mzqd-Joan-Cort\u00e8s_03ago20_st-Pl_Pl-Msc_Bcn-200x133.jpg 200w, https:\/\/tomajazz.com\/web\/wp-content\/uploads\/2020\/08\/11_Mrc-Mzqd-Joan-Cort\u00e8s_03ago20_st-Pl_Pl-Msc_Bcn-83x55.jpg 83w, https:\/\/tomajazz.com\/web\/wp-content\/uploads\/2020\/08\/11_Mrc-Mzqd-Joan-Cort\u00e8s_03ago20_st-Pl_Pl-Msc_Bcn-60x40.jpg 60w, https:\/\/tomajazz.com\/web\/wp-content\/uploads\/2020\/08\/11_Mrc-Mzqd-Joan-Cort\u00e8s_03ago20_st-Pl_Pl-Msc_Bcn-120x80.jpg 120w\" sizes=\"auto, (max-width: 600px) 100vw, 600px\" \/><\/p>\n<p style=\"text-align: right;\">Tomajazz: \u00a9\u00a0<strong>Joan Cort\u00e8s<\/strong>, 2020<\/p>\n<p>P.D. En <a href=\"https:\/\/tomajazz.com\/web\/?p=51427\" target=\"_blank\" rel=\"noopener noreferrer\">https:\/\/tomajazz.com\/web\/?p=51427<\/a> se puede leer la cr\u00f3nica de Joan Cort\u00e8s del recital.<\/p>\n","protected":false},"excerpt":{"rendered":"<p>Marco Mezquida y su concierto a piano solo en el Palau de la M\u00fasica Catalana de Barcelona es el protagonista del INSTANTZZ de Joan Cort\u00e8s. <span class=\"more-link\"><a href=\"https:\/\/tomajazz.com\/web\/instantzz-marco-mezquida-piano-solo-improvisacions-i-cancons-prueba-de-sonido-estiu-al-palau-palau-de-la-musica-catalana-barcelona-2020-08-03-galeria-fotografica-aka-fotoblog-de-jazz-impro\/\">Contin\u00faa leyendo<\/a><\/span><\/p>\n","protected":false},"author":1,"featured_media":51524,"comment_status":"open","ping_status":"closed","sticky":false,"template":"","format":"standard","meta":{"jetpack_post_was_ever_published":false,"_jetpack_newsletter_access":"","_jetpack_dont_email_post_to_subs":false,"_jetpack_newsletter_tier_id":0,"_jetpack_memberships_contains_paywalled_content":false,"_jetpack_memberships_contains_paid_content":false,"footnotes":""},"categories":[11262,17853,15516,11261,1038],"tags":[1041,1151],"class_list":["entry","author-pachi","has-excerpt","post-51515","post","type-post","status-publish","format-standard","has-post-thumbnail","category-photoblogs","category-joan-cortes","category-imagenes","category-instantzz","category-contenidos","tag-joan-cortes","tag-marco-mezquida"],"jetpack_featured_media_url":"https:\/\/tomajazz.com\/web\/wp-content\/uploads\/2020\/08\/09_Mrc-Mzqd-Joan-Cort\u00e8s_03ago20_st-Pl_Pl-Msc_Bcn.jpg","jetpack_likes_enabled":true,"jetpack_sharing_enabled":true,"jetpack-related-posts":[{"id":100866,"url":"https:\/\/tomajazz.com\/web\/marco-mezquida-chicuelo-la-garriga-2025\/","url_meta":{"origin":51515,"position":0},"title":"Marco Mezquida &#038; Chicuelo \u00abDel Alma\u00bb (Teatre Patronat, 2025-10-04 \/ La Garriga -Barcelona-) Por Joan Cort\u00e8s [INSTANTZZ AKA Galer\u00eda fotogr\u00e1fica AKA Fotoblog de jazz, impro\u2026 y algo m\u00e1s]","author":"Tomajazz","date":"23 octubre, 2025","format":false,"excerpt":"Marco Mezquida & Chicuelo \u00abDel Alma\u00bb actuaron en el Teatre Patronat de La Garriga -Barcelona-, el 4 de octubre de 2025. Joan Cort\u00e8s los retrata en INSTANTZZ. Actuaron Marco Mezquida, Chicuelo, Paco de Mode","rel":"","context":"En \u00abINSTANTZZ\u00bb","block_context":{"text":"INSTANTZZ","link":"https:\/\/tomajazz.com\/web\/category\/contenidos\/imagenes\/photoblogs\/instantzz\/"},"img":{"alt_text":"Marco Mezquida & Chicuelo \u00abDel Alma\u00bb (Teatre Patronat, 2025-10-04 \/ La Garriga -Barcelona-) Por Joan Cort\u00e8s [INSTANTZZ AKA Galer\u00eda fotogr\u00e1fica AKA Fotoblog de jazz, impro\u2026 y algo m\u00e1s] - Tomajazz - Marco Mezquida & Chicuelo \u00abDel Alma\u00bb actuaron en el Teatre Patronat de La Garriga -Barcelona-, el 4 de octubre de 2025. Joan Cort\u00e8s los retrata en INSTANTZZ","src":"https:\/\/i0.wp.com\/tomajazz.com\/web\/wp-content\/uploads\/2025\/10\/05-Mrc-Mzqd-Chcl-Dl-lma-%C2%A9Joan-Cortes-04ctb25-TPlG-LG-bn.jpg?resize=350%2C200&ssl=1","width":350,"height":200,"srcset":"https:\/\/i0.wp.com\/tomajazz.com\/web\/wp-content\/uploads\/2025\/10\/05-Mrc-Mzqd-Chcl-Dl-lma-%C2%A9Joan-Cortes-04ctb25-TPlG-LG-bn.jpg?resize=350%2C200&ssl=1 1x, https:\/\/i0.wp.com\/tomajazz.com\/web\/wp-content\/uploads\/2025\/10\/05-Mrc-Mzqd-Chcl-Dl-lma-%C2%A9Joan-Cortes-04ctb25-TPlG-LG-bn.jpg?resize=525%2C300&ssl=1 1.5x"},"classes":[]},{"id":103071,"url":"https:\/\/tomajazz.com\/web\/lina-marco-mezquida-o-fado-barcelona-2025\/","url_meta":{"origin":51515,"position":1},"title":"Lina &#038; Marco Mezquida \u201cO Fado\u201d (57\u00e8 Festival de Jazz de Barcelona 2025 \/ Conservatori del Liceu, 2025-11-21 \/ Barcelona) [03] Por Joan Cort\u00e8s [INSTANTZZ AKA Galer\u00eda fotogr\u00e1fica AKA Fotoblog de jazz, impro\u2026 y algo m\u00e1s]","author":"Tomajazz","date":"30 diciembre, 2025","format":false,"excerpt":"Lina & Marco Mezquida \u201cO Fado\u201d actuaron en el 57\u00e8 Festival de Jazz de Barcelona, el 21 de noviembre de 2025. Joan Cort\u00e8s lo retrata en INSTANTZZ","rel":"","context":"En \u00ab57 Festival de Jazz de Barcelona 2025\u00bb","block_context":{"text":"57 Festival de Jazz de Barcelona 2025","link":"https:\/\/tomajazz.com\/web\/category\/contenidos\/especial-contenidos\/57-festival-de-jazz-de-barcelona-2025\/"},"img":{"alt_text":"Lina & Marco Mezquida \u201cO Fado\u201d (59\u00e8 Festival de Jazz de Barcelona \/ Conservatori del Liceu, 2025-11-21 \/ Barcelona) [03] Por Joan Cort\u00e8s [INSTANTZZ AKA Galer\u00eda fotogr\u00e1fica AKA Fotoblog de jazz, impro\u2026 y algo m\u00e1s] - Tomajazz - Lina & Marco Mezquida \u201cO Fado\u201d actuaron en el 59\u00e8 Festival de Jazz de Barcelona, el 21 de noviembre de 2025. Joan Cort\u00e8s lo retrata en INSTANTZZ","src":"https:\/\/i0.wp.com\/tomajazz.com\/web\/wp-content\/uploads\/2025\/12\/destacada-07-Ln-Mrc-Mzqd-Photo-By-Joan-Cortes-21nov25-Cnsrvtr-dl-Lc-59FJBcn.jpg?resize=350%2C200&ssl=1","width":350,"height":200,"srcset":"https:\/\/i0.wp.com\/tomajazz.com\/web\/wp-content\/uploads\/2025\/12\/destacada-07-Ln-Mrc-Mzqd-Photo-By-Joan-Cortes-21nov25-Cnsrvtr-dl-Lc-59FJBcn.jpg?resize=350%2C200&ssl=1 1x, https:\/\/i0.wp.com\/tomajazz.com\/web\/wp-content\/uploads\/2025\/12\/destacada-07-Ln-Mrc-Mzqd-Photo-By-Joan-Cortes-21nov25-Cnsrvtr-dl-Lc-59FJBcn.jpg?resize=525%2C300&ssl=1 1.5x"},"classes":[]},{"id":104591,"url":"https:\/\/tomajazz.com\/web\/marco-mezquida-25cdj-2026\/","url_meta":{"origin":51515,"position":2},"title":"Marco Mezquida (25 aniversario Club de Jazz \/ Jamboree-01, 2026-02-14 \/ Barcelona) [y III] Por Joan Cort\u00e8s [INSTANTZZ AKA Galer\u00eda fotogr\u00e1fica AKA Fotoblog de jazz, impro\u2026 y algo m\u00e1s]","author":"Tomajazz","date":"26 marzo, 2026","format":false,"excerpt":"Marco Mezquida actu\u00f3 en Jamboree en la celebraci\u00f3n CDJ25, el 14 de febrero de 2026. Joan Cort\u00e8s lo retrata en INSTANTZZ","rel":"","context":"En \u00abINSTANTZZ\u00bb","block_context":{"text":"INSTANTZZ","link":"https:\/\/tomajazz.com\/web\/category\/contenidos\/imagenes\/photoblogs\/instantzz\/"},"img":{"alt_text":"Marco Mezquida (25 aniversario Club de Jazz \/ Jamboree-01, 2026-02-14 \/ Barcelona) [y III] Por Joan Cort\u00e8s [INSTANTZZ AKA Galer\u00eda fotogr\u00e1fica AKA Fotoblog de jazz, impro\u2026 y algo m\u00e1s] - Tomajazz - Marco Mezquida actu\u00f3 en Jamboree en la celebraci\u00f3n CDJ25, el 14 de febrero de 2026. Joan Cort\u00e8s lo retrata en INSTANTZZ","src":"https:\/\/i0.wp.com\/tomajazz.com\/web\/wp-content\/uploads\/2026\/03\/destacada-10-Mrc-Mzqd-Photo-by-Joan-Cortes-14fbr26-25CdJ-Jmbrr01-Bcn-.jpg?resize=350%2C200&ssl=1","width":350,"height":200,"srcset":"https:\/\/i0.wp.com\/tomajazz.com\/web\/wp-content\/uploads\/2026\/03\/destacada-10-Mrc-Mzqd-Photo-by-Joan-Cortes-14fbr26-25CdJ-Jmbrr01-Bcn-.jpg?resize=350%2C200&ssl=1 1x, https:\/\/i0.wp.com\/tomajazz.com\/web\/wp-content\/uploads\/2026\/03\/destacada-10-Mrc-Mzqd-Photo-by-Joan-Cortes-14fbr26-25CdJ-Jmbrr01-Bcn-.jpg?resize=525%2C300&ssl=1 1.5x"},"classes":[]},{"id":78261,"url":"https:\/\/tomajazz.com\/web\/mingus-epitaph-clasijazz-orchestra-2023\/","url_meta":{"origin":51515,"position":3},"title":"Mingus Epitaph Clasijazz Orchestra (20 Mas &#038; Mas Festival 2023 -concert inaugural- \/ Palau de la M\u00fasica Catalana, 2023-07-27. Barcelona) Por Joan Cort\u00e8s [INSTANTZZ AKA Galer\u00eda fotogr\u00e1fica AKA Fotoblog de jazz, impro\u2026 y algo m\u00e1s]","author":"Tomajazz","date":"12 septiembre, 2023","format":false,"excerpt":"Mingus Epitaph Clasijazz Orchestra inaugur\u00f3 el (20 Mas & Mas Festival 2023 en el Palau de la M\u00fasica Catalana (Barcelona), el 27 de julio de 2023. Joan Cort\u00e8s retrata la actuaci\u00f3n en INSTANTZZ.","rel":"","context":"En \u00abINSTANTZZ\u00bb","block_context":{"text":"INSTANTZZ","link":"https:\/\/tomajazz.com\/web\/category\/contenidos\/imagenes\/photoblogs\/instantzz\/"},"img":{"alt_text":"Mingus Epitaph Clasijazz Orchestra (20 Mas & Mas Festival -concert inaugural- \/ Palau de la M\u00fasica Catalana, 2023-07-27. Barcelona) Por Joan Cort\u00e8s [INSTANTZZ AKA Galer\u00eda fotogr\u00e1fica AKA Fotoblog de jazz, impro\u2026 y algo m\u00e1s] - Tomajazz 9.0 - Mingus Epitaph Clasijazz Orchestra inaugur\u00f3 el (20 Mas & Mas Festival 2023 en el Palau de la M\u00fasica Catalana (Barcelona), el 27 de julio de 2023. Joan Cort\u00e8s retrata la actuaci\u00f3n en INSTANTZZ.","src":"https:\/\/i0.wp.com\/tomajazz.com\/web\/wp-content\/uploads\/2023\/09\/04-Mngs-ptph-%C2%A9Joan-Cortes-27jll23-20M-MF-Pl-Msc-Bcn-Mingus-Epitaph-Clasijazz-Orchestra-2023-07-27-Barcelona-Por-Joan-Cortes-INSTANTZZ-Tomajazz.jpg?resize=350%2C200&ssl=1","width":350,"height":200,"srcset":"https:\/\/i0.wp.com\/tomajazz.com\/web\/wp-content\/uploads\/2023\/09\/04-Mngs-ptph-%C2%A9Joan-Cortes-27jll23-20M-MF-Pl-Msc-Bcn-Mingus-Epitaph-Clasijazz-Orchestra-2023-07-27-Barcelona-Por-Joan-Cortes-INSTANTZZ-Tomajazz.jpg?resize=350%2C200&ssl=1 1x, https:\/\/i0.wp.com\/tomajazz.com\/web\/wp-content\/uploads\/2023\/09\/04-Mngs-ptph-%C2%A9Joan-Cortes-27jll23-20M-MF-Pl-Msc-Bcn-Mingus-Epitaph-Clasijazz-Orchestra-2023-07-27-Barcelona-Por-Joan-Cortes-INSTANTZZ-Tomajazz.jpg?resize=525%2C300&ssl=1 1.5x"},"classes":[]},{"id":103107,"url":"https:\/\/tomajazz.com\/web\/chicuelo-marco-mezquida-alternatilla-2025\/","url_meta":{"origin":51515,"position":4},"title":"Chicuelo &#038; Marco Mezquida (9\u00ba Alternatilla Jazz Festival 2025. Teatre Principal de Palma. 2025-12-03) Por Jos\u00e9 Luis Luna Rocafort [INSTANTZZ AKA Galer\u00eda fotogr\u00e1fica AKA Fotoblog de jazz, impro\u2026 y algo m\u00e1s]","author":"Tomajazz","date":"31 diciembre, 2025","format":false,"excerpt":"Chicuelo & Marco Mezquida actuaron en el 9\u00ba Alternatilla Jazz Festival en el Teatre Principal de Palma, el 3 de diciembre de 2025. Jos\u00e9 Luis Luna Rocafort lo retrata en INSTANTZZ. Con Chicuelo, Marco Mezquida, Paco de Mode","rel":"","context":"En \u00ab9\u00ba Alternatilla Jazz Festival 2025\u00bb","block_context":{"text":"9\u00ba Alternatilla Jazz Festival 2025","link":"https:\/\/tomajazz.com\/web\/category\/contenidos\/especial-contenidos\/9o-alternatilla-jazz-festival-2025\/"},"img":{"alt_text":"Chicuelo & Marco Mezquida (9\u00ba Alternatilla Jazz Festival 2025. Teatre Principal de Palma. 2025-12-03) Por Jos\u00e9 Luis Luna Rocafort [INSTANTZZ AKA Galer\u00eda fotogr\u00e1fica AKA Fotoblog de jazz, impro\u2026 y algo m\u00e1s] - Tomajazz - Chicuelo & Marco Mezquida actuaron en el 9\u00ba Alternatilla Jazz Festival en el Teatre Principal de Palma, el 3 de diciembre de 2025. Jos\u00e9 Luis Luna Rocafort lo retrata en INSTANTZZ. Con Chicuelo, Marco","src":"https:\/\/i0.wp.com\/tomajazz.com\/web\/wp-content\/uploads\/2025\/12\/020-6.jpg?resize=350%2C200&ssl=1","width":350,"height":200,"srcset":"https:\/\/i0.wp.com\/tomajazz.com\/web\/wp-content\/uploads\/2025\/12\/020-6.jpg?resize=350%2C200&ssl=1 1x, https:\/\/i0.wp.com\/tomajazz.com\/web\/wp-content\/uploads\/2025\/12\/020-6.jpg?resize=525%2C300&ssl=1 1.5x"},"classes":[]},{"id":103886,"url":"https:\/\/tomajazz.com\/web\/2025-en-25-imagenes-2\/","url_meta":{"origin":51515,"position":5},"title":"2025 en 25 im\u00e1genes -jazz, improvisaci\u00f3n y flamenco- (segunda parte) Por Joan Cort\u00e8s [INSTANTZZ AKA Galer\u00eda fotogr\u00e1fica AKA Fotoblog de jazz, impro\u2026 y algo m\u00e1s]","author":"Tomajazz","date":"3 febrero, 2026","format":false,"excerpt":"2025 en 25 im\u00e1genes -jazz, improvisaci\u00f3n y flamenco- )en esta ocasi\u00f3n con la segunda parte) es un cl\u00e1sico de Joan Cort\u00e8s cada inicio de a\u00f1o en INSTANTZZ","rel":"","context":"En \u00abINSTANTZZ\u00bb","block_context":{"text":"INSTANTZZ","link":"https:\/\/tomajazz.com\/web\/category\/contenidos\/imagenes\/photoblogs\/instantzz\/"},"img":{"alt_text":"2025 en 25 im\u00e1genes -jazz, improvisaci\u00f3n y flamenco- (segunda parte) Por Joan Cort\u00e8s [INSTANTZZ AKA Galer\u00eda fotogr\u00e1fica AKA Fotoblog de jazz, impro\u2026 y algo m\u00e1s] - Tomajazz - 2025 en 25 im\u00e1genes -jazz, improvisaci\u00f3n y flamenco- )en esta ocasi\u00f3n con la segunda parte) es un cl\u00e1sico de Joan Cort\u00e8s cada inicio de a\u00f1o en INSTANTZZ","src":"https:\/\/i0.wp.com\/tomajazz.com\/web\/wp-content\/uploads\/2026\/02\/destacada-22-Blsr-Dcrt-Brn-Photo-by-Joan-Cortes-20nvm25-JzzCv-Vc.jpg?resize=350%2C200&ssl=1","width":350,"height":200,"srcset":"https:\/\/i0.wp.com\/tomajazz.com\/web\/wp-content\/uploads\/2026\/02\/destacada-22-Blsr-Dcrt-Brn-Photo-by-Joan-Cortes-20nvm25-JzzCv-Vc.jpg?resize=350%2C200&ssl=1 1x, https:\/\/i0.wp.com\/tomajazz.com\/web\/wp-content\/uploads\/2026\/02\/destacada-22-Blsr-Dcrt-Brn-Photo-by-Joan-Cortes-20nvm25-JzzCv-Vc.jpg?resize=525%2C300&ssl=1 1.5x"},"classes":[]}],"_links":{"self":[{"href":"https:\/\/tomajazz.com\/web\/wp-json\/wp\/v2\/posts\/51515","targetHints":{"allow":["GET"]}}],"collection":[{"href":"https:\/\/tomajazz.com\/web\/wp-json\/wp\/v2\/posts"}],"about":[{"href":"https:\/\/tomajazz.com\/web\/wp-json\/wp\/v2\/types\/post"}],"author":[{"embeddable":true,"href":"https:\/\/tomajazz.com\/web\/wp-json\/wp\/v2\/users\/1"}],"replies":[{"embeddable":true,"href":"https:\/\/tomajazz.com\/web\/wp-json\/wp\/v2\/comments?post=51515"}],"version-history":[{"count":1,"href":"https:\/\/tomajazz.com\/web\/wp-json\/wp\/v2\/posts\/51515\/revisions"}],"predecessor-version":[{"id":51527,"href":"https:\/\/tomajazz.com\/web\/wp-json\/wp\/v2\/posts\/51515\/revisions\/51527"}],"wp:featuredmedia":[{"embeddable":true,"href":"https:\/\/tomajazz.com\/web\/wp-json\/wp\/v2\/media\/51524"}],"wp:attachment":[{"href":"https:\/\/tomajazz.com\/web\/wp-json\/wp\/v2\/media?parent=51515"}],"wp:term":[{"taxonomy":"category","embeddable":true,"href":"https:\/\/tomajazz.com\/web\/wp-json\/wp\/v2\/categories?post=51515"},{"taxonomy":"post_tag","embeddable":true,"href":"https:\/\/tomajazz.com\/web\/wp-json\/wp\/v2\/tags?post=51515"}],"curies":[{"name":"wp","href":"https:\/\/api.w.org\/{rel}","templated":true}]}}