{"id":51537,"date":"2020-08-13T11:00:52","date_gmt":"2020-08-13T09:00:52","guid":{"rendered":"https:\/\/www.tomajazz.com\/web\/?p=51537"},"modified":"2020-08-26T14:25:47","modified_gmt":"2020-08-26T12:25:47","slug":"instantzz-barry-guy-monografico-galeria-fotografica-aka-fotoblog-de-jazz-impro-y-algo-mas","status":"publish","type":"post","link":"https:\/\/tomajazz.com\/web\/instantzz-barry-guy-monografico-galeria-fotografica-aka-fotoblog-de-jazz-impro-y-algo-mas\/","title":{"rendered":"INSTANTZZ: Barry Guy (monogr\u00e1fico) [Galer\u00eda fotogr\u00e1fica AKA Fotoblog de jazz, impro&#8230; y algo m\u00e1s]"},"content":{"rendered":"<p>Por\u00a0<strong>Joan Cort\u00e8s<\/strong>.<\/p>\n<ul>\n<li>Fecha: de abril de 2009 a julio de 2019 (anotadas en cada imagen).<\/li>\n<li>Lugar: escenarios y localidades diferentes (especificados en cada fotograf\u00eda).<\/li>\n<li>Componentes: las formaciones est\u00e1n detalladas en los enlaces correspondientes (excepto las fotograf\u00edas 01, 02, 05, 09, 10, 12, 13 y 15 que son in\u00e9ditas).<\/li>\n<\/ul>\n<p style=\"text-align: center;\"><img loading=\"lazy\" decoding=\"async\" class=\"aligncenter size-full wp-image-51538\" src=\"https:\/\/tomajazz.com\/web\/wp-content\/uploads\/2020\/08\/01_Frnndz-Gy-Lpz-Joan-Cort\u00e8s_06feb10_gvv_Grn.jpg\" alt=\"\" width=\"600\" height=\"399\" title=\"\" srcset=\"https:\/\/tomajazz.com\/web\/wp-content\/uploads\/2020\/08\/01_Frnndz-Gy-Lpz-Joan-Cort\u00e8s_06feb10_gvv_Grn.jpg 600w, https:\/\/tomajazz.com\/web\/wp-content\/uploads\/2020\/08\/01_Frnndz-Gy-Lpz-Joan-Cort\u00e8s_06feb10_gvv_Grn-200x133.jpg 200w, https:\/\/tomajazz.com\/web\/wp-content\/uploads\/2020\/08\/01_Frnndz-Gy-Lpz-Joan-Cort\u00e8s_06feb10_gvv_Grn-83x55.jpg 83w, https:\/\/tomajazz.com\/web\/wp-content\/uploads\/2020\/08\/01_Frnndz-Gy-Lpz-Joan-Cort\u00e8s_06feb10_gvv_Grn-60x40.jpg 60w, https:\/\/tomajazz.com\/web\/wp-content\/uploads\/2020\/08\/01_Frnndz-Gy-Lpz-Joan-Cort\u00e8s_06feb10_gvv_Grn-120x80.jpg 120w\" sizes=\"auto, (max-width: 600px) 100vw, 600px\" \/><\/p>\n<p style=\"text-align: center;\">AGUST\u00cd FERN\u00c1NDEZ, RAM\u00d3N L\u00d3PEZ &amp; BARRY GUY (<em>Morning Glory -grabaci\u00f3n del disco de estudio-<\/em>, tr\u00edo \/ 06-feb-2010 \/ 44.1 Estudi de Gravaci\u00f3, Aiguaviva -Girona-)<\/p>\n<p style=\"text-align: center;\"><img loading=\"lazy\" decoding=\"async\" class=\"aligncenter size-full wp-image-51539\" src=\"https:\/\/tomajazz.com\/web\/wp-content\/uploads\/2020\/08\/02_Brry-Gy-Joan-Cort\u00e8s_28abr09_LS2OM_ECM-Bcn.jpg\" alt=\"\" width=\"399\" height=\"600\" title=\"\" srcset=\"https:\/\/tomajazz.com\/web\/wp-content\/uploads\/2020\/08\/02_Brry-Gy-Joan-Cort\u00e8s_28abr09_LS2OM_ECM-Bcn.jpg 399w, https:\/\/tomajazz.com\/web\/wp-content\/uploads\/2020\/08\/02_Brry-Gy-Joan-Cort\u00e8s_28abr09_LS2OM_ECM-Bcn-200x300.jpg 200w, https:\/\/tomajazz.com\/web\/wp-content\/uploads\/2020\/08\/02_Brry-Gy-Joan-Cort\u00e8s_28abr09_LS2OM_ECM-Bcn-37x55.jpg 37w\" sizes=\"auto, (max-width: 399px) 100vw, 399px\" \/><\/p>\n<p style=\"text-align: center;\">BARRY GUY (tr\u00edo con Agust\u00ed Fern\u00e1ndez &amp; Marilyn Crispell \/ 28-abr-2009 \/ ECM Bcn, L\u2019Auditori S2OM, Barcelona)<\/p>\n<p style=\"text-align: center;\"><img loading=\"lazy\" decoding=\"async\" class=\"aligncenter size-full wp-image-51540\" src=\"https:\/\/tomajazz.com\/web\/wp-content\/uploads\/2020\/08\/03_Brr-Gy-Jchm-BdnHrst-v-Sns.jpg\" alt=\"\" width=\"600\" height=\"399\" title=\"\" srcset=\"https:\/\/tomajazz.com\/web\/wp-content\/uploads\/2020\/08\/03_Brr-Gy-Jchm-BdnHrst-v-Sns.jpg 600w, https:\/\/tomajazz.com\/web\/wp-content\/uploads\/2020\/08\/03_Brr-Gy-Jchm-BdnHrst-v-Sns-200x133.jpg 200w, https:\/\/tomajazz.com\/web\/wp-content\/uploads\/2020\/08\/03_Brr-Gy-Jchm-BdnHrst-v-Sns-83x55.jpg 83w, https:\/\/tomajazz.com\/web\/wp-content\/uploads\/2020\/08\/03_Brr-Gy-Jchm-BdnHrst-v-Sns-60x40.jpg 60w, https:\/\/tomajazz.com\/web\/wp-content\/uploads\/2020\/08\/03_Brr-Gy-Jchm-BdnHrst-v-Sns-120x80.jpg 120w\" sizes=\"auto, (max-width: 600px) 100vw, 600px\" \/><\/p>\n<p style=\"text-align: center;\">JOACHIM BADEN-HORST &amp; BARRY GUY (<em>For beginners<\/em>, tr\u00edo con Ivo Sans \/ Barcelona, 2017)\u00a0<a href=\"https:\/\/tomajazz.com\/web\/?p=30584\" target=\"_blank\" rel=\"noopener noreferrer\">https:\/\/tomajazz.com\/web\/?p=30584<\/a><\/p>\n<p style=\"text-align: center;\"><img loading=\"lazy\" decoding=\"async\" class=\"aligncenter size-full wp-image-51546\" src=\"https:\/\/tomajazz.com\/web\/wp-content\/uploads\/2020\/08\/04_Brry-Gy-CFdT.jpg\" alt=\"\" width=\"600\" height=\"399\" title=\"\" srcset=\"https:\/\/tomajazz.com\/web\/wp-content\/uploads\/2020\/08\/04_Brry-Gy-CFdT.jpg 600w, https:\/\/tomajazz.com\/web\/wp-content\/uploads\/2020\/08\/04_Brry-Gy-CFdT-200x133.jpg 200w, https:\/\/tomajazz.com\/web\/wp-content\/uploads\/2020\/08\/04_Brry-Gy-CFdT-83x55.jpg 83w, https:\/\/tomajazz.com\/web\/wp-content\/uploads\/2020\/08\/04_Brry-Gy-CFdT-60x40.jpg 60w, https:\/\/tomajazz.com\/web\/wp-content\/uploads\/2020\/08\/04_Brry-Gy-CFdT-120x80.jpg 120w\" sizes=\"auto, (max-width: 600px) 100vw, 600px\" \/><\/p>\n<p style=\"text-align: center;\">BARRY GUY, FERRAN BESALDUCH &amp; ROSA SOLER (taller de improvisaci\u00f3n con 18 m\u00fasicos \/ Barcelona- 2017)\u00a0<a href=\"https:\/\/tomajazz.com\/web\/?p=30678\" target=\"_blank\" rel=\"noopener noreferrer\">https:\/\/tomajazz.com\/web\/?p=30678<\/a><\/p>\n<p style=\"text-align: center;\"><img loading=\"lazy\" decoding=\"async\" class=\"aligncenter size-full wp-image-51547\" src=\"https:\/\/tomajazz.com\/web\/wp-content\/uploads\/2020\/08\/05_gst-Frnndz-Brry-Gy-Mrlyn-Crspl-Joan-Cort\u00e8s_28abr09_LS2OM_ECM-Bcn.jpg\" alt=\"\" width=\"600\" height=\"399\" title=\"\" srcset=\"https:\/\/tomajazz.com\/web\/wp-content\/uploads\/2020\/08\/05_gst-Frnndz-Brry-Gy-Mrlyn-Crspl-Joan-Cort\u00e8s_28abr09_LS2OM_ECM-Bcn.jpg 600w, https:\/\/tomajazz.com\/web\/wp-content\/uploads\/2020\/08\/05_gst-Frnndz-Brry-Gy-Mrlyn-Crspl-Joan-Cort\u00e8s_28abr09_LS2OM_ECM-Bcn-200x133.jpg 200w, https:\/\/tomajazz.com\/web\/wp-content\/uploads\/2020\/08\/05_gst-Frnndz-Brry-Gy-Mrlyn-Crspl-Joan-Cort\u00e8s_28abr09_LS2OM_ECM-Bcn-83x55.jpg 83w, https:\/\/tomajazz.com\/web\/wp-content\/uploads\/2020\/08\/05_gst-Frnndz-Brry-Gy-Mrlyn-Crspl-Joan-Cort\u00e8s_28abr09_LS2OM_ECM-Bcn-60x40.jpg 60w, https:\/\/tomajazz.com\/web\/wp-content\/uploads\/2020\/08\/05_gst-Frnndz-Brry-Gy-Mrlyn-Crspl-Joan-Cort\u00e8s_28abr09_LS2OM_ECM-Bcn-120x80.jpg 120w\" sizes=\"auto, (max-width: 600px) 100vw, 600px\" \/><\/p>\n<p style=\"text-align: center;\">AGUST\u00cd FERN\u00c1NDEZ, BARRY GUY &amp; MARILYN CRISPELL (tr\u00edo \/ 28-abr-2009 \/ ECM Bcn, L\u2019Auditori S2OM, Barcelona)<\/p>\n<p style=\"text-align: center;\"><img loading=\"lazy\" decoding=\"async\" class=\"aligncenter size-full wp-image-51548\" src=\"https:\/\/tomajazz.com\/web\/wp-content\/uploads\/2020\/08\/06_gst-Frndz-nsmbl-Joan-Cort\u00e8s_11jul19_Fndc-Mr_Fstvl-Grc_Bcn.jpg\" alt=\"\" width=\"600\" height=\"399\" title=\"\" srcset=\"https:\/\/tomajazz.com\/web\/wp-content\/uploads\/2020\/08\/06_gst-Frndz-nsmbl-Joan-Cort\u00e8s_11jul19_Fndc-Mr_Fstvl-Grc_Bcn.jpg 600w, https:\/\/tomajazz.com\/web\/wp-content\/uploads\/2020\/08\/06_gst-Frndz-nsmbl-Joan-Cort\u00e8s_11jul19_Fndc-Mr_Fstvl-Grc_Bcn-200x133.jpg 200w, https:\/\/tomajazz.com\/web\/wp-content\/uploads\/2020\/08\/06_gst-Frndz-nsmbl-Joan-Cort\u00e8s_11jul19_Fndc-Mr_Fstvl-Grc_Bcn-83x55.jpg 83w, https:\/\/tomajazz.com\/web\/wp-content\/uploads\/2020\/08\/06_gst-Frndz-nsmbl-Joan-Cort\u00e8s_11jul19_Fndc-Mr_Fstvl-Grc_Bcn-60x40.jpg 60w, https:\/\/tomajazz.com\/web\/wp-content\/uploads\/2020\/08\/06_gst-Frndz-nsmbl-Joan-Cort\u00e8s_11jul19_Fndc-Mr_Fstvl-Grc_Bcn-120x80.jpg 120w\" sizes=\"auto, (max-width: 600px) 100vw, 600px\" \/><\/p>\n<p style=\"text-align: center;\">BARRY GUY (<em>Via Agusta, <\/em>Agust\u00ed Fern\u00e1ndez Ensemble \u2013noneto-<em> \/ <\/em>Barcelona<em>, <\/em>2019)\u00a0<a href=\"https:\/\/tomajazz.com\/web\/?p=45032\" target=\"_blank\" rel=\"noopener noreferrer\">https:\/\/tomajazz.com\/web\/?p=45032<\/a><\/p>\n<p style=\"text-align: center;\"><img loading=\"lazy\" decoding=\"async\" class=\"aligncenter size-full wp-image-51549\" src=\"https:\/\/tomajazz.com\/web\/wp-content\/uploads\/2020\/08\/07_gst-Frndz-nsmbl-Joan-Cort\u00e8s_11jul19_Fndc-Mr_Fstvl-Grc_Bcn-2.jpg\" alt=\"\" width=\"399\" height=\"600\" title=\"\" srcset=\"https:\/\/tomajazz.com\/web\/wp-content\/uploads\/2020\/08\/07_gst-Frndz-nsmbl-Joan-Cort\u00e8s_11jul19_Fndc-Mr_Fstvl-Grc_Bcn-2.jpg 399w, https:\/\/tomajazz.com\/web\/wp-content\/uploads\/2020\/08\/07_gst-Frndz-nsmbl-Joan-Cort\u00e8s_11jul19_Fndc-Mr_Fstvl-Grc_Bcn-2-200x300.jpg 200w, https:\/\/tomajazz.com\/web\/wp-content\/uploads\/2020\/08\/07_gst-Frndz-nsmbl-Joan-Cort\u00e8s_11jul19_Fndc-Mr_Fstvl-Grc_Bcn-2-37x55.jpg 37w\" sizes=\"auto, (max-width: 399px) 100vw, 399px\" \/><\/p>\n<p style=\"text-align: center;\">BARRY GUY &amp; LUC\u00cdA MART\u00cdNEZ (<em>Via Agusta, <\/em>Agust\u00ed Fern\u00e1ndez Ensemble -noneto-<em> \/ <\/em>Barcelona<em>, <\/em>2019)\u00a0<a href=\"https:\/\/tomajazz.com\/web\/?p=45032\" target=\"_blank\" rel=\"noopener noreferrer\">https:\/\/tomajazz.com\/web\/?p=45032<\/a><\/p>\n<p style=\"text-align: center;\"><img loading=\"lazy\" decoding=\"async\" class=\"aligncenter size-full wp-image-51550\" src=\"https:\/\/tomajazz.com\/web\/wp-content\/uploads\/2020\/08\/08_Brry-Gy-CFdT.jpg\" alt=\"\" width=\"600\" height=\"394\" title=\"\" srcset=\"https:\/\/tomajazz.com\/web\/wp-content\/uploads\/2020\/08\/08_Brry-Gy-CFdT.jpg 600w, https:\/\/tomajazz.com\/web\/wp-content\/uploads\/2020\/08\/08_Brry-Gy-CFdT-200x131.jpg 200w, https:\/\/tomajazz.com\/web\/wp-content\/uploads\/2020\/08\/08_Brry-Gy-CFdT-84x55.jpg 84w, https:\/\/tomajazz.com\/web\/wp-content\/uploads\/2020\/08\/08_Brry-Gy-CFdT-60x40.jpg 60w, https:\/\/tomajazz.com\/web\/wp-content\/uploads\/2020\/08\/08_Brry-Gy-CFdT-120x80.jpg 120w\" sizes=\"auto, (max-width: 600px) 100vw, 600px\" \/><\/p>\n<p style=\"text-align: center;\">PARTITURA DE BARRY GUY (taller de improvisaci\u00f3n con 18 m\u00fasicos \/ Barcelona- 2017)\u00a0<a href=\"https:\/\/tomajazz.com\/web\/?p=30678\" target=\"_blank\" rel=\"noopener noreferrer\">https:\/\/tomajazz.com\/web\/?p=30678<\/a><\/p>\n<p style=\"text-align: center;\"><img loading=\"lazy\" decoding=\"async\" class=\"aligncenter size-full wp-image-51551\" src=\"https:\/\/tomajazz.com\/web\/wp-content\/uploads\/2020\/08\/09_Frnndz-Gy-Lpz-Joan-Cort\u00e8s_06feb10_gvv_Grn.jpg\" alt=\"\" width=\"600\" height=\"399\" title=\"\" srcset=\"https:\/\/tomajazz.com\/web\/wp-content\/uploads\/2020\/08\/09_Frnndz-Gy-Lpz-Joan-Cort\u00e8s_06feb10_gvv_Grn.jpg 600w, https:\/\/tomajazz.com\/web\/wp-content\/uploads\/2020\/08\/09_Frnndz-Gy-Lpz-Joan-Cort\u00e8s_06feb10_gvv_Grn-200x133.jpg 200w, https:\/\/tomajazz.com\/web\/wp-content\/uploads\/2020\/08\/09_Frnndz-Gy-Lpz-Joan-Cort\u00e8s_06feb10_gvv_Grn-83x55.jpg 83w, https:\/\/tomajazz.com\/web\/wp-content\/uploads\/2020\/08\/09_Frnndz-Gy-Lpz-Joan-Cort\u00e8s_06feb10_gvv_Grn-60x40.jpg 60w, https:\/\/tomajazz.com\/web\/wp-content\/uploads\/2020\/08\/09_Frnndz-Gy-Lpz-Joan-Cort\u00e8s_06feb10_gvv_Grn-120x80.jpg 120w\" sizes=\"auto, (max-width: 600px) 100vw, 600px\" \/><\/p>\n<p style=\"text-align: center;\">RAM\u00d3N L\u00d3PEZ, BARRY GUY &amp; AGUST\u00cd FERN\u00c1NDEZ (<em>Morning Glory -descanso de la grabaci\u00f3n del disco de estudio-<\/em>, tr\u00edo \/ 06-feb-2010 \/ 44.1 Estudi de Gravaci\u00f3,\u00a0Aiguaviva -Girona-)<\/p>\n<p style=\"text-align: center;\"><img loading=\"lazy\" decoding=\"async\" class=\"aligncenter size-full wp-image-51552\" src=\"https:\/\/tomajazz.com\/web\/wp-content\/uploads\/2020\/08\/10_Brry-Gy-Joan-Cort\u00e8s_19jul10_MdlF-S2OM_Bcn.jpg\" alt=\"\" width=\"399\" height=\"600\" title=\"\" srcset=\"https:\/\/tomajazz.com\/web\/wp-content\/uploads\/2020\/08\/10_Brry-Gy-Joan-Cort\u00e8s_19jul10_MdlF-S2OM_Bcn.jpg 399w, https:\/\/tomajazz.com\/web\/wp-content\/uploads\/2020\/08\/10_Brry-Gy-Joan-Cort\u00e8s_19jul10_MdlF-S2OM_Bcn-200x300.jpg 200w, https:\/\/tomajazz.com\/web\/wp-content\/uploads\/2020\/08\/10_Brry-Gy-Joan-Cort\u00e8s_19jul10_MdlF-S2OM_Bcn-37x55.jpg 37w\" sizes=\"auto, (max-width: 399px) 100vw, 399px\" \/><\/p>\n<p style=\"text-align: center;\">BARRY GUY (d\u00fao con Agust\u00ed Fern\u00e1ndez \/ 19-jul-2010 \/ Mercat de les Flors S2OM, Barcelona)<\/p>\n<p style=\"text-align: center;\"><img loading=\"lazy\" decoding=\"async\" class=\"aligncenter size-full wp-image-51553\" src=\"https:\/\/tomajazz.com\/web\/wp-content\/uploads\/2020\/08\/11_Fr-Rdcls-\u00a9Joan-Cort\u00e8s_27gen16_Ttr-CCCB_Smplr-Srs_Bcn.jpg\" alt=\"\" width=\"600\" height=\"399\" title=\"\" srcset=\"https:\/\/tomajazz.com\/web\/wp-content\/uploads\/2020\/08\/11_Fr-Rdcls-\u00a9Joan-Cort\u00e8s_27gen16_Ttr-CCCB_Smplr-Srs_Bcn.jpg 600w, https:\/\/tomajazz.com\/web\/wp-content\/uploads\/2020\/08\/11_Fr-Rdcls-\u00a9Joan-Cort\u00e8s_27gen16_Ttr-CCCB_Smplr-Srs_Bcn-200x133.jpg 200w, https:\/\/tomajazz.com\/web\/wp-content\/uploads\/2020\/08\/11_Fr-Rdcls-\u00a9Joan-Cort\u00e8s_27gen16_Ttr-CCCB_Smplr-Srs_Bcn-83x55.jpg 83w, https:\/\/tomajazz.com\/web\/wp-content\/uploads\/2020\/08\/11_Fr-Rdcls-\u00a9Joan-Cort\u00e8s_27gen16_Ttr-CCCB_Smplr-Srs_Bcn-60x40.jpg 60w, https:\/\/tomajazz.com\/web\/wp-content\/uploads\/2020\/08\/11_Fr-Rdcls-\u00a9Joan-Cort\u00e8s_27gen16_Ttr-CCCB_Smplr-Srs_Bcn-120x80.jpg 120w\" sizes=\"auto, (max-width: 600px) 100vw, 600px\" \/><\/p>\n<p style=\"text-align: center;\">AGUST\u00cd FERN\u00c1NDEZ, BARRY GUY &amp; PETER EVANS (Free Radicals, tr\u00edo \/ Barcelona, 2016)\u00a0<a href=\"https:\/\/tomajazz.com\/web\/?p=22838\" target=\"_blank\" rel=\"noopener noreferrer\">https:\/\/tomajazz.com\/web\/?p=22838<\/a><\/p>\n<p style=\"text-align: center;\"><img loading=\"lazy\" decoding=\"async\" class=\"aligncenter size-full wp-image-51554\" src=\"https:\/\/tomajazz.com\/web\/wp-content\/uploads\/2020\/08\/12_My-Hmbrgr-Brry-Gy-Joan-Cort\u00e8s_08oct11_23Jzzbr_Fortrss-d-Slss.jpg\" alt=\"\" width=\"399\" height=\"600\" title=\"\" srcset=\"https:\/\/tomajazz.com\/web\/wp-content\/uploads\/2020\/08\/12_My-Hmbrgr-Brry-Gy-Joan-Cort\u00e8s_08oct11_23Jzzbr_Fortrss-d-Slss.jpg 399w, https:\/\/tomajazz.com\/web\/wp-content\/uploads\/2020\/08\/12_My-Hmbrgr-Brry-Gy-Joan-Cort\u00e8s_08oct11_23Jzzbr_Fortrss-d-Slss-200x300.jpg 200w, https:\/\/tomajazz.com\/web\/wp-content\/uploads\/2020\/08\/12_My-Hmbrgr-Brry-Gy-Joan-Cort\u00e8s_08oct11_23Jzzbr_Fortrss-d-Slss-37x55.jpg 37w\" sizes=\"auto, (max-width: 399px) 100vw, 399px\" \/><\/p>\n<p style=\"text-align: center;\">BARRY GUY (d\u00fao con Maya Homburger \/ 08-oct-2011 \/ 23\u00e8me Jazz\u00e8bre, Forteresse de Salses, Salses -France-)<\/p>\n<p style=\"text-align: center;\"><img loading=\"lazy\" decoding=\"async\" class=\"aligncenter size-full wp-image-51555\" src=\"https:\/\/tomajazz.com\/web\/wp-content\/uploads\/2020\/08\/13_gst-Frnndz-Brry-Gy-Joan-Cort\u00e8s_19jul10_MdlF-S2OM_Bcn.jpg\" alt=\"\" width=\"600\" height=\"399\" title=\"\" srcset=\"https:\/\/tomajazz.com\/web\/wp-content\/uploads\/2020\/08\/13_gst-Frnndz-Brry-Gy-Joan-Cort\u00e8s_19jul10_MdlF-S2OM_Bcn.jpg 600w, https:\/\/tomajazz.com\/web\/wp-content\/uploads\/2020\/08\/13_gst-Frnndz-Brry-Gy-Joan-Cort\u00e8s_19jul10_MdlF-S2OM_Bcn-200x133.jpg 200w, https:\/\/tomajazz.com\/web\/wp-content\/uploads\/2020\/08\/13_gst-Frnndz-Brry-Gy-Joan-Cort\u00e8s_19jul10_MdlF-S2OM_Bcn-83x55.jpg 83w, https:\/\/tomajazz.com\/web\/wp-content\/uploads\/2020\/08\/13_gst-Frnndz-Brry-Gy-Joan-Cort\u00e8s_19jul10_MdlF-S2OM_Bcn-60x40.jpg 60w, https:\/\/tomajazz.com\/web\/wp-content\/uploads\/2020\/08\/13_gst-Frnndz-Brry-Gy-Joan-Cort\u00e8s_19jul10_MdlF-S2OM_Bcn-120x80.jpg 120w\" sizes=\"auto, (max-width: 600px) 100vw, 600px\" \/><\/p>\n<p style=\"text-align: center;\">AGUST\u00cd FERN\u00c1NDEZ &amp; BARRY GUY (d\u00fao \/ 19-jul-2010 \/ Mercat de les Flors S2OM, Barcelona)<\/p>\n<p style=\"text-align: center;\"><img loading=\"lazy\" decoding=\"async\" class=\"aligncenter size-full wp-image-51556\" src=\"https:\/\/tomajazz.com\/web\/wp-content\/uploads\/2020\/08\/14_Brr-Gy-Jchm-BdnHrst-v-Sns-2.jpg\" alt=\"\" width=\"600\" height=\"399\" title=\"\" srcset=\"https:\/\/tomajazz.com\/web\/wp-content\/uploads\/2020\/08\/14_Brr-Gy-Jchm-BdnHrst-v-Sns-2.jpg 600w, https:\/\/tomajazz.com\/web\/wp-content\/uploads\/2020\/08\/14_Brr-Gy-Jchm-BdnHrst-v-Sns-2-200x133.jpg 200w, https:\/\/tomajazz.com\/web\/wp-content\/uploads\/2020\/08\/14_Brr-Gy-Jchm-BdnHrst-v-Sns-2-83x55.jpg 83w, https:\/\/tomajazz.com\/web\/wp-content\/uploads\/2020\/08\/14_Brr-Gy-Jchm-BdnHrst-v-Sns-2-60x40.jpg 60w, https:\/\/tomajazz.com\/web\/wp-content\/uploads\/2020\/08\/14_Brr-Gy-Jchm-BdnHrst-v-Sns-2-120x80.jpg 120w\" sizes=\"auto, (max-width: 600px) 100vw, 600px\" \/><\/p>\n<p style=\"text-align: center;\">JOACHIM BADEN-HORST, BARRY GUY &amp; IVO SANS (<em>For beginners<\/em>, tr\u00edo \/ Barcelona, 2017)\u00a0<a href=\"https:\/\/tomajazz.com\/web\/?p=30584\" target=\"_blank\" rel=\"noopener noreferrer\">https:\/\/tomajazz.com\/web\/?p=30584<\/a><\/p>\n<p style=\"text-align: center;\"><img loading=\"lazy\" decoding=\"async\" class=\"aligncenter size-full wp-image-51557\" src=\"https:\/\/tomajazz.com\/web\/wp-content\/uploads\/2020\/08\/15_My-Hmbrgr-Brry-Gy-Joan-Cort\u00e8s_08oct11_23Jzzbr_Fortrss-d-Slss.jpg\" alt=\"\" width=\"600\" height=\"399\" title=\"\" srcset=\"https:\/\/tomajazz.com\/web\/wp-content\/uploads\/2020\/08\/15_My-Hmbrgr-Brry-Gy-Joan-Cort\u00e8s_08oct11_23Jzzbr_Fortrss-d-Slss.jpg 600w, https:\/\/tomajazz.com\/web\/wp-content\/uploads\/2020\/08\/15_My-Hmbrgr-Brry-Gy-Joan-Cort\u00e8s_08oct11_23Jzzbr_Fortrss-d-Slss-200x133.jpg 200w, https:\/\/tomajazz.com\/web\/wp-content\/uploads\/2020\/08\/15_My-Hmbrgr-Brry-Gy-Joan-Cort\u00e8s_08oct11_23Jzzbr_Fortrss-d-Slss-83x55.jpg 83w, https:\/\/tomajazz.com\/web\/wp-content\/uploads\/2020\/08\/15_My-Hmbrgr-Brry-Gy-Joan-Cort\u00e8s_08oct11_23Jzzbr_Fortrss-d-Slss-60x40.jpg 60w, https:\/\/tomajazz.com\/web\/wp-content\/uploads\/2020\/08\/15_My-Hmbrgr-Brry-Gy-Joan-Cort\u00e8s_08oct11_23Jzzbr_Fortrss-d-Slss-120x80.jpg 120w\" sizes=\"auto, (max-width: 600px) 100vw, 600px\" \/><\/p>\n<p style=\"text-align: center;\">MAYA HOMBURGER &amp; BARRY GUY (d\u00fao \/ 08-oct-2011 \/ 23\u00e8me Jazz\u00e8bre, Forteresse de Salses, Salses -France-)<\/p>\n<p style=\"text-align: center;\"><img loading=\"lazy\" decoding=\"async\" class=\"aligncenter size-full wp-image-51558\" src=\"https:\/\/tomajazz.com\/web\/wp-content\/uploads\/2020\/08\/16_Fr-Rdcls-\u00a9Joan-Cort\u00e8s_27gen16_Ttr-CCCB_Smplr-Srs_Bcn.jpg\" alt=\"\" width=\"399\" height=\"600\" title=\"\" srcset=\"https:\/\/tomajazz.com\/web\/wp-content\/uploads\/2020\/08\/16_Fr-Rdcls-\u00a9Joan-Cort\u00e8s_27gen16_Ttr-CCCB_Smplr-Srs_Bcn.jpg 399w, https:\/\/tomajazz.com\/web\/wp-content\/uploads\/2020\/08\/16_Fr-Rdcls-\u00a9Joan-Cort\u00e8s_27gen16_Ttr-CCCB_Smplr-Srs_Bcn-200x300.jpg 200w, https:\/\/tomajazz.com\/web\/wp-content\/uploads\/2020\/08\/16_Fr-Rdcls-\u00a9Joan-Cort\u00e8s_27gen16_Ttr-CCCB_Smplr-Srs_Bcn-37x55.jpg 37w\" sizes=\"auto, (max-width: 399px) 100vw, 399px\" \/><\/p>\n<p style=\"text-align: center;\">AGUST\u00cd FERN\u00c1NDEZ &amp; BARRY GUY (Free Radicals, tr\u00edo con Peter Evans \/ Barcelona, 2016)\u00a0<a href=\"https:\/\/tomajazz.com\/web\/?p=22838\" target=\"_blank\" rel=\"noopener noreferrer\">https:\/\/tomajazz.com\/web\/?p=22838<\/a><\/p>\n<p style=\"text-align: right;\">Tomajazz: \u00a9\u00a0<strong>Joan Cort\u00e8s<\/strong>, 2020<\/p>\n","protected":false},"excerpt":{"rendered":"<p>Barry Guy, uno de los m\u00fasicos esenciales en la improvisaci\u00f3n libre europea, virtuoso del contrabajo, compositor e int\u00e9rprete en terrenos tan diversos como la m\u00fasica cl\u00e1sica y la creaci\u00f3n libre, es el protagonista del INSTANTZZ de Joan Cort\u00e8s. La galer\u00eda recoge 16 instant\u00e1neas (la mitad de ellas son in\u00e9ditas en Tomajazz), acompa\u00f1ado por grandes figuras de la impro libre: Agust\u00ed Fern\u00e1ndez, Peter Evans, Ram\u00f3n L\u00f3pez, Marilyn Crispell&#8230;<span class=\"more-link\"><a href=\"https:\/\/tomajazz.com\/web\/instantzz-barry-guy-monografico-galeria-fotografica-aka-fotoblog-de-jazz-impro-y-algo-mas\/\">Contin\u00faa leyendo<\/a><\/span><\/p>\n","protected":false},"author":1,"featured_media":51548,"comment_status":"open","ping_status":"closed","sticky":false,"template":"","format":"standard","meta":{"jetpack_post_was_ever_published":false,"_jetpack_newsletter_access":"","_jetpack_dont_email_post_to_subs":false,"_jetpack_newsletter_tier_id":0,"_jetpack_memberships_contains_paywalled_content":false,"_jetpack_memberships_contains_paid_content":false,"footnotes":""},"categories":[11262,17853,15516,11261,24817,1038],"tags":[283,1041],"class_list":["entry","author-pachi","has-excerpt","post-51537","post","type-post","status-publish","format-standard","has-post-thumbnail","category-photoblogs","category-joan-cortes","category-imagenes","category-instantzz","category-monograficos","category-contenidos","tag-barry-guy","tag-joan-cortes"],"jetpack_featured_media_url":"https:\/\/tomajazz.com\/web\/wp-content\/uploads\/2020\/08\/06_gst-Frndz-nsmbl-Joan-Cort\u00e8s_11jul19_Fndc-Mr_Fstvl-Grc_Bcn.jpg","jetpack_likes_enabled":true,"jetpack_sharing_enabled":true,"jetpack-related-posts":[{"id":92706,"url":"https:\/\/tomajazz.com\/web\/jordina-milla-barry-guy-mixtur-2024\/","url_meta":{"origin":51537,"position":0},"title":"Jordina Mill\u00e0 &#038; Barry Guy \u00abString Fables\u00bb (13\u00e8 Mixtur \/ ESMUC, Sala d\u2019Orquestra, 2024-10-13. Barcelona) [I] Por Joan Cort\u00e8s [INSTANTZZ AKA Galer\u00eda fotogr\u00e1fica AKA Fotoblog de jazz, impro\u2026 y algo m\u00e1s]","author":"Tomajazz","date":"5 diciembre, 2024","format":false,"excerpt":"Jordina Mill\u00e0 & Barry Guy \u00abString Fables\u00bb actuaron en el 13\u00e8 Mixtur de Barcelona, el 13 de octubre de 2024. Joan Cort\u00e8s los retrata en INSTANTZZ","rel":"","context":"En \u00ab13\u00e8 Mixtur 2024\u00bb","block_context":{"text":"13\u00e8 Mixtur 2024","link":"https:\/\/tomajazz.com\/web\/category\/contenidos\/especial-contenidos\/13e-mixtur-2024\/"},"img":{"alt_text":"Jordina Mill\u00e0 & Barry Guy \u00abString Fables\u00bb (13\u00e8 Mixtur \/ ESMUC, Sala d\u2019Orquestra, 2024-10-13. Barcelona) [I] Por Joan Cort\u00e8s [INSTANTZZ AKA Galer\u00eda fotogr\u00e1fica AKA Fotoblog de jazz, impro\u2026 y algo m\u00e1s] - Tomajazz - Jordina Mill\u00e0 & Barry Guy \u00abString Fables\u00bb actuaron en el 13\u00e8 Mixtur de Barcelona, el 13 de octubre de 2024. Joan Cort\u00e8s los retrata en INSTANTZZ","src":"https:\/\/i0.wp.com\/tomajazz.com\/web\/wp-content\/uploads\/2024\/12\/destacada-09-Jrdn-Mll-Brry-Gy-Photo-By-Joan-Cortes-13ctb24-Mxtr-Sl-rquestra-smc-Bcn-bn.jpg?resize=350%2C200&ssl=1","width":350,"height":200,"srcset":"https:\/\/i0.wp.com\/tomajazz.com\/web\/wp-content\/uploads\/2024\/12\/destacada-09-Jrdn-Mll-Brry-Gy-Photo-By-Joan-Cortes-13ctb24-Mxtr-Sl-rquestra-smc-Bcn-bn.jpg?resize=350%2C200&ssl=1 1x, https:\/\/i0.wp.com\/tomajazz.com\/web\/wp-content\/uploads\/2024\/12\/destacada-09-Jrdn-Mll-Brry-Gy-Photo-By-Joan-Cortes-13ctb24-Mxtr-Sl-rquestra-smc-Bcn-bn.jpg?resize=525%2C300&ssl=1 1.5x"},"classes":[]},{"id":95172,"url":"https:\/\/tomajazz.com\/web\/poetics-of-fro-lauditori-barna-2025\/","url_meta":{"origin":51537,"position":1},"title":"Poetics of Fr\u00f8 (L\u2019Auditori, 2025-01-18 \/ Barcelona) Por Joan Cort\u00e8s [INSTANTZZ AKA Galer\u00eda fotogr\u00e1fica AKA Fotoblog de jazz, impro\u2026 y algo m\u00e1s]","author":"Tomajazz","date":"20 marzo, 2025","format":false,"excerpt":"Poetics of Fr\u00f8 actu\u00f3 en L\u2019Auditori de Barcelona, el 18 de enero de 2025. Joan Cort\u00e8s retrata al tr\u00edo en INSTANTZZ. Poetics of Fr\u00f8 son Jordina Mill\u00e0, Barry Guy, Mats Gustafsson","rel":"","context":"En \u00abINSTANTZZ\u00bb","block_context":{"text":"INSTANTZZ","link":"https:\/\/tomajazz.com\/web\/category\/contenidos\/imagenes\/photoblogs\/instantzz\/"},"img":{"alt_text":"Poetics of Fr\u00f8 (L\u2019Auditori, 2025-01-18 \/ Barcelona) Por Joan Cort\u00e8s [INSTANTZZ AKA Galer\u00eda fotogr\u00e1fica AKA Fotoblog de jazz, impro\u2026 y algo m\u00e1s] - Tomajazz - Poetics of Fr\u00f8 actu\u00f3 en L\u2019Auditori de Barcelona, el 18 de enero de 2025. Joan Cort\u00e8s retrata al tr\u00edo en INSTANTZZ. Poetics of Fr\u00f8 son Jordina Mill\u00e0, Barry Guy, Mats Gustafsson","src":"https:\/\/i0.wp.com\/tomajazz.com\/web\/wp-content\/uploads\/2025\/03\/destacado-09-Mll-Gy-Gstfssn-Photo-By-Joan-Cortes-18gnr25-L-dtr-Bcn.jpg?resize=350%2C200&ssl=1","width":350,"height":200,"srcset":"https:\/\/i0.wp.com\/tomajazz.com\/web\/wp-content\/uploads\/2025\/03\/destacado-09-Mll-Gy-Gstfssn-Photo-By-Joan-Cortes-18gnr25-L-dtr-Bcn.jpg?resize=350%2C200&ssl=1 1x, https:\/\/i0.wp.com\/tomajazz.com\/web\/wp-content\/uploads\/2025\/03\/destacado-09-Mll-Gy-Gstfssn-Photo-By-Joan-Cortes-18gnr25-L-dtr-Bcn.jpg?resize=525%2C300&ssl=1 1.5x"},"classes":[]},{"id":30584,"url":"https:\/\/tomajazz.com\/web\/instantzz-for-beginners-with-barry-guy-joachim-baden-horst-ivo-sans-jamboree-festival-mixtur-barcelona-2017-04-05-galeria-fotografica\/","url_meta":{"origin":51537,"position":2},"title":"INSTANTZZ: For Beginners with Barry Guy, Joachim Baden-Horst &#038; Ivo Sans (Jamboree, Festival Mixtur. Barcelona. 2017-04-05) [Galer\u00eda fotogr\u00e1fica]","author":"Tomajazz","date":"18 mayo, 2017","format":false,"excerpt":"Fecha: Mi\u00e9rcoles, 5 de abril de 2017 Lugar: Jamboree (Barcelona) Grupo: For Beginners with Barry Guy, Joachim Baden-Horst & Ivo Sans Barry Guy, contrabajo Joachim Baden-Horst, clarinete y clarinete bajo Ivo Sans, bater\u00eda Tomajazz: \u00a9 Joan Cort\u00e8s, 2017","rel":"","context":"En \u00ab*_Joan Cort\u00e8s\u00bb","block_context":{"text":"*_Joan Cort\u00e8s","link":"https:\/\/tomajazz.com\/web\/category\/joan-cortes\/"},"img":{"alt_text":"","src":"https:\/\/i0.wp.com\/tomajazz.com\/web\/wp-content\/uploads\/2017\/05\/05__Brr-Gy-Jchm-BdnHrst-v-Sns.jpg?resize=350%2C200&ssl=1","width":350,"height":200,"srcset":"https:\/\/i0.wp.com\/tomajazz.com\/web\/wp-content\/uploads\/2017\/05\/05__Brr-Gy-Jchm-BdnHrst-v-Sns.jpg?resize=350%2C200&ssl=1 1x, https:\/\/i0.wp.com\/tomajazz.com\/web\/wp-content\/uploads\/2017\/05\/05__Brr-Gy-Jchm-BdnHrst-v-Sns.jpg?resize=525%2C300&ssl=1 1.5x"},"classes":[]},{"id":22838,"url":"https:\/\/tomajazz.com\/web\/instantzz-free-radicals-peter-evans-barry-guy-agusti-fernandez-teatre-cccb-sampler-series-barcelona-2016-01-27\/","url_meta":{"origin":51537,"position":3},"title":"INSTANTZZ: Free Radicals \/ Peter Evans-Barry Guy-Agust\u00ed Fern\u00e1ndez (Teatre CCCB, Sampler S\u00e8ries, Barcelona. 2016-01-27)","author":"Tomajazz","date":"31 marzo, 2016","format":false,"excerpt":"Fecha: Mi\u00e9rcoles, 27 de enero de 2016 Lugar: Teatro CCCB Componentes: Free Radicals Peter Evans, trompetas Barry Guy, contrabajo Agust\u00ed Fern\u00e1ndez, piano \u00a9 Joan Cort\u00e8s, 2015","rel":"","context":"En \u00ab*_Joan Cort\u00e8s\u00bb","block_context":{"text":"*_Joan Cort\u00e8s","link":"https:\/\/tomajazz.com\/web\/category\/joan-cortes\/"},"img":{"alt_text":"","src":"https:\/\/i0.wp.com\/tomajazz.com\/web\/wp-content\/uploads\/2016\/03\/07_Fr-Rdcls-%C2%A9Joan-Cort%C3%A8s_27gen16_Ttr-CCCB_Smplr-Srs_Bcn.jpg?resize=350%2C200&ssl=1","width":350,"height":200,"srcset":"https:\/\/i0.wp.com\/tomajazz.com\/web\/wp-content\/uploads\/2016\/03\/07_Fr-Rdcls-%C2%A9Joan-Cort%C3%A8s_27gen16_Ttr-CCCB_Smplr-Srs_Bcn.jpg?resize=350%2C200&ssl=1 1x, https:\/\/i0.wp.com\/tomajazz.com\/web\/wp-content\/uploads\/2016\/03\/07_Fr-Rdcls-%C2%A9Joan-Cort%C3%A8s_27gen16_Ttr-CCCB_Smplr-Srs_Bcn.jpg?resize=525%2C300&ssl=1 1.5x"},"classes":[]},{"id":30678,"url":"https:\/\/tomajazz.com\/web\/instantzz-barry-guy-concert-final-de-taller-dimprovisacio-fabra-i-coats-fabrica-de-creacio-festival-mixtur-barcelona-2017-04-08-galeria-fotografica\/","url_meta":{"origin":51537,"position":4},"title":"INSTANTZZ: Barry Guy \u2013Concert Final de Taller d\u2019Improvisaci\u00f3- (Fabra i Coats &#8211; F\u00e0brica de Creaci\u00f3, Festival Mixtur. Barcelona. 2017-04-08) [Galer\u00eda fotogr\u00e1fica]","author":"Tomajazz","date":"25 mayo, 2017","format":false,"excerpt":"Fecha: S\u00e1bado, 08 de abril de 2017 Lugar: Fabra i Coats - F\u00e0brica de Creaci\u00f3 (Barcelona) Grupo: Barry Guy \u2013Concert Final de Taller d\u2019Improvisaci\u00f3- Barry Guy, contrabajo de cinco cuerdas y direcci\u00f3n Celeste Al\u00edas, voz Beatriz Gij\u00f3n, voz Laia Armengol, piano Jivko Bratanov, piano Jordina Mill\u00e0 Benseny, piano Jes\u00fas Asenjo,\u2026","rel":"","context":"En \u00ab*_Joan Cort\u00e8s\u00bb","block_context":{"text":"*_Joan Cort\u00e8s","link":"https:\/\/tomajazz.com\/web\/category\/joan-cortes\/"},"img":{"alt_text":"","src":"https:\/\/i0.wp.com\/tomajazz.com\/web\/wp-content\/uploads\/2017\/05\/10_Brry-Gy-CFdT.jpg?resize=350%2C200&ssl=1","width":350,"height":200,"srcset":"https:\/\/i0.wp.com\/tomajazz.com\/web\/wp-content\/uploads\/2017\/05\/10_Brry-Gy-CFdT.jpg?resize=350%2C200&ssl=1 1x, https:\/\/i0.wp.com\/tomajazz.com\/web\/wp-content\/uploads\/2017\/05\/10_Brry-Gy-CFdT.jpg?resize=525%2C300&ssl=1 1.5x"},"classes":[]},{"id":50816,"url":"https:\/\/tomajazz.com\/web\/instantzz-agusti-fernandez-monografico-galeria-fotografica-aka-fotoblog-de-jazz-impro-y-algo-mas\/","url_meta":{"origin":51537,"position":5},"title":"INSTANTZZ: Agust\u00ed Fern\u00e1ndez (monogr\u00e1fico) [Galer\u00eda fotogr\u00e1fica AKA Fotoblog de jazz, impro&#8230; y algo m\u00e1s]","author":"Tomajazz","date":"11 junio, 2020","format":false,"excerpt":"Agust\u00ed Fern\u00e1ndez es el protagonista del primer especial de Joan Cort\u00e8s en INSTANTZZ. Este recoge 14 im\u00e1genes tomadas entre 2014 y 2020, en glorioso blanco y negro del pianista en distintas formaciones y proyectos, en todos los casos con unas magn\u00edficas compa\u00f1\u00edas.","rel":"","context":"En \u00abFotoblog - Galer\u00eda fotogr\u00e1fica\u00bb","block_context":{"text":"Fotoblog - Galer\u00eda fotogr\u00e1fica","link":"https:\/\/tomajazz.com\/web\/category\/contenidos\/imagenes\/photoblogs\/"},"img":{"alt_text":"","src":"https:\/\/i0.wp.com\/tomajazz.com\/web\/wp-content\/uploads\/2020\/06\/07_Fr-Rdcls-%C2%A9Joan-Cort%C3%A8s_27gen16_Ttr-CCCB_Smplr-Srs_Bcn_bn.jpg?resize=350%2C200&ssl=1","width":350,"height":200,"srcset":"https:\/\/i0.wp.com\/tomajazz.com\/web\/wp-content\/uploads\/2020\/06\/07_Fr-Rdcls-%C2%A9Joan-Cort%C3%A8s_27gen16_Ttr-CCCB_Smplr-Srs_Bcn_bn.jpg?resize=350%2C200&ssl=1 1x, https:\/\/i0.wp.com\/tomajazz.com\/web\/wp-content\/uploads\/2020\/06\/07_Fr-Rdcls-%C2%A9Joan-Cort%C3%A8s_27gen16_Ttr-CCCB_Smplr-Srs_Bcn_bn.jpg?resize=525%2C300&ssl=1 1.5x"},"classes":[]}],"_links":{"self":[{"href":"https:\/\/tomajazz.com\/web\/wp-json\/wp\/v2\/posts\/51537","targetHints":{"allow":["GET"]}}],"collection":[{"href":"https:\/\/tomajazz.com\/web\/wp-json\/wp\/v2\/posts"}],"about":[{"href":"https:\/\/tomajazz.com\/web\/wp-json\/wp\/v2\/types\/post"}],"author":[{"embeddable":true,"href":"https:\/\/tomajazz.com\/web\/wp-json\/wp\/v2\/users\/1"}],"replies":[{"embeddable":true,"href":"https:\/\/tomajazz.com\/web\/wp-json\/wp\/v2\/comments?post=51537"}],"version-history":[{"count":2,"href":"https:\/\/tomajazz.com\/web\/wp-json\/wp\/v2\/posts\/51537\/revisions"}],"predecessor-version":[{"id":51647,"href":"https:\/\/tomajazz.com\/web\/wp-json\/wp\/v2\/posts\/51537\/revisions\/51647"}],"wp:featuredmedia":[{"embeddable":true,"href":"https:\/\/tomajazz.com\/web\/wp-json\/wp\/v2\/media\/51548"}],"wp:attachment":[{"href":"https:\/\/tomajazz.com\/web\/wp-json\/wp\/v2\/media?parent=51537"}],"wp:term":[{"taxonomy":"category","embeddable":true,"href":"https:\/\/tomajazz.com\/web\/wp-json\/wp\/v2\/categories?post=51537"},{"taxonomy":"post_tag","embeddable":true,"href":"https:\/\/tomajazz.com\/web\/wp-json\/wp\/v2\/tags?post=51537"}],"curies":[{"name":"wp","href":"https:\/\/api.w.org\/{rel}","templated":true}]}}