{"id":51919,"date":"2020-09-02T10:00:46","date_gmt":"2020-09-02T08:00:46","guid":{"rendered":"https:\/\/www.tomajazz.com\/web\/?p=51919"},"modified":"2021-07-18T13:21:44","modified_gmt":"2021-07-18T11:21:44","slug":"belen-martin-y-javier-moreno-ganadores-de-las-iii-residencia-de-jazz-de-conde-duque-madrid-noticias-de-jazz","status":"publish","type":"post","link":"https:\/\/tomajazz.com\/web\/belen-martin-y-javier-moreno-ganadores-de-las-iii-residencia-de-jazz-de-conde-duque-madrid-noticias-de-jazz\/","title":{"rendered":"Bel\u00e9n Mart\u00edn y Javier Moreno, ganadores de las III Residencia de Jazz de Conde Duque (Madrid) [Noticias de jazz]"},"content":{"rendered":"<p>Nota de prensa:<\/p>\n<p style=\"text-align: center;\"><img loading=\"lazy\" decoding=\"async\" class=\"aligncenter size-full wp-image-44290\" src=\"https:\/\/tomajazz.com\/web\/wp-content\/uploads\/2019\/07\/Residencia-Jazz-Conde-Duque.jpg\" alt=\"\" width=\"420\" height=\"210\" title=\"\" srcset=\"https:\/\/tomajazz.com\/web\/wp-content\/uploads\/2019\/07\/Residencia-Jazz-Conde-Duque.jpg 420w, https:\/\/tomajazz.com\/web\/wp-content\/uploads\/2019\/07\/Residencia-Jazz-Conde-Duque-200x100.jpg 200w, https:\/\/tomajazz.com\/web\/wp-content\/uploads\/2019\/07\/Residencia-Jazz-Conde-Duque-110x55.jpg 110w\" sizes=\"auto, (max-width: 420px) 100vw, 420px\" \/><\/p>\n<p style=\"font-weight: 400;\"><strong>La joven saxofonista Bel\u00e9n Mart\u00edn y el contrabajista Javier\u00a0Moreno, ganadores de las III Residencia de Jazz de Conde Duque<\/strong><\/p>\n<p style=\"font-weight: 400;\">La int\u00e9rprete madrile\u00f1a de 23 a\u00f1os profundizar\u00e1 en las relaciones cruces que habitan entre las tradiciones del jazz y el flamenco, fruto de una investigaci\u00f3n personal realizada durante sus a\u00f1os de formaci\u00f3n<\/p>\n<p style=\"font-weight: 400;\">El contrabajista, con una larga trayectoria internacional, presentar\u00e1 con su Quinteto Capital una re\ufb02exi\u00f3n musical sobre el arraigo, que busca explorar una relaci\u00f3n directa entre or\u00edgenes, camino, b\u00fasqueda y vanguardia, realizando un viaje circular que empieza y termina en Madrid<\/p>\n<p style=\"font-weight: 400;\">Los resultados de su residencia se mostrar\u00e1n en sendos conciertos el 6 y 27 de noviembre, en el marco del Festival Internacional de Jazz de Madrid Jazzmadrid\u00b420<\/p>\n<p style=\"font-weight: 400;\">La saxofonista Bel\u00e9n Mart\u00edn (Madrid, 1997) y el contrabajista Javier\u00a0Moreno\u00a0(1976), ambos de Madrid, son los dos artistas seleccionados para participar en la III Convocatoria de Residencias Musicales de Conde Duque, en su modalidad de jazz. Ambos m\u00fasicos desarrollar\u00e1n una labor de investigaci\u00f3n est\u00e9tica, conceptual y sonora durante varias jornadas en el mes de noviembre, mostrando sus conclusiones el d\u00eda 6 (Bel\u00e9n Mart\u00edn) y el d\u00eda 27 (Javier\u00a0Moreno), en el marco igualmente del Festival Internacional de Jazz de Madrid Jazzmadrid\u00b420. La pareja se impuso sobre la treintena de inscripciones realizadas; la joven alto saxofonista en la categor\u00eda de m\u00fasicos menores de 35 a\u00f1os y el contrabajista en la modalidad sin limitaci\u00f3n de edad.<\/p>\n<p style=\"font-weight: 400;\">La tercera edici\u00f3n de este programa doble de residencias musicales busca reforzar la oferta de residencias y espacios de trabajo, as\u00ed como aumentar los recursos y el acompa\u00f1amiento institucional para grupos o artistas emergentes madrile\u00f1os o afincados en Madrid. Todo ello con el fin de facilitar y fomentar la producci\u00f3n y visibilidad de estos nuevos creadores y sus proyectos. La int\u00e9rprete madrile\u00f1a de 23 a\u00f1os profundizar\u00e1 en las relaciones cruces que habitan entre las tradiciones del jazz y el flamenco, fruto de una investigaci\u00f3n personal realizada durante sus a\u00f1os de formaci\u00f3n, mientras que Javier Moreno, con una larga trayectoria internacional, presentar\u00e1 con su Quinteto Capital una re\ufb02exi\u00f3n musical sobre el arraigo, que busca explorar una relaci\u00f3n directa entre or\u00edgenes, camino, b\u00fasqueda y vanguardia, realizando un viaje circular que empieza y termina en Madrid<\/p>\n<p style=\"font-weight: 400;\">El jurado estuvo formado por personal del dpto. de m\u00fasica del Cultura Contempor\u00e1nea Condeduque; el asesor de m\u00fasica de la CAM y director art\u00edstico del Festival Cl\u00e1sicos en Verano y el Festival Internacional de Arte Sacro, Pepe Mompe\u00e1n; el director art\u00edstico Dick Angstadt; y el periodista y director art\u00edstico de Jazzmadrid, Luis Mart\u00edn.<\/p>\n","protected":false},"excerpt":{"rendered":"<p>La joven saxofonista Bel\u00e9n Mart\u00edn y el contrabajista Javier\u00a0Moreno, son los m\u00fasicos ganadores de las III Residencia de Jazz de Conde Duque (Madrid).<span class=\"more-link\"><a href=\"https:\/\/tomajazz.com\/web\/belen-martin-y-javier-moreno-ganadores-de-las-iii-residencia-de-jazz-de-conde-duque-madrid-noticias-de-jazz\/\">Contin\u00faa leyendo<\/a><\/span><\/p>\n","protected":false},"author":1,"featured_media":44290,"comment_status":"open","ping_status":"closed","sticky":false,"template":"","format":"standard","meta":{"jetpack_post_was_ever_published":false,"_jetpack_newsletter_access":"","_jetpack_dont_email_post_to_subs":false,"_jetpack_newsletter_tier_id":0,"_jetpack_memberships_contains_paywalled_content":false,"_jetpack_memberships_contains_paid_content":false,"footnotes":""},"categories":[15795,17858,1038],"tags":[24848,5522,11856,15296],"class_list":["entry","author-pachi","has-excerpt","post-51919","post","type-post","status-publish","format-standard","has-post-thumbnail","category-noticias-2","category-redaccion","category-contenidos","tag-belen-martin","tag-javier-moreno","tag-noticias","tag-noticias-de-jazz"],"jetpack_featured_media_url":"https:\/\/tomajazz.com\/web\/wp-content\/uploads\/2019\/07\/Residencia-Jazz-Conde-Duque.jpg","jetpack_likes_enabled":true,"jetpack_sharing_enabled":true,"jetpack-related-posts":[{"id":55440,"url":"https:\/\/tomajazz.com\/web\/cesar-filiu-douglas-ganador-de-las-iv-residencias-de-jazz-conde-duque-madrid-noticias\/","url_meta":{"origin":51919,"position":0},"title":"C\u00e9sar Fili\u00fa Douglas, ganador de las IV residencias de jazz (Conde Duque, Madrid) [Noticias]","author":"Tomajazz","date":"12 julio, 2021","format":false,"excerpt":"El joven saxofonista cubano, residente desde hace a\u00f1os en Madrid, C\u00e9sar Fili\u00fa Douglas, ganador de las IV Residencias musicales de jazz de Condeduque","rel":"","context":"En \u00ab*_Redacci\u00f3n\u00bb","block_context":{"text":"*_Redacci\u00f3n","link":"https:\/\/tomajazz.com\/web\/category\/redaccion\/"},"img":{"alt_text":"","src":"https:\/\/i0.wp.com\/tomajazz.com\/web\/wp-content\/uploads\/2021\/07\/Foto-Cesar-Filiu-Douglas-R1_peq.png?resize=350%2C200&ssl=1","width":350,"height":200},"classes":[]},{"id":74491,"url":"https:\/\/tomajazz.com\/web\/vi-residencias-jazz-condeduque-2023\/","url_meta":{"origin":51919,"position":1},"title":"Convocatoria VI Residencias Jazz Condeduque 2023 (Madrid. Hasta el 21 de junio de 2023) [Noticias de jazz]","author":"Tomajazz","date":"3 junio, 2023","format":false,"excerpt":"El Centro de Cultura Contempor\u00e1nea Condeduque, del \u00c1rea de Cultura, Turismo y Deporte del Ayuntamiento de Madrid, ha abierto el plazo, un a\u00f1o m\u00e1s, para la recepci\u00f3n de las propuestas para participar en la Convocatoria VI Residencias Jazz Condeduque 2023, que finalizar\u00e1 a las 23:59 horas del mi\u00e9rcoles 21 de\u2026","rel":"","context":"En \u00abNoticias\u00bb","block_context":{"text":"Noticias","link":"https:\/\/tomajazz.com\/web\/category\/contenidos\/noticias-2\/"},"img":{"alt_text":"Convocatoria VI Residencias Jazz Condeduque 2023 (Madrid. Hasta el 21 de junio de 2023) [Noticias de jazz] - Tomajazz 9.0 - El Centro de Cultura Contempor\u00e1nea Condeduque, del \u00c1rea de Cultura, Turismo y Deporte del Ayuntamiento de Madrid, ha abierto el plazo, un a\u00f1o m\u00e1s, para la recepci\u00f3n de las propuestas para participar en la VI edici\u00f3n de sus residencias de jazz, que finalizar\u00e1 a las 23:59 horas del mi\u00e9rcoles 21 de junio de 2023.","src":"https:\/\/i0.wp.com\/tomajazz.com\/web\/wp-content\/uploads\/2023\/06\/VI-Residencias-de-Jazz-Condeduque-2023.jpg?resize=350%2C200&ssl=1","width":350,"height":200,"srcset":"https:\/\/i0.wp.com\/tomajazz.com\/web\/wp-content\/uploads\/2023\/06\/VI-Residencias-de-Jazz-Condeduque-2023.jpg?resize=350%2C200&ssl=1 1x, https:\/\/i0.wp.com\/tomajazz.com\/web\/wp-content\/uploads\/2023\/06\/VI-Residencias-de-Jazz-Condeduque-2023.jpg?resize=525%2C300&ssl=1 1.5x"},"classes":[]},{"id":37226,"url":"https:\/\/tomajazz.com\/web\/residencias-musicales-conde-duque-madrid-jazz-noticias\/","url_meta":{"origin":51919,"position":2},"title":"Residencias musicales Conde Duque (Madrid): Jazz [Noticias]","author":"Tomajazz","date":"11 junio, 2018","format":false,"excerpt":"Nota de prensa: El Centro Cultural Conde Duque pone en marcha una\u00a0primera convocatoria doble de su programa de residencias musicales, en esta ocasi\u00f3n sobre el g\u00e9nero de la m\u00fasica jazz debido a su vinculaci\u00f3n hist\u00f3rica con este espacio cultural. Cada residencia estar\u00e1 dotada econ\u00f3micamente con\u00a01.400 euros, as\u00ed como sus resultados\u2026","rel":"","context":"En \u00ab*_Redacci\u00f3n\u00bb","block_context":{"text":"*_Redacci\u00f3n","link":"https:\/\/tomajazz.com\/web\/category\/redaccion\/"},"img":{"alt_text":"","src":"https:\/\/i0.wp.com\/tomajazz.com\/web\/wp-content\/uploads\/2018\/06\/Conde-Duque-Residencias-musicales-jazz.png?resize=350%2C200&ssl=1","width":350,"height":200,"srcset":"https:\/\/i0.wp.com\/tomajazz.com\/web\/wp-content\/uploads\/2018\/06\/Conde-Duque-Residencias-musicales-jazz.png?resize=350%2C200&ssl=1 1x, https:\/\/i0.wp.com\/tomajazz.com\/web\/wp-content\/uploads\/2018\/06\/Conde-Duque-Residencias-musicales-jazz.png?resize=525%2C300&ssl=1 1.5x, https:\/\/i0.wp.com\/tomajazz.com\/web\/wp-content\/uploads\/2018\/06\/Conde-Duque-Residencias-musicales-jazz.png?resize=700%2C400&ssl=1 2x"},"classes":[]},{"id":44289,"url":"https:\/\/tomajazz.com\/web\/i-convocatorioa-para-programa-de-residencias-musicales-conde-duque-jazz-julio-2019-noticias\/","url_meta":{"origin":51919,"position":3},"title":"II Convocatoria para programa de residencias musicales Conde Duque Jazz (Julio 2019) [Noticias]","author":"Tomajazz","date":"11 julio, 2019","format":false,"excerpt":"Nota de prensa: El Centro Cultural Conde Duque ha puesto en marcha la segunda convocatoria doble de su programa de residencias musicales dedicadas al jazz, tras el \u00e9xito cosechado en su primera edici\u00f3n. Cada residencia est\u00e1 dotada econ\u00f3micamente con 1.400 euros, y sus resultados se estrenar\u00e1n en la programaci\u00f3n jazz\u00edstica\u2026","rel":"","context":"En \u00ab*_Redacci\u00f3n\u00bb","block_context":{"text":"*_Redacci\u00f3n","link":"https:\/\/tomajazz.com\/web\/category\/redaccion\/"},"img":{"alt_text":"","src":"https:\/\/i0.wp.com\/tomajazz.com\/web\/wp-content\/uploads\/2019\/07\/Residencia-Jazz-Conde-Duque.jpg?resize=350%2C200&ssl=1","width":350,"height":200},"classes":[]},{"id":50942,"url":"https:\/\/tomajazz.com\/web\/residencias-musicales-de-jazz-2020-2021-noticias\/","url_meta":{"origin":51919,"position":4},"title":"Residencias musicales de jazz 2020-2021 [Noticias]","author":"Tomajazz","date":"3 julio, 2020","format":false,"excerpt":"Al igual que en a\u00f1os anteriores, Conde Duque (Madrid) convoca sus residencias musicales de jazz 2020-2021. El plazo de presentaci\u00f3n de solicitudes estar\u00e1 abierto hasta el domingo 19 de julio de 2020.","rel":"","context":"En \u00abNoticias\u00bb","block_context":{"text":"Noticias","link":"https:\/\/tomajazz.com\/web\/category\/contenidos\/noticias-2\/"},"img":{"alt_text":"","src":"https:\/\/i0.wp.com\/tomajazz.com\/web\/wp-content\/uploads\/2019\/07\/Residencia-Jazz-Conde-Duque.jpg?resize=350%2C200&ssl=1","width":350,"height":200},"classes":[]},{"id":47192,"url":"https:\/\/tomajazz.com\/web\/lucia-rey-laser-kids-conciertos-residencias-de-jazz-jazzmadrid19-27-y-30-de-noviembre-de-2019-noticias\/","url_meta":{"origin":51919,"position":5},"title":"Luc\u00eda Rey &#8211; L\u00e1ser Kids: Conciertos Residencias de Jazz (JazzMadrid19. 27 y 30 de noviembre de 2019) [Noticias]","author":"Tomajazz","date":"18 noviembre, 2019","format":false,"excerpt":"Los d\u00edas 27 (Luc\u00eda Rey), y 30 (L\u00e1ser Kids) de noviembre, actuar\u00e1n los dos grupos seleccionados en la II Convocatoria de Residencias Musicales Conde Duque Jazz, dentro de la programaci\u00f3n de JazzMadrid19.","rel":"","context":"En \u00ab*_Redacci\u00f3n\u00bb","block_context":{"text":"*_Redacci\u00f3n","link":"https:\/\/tomajazz.com\/web\/category\/redaccion\/"},"img":{"alt_text":"","src":"https:\/\/i0.wp.com\/tomajazz.com\/web\/wp-content\/uploads\/2019\/07\/Residencia-Jazz-Conde-Duque.jpg?resize=350%2C200&ssl=1","width":350,"height":200},"classes":[]}],"_links":{"self":[{"href":"https:\/\/tomajazz.com\/web\/wp-json\/wp\/v2\/posts\/51919","targetHints":{"allow":["GET"]}}],"collection":[{"href":"https:\/\/tomajazz.com\/web\/wp-json\/wp\/v2\/posts"}],"about":[{"href":"https:\/\/tomajazz.com\/web\/wp-json\/wp\/v2\/types\/post"}],"author":[{"embeddable":true,"href":"https:\/\/tomajazz.com\/web\/wp-json\/wp\/v2\/users\/1"}],"replies":[{"embeddable":true,"href":"https:\/\/tomajazz.com\/web\/wp-json\/wp\/v2\/comments?post=51919"}],"version-history":[{"count":2,"href":"https:\/\/tomajazz.com\/web\/wp-json\/wp\/v2\/posts\/51919\/revisions"}],"predecessor-version":[{"id":51921,"href":"https:\/\/tomajazz.com\/web\/wp-json\/wp\/v2\/posts\/51919\/revisions\/51921"}],"wp:featuredmedia":[{"embeddable":true,"href":"https:\/\/tomajazz.com\/web\/wp-json\/wp\/v2\/media\/44290"}],"wp:attachment":[{"href":"https:\/\/tomajazz.com\/web\/wp-json\/wp\/v2\/media?parent=51919"}],"wp:term":[{"taxonomy":"category","embeddable":true,"href":"https:\/\/tomajazz.com\/web\/wp-json\/wp\/v2\/categories?post=51919"},{"taxonomy":"post_tag","embeddable":true,"href":"https:\/\/tomajazz.com\/web\/wp-json\/wp\/v2\/tags?post=51919"}],"curies":[{"name":"wp","href":"https:\/\/api.w.org\/{rel}","templated":true}]}}