{"id":52120,"date":"2020-09-17T12:00:24","date_gmt":"2020-09-17T10:00:24","guid":{"rendered":"https:\/\/www.tomajazz.com\/web\/?p=52120"},"modified":"2020-09-16T22:17:39","modified_gmt":"2020-09-16T20:17:39","slug":"instantzz-dan-tepfer-monografico-galeria-fotografica-aka-fotoblog-de-jazz-impro-y-algo-mas-por-joan-cortes","status":"publish","type":"post","link":"https:\/\/tomajazz.com\/web\/instantzz-dan-tepfer-monografico-galeria-fotografica-aka-fotoblog-de-jazz-impro-y-algo-mas-por-joan-cortes\/","title":{"rendered":"INSTANTZZ: Dan Tepfer (monogr\u00e1fico) [Galer\u00eda fotogr\u00e1fica AKA Fotoblog de jazz, impro&#8230; y algo m\u00e1s] Por Joan Cort\u00e8s"},"content":{"rendered":"<ul>\n<li>Fecha: de marzo de 2008 a marzo de 2016 (anotadas en cada imagen).<\/li>\n<li>Lugar: escenarios y localidades diferentes (especificados en cada fotograf\u00eda).<\/li>\n<li>Componentes: las formaciones est\u00e1n detalladas en los enlaces correspondientes (excepto las fotos 01, 03, 06 y 10 que son in\u00e9ditas)<\/li>\n<\/ul>\n<p style=\"text-align: center;\"><img loading=\"lazy\" decoding=\"async\" class=\"aligncenter size-full wp-image-52121\" src=\"https:\/\/tomajazz.com\/web\/wp-content\/uploads\/2020\/09\/01_DnTpfr_VrcnsGlbrg-Joan-Cortes_12mar08_Vstbl-Ttr-dtr_Snt-Cgt.jpg\" alt=\"\" width=\"399\" height=\"600\" title=\"\" srcset=\"https:\/\/tomajazz.com\/web\/wp-content\/uploads\/2020\/09\/01_DnTpfr_VrcnsGlbrg-Joan-Cortes_12mar08_Vstbl-Ttr-dtr_Snt-Cgt.jpg 399w, https:\/\/tomajazz.com\/web\/wp-content\/uploads\/2020\/09\/01_DnTpfr_VrcnsGlbrg-Joan-Cortes_12mar08_Vstbl-Ttr-dtr_Snt-Cgt-200x300.jpg 200w\" sizes=\"auto, (max-width: 399px) 100vw, 399px\" \/><\/p>\n<p style=\"text-align: center;\">DAN TEPFER (Goldberg Variations &#8211; Variations \/ 12-marzo-2008, 31\u00e8 Festival Jazz Terrassa, Vest\u00edbul Teatre Auditori Sant Cugat \/ Sant Cugat -Barcelona-)<\/p>\n<p style=\"text-align: center;\"><em>\u00a0<img loading=\"lazy\" decoding=\"async\" class=\"aligncenter size-full wp-image-52122\" src=\"https:\/\/tomajazz.com\/web\/wp-content\/uploads\/2020\/09\/02_Dn-Tpfr-Bn-Wndl_Joan-Cortes_24jul13_\u00a9Joan-Cortes_Jamboree_Bcn.jpg\" alt=\"\" width=\"600\" height=\"399\" title=\"\" srcset=\"https:\/\/tomajazz.com\/web\/wp-content\/uploads\/2020\/09\/02_Dn-Tpfr-Bn-Wndl_Joan-Cortes_24jul13_\u00a9Joan-Cortes_Jamboree_Bcn.jpg 600w, https:\/\/tomajazz.com\/web\/wp-content\/uploads\/2020\/09\/02_Dn-Tpfr-Bn-Wndl_Joan-Cortes_24jul13_\u00a9Joan-Cortes_Jamboree_Bcn-200x133.jpg 200w, https:\/\/tomajazz.com\/web\/wp-content\/uploads\/2020\/09\/02_Dn-Tpfr-Bn-Wndl_Joan-Cortes_24jul13_\u00a9Joan-Cortes_Jamboree_Bcn-60x40.jpg 60w, https:\/\/tomajazz.com\/web\/wp-content\/uploads\/2020\/09\/02_Dn-Tpfr-Bn-Wndl_Joan-Cortes_24jul13_\u00a9Joan-Cortes_Jamboree_Bcn-120x80.jpg 120w\" sizes=\"auto, (max-width: 600px) 100vw, 600px\" \/><\/em><\/p>\n<p style=\"text-align: center;\">DAN TEPFER &amp; BEN WENDEL (<em>Small Constructions<\/em> -d\u00fao- \/ Jamboree \/ Barcelona, 2013)\u00a0<a href=\"https:\/\/tomajazz.com\/web\/?p=7938\" target=\"_blank\" rel=\"noopener noreferrer\"><em>https:\/\/tomajazz.com\/web\/?p=7938<\/em><\/a><\/p>\n<p style=\"text-align: center;\"><img loading=\"lazy\" decoding=\"async\" class=\"aligncenter size-full wp-image-52123\" src=\"https:\/\/tomajazz.com\/web\/wp-content\/uploads\/2020\/09\/03_LKntz-DnTpfr-Joan-Cortes_21nov13_Jmbr_Bcn.jpg\" alt=\"\" width=\"600\" height=\"399\" title=\"\" srcset=\"https:\/\/tomajazz.com\/web\/wp-content\/uploads\/2020\/09\/03_LKntz-DnTpfr-Joan-Cortes_21nov13_Jmbr_Bcn.jpg 600w, https:\/\/tomajazz.com\/web\/wp-content\/uploads\/2020\/09\/03_LKntz-DnTpfr-Joan-Cortes_21nov13_Jmbr_Bcn-200x133.jpg 200w, https:\/\/tomajazz.com\/web\/wp-content\/uploads\/2020\/09\/03_LKntz-DnTpfr-Joan-Cortes_21nov13_Jmbr_Bcn-60x40.jpg 60w, https:\/\/tomajazz.com\/web\/wp-content\/uploads\/2020\/09\/03_LKntz-DnTpfr-Joan-Cortes_21nov13_Jmbr_Bcn-120x80.jpg 120w\" sizes=\"auto, (max-width: 600px) 100vw, 600px\" \/><\/p>\n<p style=\"text-align: center;\">LEE KONITZ &amp; DAN TEPFER (d\u00fao \/ 21-noviembre-2013, Jamboree \/ Barcelona)<\/p>\n<p style=\"text-align: center;\"><img loading=\"lazy\" decoding=\"async\" class=\"aligncenter size-full wp-image-52124\" src=\"https:\/\/tomajazz.com\/web\/wp-content\/uploads\/2020\/09\/04_DnTpfr-DvdDrzk-\u00a9Joan-Cortes_23mar16_JzzDck_Prg.jpg\" alt=\"\" width=\"401\" height=\"600\" title=\"\" srcset=\"https:\/\/tomajazz.com\/web\/wp-content\/uploads\/2020\/09\/04_DnTpfr-DvdDrzk-\u00a9Joan-Cortes_23mar16_JzzDck_Prg.jpg 401w, https:\/\/tomajazz.com\/web\/wp-content\/uploads\/2020\/09\/04_DnTpfr-DvdDrzk-\u00a9Joan-Cortes_23mar16_JzzDck_Prg-200x300.jpg 200w\" sizes=\"auto, (max-width: 401px) 100vw, 401px\" \/><\/p>\n<p style=\"text-align: center;\">DAN TEPFER (d\u00fao con David Dor\u016f\u017eka\/ Praga -Rep\u00fablica Checa-, 2016)\u00a0<a href=\"https:\/\/tomajazz.com\/web\/?p=24823\" target=\"_blank\" rel=\"noopener noreferrer\"><em>https:\/\/tomajazz.com\/web\/?p=24823<\/em><\/a><\/p>\n<p style=\"text-align: center;\"><img loading=\"lazy\" decoding=\"async\" class=\"aligncenter size-full wp-image-52125\" src=\"https:\/\/tomajazz.com\/web\/wp-content\/uploads\/2020\/09\/05_LKntz-Qrtt-Joan-Cortes_15nov2014_Jmbr_Bcn.jpg\" alt=\"\" width=\"600\" height=\"399\" title=\"\" srcset=\"https:\/\/tomajazz.com\/web\/wp-content\/uploads\/2020\/09\/05_LKntz-Qrtt-Joan-Cortes_15nov2014_Jmbr_Bcn.jpg 600w, https:\/\/tomajazz.com\/web\/wp-content\/uploads\/2020\/09\/05_LKntz-Qrtt-Joan-Cortes_15nov2014_Jmbr_Bcn-200x133.jpg 200w, https:\/\/tomajazz.com\/web\/wp-content\/uploads\/2020\/09\/05_LKntz-Qrtt-Joan-Cortes_15nov2014_Jmbr_Bcn-60x40.jpg 60w, https:\/\/tomajazz.com\/web\/wp-content\/uploads\/2020\/09\/05_LKntz-Qrtt-Joan-Cortes_15nov2014_Jmbr_Bcn-120x80.jpg 120w\" sizes=\"auto, (max-width: 600px) 100vw, 600px\" \/><\/p>\n<p style=\"text-align: center;\">DAN TEPFER, LEE KONITZ, JEREMY STRATTON &amp; GEORGE SCHULLER (Lee Konitz Quartet \/ Barcelona, 2014)\u00a0<a href=\"https:\/\/tomajazz.com\/web\/?p=15645\" target=\"_blank\" rel=\"noopener noreferrer\"><em>https:\/\/tomajazz.com\/web\/?p=15645<\/em><\/a><\/p>\n<p style=\"text-align: center;\"><img loading=\"lazy\" decoding=\"async\" class=\"aligncenter size-full wp-image-52126\" src=\"https:\/\/tomajazz.com\/web\/wp-content\/uploads\/2020\/09\/06_1DnTpfr_VrcnsGlbrg-Joan-Cortes_12mar08_Vstbl-Ttr-dtr_Snt-Cgt.jpg\" alt=\"\" width=\"600\" height=\"399\" title=\"\" srcset=\"https:\/\/tomajazz.com\/web\/wp-content\/uploads\/2020\/09\/06_1DnTpfr_VrcnsGlbrg-Joan-Cortes_12mar08_Vstbl-Ttr-dtr_Snt-Cgt.jpg 600w, https:\/\/tomajazz.com\/web\/wp-content\/uploads\/2020\/09\/06_1DnTpfr_VrcnsGlbrg-Joan-Cortes_12mar08_Vstbl-Ttr-dtr_Snt-Cgt-200x133.jpg 200w, https:\/\/tomajazz.com\/web\/wp-content\/uploads\/2020\/09\/06_1DnTpfr_VrcnsGlbrg-Joan-Cortes_12mar08_Vstbl-Ttr-dtr_Snt-Cgt-60x40.jpg 60w, https:\/\/tomajazz.com\/web\/wp-content\/uploads\/2020\/09\/06_1DnTpfr_VrcnsGlbrg-Joan-Cortes_12mar08_Vstbl-Ttr-dtr_Snt-Cgt-120x80.jpg 120w\" sizes=\"auto, (max-width: 600px) 100vw, 600px\" \/><\/p>\n<p style=\"text-align: center;\">DAN TEPFER (Goldberg Variations &#8211; Variations \/ 12-marzo-2008, 31\u00e8 Festival Jazz Terrassa, Vest\u00edbul Teatre Auditori Sant Cugat \/ Sant Cugat -Barcelona-)<\/p>\n<p style=\"text-align: center;\"><img loading=\"lazy\" decoding=\"async\" class=\"aligncenter size-full wp-image-52127\" src=\"https:\/\/tomajazz.com\/web\/wp-content\/uploads\/2020\/09\/07_DnTpfr-BnWndl_Joan-Cortes_24jul13_\u00a9Joan-Cortes_Jamboree_Bcn.jpg\" alt=\"\" width=\"399\" height=\"600\" title=\"\" srcset=\"https:\/\/tomajazz.com\/web\/wp-content\/uploads\/2020\/09\/07_DnTpfr-BnWndl_Joan-Cortes_24jul13_\u00a9Joan-Cortes_Jamboree_Bcn.jpg 399w, https:\/\/tomajazz.com\/web\/wp-content\/uploads\/2020\/09\/07_DnTpfr-BnWndl_Joan-Cortes_24jul13_\u00a9Joan-Cortes_Jamboree_Bcn-200x300.jpg 200w\" sizes=\"auto, (max-width: 399px) 100vw, 399px\" \/><\/p>\n<p style=\"text-align: center;\">BEN WENDEL &amp; DAN TEPFER (<em>Small Constructions<\/em> -d\u00fao- \/ Jamboree \/ Barcelona, 2013)\u00a0<a href=\"https:\/\/tomajazz.com\/web\/?p=7938\" target=\"_blank\" rel=\"noopener noreferrer\"><em>https:\/\/tomajazz.com\/web\/?p=7938<\/em><\/a><\/p>\n<p style=\"text-align: center;\"><img loading=\"lazy\" decoding=\"async\" class=\"aligncenter size-full wp-image-52128\" src=\"https:\/\/tomajazz.com\/web\/wp-content\/uploads\/2020\/09\/08_LKntzQrtt-Joan-Cortes_15nov2014_Jmbr_Bcn.jpg\" alt=\"\" width=\"600\" height=\"399\" title=\"\" srcset=\"https:\/\/tomajazz.com\/web\/wp-content\/uploads\/2020\/09\/08_LKntzQrtt-Joan-Cortes_15nov2014_Jmbr_Bcn.jpg 600w, https:\/\/tomajazz.com\/web\/wp-content\/uploads\/2020\/09\/08_LKntzQrtt-Joan-Cortes_15nov2014_Jmbr_Bcn-200x133.jpg 200w, https:\/\/tomajazz.com\/web\/wp-content\/uploads\/2020\/09\/08_LKntzQrtt-Joan-Cortes_15nov2014_Jmbr_Bcn-60x40.jpg 60w, https:\/\/tomajazz.com\/web\/wp-content\/uploads\/2020\/09\/08_LKntzQrtt-Joan-Cortes_15nov2014_Jmbr_Bcn-120x80.jpg 120w\" sizes=\"auto, (max-width: 600px) 100vw, 600px\" \/><\/p>\n<p style=\"text-align: center;\">DAN TEPFER (Lee Konitz Quartet \/ Barcelona<em>, <\/em>2014)\u00a0<a href=\"https:\/\/tomajazz.com\/web\/?p=15645\" target=\"_blank\" rel=\"noopener noreferrer\"><em>https:\/\/tomajazz.com\/web\/?p=15645<\/em><\/a><\/p>\n<p style=\"text-align: center;\"><em>\u00a0<img loading=\"lazy\" decoding=\"async\" class=\"aligncenter size-full wp-image-52129\" src=\"https:\/\/tomajazz.com\/web\/wp-content\/uploads\/2020\/09\/09_DnTpfr-DvdDrzk-\u00a9Joan-Cortes_23mar16_JzzDck_Prg.jpg\" alt=\"\" width=\"600\" height=\"401\" title=\"\" srcset=\"https:\/\/tomajazz.com\/web\/wp-content\/uploads\/2020\/09\/09_DnTpfr-DvdDrzk-\u00a9Joan-Cortes_23mar16_JzzDck_Prg.jpg 600w, https:\/\/tomajazz.com\/web\/wp-content\/uploads\/2020\/09\/09_DnTpfr-DvdDrzk-\u00a9Joan-Cortes_23mar16_JzzDck_Prg-200x134.jpg 200w, https:\/\/tomajazz.com\/web\/wp-content\/uploads\/2020\/09\/09_DnTpfr-DvdDrzk-\u00a9Joan-Cortes_23mar16_JzzDck_Prg-60x40.jpg 60w, https:\/\/tomajazz.com\/web\/wp-content\/uploads\/2020\/09\/09_DnTpfr-DvdDrzk-\u00a9Joan-Cortes_23mar16_JzzDck_Prg-120x80.jpg 120w\" sizes=\"auto, (max-width: 600px) 100vw, 600px\" \/><\/em><\/p>\n<p style=\"text-align: center;\">DAN TEPFER &amp; DAVID DOR\u016e\u017dKA (d\u00fao \/ Praga -Rep\u00fablica Checa- 2016)\u00a0<a href=\"https:\/\/tomajazz.com\/web\/?p=24823\" target=\"_blank\" rel=\"noopener noreferrer\"><em>https:\/\/tomajazz.com\/web\/?p=24823<\/em><\/a><\/p>\n<p style=\"text-align: center;\"><img loading=\"lazy\" decoding=\"async\" class=\"aligncenter size-full wp-image-52130\" src=\"https:\/\/tomajazz.com\/web\/wp-content\/uploads\/2020\/09\/10_DnTpfr-Joan-Cortes_21nov2013_Jmbrr_Bcn.jpg\" alt=\"\" width=\"600\" height=\"399\" title=\"\" srcset=\"https:\/\/tomajazz.com\/web\/wp-content\/uploads\/2020\/09\/10_DnTpfr-Joan-Cortes_21nov2013_Jmbrr_Bcn.jpg 600w, https:\/\/tomajazz.com\/web\/wp-content\/uploads\/2020\/09\/10_DnTpfr-Joan-Cortes_21nov2013_Jmbrr_Bcn-200x133.jpg 200w, https:\/\/tomajazz.com\/web\/wp-content\/uploads\/2020\/09\/10_DnTpfr-Joan-Cortes_21nov2013_Jmbrr_Bcn-60x40.jpg 60w, https:\/\/tomajazz.com\/web\/wp-content\/uploads\/2020\/09\/10_DnTpfr-Joan-Cortes_21nov2013_Jmbrr_Bcn-120x80.jpg 120w\" sizes=\"auto, (max-width: 600px) 100vw, 600px\" \/><\/p>\n<p style=\"text-align: center;\">DAN TEPFER (d\u00fao con Lee Konitz \/ 21-noviembre-2013, Jamboree \/ Barcelona)<\/p>\n<p style=\"text-align: center;\"><img loading=\"lazy\" decoding=\"async\" class=\"aligncenter size-full wp-image-52131\" src=\"https:\/\/tomajazz.com\/web\/wp-content\/uploads\/2020\/09\/11_DnTpfr-DvdDrzk-\u00a9Joan-Cortes_23mar16_JzzDck_Prg.jpg\" alt=\"\" width=\"401\" height=\"600\" title=\"\" srcset=\"https:\/\/tomajazz.com\/web\/wp-content\/uploads\/2020\/09\/11_DnTpfr-DvdDrzk-\u00a9Joan-Cortes_23mar16_JzzDck_Prg.jpg 401w, https:\/\/tomajazz.com\/web\/wp-content\/uploads\/2020\/09\/11_DnTpfr-DvdDrzk-\u00a9Joan-Cortes_23mar16_JzzDck_Prg-200x300.jpg 200w\" sizes=\"auto, (max-width: 401px) 100vw, 401px\" \/><\/p>\n<p style=\"text-align: center;\">DAN TEPFER (d\u00fao con David Dor\u016f\u017eka\/ Praga -Rep\u00fablica Checa-, 2016)\u00a0<a href=\"https:\/\/tomajazz.com\/web\/?p=24823\" target=\"_blank\" rel=\"noopener noreferrer\"><em>https:\/\/tomajazz.com\/web\/?p=24823<\/em><\/a><\/p>\n<p style=\"text-align: right;\">Tomajazz: \u00a9\u00a0<strong>Joan Cort\u00e8s<\/strong>, 2020<\/p>\n","protected":false},"excerpt":{"rendered":"<p>Once im\u00e1genes (cuatro de ellas in\u00e9ditas), aparecen en el monogr\u00e1fico de INSTANTZZ que Joan Cort\u00e8s dedica a Dan Tepfer. <span class=\"more-link\"><a href=\"https:\/\/tomajazz.com\/web\/instantzz-dan-tepfer-monografico-galeria-fotografica-aka-fotoblog-de-jazz-impro-y-algo-mas-por-joan-cortes\/\">Contin\u00faa leyendo<\/a><\/span><\/p>\n","protected":false},"author":1,"featured_media":52126,"comment_status":"open","ping_status":"closed","sticky":false,"template":"","format":"standard","meta":{"jetpack_post_was_ever_published":false,"_jetpack_newsletter_access":"","_jetpack_dont_email_post_to_subs":false,"_jetpack_newsletter_tier_id":0,"_jetpack_memberships_contains_paywalled_content":false,"_jetpack_memberships_contains_paid_content":false,"footnotes":""},"categories":[11261,17853,11262,15516,24817,1038],"tags":[],"class_list":["entry","author-pachi","has-excerpt","post-52120","post","type-post","status-publish","format-standard","has-post-thumbnail","category-instantzz","category-joan-cortes","category-photoblogs","category-imagenes","category-monograficos","category-contenidos"],"jetpack_featured_media_url":"https:\/\/tomajazz.com\/web\/wp-content\/uploads\/2020\/09\/06_1DnTpfr_VrcnsGlbrg-Joan-Cortes_12mar08_Vstbl-Ttr-dtr_Snt-Cgt.jpg","jetpack_likes_enabled":true,"jetpack_sharing_enabled":true,"jetpack-related-posts":[{"id":24823,"url":"https:\/\/tomajazz.com\/web\/instantzz-dan-tepfer-david-doruzka-jazz-dock-praga-republica-checa-2016-03-23\/","url_meta":{"origin":52120,"position":0},"title":"INSTANTZZ: Dan Tepfer &#038; David Dor\u016f\u017eka (Jazz Dock, Praga -Rep\u00fablica Checa-. 2016-03-23)","author":"Tomajazz","date":"9 junio, 2016","format":false,"excerpt":"Fecha: Mi\u00e9rcoles, 23 de marzo de 2016 Lugar: : Jazz Dock (Praga, Rep\u00fablica Checa) Componentes: Dan Tepfer & David Dor\u016f\u017eka Dan Tepfer, piano David Dor\u016f\u017eka, guitara ac\u00fastica y el\u00e9ctrica \u00a9 Joan Cort\u00e8s, 2016","rel":"","context":"En \u00ab*_Joan Cort\u00e8s\u00bb","block_context":{"text":"*_Joan Cort\u00e8s","link":"https:\/\/tomajazz.com\/web\/category\/joan-cortes\/"},"img":{"alt_text":"","src":"https:\/\/i0.wp.com\/tomajazz.com\/web\/wp-content\/uploads\/2016\/06\/07_Dn-Tpfr-Dvd-Drzk-%C2%A9Joan-Cort%C3%A8s_23mar16_JzzDck_Prg.jpg?resize=350%2C200&ssl=1","width":350,"height":200,"srcset":"https:\/\/i0.wp.com\/tomajazz.com\/web\/wp-content\/uploads\/2016\/06\/07_Dn-Tpfr-Dvd-Drzk-%C2%A9Joan-Cort%C3%A8s_23mar16_JzzDck_Prg.jpg?resize=350%2C200&ssl=1 1x, https:\/\/i0.wp.com\/tomajazz.com\/web\/wp-content\/uploads\/2016\/06\/07_Dn-Tpfr-Dvd-Drzk-%C2%A9Joan-Cort%C3%A8s_23mar16_JzzDck_Prg.jpg?resize=525%2C300&ssl=1 1.5x"},"classes":[]},{"id":9556,"url":"https:\/\/tomajazz.com\/web\/imatjazz-dan-tepfer\/","url_meta":{"origin":52120,"position":1},"title":"IMATJAZZ: Dan Tepfer","author":"Tomajazz","date":"4 diciembre, 2013","format":false,"excerpt":"Dan Tepfer Lee Konitz & Dan Tepfer Jamboree Jazz Club Festival 2013 Jamboree, Barcelona. 2013-11-21 \u00a9 Joan Cort\u00e8s, 2013","rel":"","context":"En \u00ab*_Joan Cort\u00e8s\u00bb","block_context":{"text":"*_Joan Cort\u00e8s","link":"https:\/\/tomajazz.com\/web\/category\/joan-cortes\/"},"img":{"alt_text":"IMJ024_DAN TEPFER (\u00a9Joan Cort\u00e8s)_21nov13_Lee Konitz&Dan Tepfer_Jamboree","src":"https:\/\/i0.wp.com\/www.tomajazz.com\/web\/wp-content\/uploads\/2013\/12\/IMJ024_DAN-TEPFER-%C2%A9Joan-Cort%C3%A8s_21nov13_Lee-KonitzDan-Tepfer_Jamboree.jpg?resize=350%2C200","width":350,"height":200},"classes":[]},{"id":15645,"url":"https:\/\/tomajazz.com\/web\/instantzz-lee-konitz-quartet-2o-san-miguel-jamboree-jazz-club-festival-jamboree-barcelona-2014-11-15\/","url_meta":{"origin":52120,"position":2},"title":"INSTANTZZ: Lee Konitz Quartet (2\u00ba San Miguel Jamboree Jazz Club Festival, Jamboree, Barcelona. 2014-11-15)","author":"Tomajazz","date":"25 noviembre, 2014","format":false,"excerpt":"2\u00ba San Miguel Jamboree Jazz Club Festival Lee Konitz Quartet Fecha: S\u00e1bado, 15 de noviembre de 2014 Lugar: Jamboree (Barcelona) Componentes: Lee Konitz, saxo alto Dan Tepfer, piano Jeremy Stratton, contrabajo George Schuller, bater\u00eda Fotograf\u00edas: \u00a9 Joan Cort\u00e8s, 2014","rel":"","context":"En \u00ab*_Joan Cort\u00e8s\u00bb","block_context":{"text":"*_Joan Cort\u00e8s","link":"https:\/\/tomajazz.com\/web\/category\/joan-cortes\/"},"img":{"alt_text":"","src":"https:\/\/i0.wp.com\/tomajazz.com\/web\/wp-content\/uploads\/2014\/11\/07_LK4t-u00A9Joan-Cortu00E8s_15nov14_2SMJJCF_Jamboree.jpg?resize=350%2C200&ssl=1","width":350,"height":200},"classes":[]},{"id":105099,"url":"https:\/\/tomajazz.com\/web\/la-macanita-flamenc-on-2026\/","url_meta":{"origin":52120,"position":3},"title":"La Macanita (Flamenc-ON 2026 \/ Teatre Sagarra, 2026-03-14 \/ Santa Coloma de Gramanet -Barcelona-) [y II] Por Joan Cort\u00e8s [Flamencuras AKA INSTANTZZ AKA Galer\u00eda fotogr\u00e1fica AKA Fotoblog de jazz, impro\u2026 y algo m\u00e1s]","author":"Tomajazz","date":"28 abril, 2026","format":false,"excerpt":"La Macanita actu\u00f3 en Flamenc-ON 2026, en Santa Coloma de Gramanet -Barcelona-, el 14 de marzo de 2026. Joan Cort\u00e8s lo retrata en las Flamencuras de INSTANTZZ. Actuaron La Macanita, Jos\u00e9 Valencia, Chicharito de J\u00e9rez, Manuel Macano","rel":"","context":"En \u00abFlamencuras\u00bb","block_context":{"text":"Flamencuras","link":"https:\/\/tomajazz.com\/web\/category\/contenidos\/imagenes\/photoblogs\/flamencuras\/"},"img":{"alt_text":"La Macanita (Flamenc-ON 2026 \/ Teatre Sagarra, 2026-03-14 \/ Santa Coloma de Gramanet -Barcelona-) [y II] Por Joan Cort\u00e8s [Flamencuras AKA INSTANTZZ AKA Galer\u00eda fotogr\u00e1fica AKA Fotoblog de jazz, impro\u2026 y algo m\u00e1s] - Tomajazz - La Macanita actu\u00f3 en Flamenc-ON 2026, en Santa Coloma de Gramanet -Barcelona-, el 14 de marzo de 2026. Joan Cort\u00e8s lo retrata en las Flamencuras de INSTANTZZ. Actuaron La Macanita, Jos\u00e9 Valencia, Chicharito de J\u00e9rez, Manuel Macano\n","src":"https:\/\/i0.wp.com\/tomajazz.com\/web\/wp-content\/uploads\/2026\/04\/destacado-09-L-Mcnt-Photo-by-Joan-Cortes-14mrc26-Flmnc-n-TS-SCGr.jpg?resize=350%2C200&ssl=1","width":350,"height":200,"srcset":"https:\/\/i0.wp.com\/tomajazz.com\/web\/wp-content\/uploads\/2026\/04\/destacado-09-L-Mcnt-Photo-by-Joan-Cortes-14mrc26-Flmnc-n-TS-SCGr.jpg?resize=350%2C200&ssl=1 1x, https:\/\/i0.wp.com\/tomajazz.com\/web\/wp-content\/uploads\/2026\/04\/destacado-09-L-Mcnt-Photo-by-Joan-Cortes-14mrc26-Flmnc-n-TS-SCGr.jpg?resize=525%2C300&ssl=1 1.5x"},"classes":[]},{"id":105062,"url":"https:\/\/tomajazz.com\/web\/duquende-flamenc-on-2026\/","url_meta":{"origin":52120,"position":4},"title":"Duquende (Flamenc-ON 2026 \/ Teatre Sagarra, 2026-03-14 \/ Santa Coloma de Gramenet -Barcelona-) [I] Por Joan Cort\u00e8s [Flamencuras AKA INSTANTZZ AKA Galer\u00eda fotogr\u00e1fica AKA Fotoblog de jazz, impro\u2026 y algo m\u00e1s]","author":"Tomajazz","date":"26 abril, 2026","format":false,"excerpt":"Duquende actu\u00f3 en Flamenc-ON 2026 de Santa Coloma de Gramenet, Barcelona, el 14 de marzo de 2026. Joan Cort\u00e8s lo retrata en las Flamencuras de INSTANTZZ. Actuaron Duquende, Jos\u00e9 Andr\u00e9s Cort\u00e9s, Juan Mateos, Diego Amaya, Sergio de Finizio","rel":"","context":"En \u00abFlamenc-ON 2026\u00bb","block_context":{"text":"Flamenc-ON 2026","link":"https:\/\/tomajazz.com\/web\/category\/contenidos\/especial-contenidos\/flamenc-on-2026\/"},"img":{"alt_text":"Duquende (Flamenc-ON 2026 \/ Teatre Sagarra, 2026-03-14 \/ Santa Coloma de Gramenet -Barcelona-) [I] Por Joan Cort\u00e8s [Flamencuras AKA INSTANTZZ AKA Galer\u00eda fotogr\u00e1fica AKA Fotoblog de jazz, impro\u2026 y algo m\u00e1s] - Tomajazz - Duquende actu\u00f3 en Flamenc-ON 2026 de Santa Coloma de Gramenet, Barcelona, el 14 de marzo de 2026. Joan Cort\u00e8s lo retrata en las Flamencuras de INSTANTZZ. Actuaron Duquende, Jos\u00e9 Andr\u00e9s Cort\u00e9s, Juan Mateos, Diego Amaya, Sergio de Finizio\n","src":"https:\/\/i0.wp.com\/tomajazz.com\/web\/wp-content\/uploads\/2026\/04\/destacada-07-Dqnd-Photo-by-Joan-Cortes-14mrc26-Flmnc-n-TS-SCGr.jpg?resize=350%2C200&ssl=1","width":350,"height":200,"srcset":"https:\/\/i0.wp.com\/tomajazz.com\/web\/wp-content\/uploads\/2026\/04\/destacada-07-Dqnd-Photo-by-Joan-Cortes-14mrc26-Flmnc-n-TS-SCGr.jpg?resize=350%2C200&ssl=1 1x, https:\/\/i0.wp.com\/tomajazz.com\/web\/wp-content\/uploads\/2026\/04\/destacada-07-Dqnd-Photo-by-Joan-Cortes-14mrc26-Flmnc-n-TS-SCGr.jpg?resize=525%2C300&ssl=1 1.5x"},"classes":[]},{"id":103886,"url":"https:\/\/tomajazz.com\/web\/2025-en-25-imagenes-2\/","url_meta":{"origin":52120,"position":5},"title":"2025 en 25 im\u00e1genes -jazz, improvisaci\u00f3n y flamenco- (segunda parte) Por Joan Cort\u00e8s [INSTANTZZ AKA Galer\u00eda fotogr\u00e1fica AKA Fotoblog de jazz, impro\u2026 y algo m\u00e1s]","author":"Tomajazz","date":"3 febrero, 2026","format":false,"excerpt":"2025 en 25 im\u00e1genes -jazz, improvisaci\u00f3n y flamenco- )en esta ocasi\u00f3n con la segunda parte) es un cl\u00e1sico de Joan Cort\u00e8s cada inicio de a\u00f1o en INSTANTZZ","rel":"","context":"En \u00abINSTANTZZ\u00bb","block_context":{"text":"INSTANTZZ","link":"https:\/\/tomajazz.com\/web\/category\/contenidos\/imagenes\/photoblogs\/instantzz\/"},"img":{"alt_text":"2025 en 25 im\u00e1genes -jazz, improvisaci\u00f3n y flamenco- (segunda parte) Por Joan Cort\u00e8s [INSTANTZZ AKA Galer\u00eda fotogr\u00e1fica AKA Fotoblog de jazz, impro\u2026 y algo m\u00e1s] - Tomajazz - 2025 en 25 im\u00e1genes -jazz, improvisaci\u00f3n y flamenco- )en esta ocasi\u00f3n con la segunda parte) es un cl\u00e1sico de Joan Cort\u00e8s cada inicio de a\u00f1o en INSTANTZZ","src":"https:\/\/i0.wp.com\/tomajazz.com\/web\/wp-content\/uploads\/2026\/02\/destacada-22-Blsr-Dcrt-Brn-Photo-by-Joan-Cortes-20nvm25-JzzCv-Vc.jpg?resize=350%2C200&ssl=1","width":350,"height":200,"srcset":"https:\/\/i0.wp.com\/tomajazz.com\/web\/wp-content\/uploads\/2026\/02\/destacada-22-Blsr-Dcrt-Brn-Photo-by-Joan-Cortes-20nvm25-JzzCv-Vc.jpg?resize=350%2C200&ssl=1 1x, https:\/\/i0.wp.com\/tomajazz.com\/web\/wp-content\/uploads\/2026\/02\/destacada-22-Blsr-Dcrt-Brn-Photo-by-Joan-Cortes-20nvm25-JzzCv-Vc.jpg?resize=525%2C300&ssl=1 1.5x"},"classes":[]}],"_links":{"self":[{"href":"https:\/\/tomajazz.com\/web\/wp-json\/wp\/v2\/posts\/52120","targetHints":{"allow":["GET"]}}],"collection":[{"href":"https:\/\/tomajazz.com\/web\/wp-json\/wp\/v2\/posts"}],"about":[{"href":"https:\/\/tomajazz.com\/web\/wp-json\/wp\/v2\/types\/post"}],"author":[{"embeddable":true,"href":"https:\/\/tomajazz.com\/web\/wp-json\/wp\/v2\/users\/1"}],"replies":[{"embeddable":true,"href":"https:\/\/tomajazz.com\/web\/wp-json\/wp\/v2\/comments?post=52120"}],"version-history":[{"count":1,"href":"https:\/\/tomajazz.com\/web\/wp-json\/wp\/v2\/posts\/52120\/revisions"}],"predecessor-version":[{"id":52132,"href":"https:\/\/tomajazz.com\/web\/wp-json\/wp\/v2\/posts\/52120\/revisions\/52132"}],"wp:featuredmedia":[{"embeddable":true,"href":"https:\/\/tomajazz.com\/web\/wp-json\/wp\/v2\/media\/52126"}],"wp:attachment":[{"href":"https:\/\/tomajazz.com\/web\/wp-json\/wp\/v2\/media?parent=52120"}],"wp:term":[{"taxonomy":"category","embeddable":true,"href":"https:\/\/tomajazz.com\/web\/wp-json\/wp\/v2\/categories?post=52120"},{"taxonomy":"post_tag","embeddable":true,"href":"https:\/\/tomajazz.com\/web\/wp-json\/wp\/v2\/tags?post=52120"}],"curies":[{"name":"wp","href":"https:\/\/api.w.org\/{rel}","templated":true}]}}