{"id":52196,"date":"2020-09-22T11:00:43","date_gmt":"2020-09-22T09:00:43","guid":{"rendered":"https:\/\/www.tomajazz.com\/web\/?p=52196"},"modified":"2021-07-18T13:21:42","modified_gmt":"2021-07-18T11:21:42","slug":"48e-cicle-de-jazz-al-casino-25-de-septiembre-al-18-de-diciembre-de-2020-granollers-barcelona-noticias-de-jazz","status":"publish","type":"post","link":"https:\/\/tomajazz.com\/web\/48e-cicle-de-jazz-al-casino-25-de-septiembre-al-18-de-diciembre-de-2020-granollers-barcelona-noticias-de-jazz\/","title":{"rendered":"48\u00e8 Cicle de Jazz al Casino (25 de septiembre al 18 de diciembre de 2020. Granollers, Barcelona) [Noticias de jazz]"},"content":{"rendered":"<p>Por\u00a0<strong>Redacci\u00f3n<\/strong>.<\/p>\n<p style=\"text-align: center;\"><img loading=\"lazy\" decoding=\"async\" class=\"aligncenter size-large wp-image-52197\" src=\"https:\/\/tomajazz.com\/web\/wp-content\/uploads\/2020\/09\/Cartel_48eCicle-de-JazzGranollers_2020-600x398.jpg\" alt=\"\" width=\"600\" height=\"398\" title=\"\" srcset=\"https:\/\/tomajazz.com\/web\/wp-content\/uploads\/2020\/09\/Cartel_48eCicle-de-JazzGranollers_2020-600x398.jpg 600w, https:\/\/tomajazz.com\/web\/wp-content\/uploads\/2020\/09\/Cartel_48eCicle-de-JazzGranollers_2020-200x133.jpg 200w, https:\/\/tomajazz.com\/web\/wp-content\/uploads\/2020\/09\/Cartel_48eCicle-de-JazzGranollers_2020-768x509.jpg 768w, https:\/\/tomajazz.com\/web\/wp-content\/uploads\/2020\/09\/Cartel_48eCicle-de-JazzGranollers_2020-60x40.jpg 60w, https:\/\/tomajazz.com\/web\/wp-content\/uploads\/2020\/09\/Cartel_48eCicle-de-JazzGranollers_2020-120x80.jpg 120w, https:\/\/tomajazz.com\/web\/wp-content\/uploads\/2020\/09\/Cartel_48eCicle-de-JazzGranollers_2020.jpg 1358w\" sizes=\"auto, (max-width: 600px) 100vw, 600px\" \/><\/p>\n<p>Entre el 25 de septiembre y el 18 de diciembre de 2020 tendr\u00e1 lugar el 48\u00e8 Cicle de Jazz al Casino en Granollers.<br \/>\nTodos los conciertos se realizar\u00e1n con las medidas de aforo reducido seg\u00fan la normativa vigente de Covid-19.<br \/>\n<strong>Calendario de actuaciones.<\/strong><br \/>\n25 de septiembre. Raquel Herreros 4tet \/ Smooth Trio<br \/>\n2 de octubre. Smack Dab<br \/>\n16 de octubre. Llu\u00eds Coloma Trio<br \/>\n23 de octubre. Mar Sarra Grup<br \/>\n30 de octubre. Llu\u00eds Vidal &amp; David Xirgu<br \/>\n6 de noviembre. Magal\u00ed Sare &amp; Manel Forti\u00e0<br \/>\n13 de noviembre. Alba Careta Group<br \/>\n20 de noviembre. Mart\u00ed Ventura<br \/>\n27 de noviembre. Mart\u00ed Serra Quartet<br \/>\n11 de diciembre. Roger Mas Trio + Laia Cagigal<br \/>\n18 de diciembre. V\u00edctor Bocanegra Quartet<br \/>\nToda la informaci\u00f3n disponible en <a href=\"http:\/\/jazzgranollers.com\/\" target=\"_blank\" rel=\"noopener noreferrer\">http:\/\/jazzgranollers.com\/<\/a><\/p>\n","protected":false},"excerpt":{"rendered":"<p>Entre el 25 de septiembre y el 18 de diciembre de 2020 tendr\u00e1 lugar el 48\u00e8 Cicle de Jazz al Casino en Granollers. <span class=\"more-link\"><a href=\"https:\/\/tomajazz.com\/web\/48e-cicle-de-jazz-al-casino-25-de-septiembre-al-18-de-diciembre-de-2020-granollers-barcelona-noticias-de-jazz\/\">Contin\u00faa leyendo<\/a><\/span><\/p>\n","protected":false},"author":1,"featured_media":52197,"comment_status":"open","ping_status":"closed","sticky":false,"template":"","format":"standard","meta":{"jetpack_post_was_ever_published":false,"_jetpack_newsletter_access":"","_jetpack_dont_email_post_to_subs":false,"_jetpack_newsletter_tier_id":0,"_jetpack_memberships_contains_paywalled_content":false,"_jetpack_memberships_contains_paid_content":false,"footnotes":""},"categories":[15795,17858,1038],"tags":[11856,15296],"class_list":["entry","author-pachi","has-excerpt","post-52196","post","type-post","status-publish","format-standard","has-post-thumbnail","category-noticias-2","category-redaccion","category-contenidos","tag-noticias","tag-noticias-de-jazz"],"jetpack_featured_media_url":"https:\/\/tomajazz.com\/web\/wp-content\/uploads\/2020\/09\/Cartel_48eCicle-de-JazzGranollers_2020.jpg","jetpack_likes_enabled":true,"jetpack_sharing_enabled":true,"jetpack-related-posts":[{"id":45869,"url":"https:\/\/tomajazz.com\/web\/47o-ciclo-jazz-en-el-casino-granollers-20-de-septiembre-al-27-de-diciembre-de-2019-noticias\/","url_meta":{"origin":52196,"position":0},"title":"47\u00ba Ciclo Jazz en el Casino (Granollers. 20 de septiembre al 27 de diciembre de 2019) [Noticias]","author":"Tomajazz","date":"20 septiembre, 2019","format":false,"excerpt":"Por\u00a0Redacci\u00f3n. Entre el 20 de septiembre y el 27 de diciembre tendr\u00e1 lugar la 47\u00aa Edici\u00f3n del Ciclo Jazz en el Casino en Granollers. Programaci\u00f3n Viernes 20 de Septiembre, 22:00 Alfons Bertran Quintet Presenta: Schnitzel Time Viernes 27 de Septiembre, 22:00 Jaume Vilaseca Sextet Presenta: Jazznessis III Viernes 4 de\u2026","rel":"","context":"En \u00ab*_Redacci\u00f3n\u00bb","block_context":{"text":"*_Redacci\u00f3n","link":"https:\/\/tomajazz.com\/web\/category\/redaccion\/"},"img":{"alt_text":"47\u00ba Ciclo Jazz en el Casino (Granollers. 20 de septiembre al 27 de diciembre de 2019) [Noticias]","src":"https:\/\/i0.wp.com\/tomajazz.com\/web\/wp-content\/uploads\/2019\/09\/47-Cicle-de-Jazz-Al-Casino-Granollers-2019_peq.png?resize=350%2C200&ssl=1","width":350,"height":200},"classes":[]},{"id":57446,"url":"https:\/\/tomajazz.com\/web\/49e-cicle-jazz-granollers-1-de-octubre-al-17-de-diciembre-de-2021-noticias-de-jazz\/","url_meta":{"origin":52196,"position":1},"title":"49\u00e8 Cicle Jazz Granollers (1 de octubre al 17 de diciembre de 2021) [Noticias de jazz]","author":"Tomajazz","date":"30 septiembre, 2021","format":false,"excerpt":"Durante los meses de octubre, noviembre y diciembre de 2021, tendr\u00e1 lugar todos los viernes el 49\u00e8 Cicle Jazz Granollers.","rel":"","context":"En \u00ab*_Redacci\u00f3n\u00bb","block_context":{"text":"*_Redacci\u00f3n","link":"https:\/\/tomajazz.com\/web\/category\/redaccion\/"},"img":{"alt_text":"","src":"https:\/\/i0.wp.com\/tomajazz.com\/web\/wp-content\/uploads\/2021\/09\/JazzGranollers2021.png?resize=350%2C200&ssl=1","width":350,"height":200,"srcset":"https:\/\/i0.wp.com\/tomajazz.com\/web\/wp-content\/uploads\/2021\/09\/JazzGranollers2021.png?resize=350%2C200&ssl=1 1x, https:\/\/i0.wp.com\/tomajazz.com\/web\/wp-content\/uploads\/2021\/09\/JazzGranollers2021.png?resize=525%2C300&ssl=1 1.5x, https:\/\/i0.wp.com\/tomajazz.com\/web\/wp-content\/uploads\/2021\/09\/JazzGranollers2021.png?resize=700%2C400&ssl=1 2x, https:\/\/i0.wp.com\/tomajazz.com\/web\/wp-content\/uploads\/2021\/09\/JazzGranollers2021.png?resize=1050%2C600&ssl=1 3x"},"classes":[]},{"id":78996,"url":"https:\/\/tomajazz.com\/web\/51e-cicle-jazz-granollers-2023\/","url_meta":{"origin":52196,"position":2},"title":"51\u00e8 Cicle Jazz Granollers 2023 (Granollers, Barcelona. 29 de septiembre al 15 de diciembre de 2023) [Noticias de jazz]","author":"Tomajazz","date":"29 septiembre, 2023","format":false,"excerpt":"Entre el 29 de septiembre y el 15 de diciembre de 2023, tendr\u00e1 lugar en Granollers (Barcelona), el 51\u00e8 Cicle Jazz Granollers 2023 #Ciclodejazz #FestivalDeJazz #Festivalesdejazz #Noticiasdejazz","rel":"","context":"En \u00abFestivales Jazz Oto\u00f1o - Invierno 2023 - 2024\u00bb","block_context":{"text":"Festivales Jazz Oto\u00f1o - Invierno 2023 - 2024","link":"https:\/\/tomajazz.com\/web\/category\/contenidos\/noticias-2\/festivales-jazz-otono-invierno-2023-2024\/"},"img":{"alt_text":"51\u00e8 Cicle Jazz Granollers 2023 (Granollers, Barcelona. 29 de septiembre al 15 de diciembre de 2023) [Noticias de jazz] - Tomajazz 9.0 - Entre el 29 de septiembre y el 15 de diciembre de 2023, tendr\u00e1 lugar en Granollers (Barcelona), el 51\u00e8 Cicle Jazz Granollers 2023 #Ciclodejazz #FestivalDeJazz #Festivalesdejazz #Noticiasdejazz","src":"https:\/\/i0.wp.com\/tomajazz.com\/web\/wp-content\/uploads\/2023\/09\/51-Cicle-Jazz-Granollers-2023-Tomajazz-Noticias.jpg?resize=350%2C200&ssl=1","width":350,"height":200,"srcset":"https:\/\/i0.wp.com\/tomajazz.com\/web\/wp-content\/uploads\/2023\/09\/51-Cicle-Jazz-Granollers-2023-Tomajazz-Noticias.jpg?resize=350%2C200&ssl=1 1x, https:\/\/i0.wp.com\/tomajazz.com\/web\/wp-content\/uploads\/2023\/09\/51-Cicle-Jazz-Granollers-2023-Tomajazz-Noticias.jpg?resize=525%2C300&ssl=1 1.5x"},"classes":[]},{"id":103512,"url":"https:\/\/tomajazz.com\/web\/36-jazz-granollers-festival-2026\/","url_meta":{"origin":52196,"position":3},"title":"36 Jazz Granollers Festival 2026 (del 23 de enero al 27 de marzo 2026. Granollers, Barcelona) [Noticias de jazz]","author":"Tomajazz","date":"18 enero, 2026","format":false,"excerpt":"El 36\u00e8 Jazz Granollers Festival 2026 se celebrar\u00e1 del 23 de enero al 27 de marzo de 2026 con quince jornadas y actuaciones de Lluc Casares, Irene Reig, Alba Careta, Marco Mezquida y m\u00e1s #Noticiasdejazz","rel":"","context":"En \u00ab36 Jazz Granollers Festival 2026\u00bb","block_context":{"text":"36 Jazz Granollers Festival 2026","link":"https:\/\/tomajazz.com\/web\/category\/contenidos\/especial-contenidos\/36-jazz-granollers-festival-2026\/"},"img":{"alt_text":"36 Jazz Granollers Festival 2026 (del 23 de enero al 27 de marzo 2026. Granollers, Barcelona) [Noticias de jazz] - Tomajazz - El 36\u00e8 Jazz Granollers Festival 2026 se celebrar\u00e1 del 23 de enero al 27 de marzo de 2026 con quince jornadas y actuaciones de Lluc Casares, Irene Reig, Alba Careta, Marco Mezquida y m\u00e1s #Noticiasdejazz","src":"https:\/\/i0.wp.com\/tomajazz.com\/web\/wp-content\/uploads\/2026\/01\/Cartell-36e-Jazz-Granollers-Festival-2026.jpg?resize=350%2C200&ssl=1","width":350,"height":200,"srcset":"https:\/\/i0.wp.com\/tomajazz.com\/web\/wp-content\/uploads\/2026\/01\/Cartell-36e-Jazz-Granollers-Festival-2026.jpg?resize=350%2C200&ssl=1 1x, https:\/\/i0.wp.com\/tomajazz.com\/web\/wp-content\/uploads\/2026\/01\/Cartell-36e-Jazz-Granollers-Festival-2026.jpg?resize=525%2C300&ssl=1 1.5x, https:\/\/i0.wp.com\/tomajazz.com\/web\/wp-content\/uploads\/2026\/01\/Cartell-36e-Jazz-Granollers-Festival-2026.jpg?resize=700%2C400&ssl=1 2x"},"classes":[]},{"id":26205,"url":"https:\/\/tomajazz.com\/web\/44e-jazz-al-casino-de-granollers-del-23-de-septiembre-al-30-de-diciembre-de-2016-granollers-barcelona-noticias\/","url_meta":{"origin":52196,"position":4},"title":"44\u00e8 Jazz al Casino de Granollers (del 23 de septiembre al 30 de diciembre de 2016. Granollers, Barcelona) [Noticias]","author":"Tomajazz","date":"6 septiembre, 2016","format":false,"excerpt":"Los viernes desde el 23 de septiembre hasta el 30 de diciembre de 2016 tendr\u00e1 lugar en 44\u00e8 Jazz al Casino de Granollers.","rel":"","context":"En \u00ab*_Redacci\u00f3n\u00bb","block_context":{"text":"*_Redacci\u00f3n","link":"https:\/\/tomajazz.com\/web\/category\/redaccion\/"},"img":{"alt_text":"","src":"https:\/\/i0.wp.com\/tomajazz.com\/web\/wp-content\/uploads\/2016\/09\/44%C3%A8-Jazzz-al-casino-de-Granollers-2016.jpg?resize=350%2C200&ssl=1","width":350,"height":200,"srcset":"https:\/\/i0.wp.com\/tomajazz.com\/web\/wp-content\/uploads\/2016\/09\/44%C3%A8-Jazzz-al-casino-de-Granollers-2016.jpg?resize=350%2C200&ssl=1 1x, https:\/\/i0.wp.com\/tomajazz.com\/web\/wp-content\/uploads\/2016\/09\/44%C3%A8-Jazzz-al-casino-de-Granollers-2016.jpg?resize=525%2C300&ssl=1 1.5x"},"classes":[]},{"id":105012,"url":"https:\/\/tomajazz.com\/web\/lage-lund-trio-granollers-2026\/","url_meta":{"origin":52196,"position":5},"title":"Lage Lund Trio (36\u00e8 Jazz Granollers Festival \/ Casino, 2026-03-13 \/ Granollers -Barcelona-) [y III] Por Joan Cort\u00e8s [INSTANTZZ AKA Galer\u00eda fotogr\u00e1fica AKA Fotoblog de jazz, impro\u2026 y algo m\u00e1s]","author":"Tomajazz","date":"23 abril, 2026","format":false,"excerpt":"Lage Lund Trio actu\u00f3 en el 36\u00e8 Jazz Granollers Festival, el 13 de marzo de 2026. Joan Cort\u00e8s lo retrata en INSTANTZZ. Lage Lund Trio son Lage Lund, Orlando Le Fleming, Greg Hutchinson","rel":"","context":"En \u00ab36 Jazz Granollers Festival 2026\u00bb","block_context":{"text":"36 Jazz Granollers Festival 2026","link":"https:\/\/tomajazz.com\/web\/category\/contenidos\/especial-contenidos\/36-jazz-granollers-festival-2026\/"},"img":{"alt_text":"Lage Lund Trio (36\u00e8 Jazz Granollers Festival \/ Casino, 2026-03-13 \/ Granollers -Barcelona-) [y III] Por Joan Cort\u00e8s [INSTANTZZ AKA Galer\u00eda fotogr\u00e1fica AKA Fotoblog de jazz, impro\u2026 y algo m\u00e1s] - Tomajazz - Lage Lund Trio actu\u00f3 en el 36\u00e8 Jazz Granollers Festival, el 13 de marzo de 2026. Joan Cort\u00e8s lo retrata en INSTANTZZ. Lage Lund Trio son Lage Lund, Orlando Le Fleming, Greg Hutchinson","src":"https:\/\/i0.wp.com\/tomajazz.com\/web\/wp-content\/uploads\/2026\/04\/destacada-02-Lg-Lnd-Photo-by-Joan-Cortes-13mrc26-36JGF-Csn-Gr-bn.jpg?resize=350%2C200&ssl=1","width":350,"height":200,"srcset":"https:\/\/i0.wp.com\/tomajazz.com\/web\/wp-content\/uploads\/2026\/04\/destacada-02-Lg-Lnd-Photo-by-Joan-Cortes-13mrc26-36JGF-Csn-Gr-bn.jpg?resize=350%2C200&ssl=1 1x, https:\/\/i0.wp.com\/tomajazz.com\/web\/wp-content\/uploads\/2026\/04\/destacada-02-Lg-Lnd-Photo-by-Joan-Cortes-13mrc26-36JGF-Csn-Gr-bn.jpg?resize=525%2C300&ssl=1 1.5x"},"classes":[]}],"_links":{"self":[{"href":"https:\/\/tomajazz.com\/web\/wp-json\/wp\/v2\/posts\/52196","targetHints":{"allow":["GET"]}}],"collection":[{"href":"https:\/\/tomajazz.com\/web\/wp-json\/wp\/v2\/posts"}],"about":[{"href":"https:\/\/tomajazz.com\/web\/wp-json\/wp\/v2\/types\/post"}],"author":[{"embeddable":true,"href":"https:\/\/tomajazz.com\/web\/wp-json\/wp\/v2\/users\/1"}],"replies":[{"embeddable":true,"href":"https:\/\/tomajazz.com\/web\/wp-json\/wp\/v2\/comments?post=52196"}],"version-history":[{"count":2,"href":"https:\/\/tomajazz.com\/web\/wp-json\/wp\/v2\/posts\/52196\/revisions"}],"predecessor-version":[{"id":52199,"href":"https:\/\/tomajazz.com\/web\/wp-json\/wp\/v2\/posts\/52196\/revisions\/52199"}],"wp:featuredmedia":[{"embeddable":true,"href":"https:\/\/tomajazz.com\/web\/wp-json\/wp\/v2\/media\/52197"}],"wp:attachment":[{"href":"https:\/\/tomajazz.com\/web\/wp-json\/wp\/v2\/media?parent=52196"}],"wp:term":[{"taxonomy":"category","embeddable":true,"href":"https:\/\/tomajazz.com\/web\/wp-json\/wp\/v2\/categories?post=52196"},{"taxonomy":"post_tag","embeddable":true,"href":"https:\/\/tomajazz.com\/web\/wp-json\/wp\/v2\/tags?post=52196"}],"curies":[{"name":"wp","href":"https:\/\/api.w.org\/{rel}","templated":true}]}}