{"id":52246,"date":"2020-09-24T12:00:17","date_gmt":"2020-09-24T10:00:17","guid":{"rendered":"https:\/\/www.tomajazz.com\/web\/?p=52246"},"modified":"2020-09-23T22:31:33","modified_gmt":"2020-09-23T20:31:33","slug":"instantzz-you-32eme-festival-jazzebre-soiree-de-presentation-du-festival-la-casa-musicale-perpignan-france-2020-09-11-galeria-fotografica-aka-fotoblog-de-jazz-impro-y-algo-mas-por-jo","status":"publish","type":"post","link":"https:\/\/tomajazz.com\/web\/instantzz-you-32eme-festival-jazzebre-soiree-de-presentation-du-festival-la-casa-musicale-perpignan-france-2020-09-11-galeria-fotografica-aka-fotoblog-de-jazz-impro-y-algo-mas-por-jo\/","title":{"rendered":"INSTANTZZ: You (32\u00e8me Festival Jazz\u00e8bre -soir\u00e9e de pr\u00e9sentation du festival- \/ La Casa Musicale, Perpignan -France-.  2020-09-11) [Galer\u00eda fotogr\u00e1fica AKA Fotoblog de jazz, impro&#8230; y algo m\u00e1s] Por Joan Cort\u00e8s"},"content":{"rendered":"<ul>\n<li>Fecha: Viernes, 11 de setiembre de 2020<\/li>\n<li>Lugar: La Casa Musicale (Perpignan -France-)<\/li>\n<li>Grupo:<br \/>\n<strong>You<br \/>\n<\/strong>Linda Ol\u00e1h, voz<br \/>\nGuillaume Magne, guitarra<br \/>\nHelo\u00efse Divilly, bater\u00eda y voz<\/li>\n<\/ul>\n<p style=\"text-align: center;\"><img loading=\"lazy\" decoding=\"async\" class=\"aligncenter size-full wp-image-52247\" src=\"https:\/\/tomajazz.com\/web\/wp-content\/uploads\/2020\/09\/01_Y-Joan-Cortes_11set20_32Jzzbr_CsMscl_Prpgnn.jpg\" alt=\"\" width=\"600\" height=\"399\" title=\"\" srcset=\"https:\/\/tomajazz.com\/web\/wp-content\/uploads\/2020\/09\/01_Y-Joan-Cortes_11set20_32Jzzbr_CsMscl_Prpgnn.jpg 600w, https:\/\/tomajazz.com\/web\/wp-content\/uploads\/2020\/09\/01_Y-Joan-Cortes_11set20_32Jzzbr_CsMscl_Prpgnn-200x133.jpg 200w, https:\/\/tomajazz.com\/web\/wp-content\/uploads\/2020\/09\/01_Y-Joan-Cortes_11set20_32Jzzbr_CsMscl_Prpgnn-60x40.jpg 60w, https:\/\/tomajazz.com\/web\/wp-content\/uploads\/2020\/09\/01_Y-Joan-Cortes_11set20_32Jzzbr_CsMscl_Prpgnn-120x80.jpg 120w\" sizes=\"auto, (max-width: 600px) 100vw, 600px\" \/> <img loading=\"lazy\" decoding=\"async\" class=\"aligncenter size-large wp-image-52248\" src=\"https:\/\/tomajazz.com\/web\/wp-content\/uploads\/2020\/09\/02_Y-Joan-Cortes_11set20_32Jzzbr_CsMscl_Prpgnn.jpg\" alt=\"\" width=\"600\" height=\"399\" title=\"\" srcset=\"https:\/\/tomajazz.com\/web\/wp-content\/uploads\/2020\/09\/02_Y-Joan-Cortes_11set20_32Jzzbr_CsMscl_Prpgnn.jpg 600w, https:\/\/tomajazz.com\/web\/wp-content\/uploads\/2020\/09\/02_Y-Joan-Cortes_11set20_32Jzzbr_CsMscl_Prpgnn-200x133.jpg 200w, https:\/\/tomajazz.com\/web\/wp-content\/uploads\/2020\/09\/02_Y-Joan-Cortes_11set20_32Jzzbr_CsMscl_Prpgnn-60x40.jpg 60w, https:\/\/tomajazz.com\/web\/wp-content\/uploads\/2020\/09\/02_Y-Joan-Cortes_11set20_32Jzzbr_CsMscl_Prpgnn-120x80.jpg 120w\" sizes=\"auto, (max-width: 600px) 100vw, 600px\" \/> <img loading=\"lazy\" decoding=\"async\" class=\"aligncenter size-large wp-image-52249\" src=\"https:\/\/tomajazz.com\/web\/wp-content\/uploads\/2020\/09\/03_Y-Joan-Cortes_11set20_32Jzzbr_CsMscl_Prpgnn.jpg\" alt=\"\" width=\"399\" height=\"600\" title=\"\" srcset=\"https:\/\/tomajazz.com\/web\/wp-content\/uploads\/2020\/09\/03_Y-Joan-Cortes_11set20_32Jzzbr_CsMscl_Prpgnn.jpg 399w, https:\/\/tomajazz.com\/web\/wp-content\/uploads\/2020\/09\/03_Y-Joan-Cortes_11set20_32Jzzbr_CsMscl_Prpgnn-200x300.jpg 200w\" sizes=\"auto, (max-width: 399px) 100vw, 399px\" \/> <img loading=\"lazy\" decoding=\"async\" class=\"aligncenter size-large wp-image-52250\" src=\"https:\/\/tomajazz.com\/web\/wp-content\/uploads\/2020\/09\/04_Y-Joan-Cortes_11set20_32Jzzbr_CsMscl_Prpgnn.jpg\" alt=\"\" width=\"600\" height=\"399\" title=\"\" srcset=\"https:\/\/tomajazz.com\/web\/wp-content\/uploads\/2020\/09\/04_Y-Joan-Cortes_11set20_32Jzzbr_CsMscl_Prpgnn.jpg 600w, https:\/\/tomajazz.com\/web\/wp-content\/uploads\/2020\/09\/04_Y-Joan-Cortes_11set20_32Jzzbr_CsMscl_Prpgnn-200x133.jpg 200w, https:\/\/tomajazz.com\/web\/wp-content\/uploads\/2020\/09\/04_Y-Joan-Cortes_11set20_32Jzzbr_CsMscl_Prpgnn-60x40.jpg 60w, https:\/\/tomajazz.com\/web\/wp-content\/uploads\/2020\/09\/04_Y-Joan-Cortes_11set20_32Jzzbr_CsMscl_Prpgnn-120x80.jpg 120w\" sizes=\"auto, (max-width: 600px) 100vw, 600px\" \/> <img loading=\"lazy\" decoding=\"async\" class=\"aligncenter size-large wp-image-52251\" src=\"https:\/\/tomajazz.com\/web\/wp-content\/uploads\/2020\/09\/05_Y-Joan-Cortes_11set20_32Jzzbr_CsMscl_Prpgnn.jpg\" alt=\"\" width=\"600\" height=\"399\" title=\"\" srcset=\"https:\/\/tomajazz.com\/web\/wp-content\/uploads\/2020\/09\/05_Y-Joan-Cortes_11set20_32Jzzbr_CsMscl_Prpgnn.jpg 600w, https:\/\/tomajazz.com\/web\/wp-content\/uploads\/2020\/09\/05_Y-Joan-Cortes_11set20_32Jzzbr_CsMscl_Prpgnn-200x133.jpg 200w, https:\/\/tomajazz.com\/web\/wp-content\/uploads\/2020\/09\/05_Y-Joan-Cortes_11set20_32Jzzbr_CsMscl_Prpgnn-60x40.jpg 60w, https:\/\/tomajazz.com\/web\/wp-content\/uploads\/2020\/09\/05_Y-Joan-Cortes_11set20_32Jzzbr_CsMscl_Prpgnn-120x80.jpg 120w\" sizes=\"auto, (max-width: 600px) 100vw, 600px\" \/> <img loading=\"lazy\" decoding=\"async\" class=\"aligncenter size-large wp-image-52252\" src=\"https:\/\/tomajazz.com\/web\/wp-content\/uploads\/2020\/09\/06_Y-Joan-Cortes_11set20_32Jzzbr_CsMscl_Prpgnn.jpg\" alt=\"\" width=\"600\" height=\"399\" title=\"\" srcset=\"https:\/\/tomajazz.com\/web\/wp-content\/uploads\/2020\/09\/06_Y-Joan-Cortes_11set20_32Jzzbr_CsMscl_Prpgnn.jpg 600w, https:\/\/tomajazz.com\/web\/wp-content\/uploads\/2020\/09\/06_Y-Joan-Cortes_11set20_32Jzzbr_CsMscl_Prpgnn-200x133.jpg 200w, https:\/\/tomajazz.com\/web\/wp-content\/uploads\/2020\/09\/06_Y-Joan-Cortes_11set20_32Jzzbr_CsMscl_Prpgnn-60x40.jpg 60w, https:\/\/tomajazz.com\/web\/wp-content\/uploads\/2020\/09\/06_Y-Joan-Cortes_11set20_32Jzzbr_CsMscl_Prpgnn-120x80.jpg 120w\" sizes=\"auto, (max-width: 600px) 100vw, 600px\" \/> <img loading=\"lazy\" decoding=\"async\" class=\"aligncenter size-large wp-image-52253\" src=\"https:\/\/tomajazz.com\/web\/wp-content\/uploads\/2020\/09\/07_Y-Joan-Cortes_11set20_32Jzzbr_CsMscl_Prpgnn.jpg\" alt=\"\" width=\"400\" height=\"600\" title=\"\" srcset=\"https:\/\/tomajazz.com\/web\/wp-content\/uploads\/2020\/09\/07_Y-Joan-Cortes_11set20_32Jzzbr_CsMscl_Prpgnn.jpg 400w, https:\/\/tomajazz.com\/web\/wp-content\/uploads\/2020\/09\/07_Y-Joan-Cortes_11set20_32Jzzbr_CsMscl_Prpgnn-200x300.jpg 200w\" sizes=\"auto, (max-width: 400px) 100vw, 400px\" \/> <img loading=\"lazy\" decoding=\"async\" class=\"aligncenter size-large wp-image-52254\" src=\"https:\/\/tomajazz.com\/web\/wp-content\/uploads\/2020\/09\/08_Y-Joan-Cortes_11set20_32Jzzbr_CsMscl_Prpgnn.jpg\" alt=\"\" width=\"399\" height=\"600\" title=\"\" srcset=\"https:\/\/tomajazz.com\/web\/wp-content\/uploads\/2020\/09\/08_Y-Joan-Cortes_11set20_32Jzzbr_CsMscl_Prpgnn.jpg 399w, https:\/\/tomajazz.com\/web\/wp-content\/uploads\/2020\/09\/08_Y-Joan-Cortes_11set20_32Jzzbr_CsMscl_Prpgnn-200x300.jpg 200w\" sizes=\"auto, (max-width: 399px) 100vw, 399px\" \/> <img loading=\"lazy\" decoding=\"async\" class=\"aligncenter size-large wp-image-52255\" src=\"https:\/\/tomajazz.com\/web\/wp-content\/uploads\/2020\/09\/09_Y-Joan-Cortes_11set20_32Jzzbr_CsMscl_Prpgnn.jpg\" alt=\"\" width=\"399\" height=\"600\" title=\"\" srcset=\"https:\/\/tomajazz.com\/web\/wp-content\/uploads\/2020\/09\/09_Y-Joan-Cortes_11set20_32Jzzbr_CsMscl_Prpgnn.jpg 399w, https:\/\/tomajazz.com\/web\/wp-content\/uploads\/2020\/09\/09_Y-Joan-Cortes_11set20_32Jzzbr_CsMscl_Prpgnn-200x300.jpg 200w\" sizes=\"auto, (max-width: 399px) 100vw, 399px\" \/> <img loading=\"lazy\" decoding=\"async\" class=\"aligncenter size-large wp-image-52256\" src=\"https:\/\/tomajazz.com\/web\/wp-content\/uploads\/2020\/09\/10_Y-Joan-Cortes_11set20_32Jzzbr_CsMscl_Prpgnn.jpg\" alt=\"\" width=\"600\" height=\"399\" title=\"\" srcset=\"https:\/\/tomajazz.com\/web\/wp-content\/uploads\/2020\/09\/10_Y-Joan-Cortes_11set20_32Jzzbr_CsMscl_Prpgnn.jpg 600w, https:\/\/tomajazz.com\/web\/wp-content\/uploads\/2020\/09\/10_Y-Joan-Cortes_11set20_32Jzzbr_CsMscl_Prpgnn-200x133.jpg 200w, https:\/\/tomajazz.com\/web\/wp-content\/uploads\/2020\/09\/10_Y-Joan-Cortes_11set20_32Jzzbr_CsMscl_Prpgnn-60x40.jpg 60w, https:\/\/tomajazz.com\/web\/wp-content\/uploads\/2020\/09\/10_Y-Joan-Cortes_11set20_32Jzzbr_CsMscl_Prpgnn-120x80.jpg 120w\" sizes=\"auto, (max-width: 600px) 100vw, 600px\" \/> <img loading=\"lazy\" decoding=\"async\" class=\"aligncenter size-large wp-image-52257\" src=\"https:\/\/tomajazz.com\/web\/wp-content\/uploads\/2020\/09\/11_Y-Joan-Cortes_11set20_32Jzzbr_CsMscl_Prpgnn.jpg\" alt=\"\" width=\"399\" height=\"600\" title=\"\" srcset=\"https:\/\/tomajazz.com\/web\/wp-content\/uploads\/2020\/09\/11_Y-Joan-Cortes_11set20_32Jzzbr_CsMscl_Prpgnn.jpg 399w, https:\/\/tomajazz.com\/web\/wp-content\/uploads\/2020\/09\/11_Y-Joan-Cortes_11set20_32Jzzbr_CsMscl_Prpgnn-200x300.jpg 200w\" sizes=\"auto, (max-width: 399px) 100vw, 399px\" \/><\/p>\n<p style=\"text-align: right;\">Tomajazz: \u00a9\u00a0<strong>Joan Cort\u00e8s<\/strong>, 2020<\/p>\n","protected":false},"excerpt":{"rendered":"<p>Joan Cort\u00e8s trae a INSTANTZZ im\u00e1genes de la actuaci\u00f3n de tr\u00edo You tomadas en el concierto de presentaci\u00f3n del 32\u00e8me Festival Jazz\u00e8bre, que tuvo lugar en Perpi\u00f1\u00e1n, Francia. <span class=\"more-link\"><a href=\"https:\/\/tomajazz.com\/web\/instantzz-you-32eme-festival-jazzebre-soiree-de-presentation-du-festival-la-casa-musicale-perpignan-france-2020-09-11-galeria-fotografica-aka-fotoblog-de-jazz-impro-y-algo-mas-por-jo\/\">Contin\u00faa leyendo<\/a><\/span><\/p>\n","protected":false},"author":1,"featured_media":52251,"comment_status":"open","ping_status":"closed","sticky":false,"template":"","format":"standard","meta":{"jetpack_post_was_ever_published":false,"_jetpack_newsletter_access":"","_jetpack_dont_email_post_to_subs":false,"_jetpack_newsletter_tier_id":0,"_jetpack_memberships_contains_paywalled_content":false,"_jetpack_memberships_contains_paid_content":false,"footnotes":""},"categories":[15516,17853,11262,11261,1038],"tags":[24878,24879,1041,24877,24876],"class_list":["entry","author-pachi","has-excerpt","post-52246","post","type-post","status-publish","format-standard","has-post-thumbnail","category-imagenes","category-joan-cortes","category-photoblogs","category-instantzz","category-contenidos","tag-guillaume-magne","tag-heloise-divilly","tag-joan-cortes","tag-linda-olah","tag-you"],"jetpack_featured_media_url":"https:\/\/tomajazz.com\/web\/wp-content\/uploads\/2020\/09\/05_Y-Joan-Cortes_11set20_32Jzzbr_CsMscl_Prpgnn.jpg","jetpack_likes_enabled":true,"jetpack_sharing_enabled":true,"jetpack-related-posts":[{"id":52513,"url":"https:\/\/tomajazz.com\/web\/32eme-festival-jazzebre-i-you-y-das-kapital-11-setiembre-y-25-de-octubre-de-2020-perpignan-y-eus-france-conciertos-de-jazz-por-joan-cortes\/","url_meta":{"origin":52246,"position":0},"title":"32\u00e8me Festival Jazz\u00e8bre -I-: You y Das Kapital (11 setiembre y 25 de octubre de 2020. Perpignan y Eus -France-) [Conciertos de jazz] Por Joan Cort\u00e8s","author":"Tomajazz","date":"9 octubre, 2020","format":false,"excerpt":"Joan Cort\u00e8s repasa, texto y fotograf\u00edas, el concierto inaugural del 32\u00e8me Festival Jazz\u00e8bre con las actuaciones de los tr\u00edos You y Das Kapital.","rel":"","context":"En \u00ab*_Joan Cort\u00e8s\u00bb","block_context":{"text":"*_Joan Cort\u00e8s","link":"https:\/\/tomajazz.com\/web\/category\/joan-cortes\/"},"img":{"alt_text":"","src":"https:\/\/i0.wp.com\/tomajazz.com\/web\/wp-content\/uploads\/2020\/10\/02_Joan-Cortes_32Jzzbr_LCsMscl_Prpgnn.jpg?resize=350%2C200&ssl=1","width":350,"height":200,"srcset":"https:\/\/i0.wp.com\/tomajazz.com\/web\/wp-content\/uploads\/2020\/10\/02_Joan-Cortes_32Jzzbr_LCsMscl_Prpgnn.jpg?resize=350%2C200&ssl=1 1x, https:\/\/i0.wp.com\/tomajazz.com\/web\/wp-content\/uploads\/2020\/10\/02_Joan-Cortes_32Jzzbr_LCsMscl_Prpgnn.jpg?resize=525%2C300&ssl=1 1.5x"},"classes":[]},{"id":100822,"url":"https:\/\/tomajazz.com\/web\/gautier-garrigue-37-jazzebre-2025\/","url_meta":{"origin":52246,"position":1},"title":"Gautier Garrigue 4t \u00abLa Travers\u00e9e\u00bb (37 Jazz\u00e8bre \/ Th\u00e9\u00e2tre Municipal, 2025-10-11 \/ Perpignan -France-) Por Joan Cort\u00e8s [INSTANTZZ AKA Galer\u00eda fotogr\u00e1fica AKA Fotoblog de jazz, impro\u2026 y algo m\u00e1s]","author":"Tomajazz","date":"21 octubre, 2025","format":false,"excerpt":"Gautier Garrigue 4t \u00abLa Travers\u00e9e\u00bb actu\u00f3 en el 37 Jazz\u00e8bre 2025 en Perpignan -Francia-. Joan Cort\u00e8s lo retrata en INSTANTZZ. Actuaron Gautier Garrigue, Federico Cassagrande, Benjamin Moussay, Florent Nisse","rel":"","context":"En \u00ab*_Joan Cort\u00e8s\u00bb","block_context":{"text":"*_Joan Cort\u00e8s","link":"https:\/\/tomajazz.com\/web\/category\/joan-cortes\/"},"img":{"alt_text":"Gautier Garrigue 4t \u00abLa Travers\u00e9e\u00bb (37 Jazz\u00e8bre \/ Th\u00e9\u00e2tre Municipal, 2025-10-11 \/ Perpignan -France-) Por Joan Cort\u00e8s [INSTANTZZ AKA Galer\u00eda fotogr\u00e1fica AKA Fotoblog de jazz, impro\u2026 y algo m\u00e1s] - Tomajazz - Gautier Garrigue 4t \u00abLa Travers\u00e9e\u00bb actu\u00f3 en el 37 Jazz\u00e8bre 2025 en Perpignan -Francia-. Joan Cort\u00e8s lo retrata en INSTANTZZ. Actuaron Gautier Garrigue, Federico Cassagrande, Benjamin Moussay, Florent Nisse\n","src":"https:\/\/i0.wp.com\/tomajazz.com\/web\/wp-content\/uploads\/2025\/10\/destacada-05-Gtr-Grrges-4t-Photo-By-Joan-Cortes-11ctb25-TM-37JF-Prpgnn.jpg?resize=350%2C200&ssl=1","width":350,"height":200,"srcset":"https:\/\/i0.wp.com\/tomajazz.com\/web\/wp-content\/uploads\/2025\/10\/destacada-05-Gtr-Grrges-4t-Photo-By-Joan-Cortes-11ctb25-TM-37JF-Prpgnn.jpg?resize=350%2C200&ssl=1 1x, https:\/\/i0.wp.com\/tomajazz.com\/web\/wp-content\/uploads\/2025\/10\/destacada-05-Gtr-Grrges-4t-Photo-By-Joan-Cortes-11ctb25-TM-37JF-Prpgnn.jpg?resize=525%2C300&ssl=1 1.5x"},"classes":[]},{"id":101040,"url":"https:\/\/tomajazz.com\/web\/le-discobole-orchestra-jazzebre-2025\/","url_meta":{"origin":52246,"position":2},"title":"Le Discobole Orchestra invit\u00e9 Christine Salem \u00abKaf\u00e9 Gry\u00e9\u00bb (37 Jazz\u00e8bre \/ Th\u00e9\u00e2tre Municipal, 2025-10-11 \/ Perpignan -France-) [5] Por Joan Cort\u00e8s [INSTANTZZ AKA Galer\u00eda fotogr\u00e1fica AKA Fotoblog de jazz, impro\u2026 y algo m\u00e1s]","author":"Tomajazz","date":"28 octubre, 2025","format":false,"excerpt":"Le Discobole Orchestra invit\u00e9 Christine Salem \u00abKaf\u00e9 Gry\u00e9\u00bb actu\u00f3 en el 37 Jazz\u00e8bre el 11 de octubre de 2025. Joan Cort\u00e8s lo retrata en INSTANTZZ","rel":"","context":"En \u00ab37 Jazz\u00e8bre 2025\u00bb","block_context":{"text":"37 Jazz\u00e8bre 2025","link":"https:\/\/tomajazz.com\/web\/category\/contenidos\/especial-contenidos\/37-jazzebre-2025\/"},"img":{"alt_text":"Le Discobole Orchestra invit\u00e9 Christine Salem \u00abKaf\u00e9 Gry\u00e9\u00bb (37 Jazz\u00e8bre \/ Th\u00e9\u00e2tre Municipal, 2025-10-11 \/ Perpignan -France-) [5] Por Joan Cort\u00e8s [INSTANTZZ AKA Galer\u00eda fotogr\u00e1fica AKA Fotoblog de jazz, impro\u2026 y algo m\u00e1s] - Tomajazz - Le Discobole Orchestra invit\u00e9 Christine Salem \u00abKaf\u00e9 Gry\u00e9\u00bb actu\u00f3 en el 37 Jazz\u00e8bre el 11 de octubre de 2025. Joan Cort\u00e8s lo retrata en INSTANTZZ","src":"https:\/\/i0.wp.com\/tomajazz.com\/web\/wp-content\/uploads\/2025\/10\/destacada-11-L-Dscbl-rchstr-Photo-By-Joan-Cortes-11ctb25-37Jzzbr-TM-Prpgnn-.jpg?resize=350%2C200&ssl=1","width":350,"height":200,"srcset":"https:\/\/i0.wp.com\/tomajazz.com\/web\/wp-content\/uploads\/2025\/10\/destacada-11-L-Dscbl-rchstr-Photo-By-Joan-Cortes-11ctb25-37Jzzbr-TM-Prpgnn-.jpg?resize=350%2C200&ssl=1 1x, https:\/\/i0.wp.com\/tomajazz.com\/web\/wp-content\/uploads\/2025\/10\/destacada-11-L-Dscbl-rchstr-Photo-By-Joan-Cortes-11ctb25-37Jzzbr-TM-Prpgnn-.jpg?resize=525%2C300&ssl=1 1.5x"},"classes":[]},{"id":101142,"url":"https:\/\/tomajazz.com\/web\/clea-torales-jazzebre-2025\/","url_meta":{"origin":52246,"position":3},"title":"Cl\u00e9a Torales \u00abBalade au Mus\u00e9e\u00bb (37 Jazz\u00e8bre \/ Mus\u00e9e d\u2019Art Hyacinthe Rigaud, 2025-10-12 \/ Perpignan -France-) [6] Por Joan Cort\u00e8s [INSTANTZZ AKA Galer\u00eda fotogr\u00e1fica AKA Fotoblog de jazz, impro\u2026 y algo m\u00e1s]","author":"Tomajazz","date":"30 octubre, 2025","format":false,"excerpt":"Cl\u00e9a Torales \u00abBalade au Mus\u00e9e\u00bb actu\u00f3 en el 37 Jazz\u00e8bre 2025 en Perpignan -Francia-. Joan Cort\u00e8s retrata el concierto en INSTANTZZ","rel":"","context":"En \u00ab37 Jazz\u00e8bre 2025\u00bb","block_context":{"text":"37 Jazz\u00e8bre 2025","link":"https:\/\/tomajazz.com\/web\/category\/contenidos\/especial-contenidos\/37-jazzebre-2025\/"},"img":{"alt_text":"Cl\u00e9a Torales \u00abBalade au Mus\u00e9e\u00bb (37 Jazz\u00e8bre \/ Mus\u00e9e d\u2019Art Hyacinthe Rigaud, 2025-10-12 \/ Perpignan -France-) [6] Por Joan Cort\u00e8s [INSTANTZZ AKA Galer\u00eda fotogr\u00e1fica AKA Fotoblog de jazz, impro\u2026 y algo m\u00e1s] - Tomajazz - Cl\u00e9a Torales \u00abBalade au Mus\u00e9e\u00bb actu\u00f3 en el 37 Jazz\u00e8bre 2025 en Perpignan -Francia-. Joan Cort\u00e8s retrata el concierto en INSTANTZZ","src":"https:\/\/i0.wp.com\/tomajazz.com\/web\/wp-content\/uploads\/2025\/10\/05-Cl-Trls-Joan-Cortes-12ctb25-MrHR-37Jzzbr-Prpgnn.jpg?resize=350%2C200&ssl=1","width":350,"height":200,"srcset":"https:\/\/i0.wp.com\/tomajazz.com\/web\/wp-content\/uploads\/2025\/10\/05-Cl-Trls-Joan-Cortes-12ctb25-MrHR-37Jzzbr-Prpgnn.jpg?resize=350%2C200&ssl=1 1x, https:\/\/i0.wp.com\/tomajazz.com\/web\/wp-content\/uploads\/2025\/10\/05-Cl-Trls-Joan-Cortes-12ctb25-MrHR-37Jzzbr-Prpgnn.jpg?resize=525%2C300&ssl=1 1.5x"},"classes":[]},{"id":104962,"url":"https:\/\/tomajazz.com\/web\/bize-season-jazzebre-2026\/","url_meta":{"origin":52246,"position":4},"title":"BiZe (Season Jazz\u00e8bre \/ MAC-UPVD, 2026-03-12 \/ Perpignan -France-) [II] Por Joan Cort\u00e8s [INSTANTZZ AKA Galer\u00eda fotogr\u00e1fica AKA Fotoblog de jazz, impro\u2026 y algo m\u00e1s]","author":"Tomajazz","date":"19 abril, 2026","format":false,"excerpt":"BiZe actuaron en Season Jazz\u00e8bre 2026 en Perpignan (Francia), el 12 de marzo de 2026. Joan Cort\u00e8s lo retrata en INSTANTZZ. BiZe son Sylvaine H\u00e9lary, Robin Fincker","rel":"","context":"En \u00abSeason Jazz\u00e8bre 2026\u00bb","block_context":{"text":"Season Jazz\u00e8bre 2026","link":"https:\/\/tomajazz.com\/web\/category\/contenidos\/especial-contenidos\/season-jazzebre-2026\/"},"img":{"alt_text":"BiZe (Season Jazz\u00e8bre \/ MAC-UPVD, 2026-03-12 \/ Perpignan -France-) [II] Por Joan Cort\u00e8s [INSTANTZZ AKA Galer\u00eda fotogr\u00e1fica AKA Fotoblog de jazz, impro\u2026 y algo m\u00e1s] - Tomajazz - BiZe actuaron en Season Jazz\u00e8bre 2026 en Perpignan (Francia), el 12 de marzo de 2026. Joan Cort\u00e8s lo retrata en INSTANTZZ. BiZe son Sylvaine H\u00e9lary, Robin Fincker\n","src":"https:\/\/i0.wp.com\/tomajazz.com\/web\/wp-content\/uploads\/2026\/04\/DESTACADA-11-BZ-Photo-By-Joan-Cortes-12mrc26-Ssn-Jzzbr-MrC-nPVD-Prpny.jpg?resize=350%2C200&ssl=1","width":350,"height":200,"srcset":"https:\/\/i0.wp.com\/tomajazz.com\/web\/wp-content\/uploads\/2026\/04\/DESTACADA-11-BZ-Photo-By-Joan-Cortes-12mrc26-Ssn-Jzzbr-MrC-nPVD-Prpny.jpg?resize=350%2C200&ssl=1 1x, https:\/\/i0.wp.com\/tomajazz.com\/web\/wp-content\/uploads\/2026\/04\/DESTACADA-11-BZ-Photo-By-Joan-Cortes-12mrc26-Ssn-Jzzbr-MrC-nPVD-Prpny.jpg?resize=525%2C300&ssl=1 1.5x"},"classes":[]},{"id":104421,"url":"https:\/\/tomajazz.com\/web\/francesco-bearzatti-federico-casagrande-2026\/","url_meta":{"origin":52246,"position":5},"title":"Francesco Bearzatti &#038; Federico Casagrande (Season Jazz\u00e8bre \/ Palais Consulaire CCI, 2026-02-10 \/ Perpignan -France-) Por Joan Cort\u00e8s [INSTANTZZ AKA Galer\u00eda fotogr\u00e1fica AKA Fotoblog de jazz, impro\u2026 y algo m\u00e1s]","author":"Tomajazz","date":"16 marzo, 2026","format":false,"excerpt":"Francesco Bearzatti & Federico Casagrande actuaron en Season Jazz\u00e8bre en Perpignan, Francia, el 10 de febrero de 2026. Joan Cort\u00e8s lo retrata en INSTANTZZ","rel":"","context":"En \u00abSeason Jazz\u00e8bre 2026\u00bb","block_context":{"text":"Season Jazz\u00e8bre 2026","link":"https:\/\/tomajazz.com\/web\/category\/contenidos\/especial-contenidos\/season-jazzebre-2026\/"},"img":{"alt_text":"Francesco Bearzatti & Federico Casagrande (Season Jazz\u00e8bre \/ Palais Consulaire CCI, 2026-02-10 \/ Perpignan -France-) Por Joan Cort\u00e8s [INSTANTZZ AKA Galer\u00eda fotogr\u00e1fica AKA Fotoblog de jazz, impro\u2026 y algo m\u00e1s] - Tomajazz - Francesco Bearzatti & Federico Casagrande actuaron en Season Jazz\u00e8bre en Perpignan, Francia, el 10 de febrero de 2026. Joan Cort\u00e8s lo retrata en INSTANTZZ","src":"https:\/\/i0.wp.com\/tomajazz.com\/web\/wp-content\/uploads\/2026\/03\/destacada-03-Brztt-Csgrnd-Photo-By-Joan-Cortes-10fbr26-Ssn-Jzzbr-PC-CCI-Prpgnn.jpg?resize=350%2C200&ssl=1","width":350,"height":200,"srcset":"https:\/\/i0.wp.com\/tomajazz.com\/web\/wp-content\/uploads\/2026\/03\/destacada-03-Brztt-Csgrnd-Photo-By-Joan-Cortes-10fbr26-Ssn-Jzzbr-PC-CCI-Prpgnn.jpg?resize=350%2C200&ssl=1 1x, https:\/\/i0.wp.com\/tomajazz.com\/web\/wp-content\/uploads\/2026\/03\/destacada-03-Brztt-Csgrnd-Photo-By-Joan-Cortes-10fbr26-Ssn-Jzzbr-PC-CCI-Prpgnn.jpg?resize=525%2C300&ssl=1 1.5x"},"classes":[]}],"_links":{"self":[{"href":"https:\/\/tomajazz.com\/web\/wp-json\/wp\/v2\/posts\/52246","targetHints":{"allow":["GET"]}}],"collection":[{"href":"https:\/\/tomajazz.com\/web\/wp-json\/wp\/v2\/posts"}],"about":[{"href":"https:\/\/tomajazz.com\/web\/wp-json\/wp\/v2\/types\/post"}],"author":[{"embeddable":true,"href":"https:\/\/tomajazz.com\/web\/wp-json\/wp\/v2\/users\/1"}],"replies":[{"embeddable":true,"href":"https:\/\/tomajazz.com\/web\/wp-json\/wp\/v2\/comments?post=52246"}],"version-history":[{"count":1,"href":"https:\/\/tomajazz.com\/web\/wp-json\/wp\/v2\/posts\/52246\/revisions"}],"predecessor-version":[{"id":52258,"href":"https:\/\/tomajazz.com\/web\/wp-json\/wp\/v2\/posts\/52246\/revisions\/52258"}],"wp:featuredmedia":[{"embeddable":true,"href":"https:\/\/tomajazz.com\/web\/wp-json\/wp\/v2\/media\/52251"}],"wp:attachment":[{"href":"https:\/\/tomajazz.com\/web\/wp-json\/wp\/v2\/media?parent=52246"}],"wp:term":[{"taxonomy":"category","embeddable":true,"href":"https:\/\/tomajazz.com\/web\/wp-json\/wp\/v2\/categories?post=52246"},{"taxonomy":"post_tag","embeddable":true,"href":"https:\/\/tomajazz.com\/web\/wp-json\/wp\/v2\/tags?post=52246"}],"curies":[{"name":"wp","href":"https:\/\/api.w.org\/{rel}","templated":true}]}}