{"id":527,"date":"2011-02-16T03:00:09","date_gmt":"2011-02-16T02:00:09","guid":{"rendered":"http:\/\/www.tomajazz.com\/web\/?p=527"},"modified":"2016-11-13T21:37:45","modified_gmt":"2016-11-13T20:37:45","slug":"mostly-other-people-do-the-killing-centro-cultural-del-matadero-huesca","status":"publish","type":"post","link":"https:\/\/tomajazz.com\/web\/mostly-other-people-do-the-killing-centro-cultural-del-matadero-huesca\/","title":{"rendered":"Mostly Other People Do The Killing. Centro Cultural del Matadero, Huesca. 15-II-2011"},"content":{"rendered":"<p style=\"text-align: justify;\">&nbsp;<\/p>\n<figure id=\"attachment_545\" aria-describedby=\"caption-attachment-545\" style=\"width: 400px\" class=\"wp-caption alignleft\"><a href=\"http:\/\/www.tomajazz.com\/web\/wp-content\/uploads\/2011\/05\/IMG_0651_mataderohuesca1.jpg\"><img loading=\"lazy\" decoding=\"async\" class=\"size-full wp-image-545\" title=\"IMG_0651_mataderohuesca\" src=\"http:\/\/www.tomajazz.com\/web\/wp-content\/uploads\/2011\/05\/IMG_0651_mataderohuesca1.jpg\" alt=\"\" width=\"400\" height=\"267\" srcset=\"https:\/\/tomajazz.com\/web\/wp-content\/uploads\/2011\/05\/IMG_0651_mataderohuesca1.jpg 400w, https:\/\/tomajazz.com\/web\/wp-content\/uploads\/2011\/05\/IMG_0651_mataderohuesca1-300x200.jpg 300w\" sizes=\"auto, (max-width: 400px) 100vw, 400px\" \/><\/a><figcaption id=\"caption-attachment-545\" class=\"wp-caption-text\">\u00a9 2011 Sera Mart\u00edn <\/figcaption><\/figure>\n<p style=\"text-align: justify;\">De un modo similar a lo que pasa en la f\u00edsica de part\u00edculas, la m\u00fasica del cuarteto Mostly Other People Do The Killing funciona (de momento) en tres niveles de energ\u00eda. En el primero, el menor, est\u00e1 la de sus discos en estudio. En el segundo est\u00e1n las grabaciones de sus conciertos, discos en directo como el reci\u00e9n editado The Coimbra Concert (Clean Feed). En el tercero, el m\u00e1s elevado, est\u00e1 su directo.<\/p>\n<div class=\"mceTemp\" style=\"text-align: justify;\">En cada uno de esos niveles encontramos una serie de elementos comunes con el nivel siguiente. En el m\u00e1s bajo est\u00e1n las composiciones de su l\u00edder Moppa Elliott y tambi\u00e9n su habilidad en elegir las versiones; un gran sentido del humor (las portadas parodiando a discos cl\u00e1sicos; los t\u00edtulos de las canciones que no son otros que nombres de ciudades de Pensilvania, o las delirantes liner notes de Leonardo Featherweight); tambi\u00e9n cuatro instrumentistas sobresalientes.<\/div>\n<figure id=\"attachment_546\" aria-describedby=\"caption-attachment-546\" style=\"width: 186px\" class=\"wp-caption alignleft\"><a href=\"http:\/\/www.tomajazz.com\/web\/wp-content\/uploads\/2011\/05\/IMG_0675_mataderohuesca1.jpg\"><img loading=\"lazy\" decoding=\"async\" class=\"size-full wp-image-546\" title=\"IMG_0675_mataderohuesca\" src=\"http:\/\/www.tomajazz.com\/web\/wp-content\/uploads\/2011\/05\/IMG_0675_mataderohuesca1.jpg\" alt=\"\" width=\"186\" height=\"400\" srcset=\"https:\/\/tomajazz.com\/web\/wp-content\/uploads\/2011\/05\/IMG_0675_mataderohuesca1.jpg 186w, https:\/\/tomajazz.com\/web\/wp-content\/uploads\/2011\/05\/IMG_0675_mataderohuesca1-139x300.jpg 139w\" sizes=\"auto, (max-width: 186px) 100vw, 186px\" \/><\/a><figcaption id=\"caption-attachment-546\" class=\"wp-caption-text\">\u00a9 2011 Sera Mart\u00edn <\/figcaption><\/figure>\n<p style=\"text-align: justify;\">En el segundo nivel aparece la combinaci\u00f3n de esos temas del l\u00edder del grupo con composiciones instant\u00e1neas y citas de cl\u00e1sicos, as\u00ed como estilos de lo m\u00e1s dispar en un t\u00f3tum revol\u00fatum que, en teor\u00eda y seg\u00fan los c\u00e1nones, posiblemente no tenga mucho sentido, pero que en forma de grabaci\u00f3n no s\u00f3lo genera una m\u00fasica arrebatadora, sino que ha logrado que el grupo d\u00e9 a luz su mejor obra.<\/p>\n<p style=\"text-align: justify;\">&nbsp;<\/p>\n<figure id=\"attachment_547\" aria-describedby=\"caption-attachment-547\" style=\"width: 267px\" class=\"wp-caption alignright\"><a href=\"http:\/\/www.tomajazz.com\/web\/wp-content\/uploads\/2011\/05\/IMG_0658_mataderohuesca1.jpg\"><img loading=\"lazy\" decoding=\"async\" class=\"size-full wp-image-547\" title=\"IMG_0658_mataderohuesca\" src=\"http:\/\/www.tomajazz.com\/web\/wp-content\/uploads\/2011\/05\/IMG_0658_mataderohuesca1.jpg\" alt=\"\" width=\"267\" height=\"400\" srcset=\"https:\/\/tomajazz.com\/web\/wp-content\/uploads\/2011\/05\/IMG_0658_mataderohuesca1.jpg 267w, https:\/\/tomajazz.com\/web\/wp-content\/uploads\/2011\/05\/IMG_0658_mataderohuesca1-200x300.jpg 200w\" sizes=\"auto, (max-width: 267px) 100vw, 267px\" \/><\/a><figcaption id=\"caption-attachment-547\" class=\"wp-caption-text\">\u00a9 2011 Sera Mart\u00edn <\/figcaption><\/figure>\n<p style=\"text-align: justify;\">En el tercer nivel la suya se transforma en la m\u00fasica de la sorpresa. Ah\u00ed est\u00e1n esos m\u00fasicos impresionantes. En Huesca destac\u00f3 especialmente Peter Evans, que demostr\u00f3 ser un virtuoso de la trompeta. Sobre el escenario del Matadero dio una lecci\u00f3n de dominio t\u00e9cnico de su instrumento a todos los niveles, pero sin que su discurso quedase supeditado u oculto por ello. El segundo gran protagonista fue el baterista Kevin Shea. Sobre \u00e9l no se puede decir que sea un virtuoso o un fino estilista. Sin embargo su discurso encaja a la perfecci\u00f3n con el del grupo. Es nervioso, inquieto, y ayer con sus sonidos pregrabados se dedic\u00f3 a dirigir por momentos al conjunto en sus improvisaciones. Tambi\u00e9n fue el protagonista del momento m\u00e1s divertido de la noche con un original solo de codos sobre los parches ejecutado con una intensidad propia del m\u00e1s energ\u00e9tico de los grupos del rock m\u00e1s energ\u00e9tico. Hasta sus gafas, que salieron volando y por lo que parece terminaron indemnes, sintieron la high-energy que es capaz de acumular. El saxofonista Jon Irabagon fue el compa\u00f1ero ideal de viaje de Peter Evans. Adem\u00e1s de con sus solos se enzarz\u00f3 en unos magn\u00edficos intercambios con el trompetista, idea va-idea viene, aunque no estuvo tan potente como se le ha llegado a escuchar en alguna grabaci\u00f3n reciente, en concreto en Foxy.<\/p>\n<div class=\"mceTemp\" style=\"text-align: justify;\">\n<figure id=\"attachment_544\" aria-describedby=\"caption-attachment-544\" style=\"width: 267px\" class=\"wp-caption alignright\"><a href=\"http:\/\/www.tomajazz.com\/web\/wp-content\/uploads\/2011\/05\/IMG_0641_mataderohuesca2.jpg\"><img loading=\"lazy\" decoding=\"async\" class=\"size-full wp-image-544\" title=\"IMG_0641_mataderohuesca\" src=\"http:\/\/www.tomajazz.com\/web\/wp-content\/uploads\/2011\/05\/IMG_0641_mataderohuesca2.jpg\" alt=\"\" width=\"267\" height=\"272\"><\/a><figcaption id=\"caption-attachment-544\" class=\"wp-caption-text\"> \u00a9 2011 Sera Mart\u00edn <\/figcaption><\/figure>\n<p>En cuanto a la m\u00fasica, no se miente si se afirma que es la de siempre (las composiciones de Moppa Elliott con sus estructuras de blues y giros habituales en el jazz como lanzaderas), como tampoco se har\u00eda si se dijese que es totalmente nueva. Las piezas se forman a partir de la recombinaci\u00f3n no prefijada de antemano de las composiciones de Moppa Elliott que hace que los temas se sepa c\u00f3mo empiezan pero no c\u00f3mo terminar\u00e1n, versiones sorprendentes como la interpretada en Huesca de un tema de David Sanborn, las citas de temas cl\u00e1sicos del jazz y tambi\u00e9n de la cl\u00e1sica o la mezcla de estilos: New Orleans, be-bop, cool, hard-bop, libre improvisaci\u00f3n, free, funk.<\/p>\n<\/div>\n<p style=\"text-align: justify;\">Finalmente est\u00e1 Moppa Elliott. En segundo plano, sonriente y tranquilo, es el l\u00edder que sin dejar de dirigir deja hacer a sus compa\u00f1eros, confiado y feliz puesto que sabe que todo est\u00e1 en buenas manos.<\/p>\n<p style=\"text-align: justify;\">Acaba de comenzar 2011 y ya tengo a un candidato m\u00e1s que firme a concierto del a\u00f1o. Moppa Elliott comentaba al final del concierto que en verano es posible que vengan a dar unos cuantos conciertos en festivales, citaba el de San Sebasti\u00e1n, aprovechando su gira estival europea. Si se me acepta el consejo, si alguien tiene la oportunidad de ir a verlos en directo que no se los pierda.<\/p>\n<p style=\"text-align: right;\">Texto \u00a9 2011 Pachi Tapiz<br \/>\nFotos \u00a9 2011 Sera Mart\u00edn<\/p>\n<p style=\"text-align: left;\">Fecha: 15 de febrero de 2011<br \/>\nLugar: Centro Cultural del Matadero, Huesca<\/p>\n<p style=\"text-align: left;\">Componentes:<br \/>\nMostly Other People Do the Killing<br \/>\nJon Irabagon: saxo tenor<br \/>\nPeter Evans: trompeta<br \/>\nMoppa Elliott: contrabajo<br \/>\nKevin Shea: bater\u00eda y electr\u00f3nica<\/p>\n","protected":false},"excerpt":{"rendered":"<p>&nbsp; De un modo similar a lo que pasa en la f\u00edsica de part\u00edculas, la m\u00fasica del cuarteto Mostly Other People Do The Killing funciona (de momento) en tres niveles de energ\u00eda. En el primero, el menor, est\u00e1 la de sus discos en estudio. En el segundo est\u00e1n las grabaciones<span class=\"more-link\"><a href=\"https:\/\/tomajazz.com\/web\/mostly-other-people-do-the-killing-centro-cultural-del-matadero-huesca\/\">Contin\u00faa leyendo<\/a><\/span><\/p>\n","protected":false},"author":4,"featured_media":545,"comment_status":"open","ping_status":"closed","sticky":false,"template":"","format":"standard","meta":{"jetpack_post_was_ever_published":false,"_jetpack_newsletter_access":"","_jetpack_dont_email_post_to_subs":true,"_jetpack_newsletter_tier_id":0,"_jetpack_memberships_contains_paywalled_content":false,"_jetpack_memberships_contains_paid_content":false,"footnotes":""},"categories":[17847,17852,4],"tags":[200,196,199,198,208,31,197,209,16099,77,16100],"class_list":["entry","author-autor1","post-527","post","type-post","status-publish","format-standard","has-post-thumbnail","category-pachi-tapiz","category-sera-martin","category-conciertos","tag-huesca","tag-jon-irabagon","tag-kevin-shea-centro-cultural-del-matadero","tag-moppa-elliott","tag-mostly-other-people-do-the-killing","tag-pachi-tapiz","tag-peter-evans","tag-sera-martin","tag-toma-jazz","tag-tomajazz","tag-tomajazz-toma-jazz"],"jetpack_featured_media_url":"https:\/\/tomajazz.com\/web\/wp-content\/uploads\/2011\/05\/IMG_0651_mataderohuesca1.jpg","jetpack_likes_enabled":true,"jetpack_sharing_enabled":true,"jetpack-related-posts":[{"id":11757,"url":"https:\/\/tomajazz.com\/web\/all-jazz-sera-mostly-other-people-do-the-killing\/","url_meta":{"origin":527,"position":0},"title":"All Jazz Sera: Mostly Other People Do The Killing","author":"Tomajazz","date":"29 abril, 2014","format":false,"excerpt":"Mostly Other People Do The Killing Centro Cultural del Matadero, Huesca. 2011-02-15 \u00a9 Sera Mart\u00edn, 2014","rel":"","context":"En \u00ab*_Sera Mart\u00edn\u00bb","block_context":{"text":"*_Sera Mart\u00edn","link":"https:\/\/tomajazz.com\/web\/category\/sera-martin\/"},"img":{"alt_text":"","src":"https:\/\/i0.wp.com\/tomajazz.com\/web\/wp-content\/uploads\/2014\/04\/IMG_0629_mopdtk_wm.jpg?resize=350%2C200&ssl=1","width":350,"height":200,"srcset":"https:\/\/i0.wp.com\/tomajazz.com\/web\/wp-content\/uploads\/2014\/04\/IMG_0629_mopdtk_wm.jpg?resize=350%2C200&ssl=1 1x, https:\/\/i0.wp.com\/tomajazz.com\/web\/wp-content\/uploads\/2014\/04\/IMG_0629_mopdtk_wm.jpg?resize=525%2C300&ssl=1 1.5x"},"classes":[]},{"id":2685,"url":"https:\/\/tomajazz.com\/web\/hoy-no-puedo-dejar-de-escuchar-a-peter-evans-aka-peter-evans-top-five\/","url_meta":{"origin":527,"position":1},"title":"Hoy no puedo dejar de escuchar&#8230; a Peter Evans (aka Peter Evans Top Five)","author":"Tomajazz","date":"16 febrero, 2011","format":false,"excerpt":"Todav\u00eda impresionado por el tremendo concierto de ayer a la noche en el Centro Cultural del Matadero de Huesca de los Mostly Other People Do the Killing, pero especialmente por el trompetista Peter Evans, hoy a la ma\u00f1ana (y supongo que tambi\u00e9n a la tarde) toca sesi\u00f3n intensiva de Peter\u2026","rel":"","context":"En \u00abbun\u00bb","block_context":{"text":"bun","link":"https:\/\/tomajazz.com\/web\/category\/contenidos\/blogs\/bun\/"},"img":{"alt_text":"","src":"https:\/\/i0.wp.com\/2.bp.blogspot.com\/-SiCd0OvRwNE\/TVurwqFTAdI\/AAAAAAAACYI\/vAoKOQxknM0\/s1600\/peterevans_1_1.gif?resize=350%2C200","width":350,"height":200},"classes":[]},{"id":2672,"url":"https:\/\/tomajazz.com\/web\/mostly-other-people-do-the-killing-the-coimbra-concert-clean-feed-2cd-2011\/","url_meta":{"origin":527,"position":2},"title":"Mostly Other People Do the Killing: The Coimbra Concert (Clean Feed, 2CD, 2011)","author":"Tomajazz","date":"4 marzo, 2011","format":false,"excerpt":"Mostly Other People Do the\u00a0Killing The Coimbra ConcertClean Feed2011 Enero de 2011. Cambio de d\u00e9cada y cambio de discogr\u00e1fica para los Most Other People Do the Killing: de Hot Cup, el sello de Moppa Elliott (contrabajista y l\u00edder del grupo), pasan a Clean Feed. Tambi\u00e9n cambia el m\u00e9todo de grabaci\u00f3n:\u2026","rel":"","context":"En \u00abToma Jazz\u00bb","block_context":{"text":"Toma Jazz","link":"https:\/\/tomajazz.com\/web\/tag\/toma-jazz\/"},"img":{"alt_text":"","src":"","width":0,"height":0},"classes":[]},{"id":11388,"url":"https:\/\/tomajazz.com\/web\/acerca-de-mostly-other-people-do-the-killing\/","url_meta":{"origin":527,"position":3},"title":"Xavier Gallard acerca de Mostly Other People Do The Killing","author":"Tomajazz","date":"3 abril, 2014","format":false,"excerpt":"A diferencia de lo que pudiera aparentar (dadas sus par\u00f3dicas portadas), no tratamos con chavales que deseen pulverizar la tradici\u00f3n, sino, m\u00e1s bien, interpretarla a su ca\u00f3tica manera. Xavier Gallard en la cr\u00edtica del concierto de Mostly Other People Do The Killing en Caprichos de Apolo, Barcelona. Publicado en el\u2026","rel":"","context":"En \u00ab*_Pachi Tapiz\u00bb","block_context":{"text":"*_Pachi Tapiz","link":"https:\/\/tomajazz.com\/web\/category\/pachi-tapiz\/"},"img":{"alt_text":"Ruta 66_314","src":"https:\/\/i0.wp.com\/www.tomajazz.com\/web\/wp-content\/uploads\/2014\/04\/Ruta-66_314-200x267.jpg?resize=350%2C200","width":350,"height":200},"classes":[]},{"id":4892,"url":"https:\/\/tomajazz.com\/web\/mostly-other-people-do-the-killing-slippery-rock-hot-cup-records-2013\/","url_meta":{"origin":527,"position":4},"title":"Mostly Other People Do The Killing: Slippery Rock (Hot Cup Records, 2013)","author":"Tomajazz","date":"5 febrero, 2013","format":false,"excerpt":"Tras The Coimbra Concert, su doble CD en directo publicado en Clean Feed, el cuarteto Mostly Other People Do The Killing retorna a Hot Cup Records, la discogr\u00e1fica de su l\u00edder el contrabajista y compositor Moppa Elliott, para publicar su sexto CD titulado Slippery Rock!. Tal y como sucede en\u2026","rel":"","context":"En \u00ab*_Pachi Tapiz\u00bb","block_context":{"text":"*_Pachi Tapiz","link":"https:\/\/tomajazz.com\/web\/category\/pachi-tapiz\/"},"img":{"alt_text":"","src":"https:\/\/i0.wp.com\/tomajazz.com\/web\/wp-content\/uploads\/2013\/02\/mopdtk_slippery_rock.jpg?resize=350%2C200&ssl=1","width":350,"height":200},"classes":[]},{"id":8407,"url":"https:\/\/tomajazz.com\/web\/mostly-other-people-do-the-killing-red-hot-hot-cup-records-2013\/","url_meta":{"origin":527,"position":5},"title":"Mostly Other People Do The Killing: Red Hot (Hot Cup Records, 2013)","author":"Tomajazz","date":"14 octubre, 2013","format":false,"excerpt":"Mostly Other People Do The Killing contin\u00faan realizando su particular recorrido por la historia del jazz. Si en su anterior disco Slippery Rock (Hot Cup Records, 2013) daban su visi\u00f3n sobre el jazz fusion, unos meses despu\u00e9s en Red Hot su l\u00edder y compositor Moppa Elliott vuelve la vista al\u2026","rel":"","context":"En \u00ab*_Pachi Tapiz\u00bb","block_context":{"text":"*_Pachi Tapiz","link":"https:\/\/tomajazz.com\/web\/category\/pachi-tapiz\/"},"img":{"alt_text":"","src":"https:\/\/i0.wp.com\/tomajazz.com\/web\/wp-content\/uploads\/2013\/10\/MOPDTK-Red-Hot.jpg?resize=350%2C200&ssl=1","width":350,"height":200},"classes":[]}],"_links":{"self":[{"href":"https:\/\/tomajazz.com\/web\/wp-json\/wp\/v2\/posts\/527","targetHints":{"allow":["GET"]}}],"collection":[{"href":"https:\/\/tomajazz.com\/web\/wp-json\/wp\/v2\/posts"}],"about":[{"href":"https:\/\/tomajazz.com\/web\/wp-json\/wp\/v2\/types\/post"}],"author":[{"embeddable":true,"href":"https:\/\/tomajazz.com\/web\/wp-json\/wp\/v2\/users\/4"}],"replies":[{"embeddable":true,"href":"https:\/\/tomajazz.com\/web\/wp-json\/wp\/v2\/comments?post=527"}],"version-history":[{"count":9,"href":"https:\/\/tomajazz.com\/web\/wp-json\/wp\/v2\/posts\/527\/revisions"}],"predecessor-version":[{"id":24582,"href":"https:\/\/tomajazz.com\/web\/wp-json\/wp\/v2\/posts\/527\/revisions\/24582"}],"wp:featuredmedia":[{"embeddable":true,"href":"https:\/\/tomajazz.com\/web\/wp-json\/wp\/v2\/media\/545"}],"wp:attachment":[{"href":"https:\/\/tomajazz.com\/web\/wp-json\/wp\/v2\/media?parent=527"}],"wp:term":[{"taxonomy":"category","embeddable":true,"href":"https:\/\/tomajazz.com\/web\/wp-json\/wp\/v2\/categories?post=527"},{"taxonomy":"post_tag","embeddable":true,"href":"https:\/\/tomajazz.com\/web\/wp-json\/wp\/v2\/tags?post=527"}],"curies":[{"name":"wp","href":"https:\/\/api.w.org\/{rel}","templated":true}]}}