{"id":52964,"date":"2020-11-17T12:00:27","date_gmt":"2020-11-17T11:00:27","guid":{"rendered":"https:\/\/www.tomajazz.com\/web\/?p=52964"},"modified":"2020-11-16T18:19:39","modified_gmt":"2020-11-16T17:19:39","slug":"instantzz-sophie-bernardo-32eme-festival-jazzebre-la-casa-musicale-perpignan-francia-2020-10-17-galeria-fotografica-aka-fotoblog-de-jazz-impro-y-algo-mas-por-joan-cortes","status":"publish","type":"post","link":"https:\/\/tomajazz.com\/web\/instantzz-sophie-bernardo-32eme-festival-jazzebre-la-casa-musicale-perpignan-francia-2020-10-17-galeria-fotografica-aka-fotoblog-de-jazz-impro-y-algo-mas-por-joan-cortes\/","title":{"rendered":"INSTANTZZ: Sophie Bernardo (32\u00e8me Festival Jazz\u00e8bre \/ La Casa Musicale, Perpignan -Francia-.  2020-10-17) [Galer\u00eda fotogr\u00e1fica AKA Fotoblog de jazz, impro&#8230; y algo m\u00e1s] Por Joan Cort\u00e8s"},"content":{"rendered":"<ul>\n<li>Fecha: S\u00e1bado, 17 de octubre de 2020<\/li>\n<li>Lugar: Casa Musicale (Perpignan -France-)<\/li>\n<li>Grupo:<br \/>\n<strong>Sophie Bernardo<br \/>\n<\/strong>Sophie Bernardo, fagot, electr\u00f3nica y voz<\/li>\n<\/ul>\n<p style=\"text-align: center;\"><img loading=\"lazy\" decoding=\"async\" class=\"aligncenter size-full wp-image-52965\" src=\"https:\/\/tomajazz.com\/web\/wp-content\/uploads\/2020\/11\/01_Sph-Brnrd-Joan-Cortes_17oct20_La-Casa-Musicale_32Jzzbr_Prpgnn.jpg\" alt=\"\" width=\"600\" height=\"399\" title=\"\" srcset=\"https:\/\/tomajazz.com\/web\/wp-content\/uploads\/2020\/11\/01_Sph-Brnrd-Joan-Cortes_17oct20_La-Casa-Musicale_32Jzzbr_Prpgnn.jpg 600w, https:\/\/tomajazz.com\/web\/wp-content\/uploads\/2020\/11\/01_Sph-Brnrd-Joan-Cortes_17oct20_La-Casa-Musicale_32Jzzbr_Prpgnn-200x133.jpg 200w, https:\/\/tomajazz.com\/web\/wp-content\/uploads\/2020\/11\/01_Sph-Brnrd-Joan-Cortes_17oct20_La-Casa-Musicale_32Jzzbr_Prpgnn-60x40.jpg 60w, https:\/\/tomajazz.com\/web\/wp-content\/uploads\/2020\/11\/01_Sph-Brnrd-Joan-Cortes_17oct20_La-Casa-Musicale_32Jzzbr_Prpgnn-120x80.jpg 120w\" sizes=\"auto, (max-width: 600px) 100vw, 600px\" \/> <img loading=\"lazy\" decoding=\"async\" class=\"aligncenter size-large wp-image-52966\" src=\"https:\/\/tomajazz.com\/web\/wp-content\/uploads\/2020\/11\/02_Sph-Brnrd-Joan-Cortes_17oct20_La-Casa-Musicale_32Jzzbr_Prpgnn.jpg\" alt=\"\" width=\"399\" height=\"600\" title=\"\" srcset=\"https:\/\/tomajazz.com\/web\/wp-content\/uploads\/2020\/11\/02_Sph-Brnrd-Joan-Cortes_17oct20_La-Casa-Musicale_32Jzzbr_Prpgnn.jpg 399w, https:\/\/tomajazz.com\/web\/wp-content\/uploads\/2020\/11\/02_Sph-Brnrd-Joan-Cortes_17oct20_La-Casa-Musicale_32Jzzbr_Prpgnn-200x300.jpg 200w\" sizes=\"auto, (max-width: 399px) 100vw, 399px\" \/> <img loading=\"lazy\" decoding=\"async\" class=\"aligncenter size-large wp-image-52967\" src=\"https:\/\/tomajazz.com\/web\/wp-content\/uploads\/2020\/11\/03_Sph-Brnrd-Joan-Cortes_17oct20_La-Casa-Musicale_32Jzzbr_Prpgnn.jpg\" alt=\"\" width=\"600\" height=\"399\" title=\"\" srcset=\"https:\/\/tomajazz.com\/web\/wp-content\/uploads\/2020\/11\/03_Sph-Brnrd-Joan-Cortes_17oct20_La-Casa-Musicale_32Jzzbr_Prpgnn.jpg 600w, https:\/\/tomajazz.com\/web\/wp-content\/uploads\/2020\/11\/03_Sph-Brnrd-Joan-Cortes_17oct20_La-Casa-Musicale_32Jzzbr_Prpgnn-200x133.jpg 200w, https:\/\/tomajazz.com\/web\/wp-content\/uploads\/2020\/11\/03_Sph-Brnrd-Joan-Cortes_17oct20_La-Casa-Musicale_32Jzzbr_Prpgnn-60x40.jpg 60w, https:\/\/tomajazz.com\/web\/wp-content\/uploads\/2020\/11\/03_Sph-Brnrd-Joan-Cortes_17oct20_La-Casa-Musicale_32Jzzbr_Prpgnn-120x80.jpg 120w\" sizes=\"auto, (max-width: 600px) 100vw, 600px\" \/> <img loading=\"lazy\" decoding=\"async\" class=\"aligncenter size-large wp-image-52968\" src=\"https:\/\/tomajazz.com\/web\/wp-content\/uploads\/2020\/11\/04_Sph-Brnrd-Joan-Cortes_17oct20_La-Casa-Musicale_32Jzzbr_Prpgnn.jpg\" alt=\"\" width=\"600\" height=\"399\" title=\"\" srcset=\"https:\/\/tomajazz.com\/web\/wp-content\/uploads\/2020\/11\/04_Sph-Brnrd-Joan-Cortes_17oct20_La-Casa-Musicale_32Jzzbr_Prpgnn.jpg 600w, https:\/\/tomajazz.com\/web\/wp-content\/uploads\/2020\/11\/04_Sph-Brnrd-Joan-Cortes_17oct20_La-Casa-Musicale_32Jzzbr_Prpgnn-200x133.jpg 200w, https:\/\/tomajazz.com\/web\/wp-content\/uploads\/2020\/11\/04_Sph-Brnrd-Joan-Cortes_17oct20_La-Casa-Musicale_32Jzzbr_Prpgnn-60x40.jpg 60w, https:\/\/tomajazz.com\/web\/wp-content\/uploads\/2020\/11\/04_Sph-Brnrd-Joan-Cortes_17oct20_La-Casa-Musicale_32Jzzbr_Prpgnn-120x80.jpg 120w\" sizes=\"auto, (max-width: 600px) 100vw, 600px\" \/> <img loading=\"lazy\" decoding=\"async\" class=\"aligncenter size-large wp-image-52969\" src=\"https:\/\/tomajazz.com\/web\/wp-content\/uploads\/2020\/11\/05_Sph-Brnrd-Joan-Cortes_17oct20_La-Casa-Musicale_32Jzzbr_Prpgnn.jpg\" alt=\"\" width=\"600\" height=\"399\" title=\"\" srcset=\"https:\/\/tomajazz.com\/web\/wp-content\/uploads\/2020\/11\/05_Sph-Brnrd-Joan-Cortes_17oct20_La-Casa-Musicale_32Jzzbr_Prpgnn.jpg 600w, https:\/\/tomajazz.com\/web\/wp-content\/uploads\/2020\/11\/05_Sph-Brnrd-Joan-Cortes_17oct20_La-Casa-Musicale_32Jzzbr_Prpgnn-200x133.jpg 200w, https:\/\/tomajazz.com\/web\/wp-content\/uploads\/2020\/11\/05_Sph-Brnrd-Joan-Cortes_17oct20_La-Casa-Musicale_32Jzzbr_Prpgnn-60x40.jpg 60w, https:\/\/tomajazz.com\/web\/wp-content\/uploads\/2020\/11\/05_Sph-Brnrd-Joan-Cortes_17oct20_La-Casa-Musicale_32Jzzbr_Prpgnn-120x80.jpg 120w\" sizes=\"auto, (max-width: 600px) 100vw, 600px\" \/> <img loading=\"lazy\" decoding=\"async\" class=\"aligncenter size-large wp-image-52970\" src=\"https:\/\/tomajazz.com\/web\/wp-content\/uploads\/2020\/11\/06_Sph-Brnrd-Joan-Cortes_17oct20_La-Casa-Musicale_32Jzzbr_Prpgnn.jpg\" alt=\"\" width=\"399\" height=\"600\" title=\"\" srcset=\"https:\/\/tomajazz.com\/web\/wp-content\/uploads\/2020\/11\/06_Sph-Brnrd-Joan-Cortes_17oct20_La-Casa-Musicale_32Jzzbr_Prpgnn.jpg 399w, https:\/\/tomajazz.com\/web\/wp-content\/uploads\/2020\/11\/06_Sph-Brnrd-Joan-Cortes_17oct20_La-Casa-Musicale_32Jzzbr_Prpgnn-200x300.jpg 200w\" sizes=\"auto, (max-width: 399px) 100vw, 399px\" \/> <img loading=\"lazy\" decoding=\"async\" class=\"aligncenter size-large wp-image-52971\" src=\"https:\/\/tomajazz.com\/web\/wp-content\/uploads\/2020\/11\/07_Sph-Brnrd-Joan-Cortes_17oct20_La-Casa-Musicale_32Jzzbr_Prpgnn.jpg\" alt=\"\" width=\"600\" height=\"399\" title=\"\" srcset=\"https:\/\/tomajazz.com\/web\/wp-content\/uploads\/2020\/11\/07_Sph-Brnrd-Joan-Cortes_17oct20_La-Casa-Musicale_32Jzzbr_Prpgnn.jpg 600w, https:\/\/tomajazz.com\/web\/wp-content\/uploads\/2020\/11\/07_Sph-Brnrd-Joan-Cortes_17oct20_La-Casa-Musicale_32Jzzbr_Prpgnn-200x133.jpg 200w, https:\/\/tomajazz.com\/web\/wp-content\/uploads\/2020\/11\/07_Sph-Brnrd-Joan-Cortes_17oct20_La-Casa-Musicale_32Jzzbr_Prpgnn-60x40.jpg 60w, https:\/\/tomajazz.com\/web\/wp-content\/uploads\/2020\/11\/07_Sph-Brnrd-Joan-Cortes_17oct20_La-Casa-Musicale_32Jzzbr_Prpgnn-120x80.jpg 120w\" sizes=\"auto, (max-width: 600px) 100vw, 600px\" \/> <img loading=\"lazy\" decoding=\"async\" class=\"aligncenter size-large wp-image-52972\" src=\"https:\/\/tomajazz.com\/web\/wp-content\/uploads\/2020\/11\/08_Sph-Brnrd-Joan-Cortes_17oct20_La-Casa-Musicale_32Jzzbr_Prpgnn.jpg\" alt=\"\" width=\"600\" height=\"399\" title=\"\" srcset=\"https:\/\/tomajazz.com\/web\/wp-content\/uploads\/2020\/11\/08_Sph-Brnrd-Joan-Cortes_17oct20_La-Casa-Musicale_32Jzzbr_Prpgnn.jpg 600w, https:\/\/tomajazz.com\/web\/wp-content\/uploads\/2020\/11\/08_Sph-Brnrd-Joan-Cortes_17oct20_La-Casa-Musicale_32Jzzbr_Prpgnn-200x133.jpg 200w, https:\/\/tomajazz.com\/web\/wp-content\/uploads\/2020\/11\/08_Sph-Brnrd-Joan-Cortes_17oct20_La-Casa-Musicale_32Jzzbr_Prpgnn-60x40.jpg 60w, https:\/\/tomajazz.com\/web\/wp-content\/uploads\/2020\/11\/08_Sph-Brnrd-Joan-Cortes_17oct20_La-Casa-Musicale_32Jzzbr_Prpgnn-120x80.jpg 120w\" sizes=\"auto, (max-width: 600px) 100vw, 600px\" \/> <img loading=\"lazy\" decoding=\"async\" class=\"aligncenter size-large wp-image-52973\" src=\"https:\/\/tomajazz.com\/web\/wp-content\/uploads\/2020\/11\/09_Sph-Brnrd-Joan-Cortes_17oct20_La-Casa-Musicale_32Jzzbr_Prpgnn.jpg\" alt=\"\" width=\"600\" height=\"399\" title=\"\" srcset=\"https:\/\/tomajazz.com\/web\/wp-content\/uploads\/2020\/11\/09_Sph-Brnrd-Joan-Cortes_17oct20_La-Casa-Musicale_32Jzzbr_Prpgnn.jpg 600w, https:\/\/tomajazz.com\/web\/wp-content\/uploads\/2020\/11\/09_Sph-Brnrd-Joan-Cortes_17oct20_La-Casa-Musicale_32Jzzbr_Prpgnn-200x133.jpg 200w, https:\/\/tomajazz.com\/web\/wp-content\/uploads\/2020\/11\/09_Sph-Brnrd-Joan-Cortes_17oct20_La-Casa-Musicale_32Jzzbr_Prpgnn-60x40.jpg 60w, https:\/\/tomajazz.com\/web\/wp-content\/uploads\/2020\/11\/09_Sph-Brnrd-Joan-Cortes_17oct20_La-Casa-Musicale_32Jzzbr_Prpgnn-120x80.jpg 120w\" sizes=\"auto, (max-width: 600px) 100vw, 600px\" \/><\/p>\n<p style=\"text-align: right;\">Tomajazz: \u00a9\u00a0<strong>Joan Cort\u00e8s<\/strong>, 2020<\/p>\n","protected":false},"excerpt":{"rendered":"<p>Joan Cort\u00e8s retrata a la fagotista Sophie Bernardo en su concierto en Sophie Bernardo 32\u00e8me Festival Jazz\u00e8bre de Perpignan (Francia). <span class=\"more-link\"><a href=\"https:\/\/tomajazz.com\/web\/instantzz-sophie-bernardo-32eme-festival-jazzebre-la-casa-musicale-perpignan-francia-2020-10-17-galeria-fotografica-aka-fotoblog-de-jazz-impro-y-algo-mas-por-joan-cortes\/\">Contin\u00faa leyendo<\/a><\/span><\/p>\n","protected":false},"author":1,"featured_media":52968,"comment_status":"open","ping_status":"closed","sticky":false,"template":"","format":"standard","meta":{"jetpack_post_was_ever_published":false,"_jetpack_newsletter_access":"","_jetpack_dont_email_post_to_subs":false,"_jetpack_newsletter_tier_id":0,"_jetpack_memberships_contains_paywalled_content":false,"_jetpack_memberships_contains_paid_content":false,"footnotes":""},"categories":[11261,17853,11262,15516,1038],"tags":[1041,21881],"class_list":["entry","author-pachi","has-excerpt","post-52964","post","type-post","status-publish","format-standard","has-post-thumbnail","category-instantzz","category-joan-cortes","category-photoblogs","category-imagenes","category-contenidos","tag-joan-cortes","tag-sophie-bernardo"],"jetpack_featured_media_url":"https:\/\/tomajazz.com\/web\/wp-content\/uploads\/2020\/11\/04_Sph-Brnrd-Joan-Cortes_17oct20_La-Casa-Musicale_32Jzzbr_Prpgnn.jpg","jetpack_likes_enabled":true,"jetpack_sharing_enabled":true,"jetpack-related-posts":[{"id":92470,"url":"https:\/\/tomajazz.com\/web\/sophie-alour-jazzebre-2024\/","url_meta":{"origin":52964,"position":0},"title":"Sophie Alour (36\u00e8me Jazz\u00e8bre \/ Th\u00e9\u00e2tre Municipal, 2024-10-12. Perpignan -France-) [VI] Por Joan Cort\u00e8s [INSTANTZZ AKA Galer\u00eda fotogr\u00e1fica AKA Fotoblog de jazz, impro\u2026 y algo m\u00e1s]","author":"Tomajazz","date":"30 noviembre, 2024","format":false,"excerpt":"Sophie Alour actu\u00f3 en 36\u00e8me Jazz\u00e8bre en Perpignan, el 12 de octubre de 2024. Joan Cort\u00e8s retrata a la saxofonista en INSTANTZZ. Actuaron Sophie Alour, Pierre Perchaud, Guillaume Latil, Fabrice Moreau","rel":"","context":"En \u00ab36 Jazz\u00e8bre 2024\u00bb","block_context":{"text":"36 Jazz\u00e8bre 2024","link":"https:\/\/tomajazz.com\/web\/category\/contenidos\/especial-contenidos\/36eme-jazzebre-2024\/"},"img":{"alt_text":"Sophie Alour (36\u00e8me Jazz\u00e8bre \/ Th\u00e9\u00e2tre Municipal, 2024-10-12. Perpignan -France-) [VI] Por Joan Cort\u00e8s [INSTANTZZ AKA Galer\u00eda fotogr\u00e1fica AKA Fotoblog de jazz, impro\u2026 y algo m\u00e1s] - Tomajazz - Sophie Alour actu\u00f3 en 36\u00e8me Jazz\u00e8bre en Perpignan, el 12 de octubre de 2024. Joan Cort\u00e8s retrata a la saxofonista en INSTANTZZ. Actuaron Sophie Alour, Pierre Perchaud, Guillaume Latil, Fabrice Moreau\n","src":"https:\/\/i0.wp.com\/tomajazz.com\/web\/wp-content\/uploads\/2024\/11\/destacada-05-Sph-lr-4t-By-Joan-Cortes-12ctb24-36Jzzbr-Thtr-Mncpl-Prpgnn-bn.jpg?resize=350%2C200&ssl=1","width":350,"height":200,"srcset":"https:\/\/i0.wp.com\/tomajazz.com\/web\/wp-content\/uploads\/2024\/11\/destacada-05-Sph-lr-4t-By-Joan-Cortes-12ctb24-36Jzzbr-Thtr-Mncpl-Prpgnn-bn.jpg?resize=350%2C200&ssl=1 1x, https:\/\/i0.wp.com\/tomajazz.com\/web\/wp-content\/uploads\/2024\/11\/destacada-05-Sph-lr-4t-By-Joan-Cortes-12ctb24-36Jzzbr-Thtr-Mncpl-Prpgnn-bn.jpg?resize=525%2C300&ssl=1 1.5x"},"classes":[]},{"id":104962,"url":"https:\/\/tomajazz.com\/web\/bize-season-jazzebre-2026\/","url_meta":{"origin":52964,"position":1},"title":"BiZe (Season Jazz\u00e8bre \/ MAC-UPVD, 2026-03-12 \/ Perpignan -France-) [II] Por Joan Cort\u00e8s [INSTANTZZ AKA Galer\u00eda fotogr\u00e1fica AKA Fotoblog de jazz, impro\u2026 y algo m\u00e1s]","author":"Tomajazz","date":"19 abril, 2026","format":false,"excerpt":"BiZe actuaron en Season Jazz\u00e8bre 2026 en Perpignan (Francia), el 12 de marzo de 2026. Joan Cort\u00e8s lo retrata en INSTANTZZ. BiZe son Sylvaine H\u00e9lary, Robin Fincker","rel":"","context":"En \u00abSeason Jazz\u00e8bre 2026\u00bb","block_context":{"text":"Season Jazz\u00e8bre 2026","link":"https:\/\/tomajazz.com\/web\/category\/contenidos\/especial-contenidos\/season-jazzebre-2026\/"},"img":{"alt_text":"BiZe (Season Jazz\u00e8bre \/ MAC-UPVD, 2026-03-12 \/ Perpignan -France-) [II] Por Joan Cort\u00e8s [INSTANTZZ AKA Galer\u00eda fotogr\u00e1fica AKA Fotoblog de jazz, impro\u2026 y algo m\u00e1s] - Tomajazz - BiZe actuaron en Season Jazz\u00e8bre 2026 en Perpignan (Francia), el 12 de marzo de 2026. Joan Cort\u00e8s lo retrata en INSTANTZZ. BiZe son Sylvaine H\u00e9lary, Robin Fincker\n","src":"https:\/\/i0.wp.com\/tomajazz.com\/web\/wp-content\/uploads\/2026\/04\/DESTACADA-11-BZ-Photo-By-Joan-Cortes-12mrc26-Ssn-Jzzbr-MrC-nPVD-Prpny.jpg?resize=350%2C200&ssl=1","width":350,"height":200,"srcset":"https:\/\/i0.wp.com\/tomajazz.com\/web\/wp-content\/uploads\/2026\/04\/DESTACADA-11-BZ-Photo-By-Joan-Cortes-12mrc26-Ssn-Jzzbr-MrC-nPVD-Prpny.jpg?resize=350%2C200&ssl=1 1x, https:\/\/i0.wp.com\/tomajazz.com\/web\/wp-content\/uploads\/2026\/04\/DESTACADA-11-BZ-Photo-By-Joan-Cortes-12mrc26-Ssn-Jzzbr-MrC-nPVD-Prpny.jpg?resize=525%2C300&ssl=1 1.5x"},"classes":[]},{"id":101142,"url":"https:\/\/tomajazz.com\/web\/clea-torales-jazzebre-2025\/","url_meta":{"origin":52964,"position":2},"title":"Cl\u00e9a Torales \u00abBalade au Mus\u00e9e\u00bb (37 Jazz\u00e8bre \/ Mus\u00e9e d\u2019Art Hyacinthe Rigaud, 2025-10-12 \/ Perpignan -France-) [6] Por Joan Cort\u00e8s [INSTANTZZ AKA Galer\u00eda fotogr\u00e1fica AKA Fotoblog de jazz, impro\u2026 y algo m\u00e1s]","author":"Tomajazz","date":"30 octubre, 2025","format":false,"excerpt":"Cl\u00e9a Torales \u00abBalade au Mus\u00e9e\u00bb actu\u00f3 en el 37 Jazz\u00e8bre 2025 en Perpignan -Francia-. Joan Cort\u00e8s retrata el concierto en INSTANTZZ","rel":"","context":"En \u00ab37 Jazz\u00e8bre 2025\u00bb","block_context":{"text":"37 Jazz\u00e8bre 2025","link":"https:\/\/tomajazz.com\/web\/category\/contenidos\/especial-contenidos\/37-jazzebre-2025\/"},"img":{"alt_text":"Cl\u00e9a Torales \u00abBalade au Mus\u00e9e\u00bb (37 Jazz\u00e8bre \/ Mus\u00e9e d\u2019Art Hyacinthe Rigaud, 2025-10-12 \/ Perpignan -France-) [6] Por Joan Cort\u00e8s [INSTANTZZ AKA Galer\u00eda fotogr\u00e1fica AKA Fotoblog de jazz, impro\u2026 y algo m\u00e1s] - Tomajazz - Cl\u00e9a Torales \u00abBalade au Mus\u00e9e\u00bb actu\u00f3 en el 37 Jazz\u00e8bre 2025 en Perpignan -Francia-. Joan Cort\u00e8s retrata el concierto en INSTANTZZ","src":"https:\/\/i0.wp.com\/tomajazz.com\/web\/wp-content\/uploads\/2025\/10\/05-Cl-Trls-Joan-Cortes-12ctb25-MrHR-37Jzzbr-Prpgnn.jpg?resize=350%2C200&ssl=1","width":350,"height":200,"srcset":"https:\/\/i0.wp.com\/tomajazz.com\/web\/wp-content\/uploads\/2025\/10\/05-Cl-Trls-Joan-Cortes-12ctb25-MrHR-37Jzzbr-Prpgnn.jpg?resize=350%2C200&ssl=1 1x, https:\/\/i0.wp.com\/tomajazz.com\/web\/wp-content\/uploads\/2025\/10\/05-Cl-Trls-Joan-Cortes-12ctb25-MrHR-37Jzzbr-Prpgnn.jpg?resize=525%2C300&ssl=1 1.5x"},"classes":[]},{"id":104421,"url":"https:\/\/tomajazz.com\/web\/francesco-bearzatti-federico-casagrande-2026\/","url_meta":{"origin":52964,"position":3},"title":"Francesco Bearzatti &#038; Federico Casagrande (Season Jazz\u00e8bre \/ Palais Consulaire CCI, 2026-02-10 \/ Perpignan -France-) Por Joan Cort\u00e8s [INSTANTZZ AKA Galer\u00eda fotogr\u00e1fica AKA Fotoblog de jazz, impro\u2026 y algo m\u00e1s]","author":"Tomajazz","date":"16 marzo, 2026","format":false,"excerpt":"Francesco Bearzatti & Federico Casagrande actuaron en Season Jazz\u00e8bre en Perpignan, Francia, el 10 de febrero de 2026. Joan Cort\u00e8s lo retrata en INSTANTZZ","rel":"","context":"En \u00abSeason Jazz\u00e8bre 2026\u00bb","block_context":{"text":"Season Jazz\u00e8bre 2026","link":"https:\/\/tomajazz.com\/web\/category\/contenidos\/especial-contenidos\/season-jazzebre-2026\/"},"img":{"alt_text":"Francesco Bearzatti & Federico Casagrande (Season Jazz\u00e8bre \/ Palais Consulaire CCI, 2026-02-10 \/ Perpignan -France-) Por Joan Cort\u00e8s [INSTANTZZ AKA Galer\u00eda fotogr\u00e1fica AKA Fotoblog de jazz, impro\u2026 y algo m\u00e1s] - Tomajazz - Francesco Bearzatti & Federico Casagrande actuaron en Season Jazz\u00e8bre en Perpignan, Francia, el 10 de febrero de 2026. Joan Cort\u00e8s lo retrata en INSTANTZZ","src":"https:\/\/i0.wp.com\/tomajazz.com\/web\/wp-content\/uploads\/2026\/03\/destacada-03-Brztt-Csgrnd-Photo-By-Joan-Cortes-10fbr26-Ssn-Jzzbr-PC-CCI-Prpgnn.jpg?resize=350%2C200&ssl=1","width":350,"height":200,"srcset":"https:\/\/i0.wp.com\/tomajazz.com\/web\/wp-content\/uploads\/2026\/03\/destacada-03-Brztt-Csgrnd-Photo-By-Joan-Cortes-10fbr26-Ssn-Jzzbr-PC-CCI-Prpgnn.jpg?resize=350%2C200&ssl=1 1x, https:\/\/i0.wp.com\/tomajazz.com\/web\/wp-content\/uploads\/2026\/03\/destacada-03-Brztt-Csgrnd-Photo-By-Joan-Cortes-10fbr26-Ssn-Jzzbr-PC-CCI-Prpgnn.jpg?resize=525%2C300&ssl=1 1.5x"},"classes":[]},{"id":100822,"url":"https:\/\/tomajazz.com\/web\/gautier-garrigue-37-jazzebre-2025\/","url_meta":{"origin":52964,"position":4},"title":"Gautier Garrigue 4t \u00abLa Travers\u00e9e\u00bb (37 Jazz\u00e8bre \/ Th\u00e9\u00e2tre Municipal, 2025-10-11 \/ Perpignan -France-) Por Joan Cort\u00e8s [INSTANTZZ AKA Galer\u00eda fotogr\u00e1fica AKA Fotoblog de jazz, impro\u2026 y algo m\u00e1s]","author":"Tomajazz","date":"21 octubre, 2025","format":false,"excerpt":"Gautier Garrigue 4t \u00abLa Travers\u00e9e\u00bb actu\u00f3 en el 37 Jazz\u00e8bre 2025 en Perpignan -Francia-. Joan Cort\u00e8s lo retrata en INSTANTZZ. Actuaron Gautier Garrigue, Federico Cassagrande, Benjamin Moussay, Florent Nisse","rel":"","context":"En \u00ab*_Joan Cort\u00e8s\u00bb","block_context":{"text":"*_Joan Cort\u00e8s","link":"https:\/\/tomajazz.com\/web\/category\/joan-cortes\/"},"img":{"alt_text":"Gautier Garrigue 4t \u00abLa Travers\u00e9e\u00bb (37 Jazz\u00e8bre \/ Th\u00e9\u00e2tre Municipal, 2025-10-11 \/ Perpignan -France-) Por Joan Cort\u00e8s [INSTANTZZ AKA Galer\u00eda fotogr\u00e1fica AKA Fotoblog de jazz, impro\u2026 y algo m\u00e1s] - Tomajazz - Gautier Garrigue 4t \u00abLa Travers\u00e9e\u00bb actu\u00f3 en el 37 Jazz\u00e8bre 2025 en Perpignan -Francia-. Joan Cort\u00e8s lo retrata en INSTANTZZ. Actuaron Gautier Garrigue, Federico Cassagrande, Benjamin Moussay, Florent Nisse\n","src":"https:\/\/i0.wp.com\/tomajazz.com\/web\/wp-content\/uploads\/2025\/10\/destacada-05-Gtr-Grrges-4t-Photo-By-Joan-Cortes-11ctb25-TM-37JF-Prpgnn.jpg?resize=350%2C200&ssl=1","width":350,"height":200,"srcset":"https:\/\/i0.wp.com\/tomajazz.com\/web\/wp-content\/uploads\/2025\/10\/destacada-05-Gtr-Grrges-4t-Photo-By-Joan-Cortes-11ctb25-TM-37JF-Prpgnn.jpg?resize=350%2C200&ssl=1 1x, https:\/\/i0.wp.com\/tomajazz.com\/web\/wp-content\/uploads\/2025\/10\/destacada-05-Gtr-Grrges-4t-Photo-By-Joan-Cortes-11ctb25-TM-37JF-Prpgnn.jpg?resize=525%2C300&ssl=1 1.5x"},"classes":[]},{"id":38964,"url":"https:\/\/tomajazz.com\/web\/instantzz-ukui-doki-trio-temple-junas-occitanie-france-2018-07-18-galeria-fotografica\/","url_meta":{"origin":52964,"position":5},"title":"INSTANTZZ: Ukui Doki Trio (25\u00e8me Festival Jazz \u00e0 Junas, Temple, Junas \u2013Occitanie- \/ France. 2018-07-18) [Galer\u00eda fotogr\u00e1fica]","author":"Tomajazz","date":"2 octubre, 2018","format":false,"excerpt":"Por\u00a0Joan Cort\u00e8s. Fecha: Mi\u00e9rcoles, 18 de julio de 2018 Lugar: Temple ( Junas \u2013Occitanie- \/ France ) Grupo: Ukui Doki Trio Sophie Bernardo, fagot Hugues Mayot, saxo tenor y clarinete Rafa\u00eblle Rinaudo: arpa Tomajazz:\u00a0\u00a9\u00a0Joan Cort\u00e8s, 2018","rel":"","context":"En \u00ab*_Joan Cort\u00e8s\u00bb","block_context":{"text":"*_Joan Cort\u00e8s","link":"https:\/\/tomajazz.com\/web\/category\/joan-cortes\/"},"img":{"alt_text":"","src":"https:\/\/i0.wp.com\/tomajazz.com\/web\/wp-content\/uploads\/2018\/10\/08_k-Dk-Tr-%C2%A9Joan-Cort%C3%A8s_18jul18_Tmpl_25JzzJns_Jns.jpg?resize=350%2C200&ssl=1","width":350,"height":200,"srcset":"https:\/\/i0.wp.com\/tomajazz.com\/web\/wp-content\/uploads\/2018\/10\/08_k-Dk-Tr-%C2%A9Joan-Cort%C3%A8s_18jul18_Tmpl_25JzzJns_Jns.jpg?resize=350%2C200&ssl=1 1x, https:\/\/i0.wp.com\/tomajazz.com\/web\/wp-content\/uploads\/2018\/10\/08_k-Dk-Tr-%C2%A9Joan-Cort%C3%A8s_18jul18_Tmpl_25JzzJns_Jns.jpg?resize=525%2C300&ssl=1 1.5x"},"classes":[]}],"_links":{"self":[{"href":"https:\/\/tomajazz.com\/web\/wp-json\/wp\/v2\/posts\/52964","targetHints":{"allow":["GET"]}}],"collection":[{"href":"https:\/\/tomajazz.com\/web\/wp-json\/wp\/v2\/posts"}],"about":[{"href":"https:\/\/tomajazz.com\/web\/wp-json\/wp\/v2\/types\/post"}],"author":[{"embeddable":true,"href":"https:\/\/tomajazz.com\/web\/wp-json\/wp\/v2\/users\/1"}],"replies":[{"embeddable":true,"href":"https:\/\/tomajazz.com\/web\/wp-json\/wp\/v2\/comments?post=52964"}],"version-history":[{"count":1,"href":"https:\/\/tomajazz.com\/web\/wp-json\/wp\/v2\/posts\/52964\/revisions"}],"predecessor-version":[{"id":52974,"href":"https:\/\/tomajazz.com\/web\/wp-json\/wp\/v2\/posts\/52964\/revisions\/52974"}],"wp:featuredmedia":[{"embeddable":true,"href":"https:\/\/tomajazz.com\/web\/wp-json\/wp\/v2\/media\/52968"}],"wp:attachment":[{"href":"https:\/\/tomajazz.com\/web\/wp-json\/wp\/v2\/media?parent=52964"}],"wp:term":[{"taxonomy":"category","embeddable":true,"href":"https:\/\/tomajazz.com\/web\/wp-json\/wp\/v2\/categories?post=52964"},{"taxonomy":"post_tag","embeddable":true,"href":"https:\/\/tomajazz.com\/web\/wp-json\/wp\/v2\/tags?post=52964"}],"curies":[{"name":"wp","href":"https:\/\/api.w.org\/{rel}","templated":true}]}}