{"id":53628,"date":"2021-01-13T12:00:08","date_gmt":"2021-01-13T11:00:08","guid":{"rendered":"https:\/\/www.tomajazz.com\/web\/?p=53628"},"modified":"2021-01-12T22:59:32","modified_gmt":"2021-01-12T21:59:32","slug":"barcelona-art-orchestra-bao-revisiting-the-godfather-lauditori-sala-2-oriol-martorell-barcelona-2021-01-09-conciertos-de-jazz-por-joan-cortes","status":"publish","type":"post","link":"https:\/\/tomajazz.com\/web\/barcelona-art-orchestra-bao-revisiting-the-godfather-lauditori-sala-2-oriol-martorell-barcelona-2021-01-09-conciertos-de-jazz-por-joan-cortes\/","title":{"rendered":"Barcelona Art Orchestra -BAO- \u201cRevisiting The Godfather\u201d (L\u2019Auditori, sala 2 Oriol Martorell, Barcelona. 2021-01-09) [Conciertos de jazz] Por Joan Cort\u00e8s."},"content":{"rendered":"<ul>\n<li>Fecha: S\u00e1bado, 09 de enero de 2021<\/li>\n<li>Lugar: L\u2019Auditori, Sala 2 Oriol Martorell (Barcelona)<\/li>\n<li>Grupo:<br \/>\n<strong>Barcelona Art Orchestra -BAO-<br \/>\n<\/strong>Llu\u00eds Vidal, piano, direcci\u00f3n y composici\u00f3n<br \/>\nN\u00e9stor Gim\u00e9nez, piano, cantante, direcci\u00f3n y composici\u00f3n<br \/>\nLaura Pou, flauta y picolo<br \/>\nGabriel Amargant, saxo alto, soprano y clarinete<br \/>\nLluc Casares, saxo tenor, clarinete, flauta y composici\u00f3n<br \/>\nMarcel\u00b7l\u00ed Bayer, saxo alto, tenor y bar\u00edtono, clarinete y clarinete bajo<br \/>\n\u00c1lvaro Oc\u00f3n, trompeta<br \/>\nJoan Mar Sauqu\u00e9, trompeta<br \/>\nAlba Careta, trompeta<br \/>\nPau Vall, trompa<br \/>\nAlba Pujals, tromb\u00f3n<br \/>\nApel\u00b7les Carod, viol\u00edn<br \/>\nMarta Roma, violonchelo<br \/>\nAdri\u00e0 Plana, guitarra<br \/>\nGiusepe Campisi, contrabajo y bajo<br \/>\nPilar Subir\u00e0, percusi\u00f3n<br \/>\nJoan Vidal, bater\u00eda y composici\u00f3n<br \/>\nFerran Conangla, sonido<\/li>\n<\/ul>\n<p>Alborear el 2021 con el parto de una orquesta, ya es en s\u00ed mismo una remarcable noticia y si adem\u00e1s suena a primer nivel, tal como lo hizo la BAO, tenemos una celebraci\u00f3n doble.<\/p>\n<p style=\"text-align: center;\"><img loading=\"lazy\" decoding=\"async\" class=\"aligncenter size-full wp-image-53629\" src=\"https:\/\/tomajazz.com\/web\/wp-content\/uploads\/2021\/01\/01_Brcln-rt-rchstr-Joan-Cortes_11gen21_LA-s2OM_Brcln.jpg\" alt=\"\" width=\"600\" height=\"400\" title=\"\" srcset=\"https:\/\/tomajazz.com\/web\/wp-content\/uploads\/2021\/01\/01_Brcln-rt-rchstr-Joan-Cortes_11gen21_LA-s2OM_Brcln.jpg 600w, https:\/\/tomajazz.com\/web\/wp-content\/uploads\/2021\/01\/01_Brcln-rt-rchstr-Joan-Cortes_11gen21_LA-s2OM_Brcln-200x133.jpg 200w, https:\/\/tomajazz.com\/web\/wp-content\/uploads\/2021\/01\/01_Brcln-rt-rchstr-Joan-Cortes_11gen21_LA-s2OM_Brcln-60x40.jpg 60w, https:\/\/tomajazz.com\/web\/wp-content\/uploads\/2021\/01\/01_Brcln-rt-rchstr-Joan-Cortes_11gen21_LA-s2OM_Brcln-120x80.jpg 120w\" sizes=\"auto, (max-width: 600px) 100vw, 600px\" \/><\/p>\n<p>Durante unos treinta y tres a\u00f1os, desde 1977, los austr\u00edacos, y m\u00e1s concretamente los vieneses, pudieron disfrutar regularmente de la Vienna Art Ochestra (VAO) dirigida por Mathias R\u00fcegg, compositor de buena parte de su temario adem\u00e1s de abrazar, entre otros, a Ellington, Mingus, Wagner o Satie. Hasta su disoluci\u00f3n en el 2010, por problemas econ\u00f3micos, grabaron una trentena de proyectos.<\/p>\n<p>En el a\u00f1o 1986, a instancias del ministerio de cultura franc\u00e9s, se cre\u00f3 la Orchestre National de Jazz (ONJ). Actualmente, con sus treinta y cuatro a\u00f1os, sigue gozando de buena salud y amplia variedad musical. Aproximadamente cada tres a\u00f1os cambia de director, que a su vez determina los nuevos componentes, con total libertad para elegir la l\u00ednea musical a seguir. Desde su primer director, el saxofonista Fran\u00e7oise Jeanneau, hasta el actual, el guitarrista <a href=\"https:\/\/tomajazz.com\/web\/?p=47821\" target=\"_blank\" rel=\"noopener\">Fr\u00e9d\u00e9ric Mauri<\/a>, doce han sido sus m\u00e1ximos responsables, con una n\u00f3mina de m\u00fasicos que supera largamente la centena, entre ellos el baterista alicantino <a href=\"https:\/\/tomajazz.com\/web\/?p=50877\" target=\"_blank\" rel=\"noopener\">Ram\u00f3n L\u00f3pez<\/a>. Han publicado una trentena de grabaciones, desde composiciones originales de corte abierto y contempor\u00e1neo hasta revisitas a Robert Wyatt, Led Zeppelin o Astor Piazzola.<\/p>\n<p style=\"text-align: center;\"><img loading=\"lazy\" decoding=\"async\" class=\"aligncenter size-full wp-image-53630\" src=\"https:\/\/tomajazz.com\/web\/wp-content\/uploads\/2021\/01\/02_Brcln-rt-rchstr-Joan-Cortes_11gen21_LA-s2OM_Brcln.jpg\" alt=\"\" width=\"600\" height=\"400\" title=\"\" srcset=\"https:\/\/tomajazz.com\/web\/wp-content\/uploads\/2021\/01\/02_Brcln-rt-rchstr-Joan-Cortes_11gen21_LA-s2OM_Brcln.jpg 600w, https:\/\/tomajazz.com\/web\/wp-content\/uploads\/2021\/01\/02_Brcln-rt-rchstr-Joan-Cortes_11gen21_LA-s2OM_Brcln-200x133.jpg 200w, https:\/\/tomajazz.com\/web\/wp-content\/uploads\/2021\/01\/02_Brcln-rt-rchstr-Joan-Cortes_11gen21_LA-s2OM_Brcln-60x40.jpg 60w, https:\/\/tomajazz.com\/web\/wp-content\/uploads\/2021\/01\/02_Brcln-rt-rchstr-Joan-Cortes_11gen21_LA-s2OM_Brcln-120x80.jpg 120w\" sizes=\"auto, (max-width: 600px) 100vw, 600px\" \/><\/p>\n<p>Nos situamos en la capital catalana, donde el pasado s\u00e1bado 9 de enero, lluvioso y frio, se estrenaba la Barcelona Art Orchestra (BAO), con el objetivo de convertirse en una Orquestra Nacional de Jazz, abierta a distintos autores y disciplinas art\u00edsticas. Para la ocasi\u00f3n contaron con dos directores, los dos pianistas de la formaci\u00f3n, que se iban intercambiando los papeles, <a href=\"https:\/\/tomajazz.com\/web\/?p=44594\" target=\"_blank\" rel=\"noopener\">Llu\u00eds Vidal<\/a> y <a href=\"https:\/\/tomajazz.com\/web\/?p=30235\" target=\"_blank\" rel=\"noopener\">N\u00e9stor Gim\u00e9nez<\/a> -tambi\u00e9n en funci\u00f3n de <em>crooner<\/em>, a lo Al Martino, en el \u00fanico tema cantado-. Con cuatro compositores, los dos directores mencionados m\u00e1s el baterista Joan Vidal y el saxofonista Lluc Casares, adem\u00e1s de contar con dos compositores invitados, <a href=\"https:\/\/tomajazz.com\/web\/?p=35608\" target=\"_blank\" rel=\"noopener\">Joan Albert Amarg\u00f3s<\/a> y <a href=\"https:\/\/tomajazz.com\/web\/?p=50613\" target=\"_blank\" rel=\"noopener\">Joan Sanmart\u00ed<\/a>.<\/p>\n<p style=\"text-align: center;\"><img loading=\"lazy\" decoding=\"async\" class=\"aligncenter size-full wp-image-53631\" src=\"https:\/\/tomajazz.com\/web\/wp-content\/uploads\/2021\/01\/03_Brcln-rt-rchstr-Joan-Cortes_11gen21_LA-s2OM_Brcln.jpg\" alt=\"\" width=\"600\" height=\"400\" title=\"\" srcset=\"https:\/\/tomajazz.com\/web\/wp-content\/uploads\/2021\/01\/03_Brcln-rt-rchstr-Joan-Cortes_11gen21_LA-s2OM_Brcln.jpg 600w, https:\/\/tomajazz.com\/web\/wp-content\/uploads\/2021\/01\/03_Brcln-rt-rchstr-Joan-Cortes_11gen21_LA-s2OM_Brcln-200x133.jpg 200w, https:\/\/tomajazz.com\/web\/wp-content\/uploads\/2021\/01\/03_Brcln-rt-rchstr-Joan-Cortes_11gen21_LA-s2OM_Brcln-60x40.jpg 60w, https:\/\/tomajazz.com\/web\/wp-content\/uploads\/2021\/01\/03_Brcln-rt-rchstr-Joan-Cortes_11gen21_LA-s2OM_Brcln-120x80.jpg 120w\" sizes=\"auto, (max-width: 600px) 100vw, 600px\" \/><\/p>\n<p>El t\u00edtulo para su presentaci\u00f3n fue el expl\u00edcito, \u201cRevisiting The Godfhater\u201d, basado en la banda sonora de la aplaudida trilog\u00eda cinematograf\u00eda de Francis Ford Coppola, compuesta mayoritariamente por Nino Rota y aportaciones de Carmine Coppola. Composiciones\/relecturas centradas mayoritariamente en el \u201cLove theme\u201d (el archiconocido \u201cestoy sintiendo tu perfume embriagador\u201d, que populariz\u00f3 melosamente en su d\u00eda, en ingl\u00e9s y en castellano, el cantante Andy Williams), plasmadas todas ellas de forma selecta, bien alejadas de cualquier tipo az\u00facar, azucarillo o suced\u00e1neo.<\/p>\n<p style=\"text-align: center;\"><img loading=\"lazy\" decoding=\"async\" class=\"aligncenter size-full wp-image-53632\" src=\"https:\/\/tomajazz.com\/web\/wp-content\/uploads\/2021\/01\/04_Brcln-rt-rchstr-Joan-Cortes_11gen21_LA-s2OM_Brcln.jpg\" alt=\"\" width=\"600\" height=\"400\" title=\"\" srcset=\"https:\/\/tomajazz.com\/web\/wp-content\/uploads\/2021\/01\/04_Brcln-rt-rchstr-Joan-Cortes_11gen21_LA-s2OM_Brcln.jpg 600w, https:\/\/tomajazz.com\/web\/wp-content\/uploads\/2021\/01\/04_Brcln-rt-rchstr-Joan-Cortes_11gen21_LA-s2OM_Brcln-200x133.jpg 200w, https:\/\/tomajazz.com\/web\/wp-content\/uploads\/2021\/01\/04_Brcln-rt-rchstr-Joan-Cortes_11gen21_LA-s2OM_Brcln-60x40.jpg 60w, https:\/\/tomajazz.com\/web\/wp-content\/uploads\/2021\/01\/04_Brcln-rt-rchstr-Joan-Cortes_11gen21_LA-s2OM_Brcln-120x80.jpg 120w\" sizes=\"auto, (max-width: 600px) 100vw, 600px\" \/><\/p>\n<p>Una orquesta de diecisiete m\u00fasicos de diferentes edades, constituida por dos pianistas, un viol\u00edn, una violonchelista, un contrabajista, una percusionista, un baterista, una flautista, tres saxofonistas, tres trompetas, un trompa y una trombonista.<\/p>\n<p style=\"text-align: center;\"><img loading=\"lazy\" decoding=\"async\" class=\"aligncenter size-full wp-image-53633\" src=\"https:\/\/tomajazz.com\/web\/wp-content\/uploads\/2021\/01\/05_Brcln-rt-rchstr-Joan-Cortes_11gen21_LA-s2OM_Brcln.jpg\" alt=\"\" width=\"400\" height=\"600\" title=\"\" srcset=\"https:\/\/tomajazz.com\/web\/wp-content\/uploads\/2021\/01\/05_Brcln-rt-rchstr-Joan-Cortes_11gen21_LA-s2OM_Brcln.jpg 400w, https:\/\/tomajazz.com\/web\/wp-content\/uploads\/2021\/01\/05_Brcln-rt-rchstr-Joan-Cortes_11gen21_LA-s2OM_Brcln-200x300.jpg 200w\" sizes=\"auto, (max-width: 400px) 100vw, 400px\" \/><\/p>\n<p>Fue un estreno de altos vuelos, con composiciones y arreglos exquisitos, un trabajo compacto y bien aunado, con solistas de primer nivel, donde no faltaron sus peque\u00f1as dosis de buen humor y distensi\u00f3n. Con la sonorizaci\u00f3n impecable de Ferran Conangla, un componente, en la oscuridad, indiscutible de esta formaci\u00f3n, acogido en la sala 2 Oriol Martorell de L\u2019Auditori de Barcelona.<\/p>\n<p style=\"text-align: center;\"><img loading=\"lazy\" decoding=\"async\" class=\"aligncenter size-full wp-image-53634\" src=\"https:\/\/tomajazz.com\/web\/wp-content\/uploads\/2021\/01\/06_Brcln-rt-rchstr-Joan-Cortes_09gen2021_Ldtr_Bcn.jpg\" alt=\"\" width=\"600\" height=\"400\" title=\"\" srcset=\"https:\/\/tomajazz.com\/web\/wp-content\/uploads\/2021\/01\/06_Brcln-rt-rchstr-Joan-Cortes_09gen2021_Ldtr_Bcn.jpg 600w, https:\/\/tomajazz.com\/web\/wp-content\/uploads\/2021\/01\/06_Brcln-rt-rchstr-Joan-Cortes_09gen2021_Ldtr_Bcn-200x133.jpg 200w, https:\/\/tomajazz.com\/web\/wp-content\/uploads\/2021\/01\/06_Brcln-rt-rchstr-Joan-Cortes_09gen2021_Ldtr_Bcn-60x40.jpg 60w, https:\/\/tomajazz.com\/web\/wp-content\/uploads\/2021\/01\/06_Brcln-rt-rchstr-Joan-Cortes_09gen2021_Ldtr_Bcn-120x80.jpg 120w\" sizes=\"auto, (max-width: 600px) 100vw, 600px\" \/><\/p>\n<p>Una orquesta que si tiene la continuaci\u00f3n y el apoyo deseable promete depararnos interesantes y estimulantes proyectos. La pr\u00f3xima parada \u201cmafiosa\u201d est\u00e1 prevista para mediados de marzo en el 31\u00e8 JazzGranollers Festival.<\/p>\n<p style=\"text-align: center;\"><img loading=\"lazy\" decoding=\"async\" class=\"aligncenter size-full wp-image-53635\" src=\"https:\/\/tomajazz.com\/web\/wp-content\/uploads\/2021\/01\/07_Brcln-rt-rchstr-Joan-Cortes_11gen21_LA-s2OM_Brcln.jpg\" alt=\"\" width=\"600\" height=\"400\" title=\"\" srcset=\"https:\/\/tomajazz.com\/web\/wp-content\/uploads\/2021\/01\/07_Brcln-rt-rchstr-Joan-Cortes_11gen21_LA-s2OM_Brcln.jpg 600w, https:\/\/tomajazz.com\/web\/wp-content\/uploads\/2021\/01\/07_Brcln-rt-rchstr-Joan-Cortes_11gen21_LA-s2OM_Brcln-200x133.jpg 200w, https:\/\/tomajazz.com\/web\/wp-content\/uploads\/2021\/01\/07_Brcln-rt-rchstr-Joan-Cortes_11gen21_LA-s2OM_Brcln-60x40.jpg 60w, https:\/\/tomajazz.com\/web\/wp-content\/uploads\/2021\/01\/07_Brcln-rt-rchstr-Joan-Cortes_11gen21_LA-s2OM_Brcln-120x80.jpg 120w\" sizes=\"auto, (max-width: 600px) 100vw, 600px\" \/><\/p>\n<p style=\"text-align: right;\">Texto e im\u00e1genes: \u00a9 <strong>Joan Cort\u00e8s<\/strong>, 2020<\/p>\n","protected":false},"excerpt":{"rendered":"<p>Joan Cort\u00e8s relata y retrata el estreno en directo de Barcelona Art Orchestra -BAO- con su proyecto \u201cRevisiting The Godfather\u201d, el pasado 9 de enero en Barcelona. <span class=\"more-link\"><a href=\"https:\/\/tomajazz.com\/web\/barcelona-art-orchestra-bao-revisiting-the-godfather-lauditori-sala-2-oriol-martorell-barcelona-2021-01-09-conciertos-de-jazz-por-joan-cortes\/\">Contin\u00faa leyendo<\/a><\/span><\/p>\n","protected":false},"author":1,"featured_media":53629,"comment_status":"open","ping_status":"closed","sticky":false,"template":"","format":"standard","meta":{"jetpack_post_was_ever_published":false,"_jetpack_newsletter_access":"","_jetpack_dont_email_post_to_subs":false,"_jetpack_newsletter_tier_id":0,"_jetpack_memberships_contains_paywalled_content":false,"_jetpack_memberships_contains_paid_content":false,"footnotes":""},"categories":[4,17853,15517,1038],"tags":[1170,11694,25104,22941,21282,25101,7660,1169,25106,1041,17251,1168,25102,10999,12064,25105,19358,25103,25107],"class_list":["entry","author-pachi","has-excerpt","post-53628","post","type-post","status-publish","format-standard","has-post-thumbnail","category-conciertos","category-joan-cortes","category-textos","category-contenidos","tag-adria-plana","tag-alba-careta","tag-alba-pujals","tag-alvaro-ocon","tag-apelles-carod","tag-barcelona-art-orchestra-bao-lluis-vidal","tag-ferran-conangla","tag-gabriel-amargant","tag-giusepe-campisi","tag-joan-cortes","tag-joan-mar-sauque","tag-joan-vidal","tag-laura-pou","tag-lluc-casares","tag-marcelli-bayer","tag-marta-roma","tag-nestor-gimenez","tag-pau-vall","tag-pilar-subira"],"jetpack_featured_media_url":"https:\/\/tomajazz.com\/web\/wp-content\/uploads\/2021\/01\/01_Brcln-rt-rchstr-Joan-Cortes_11gen21_LA-s2OM_Brcln.jpg","jetpack_likes_enabled":true,"jetpack_sharing_enabled":true,"jetpack-related-posts":[{"id":53750,"url":"https:\/\/tomajazz.com\/web\/instantzz-barcelona-art-orchestra-bao-revisiting-the-godfather-lauditori-sala-2-oriol-martorell-barcelona-2021-01-09-conciertos-de-jazz-por-joan-cortes\/","url_meta":{"origin":53628,"position":0},"title":"INSTANTZZ: Barcelona Art Orchestra -BAO- \u201cRevisiting The Godfather\u201d (L\u2019Auditori, sala 2 Oriol Martorell, Barcelona. 2021-01-09)  [Galer\u00eda fotogr\u00e1fica AKA Fotoblog de jazz, impro\u2026 y algo m\u00e1s]  Por Joan Cort\u00e8s","author":"Tomajazz","date":"28 enero, 2021","format":false,"excerpt":"Joan Cort\u00e9s dedica en INSTANTZZ una galer\u00eda fotogr\u00e1fica a la actuaci\u00f3n de Barcelona Art Orchestra -BAO- \u201cRevisiting The Godfather\u201d en L\u2019Auditori de Barcelona.","rel":"","context":"En \u00abINSTANTZZ\u00bb","block_context":{"text":"INSTANTZZ","link":"https:\/\/tomajazz.com\/web\/category\/contenidos\/imagenes\/photoblogs\/instantzz\/"},"img":{"alt_text":"","src":"https:\/\/i0.wp.com\/tomajazz.com\/web\/wp-content\/uploads\/2021\/01\/10_Bcn-rt-rchstr-Joan-Cortes_09gen2021_Ldtr_Bcn.jpg?resize=350%2C200&ssl=1","width":350,"height":200,"srcset":"https:\/\/i0.wp.com\/tomajazz.com\/web\/wp-content\/uploads\/2021\/01\/10_Bcn-rt-rchstr-Joan-Cortes_09gen2021_Ldtr_Bcn.jpg?resize=350%2C200&ssl=1 1x, https:\/\/i0.wp.com\/tomajazz.com\/web\/wp-content\/uploads\/2021\/01\/10_Bcn-rt-rchstr-Joan-Cortes_09gen2021_Ldtr_Bcn.jpg?resize=525%2C300&ssl=1 1.5x"},"classes":[]},{"id":54329,"url":"https:\/\/tomajazz.com\/web\/instantzz-barcelona-art-orchestra-bao-revisiting-the-godfather-cinema-edison-31e-jazz-granollers-festival-granollers-barcelona-2021-03-18-galeria-fotografica-aka-fotoblog\/","url_meta":{"origin":53628,"position":1},"title":"INSTANTZZ: Barcelona Art Orchestra -BAO- \u201cRevisiting The Godfather\u201d (Cinema Edison, 31\u00e8 Jazz Granollers Festival, Granollers -Barcelona-. 2021-03-18) [Galer\u00eda fotogr\u00e1fica AKA Fotoblog de jazz, impro\u2026 y algo m\u00e1s] Por Joan Cort\u00e8s.","author":"Tomajazz","date":"13 abril, 2021","format":false,"excerpt":"Joan Cort\u00e9s repasa visualmente en INSTANTZZ el concierto de la Barcelona Art Orchestra -BAO- con el proyecto \u201cRevisiting The Godfather\u201d en el 31\u00e8 Jazz Granollers Festival.","rel":"","context":"En \u00abIm\u00e1genes\u00bb","block_context":{"text":"Im\u00e1genes","link":"https:\/\/tomajazz.com\/web\/category\/contenidos\/imagenes\/"},"img":{"alt_text":"","src":"https:\/\/i0.wp.com\/tomajazz.com\/web\/wp-content\/uploads\/2021\/04\/12_Brcln-rt-rchstr-Joan-Cortes_18marc21_31JzzGrnllrs-Fstivl_Cnm-dsn_Grnllrs.jpg?resize=350%2C200&ssl=1","width":350,"height":200,"srcset":"https:\/\/i0.wp.com\/tomajazz.com\/web\/wp-content\/uploads\/2021\/04\/12_Brcln-rt-rchstr-Joan-Cortes_18marc21_31JzzGrnllrs-Fstivl_Cnm-dsn_Grnllrs.jpg?resize=350%2C200&ssl=1 1x, https:\/\/i0.wp.com\/tomajazz.com\/web\/wp-content\/uploads\/2021\/04\/12_Brcln-rt-rchstr-Joan-Cortes_18marc21_31JzzGrnllrs-Fstivl_Cnm-dsn_Grnllrs.jpg?resize=525%2C300&ssl=1 1.5x"},"classes":[]},{"id":68807,"url":"https:\/\/tomajazz.com\/web\/bao-festival-jazz-barcelona-2022\/","url_meta":{"origin":53628,"position":2},"title":"BAO -Barcelona Art Ochestra- \u201cM\u00fasica Laietana\u201d (54\u00e8 Voll-Damm Barcelona Jazz Festival \/ L\u2019Auditori, 2022-10-27. Barcelona) [II] Por Joan Cort\u00e8s [INSTANTZZ]","author":"Tomajazz","date":"6 diciembre, 2022","format":false,"excerpt":"En INSTANTZZ im\u00e1genes de la actuaci\u00f3n de la BAO -Barcelona Art Orchestra- con el proyecto \u201cM\u00fasica Laietana\u201d en el 54\u00e8 Voll-Damm Barcelona Jazz Festival. Joan Cort\u00e8s fue el autor de las im\u00e1genes.","rel":"","context":"En \u00abEspecial 54\u00e8 Voll-Damm Barcelona Jazz Festival 2022\u00bb","block_context":{"text":"Especial 54\u00e8 Voll-Damm Barcelona Jazz Festival 2022","link":"https:\/\/tomajazz.com\/web\/category\/contenidos\/especial-contenidos\/especial-54e-voll-damm-barcelona-jazz-festival-2022\/"},"img":{"alt_text":"En INSTANTZZ im\u00e1genes de la actuaci\u00f3n de la BAO -Barcelona Art Orchestra- con el proyecto \u201cM\u00fasica Laietana\u201d en el 54\u00e8 Voll-Damm Barcelona Jazz Festival. Joan Cort\u00e8s fue el autor de las im\u00e1genes.","src":"https:\/\/i0.wp.com\/tomajazz.com\/web\/wp-content\/uploads\/2022\/12\/05_Bcn-rt-rchstr-%C2%A9Joan-Cortes_27ctb22_Ldtr_Bcn.jpg?resize=350%2C200&ssl=1","width":350,"height":200,"srcset":"https:\/\/i0.wp.com\/tomajazz.com\/web\/wp-content\/uploads\/2022\/12\/05_Bcn-rt-rchstr-%C2%A9Joan-Cortes_27ctb22_Ldtr_Bcn.jpg?resize=350%2C200&ssl=1 1x, https:\/\/i0.wp.com\/tomajazz.com\/web\/wp-content\/uploads\/2022\/12\/05_Bcn-rt-rchstr-%C2%A9Joan-Cortes_27ctb22_Ldtr_Bcn.jpg?resize=525%2C300&ssl=1 1.5x"},"classes":[]},{"id":65627,"url":"https:\/\/tomajazz.com\/web\/barcelona-art-orchestra-bao-ragtime-stories-2022-06-29-instantzz\/","url_meta":{"origin":53628,"position":3},"title":"Barcelona Art Orchestra -BAO- \u201cRagtime Stories\u201d-prueba de sonido + 2- (Celler Modernista, Sant Cugat -Barcelona-. 2022-06-29) Por Joan Cort\u00e8s [INSTANTZZ AKA Galer\u00eda fotogr\u00e1fica AKA Fotoblog de jazz, impro\u2026 y algo m\u00e1s]","author":"Tomajazz","date":"20 agosto, 2022","format":false,"excerpt":"En INSTANTZZ una galer\u00eda fotogr\u00e1fica de la Barcelona Art Orchestra -BAO- en la prueba de sonido de su actuaci\u00f3n en Celler Modernista, Sant Cugat -Barcelona-, previa a la actuaci\u00f3n con el proyecto \u201cRagtime Stories\u201d. Joan Cort\u00e8s es el autor de las im\u00e1genes.","rel":"","context":"En \u00abINSTANTZZ\u00bb","block_context":{"text":"INSTANTZZ","link":"https:\/\/tomajazz.com\/web\/category\/contenidos\/imagenes\/photoblogs\/instantzz\/"},"img":{"alt_text":"Barcelona Art Orchestra -BAO- \u201cRagtime Stories\u201d-prueba de sonido + 2- (Celler Modernista, Sant Cugat -Barcelona-. 2022-06-29) Por Joan Cort\u00e8s [INSTANTZZ AKA Galer\u00eda fotogr\u00e1fica AKA Fotoblog de jazz, impro\u2026 y algo m\u00e1s]","src":"https:\/\/i0.wp.com\/tomajazz.com\/web\/wp-content\/uploads\/2022\/08\/02_Brcln-rt-rqustr-%C2%A9Joan-Cortes_29jny22_Cllr-Mdrnst_Snt-Cgt.jpg?resize=350%2C200&ssl=1","width":350,"height":200,"srcset":"https:\/\/i0.wp.com\/tomajazz.com\/web\/wp-content\/uploads\/2022\/08\/02_Brcln-rt-rqustr-%C2%A9Joan-Cortes_29jny22_Cllr-Mdrnst_Snt-Cgt.jpg?resize=350%2C200&ssl=1 1x, https:\/\/i0.wp.com\/tomajazz.com\/web\/wp-content\/uploads\/2022\/08\/02_Brcln-rt-rqustr-%C2%A9Joan-Cortes_29jny22_Cllr-Mdrnst_Snt-Cgt.jpg?resize=525%2C300&ssl=1 1.5x"},"classes":[]},{"id":85535,"url":"https:\/\/tomajazz.com\/web\/bao-barcelona-art-orchestra-serratologia-2024-2\/","url_meta":{"origin":53628,"position":4},"title":"BAO -Barcelona Art Orchestra- \u201cSerratologia\u201d (L\u2019Auditori, 2024-02-24. Barcelona) Por Joan Cort\u00e8s [Concierto de jazz]","author":"Tomajazz","date":"8 abril, 2024","format":false,"excerpt":"\u201cSerratologia\u201d es el quinto proyecto de BAO -Barcelona Art Orchestra. Joan Cort\u00e8s relata la presentaci\u00f3n en directo en L\u2019Auditori de Barcelona el 24 de febrero de 2024","rel":"","context":"En \u00ab*_Joan Cort\u00e8s\u00bb","block_context":{"text":"*_Joan Cort\u00e8s","link":"https:\/\/tomajazz.com\/web\/category\/joan-cortes\/"},"img":{"alt_text":"BAO -Barcelona Art Orchestra- \u201cSerratologia\u201d (L\u2019Auditori, 2024-02-24. Barcelona) Por Joan Cort\u00e8s [Concierto de jazz] - Tomajazz - \u201cSerratologia\u201d es el quinto proyecto de BAO -Barcelona Art Orchestra. Joan Cort\u00e8s relata la presentaci\u00f3n en directo en L\u2019Auditori de Barcelona el 24 de febrero de 2024","src":"https:\/\/i0.wp.com\/tomajazz.com\/web\/wp-content\/uploads\/2024\/04\/Destacada-BAO-Barcelona-Art-Ochestra-Serratologia-2024-Tomajazz-Photo-by-Joan-Cortes-2024-001-copia.jpg?resize=350%2C200&ssl=1","width":350,"height":200,"srcset":"https:\/\/i0.wp.com\/tomajazz.com\/web\/wp-content\/uploads\/2024\/04\/Destacada-BAO-Barcelona-Art-Ochestra-Serratologia-2024-Tomajazz-Photo-by-Joan-Cortes-2024-001-copia.jpg?resize=350%2C200&ssl=1 1x, https:\/\/i0.wp.com\/tomajazz.com\/web\/wp-content\/uploads\/2024\/04\/Destacada-BAO-Barcelona-Art-Ochestra-Serratologia-2024-Tomajazz-Photo-by-Joan-Cortes-2024-001-copia.jpg?resize=525%2C300&ssl=1 1.5x"},"classes":[]},{"id":54721,"url":"https:\/\/tomajazz.com\/web\/27e-femjazz-festival-demergencies-musicals-de-banyoles-27-al-30-de-mayo-de-2021-noticias-de-jazz\/","url_meta":{"origin":53628,"position":5},"title":"27\u00e8 FEMJazz!, Festival d\u2019Emerg\u00e8ncies Musicals de Banyoles (27 al 30 de mayo de 2021) [Noticias de jazz]","author":"Tomajazz","date":"19 mayo, 2021","format":false,"excerpt":"Entre el 27 y el 30 de mayo de 2021 tendr\u00e1 lugar en Banyoles el 27\u00e8 FEMJazz!, Festival d\u2019Emerg\u00e8ncies Musicals de Banyoles.","rel":"","context":"En \u00abNoticias\u00bb","block_context":{"text":"Noticias","link":"https:\/\/tomajazz.com\/web\/category\/contenidos\/noticias-2\/"},"img":{"alt_text":"","src":"https:\/\/i0.wp.com\/tomajazz.com\/web\/wp-content\/uploads\/2021\/05\/Cartell-FEMJazz2021.jpg?resize=350%2C200&ssl=1","width":350,"height":200,"srcset":"https:\/\/i0.wp.com\/tomajazz.com\/web\/wp-content\/uploads\/2021\/05\/Cartell-FEMJazz2021.jpg?resize=350%2C200&ssl=1 1x, https:\/\/i0.wp.com\/tomajazz.com\/web\/wp-content\/uploads\/2021\/05\/Cartell-FEMJazz2021.jpg?resize=525%2C300&ssl=1 1.5x, https:\/\/i0.wp.com\/tomajazz.com\/web\/wp-content\/uploads\/2021\/05\/Cartell-FEMJazz2021.jpg?resize=700%2C400&ssl=1 2x"},"classes":[]}],"_links":{"self":[{"href":"https:\/\/tomajazz.com\/web\/wp-json\/wp\/v2\/posts\/53628","targetHints":{"allow":["GET"]}}],"collection":[{"href":"https:\/\/tomajazz.com\/web\/wp-json\/wp\/v2\/posts"}],"about":[{"href":"https:\/\/tomajazz.com\/web\/wp-json\/wp\/v2\/types\/post"}],"author":[{"embeddable":true,"href":"https:\/\/tomajazz.com\/web\/wp-json\/wp\/v2\/users\/1"}],"replies":[{"embeddable":true,"href":"https:\/\/tomajazz.com\/web\/wp-json\/wp\/v2\/comments?post=53628"}],"version-history":[{"count":2,"href":"https:\/\/tomajazz.com\/web\/wp-json\/wp\/v2\/posts\/53628\/revisions"}],"predecessor-version":[{"id":53637,"href":"https:\/\/tomajazz.com\/web\/wp-json\/wp\/v2\/posts\/53628\/revisions\/53637"}],"wp:featuredmedia":[{"embeddable":true,"href":"https:\/\/tomajazz.com\/web\/wp-json\/wp\/v2\/media\/53629"}],"wp:attachment":[{"href":"https:\/\/tomajazz.com\/web\/wp-json\/wp\/v2\/media?parent=53628"}],"wp:term":[{"taxonomy":"category","embeddable":true,"href":"https:\/\/tomajazz.com\/web\/wp-json\/wp\/v2\/categories?post=53628"},{"taxonomy":"post_tag","embeddable":true,"href":"https:\/\/tomajazz.com\/web\/wp-json\/wp\/v2\/tags?post=53628"}],"curies":[{"name":"wp","href":"https:\/\/api.w.org\/{rel}","templated":true}]}}