{"id":54087,"date":"2021-03-05T00:00:07","date_gmt":"2021-03-04T23:00:07","guid":{"rendered":"https:\/\/www.tomajazz.com\/web\/?p=54087"},"modified":"2021-03-04T22:33:44","modified_gmt":"2021-03-04T21:33:44","slug":"pat-metheny-road-to-the-sun-bmg-modern-recordings-2021-grabacion-de-jazz-por-rudy-de-juana","status":"publish","type":"post","link":"https:\/\/tomajazz.com\/web\/pat-metheny-road-to-the-sun-bmg-modern-recordings-2021-grabacion-de-jazz-por-rudy-de-juana\/","title":{"rendered":"Pat Metheny: Road to the Sun (BMG Modern Recordings. 2021) [Grabaci\u00f3n de jazz] Por Rudy de Juana"},"content":{"rendered":"<p><img loading=\"lazy\" decoding=\"async\" class=\"alignleft wp-image-54090 size-medium\" src=\"https:\/\/tomajazz.com\/web\/wp-content\/uploads\/2021\/03\/Pat-Metheny_Road-To-The-Sun_2021_BMG-200x200.jpg\" alt=\"Pat Metheny: Road to the Sun\" width=\"200\" height=\"200\" title=\"\" srcset=\"https:\/\/tomajazz.com\/web\/wp-content\/uploads\/2021\/03\/Pat-Metheny_Road-To-The-Sun_2021_BMG-200x200.jpg 200w, https:\/\/tomajazz.com\/web\/wp-content\/uploads\/2021\/03\/Pat-Metheny_Road-To-The-Sun_2021_BMG-600x600.jpg 600w, https:\/\/tomajazz.com\/web\/wp-content\/uploads\/2021\/03\/Pat-Metheny_Road-To-The-Sun_2021_BMG-150x150.jpg 150w, https:\/\/tomajazz.com\/web\/wp-content\/uploads\/2021\/03\/Pat-Metheny_Road-To-The-Sun_2021_BMG-768x768.jpg 768w, https:\/\/tomajazz.com\/web\/wp-content\/uploads\/2021\/03\/Pat-Metheny_Road-To-The-Sun_2021_BMG-50x50.jpg 50w, https:\/\/tomajazz.com\/web\/wp-content\/uploads\/2021\/03\/Pat-Metheny_Road-To-The-Sun_2021_BMG.jpg 1200w\" sizes=\"auto, (max-width: 200px) 100vw, 200px\" \/>En 2020 Pat Metheny se dej\u00f3 el alma en el estudio de grabaci\u00f3n para producir <em>From this place, <\/em>un disco muy distinto a su estilo habitual y en el que los efectos especiales y la sobre-producci\u00f3n (enti\u00e9ndase en el buen sentido), le ayudaron a construir una pieza \u00fanica, que le vali\u00f3 estar en casi todas las listas que enumeran los mejores discos de jazz del a\u00f1o.<\/p>\n<p>Pero como no hay <em>\u201cying\u201d <\/em>sin su \u201c<em>yang\u201d, <\/em>en su nuevo disco, <em>Road to The Sun, <\/em>Metheny se aleja de los fuegos de artificio y se marca un estupendo ejercicio de <em>\u201cback to the basics\u201d: <\/em>guitarra, guitarra y guitarra, en esa f\u00f3rmula tan conocida que afirma que menos es m\u00e1s.<\/p>\n<p>No est\u00e1 solo en su empe\u00f1o sin embargo. Compuesto por tres grandes bloques formales, en <em>Road to The Sun, <\/em>Metheny se hace acompa\u00f1ar por ese prodigio de las seis cuerdas que es Jason Vieaux en las cuatro piezas que componen \u201cFour Paths of Lights\u201d<em>; <\/em>y de Los Angeles Guitar Quartet en las cinco que forman el corpus central del disco y al que da t\u00edtulo. El \u00faltimo tema, \u201cF\u00fcr Alina\u201d<em> (<\/em>compuesta por el precursor de la m\u00fasica minimalista Arvo P\u00e4rt) es el \u00fanico que el guitarrista interpreta en solitario, empleando para ello la guitarra Pikasso.<\/p>\n<p>Si en <em>From this place <\/em>Metheny jugaba con un jazz experimental basado en texturas modernas\u00a0 y sonidos de la naturaleza (no olvidemos que en \u00faltima instancia es un alegato contra el cambio clim\u00e1tico), aqu\u00ed nos encontramos no ya con un disco de jazz, sino con una propuesta de guitarra cl\u00e1sica. No es la primera vez que entra en este terreno: en <em>Unquity Road (1976) <\/em>o en <em>Hermitage (1979), <\/em>ya encontr\u00e1bamos a un Metheny explorando el repertorio de virtuosos como Francisco T\u00e1rrega, Federico Moreno Torroba o Heitor Villalobos.<\/p>\n<p>Es inevitable pensar que Metheny tambi\u00e9n se inspira en T\u00e1rrega para este disco, con una parte final de \u201cFour Paths of Light\u201d que nos remite directamente s sus \u201cRecuerdos de la Alhambra\u201d<em>, <\/em>no tanto en su melod\u00eda sino en su estructura formal. El resto en cambio, parten de composiciones propias, en las que se combinan apergios de estupenda dificultad t\u00e9cnica, con momentos de gran calma y pocas notas evocadoras. El sonido ib\u00e9rico que domina una parte de las piezas, se combina con acentos de la canci\u00f3n francesa o incluso, del jazz brasile\u00f1o&#8230;sin que por ello se pierda su concepci\u00f3n como conjunto.<\/p>\n<p>A lo largo de todo el disco, el sonido de Metheny destaca por su falta de artificio,\u00a0texturas limpias y una interpretaci\u00f3n en la que se busca el equilibrio de forma deliberada. Solo en algunos momentos del segundo movimiento, en el que ya entran \u201ca jugar\u201d los chicos de Los Angeles Guitar Quartet, encontramos ligeros momentos para la percursi\u00f3n, el rasgado de cuerdas e incluso, un pellizco electr\u00f3nico, que parece introducido con toda la intenci\u00f3n de sacarnos de nuestro enso\u00f1amiento.<\/p>\n<p>La parte m\u00e1s sorprendente e innovadora del \u00e1lbum y tambi\u00e9n la \u00fanica que entra de lleno en el jazz es una \u201cF\u00fcr Alina\u201d que pasa del piano a la complicad\u00edsima Pikasso, una guitarra compuesta por 42 cuerdas, tres trastes y dos bocas.<\/p>\n<p>Es aqu\u00ed donde escuchamos las primeras (y \u00faltimas) inflexiones, las fugas, las notas dobladas, en una composici\u00f3n tan melanc\u00f3lica como extraordinaria. Y es aqu\u00ed por supuesto donde nos encontramos cara a cara con Metheny, donde podemos apreciarle por completo&#8230;el momento que el guitarrista genial parece haber salido de ese \u201cescondite\u201d en el que parec\u00eda haber permanecido \u201coculto\u201d en el resto del tiempo.<\/p>\n<p><em>Road to The Sun <\/em>no es un disco de jazz, pero realmente eso es lo de menos. Es un disco cl\u00e1sico s\u00ed, pero muy hermoso, de los que apetece escuchar una y otra vez; de los que aprendemos a comprender poco a poco; de los que se disfrutan sorbo a sorbo, escucha a escucha, cada vez que le damos al \u201cPlay\u201d.<\/p>\n<p style=\"text-align: right;\">Texto: \u00a9 <strong>Rudy de Juana<\/strong>, 2021. <a href=\"http:\/\/www.caravanjazz.es\/\" target=\"_blank\" rel=\"noopener noreferrer\">http:\/\/www.caravanjazz.es\/<\/a><\/p>\n","protected":false},"excerpt":{"rendered":"<p>Rudy de Juana repasa \u00abRoad to the Sun\u00bb (BMG), la nueva grabaci\u00f3n del guitarrista Pat Metheny, que sale a la venta el 5 de marzo de 2021. <span class=\"more-link\"><a href=\"https:\/\/tomajazz.com\/web\/pat-metheny-road-to-the-sun-bmg-modern-recordings-2021-grabacion-de-jazz-por-rudy-de-juana\/\">Contin\u00faa leyendo<\/a><\/span><\/p>\n","protected":false},"author":1,"featured_media":54090,"comment_status":"open","ping_status":"closed","sticky":false,"template":"","format":"standard","meta":{"jetpack_post_was_ever_published":false,"_jetpack_newsletter_access":"","_jetpack_dont_email_post_to_subs":false,"_jetpack_newsletter_tier_id":0,"_jetpack_memberships_contains_paywalled_content":false,"_jetpack_memberships_contains_paid_content":false,"footnotes":""},"categories":[15517,24774,5,1038],"tags":[25187,2080,24776],"class_list":["entry","author-pachi","has-excerpt","post-54087","post","type-post","status-publish","format-standard","has-post-thumbnail","category-textos","category-_rudy-de-juana","category-grabaciones","category-contenidos","tag-bmg-modern-music","tag-pat-metheny","tag-rudy-de-juana"],"jetpack_featured_media_url":"https:\/\/tomajazz.com\/web\/wp-content\/uploads\/2021\/03\/Pat-Metheny_Road-To-The-Sun_2021_BMG.jpg","jetpack_likes_enabled":true,"jetpack_sharing_enabled":true,"jetpack-related-posts":[{"id":56649,"url":"https:\/\/tomajazz.com\/web\/jazzx5251-pat-metheny-fur-alina-road-to-the-sun-bmg-modern-recordings-2021-minipodcast-por-pachi-tapiz\/","url_meta":{"origin":54087,"position":0},"title":"JazzX5#251. Pat Metheny: \u00abF\u00fcr Alina\u00bb [Road To The Sun (BMG Modern Recordings, 2021)] [Minipodcast] Por Pachi Tapiz","author":"Tomajazz","date":"24 agosto, 2021","format":false,"excerpt":"En JazzX5 el tema \"F\u00fcr Alina\" de Arvo P\u00e4rt interpretado en solitario por Pat Metheny con su guitarra de 42 cuerdas que aparec\u00eda en Road To The Sun (BMG Modern Recordings, 2021)","rel":"","context":"En \u00ab*_Pachi Tapiz\u00bb","block_context":{"text":"*_Pachi Tapiz","link":"https:\/\/tomajazz.com\/web\/category\/pachi-tapiz\/"},"img":{"alt_text":"","src":"https:\/\/i0.wp.com\/tomajazz.com\/web\/wp-content\/uploads\/2021\/08\/JazzX5_251.jpg?resize=350%2C200&ssl=1","width":350,"height":200,"srcset":"https:\/\/i0.wp.com\/tomajazz.com\/web\/wp-content\/uploads\/2021\/08\/JazzX5_251.jpg?resize=350%2C200&ssl=1 1x, https:\/\/i0.wp.com\/tomajazz.com\/web\/wp-content\/uploads\/2021\/08\/JazzX5_251.jpg?resize=525%2C300&ssl=1 1.5x, https:\/\/i0.wp.com\/tomajazz.com\/web\/wp-content\/uploads\/2021\/08\/JazzX5_251.jpg?resize=700%2C400&ssl=1 2x"},"classes":[]},{"id":23002,"url":"https:\/\/tomajazz.com\/web\/pat-metheny-group-brasil-1987-1993-still-life-talking-letter-from-home-the-road-to-you\/","url_meta":{"origin":54087,"position":1},"title":"Pat Metheny Group: Brasil (1987-1993). Still Life (Talking), Letter From Home, The Road To You","author":"Tomajazz","date":"1 julio, 2005","format":false,"excerpt":"Still Life (Talking) (Geffen, 1987) Durante los setenta y la primera mitad de los ochenta el trabajo de continua b\u00fasqueda de Metheny y compa\u00f1\u00eda hab\u00eda dado excelentes frutos, si bien en los grandes discos anteriores como As Falls Wichita, Offramp o First Circlese notaba que dicha b\u00fasqueda a\u00fan segu\u00eda algo\u2026","rel":"","context":"En \u00ab*_Arturo Mora Rioja\u00bb","block_context":{"text":"*_Arturo Mora Rioja","link":"https:\/\/tomajazz.com\/web\/category\/arturo-mora-rioja\/"},"img":{"alt_text":"","src":"https:\/\/i0.wp.com\/tomajazz.com\/web\/wp-content\/uploads\/2005\/07\/Pat-Metheny-Group_Letter-From-Home.jpg?resize=350%2C200&ssl=1","width":350,"height":200,"srcset":"https:\/\/i0.wp.com\/tomajazz.com\/web\/wp-content\/uploads\/2005\/07\/Pat-Metheny-Group_Letter-From-Home.jpg?resize=350%2C200&ssl=1 1x, https:\/\/i0.wp.com\/tomajazz.com\/web\/wp-content\/uploads\/2005\/07\/Pat-Metheny-Group_Letter-From-Home.jpg?resize=525%2C300&ssl=1 1.5x"},"classes":[]},{"id":23044,"url":"https:\/\/tomajazz.com\/web\/especial-pat-metheny-en-tomajazz-2005\/","url_meta":{"origin":54087,"position":2},"title":"Especial Pat Metheny en Tomajazz (2005)","author":"Tomajazz","date":"25 abril, 2016","format":false,"excerpt":"Especial dedicado a Pat Metheny publicado en 2005 con una entrevista al guitarrista, un repaso por su discograf\u00eda hasta ese momento y dos galer\u00edas fotogr\u00e1ficas.","rel":"","context":"En \u00ab*_Arturo Mora Rioja\u00bb","block_context":{"text":"*_Arturo Mora Rioja","link":"https:\/\/tomajazz.com\/web\/category\/arturo-mora-rioja\/"},"img":{"alt_text":"Especial Pat Metheny en Tomajazz (2005)","src":"https:\/\/i0.wp.com\/tomajazz.com\/web\/wp-content\/uploads\/2016\/04\/17_PAT_METHENY.jpg?resize=350%2C200&ssl=1","width":350,"height":200},"classes":[]},{"id":23028,"url":"https:\/\/tomajazz.com\/web\/pat-metheny-inclasificable-beyond-the-missouri-sky-short-stories\/","url_meta":{"origin":54087,"position":3},"title":"Pat Metheny. Inclasificable:  Beyond The Missouri Sky (Short Stories)","author":"Tomajazz","date":"1 julio, 2005","format":false,"excerpt":"Beyond the Missouri Sky (Short Stories) (Charlie Haden & Pat Metheny - Verve, 1997) Amplios espacios, infinitos atardeceres, el campo y el sol, la tranquilidad de la Am\u00e9rica m\u00e1s profunda. El contrabajista Charlie Haden se cri\u00f3 en Forsyth, Missouri, entrando en contacto desde una temprana edad con el universo de\u2026","rel":"","context":"En \u00ab*_Arturo Mora Rioja\u00bb","block_context":{"text":"*_Arturo Mora Rioja","link":"https:\/\/tomajazz.com\/web\/category\/arturo-mora-rioja\/"},"img":{"alt_text":"Beyond the Missouri Sky (Short Stories)","src":"https:\/\/i0.wp.com\/www.tomajazz.com\/perfiles\/metheny\/misssky.gif?resize=350%2C200","width":350,"height":200},"classes":[]},{"id":23034,"url":"https:\/\/tomajazz.com\/web\/pat-metheny-imagen-y-sonido-los-videos-more-travels-secret-story-live-we-live-here-live-in-japan-imaginary-day-live-speaking-of-now-live\/","url_meta":{"origin":54087,"position":4},"title":"Pat Metheny. Imagen y sonido: los v\u00eddeos. More Travels, Secret Story Live, We Live Here Live In Japan, Imaginary Day Live, Speaking Of Now Live","author":"Tomajazz","date":"1 julio, 2005","format":false,"excerpt":"More Travels (Pat Metheny Group - Geffen, 1993) En una m\u00fasica tan colorista y paisaj\u00edstica como la de Pat Metheny (especialmente la del Pat Metheny Group), y habiendo compuesto varias bandas sonoras, no era de extra\u00f1ar que el guitarrista complementara su trabajo musical con im\u00e1genes en movimiento. Su primer intento,\u2026","rel":"","context":"En \u00ab*_Arturo Mora Rioja\u00bb","block_context":{"text":"*_Arturo Mora Rioja","link":"https:\/\/tomajazz.com\/web\/category\/arturo-mora-rioja\/"},"img":{"alt_text":"More Travels","src":"https:\/\/i0.wp.com\/www.tomajazz.com\/perfiles\/metheny\/moretravels.jpg?resize=350%2C200","width":350,"height":200},"classes":[]},{"id":22996,"url":"https:\/\/tomajazz.com\/web\/pat-metheny-group-los-70-1977-1979-watercolors-pat-metheny-group-american-garage\/","url_meta":{"origin":54087,"position":5},"title":"Pat Metheny Group: los 70 (1977-1979). Watercolors, Pat Metheny Group, American Garage","author":"Tomajazz","date":"1 julio, 2005","format":false,"excerpt":"Watercolors (Pat Metheny - ECM, 1977) Tras la fruct\u00edfera experiencia con el grupo de Gary Burton hab\u00eda llegado el momento para que el joven Metheny diera un nuevo paso en su carrera profesional. En Diciembre de 1976 grabar\u00eda Passengers con el cuarteto del vibrafonista, y s\u00f3lo dos meses m\u00e1s tarde\u2026","rel":"","context":"En \u00ab*_Arturo Mora Rioja\u00bb","block_context":{"text":"*_Arturo Mora Rioja","link":"https:\/\/tomajazz.com\/web\/category\/arturo-mora-rioja\/"},"img":{"alt_text":"","src":"https:\/\/i0.wp.com\/tomajazz.com\/web\/wp-content\/uploads\/2005\/07\/Pat-Metheny-Grou_American-Garage.jpg?resize=350%2C200&ssl=1","width":350,"height":200,"srcset":"https:\/\/i0.wp.com\/tomajazz.com\/web\/wp-content\/uploads\/2005\/07\/Pat-Metheny-Grou_American-Garage.jpg?resize=350%2C200&ssl=1 1x, https:\/\/i0.wp.com\/tomajazz.com\/web\/wp-content\/uploads\/2005\/07\/Pat-Metheny-Grou_American-Garage.jpg?resize=525%2C300&ssl=1 1.5x, https:\/\/i0.wp.com\/tomajazz.com\/web\/wp-content\/uploads\/2005\/07\/Pat-Metheny-Grou_American-Garage.jpg?resize=700%2C400&ssl=1 2x, https:\/\/i0.wp.com\/tomajazz.com\/web\/wp-content\/uploads\/2005\/07\/Pat-Metheny-Grou_American-Garage.jpg?resize=1050%2C600&ssl=1 3x"},"classes":[]}],"_links":{"self":[{"href":"https:\/\/tomajazz.com\/web\/wp-json\/wp\/v2\/posts\/54087","targetHints":{"allow":["GET"]}}],"collection":[{"href":"https:\/\/tomajazz.com\/web\/wp-json\/wp\/v2\/posts"}],"about":[{"href":"https:\/\/tomajazz.com\/web\/wp-json\/wp\/v2\/types\/post"}],"author":[{"embeddable":true,"href":"https:\/\/tomajazz.com\/web\/wp-json\/wp\/v2\/users\/1"}],"replies":[{"embeddable":true,"href":"https:\/\/tomajazz.com\/web\/wp-json\/wp\/v2\/comments?post=54087"}],"version-history":[{"count":3,"href":"https:\/\/tomajazz.com\/web\/wp-json\/wp\/v2\/posts\/54087\/revisions"}],"predecessor-version":[{"id":54092,"href":"https:\/\/tomajazz.com\/web\/wp-json\/wp\/v2\/posts\/54087\/revisions\/54092"}],"wp:featuredmedia":[{"embeddable":true,"href":"https:\/\/tomajazz.com\/web\/wp-json\/wp\/v2\/media\/54090"}],"wp:attachment":[{"href":"https:\/\/tomajazz.com\/web\/wp-json\/wp\/v2\/media?parent=54087"}],"wp:term":[{"taxonomy":"category","embeddable":true,"href":"https:\/\/tomajazz.com\/web\/wp-json\/wp\/v2\/categories?post=54087"},{"taxonomy":"post_tag","embeddable":true,"href":"https:\/\/tomajazz.com\/web\/wp-json\/wp\/v2\/tags?post=54087"}],"curies":[{"name":"wp","href":"https:\/\/api.w.org\/{rel}","templated":true}]}}