{"id":54142,"date":"2021-03-25T12:00:40","date_gmt":"2021-03-25T11:00:40","guid":{"rendered":"https:\/\/www.tomajazz.com\/web\/?p=54142"},"modified":"2021-03-22T14:08:43","modified_gmt":"2021-03-22T13:08:43","slug":"instantzz-flamenco-standards-31e-jazz-granollers-festival-casino-de-granollers-club-de-ritme-granollers-barcelona-2021-02-26-flamencuras-aka-galeria-fotografica-aka-fotoblog-de-jazz-impr","status":"publish","type":"post","link":"https:\/\/tomajazz.com\/web\/instantzz-flamenco-standards-31e-jazz-granollers-festival-casino-de-granollers-club-de-ritme-granollers-barcelona-2021-02-26-flamencuras-aka-galeria-fotografica-aka-fotoblog-de-jazz-impr\/","title":{"rendered":"INSTANTZZ: Flamenco Standards (31\u00e8 Jazz Granollers Festival \/ Casino de Granollers Club de Ritme, Granollers -Barcelona-.  2021-02-26) [Flamencuras] AKA [Galer\u00eda fotogr\u00e1fica AKA Fotoblog de jazz, impro\u2026 y algo m\u00e1s] Por Joan Cort\u00e8s"},"content":{"rendered":"<ul>\n<li>Fecha: Viernes, 26 de febrero de 2021<\/li>\n<li>Lugar: Casino de Granollers Club de Ritme (Granollers -Barcelona-)<\/li>\n<li>Grupo:<br \/>\n<strong>Flamenco Standards<br \/>\n<\/strong>Rycardo Moreno, guitarra flamenca<br \/>\nPablo M. Caminero, contrabajo<br \/>\nEnrique Rodr\u00edguez, trompeta y fiscorno<br \/>\nMarc Miralta, bater\u00eda<\/li>\n<\/ul>\n<p style=\"text-align: center;\"><img loading=\"lazy\" decoding=\"async\" class=\"aligncenter size-full wp-image-54143\" src=\"https:\/\/tomajazz.com\/web\/wp-content\/uploads\/2021\/03\/01_Flmnc-Stndrds-Joan-Cortes_CCdR_31JFG_Grnllrs.jpg\" alt=\"\" width=\"400\" height=\"600\" title=\"\" srcset=\"https:\/\/tomajazz.com\/web\/wp-content\/uploads\/2021\/03\/01_Flmnc-Stndrds-Joan-Cortes_CCdR_31JFG_Grnllrs.jpg 400w, https:\/\/tomajazz.com\/web\/wp-content\/uploads\/2021\/03\/01_Flmnc-Stndrds-Joan-Cortes_CCdR_31JFG_Grnllrs-200x300.jpg 200w\" sizes=\"auto, (max-width: 400px) 100vw, 400px\" \/> <img loading=\"lazy\" decoding=\"async\" class=\"aligncenter size-large wp-image-54144\" src=\"https:\/\/tomajazz.com\/web\/wp-content\/uploads\/2021\/03\/02_Flmnc-Stndrds-Joan-Cortes_CCdR_31JFG_Grnllrs.jpg\" alt=\"\" width=\"600\" height=\"400\" title=\"\" srcset=\"https:\/\/tomajazz.com\/web\/wp-content\/uploads\/2021\/03\/02_Flmnc-Stndrds-Joan-Cortes_CCdR_31JFG_Grnllrs.jpg 600w, https:\/\/tomajazz.com\/web\/wp-content\/uploads\/2021\/03\/02_Flmnc-Stndrds-Joan-Cortes_CCdR_31JFG_Grnllrs-200x133.jpg 200w, https:\/\/tomajazz.com\/web\/wp-content\/uploads\/2021\/03\/02_Flmnc-Stndrds-Joan-Cortes_CCdR_31JFG_Grnllrs-60x40.jpg 60w, https:\/\/tomajazz.com\/web\/wp-content\/uploads\/2021\/03\/02_Flmnc-Stndrds-Joan-Cortes_CCdR_31JFG_Grnllrs-120x80.jpg 120w\" sizes=\"auto, (max-width: 600px) 100vw, 600px\" \/> <img loading=\"lazy\" decoding=\"async\" class=\"aligncenter size-large wp-image-54145\" src=\"https:\/\/tomajazz.com\/web\/wp-content\/uploads\/2021\/03\/03_Flmnc-Stndrds-Joan-Cortes_CCdR_31JFG_Grnllrs.jpg\" alt=\"\" width=\"600\" height=\"400\" title=\"\" srcset=\"https:\/\/tomajazz.com\/web\/wp-content\/uploads\/2021\/03\/03_Flmnc-Stndrds-Joan-Cortes_CCdR_31JFG_Grnllrs.jpg 600w, https:\/\/tomajazz.com\/web\/wp-content\/uploads\/2021\/03\/03_Flmnc-Stndrds-Joan-Cortes_CCdR_31JFG_Grnllrs-200x133.jpg 200w, https:\/\/tomajazz.com\/web\/wp-content\/uploads\/2021\/03\/03_Flmnc-Stndrds-Joan-Cortes_CCdR_31JFG_Grnllrs-60x40.jpg 60w, https:\/\/tomajazz.com\/web\/wp-content\/uploads\/2021\/03\/03_Flmnc-Stndrds-Joan-Cortes_CCdR_31JFG_Grnllrs-120x80.jpg 120w\" sizes=\"auto, (max-width: 600px) 100vw, 600px\" \/> <img loading=\"lazy\" decoding=\"async\" class=\"aligncenter size-large wp-image-54146\" src=\"https:\/\/tomajazz.com\/web\/wp-content\/uploads\/2021\/03\/04_Flmnc-Stndrds-Joan-Cortes_CCdR_31JFG_Grnllrs.jpg\" alt=\"\" width=\"400\" height=\"600\" title=\"\" srcset=\"https:\/\/tomajazz.com\/web\/wp-content\/uploads\/2021\/03\/04_Flmnc-Stndrds-Joan-Cortes_CCdR_31JFG_Grnllrs.jpg 400w, https:\/\/tomajazz.com\/web\/wp-content\/uploads\/2021\/03\/04_Flmnc-Stndrds-Joan-Cortes_CCdR_31JFG_Grnllrs-200x300.jpg 200w\" sizes=\"auto, (max-width: 400px) 100vw, 400px\" \/> <img loading=\"lazy\" decoding=\"async\" class=\"aligncenter size-large wp-image-54147\" src=\"https:\/\/tomajazz.com\/web\/wp-content\/uploads\/2021\/03\/05_Flmnc-Stndrds-Joan-Cortes_CCdR_31JFG_Grnllrs.jpg\" alt=\"\" width=\"600\" height=\"400\" title=\"\" srcset=\"https:\/\/tomajazz.com\/web\/wp-content\/uploads\/2021\/03\/05_Flmnc-Stndrds-Joan-Cortes_CCdR_31JFG_Grnllrs.jpg 600w, https:\/\/tomajazz.com\/web\/wp-content\/uploads\/2021\/03\/05_Flmnc-Stndrds-Joan-Cortes_CCdR_31JFG_Grnllrs-200x133.jpg 200w, https:\/\/tomajazz.com\/web\/wp-content\/uploads\/2021\/03\/05_Flmnc-Stndrds-Joan-Cortes_CCdR_31JFG_Grnllrs-60x40.jpg 60w, https:\/\/tomajazz.com\/web\/wp-content\/uploads\/2021\/03\/05_Flmnc-Stndrds-Joan-Cortes_CCdR_31JFG_Grnllrs-120x80.jpg 120w\" sizes=\"auto, (max-width: 600px) 100vw, 600px\" \/> <img loading=\"lazy\" decoding=\"async\" class=\"aligncenter size-large wp-image-54148\" src=\"https:\/\/tomajazz.com\/web\/wp-content\/uploads\/2021\/03\/06_Flmnc-Stndrds-Joan-Cortes_CCdR_31JFG_Grnllrs.jpg\" alt=\"\" width=\"400\" height=\"600\" title=\"\" srcset=\"https:\/\/tomajazz.com\/web\/wp-content\/uploads\/2021\/03\/06_Flmnc-Stndrds-Joan-Cortes_CCdR_31JFG_Grnllrs.jpg 400w, https:\/\/tomajazz.com\/web\/wp-content\/uploads\/2021\/03\/06_Flmnc-Stndrds-Joan-Cortes_CCdR_31JFG_Grnllrs-200x300.jpg 200w\" sizes=\"auto, (max-width: 400px) 100vw, 400px\" \/> <img loading=\"lazy\" decoding=\"async\" class=\"aligncenter size-large wp-image-54149\" src=\"https:\/\/tomajazz.com\/web\/wp-content\/uploads\/2021\/03\/07_Flmnc-Stndrds-Joan-Cortes_CCdR_31JFG_Grnllrs.jpg\" alt=\"\" width=\"600\" height=\"400\" title=\"\" srcset=\"https:\/\/tomajazz.com\/web\/wp-content\/uploads\/2021\/03\/07_Flmnc-Stndrds-Joan-Cortes_CCdR_31JFG_Grnllrs.jpg 600w, https:\/\/tomajazz.com\/web\/wp-content\/uploads\/2021\/03\/07_Flmnc-Stndrds-Joan-Cortes_CCdR_31JFG_Grnllrs-200x133.jpg 200w, https:\/\/tomajazz.com\/web\/wp-content\/uploads\/2021\/03\/07_Flmnc-Stndrds-Joan-Cortes_CCdR_31JFG_Grnllrs-60x40.jpg 60w, https:\/\/tomajazz.com\/web\/wp-content\/uploads\/2021\/03\/07_Flmnc-Stndrds-Joan-Cortes_CCdR_31JFG_Grnllrs-120x80.jpg 120w\" sizes=\"auto, (max-width: 600px) 100vw, 600px\" \/> <img loading=\"lazy\" decoding=\"async\" class=\"aligncenter size-large wp-image-54150\" src=\"https:\/\/tomajazz.com\/web\/wp-content\/uploads\/2021\/03\/08_Flmnc-Stndrds-Joan-Cortes_CCdR_31JFG_Grnllrs.jpg\" alt=\"\" width=\"600\" height=\"400\" title=\"\" srcset=\"https:\/\/tomajazz.com\/web\/wp-content\/uploads\/2021\/03\/08_Flmnc-Stndrds-Joan-Cortes_CCdR_31JFG_Grnllrs.jpg 600w, https:\/\/tomajazz.com\/web\/wp-content\/uploads\/2021\/03\/08_Flmnc-Stndrds-Joan-Cortes_CCdR_31JFG_Grnllrs-200x133.jpg 200w, https:\/\/tomajazz.com\/web\/wp-content\/uploads\/2021\/03\/08_Flmnc-Stndrds-Joan-Cortes_CCdR_31JFG_Grnllrs-60x40.jpg 60w, https:\/\/tomajazz.com\/web\/wp-content\/uploads\/2021\/03\/08_Flmnc-Stndrds-Joan-Cortes_CCdR_31JFG_Grnllrs-120x80.jpg 120w\" sizes=\"auto, (max-width: 600px) 100vw, 600px\" \/> <img loading=\"lazy\" decoding=\"async\" class=\"aligncenter size-large wp-image-54151\" src=\"https:\/\/tomajazz.com\/web\/wp-content\/uploads\/2021\/03\/09_Flmnc-Stndrds-Joan-Cortes_CCdR_31JFG_Grnllrs.jpg\" alt=\"\" width=\"400\" height=\"600\" title=\"\" srcset=\"https:\/\/tomajazz.com\/web\/wp-content\/uploads\/2021\/03\/09_Flmnc-Stndrds-Joan-Cortes_CCdR_31JFG_Grnllrs.jpg 400w, https:\/\/tomajazz.com\/web\/wp-content\/uploads\/2021\/03\/09_Flmnc-Stndrds-Joan-Cortes_CCdR_31JFG_Grnllrs-200x300.jpg 200w\" sizes=\"auto, (max-width: 400px) 100vw, 400px\" \/> <img loading=\"lazy\" decoding=\"async\" class=\"aligncenter size-large wp-image-54152\" src=\"https:\/\/tomajazz.com\/web\/wp-content\/uploads\/2021\/03\/10_Flmnc-Stndrds-Joan-Cortes_CCdR_31JFG_Grnllrs.jpg\" alt=\"\" width=\"600\" height=\"400\" title=\"\" srcset=\"https:\/\/tomajazz.com\/web\/wp-content\/uploads\/2021\/03\/10_Flmnc-Stndrds-Joan-Cortes_CCdR_31JFG_Grnllrs.jpg 600w, https:\/\/tomajazz.com\/web\/wp-content\/uploads\/2021\/03\/10_Flmnc-Stndrds-Joan-Cortes_CCdR_31JFG_Grnllrs-200x133.jpg 200w, https:\/\/tomajazz.com\/web\/wp-content\/uploads\/2021\/03\/10_Flmnc-Stndrds-Joan-Cortes_CCdR_31JFG_Grnllrs-60x40.jpg 60w, https:\/\/tomajazz.com\/web\/wp-content\/uploads\/2021\/03\/10_Flmnc-Stndrds-Joan-Cortes_CCdR_31JFG_Grnllrs-120x80.jpg 120w\" sizes=\"auto, (max-width: 600px) 100vw, 600px\" \/> <img loading=\"lazy\" decoding=\"async\" class=\"aligncenter size-large wp-image-54153\" src=\"https:\/\/tomajazz.com\/web\/wp-content\/uploads\/2021\/03\/11_Flmnc-Stndrds-Joan-Cortes_CCdR_31JFG_Grnllrs.jpg\" alt=\"\" width=\"600\" height=\"400\" title=\"\" srcset=\"https:\/\/tomajazz.com\/web\/wp-content\/uploads\/2021\/03\/11_Flmnc-Stndrds-Joan-Cortes_CCdR_31JFG_Grnllrs.jpg 600w, https:\/\/tomajazz.com\/web\/wp-content\/uploads\/2021\/03\/11_Flmnc-Stndrds-Joan-Cortes_CCdR_31JFG_Grnllrs-200x133.jpg 200w, https:\/\/tomajazz.com\/web\/wp-content\/uploads\/2021\/03\/11_Flmnc-Stndrds-Joan-Cortes_CCdR_31JFG_Grnllrs-60x40.jpg 60w, https:\/\/tomajazz.com\/web\/wp-content\/uploads\/2021\/03\/11_Flmnc-Stndrds-Joan-Cortes_CCdR_31JFG_Grnllrs-120x80.jpg 120w\" sizes=\"auto, (max-width: 600px) 100vw, 600px\" \/><\/p>\n<p style=\"text-align: right;\">Tomajazz: \u00a9\u00a0<strong>Joan Cort\u00e8s<\/strong>, 2021<\/p>\n","protected":false},"excerpt":{"rendered":"<p>En INSTANTZZ una Flamencura jazz\u00edstica de Joan Cort\u00e8s con las im\u00e1genes de la actuaci\u00f3n de Flamenco Standards en el 31\u00e8 Jazz Granollers Festival. En el grupo Rycardo Moreno, Pablo M. Caminero, Enrique Rodr\u00edguez y Marc Miralta.<br \/>\n<span class=\"more-link\"><a href=\"https:\/\/tomajazz.com\/web\/instantzz-flamenco-standards-31e-jazz-granollers-festival-casino-de-granollers-club-de-ritme-granollers-barcelona-2021-02-26-flamencuras-aka-galeria-fotografica-aka-fotoblog-de-jazz-impr\/\">Contin\u00faa leyendo<\/a><\/span><\/p>\n","protected":false},"author":1,"featured_media":54150,"comment_status":"open","ping_status":"closed","sticky":false,"template":"","format":"standard","meta":{"jetpack_post_was_ever_published":false,"_jetpack_newsletter_access":"","_jetpack_dont_email_post_to_subs":false,"_jetpack_newsletter_tier_id":0,"_jetpack_memberships_contains_paywalled_content":false,"_jetpack_memberships_contains_paid_content":false,"footnotes":""},"categories":[15516,17853,21243,11262,11261,1038],"tags":[13584,25204,1041,542,16608,341,11329],"class_list":["entry","author-pachi","has-excerpt","post-54142","post","type-post","status-publish","format-standard","has-post-thumbnail","category-imagenes","category-joan-cortes","category-flamencuras","category-photoblogs","category-instantzz","category-contenidos","tag-enrique-rodriguez","tag-flamenco-standards","tag-joan-cortes","tag-marc-miralta","tag-pablo-m-caminero","tag-pablo-martin-caminero","tag-rycardo-moreno"],"jetpack_featured_media_url":"https:\/\/tomajazz.com\/web\/wp-content\/uploads\/2021\/03\/08_Flmnc-Stndrds-Joan-Cortes_CCdR_31JFG_Grnllrs.jpg","jetpack_likes_enabled":true,"jetpack_sharing_enabled":true,"jetpack-related-posts":[{"id":104502,"url":"https:\/\/tomajazz.com\/web\/compania-manuel-linan-muerta-de-amor-flamencuras-2026\/","url_meta":{"origin":54142,"position":0},"title":"Compa\u00f1\u00eda Manuel Li\u00f1\u00e1n \u201cMuerta de Amor\u00bb (Teatre Auditori de Granollers -sala gran-, 2026-02-13 \/ Granollers -Barcelona-) Por Joan Cort\u00e8s [Flamencuras AKA INSTANTZZ AKA Galer\u00eda fotogr\u00e1fica AKA Fotoblog de jazz, impro\u2026 y algo m\u00e1s]","author":"Tomajazz","date":"21 marzo, 2026","format":false,"excerpt":"Compa\u00f1\u00eda Manuel Li\u00f1\u00e1n \u201cMuerta de Amor\" actu\u00f3 en el Teatre Auditori de Granollers el 13 de febrero de 2026. Joan Cort\u00e8s lo retrata en las Flamencuras de INSTANTZZ","rel":"","context":"En \u00abFlamencuras\u00bb","block_context":{"text":"Flamencuras","link":"https:\/\/tomajazz.com\/web\/category\/contenidos\/imagenes\/photoblogs\/flamencuras\/"},"img":{"alt_text":"Compa\u00f1\u00eda Manuel Li\u00f1\u00e1n \u201cMuerta de Amor\" (Teatre Auditori de Granollers -sala gran-, 2026-02-13 \/ Granollers -Barcelona-) Por Joan Cort\u00e8s [Flamencuras AKA INSTANTZZ AKA Galer\u00eda fotogr\u00e1fica AKA Fotoblog de jazz, impro\u2026 y algo m\u00e1s] - Tomajazz - Compa\u00f1\u00eda Manuel Li\u00f1\u00e1n \u201cMuerta de Amor\" actu\u00f3 en el Teatre Auditori de Granollers el 13 de febrero de 2026. Joan Cort\u00e8s lo retrata en las Flamencuras de INSTANTZZ","src":"https:\/\/i0.wp.com\/tomajazz.com\/web\/wp-content\/uploads\/2026\/03\/destacada-03-Mnl-Lnn-Photo-by-Joan-Cortes-13fbr26-Ttr-dtr-Grnllrs.jpg?resize=350%2C200&ssl=1","width":350,"height":200,"srcset":"https:\/\/i0.wp.com\/tomajazz.com\/web\/wp-content\/uploads\/2026\/03\/destacada-03-Mnl-Lnn-Photo-by-Joan-Cortes-13fbr26-Ttr-dtr-Grnllrs.jpg?resize=350%2C200&ssl=1 1x, https:\/\/i0.wp.com\/tomajazz.com\/web\/wp-content\/uploads\/2026\/03\/destacada-03-Mnl-Lnn-Photo-by-Joan-Cortes-13fbr26-Ttr-dtr-Grnllrs.jpg?resize=525%2C300&ssl=1 1.5x"},"classes":[]},{"id":105012,"url":"https:\/\/tomajazz.com\/web\/lage-lund-trio-granollers-2026\/","url_meta":{"origin":54142,"position":1},"title":"Lage Lund Trio (36\u00e8 Jazz Granollers Festival \/ Casino, 2026-03-13 \/ Granollers -Barcelona-) [y III] Por Joan Cort\u00e8s [INSTANTZZ AKA Galer\u00eda fotogr\u00e1fica AKA Fotoblog de jazz, impro\u2026 y algo m\u00e1s]","author":"Tomajazz","date":"23 abril, 2026","format":false,"excerpt":"Lage Lund Trio actu\u00f3 en el 36\u00e8 Jazz Granollers Festival, el 13 de marzo de 2026. Joan Cort\u00e8s lo retrata en INSTANTZZ. Lage Lund Trio son Lage Lund, Orlando Le Fleming, Greg Hutchinson","rel":"","context":"En \u00ab36 Jazz Granollers Festival 2026\u00bb","block_context":{"text":"36 Jazz Granollers Festival 2026","link":"https:\/\/tomajazz.com\/web\/category\/contenidos\/especial-contenidos\/36-jazz-granollers-festival-2026\/"},"img":{"alt_text":"Lage Lund Trio (36\u00e8 Jazz Granollers Festival \/ Casino, 2026-03-13 \/ Granollers -Barcelona-) [y III] Por Joan Cort\u00e8s [INSTANTZZ AKA Galer\u00eda fotogr\u00e1fica AKA Fotoblog de jazz, impro\u2026 y algo m\u00e1s] - Tomajazz - Lage Lund Trio actu\u00f3 en el 36\u00e8 Jazz Granollers Festival, el 13 de marzo de 2026. Joan Cort\u00e8s lo retrata en INSTANTZZ. Lage Lund Trio son Lage Lund, Orlando Le Fleming, Greg Hutchinson","src":"https:\/\/i0.wp.com\/tomajazz.com\/web\/wp-content\/uploads\/2026\/04\/destacada-02-Lg-Lnd-Photo-by-Joan-Cortes-13mrc26-36JGF-Csn-Gr-bn.jpg?resize=350%2C200&ssl=1","width":350,"height":200,"srcset":"https:\/\/i0.wp.com\/tomajazz.com\/web\/wp-content\/uploads\/2026\/04\/destacada-02-Lg-Lnd-Photo-by-Joan-Cortes-13mrc26-36JGF-Csn-Gr-bn.jpg?resize=350%2C200&ssl=1 1x, https:\/\/i0.wp.com\/tomajazz.com\/web\/wp-content\/uploads\/2026\/04\/destacada-02-Lg-Lnd-Photo-by-Joan-Cortes-13mrc26-36JGF-Csn-Gr-bn.jpg?resize=525%2C300&ssl=1 1.5x"},"classes":[]},{"id":104657,"url":"https:\/\/tomajazz.com\/web\/joan-sanmarti-5t-36-jazz-granollers-2026\/","url_meta":{"origin":54142,"position":2},"title":"Joan Sanmart\u00ed 5t (36\u00e8 Jazz Granollers Festival 2026\/ Casino, 2026-02-20 \/ Granollers -Barcelona-) [I] Por Joan Cort\u00e8s [INSTANTZZ AKA Galer\u00eda fotogr\u00e1fica AKA Fotoblog de jazz, impro\u2026 y algo m\u00e1s]","author":"Tomajazz","date":"2 abril, 2026","format":false,"excerpt":"Joan Sanmart\u00ed 5t actu\u00f3 en el 36\u00e8 Jazz Granollers Festival 2026, el 20 de febrero de 2026. Joan Cort\u00e8s lo retrata en INSTANTZZ. Joan Sanmart\u00ed 5t son Joan Sanmart\u00ed, Gabriel Amargant, Pau Dom\u00e8nech, Marc Cuevas, Joan Vidal","rel":"","context":"En \u00ab36 Jazz Granollers Festival 2026\u00bb","block_context":{"text":"36 Jazz Granollers Festival 2026","link":"https:\/\/tomajazz.com\/web\/category\/contenidos\/especial-contenidos\/36-jazz-granollers-festival-2026\/"},"img":{"alt_text":"Joan Sanmart\u00ed 5t (36\u00e8 Jazz Granollers Festival 2026\/ Casino, 2026-02-20 \/ Granollers -Barcelona-) [I] Por Joan Cort\u00e8s [INSTANTZZ AKA Galer\u00eda fotogr\u00e1fica AKA Fotoblog de jazz, impro\u2026 y algo m\u00e1s] - Tomajazz - Joan Sanmart\u00ed 5t actu\u00f3 en el 36\u00e8 Jazz Granollers Festival 2026, el 20 de febrero de 2026. Joan Cort\u00e8s lo retrata en INSTANTZZ. Joan Sanmart\u00ed 5t son Joan Sanmart\u00ed, Gabriel Amargant, Pau Dom\u00e8nech, Marc Cuevas, Joan Vidal\n","src":"https:\/\/i0.wp.com\/tomajazz.com\/web\/wp-content\/uploads\/2026\/04\/destacada-09-Jn-Snmrt-5t-Photo-By-Joan-Cortes-20fbr26-36FJG-Csn-Grn.jpg?resize=350%2C200&ssl=1","width":350,"height":200},"classes":[]},{"id":104847,"url":"https:\/\/tomajazz.com\/web\/alba-careta-group-panical-jazz-granollers-2026\/","url_meta":{"origin":54142,"position":3},"title":"Alba Careta Group \u201cPanical\u201d (36\u00e8 Jazz Granollers Festival \/ Casino, 2026-02-27 \/ Granollers -Barcelona-) [II] Por Joan Cort\u00e8s [INSTANTZZ AKA Galer\u00eda fotogr\u00e1fica AKA Fotoblog de jazz, impro\u2026 y algo m\u00e1s]","author":"Tomajazz","date":"12 abril, 2026","format":false,"excerpt":"Alba Careta Group \u201cPanical\u201d actu\u00f3 en el 36\u00e8 Jazz Granollers Festival, el 27 de febrero de 2026. Joan Cort\u00e8s lo retrata en INSTANTZZ. Alba Careta Group \u201cPanical\u201d son Alba Careta, Lucas Mart\u00ednez, Roger Santacana, Giuseppe Campisi, Jordi Pallar\u00e9s","rel":"","context":"En \u00ab36 Jazz Granollers Festival 2026\u00bb","block_context":{"text":"36 Jazz Granollers Festival 2026","link":"https:\/\/tomajazz.com\/web\/category\/contenidos\/especial-contenidos\/36-jazz-granollers-festival-2026\/"},"img":{"alt_text":"Alba Careta Group \u201cPanical\u201d (36\u00e8 Jazz Granollers Festival \/ Casino, 2026-02-27 \/ Granollers -Barcelona-) [II] Por Joan Cort\u00e8s [INSTANTZZ AKA Galer\u00eda fotogr\u00e1fica AKA Fotoblog de jazz, impro\u2026 y algo m\u00e1s] - Tomajazz - Alba Careta Group \u201cPanical\u201d actu\u00f3 en el 36\u00e8 Jazz Granollers Festival, el 27 de febrero de 2026. Joan Cort\u00e8s lo retrata en INSTANTZZ. Alba Careta Group \u201cPanical\u201d son Alba Careta, Lucas Mart\u00ednez, Roger Santacana, Giuseppe Campisi, Jordi Pallar\u00e9s\n","src":"https:\/\/i0.wp.com\/tomajazz.com\/web\/wp-content\/uploads\/2026\/04\/destacada-03-lb-Crt-Grp-Photo-by-Joan-Cortes-27fbr26-36JGF-CG-CR-Grnllrs.jpg?resize=350%2C200&ssl=1","width":350,"height":200,"srcset":"https:\/\/i0.wp.com\/tomajazz.com\/web\/wp-content\/uploads\/2026\/04\/destacada-03-lb-Crt-Grp-Photo-by-Joan-Cortes-27fbr26-36JGF-CG-CR-Grnllrs.jpg?resize=350%2C200&ssl=1 1x, https:\/\/i0.wp.com\/tomajazz.com\/web\/wp-content\/uploads\/2026\/04\/destacada-03-lb-Crt-Grp-Photo-by-Joan-Cortes-27fbr26-36JGF-CG-CR-Grnllrs.jpg?resize=525%2C300&ssl=1 1.5x"},"classes":[]},{"id":101727,"url":"https:\/\/tomajazz.com\/web\/sara-jimenez-ciutat-flamenco-2025\/","url_meta":{"origin":54142,"position":4},"title":"Sara Jim\u00e9nez \u201cAve de Plata\u201d (Ciutat Flamenco \/ Fabra i Coats, 2025-10-18 \/ Barcelona) Por Joan Cort\u00e8s [Flamencuras AKA INSTANTZZ AKA Galer\u00eda fotogr\u00e1fica AKA Fotoblog de jazz, impro\u2026 y algo m\u00e1s]","author":"Tomajazz","date":"13 noviembre, 2025","format":false,"excerpt":"Sara Jim\u00e9nez \u201cAve de Plata\u201d actu\u00f3 en Ciutat Flamenco de Barcelona el 18 de octubre de 2025. Joan Cort\u00e8s lo retrata en las Flamencuras de INSTANTZZ","rel":"","context":"En \u00abFlamencuras\u00bb","block_context":{"text":"Flamencuras","link":"https:\/\/tomajazz.com\/web\/category\/contenidos\/imagenes\/photoblogs\/flamencuras\/"},"img":{"alt_text":"Sara Jim\u00e9nez \u201cAve de Plata\u201d (Ciutat Flamenco \/ Fabra i Coats, 2025-10-18 \/ Barcelona) Por Joan Cort\u00e8s [Flamencuras AKA INSTANTZZ AKA Galer\u00eda fotogr\u00e1fica AKA Fotoblog de jazz, impro\u2026 y algo m\u00e1s] - Tomajazz - Sara Jim\u00e9nez \u201cAve de Plata\u201d actu\u00f3 en Ciutat Flamenco de Barcelona el 18 de octubre de 2025. Joan Cort\u00e8s lo retrata en las Flamencuras de INSTANTZZ","src":"https:\/\/i0.wp.com\/tomajazz.com\/web\/wp-content\/uploads\/2025\/11\/destacada-02-Sr-Jmnz-Photo-By-Joan-Cortes-18ctb25-Ctt-Flmnc-Fbr-Cts-Bc.jpg?resize=350%2C200&ssl=1","width":350,"height":200,"srcset":"https:\/\/i0.wp.com\/tomajazz.com\/web\/wp-content\/uploads\/2025\/11\/destacada-02-Sr-Jmnz-Photo-By-Joan-Cortes-18ctb25-Ctt-Flmnc-Fbr-Cts-Bc.jpg?resize=350%2C200&ssl=1 1x, https:\/\/i0.wp.com\/tomajazz.com\/web\/wp-content\/uploads\/2025\/11\/destacada-02-Sr-Jmnz-Photo-By-Joan-Cortes-18ctb25-Ctt-Flmnc-Fbr-Cts-Bc.jpg?resize=525%2C300&ssl=1 1.5x"},"classes":[]},{"id":101861,"url":"https:\/\/tomajazz.com\/web\/jose-manuel-alvarez-ciutat-flamenco-2025\/","url_meta":{"origin":54142,"position":5},"title":"Jose Manuel \u00c1lvarez \u00abCaptura y Fuga\u00bb (Ciutat Flamenco \/ SAT!, 2025-10-23 \/ Barcelona) [V] Por Joan Cort\u00e8s [Flamencuras AKA INSTANTZZ AKA Galer\u00eda fotogr\u00e1fica AKA Fotoblog de jazz, impro\u2026 y algo m\u00e1s]","author":"Tomajazz","date":"18 noviembre, 2025","format":false,"excerpt":"Jose Manuel \u00c1lvarez \u00abCaptura y Fuga\u00bb actu\u00f3 en Ciutat Flamenco de Barcelona el 23 de octubre de 2025. Joan Cort\u00e8s lo retrata en las Flamencuras de INSTANTZZ","rel":"","context":"En \u00abCiutat Flamenco 2025\u00bb","block_context":{"text":"Ciutat Flamenco 2025","link":"https:\/\/tomajazz.com\/web\/category\/contenidos\/especial-contenidos\/ciutat-flamenco-2025\/"},"img":{"alt_text":"Jose Manuel \u00c1lvarez \u00abCaptura y Fuga\u00bb (Ciutat Flamenco \/ SAT!, 2025-10-23 \/ Barcelona) [V] Por Joan Cort\u00e8s [Flamencuras AKA INSTANTZZ AKA Galer\u00eda fotogr\u00e1fica AKA Fotoblog de jazz, impro\u2026 y algo m\u00e1s] - Tomajazz - Jose Manuel \u00c1lvarez \u00abCaptura y Fuga\u00bb actu\u00f3 en Ciutat Flamenco de Barcelona el 23 de octubre de 2025. Joan Cort\u00e8s lo retrata en las Flamencuras de INSTANTZZ","src":"https:\/\/i0.wp.com\/tomajazz.com\/web\/wp-content\/uploads\/2025\/11\/destacada-07-Js-Mnl-lvrz-Photo-By-Joan-Cortes-23ctb25-Ctt-Flmnc-SnTjpg.jpg?resize=350%2C200&ssl=1","width":350,"height":200,"srcset":"https:\/\/i0.wp.com\/tomajazz.com\/web\/wp-content\/uploads\/2025\/11\/destacada-07-Js-Mnl-lvrz-Photo-By-Joan-Cortes-23ctb25-Ctt-Flmnc-SnTjpg.jpg?resize=350%2C200&ssl=1 1x, https:\/\/i0.wp.com\/tomajazz.com\/web\/wp-content\/uploads\/2025\/11\/destacada-07-Js-Mnl-lvrz-Photo-By-Joan-Cortes-23ctb25-Ctt-Flmnc-SnTjpg.jpg?resize=525%2C300&ssl=1 1.5x"},"classes":[]}],"_links":{"self":[{"href":"https:\/\/tomajazz.com\/web\/wp-json\/wp\/v2\/posts\/54142","targetHints":{"allow":["GET"]}}],"collection":[{"href":"https:\/\/tomajazz.com\/web\/wp-json\/wp\/v2\/posts"}],"about":[{"href":"https:\/\/tomajazz.com\/web\/wp-json\/wp\/v2\/types\/post"}],"author":[{"embeddable":true,"href":"https:\/\/tomajazz.com\/web\/wp-json\/wp\/v2\/users\/1"}],"replies":[{"embeddable":true,"href":"https:\/\/tomajazz.com\/web\/wp-json\/wp\/v2\/comments?post=54142"}],"version-history":[{"count":1,"href":"https:\/\/tomajazz.com\/web\/wp-json\/wp\/v2\/posts\/54142\/revisions"}],"predecessor-version":[{"id":54154,"href":"https:\/\/tomajazz.com\/web\/wp-json\/wp\/v2\/posts\/54142\/revisions\/54154"}],"wp:featuredmedia":[{"embeddable":true,"href":"https:\/\/tomajazz.com\/web\/wp-json\/wp\/v2\/media\/54150"}],"wp:attachment":[{"href":"https:\/\/tomajazz.com\/web\/wp-json\/wp\/v2\/media?parent=54142"}],"wp:term":[{"taxonomy":"category","embeddable":true,"href":"https:\/\/tomajazz.com\/web\/wp-json\/wp\/v2\/categories?post=54142"},{"taxonomy":"post_tag","embeddable":true,"href":"https:\/\/tomajazz.com\/web\/wp-json\/wp\/v2\/tags?post=54142"}],"curies":[{"name":"wp","href":"https:\/\/api.w.org\/{rel}","templated":true}]}}