{"id":54263,"date":"2021-04-06T12:00:51","date_gmt":"2021-04-06T10:00:51","guid":{"rendered":"https:\/\/www.tomajazz.com\/web\/?p=54263"},"modified":"2021-04-07T21:06:56","modified_gmt":"2021-04-07T19:06:56","slug":"instantzz-jordi-gaspar-ruben-fernandez-joan-bretcha-guitar-series-31e-jazz-granollers-festival-casino-de-granollers-club-de-ritme-granollers-barcelona-2021-03-12-galeria-fotografica-aka","status":"publish","type":"post","link":"https:\/\/tomajazz.com\/web\/instantzz-jordi-gaspar-ruben-fernandez-joan-bretcha-guitar-series-31e-jazz-granollers-festival-casino-de-granollers-club-de-ritme-granollers-barcelona-2021-03-12-galeria-fotografica-aka\/","title":{"rendered":"INSTANTZZ: Jordi Gaspar &#038; Rub\u00e9n Fern\u00e1ndez (Joan Bretcha Guitar Series &#8211; 31\u00e8 Jazz Granollers Festival \/ Casino de Granollers Club de Ritme, Granollers -Barcelona-.  2021-03-12) [Galer\u00eda fotogr\u00e1fica AKA Fotoblog de jazz, impro\u2026 y algo m\u00e1s] Por Joan Cort\u00e8s"},"content":{"rendered":"<ul>\n<li>Fecha: Viernes, 12 de marzo de 2021<\/li>\n<li>Lugar: Casino de Granollers Club de Ritme (Granollers -Barcelona-)<\/li>\n<li>Grupo:<br \/>\n<strong>Jordi Gaspar &amp; Rub\u00e9n Fern\u00e1ndez<br \/>\n<\/strong>Jordi Gaspar, guitarra baja ac\u00fastica<br \/>\nRub\u00e9n Fern\u00e1ndez, voz<\/li>\n<\/ul>\n<p style=\"text-align: center;\"><img loading=\"lazy\" decoding=\"async\" class=\"aligncenter size-full wp-image-54264\" src=\"https:\/\/tomajazz.com\/web\/wp-content\/uploads\/2021\/04\/01_Jrd-Gspr-Rbn-Frnndz-Joan-Cortes_12mrc21_31JzzGrnllrsFstvl_CsnGrnllrs.jpg\" alt=\"\" width=\"600\" height=\"400\" title=\"\" srcset=\"https:\/\/tomajazz.com\/web\/wp-content\/uploads\/2021\/04\/01_Jrd-Gspr-Rbn-Frnndz-Joan-Cortes_12mrc21_31JzzGrnllrsFstvl_CsnGrnllrs.jpg 600w, https:\/\/tomajazz.com\/web\/wp-content\/uploads\/2021\/04\/01_Jrd-Gspr-Rbn-Frnndz-Joan-Cortes_12mrc21_31JzzGrnllrsFstvl_CsnGrnllrs-200x133.jpg 200w, https:\/\/tomajazz.com\/web\/wp-content\/uploads\/2021\/04\/01_Jrd-Gspr-Rbn-Frnndz-Joan-Cortes_12mrc21_31JzzGrnllrsFstvl_CsnGrnllrs-60x40.jpg 60w, https:\/\/tomajazz.com\/web\/wp-content\/uploads\/2021\/04\/01_Jrd-Gspr-Rbn-Frnndz-Joan-Cortes_12mrc21_31JzzGrnllrsFstvl_CsnGrnllrs-120x80.jpg 120w\" sizes=\"auto, (max-width: 600px) 100vw, 600px\" \/> <img loading=\"lazy\" decoding=\"async\" class=\"aligncenter size-large wp-image-54265\" src=\"https:\/\/tomajazz.com\/web\/wp-content\/uploads\/2021\/04\/02_Jrd-Gspr-Rbn-Frnndz-Joan-Cortes_12mrc21_31JzzGrnllrsFstvl_CsnGrnllrs.jpg\" alt=\"\" width=\"400\" height=\"600\" title=\"\" srcset=\"https:\/\/tomajazz.com\/web\/wp-content\/uploads\/2021\/04\/02_Jrd-Gspr-Rbn-Frnndz-Joan-Cortes_12mrc21_31JzzGrnllrsFstvl_CsnGrnllrs.jpg 400w, https:\/\/tomajazz.com\/web\/wp-content\/uploads\/2021\/04\/02_Jrd-Gspr-Rbn-Frnndz-Joan-Cortes_12mrc21_31JzzGrnllrsFstvl_CsnGrnllrs-200x300.jpg 200w\" sizes=\"auto, (max-width: 400px) 100vw, 400px\" \/> <img loading=\"lazy\" decoding=\"async\" class=\"aligncenter size-large wp-image-54266\" src=\"https:\/\/tomajazz.com\/web\/wp-content\/uploads\/2021\/04\/03_Jrd-Gspr-Rbn-Frnndz-Joan-Cortes_12mrc21_31JzzGrnllrsFstvl_CsnGrnllrs.jpg\" alt=\"\" width=\"600\" height=\"400\" title=\"\" srcset=\"https:\/\/tomajazz.com\/web\/wp-content\/uploads\/2021\/04\/03_Jrd-Gspr-Rbn-Frnndz-Joan-Cortes_12mrc21_31JzzGrnllrsFstvl_CsnGrnllrs.jpg 600w, https:\/\/tomajazz.com\/web\/wp-content\/uploads\/2021\/04\/03_Jrd-Gspr-Rbn-Frnndz-Joan-Cortes_12mrc21_31JzzGrnllrsFstvl_CsnGrnllrs-200x133.jpg 200w, https:\/\/tomajazz.com\/web\/wp-content\/uploads\/2021\/04\/03_Jrd-Gspr-Rbn-Frnndz-Joan-Cortes_12mrc21_31JzzGrnllrsFstvl_CsnGrnllrs-60x40.jpg 60w, https:\/\/tomajazz.com\/web\/wp-content\/uploads\/2021\/04\/03_Jrd-Gspr-Rbn-Frnndz-Joan-Cortes_12mrc21_31JzzGrnllrsFstvl_CsnGrnllrs-120x80.jpg 120w\" sizes=\"auto, (max-width: 600px) 100vw, 600px\" \/> <img loading=\"lazy\" decoding=\"async\" class=\"aligncenter size-large wp-image-54267\" src=\"https:\/\/tomajazz.com\/web\/wp-content\/uploads\/2021\/04\/04_Jrd-Gspr-Rbn-Frnndz-Joan-Cortes_12mrc21_31JzzGrnllrsFstvl_CsnGrnllrs.jpg\" alt=\"\" width=\"400\" height=\"600\" title=\"\" srcset=\"https:\/\/tomajazz.com\/web\/wp-content\/uploads\/2021\/04\/04_Jrd-Gspr-Rbn-Frnndz-Joan-Cortes_12mrc21_31JzzGrnllrsFstvl_CsnGrnllrs.jpg 400w, https:\/\/tomajazz.com\/web\/wp-content\/uploads\/2021\/04\/04_Jrd-Gspr-Rbn-Frnndz-Joan-Cortes_12mrc21_31JzzGrnllrsFstvl_CsnGrnllrs-200x300.jpg 200w\" sizes=\"auto, (max-width: 400px) 100vw, 400px\" \/> <img loading=\"lazy\" decoding=\"async\" class=\"aligncenter size-large wp-image-54268\" src=\"https:\/\/tomajazz.com\/web\/wp-content\/uploads\/2021\/04\/05_Jrd-Gspr-Rbn-Frnndz-Joan-Cortes_12mrc21_31JzzGrnllrsFstvl_CsnGrnllrs.jpg\" alt=\"\" width=\"400\" height=\"600\" title=\"\" srcset=\"https:\/\/tomajazz.com\/web\/wp-content\/uploads\/2021\/04\/05_Jrd-Gspr-Rbn-Frnndz-Joan-Cortes_12mrc21_31JzzGrnllrsFstvl_CsnGrnllrs.jpg 400w, https:\/\/tomajazz.com\/web\/wp-content\/uploads\/2021\/04\/05_Jrd-Gspr-Rbn-Frnndz-Joan-Cortes_12mrc21_31JzzGrnllrsFstvl_CsnGrnllrs-200x300.jpg 200w\" sizes=\"auto, (max-width: 400px) 100vw, 400px\" \/> <img loading=\"lazy\" decoding=\"async\" class=\"aligncenter size-large wp-image-54269\" src=\"https:\/\/tomajazz.com\/web\/wp-content\/uploads\/2021\/04\/06_Jrd-Gspr-Rbn-Frnndz-Joan-Cortes_12mrc21_31JzzGrnllrsFstvl_CsnGrnllrs.jpg\" alt=\"\" width=\"400\" height=\"600\" title=\"\" srcset=\"https:\/\/tomajazz.com\/web\/wp-content\/uploads\/2021\/04\/06_Jrd-Gspr-Rbn-Frnndz-Joan-Cortes_12mrc21_31JzzGrnllrsFstvl_CsnGrnllrs.jpg 400w, https:\/\/tomajazz.com\/web\/wp-content\/uploads\/2021\/04\/06_Jrd-Gspr-Rbn-Frnndz-Joan-Cortes_12mrc21_31JzzGrnllrsFstvl_CsnGrnllrs-200x300.jpg 200w\" sizes=\"auto, (max-width: 400px) 100vw, 400px\" \/> <img loading=\"lazy\" decoding=\"async\" class=\"aligncenter size-large wp-image-54270\" src=\"https:\/\/tomajazz.com\/web\/wp-content\/uploads\/2021\/04\/07_Jrd-Gspr-Rbn-Frnndz-Joan-Cortes_12mrc21_31JzzGrnllrsFstvl_CsnGrnllrs.jpg\" alt=\"\" width=\"400\" height=\"600\" title=\"\" srcset=\"https:\/\/tomajazz.com\/web\/wp-content\/uploads\/2021\/04\/07_Jrd-Gspr-Rbn-Frnndz-Joan-Cortes_12mrc21_31JzzGrnllrsFstvl_CsnGrnllrs.jpg 400w, https:\/\/tomajazz.com\/web\/wp-content\/uploads\/2021\/04\/07_Jrd-Gspr-Rbn-Frnndz-Joan-Cortes_12mrc21_31JzzGrnllrsFstvl_CsnGrnllrs-200x300.jpg 200w\" sizes=\"auto, (max-width: 400px) 100vw, 400px\" \/> <img loading=\"lazy\" decoding=\"async\" class=\"aligncenter size-large wp-image-54271\" src=\"https:\/\/tomajazz.com\/web\/wp-content\/uploads\/2021\/04\/08_Jrd-Gspr-Rbn-Frnndz-Joan-Cortes_12mrc21_31JzzGrnllrsFstvl_CsnGrnllrs.jpg\" alt=\"\" width=\"400\" height=\"600\" title=\"\" srcset=\"https:\/\/tomajazz.com\/web\/wp-content\/uploads\/2021\/04\/08_Jrd-Gspr-Rbn-Frnndz-Joan-Cortes_12mrc21_31JzzGrnllrsFstvl_CsnGrnllrs.jpg 400w, https:\/\/tomajazz.com\/web\/wp-content\/uploads\/2021\/04\/08_Jrd-Gspr-Rbn-Frnndz-Joan-Cortes_12mrc21_31JzzGrnllrsFstvl_CsnGrnllrs-200x300.jpg 200w\" sizes=\"auto, (max-width: 400px) 100vw, 400px\" \/> <img loading=\"lazy\" decoding=\"async\" class=\"aligncenter size-large wp-image-54272\" src=\"https:\/\/tomajazz.com\/web\/wp-content\/uploads\/2021\/04\/09_Jrd-Gspr-Rbn-Frnndz-Joan-Cortes_12mrc21_31JzzGrnllrsFstvl_CsnGrnllrs.jpg\" alt=\"\" width=\"600\" height=\"400\" title=\"\" srcset=\"https:\/\/tomajazz.com\/web\/wp-content\/uploads\/2021\/04\/09_Jrd-Gspr-Rbn-Frnndz-Joan-Cortes_12mrc21_31JzzGrnllrsFstvl_CsnGrnllrs.jpg 600w, https:\/\/tomajazz.com\/web\/wp-content\/uploads\/2021\/04\/09_Jrd-Gspr-Rbn-Frnndz-Joan-Cortes_12mrc21_31JzzGrnllrsFstvl_CsnGrnllrs-200x133.jpg 200w, https:\/\/tomajazz.com\/web\/wp-content\/uploads\/2021\/04\/09_Jrd-Gspr-Rbn-Frnndz-Joan-Cortes_12mrc21_31JzzGrnllrsFstvl_CsnGrnllrs-60x40.jpg 60w, https:\/\/tomajazz.com\/web\/wp-content\/uploads\/2021\/04\/09_Jrd-Gspr-Rbn-Frnndz-Joan-Cortes_12mrc21_31JzzGrnllrsFstvl_CsnGrnllrs-120x80.jpg 120w\" sizes=\"auto, (max-width: 600px) 100vw, 600px\" \/> <img loading=\"lazy\" decoding=\"async\" class=\"aligncenter size-large wp-image-54273\" src=\"https:\/\/tomajazz.com\/web\/wp-content\/uploads\/2021\/04\/10_Jrd-Gspr-Rbn-Frnndz-Joan-Cortes_12mrc21_31JzzGrnllrsFstvl_CsnGrnllrs.jpg\" alt=\"\" width=\"400\" height=\"600\" title=\"\" srcset=\"https:\/\/tomajazz.com\/web\/wp-content\/uploads\/2021\/04\/10_Jrd-Gspr-Rbn-Frnndz-Joan-Cortes_12mrc21_31JzzGrnllrsFstvl_CsnGrnllrs.jpg 400w, https:\/\/tomajazz.com\/web\/wp-content\/uploads\/2021\/04\/10_Jrd-Gspr-Rbn-Frnndz-Joan-Cortes_12mrc21_31JzzGrnllrsFstvl_CsnGrnllrs-200x300.jpg 200w\" sizes=\"auto, (max-width: 400px) 100vw, 400px\" \/> <img loading=\"lazy\" decoding=\"async\" class=\"aligncenter size-large wp-image-54274\" src=\"https:\/\/tomajazz.com\/web\/wp-content\/uploads\/2021\/04\/11_Jrd-Gspr-Rbn-Frnndz-Joan-Cortes_12mrc21_31JzzGrnllrsFstvl_CsnGrnllrs.jpg\" alt=\"\" width=\"400\" height=\"600\" title=\"\" srcset=\"https:\/\/tomajazz.com\/web\/wp-content\/uploads\/2021\/04\/11_Jrd-Gspr-Rbn-Frnndz-Joan-Cortes_12mrc21_31JzzGrnllrsFstvl_CsnGrnllrs.jpg 400w, https:\/\/tomajazz.com\/web\/wp-content\/uploads\/2021\/04\/11_Jrd-Gspr-Rbn-Frnndz-Joan-Cortes_12mrc21_31JzzGrnllrsFstvl_CsnGrnllrs-200x300.jpg 200w\" sizes=\"auto, (max-width: 400px) 100vw, 400px\" \/><\/p>\n<p style=\"text-align: right;\">Tomajazz: \u00a9\u00a0<strong>Joan Cort\u00e8s<\/strong>, 2021<\/p>\n","protected":false},"excerpt":{"rendered":"<p>Jordi Gaspar y Rub\u00e9n Fern\u00e1ndez, en su concierto para el Joan Bretcha Guitar Series del 31\u00e8 Jazz Granollers Festival 2021 son los protagonistas del INSTANTZZ de Joan Cort\u00e8s. <span class=\"more-link\"><a href=\"https:\/\/tomajazz.com\/web\/instantzz-jordi-gaspar-ruben-fernandez-joan-bretcha-guitar-series-31e-jazz-granollers-festival-casino-de-granollers-club-de-ritme-granollers-barcelona-2021-03-12-galeria-fotografica-aka\/\">Contin\u00faa leyendo<\/a><\/span><\/p>\n","protected":false},"author":1,"featured_media":54266,"comment_status":"open","ping_status":"closed","sticky":false,"template":"","format":"standard","meta":{"jetpack_post_was_ever_published":false,"_jetpack_newsletter_access":"","_jetpack_dont_email_post_to_subs":false,"_jetpack_newsletter_tier_id":0,"_jetpack_memberships_contains_paywalled_content":false,"_jetpack_memberships_contains_paid_content":false,"footnotes":""},"categories":[11261,17853,11262,15516,1038],"tags":[1041,5161,25215,15707],"class_list":["entry","author-pachi","has-excerpt","post-54263","post","type-post","status-publish","format-standard","has-post-thumbnail","category-instantzz","category-joan-cortes","category-photoblogs","category-imagenes","category-contenidos","tag-joan-cortes","tag-jordi-gaspar","tag-jordi-gaspar-ruben-fernandez","tag-ruben-fernandez"],"jetpack_featured_media_url":"https:\/\/tomajazz.com\/web\/wp-content\/uploads\/2021\/04\/03_Jrd-Gspr-Rbn-Frnndz-Joan-Cortes_12mrc21_31JzzGrnllrsFstvl_CsnGrnllrs.jpg","jetpack_likes_enabled":true,"jetpack_sharing_enabled":true,"jetpack-related-posts":[{"id":104847,"url":"https:\/\/tomajazz.com\/web\/alba-careta-group-panical-jazz-granollers-2026\/","url_meta":{"origin":54263,"position":0},"title":"Alba Careta Group \u201cPanical\u201d (36\u00e8 Jazz Granollers Festival \/ Casino, 2026-02-27 \/ Granollers -Barcelona-) [II] Por Joan Cort\u00e8s [INSTANTZZ AKA Galer\u00eda fotogr\u00e1fica AKA Fotoblog de jazz, impro\u2026 y algo m\u00e1s]","author":"Tomajazz","date":"12 abril, 2026","format":false,"excerpt":"Alba Careta Group \u201cPanical\u201d actu\u00f3 en el 36\u00e8 Jazz Granollers Festival, el 27 de febrero de 2026. Joan Cort\u00e8s lo retrata en INSTANTZZ. Alba Careta Group \u201cPanical\u201d son Alba Careta, Lucas Mart\u00ednez, Roger Santacana, Giuseppe Campisi, Jordi Pallar\u00e9s","rel":"","context":"En \u00ab36 Jazz Granollers Festival 2026\u00bb","block_context":{"text":"36 Jazz Granollers Festival 2026","link":"https:\/\/tomajazz.com\/web\/category\/contenidos\/especial-contenidos\/36-jazz-granollers-festival-2026\/"},"img":{"alt_text":"Alba Careta Group \u201cPanical\u201d (36\u00e8 Jazz Granollers Festival \/ Casino, 2026-02-27 \/ Granollers -Barcelona-) [II] Por Joan Cort\u00e8s [INSTANTZZ AKA Galer\u00eda fotogr\u00e1fica AKA Fotoblog de jazz, impro\u2026 y algo m\u00e1s] - Tomajazz - Alba Careta Group \u201cPanical\u201d actu\u00f3 en el 36\u00e8 Jazz Granollers Festival, el 27 de febrero de 2026. Joan Cort\u00e8s lo retrata en INSTANTZZ. Alba Careta Group \u201cPanical\u201d son Alba Careta, Lucas Mart\u00ednez, Roger Santacana, Giuseppe Campisi, Jordi Pallar\u00e9s\n","src":"https:\/\/i0.wp.com\/tomajazz.com\/web\/wp-content\/uploads\/2026\/04\/destacada-03-lb-Crt-Grp-Photo-by-Joan-Cortes-27fbr26-36JGF-CG-CR-Grnllrs.jpg?resize=350%2C200&ssl=1","width":350,"height":200,"srcset":"https:\/\/i0.wp.com\/tomajazz.com\/web\/wp-content\/uploads\/2026\/04\/destacada-03-lb-Crt-Grp-Photo-by-Joan-Cortes-27fbr26-36JGF-CG-CR-Grnllrs.jpg?resize=350%2C200&ssl=1 1x, https:\/\/i0.wp.com\/tomajazz.com\/web\/wp-content\/uploads\/2026\/04\/destacada-03-lb-Crt-Grp-Photo-by-Joan-Cortes-27fbr26-36JGF-CG-CR-Grnllrs.jpg?resize=525%2C300&ssl=1 1.5x"},"classes":[]},{"id":50644,"url":"https:\/\/tomajazz.com\/web\/instantzz-nestor-gimenez-sputnik-explorer-and-everything-after-47e-cicle-de-jazz-granollers-casino-de-granollers-club-de-ritme-granollers-barcelona-2019-11-29-galeria-f\/","url_meta":{"origin":54263,"position":1},"title":"INSTANTZZ: N\u00e9stor Gim\u00e9nez \u201cSputnik, explorer and everything after\u201d (47\u00e8 Cicle de Jazz Granollers \/ Casino de Granollers &#8211; Club de Ritme, Granollers -Barcelona-.  2019-11-29) [Galer\u00eda fotogr\u00e1fica]","author":"Tomajazz","date":"21 mayo, 2020","format":false,"excerpt":"N\u00e9stor Gim\u00e9nez con su proyecto \u201cSputnik, explorer and everything after\u201d en su actuaci\u00f3n en el 47\u00e8 Cicle de Jazz Granollers es el protagonista del INSTANTZZ de Joan Cort\u00e8s.","rel":"","context":"En \u00abFotoblog - Galer\u00eda fotogr\u00e1fica\u00bb","block_context":{"text":"Fotoblog - Galer\u00eda fotogr\u00e1fica","link":"https:\/\/tomajazz.com\/web\/category\/contenidos\/imagenes\/photoblogs\/"},"img":{"alt_text":"","src":"https:\/\/i0.wp.com\/tomajazz.com\/web\/wp-content\/uploads\/2020\/05\/04_Nstr-Gmnz-Joan-Cort%C3%A8s_29nov19_47CdJ_CdG-CdR_Grn.jpg?resize=350%2C200&ssl=1","width":350,"height":200,"srcset":"https:\/\/i0.wp.com\/tomajazz.com\/web\/wp-content\/uploads\/2020\/05\/04_Nstr-Gmnz-Joan-Cort%C3%A8s_29nov19_47CdJ_CdG-CdR_Grn.jpg?resize=350%2C200&ssl=1 1x, https:\/\/i0.wp.com\/tomajazz.com\/web\/wp-content\/uploads\/2020\/05\/04_Nstr-Gmnz-Joan-Cort%C3%A8s_29nov19_47CdJ_CdG-CdR_Grn.jpg?resize=525%2C300&ssl=1 1.5x"},"classes":[]},{"id":104657,"url":"https:\/\/tomajazz.com\/web\/joan-sanmarti-5t-36-jazz-granollers-2026\/","url_meta":{"origin":54263,"position":2},"title":"Joan Sanmart\u00ed 5t (36\u00e8 Jazz Granollers Festival 2026\/ Casino, 2026-02-20 \/ Granollers -Barcelona-) [I] Por Joan Cort\u00e8s [INSTANTZZ AKA Galer\u00eda fotogr\u00e1fica AKA Fotoblog de jazz, impro\u2026 y algo m\u00e1s]","author":"Tomajazz","date":"2 abril, 2026","format":false,"excerpt":"Joan Sanmart\u00ed 5t actu\u00f3 en el 36\u00e8 Jazz Granollers Festival 2026, el 20 de febrero de 2026. Joan Cort\u00e8s lo retrata en INSTANTZZ. Joan Sanmart\u00ed 5t son Joan Sanmart\u00ed, Gabriel Amargant, Pau Dom\u00e8nech, Marc Cuevas, Joan Vidal","rel":"","context":"En \u00ab36 Jazz Granollers Festival 2026\u00bb","block_context":{"text":"36 Jazz Granollers Festival 2026","link":"https:\/\/tomajazz.com\/web\/category\/contenidos\/especial-contenidos\/36-jazz-granollers-festival-2026\/"},"img":{"alt_text":"Joan Sanmart\u00ed 5t (36\u00e8 Jazz Granollers Festival 2026\/ Casino, 2026-02-20 \/ Granollers -Barcelona-) [I] Por Joan Cort\u00e8s [INSTANTZZ AKA Galer\u00eda fotogr\u00e1fica AKA Fotoblog de jazz, impro\u2026 y algo m\u00e1s] - Tomajazz - Joan Sanmart\u00ed 5t actu\u00f3 en el 36\u00e8 Jazz Granollers Festival 2026, el 20 de febrero de 2026. Joan Cort\u00e8s lo retrata en INSTANTZZ. Joan Sanmart\u00ed 5t son Joan Sanmart\u00ed, Gabriel Amargant, Pau Dom\u00e8nech, Marc Cuevas, Joan Vidal\n","src":"https:\/\/i0.wp.com\/tomajazz.com\/web\/wp-content\/uploads\/2026\/04\/destacada-09-Jn-Snmrt-5t-Photo-By-Joan-Cortes-20fbr26-36FJG-Csn-Grn.jpg?resize=350%2C200&ssl=1","width":350,"height":200},"classes":[]},{"id":17565,"url":"https:\/\/tomajazz.com\/web\/instantzz-jordi-bonell-25e-granollers-jazz-festival-2015-02-26\/","url_meta":{"origin":54263,"position":3},"title":"INSTANTZZ: Jordi Bonell (25\u00e8 Granollers Jazz Festival. 2015-02-26)","author":"Tomajazz","date":"17 marzo, 2015","format":false,"excerpt":"Joan Bretcha Guitar Series 25\u00e8 Granollers Jazz Festival Fecha: Jueves, 26 de febrero de 2015 Lugar: Casino Club de Ritme de Granollers(Barcelona) Componentes: Jordi Bonell, guitarras Ra\u00fcl Reverter, saxo alto (invitado) \u00a0 \u00a9 Joan Cort\u00e8s, 2015","rel":"","context":"En \u00ab*_Joan Cort\u00e8s\u00bb","block_context":{"text":"*_Joan Cort\u00e8s","link":"https:\/\/tomajazz.com\/web\/category\/joan-cortes\/"},"img":{"alt_text":"","src":"https:\/\/i0.wp.com\/tomajazz.com\/web\/wp-content\/uploads\/2015\/03\/06_JBgs-%C2%A9Joan-Cort%C3%A8s_26feb15_CCdR_25GJF_Gra.jpg?resize=350%2C200&ssl=1","width":350,"height":200,"srcset":"https:\/\/i0.wp.com\/tomajazz.com\/web\/wp-content\/uploads\/2015\/03\/06_JBgs-%C2%A9Joan-Cort%C3%A8s_26feb15_CCdR_25GJF_Gra.jpg?resize=350%2C200&ssl=1 1x, https:\/\/i0.wp.com\/tomajazz.com\/web\/wp-content\/uploads\/2015\/03\/06_JBgs-%C2%A9Joan-Cort%C3%A8s_26feb15_CCdR_25GJF_Gra.jpg?resize=525%2C300&ssl=1 1.5x"},"classes":[]},{"id":105012,"url":"https:\/\/tomajazz.com\/web\/lage-lund-trio-granollers-2026\/","url_meta":{"origin":54263,"position":4},"title":"Lage Lund Trio (36\u00e8 Jazz Granollers Festival \/ Casino, 2026-03-13 \/ Granollers -Barcelona-) [y III] Por Joan Cort\u00e8s [INSTANTZZ AKA Galer\u00eda fotogr\u00e1fica AKA Fotoblog de jazz, impro\u2026 y algo m\u00e1s]","author":"Tomajazz","date":"23 abril, 2026","format":false,"excerpt":"Lage Lund Trio actu\u00f3 en el 36\u00e8 Jazz Granollers Festival, el 13 de marzo de 2026. Joan Cort\u00e8s lo retrata en INSTANTZZ. Lage Lund Trio son Lage Lund, Orlando Le Fleming, Greg Hutchinson","rel":"","context":"En \u00ab36 Jazz Granollers Festival 2026\u00bb","block_context":{"text":"36 Jazz Granollers Festival 2026","link":"https:\/\/tomajazz.com\/web\/category\/contenidos\/especial-contenidos\/36-jazz-granollers-festival-2026\/"},"img":{"alt_text":"Lage Lund Trio (36\u00e8 Jazz Granollers Festival \/ Casino, 2026-03-13 \/ Granollers -Barcelona-) [y III] Por Joan Cort\u00e8s [INSTANTZZ AKA Galer\u00eda fotogr\u00e1fica AKA Fotoblog de jazz, impro\u2026 y algo m\u00e1s] - Tomajazz - Lage Lund Trio actu\u00f3 en el 36\u00e8 Jazz Granollers Festival, el 13 de marzo de 2026. Joan Cort\u00e8s lo retrata en INSTANTZZ. Lage Lund Trio son Lage Lund, Orlando Le Fleming, Greg Hutchinson","src":"https:\/\/i0.wp.com\/tomajazz.com\/web\/wp-content\/uploads\/2026\/04\/destacada-02-Lg-Lnd-Photo-by-Joan-Cortes-13mrc26-36JGF-Csn-Gr-bn.jpg?resize=350%2C200&ssl=1","width":350,"height":200,"srcset":"https:\/\/i0.wp.com\/tomajazz.com\/web\/wp-content\/uploads\/2026\/04\/destacada-02-Lg-Lnd-Photo-by-Joan-Cortes-13mrc26-36JGF-Csn-Gr-bn.jpg?resize=350%2C200&ssl=1 1x, https:\/\/i0.wp.com\/tomajazz.com\/web\/wp-content\/uploads\/2026\/04\/destacada-02-Lg-Lnd-Photo-by-Joan-Cortes-13mrc26-36JGF-Csn-Gr-bn.jpg?resize=525%2C300&ssl=1 1.5x"},"classes":[]},{"id":50377,"url":"https:\/\/tomajazz.com\/web\/instantzz-dani-perez-jordi-farres-30e-jazz-granollers-festival-casino-de-granollers-club-de-ritme-granollers-barcelona-2020-02-21-galeria-fotografica-yomequedoencasa-istayathome\/","url_meta":{"origin":54263,"position":5},"title":"INSTANTZZ: Dani P\u00e9rez &#038; Jordi Farr\u00e9s (30\u00e8 Jazz Granollers Festival \/ Joan Bretcha Guitar Series \/ Casino de Granollers Club de Ritme, Granollers -Barcelona-.  2020-02-21) [Galer\u00eda fotogr\u00e1fica] #YoMeQuedoEnCasa #IStayAtHome","author":"Tomajazz","date":"28 abril, 2020","format":false,"excerpt":"Joan Cort\u00e8s retrata en INSTANTZZ la actuaci\u00f3n de los guitarristas Dani P\u00e9rez y Jordi Farr\u00e9s en su paso por el 30\u00e8 Jazz Granollers Festival. Y recuerda... ahora m\u00e1s que nunca es esencial no bajar la guardia ante el Covid-19: #YoMeQuedoEnCasa #IStayAtHome","rel":"","context":"En \u00abFotoblog - Galer\u00eda fotogr\u00e1fica\u00bb","block_context":{"text":"Fotoblog - Galer\u00eda fotogr\u00e1fica","link":"https:\/\/tomajazz.com\/web\/category\/contenidos\/imagenes\/photoblogs\/"},"img":{"alt_text":"","src":"https:\/\/i0.wp.com\/tomajazz.com\/web\/wp-content\/uploads\/2020\/04\/10_Dn-Prz-Jrd-Frrs-Joan-Cort%C3%A8s_CdGCdR_30JGF_Grn.jpg?resize=350%2C200&ssl=1","width":350,"height":200,"srcset":"https:\/\/i0.wp.com\/tomajazz.com\/web\/wp-content\/uploads\/2020\/04\/10_Dn-Prz-Jrd-Frrs-Joan-Cort%C3%A8s_CdGCdR_30JGF_Grn.jpg?resize=350%2C200&ssl=1 1x, https:\/\/i0.wp.com\/tomajazz.com\/web\/wp-content\/uploads\/2020\/04\/10_Dn-Prz-Jrd-Frrs-Joan-Cort%C3%A8s_CdGCdR_30JGF_Grn.jpg?resize=525%2C300&ssl=1 1.5x"},"classes":[]}],"_links":{"self":[{"href":"https:\/\/tomajazz.com\/web\/wp-json\/wp\/v2\/posts\/54263","targetHints":{"allow":["GET"]}}],"collection":[{"href":"https:\/\/tomajazz.com\/web\/wp-json\/wp\/v2\/posts"}],"about":[{"href":"https:\/\/tomajazz.com\/web\/wp-json\/wp\/v2\/types\/post"}],"author":[{"embeddable":true,"href":"https:\/\/tomajazz.com\/web\/wp-json\/wp\/v2\/users\/1"}],"replies":[{"embeddable":true,"href":"https:\/\/tomajazz.com\/web\/wp-json\/wp\/v2\/comments?post=54263"}],"version-history":[{"count":2,"href":"https:\/\/tomajazz.com\/web\/wp-json\/wp\/v2\/posts\/54263\/revisions"}],"predecessor-version":[{"id":54276,"href":"https:\/\/tomajazz.com\/web\/wp-json\/wp\/v2\/posts\/54263\/revisions\/54276"}],"wp:featuredmedia":[{"embeddable":true,"href":"https:\/\/tomajazz.com\/web\/wp-json\/wp\/v2\/media\/54266"}],"wp:attachment":[{"href":"https:\/\/tomajazz.com\/web\/wp-json\/wp\/v2\/media?parent=54263"}],"wp:term":[{"taxonomy":"category","embeddable":true,"href":"https:\/\/tomajazz.com\/web\/wp-json\/wp\/v2\/categories?post=54263"},{"taxonomy":"post_tag","embeddable":true,"href":"https:\/\/tomajazz.com\/web\/wp-json\/wp\/v2\/tags?post=54263"}],"curies":[{"name":"wp","href":"https:\/\/api.w.org\/{rel}","templated":true}]}}