{"id":54383,"date":"2021-04-15T12:00:49","date_gmt":"2021-04-15T10:00:49","guid":{"rendered":"https:\/\/www.tomajazz.com\/web\/?p=54383"},"modified":"2021-04-16T07:51:33","modified_gmt":"2021-04-16T05:51:33","slug":"instantzz-carola-ortiz-quintet-pecata-beata-31e-jazz-granollers-festival-casino-de-granollers-club-de-ritme-granollers-barcelona-2021-03-19-galeria-fotografica-aka-fotoblo","status":"publish","type":"post","link":"https:\/\/tomajazz.com\/web\/instantzz-carola-ortiz-quintet-pecata-beata-31e-jazz-granollers-festival-casino-de-granollers-club-de-ritme-granollers-barcelona-2021-03-19-galeria-fotografica-aka-fotoblo\/","title":{"rendered":"INSTANTZZ: Carola Ortiz Quintet \u201cPecata Beata\u201d (31\u00e8 Jazz Granollers Festival \/ Casino de Granollers Club de Ritme, Granollers -Barcelona-.  2021-03-19) [Galer\u00eda fotogr\u00e1fica AKA Fotoblog de jazz, impro\u2026 y algo m\u00e1s] Por Joan Cort\u00e8s."},"content":{"rendered":"<ul>\n<li>Fecha: Viernes, 19 de marzo de 2021<\/li>\n<li>Lugar: Casino de Granollers Club de Ritme (Granollers -Barcelona-)<\/li>\n<li>Grupo:<br \/>\n<strong>Carola Ortiz Quintet<br \/>\n<\/strong>Carola Ortiz, voz, clarinete y composici\u00f3n<br \/>\nSandrine Robilliard, violonchelo<br \/>\nPau Figueras, guitarra ac\u00fastica<br \/>\nPau Lligadas, contrabajo y voz<br \/>\nMarcelo Woloski, percusi\u00f3n<\/li>\n<\/ul>\n<p style=\"text-align: center;\"><img loading=\"lazy\" decoding=\"async\" class=\"aligncenter size-full wp-image-54384\" src=\"https:\/\/tomajazz.com\/web\/wp-content\/uploads\/2021\/04\/01_Crl-rtz-Pct-Bt-Joan-Cortes_19mar21_31JGF_CGCR_Grnllrs.jpg\" alt=\"\" width=\"400\" height=\"600\" title=\"\" srcset=\"https:\/\/tomajazz.com\/web\/wp-content\/uploads\/2021\/04\/01_Crl-rtz-Pct-Bt-Joan-Cortes_19mar21_31JGF_CGCR_Grnllrs.jpg 400w, https:\/\/tomajazz.com\/web\/wp-content\/uploads\/2021\/04\/01_Crl-rtz-Pct-Bt-Joan-Cortes_19mar21_31JGF_CGCR_Grnllrs-200x300.jpg 200w\" sizes=\"auto, (max-width: 400px) 100vw, 400px\" \/> <img loading=\"lazy\" decoding=\"async\" class=\"aligncenter size-large wp-image-54385\" src=\"https:\/\/tomajazz.com\/web\/wp-content\/uploads\/2021\/04\/02_Crl-rtz-Pct-Bt-Joan-Cortes_19mar21_31JGF_CGCR_Grnllrs.jpg\" alt=\"\" width=\"400\" height=\"600\" title=\"\" srcset=\"https:\/\/tomajazz.com\/web\/wp-content\/uploads\/2021\/04\/02_Crl-rtz-Pct-Bt-Joan-Cortes_19mar21_31JGF_CGCR_Grnllrs.jpg 400w, https:\/\/tomajazz.com\/web\/wp-content\/uploads\/2021\/04\/02_Crl-rtz-Pct-Bt-Joan-Cortes_19mar21_31JGF_CGCR_Grnllrs-200x300.jpg 200w\" sizes=\"auto, (max-width: 400px) 100vw, 400px\" \/> <img loading=\"lazy\" decoding=\"async\" class=\"aligncenter size-large wp-image-54386\" src=\"https:\/\/tomajazz.com\/web\/wp-content\/uploads\/2021\/04\/03_Crl-rtz-Pct-Bt-Joan-Cortes_19mar21_31JGF_CGCR_Grnllrs.jpg\" alt=\"\" width=\"400\" height=\"600\" title=\"\" srcset=\"https:\/\/tomajazz.com\/web\/wp-content\/uploads\/2021\/04\/03_Crl-rtz-Pct-Bt-Joan-Cortes_19mar21_31JGF_CGCR_Grnllrs.jpg 400w, https:\/\/tomajazz.com\/web\/wp-content\/uploads\/2021\/04\/03_Crl-rtz-Pct-Bt-Joan-Cortes_19mar21_31JGF_CGCR_Grnllrs-200x300.jpg 200w\" sizes=\"auto, (max-width: 400px) 100vw, 400px\" \/> <img loading=\"lazy\" decoding=\"async\" class=\"aligncenter size-large wp-image-54387\" src=\"https:\/\/tomajazz.com\/web\/wp-content\/uploads\/2021\/04\/04_Crl-rtz-Pct-Bt-Joan-Cortes_19mar21_31JGF_CGCR_Grnllrs.jpg\" alt=\"\" width=\"400\" height=\"600\" title=\"\" srcset=\"https:\/\/tomajazz.com\/web\/wp-content\/uploads\/2021\/04\/04_Crl-rtz-Pct-Bt-Joan-Cortes_19mar21_31JGF_CGCR_Grnllrs.jpg 400w, https:\/\/tomajazz.com\/web\/wp-content\/uploads\/2021\/04\/04_Crl-rtz-Pct-Bt-Joan-Cortes_19mar21_31JGF_CGCR_Grnllrs-200x300.jpg 200w\" sizes=\"auto, (max-width: 400px) 100vw, 400px\" \/> <img loading=\"lazy\" decoding=\"async\" class=\"aligncenter size-large wp-image-54388\" src=\"https:\/\/tomajazz.com\/web\/wp-content\/uploads\/2021\/04\/05_Crl-rtz-Pct-Bt-Joan-Cortes_19mar21_31JGF_CGCR_Grnllrs.jpg\" alt=\"\" width=\"600\" height=\"400\" title=\"\" srcset=\"https:\/\/tomajazz.com\/web\/wp-content\/uploads\/2021\/04\/05_Crl-rtz-Pct-Bt-Joan-Cortes_19mar21_31JGF_CGCR_Grnllrs.jpg 600w, https:\/\/tomajazz.com\/web\/wp-content\/uploads\/2021\/04\/05_Crl-rtz-Pct-Bt-Joan-Cortes_19mar21_31JGF_CGCR_Grnllrs-200x133.jpg 200w, https:\/\/tomajazz.com\/web\/wp-content\/uploads\/2021\/04\/05_Crl-rtz-Pct-Bt-Joan-Cortes_19mar21_31JGF_CGCR_Grnllrs-60x40.jpg 60w, https:\/\/tomajazz.com\/web\/wp-content\/uploads\/2021\/04\/05_Crl-rtz-Pct-Bt-Joan-Cortes_19mar21_31JGF_CGCR_Grnllrs-120x80.jpg 120w\" sizes=\"auto, (max-width: 600px) 100vw, 600px\" \/> <img loading=\"lazy\" decoding=\"async\" class=\"aligncenter size-large wp-image-54389\" src=\"https:\/\/tomajazz.com\/web\/wp-content\/uploads\/2021\/04\/06_Crl-rtz-Pct-Bt-Joan-Cortes_19mar21_31JGF_CGCR_Grnllrs.jpg\" alt=\"\" width=\"600\" height=\"400\" title=\"\" srcset=\"https:\/\/tomajazz.com\/web\/wp-content\/uploads\/2021\/04\/06_Crl-rtz-Pct-Bt-Joan-Cortes_19mar21_31JGF_CGCR_Grnllrs.jpg 600w, https:\/\/tomajazz.com\/web\/wp-content\/uploads\/2021\/04\/06_Crl-rtz-Pct-Bt-Joan-Cortes_19mar21_31JGF_CGCR_Grnllrs-200x133.jpg 200w, https:\/\/tomajazz.com\/web\/wp-content\/uploads\/2021\/04\/06_Crl-rtz-Pct-Bt-Joan-Cortes_19mar21_31JGF_CGCR_Grnllrs-60x40.jpg 60w, https:\/\/tomajazz.com\/web\/wp-content\/uploads\/2021\/04\/06_Crl-rtz-Pct-Bt-Joan-Cortes_19mar21_31JGF_CGCR_Grnllrs-120x80.jpg 120w\" sizes=\"auto, (max-width: 600px) 100vw, 600px\" \/> <img loading=\"lazy\" decoding=\"async\" class=\"aligncenter size-large wp-image-54390\" src=\"https:\/\/tomajazz.com\/web\/wp-content\/uploads\/2021\/04\/07_Crl-rtz-Pct-Bt-Joan-Cortes_19mar21_31JGF_CGCR_Grnllrs.jpg\" alt=\"\" width=\"400\" height=\"600\" title=\"\" srcset=\"https:\/\/tomajazz.com\/web\/wp-content\/uploads\/2021\/04\/07_Crl-rtz-Pct-Bt-Joan-Cortes_19mar21_31JGF_CGCR_Grnllrs.jpg 400w, https:\/\/tomajazz.com\/web\/wp-content\/uploads\/2021\/04\/07_Crl-rtz-Pct-Bt-Joan-Cortes_19mar21_31JGF_CGCR_Grnllrs-200x300.jpg 200w\" sizes=\"auto, (max-width: 400px) 100vw, 400px\" \/> <img loading=\"lazy\" decoding=\"async\" class=\"aligncenter size-large wp-image-54391\" src=\"https:\/\/tomajazz.com\/web\/wp-content\/uploads\/2021\/04\/08_Crl-rtz-Pct-Bt-Joan-Cortes_19mar21_31JGF_CGCR_Grnllrs.jpg\" alt=\"\" width=\"400\" height=\"600\" title=\"\" srcset=\"https:\/\/tomajazz.com\/web\/wp-content\/uploads\/2021\/04\/08_Crl-rtz-Pct-Bt-Joan-Cortes_19mar21_31JGF_CGCR_Grnllrs.jpg 400w, https:\/\/tomajazz.com\/web\/wp-content\/uploads\/2021\/04\/08_Crl-rtz-Pct-Bt-Joan-Cortes_19mar21_31JGF_CGCR_Grnllrs-200x300.jpg 200w\" sizes=\"auto, (max-width: 400px) 100vw, 400px\" \/> <img loading=\"lazy\" decoding=\"async\" class=\"aligncenter size-large wp-image-54392\" src=\"https:\/\/tomajazz.com\/web\/wp-content\/uploads\/2021\/04\/09_Crl-rtz-Pct-Bt-Joan-Cortes_19mar21_31JGF_CGCR_Grnllrs.jpg\" alt=\"\" width=\"600\" height=\"400\" title=\"\" srcset=\"https:\/\/tomajazz.com\/web\/wp-content\/uploads\/2021\/04\/09_Crl-rtz-Pct-Bt-Joan-Cortes_19mar21_31JGF_CGCR_Grnllrs.jpg 600w, https:\/\/tomajazz.com\/web\/wp-content\/uploads\/2021\/04\/09_Crl-rtz-Pct-Bt-Joan-Cortes_19mar21_31JGF_CGCR_Grnllrs-200x133.jpg 200w, https:\/\/tomajazz.com\/web\/wp-content\/uploads\/2021\/04\/09_Crl-rtz-Pct-Bt-Joan-Cortes_19mar21_31JGF_CGCR_Grnllrs-60x40.jpg 60w, https:\/\/tomajazz.com\/web\/wp-content\/uploads\/2021\/04\/09_Crl-rtz-Pct-Bt-Joan-Cortes_19mar21_31JGF_CGCR_Grnllrs-120x80.jpg 120w\" sizes=\"auto, (max-width: 600px) 100vw, 600px\" \/> <img loading=\"lazy\" decoding=\"async\" class=\"aligncenter size-large wp-image-54393\" src=\"https:\/\/tomajazz.com\/web\/wp-content\/uploads\/2021\/04\/10_Crl-rtz-Pct-Bt-Joan-Cortes_19mar21_31JGF_CGCR_Grnllrs.jpg\" alt=\"\" width=\"400\" height=\"600\" title=\"\" srcset=\"https:\/\/tomajazz.com\/web\/wp-content\/uploads\/2021\/04\/10_Crl-rtz-Pct-Bt-Joan-Cortes_19mar21_31JGF_CGCR_Grnllrs.jpg 400w, https:\/\/tomajazz.com\/web\/wp-content\/uploads\/2021\/04\/10_Crl-rtz-Pct-Bt-Joan-Cortes_19mar21_31JGF_CGCR_Grnllrs-200x300.jpg 200w\" sizes=\"auto, (max-width: 400px) 100vw, 400px\" \/> <img loading=\"lazy\" decoding=\"async\" class=\"aligncenter size-large wp-image-54394\" src=\"https:\/\/tomajazz.com\/web\/wp-content\/uploads\/2021\/04\/11_Crl-rtz-Pct-Bt-Joan-Cortes_19mar21_31JGF_CGCR_Grnllrs.jpg\" alt=\"\" width=\"600\" height=\"400\" title=\"\" srcset=\"https:\/\/tomajazz.com\/web\/wp-content\/uploads\/2021\/04\/11_Crl-rtz-Pct-Bt-Joan-Cortes_19mar21_31JGF_CGCR_Grnllrs.jpg 600w, https:\/\/tomajazz.com\/web\/wp-content\/uploads\/2021\/04\/11_Crl-rtz-Pct-Bt-Joan-Cortes_19mar21_31JGF_CGCR_Grnllrs-200x133.jpg 200w, https:\/\/tomajazz.com\/web\/wp-content\/uploads\/2021\/04\/11_Crl-rtz-Pct-Bt-Joan-Cortes_19mar21_31JGF_CGCR_Grnllrs-60x40.jpg 60w, https:\/\/tomajazz.com\/web\/wp-content\/uploads\/2021\/04\/11_Crl-rtz-Pct-Bt-Joan-Cortes_19mar21_31JGF_CGCR_Grnllrs-120x80.jpg 120w\" sizes=\"auto, (max-width: 600px) 100vw, 600px\" \/><\/p>\n<p style=\"text-align: right;\">Tomajazz: \u00a9\u00a0<strong>Joan Cort\u00e8s<\/strong>, 2021<\/p>\n","protected":false},"excerpt":{"rendered":"<p>Joan Cort\u00e8s retrata en INSTANTZZ la actuaci\u00f3n del Carola Ortiz Quintet con el proyecto \u201cPecata Beata\u201d en el 31\u00e8 Jazz Granollers Festival. <span class=\"more-link\"><a href=\"https:\/\/tomajazz.com\/web\/instantzz-carola-ortiz-quintet-pecata-beata-31e-jazz-granollers-festival-casino-de-granollers-club-de-ritme-granollers-barcelona-2021-03-19-galeria-fotografica-aka-fotoblo\/\">Contin\u00faa leyendo<\/a><\/span><\/p>\n","protected":false},"author":1,"featured_media":54394,"comment_status":"open","ping_status":"closed","sticky":false,"template":"","format":"standard","meta":{"jetpack_post_was_ever_published":false,"_jetpack_newsletter_access":"","_jetpack_dont_email_post_to_subs":false,"_jetpack_newsletter_tier_id":0,"_jetpack_memberships_contains_paywalled_content":false,"_jetpack_memberships_contains_paid_content":false,"footnotes":""},"categories":[15516,17853,11262,11261,1038],"tags":[5985,25222,1041,25225,25224,14079,25223,13225],"class_list":["entry","author-pachi","has-excerpt","post-54383","post","type-post","status-publish","format-standard","has-post-thumbnail","category-imagenes","category-joan-cortes","category-photoblogs","category-instantzz","category-contenidos","tag-carola-ortiz","tag-carola-ortiz-quintet","tag-joan-cortes","tag-marcelo-woloski","tag-pau-figueras","tag-pau-lligadas","tag-pau-robilliard","tag-sandrine-robilliard"],"jetpack_featured_media_url":"https:\/\/tomajazz.com\/web\/wp-content\/uploads\/2021\/04\/11_Crl-rtz-Pct-Bt-Joan-Cortes_19mar21_31JGF_CGCR_Grnllrs.jpg","jetpack_likes_enabled":true,"jetpack_sharing_enabled":true,"jetpack-related-posts":[{"id":42622,"url":"https:\/\/tomajazz.com\/web\/instantzz-instantzz-carola-ortiz-group-spirala-prueba-de-sonido-29e-jazz-granollers-festival-casino-de-granollers-club-de-ritme-granollers-barcelona-2019-02-15\/","url_meta":{"origin":54383,"position":0},"title":"INSTANTZZ: INSTANTZZ: Carola Ortiz Group \u201cSpirala\u201d -prueba de sonido- (29\u00e8 Jazz Granollers Festival, Casino de Granollers \u2013 Club de Ritme, Granollers -Barcelona-.  2019-02-15) [Galer\u00eda fotogr\u00e1fica]","author":"Tomajazz","date":"28 marzo, 2019","format":false,"excerpt":"Por\u00a0Joan Cort\u00e8s. Fecha: Viernes, 15 de febrero de 2019 Lugar: Casino de Granollers - Club de Ritme (Granollers -Barcelona-) Grupo: Carola Ortiz Group \"Spirala\" Carola Ortiz, voz, clarinetes y composiciones Charu Hariharan, voz y percusiones N\u00e9stor Gim\u00e9nez, piano Nishad Pandey, guitarra Sandrine Robilliard, violonchelo Juan Pablo Balc\u00e1zar, bajo Andreu Moreno,\u2026","rel":"","context":"En \u00ab*_Joan Cort\u00e8s\u00bb","block_context":{"text":"*_Joan Cort\u00e8s","link":"https:\/\/tomajazz.com\/web\/category\/joan-cortes\/"},"img":{"alt_text":"","src":"https:\/\/i0.wp.com\/tomajazz.com\/web\/wp-content\/uploads\/2019\/03\/11_Crl-rtz-Grp-%C2%A9Joan-Cort%C3%A8s_15feb19_29JzzGrnllrs_Csn_Grnllrs.jpg?resize=350%2C200&ssl=1","width":350,"height":200,"srcset":"https:\/\/i0.wp.com\/tomajazz.com\/web\/wp-content\/uploads\/2019\/03\/11_Crl-rtz-Grp-%C2%A9Joan-Cort%C3%A8s_15feb19_29JzzGrnllrs_Csn_Grnllrs.jpg?resize=350%2C200&ssl=1 1x, https:\/\/i0.wp.com\/tomajazz.com\/web\/wp-content\/uploads\/2019\/03\/11_Crl-rtz-Grp-%C2%A9Joan-Cort%C3%A8s_15feb19_29JzzGrnllrs_Csn_Grnllrs.jpg?resize=525%2C300&ssl=1 1.5x"},"classes":[]},{"id":104657,"url":"https:\/\/tomajazz.com\/web\/joan-sanmarti-5t-36-jazz-granollers-2026\/","url_meta":{"origin":54383,"position":1},"title":"Joan Sanmart\u00ed 5t (36\u00e8 Jazz Granollers Festival 2026\/ Casino, 2026-02-20 \/ Granollers -Barcelona-) [I] Por Joan Cort\u00e8s [INSTANTZZ AKA Galer\u00eda fotogr\u00e1fica AKA Fotoblog de jazz, impro\u2026 y algo m\u00e1s]","author":"Tomajazz","date":"2 abril, 2026","format":false,"excerpt":"Joan Sanmart\u00ed 5t actu\u00f3 en el 36\u00e8 Jazz Granollers Festival 2026, el 20 de febrero de 2026. Joan Cort\u00e8s lo retrata en INSTANTZZ. Joan Sanmart\u00ed 5t son Joan Sanmart\u00ed, Gabriel Amargant, Pau Dom\u00e8nech, Marc Cuevas, Joan Vidal","rel":"","context":"En \u00ab36 Jazz Granollers Festival 2026\u00bb","block_context":{"text":"36 Jazz Granollers Festival 2026","link":"https:\/\/tomajazz.com\/web\/category\/contenidos\/especial-contenidos\/36-jazz-granollers-festival-2026\/"},"img":{"alt_text":"Joan Sanmart\u00ed 5t (36\u00e8 Jazz Granollers Festival 2026\/ Casino, 2026-02-20 \/ Granollers -Barcelona-) [I] Por Joan Cort\u00e8s [INSTANTZZ AKA Galer\u00eda fotogr\u00e1fica AKA Fotoblog de jazz, impro\u2026 y algo m\u00e1s] - Tomajazz - Joan Sanmart\u00ed 5t actu\u00f3 en el 36\u00e8 Jazz Granollers Festival 2026, el 20 de febrero de 2026. Joan Cort\u00e8s lo retrata en INSTANTZZ. Joan Sanmart\u00ed 5t son Joan Sanmart\u00ed, Gabriel Amargant, Pau Dom\u00e8nech, Marc Cuevas, Joan Vidal\n","src":"https:\/\/i0.wp.com\/tomajazz.com\/web\/wp-content\/uploads\/2026\/04\/destacada-09-Jn-Snmrt-5t-Photo-By-Joan-Cortes-20fbr26-36FJG-Csn-Grn.jpg?resize=350%2C200&ssl=1","width":350,"height":200},"classes":[]},{"id":105012,"url":"https:\/\/tomajazz.com\/web\/lage-lund-trio-granollers-2026\/","url_meta":{"origin":54383,"position":2},"title":"Lage Lund Trio (36\u00e8 Jazz Granollers Festival \/ Casino, 2026-03-13 \/ Granollers -Barcelona-) [y III] Por Joan Cort\u00e8s [INSTANTZZ AKA Galer\u00eda fotogr\u00e1fica AKA Fotoblog de jazz, impro\u2026 y algo m\u00e1s]","author":"Tomajazz","date":"23 abril, 2026","format":false,"excerpt":"Lage Lund Trio actu\u00f3 en el 36\u00e8 Jazz Granollers Festival, el 13 de marzo de 2026. Joan Cort\u00e8s lo retrata en INSTANTZZ. Lage Lund Trio son Lage Lund, Orlando Le Fleming, Greg Hutchinson","rel":"","context":"En \u00ab36 Jazz Granollers Festival 2026\u00bb","block_context":{"text":"36 Jazz Granollers Festival 2026","link":"https:\/\/tomajazz.com\/web\/category\/contenidos\/especial-contenidos\/36-jazz-granollers-festival-2026\/"},"img":{"alt_text":"Lage Lund Trio (36\u00e8 Jazz Granollers Festival \/ Casino, 2026-03-13 \/ Granollers -Barcelona-) [y III] Por Joan Cort\u00e8s [INSTANTZZ AKA Galer\u00eda fotogr\u00e1fica AKA Fotoblog de jazz, impro\u2026 y algo m\u00e1s] - Tomajazz - Lage Lund Trio actu\u00f3 en el 36\u00e8 Jazz Granollers Festival, el 13 de marzo de 2026. Joan Cort\u00e8s lo retrata en INSTANTZZ. Lage Lund Trio son Lage Lund, Orlando Le Fleming, Greg Hutchinson","src":"https:\/\/i0.wp.com\/tomajazz.com\/web\/wp-content\/uploads\/2026\/04\/destacada-02-Lg-Lnd-Photo-by-Joan-Cortes-13mrc26-36JGF-Csn-Gr-bn.jpg?resize=350%2C200&ssl=1","width":350,"height":200,"srcset":"https:\/\/i0.wp.com\/tomajazz.com\/web\/wp-content\/uploads\/2026\/04\/destacada-02-Lg-Lnd-Photo-by-Joan-Cortes-13mrc26-36JGF-Csn-Gr-bn.jpg?resize=350%2C200&ssl=1 1x, https:\/\/i0.wp.com\/tomajazz.com\/web\/wp-content\/uploads\/2026\/04\/destacada-02-Lg-Lnd-Photo-by-Joan-Cortes-13mrc26-36JGF-Csn-Gr-bn.jpg?resize=525%2C300&ssl=1 1.5x"},"classes":[]},{"id":104847,"url":"https:\/\/tomajazz.com\/web\/alba-careta-group-panical-jazz-granollers-2026\/","url_meta":{"origin":54383,"position":3},"title":"Alba Careta Group \u201cPanical\u201d (36\u00e8 Jazz Granollers Festival \/ Casino, 2026-02-27 \/ Granollers -Barcelona-) [II] Por Joan Cort\u00e8s [INSTANTZZ AKA Galer\u00eda fotogr\u00e1fica AKA Fotoblog de jazz, impro\u2026 y algo m\u00e1s]","author":"Tomajazz","date":"12 abril, 2026","format":false,"excerpt":"Alba Careta Group \u201cPanical\u201d actu\u00f3 en el 36\u00e8 Jazz Granollers Festival, el 27 de febrero de 2026. Joan Cort\u00e8s lo retrata en INSTANTZZ. Alba Careta Group \u201cPanical\u201d son Alba Careta, Lucas Mart\u00ednez, Roger Santacana, Giuseppe Campisi, Jordi Pallar\u00e9s","rel":"","context":"En \u00ab36 Jazz Granollers Festival 2026\u00bb","block_context":{"text":"36 Jazz Granollers Festival 2026","link":"https:\/\/tomajazz.com\/web\/category\/contenidos\/especial-contenidos\/36-jazz-granollers-festival-2026\/"},"img":{"alt_text":"Alba Careta Group \u201cPanical\u201d (36\u00e8 Jazz Granollers Festival \/ Casino, 2026-02-27 \/ Granollers -Barcelona-) [II] Por Joan Cort\u00e8s [INSTANTZZ AKA Galer\u00eda fotogr\u00e1fica AKA Fotoblog de jazz, impro\u2026 y algo m\u00e1s] - Tomajazz - Alba Careta Group \u201cPanical\u201d actu\u00f3 en el 36\u00e8 Jazz Granollers Festival, el 27 de febrero de 2026. Joan Cort\u00e8s lo retrata en INSTANTZZ. Alba Careta Group \u201cPanical\u201d son Alba Careta, Lucas Mart\u00ednez, Roger Santacana, Giuseppe Campisi, Jordi Pallar\u00e9s\n","src":"https:\/\/i0.wp.com\/tomajazz.com\/web\/wp-content\/uploads\/2026\/04\/destacada-03-lb-Crt-Grp-Photo-by-Joan-Cortes-27fbr26-36JGF-CG-CR-Grnllrs.jpg?resize=350%2C200&ssl=1","width":350,"height":200,"srcset":"https:\/\/i0.wp.com\/tomajazz.com\/web\/wp-content\/uploads\/2026\/04\/destacada-03-lb-Crt-Grp-Photo-by-Joan-Cortes-27fbr26-36JGF-CG-CR-Grnllrs.jpg?resize=350%2C200&ssl=1 1x, https:\/\/i0.wp.com\/tomajazz.com\/web\/wp-content\/uploads\/2026\/04\/destacada-03-lb-Crt-Grp-Photo-by-Joan-Cortes-27fbr26-36JGF-CG-CR-Grnllrs.jpg?resize=525%2C300&ssl=1 1.5x"},"classes":[]},{"id":57537,"url":"https:\/\/tomajazz.com\/web\/instantzz-marina-quiroga-new-kids-in-the-swing-festival-huesca-es-jazz-2021-galeria-fotografica-aka-fotoblog-de-jazz-impro-y-algo-mas-por-fabio-galicia-2\/","url_meta":{"origin":54383,"position":4},"title":"INSTANTZZ: Carola Ortiz Quintet (Festival Huesca es Jazz 2021) [Galer\u00eda fotogr\u00e1fica AKA Fotoblog de jazz, impro\u2026 y algo m\u00e1s] Por Fabio Galicia","author":"Tomajazz","date":"3 octubre, 2021","format":false,"excerpt":"Carola Ortiz Quintet en su paso por el Festival Huesca es Jazz, es el grupo protagonista de INSTANTZZ. Fabio Galicia es el autor de la galer\u00eda fotogr\u00e1fica.","rel":"","context":"En \u00ab*_Fabio Galicia\u00bb","block_context":{"text":"*_Fabio Galicia","link":"https:\/\/tomajazz.com\/web\/category\/_fabio-galicia\/"},"img":{"alt_text":"","src":"https:\/\/i0.wp.com\/tomajazz.com\/web\/wp-content\/uploads\/2021\/10\/Carola-Ortiz-Quintet-2.jpg?resize=350%2C200&ssl=1","width":350,"height":200,"srcset":"https:\/\/i0.wp.com\/tomajazz.com\/web\/wp-content\/uploads\/2021\/10\/Carola-Ortiz-Quintet-2.jpg?resize=350%2C200&ssl=1 1x, https:\/\/i0.wp.com\/tomajazz.com\/web\/wp-content\/uploads\/2021\/10\/Carola-Ortiz-Quintet-2.jpg?resize=525%2C300&ssl=1 1.5x"},"classes":[]},{"id":85968,"url":"https:\/\/tomajazz.com\/web\/joan-diaz-jazzgranollers-ensemble-2024\/","url_meta":{"origin":54383,"position":5},"title":"Joan D\u00edaz &#038; JazzGranollers Ensemble \u201cLo c\u00e1rdeno sobre lo rojo\u201d (34\u00e8 Jazz Granollers Festival, Casino de Granollers-Club de Ritme, 2024-03-22. Granollers -Barcelona-) [5] Por Joan Cort\u00e8s [INSTANTZZ AKA Galer\u00eda fotogr\u00e1fica AKA Fotoblog de jazz, impro\u2026 y algo m\u00e1s]","author":"Tomajazz","date":"27 abril, 2024","format":false,"excerpt":"Joan D\u00edaz & JazzGranollers Ensemble presentaron \u201cLo c\u00e1rdeno sobre lo rojo\u201d en el 34\u00e8 Jazz Granollers Festival, el 22 de marzo de 2024. Joan Cort\u00e8s los retrata en INSTANTZZ. Actuaron Joan Sanmart\u00ed, Joan D\u00edaz, Maria Escudero, Lluna Arag\u00f3n, Jaime del Blanco, Irene Arg\u00fcello, Sandrine Robilliard, Pablo Selnik, Carla Aguilar, Gabriel\u2026","rel":"","context":"En \u00ab34\u00e8 Jazz Granollers Festival 2024\u00bb","block_context":{"text":"34\u00e8 Jazz Granollers Festival 2024","link":"https:\/\/tomajazz.com\/web\/category\/contenidos\/especial-contenidos\/34e-jazz-granollers-festival-2024\/"},"img":{"alt_text":"Joan D\u00edaz & JazzGranollers Ensemble \u201cLo c\u00e1rdeno sobre lo rojo\u201d (34\u00e8 Jazz Granollers Festival, Casino de Granollers-Club de Ritme, 2024-03-22. Granollers -Barcelona-) [5] Por Joan Cort\u00e8s [INSTANTZZ AKA Galer\u00eda fotogr\u00e1fica AKA Fotoblog de jazz, impro\u2026 y algo m\u00e1s] - Tomajazz - Joan D\u00edaz & JazzGranollers Ensemble presentaron \u201cLo c\u00e1rdeno sobre lo rojo\u201d en el 34\u00e8 Jazz Granollers Festival, el 22 de marzo de 2024. Joan Cort\u00e8s los retrata en INSTANTZZ. Actuaron Joan Sanmart\u00ed, Joan D\u00edaz, Maria Escudero, Lluna Arag\u00f3n, Jaime del Blanco, Irene Arg\u00fcello, Sandrine Robilliard, Pablo Selnik, Carla Aguilar, Gabriel Amargant, Pau Dom\u00e8nech, Marc Cuevas, Joan Vidal","src":"https:\/\/i0.wp.com\/tomajazz.com\/web\/wp-content\/uploads\/2024\/04\/destacada-Joan-Diaz-JazzGranollers-Ensemble-34e-Jazz-Granollers-Festival-2024-Tomajazz-Photo-by-Joan-Cortes-2024-005-copia.jpg?resize=350%2C200&ssl=1","width":350,"height":200,"srcset":"https:\/\/i0.wp.com\/tomajazz.com\/web\/wp-content\/uploads\/2024\/04\/destacada-Joan-Diaz-JazzGranollers-Ensemble-34e-Jazz-Granollers-Festival-2024-Tomajazz-Photo-by-Joan-Cortes-2024-005-copia.jpg?resize=350%2C200&ssl=1 1x, https:\/\/i0.wp.com\/tomajazz.com\/web\/wp-content\/uploads\/2024\/04\/destacada-Joan-Diaz-JazzGranollers-Ensemble-34e-Jazz-Granollers-Festival-2024-Tomajazz-Photo-by-Joan-Cortes-2024-005-copia.jpg?resize=525%2C300&ssl=1 1.5x"},"classes":[]}],"_links":{"self":[{"href":"https:\/\/tomajazz.com\/web\/wp-json\/wp\/v2\/posts\/54383","targetHints":{"allow":["GET"]}}],"collection":[{"href":"https:\/\/tomajazz.com\/web\/wp-json\/wp\/v2\/posts"}],"about":[{"href":"https:\/\/tomajazz.com\/web\/wp-json\/wp\/v2\/types\/post"}],"author":[{"embeddable":true,"href":"https:\/\/tomajazz.com\/web\/wp-json\/wp\/v2\/users\/1"}],"replies":[{"embeddable":true,"href":"https:\/\/tomajazz.com\/web\/wp-json\/wp\/v2\/comments?post=54383"}],"version-history":[{"count":3,"href":"https:\/\/tomajazz.com\/web\/wp-json\/wp\/v2\/posts\/54383\/revisions"}],"predecessor-version":[{"id":54399,"href":"https:\/\/tomajazz.com\/web\/wp-json\/wp\/v2\/posts\/54383\/revisions\/54399"}],"wp:featuredmedia":[{"embeddable":true,"href":"https:\/\/tomajazz.com\/web\/wp-json\/wp\/v2\/media\/54394"}],"wp:attachment":[{"href":"https:\/\/tomajazz.com\/web\/wp-json\/wp\/v2\/media?parent=54383"}],"wp:term":[{"taxonomy":"category","embeddable":true,"href":"https:\/\/tomajazz.com\/web\/wp-json\/wp\/v2\/categories?post=54383"},{"taxonomy":"post_tag","embeddable":true,"href":"https:\/\/tomajazz.com\/web\/wp-json\/wp\/v2\/tags?post=54383"}],"curies":[{"name":"wp","href":"https:\/\/api.w.org\/{rel}","templated":true}]}}