{"id":54436,"date":"2021-04-22T10:00:56","date_gmt":"2021-04-22T08:00:56","guid":{"rendered":"https:\/\/www.tomajazz.com\/web\/?p=54436"},"modified":"2024-10-09T20:50:30","modified_gmt":"2024-10-09T18:50:30","slug":"universos-paralelos-emision-22-de-abril-de-2021-t-26-p-30-noticias-de-jazz","status":"publish","type":"post","link":"https:\/\/tomajazz.com\/web\/universos-paralelos-emision-22-de-abril-de-2021-t-26-p-30-noticias-de-jazz\/","title":{"rendered":"Universos Paralelos: Emisi\u00f3n 22 de abril de 2021 (T.26 P.30) [Noticias de jazz]"},"content":{"rendered":"<p style=\"text-align: center;\"><img loading=\"lazy\" decoding=\"async\" class=\"aligncenter wp-image-33503\" src=\"https:\/\/tomajazz.com\/web\/wp-content\/uploads\/2017\/11\/UP_AVATAR2.jpg\" alt=\"\" width=\"350\" height=\"350\" title=\"\" srcset=\"https:\/\/tomajazz.com\/web\/wp-content\/uploads\/2017\/11\/UP_AVATAR2.jpg 600w, https:\/\/tomajazz.com\/web\/wp-content\/uploads\/2017\/11\/UP_AVATAR2-150x150.jpg 150w, https:\/\/tomajazz.com\/web\/wp-content\/uploads\/2017\/11\/UP_AVATAR2-200x200.jpg 200w, https:\/\/tomajazz.com\/web\/wp-content\/uploads\/2017\/11\/UP_AVATAR2-55x55.jpg 55w, https:\/\/tomajazz.com\/web\/wp-content\/uploads\/2017\/11\/UP_AVATAR2-50x50.jpg 50w\" sizes=\"auto, (max-width: 350px) 100vw, 350px\" \/><\/p>\n<blockquote><p><strong>25+1 temporadas en el aire<\/strong> (y unos pocos en la red)&#8230; \u00a1y seguimos descubriendo buena m\u00fasica!<\/p><\/blockquote>\n<div><img loading=\"lazy\" decoding=\"async\" class=\"alignleft wp-image-54439 size-medium\" src=\"https:\/\/tomajazz.com\/web\/wp-content\/uploads\/2021\/04\/Angel_Unzu_Orain-200x179.jpg\" alt=\"\" width=\"200\" height=\"179\" title=\"\" srcset=\"https:\/\/tomajazz.com\/web\/wp-content\/uploads\/2021\/04\/Angel_Unzu_Orain-200x179.jpg 200w, https:\/\/tomajazz.com\/web\/wp-content\/uploads\/2021\/04\/Angel_Unzu_Orain.jpg 350w\" sizes=\"auto, (max-width: 200px) 100vw, 200px\" \/>Ya est\u00e1 disponible una nueva emisi\u00f3n de Universos Paralelos, el programa de radio dirigido por <strong>Sergio Cabanillas<\/strong>.<\/div>\n<div>\n<p>En la emisi\u00f3n del 22 de abril de 2021: \u00c1ngel Unzu Cuarteto, Tom\u00e1s Merlo Group, No-Land Trio, Fergus McCreadie Trio, Tore Brunborg &amp; Steinar Raknes, Mark Wingfield \/ Jane Chapman \/ Adriano Adewale.<\/p>\n<p>Disponible en <a href=\"https:\/\/universosparalelosradioshow.blogspot.com\/2021\/04\/emision-22042021.html\" target=\"_blank\" rel=\"noopener noreferrer\">universosparalelosradioshow.blogspot.com.es<\/a><\/p>\n<\/div>\n<div><\/div>\n<div style=\"text-align: right;\">\u00a9 <strong>Tomajazz<\/strong>, 2021<\/div>\n","protected":false},"excerpt":{"rendered":"<p>Disponible la edici\u00f3n del 22 de abril de Universos Paralelos, el programa de radio dirigido y presentado por el gran Sergio Cabanillas. En el programa n\u00famero 30 de la temporada el disco destacado es \u00abOrain\u00bb de \u00c1ngel Unzu Cuarteto. <span class=\"more-link\"><a href=\"https:\/\/tomajazz.com\/web\/universos-paralelos-emision-22-de-abril-de-2021-t-26-p-30-noticias-de-jazz\/\">Contin\u00faa leyendo<\/a><\/span><\/p>\n","protected":false},"author":1,"featured_media":54439,"comment_status":"open","ping_status":"closed","sticky":false,"template":"","format":"standard","meta":{"jetpack_post_was_ever_published":false,"_jetpack_newsletter_access":"","_jetpack_dont_email_post_to_subs":false,"_jetpack_newsletter_tier_id":0,"_jetpack_memberships_contains_paywalled_content":false,"_jetpack_memberships_contains_paid_content":false,"footnotes":""},"categories":[15795,17858,1038,31550],"tags":[11856,15296,187,7664],"class_list":["entry","author-pachi","has-excerpt","post-54436","post","type-post","status-publish","format-standard","has-post-thumbnail","category-noticias-2","category-redaccion","category-contenidos","category-universos-paralelos-up","tag-noticias","tag-noticias-de-jazz","tag-sergio-cabanillas","tag-universos-paralelos"],"jetpack_featured_media_url":"https:\/\/tomajazz.com\/web\/wp-content\/uploads\/2021\/04\/Angel_Unzu_Orain.jpg","jetpack_likes_enabled":true,"jetpack_sharing_enabled":true,"jetpack-related-posts":[{"id":104808,"url":"https:\/\/tomajazz.com\/web\/universos-paralelos-t31-p24-2025-26\/","url_meta":{"origin":54436,"position":0},"title":"Universos Paralelos: emisi\u00f3n 9 de abril de 2026 (UP.T.31 P.24) [Noticias de jazz]","author":"Tomajazz","date":"9 abril, 2026","format":false,"excerpt":"En el programa del 9 de abril de 2026 de Universos Paralelos - UP, Sergio Cabanillas selecciona m\u00fasica de las nuevas grabaciones de Hugo Fern\u00e1ndez, Diego Pi\u00f1era 4+4, Ben Wendel, Miguel \u00c2ngelo Trio, Sumrr\u00e1, Pocket Corner.","rel":"","context":"En \u00abUniversos Paralelos - UP\u00bb","block_context":{"text":"Universos Paralelos - UP","link":"https:\/\/tomajazz.com\/web\/category\/contenidos\/noticias-2\/universos-paralelos-up\/"},"img":{"alt_text":"Universos Paralelos: emisi\u00f3n 9 de abril de 2026 (UP.T.31 P.24) [Noticias de jazz] - Tomajazz - En el programa del 9 de abril de 2026 de Universos Paralelos - UP, Sergio Cabanillas selecciona m\u00fasica de las nuevas grabaciones de Hugo Fern\u00e1ndez, Diego Pi\u00f1era 4+4, Ben Wendel, Miguel \u00c2ngelo Trio, Sumrr\u00e1, Pocket Corner.","src":"https:\/\/i0.wp.com\/tomajazz.com\/web\/wp-content\/uploads\/2026\/04\/destacada-02-Hugo-Fernandez-Rivermind-1080.jpg?resize=350%2C200&ssl=1","width":350,"height":200,"srcset":"https:\/\/i0.wp.com\/tomajazz.com\/web\/wp-content\/uploads\/2026\/04\/destacada-02-Hugo-Fernandez-Rivermind-1080.jpg?resize=350%2C200&ssl=1 1x, https:\/\/i0.wp.com\/tomajazz.com\/web\/wp-content\/uploads\/2026\/04\/destacada-02-Hugo-Fernandez-Rivermind-1080.jpg?resize=525%2C300&ssl=1 1.5x, https:\/\/i0.wp.com\/tomajazz.com\/web\/wp-content\/uploads\/2026\/04\/destacada-02-Hugo-Fernandez-Rivermind-1080.jpg?resize=700%2C400&ssl=1 2x"},"classes":[]},{"id":105026,"url":"https:\/\/tomajazz.com\/web\/universos-paralelos-up-t31-p25-2025-26\/","url_meta":{"origin":54436,"position":1},"title":"Universos Paralelos: emisi\u00f3n 16 de abril de 2026 (UP.T.31 P.25) [Noticias de jazz]","author":"Tomajazz","date":"22 abril, 2026","format":false,"excerpt":"En Universos Paralelos del 16 de abril de 2026, Sergio Cabanillas elige lo nuevo de V\u00edctor de Diego como disco de portada. Adem\u00e1s suena m\u00fasica de Juzz, Rai Castells, Manuel \u00c1lvarez Trio, Baptiste Bailly \/ Matthew Baker \/ Efr\u00e9n L\u00f3pez #Noticiasdejazz","rel":"","context":"En \u00ab*_Redacci\u00f3n\u00bb","block_context":{"text":"*_Redacci\u00f3n","link":"https:\/\/tomajazz.com\/web\/category\/redaccion\/"},"img":{"alt_text":"Universos Paralelos: emisi\u00f3n 16 de abril de 2026 (UP.T.31 P.25) [Noticias de jazz] - Tomajazz - En Universos Paralelos del 16 de abril de 2026, Sergio Cabanillas elige lo nuevo de V\u00edctor de Diego como disco de portada. Adem\u00e1s suena m\u00fasica de Juzz, Rai Castells, Manuel \u00c1lvarez Trio, Baptiste Bailly \/ Matthew Baker \/ Efr\u00e9n L\u00f3pez #Noticiasdejazz","src":"https:\/\/i0.wp.com\/tomajazz.com\/web\/wp-content\/uploads\/2026\/04\/portada-Victor-De-Diego-Haize-1080.jpg?resize=350%2C200&ssl=1","width":350,"height":200,"srcset":"https:\/\/i0.wp.com\/tomajazz.com\/web\/wp-content\/uploads\/2026\/04\/portada-Victor-De-Diego-Haize-1080.jpg?resize=350%2C200&ssl=1 1x, https:\/\/i0.wp.com\/tomajazz.com\/web\/wp-content\/uploads\/2026\/04\/portada-Victor-De-Diego-Haize-1080.jpg?resize=525%2C300&ssl=1 1.5x, https:\/\/i0.wp.com\/tomajazz.com\/web\/wp-content\/uploads\/2026\/04\/portada-Victor-De-Diego-Haize-1080.jpg?resize=700%2C400&ssl=1 2x"},"classes":[]},{"id":100330,"url":"https:\/\/tomajazz.com\/web\/universos-paralelos-t31-p04-2025-26\/","url_meta":{"origin":54436,"position":2},"title":"Universos Paralelos: emisi\u00f3n 9 de octubre de 2025 (UP.T.31 P.04) [Noticias de jazz]","author":"Tomajazz","date":"9 octubre, 2025","format":false,"excerpt":"En los Universos Paralelos dirigidos por Sergio Cabanillas, el 9 de octubre de 2025 suena m\u00fasica de Chronojazz, Gilad Hekselman, Hakan Ba\u015far, Miguel \u00c2ngelo Trio, Diego Alonso, Matthias Loibner #Noticiasdejazz","rel":"","context":"En \u00abUniversos Paralelos - UP\u00bb","block_context":{"text":"Universos Paralelos - UP","link":"https:\/\/tomajazz.com\/web\/category\/contenidos\/noticias-2\/universos-paralelos-up\/"},"img":{"alt_text":"Universos Paralelos: emisi\u00f3n 9 de octubre de 2025 (UP.T.31 P.04) [Noticias de jazz] - Tomajazz - En los Universos Paralelos dirigidos por Sergio Cabanillas, el 9 de octubre de 2025 suena m\u00fasica de Chronojazz, Gilad Hekselman, Hakan Ba\u015far, Miguel \u00c2ngelo Trio, Diego Alonso, Matthias Loibner #Noticiasdejazz","src":"https:\/\/i0.wp.com\/tomajazz.com\/web\/wp-content\/uploads\/2025\/10\/destacado-Matthias-Loibner-Aussichten-1080.jpg?resize=350%2C200&ssl=1","width":350,"height":200,"srcset":"https:\/\/i0.wp.com\/tomajazz.com\/web\/wp-content\/uploads\/2025\/10\/destacado-Matthias-Loibner-Aussichten-1080.jpg?resize=350%2C200&ssl=1 1x, https:\/\/i0.wp.com\/tomajazz.com\/web\/wp-content\/uploads\/2025\/10\/destacado-Matthias-Loibner-Aussichten-1080.jpg?resize=525%2C300&ssl=1 1.5x, https:\/\/i0.wp.com\/tomajazz.com\/web\/wp-content\/uploads\/2025\/10\/destacado-Matthias-Loibner-Aussichten-1080.jpg?resize=700%2C400&ssl=1 2x"},"classes":[]},{"id":104729,"url":"https:\/\/tomajazz.com\/web\/universos-paralelos-t31-p23-2025-26\/","url_meta":{"origin":54436,"position":3},"title":"Universos Paralelos: emisi\u00f3n 26 de marzo de 2026 (UP.T.31 P.23) [Noticias de jazz]","author":"Tomajazz","date":"6 abril, 2026","format":false,"excerpt":"En el programa del 26 de marzo de 2026 de Universos Paralelos, Sergio Cabanillas selecciona m\u00fasicas de Ricardo Formoso, Ant Law & Alex Hitchcock, Deadeye, \u00c1lvaro Torres Trio, Eddie Mej\u00eda","rel":"","context":"En \u00abUniversos Paralelos - UP\u00bb","block_context":{"text":"Universos Paralelos - UP","link":"https:\/\/tomajazz.com\/web\/category\/contenidos\/noticias-2\/universos-paralelos-up\/"},"img":{"alt_text":"Universos Paralelos: emisi\u00f3n 26 de marzo de 2026 (UP.T.31 P.23) [Noticias de jazz] - Tomajazz - En el programa del 26 de marzo de 2026 de Universos Paralelos, Sergio Cabanillas selecciona m\u00fasicas de Ricardo Formoso, Ant Law & Alex Hitchcock, Deadeye, \u00c1lvaro Torres Trio, Eddie Mej\u00eda","src":"https:\/\/i0.wp.com\/tomajazz.com\/web\/wp-content\/uploads\/2026\/04\/destacada-Alvaro-Torres-Trio-Mairena-1080.jpg?resize=350%2C200&ssl=1","width":350,"height":200,"srcset":"https:\/\/i0.wp.com\/tomajazz.com\/web\/wp-content\/uploads\/2026\/04\/destacada-Alvaro-Torres-Trio-Mairena-1080.jpg?resize=350%2C200&ssl=1 1x, https:\/\/i0.wp.com\/tomajazz.com\/web\/wp-content\/uploads\/2026\/04\/destacada-Alvaro-Torres-Trio-Mairena-1080.jpg?resize=525%2C300&ssl=1 1.5x, https:\/\/i0.wp.com\/tomajazz.com\/web\/wp-content\/uploads\/2026\/04\/destacada-Alvaro-Torres-Trio-Mairena-1080.jpg?resize=700%2C400&ssl=1 2x"},"classes":[]},{"id":105041,"url":"https:\/\/tomajazz.com\/web\/universos-paralelos-up-t31-p26-2025-26\/","url_meta":{"origin":54436,"position":4},"title":"Universos Paralelos: emisi\u00f3n 23 de abril de 2026 (UP.T.31 P.26) [Noticias de jazz]","author":"Tomajazz","date":"25 abril, 2026","format":false,"excerpt":"En el programa del 23 de abril de 2026, lo nuevo de Marcos Pin en portada de Universos Paralelos UP. Adem\u00e1s, Sergio Cabanillas selecciona m\u00fasicas de Chad Wackerman \/ Alex Machacek \/ Steve Hunt\/ Jimmy Haslip, Srdjan Ivanovic Blazin' Quartet, Ross Stanley \/ Gilad Atzmon \/ Joel Barford, Third Coast\u2026","rel":"","context":"En \u00abUniversos Paralelos - UP\u00bb","block_context":{"text":"Universos Paralelos - UP","link":"https:\/\/tomajazz.com\/web\/category\/contenidos\/noticias-2\/universos-paralelos-up\/"},"img":{"alt_text":"Universos Paralelos: emisi\u00f3n 23 de abril de 2026 (UP.T.31 P.26) [Noticias de jazz] - Tomajazz - En el programa del 23 de abril de 2026, lo nuevo de Marcos Pin en portada de Universos Paralelos UP. Adem\u00e1s, Sergio Cabanillas selecciona m\u00fasicas de Chad Wackerman \/ Alex Machacek \/ Steve Hunt\/ Jimmy Haslip, Srdjan Ivanovic Blazin' Quartet, Ross Stanley \/ Gilad Atzmon \/ Joel Barford, Third Coast Percussion","src":"https:\/\/i0.wp.com\/tomajazz.com\/web\/wp-content\/uploads\/2026\/04\/01-DESTACADA-Marcos-Pin-Smile-1080.jpg?resize=350%2C200&ssl=1","width":350,"height":200,"srcset":"https:\/\/i0.wp.com\/tomajazz.com\/web\/wp-content\/uploads\/2026\/04\/01-DESTACADA-Marcos-Pin-Smile-1080.jpg?resize=350%2C200&ssl=1 1x, https:\/\/i0.wp.com\/tomajazz.com\/web\/wp-content\/uploads\/2026\/04\/01-DESTACADA-Marcos-Pin-Smile-1080.jpg?resize=525%2C300&ssl=1 1.5x, https:\/\/i0.wp.com\/tomajazz.com\/web\/wp-content\/uploads\/2026\/04\/01-DESTACADA-Marcos-Pin-Smile-1080.jpg?resize=700%2C400&ssl=1 2x"},"classes":[]},{"id":104496,"url":"https:\/\/tomajazz.com\/web\/universos-paralelos-t31-p22-2025-26\/","url_meta":{"origin":54436,"position":5},"title":"Universos Paralelos: emisi\u00f3n 19 de marzo de 2026 (UP.T.31 P.22) [Noticias de jazz]","author":"Tomajazz","date":"21 marzo, 2026","format":false,"excerpt":"Dwiki Dharmawan, V\u00edctor Ant\u00f3n, Lluc Casares, Tim Garland & Geoffrey Keezer, Ram\u00f3n Garc\u00eda Lara son algunos de los m\u00fasicos que visitan los Universos Paralelos de Sergio Cabanillas en su programa del 19 de marzo de 2026 #Noticiasdejazz","rel":"","context":"En \u00abUniversos Paralelos - UP\u00bb","block_context":{"text":"Universos Paralelos - UP","link":"https:\/\/tomajazz.com\/web\/category\/contenidos\/noticias-2\/universos-paralelos-up\/"},"img":{"alt_text":"Universos Paralelos: emisi\u00f3n 19 de marzo de 2026 (UP.T.31 P.22) [Noticias de jazz] - Tomajazz - Dwiki Dharmawan, V\u00edctor Ant\u00f3n, Lluc Casares, Tim Garland & Geoffrey Keezer, Ram\u00f3n Garc\u00eda Lara son algunos de los m\u00fasicos que visitan los Universos Paralelos de Sergio Cabanillas en su programa del 19 de marzo de 2026 #Noticiasdejazz","src":"https:\/\/i0.wp.com\/tomajazz.com\/web\/wp-content\/uploads\/2026\/03\/destacada-Victor-Anton-Nudos-1080.jpg?resize=350%2C200&ssl=1","width":350,"height":200,"srcset":"https:\/\/i0.wp.com\/tomajazz.com\/web\/wp-content\/uploads\/2026\/03\/destacada-Victor-Anton-Nudos-1080.jpg?resize=350%2C200&ssl=1 1x, https:\/\/i0.wp.com\/tomajazz.com\/web\/wp-content\/uploads\/2026\/03\/destacada-Victor-Anton-Nudos-1080.jpg?resize=525%2C300&ssl=1 1.5x, https:\/\/i0.wp.com\/tomajazz.com\/web\/wp-content\/uploads\/2026\/03\/destacada-Victor-Anton-Nudos-1080.jpg?resize=700%2C400&ssl=1 2x"},"classes":[]}],"_links":{"self":[{"href":"https:\/\/tomajazz.com\/web\/wp-json\/wp\/v2\/posts\/54436","targetHints":{"allow":["GET"]}}],"collection":[{"href":"https:\/\/tomajazz.com\/web\/wp-json\/wp\/v2\/posts"}],"about":[{"href":"https:\/\/tomajazz.com\/web\/wp-json\/wp\/v2\/types\/post"}],"author":[{"embeddable":true,"href":"https:\/\/tomajazz.com\/web\/wp-json\/wp\/v2\/users\/1"}],"replies":[{"embeddable":true,"href":"https:\/\/tomajazz.com\/web\/wp-json\/wp\/v2\/comments?post=54436"}],"version-history":[{"count":2,"href":"https:\/\/tomajazz.com\/web\/wp-json\/wp\/v2\/posts\/54436\/revisions"}],"predecessor-version":[{"id":54441,"href":"https:\/\/tomajazz.com\/web\/wp-json\/wp\/v2\/posts\/54436\/revisions\/54441"}],"wp:featuredmedia":[{"embeddable":true,"href":"https:\/\/tomajazz.com\/web\/wp-json\/wp\/v2\/media\/54439"}],"wp:attachment":[{"href":"https:\/\/tomajazz.com\/web\/wp-json\/wp\/v2\/media?parent=54436"}],"wp:term":[{"taxonomy":"category","embeddable":true,"href":"https:\/\/tomajazz.com\/web\/wp-json\/wp\/v2\/categories?post=54436"},{"taxonomy":"post_tag","embeddable":true,"href":"https:\/\/tomajazz.com\/web\/wp-json\/wp\/v2\/tags?post=54436"}],"curies":[{"name":"wp","href":"https:\/\/api.w.org\/{rel}","templated":true}]}}