{"id":54586,"date":"2021-05-06T12:00:00","date_gmt":"2021-05-06T10:00:00","guid":{"rendered":"https:\/\/www.tomajazz.com\/web\/?p=54586"},"modified":"2021-05-05T22:34:51","modified_gmt":"2021-05-05T20:34:51","slug":"instantzz-alba-careta-group-31e-jazz-granollers-festival-casino-de-granollers-club-de-ritme-granollers-barcelona-2021-04-16-galeria-fotografica-aka-fotoblog-de-jazz-impro-y-algo","status":"publish","type":"post","link":"https:\/\/tomajazz.com\/web\/instantzz-alba-careta-group-31e-jazz-granollers-festival-casino-de-granollers-club-de-ritme-granollers-barcelona-2021-04-16-galeria-fotografica-aka-fotoblog-de-jazz-impro-y-algo\/","title":{"rendered":"INSTANTZZ: Alba Careta Group  (31\u00e8 Jazz Granollers Festival \/ Casino de Granollers Club de Ritme, Granollers -Barcelona-.  2021-04-16) [Galer\u00eda fotogr\u00e1fica AKA Fotoblog de jazz, impro\u2026 y algo m\u00e1s] Por Joan Cort\u00e8s"},"content":{"rendered":"<ul>\n<li>Fecha: Viernes, 16 de abril de 2021<\/li>\n<li>Lugar: Casino de Granollers Club de Ritme (Granollers -Barcelona-)<\/li>\n<li>Grupo:<br \/>\n<strong>Alba Careta Group<br \/>\n<\/strong>Alba Careta, trompeta y voz<br \/>\nLucas Mart\u00ednez, saxo tenor<br \/>\nRoger Santacana, piano<br \/>\nGiuseppe Campisi, contrabajo<br \/>\nJosep Cordob\u00e9s, bater\u00eda<\/li>\n<\/ul>\n<p style=\"text-align: center;\"><img loading=\"lazy\" decoding=\"async\" class=\"aligncenter size-full wp-image-54587\" src=\"https:\/\/tomajazz.com\/web\/wp-content\/uploads\/2021\/05\/01_lb-Crt-Grp-Joan-Cortes_16brl21_31JGF_CGCR_Grn.jpg\" alt=\"\" width=\"600\" height=\"400\" title=\"\" srcset=\"https:\/\/tomajazz.com\/web\/wp-content\/uploads\/2021\/05\/01_lb-Crt-Grp-Joan-Cortes_16brl21_31JGF_CGCR_Grn.jpg 600w, https:\/\/tomajazz.com\/web\/wp-content\/uploads\/2021\/05\/01_lb-Crt-Grp-Joan-Cortes_16brl21_31JGF_CGCR_Grn-200x133.jpg 200w, https:\/\/tomajazz.com\/web\/wp-content\/uploads\/2021\/05\/01_lb-Crt-Grp-Joan-Cortes_16brl21_31JGF_CGCR_Grn-60x40.jpg 60w, https:\/\/tomajazz.com\/web\/wp-content\/uploads\/2021\/05\/01_lb-Crt-Grp-Joan-Cortes_16brl21_31JGF_CGCR_Grn-120x80.jpg 120w\" sizes=\"auto, (max-width: 600px) 100vw, 600px\" \/> <img loading=\"lazy\" decoding=\"async\" class=\"aligncenter size-large wp-image-54588\" src=\"https:\/\/tomajazz.com\/web\/wp-content\/uploads\/2021\/05\/02_lb-Crt-Grp-Joan-Cortes_16brl21_31JGF_CGCR_Grn.jpg\" alt=\"\" width=\"400\" height=\"600\" title=\"\" srcset=\"https:\/\/tomajazz.com\/web\/wp-content\/uploads\/2021\/05\/02_lb-Crt-Grp-Joan-Cortes_16brl21_31JGF_CGCR_Grn.jpg 400w, https:\/\/tomajazz.com\/web\/wp-content\/uploads\/2021\/05\/02_lb-Crt-Grp-Joan-Cortes_16brl21_31JGF_CGCR_Grn-200x300.jpg 200w\" sizes=\"auto, (max-width: 400px) 100vw, 400px\" \/> <img loading=\"lazy\" decoding=\"async\" class=\"aligncenter size-large wp-image-54589\" src=\"https:\/\/tomajazz.com\/web\/wp-content\/uploads\/2021\/05\/03_lb-Crt-Grp-Joan-Cortes_16brl21_31JGF_CGCR_Grn.jpg\" alt=\"\" width=\"400\" height=\"600\" title=\"\" srcset=\"https:\/\/tomajazz.com\/web\/wp-content\/uploads\/2021\/05\/03_lb-Crt-Grp-Joan-Cortes_16brl21_31JGF_CGCR_Grn.jpg 400w, https:\/\/tomajazz.com\/web\/wp-content\/uploads\/2021\/05\/03_lb-Crt-Grp-Joan-Cortes_16brl21_31JGF_CGCR_Grn-200x300.jpg 200w\" sizes=\"auto, (max-width: 400px) 100vw, 400px\" \/> <img loading=\"lazy\" decoding=\"async\" class=\"aligncenter size-large wp-image-54590\" src=\"https:\/\/tomajazz.com\/web\/wp-content\/uploads\/2021\/05\/04_lb-Crt-Grp-Joan-Cortes_16brl21_31JGF_CGCR_Grn.jpg\" alt=\"\" width=\"400\" height=\"600\" title=\"\" srcset=\"https:\/\/tomajazz.com\/web\/wp-content\/uploads\/2021\/05\/04_lb-Crt-Grp-Joan-Cortes_16brl21_31JGF_CGCR_Grn.jpg 400w, https:\/\/tomajazz.com\/web\/wp-content\/uploads\/2021\/05\/04_lb-Crt-Grp-Joan-Cortes_16brl21_31JGF_CGCR_Grn-200x300.jpg 200w\" sizes=\"auto, (max-width: 400px) 100vw, 400px\" \/> <img loading=\"lazy\" decoding=\"async\" class=\"aligncenter size-large wp-image-54591\" src=\"https:\/\/tomajazz.com\/web\/wp-content\/uploads\/2021\/05\/05_lb-Crt-Grp-Joan-Cortes_16brl21_31JGF_CGCR_Grn.jpg\" alt=\"\" width=\"400\" height=\"600\" title=\"\" srcset=\"https:\/\/tomajazz.com\/web\/wp-content\/uploads\/2021\/05\/05_lb-Crt-Grp-Joan-Cortes_16brl21_31JGF_CGCR_Grn.jpg 400w, https:\/\/tomajazz.com\/web\/wp-content\/uploads\/2021\/05\/05_lb-Crt-Grp-Joan-Cortes_16brl21_31JGF_CGCR_Grn-200x300.jpg 200w\" sizes=\"auto, (max-width: 400px) 100vw, 400px\" \/> <img loading=\"lazy\" decoding=\"async\" class=\"aligncenter size-large wp-image-54592\" src=\"https:\/\/tomajazz.com\/web\/wp-content\/uploads\/2021\/05\/06_lb-Crt-Grp-Joan-Cortes_16brl21_31JGF_CGCR_Grn.jpg\" alt=\"\" width=\"400\" height=\"600\" title=\"\" srcset=\"https:\/\/tomajazz.com\/web\/wp-content\/uploads\/2021\/05\/06_lb-Crt-Grp-Joan-Cortes_16brl21_31JGF_CGCR_Grn.jpg 400w, https:\/\/tomajazz.com\/web\/wp-content\/uploads\/2021\/05\/06_lb-Crt-Grp-Joan-Cortes_16brl21_31JGF_CGCR_Grn-200x300.jpg 200w\" sizes=\"auto, (max-width: 400px) 100vw, 400px\" \/> <img loading=\"lazy\" decoding=\"async\" class=\"aligncenter size-large wp-image-54593\" src=\"https:\/\/tomajazz.com\/web\/wp-content\/uploads\/2021\/05\/07_lb-Crt-Grp-Joan-Cortes_16brl21_31JGF_CGCR_Grn.jpg\" alt=\"\" width=\"600\" height=\"400\" title=\"\" srcset=\"https:\/\/tomajazz.com\/web\/wp-content\/uploads\/2021\/05\/07_lb-Crt-Grp-Joan-Cortes_16brl21_31JGF_CGCR_Grn.jpg 600w, https:\/\/tomajazz.com\/web\/wp-content\/uploads\/2021\/05\/07_lb-Crt-Grp-Joan-Cortes_16brl21_31JGF_CGCR_Grn-200x133.jpg 200w, https:\/\/tomajazz.com\/web\/wp-content\/uploads\/2021\/05\/07_lb-Crt-Grp-Joan-Cortes_16brl21_31JGF_CGCR_Grn-60x40.jpg 60w, https:\/\/tomajazz.com\/web\/wp-content\/uploads\/2021\/05\/07_lb-Crt-Grp-Joan-Cortes_16brl21_31JGF_CGCR_Grn-120x80.jpg 120w\" sizes=\"auto, (max-width: 600px) 100vw, 600px\" \/> <img loading=\"lazy\" decoding=\"async\" class=\"aligncenter size-large wp-image-54594\" src=\"https:\/\/tomajazz.com\/web\/wp-content\/uploads\/2021\/05\/08_lb-Crt-Grp-Joan-Cortes_16brl21_31JGF_CGCR_Grn.jpg\" alt=\"\" width=\"400\" height=\"600\" title=\"\" srcset=\"https:\/\/tomajazz.com\/web\/wp-content\/uploads\/2021\/05\/08_lb-Crt-Grp-Joan-Cortes_16brl21_31JGF_CGCR_Grn.jpg 400w, https:\/\/tomajazz.com\/web\/wp-content\/uploads\/2021\/05\/08_lb-Crt-Grp-Joan-Cortes_16brl21_31JGF_CGCR_Grn-200x300.jpg 200w\" sizes=\"auto, (max-width: 400px) 100vw, 400px\" \/> <img loading=\"lazy\" decoding=\"async\" class=\"aligncenter size-large wp-image-54595\" src=\"https:\/\/tomajazz.com\/web\/wp-content\/uploads\/2021\/05\/09_lb-Crt-Grp-Joan-Cortes_16brl21_31JGF_CGCR_Grn.jpg\" alt=\"\" width=\"400\" height=\"600\" title=\"\" srcset=\"https:\/\/tomajazz.com\/web\/wp-content\/uploads\/2021\/05\/09_lb-Crt-Grp-Joan-Cortes_16brl21_31JGF_CGCR_Grn.jpg 400w, https:\/\/tomajazz.com\/web\/wp-content\/uploads\/2021\/05\/09_lb-Crt-Grp-Joan-Cortes_16brl21_31JGF_CGCR_Grn-200x300.jpg 200w\" sizes=\"auto, (max-width: 400px) 100vw, 400px\" \/> <img loading=\"lazy\" decoding=\"async\" class=\"aligncenter size-large wp-image-54596\" src=\"https:\/\/tomajazz.com\/web\/wp-content\/uploads\/2021\/05\/10_lb-Crt-Grp-Joan-Cortes_16brl21_31JGF_CGCR_Grn.jpg\" alt=\"\" width=\"400\" height=\"600\" title=\"\" srcset=\"https:\/\/tomajazz.com\/web\/wp-content\/uploads\/2021\/05\/10_lb-Crt-Grp-Joan-Cortes_16brl21_31JGF_CGCR_Grn.jpg 400w, https:\/\/tomajazz.com\/web\/wp-content\/uploads\/2021\/05\/10_lb-Crt-Grp-Joan-Cortes_16brl21_31JGF_CGCR_Grn-200x300.jpg 200w\" sizes=\"auto, (max-width: 400px) 100vw, 400px\" \/> <img loading=\"lazy\" decoding=\"async\" class=\"aligncenter size-large wp-image-54597\" src=\"https:\/\/tomajazz.com\/web\/wp-content\/uploads\/2021\/05\/11_lb-Crt-Grp-Joan-Cortes_16brl21_31JGF_CGCR_Grn.jpg\" alt=\"\" width=\"400\" height=\"600\" title=\"\" srcset=\"https:\/\/tomajazz.com\/web\/wp-content\/uploads\/2021\/05\/11_lb-Crt-Grp-Joan-Cortes_16brl21_31JGF_CGCR_Grn.jpg 400w, https:\/\/tomajazz.com\/web\/wp-content\/uploads\/2021\/05\/11_lb-Crt-Grp-Joan-Cortes_16brl21_31JGF_CGCR_Grn-200x300.jpg 200w\" sizes=\"auto, (max-width: 400px) 100vw, 400px\" \/><\/p>\n<p style=\"text-align: right;\">Tomajazz: \u00a9\u00a0<strong>Joan Cort\u00e8s<\/strong>, 2021<\/p>\n","protected":false},"excerpt":{"rendered":"<p>Joan Cort\u00e8s trae a INSTANTZZ una galer\u00eda fotogr\u00e1fica con la actuaci\u00f3n del Alba Careta Group en el 31\u00e8 Jazz Granollers Festival.<span class=\"more-link\"><a href=\"https:\/\/tomajazz.com\/web\/instantzz-alba-careta-group-31e-jazz-granollers-festival-casino-de-granollers-club-de-ritme-granollers-barcelona-2021-04-16-galeria-fotografica-aka-fotoblog-de-jazz-impro-y-algo\/\">Contin\u00faa leyendo<\/a><\/span><\/p>\n","protected":false},"author":1,"featured_media":54593,"comment_status":"open","ping_status":"closed","sticky":false,"template":"","format":"standard","meta":{"jetpack_post_was_ever_published":false,"_jetpack_newsletter_access":"","_jetpack_dont_email_post_to_subs":false,"_jetpack_newsletter_tier_id":0,"_jetpack_memberships_contains_paywalled_content":false,"_jetpack_memberships_contains_paid_content":false,"footnotes":""},"categories":[15516,17853,11262,11261,1038],"tags":[11694,25278,25279,1041,18933,7396,15765],"class_list":["entry","author-pachi","has-excerpt","post-54586","post","type-post","status-publish","format-standard","has-post-thumbnail","category-imagenes","category-joan-cortes","category-photoblogs","category-instantzz","category-contenidos","tag-alba-careta","tag-alba-careta-group","tag-giuseppe-campisi","tag-joan-cortes","tag-josep-cordobes","tag-lucas-martinez","tag-roger-santacana"],"jetpack_featured_media_url":"https:\/\/tomajazz.com\/web\/wp-content\/uploads\/2021\/05\/07_lb-Crt-Grp-Joan-Cortes_16brl21_31JGF_CGCR_Grn.jpg","jetpack_likes_enabled":true,"jetpack_sharing_enabled":true,"jetpack-related-posts":[{"id":104847,"url":"https:\/\/tomajazz.com\/web\/alba-careta-group-panical-jazz-granollers-2026\/","url_meta":{"origin":54586,"position":0},"title":"Alba Careta Group \u201cPanical\u201d (36\u00e8 Jazz Granollers Festival \/ Casino, 2026-02-27 \/ Granollers -Barcelona-) [II] Por Joan Cort\u00e8s [INSTANTZZ AKA Galer\u00eda fotogr\u00e1fica AKA Fotoblog de jazz, impro\u2026 y algo m\u00e1s]","author":"Tomajazz","date":"12 abril, 2026","format":false,"excerpt":"Alba Careta Group \u201cPanical\u201d actu\u00f3 en el 36\u00e8 Jazz Granollers Festival, el 27 de febrero de 2026. Joan Cort\u00e8s lo retrata en INSTANTZZ. Alba Careta Group \u201cPanical\u201d son Alba Careta, Lucas Mart\u00ednez, Roger Santacana, Giuseppe Campisi, Jordi Pallar\u00e9s","rel":"","context":"En \u00ab36 Jazz Granollers Festival 2026\u00bb","block_context":{"text":"36 Jazz Granollers Festival 2026","link":"https:\/\/tomajazz.com\/web\/category\/contenidos\/especial-contenidos\/36-jazz-granollers-festival-2026\/"},"img":{"alt_text":"Alba Careta Group \u201cPanical\u201d (36\u00e8 Jazz Granollers Festival \/ Casino, 2026-02-27 \/ Granollers -Barcelona-) [II] Por Joan Cort\u00e8s [INSTANTZZ AKA Galer\u00eda fotogr\u00e1fica AKA Fotoblog de jazz, impro\u2026 y algo m\u00e1s] - Tomajazz - Alba Careta Group \u201cPanical\u201d actu\u00f3 en el 36\u00e8 Jazz Granollers Festival, el 27 de febrero de 2026. Joan Cort\u00e8s lo retrata en INSTANTZZ. Alba Careta Group \u201cPanical\u201d son Alba Careta, Lucas Mart\u00ednez, Roger Santacana, Giuseppe Campisi, Jordi Pallar\u00e9s\n","src":"https:\/\/i0.wp.com\/tomajazz.com\/web\/wp-content\/uploads\/2026\/04\/destacada-03-lb-Crt-Grp-Photo-by-Joan-Cortes-27fbr26-36JGF-CG-CR-Grnllrs.jpg?resize=350%2C200&ssl=1","width":350,"height":200,"srcset":"https:\/\/i0.wp.com\/tomajazz.com\/web\/wp-content\/uploads\/2026\/04\/destacada-03-lb-Crt-Grp-Photo-by-Joan-Cortes-27fbr26-36JGF-CG-CR-Grnllrs.jpg?resize=350%2C200&ssl=1 1x, https:\/\/i0.wp.com\/tomajazz.com\/web\/wp-content\/uploads\/2026\/04\/destacada-03-lb-Crt-Grp-Photo-by-Joan-Cortes-27fbr26-36JGF-CG-CR-Grnllrs.jpg?resize=525%2C300&ssl=1 1.5x"},"classes":[]},{"id":73942,"url":"https:\/\/tomajazz.com\/web\/alba-careta-jazzgranollers-ensemble-2023\/","url_meta":{"origin":54586,"position":1},"title":"Alba Careta &#038; JazzGranollers Ensemble \u201cTeia\u201d (34\u00e8 Jazz Granollers Festival \/ Casino de Granollers-Club de Ritme, 2023-03-31. Granollers -Barcelona-) [III] Por Joan Cort\u00e8s [INSTANTZZ AKA Galer\u00eda fotogr\u00e1fica AKA Fotoblog de jazz, impro\u2026 y algo m\u00e1s]","author":"Tomajazz","date":"16 mayo, 2023","format":false,"excerpt":"Alba Careta actu\u00f3 con el JazzGranollers Ensemble presentando \u201cTeia\u201d en el 34\u00e8 Jazz Granollers Festival, el 31 de marzo de 2023. Joan Cort\u00e8s retrata la actuaci\u00f3n en INSTANTZZ.","rel":"","context":"En \u00abEspecial 34\u00e8 Jazz Granollers Festival 2023\u00bb","block_context":{"text":"Especial 34\u00e8 Jazz Granollers Festival 2023","link":"https:\/\/tomajazz.com\/web\/category\/contenidos\/especial-contenidos\/especial-34e-jazz-granollers-festival-2023\/"},"img":{"alt_text":"Alba Careta & JazzGranollers Ensemble \u201cTeia\u201d (34\u00e8 Jazz Granollers Festival \/ Casino de Granollers-Club de Ritme, 2023-03-31. Granollers -Barcelona-) [III] Por Joan Cort\u00e8s [INSTANTZZ AKA Galer\u00eda fotogr\u00e1fica AKA Fotoblog de jazz, impro\u2026 y algo m\u00e1s] - Tomajazz 9.0 - Alba Careta actu\u00f3 con el JazzGranollers Ensemble presentando \u201cTeia\u201d en el 34\u00e8 Jazz Granollers Festival, el 31 de marzo de 2023. Joan Cort\u00e8s retrata la actuaci\u00f3n en INSTANTZZ.","src":"https:\/\/i0.wp.com\/tomajazz.com\/web\/wp-content\/uploads\/2023\/05\/08-lb-Crt-Jzz-Grnllrs-nsmbl-%C2%A9Joan-Cortes-31mrc23-33JGF-Grnllrs-Alba-Careta-JazzGranollers-Ensemble-Teia-2023-03-31-Granollers.jpg?resize=350%2C200&ssl=1","width":350,"height":200,"srcset":"https:\/\/i0.wp.com\/tomajazz.com\/web\/wp-content\/uploads\/2023\/05\/08-lb-Crt-Jzz-Grnllrs-nsmbl-%C2%A9Joan-Cortes-31mrc23-33JGF-Grnllrs-Alba-Careta-JazzGranollers-Ensemble-Teia-2023-03-31-Granollers.jpg?resize=350%2C200&ssl=1 1x, https:\/\/i0.wp.com\/tomajazz.com\/web\/wp-content\/uploads\/2023\/05\/08-lb-Crt-Jzz-Grnllrs-nsmbl-%C2%A9Joan-Cortes-31mrc23-33JGF-Grnllrs-Alba-Careta-JazzGranollers-Ensemble-Teia-2023-03-31-Granollers.jpg?resize=525%2C300&ssl=1 1.5x"},"classes":[]},{"id":105012,"url":"https:\/\/tomajazz.com\/web\/lage-lund-trio-granollers-2026\/","url_meta":{"origin":54586,"position":2},"title":"Lage Lund Trio (36\u00e8 Jazz Granollers Festival \/ Casino, 2026-03-13 \/ Granollers -Barcelona-) [y III] Por Joan Cort\u00e8s [INSTANTZZ AKA Galer\u00eda fotogr\u00e1fica AKA Fotoblog de jazz, impro\u2026 y algo m\u00e1s]","author":"Tomajazz","date":"23 abril, 2026","format":false,"excerpt":"Lage Lund Trio actu\u00f3 en el 36\u00e8 Jazz Granollers Festival, el 13 de marzo de 2026. Joan Cort\u00e8s lo retrata en INSTANTZZ. Lage Lund Trio son Lage Lund, Orlando Le Fleming, Greg Hutchinson","rel":"","context":"En \u00ab36 Jazz Granollers Festival 2026\u00bb","block_context":{"text":"36 Jazz Granollers Festival 2026","link":"https:\/\/tomajazz.com\/web\/category\/contenidos\/especial-contenidos\/36-jazz-granollers-festival-2026\/"},"img":{"alt_text":"Lage Lund Trio (36\u00e8 Jazz Granollers Festival \/ Casino, 2026-03-13 \/ Granollers -Barcelona-) [y III] Por Joan Cort\u00e8s [INSTANTZZ AKA Galer\u00eda fotogr\u00e1fica AKA Fotoblog de jazz, impro\u2026 y algo m\u00e1s] - Tomajazz - Lage Lund Trio actu\u00f3 en el 36\u00e8 Jazz Granollers Festival, el 13 de marzo de 2026. Joan Cort\u00e8s lo retrata en INSTANTZZ. Lage Lund Trio son Lage Lund, Orlando Le Fleming, Greg Hutchinson","src":"https:\/\/i0.wp.com\/tomajazz.com\/web\/wp-content\/uploads\/2026\/04\/destacada-02-Lg-Lnd-Photo-by-Joan-Cortes-13mrc26-36JGF-Csn-Gr-bn.jpg?resize=350%2C200&ssl=1","width":350,"height":200,"srcset":"https:\/\/i0.wp.com\/tomajazz.com\/web\/wp-content\/uploads\/2026\/04\/destacada-02-Lg-Lnd-Photo-by-Joan-Cortes-13mrc26-36JGF-Csn-Gr-bn.jpg?resize=350%2C200&ssl=1 1x, https:\/\/i0.wp.com\/tomajazz.com\/web\/wp-content\/uploads\/2026\/04\/destacada-02-Lg-Lnd-Photo-by-Joan-Cortes-13mrc26-36JGF-Csn-Gr-bn.jpg?resize=525%2C300&ssl=1 1.5x"},"classes":[]},{"id":56786,"url":"https:\/\/tomajazz.com\/web\/instantzz-alba-careta-group-especial-jazzene-2021-vi-galeria-fotografica-aka-fotoblog-de-jazz-impro-y-algo-mas-por-jose-luis-luna-rocafort\/","url_meta":{"origin":54586,"position":3},"title":"INSTANTZZ: Alba Careta Group [Especial Jazze\u00f1e 2021 VII] [Galer\u00eda fotogr\u00e1fica AKA Fotoblog de jazz, impro\u2026 y algo m\u00e1s] Por Jos\u00e9 Luis Luna Rocafort","author":"Tomajazz","date":"30 agosto, 2021","format":false,"excerpt":"En INSTANTZZ el especial JazzE\u00f1e 2021 va llegando a su final. En la pen\u00faltima entrega, la actuaci\u00f3n de Alba Careta Group. Las im\u00e1genes de Jos\u00e9 Luis Luna Rocafort.","rel":"","context":"En \u00abINSTANTZZ\u00bb","block_context":{"text":"INSTANTZZ","link":"https:\/\/tomajazz.com\/web\/category\/contenidos\/imagenes\/photoblogs\/instantzz\/"},"img":{"alt_text":"","src":"https:\/\/i0.wp.com\/tomajazz.com\/web\/wp-content\/uploads\/2021\/08\/001-4.jpg?resize=350%2C200&ssl=1","width":350,"height":200,"srcset":"https:\/\/i0.wp.com\/tomajazz.com\/web\/wp-content\/uploads\/2021\/08\/001-4.jpg?resize=350%2C200&ssl=1 1x, https:\/\/i0.wp.com\/tomajazz.com\/web\/wp-content\/uploads\/2021\/08\/001-4.jpg?resize=525%2C300&ssl=1 1.5x"},"classes":[]},{"id":103512,"url":"https:\/\/tomajazz.com\/web\/36-jazz-granollers-festival-2026\/","url_meta":{"origin":54586,"position":4},"title":"36 Jazz Granollers Festival 2026 (del 23 de enero al 27 de marzo 2026. Granollers, Barcelona) [Noticias de jazz]","author":"Tomajazz","date":"18 enero, 2026","format":false,"excerpt":"El 36\u00e8 Jazz Granollers Festival 2026 se celebrar\u00e1 del 23 de enero al 27 de marzo de 2026 con quince jornadas y actuaciones de Lluc Casares, Irene Reig, Alba Careta, Marco Mezquida y m\u00e1s #Noticiasdejazz","rel":"","context":"En \u00ab36 Jazz Granollers Festival 2026\u00bb","block_context":{"text":"36 Jazz Granollers Festival 2026","link":"https:\/\/tomajazz.com\/web\/category\/contenidos\/especial-contenidos\/36-jazz-granollers-festival-2026\/"},"img":{"alt_text":"36 Jazz Granollers Festival 2026 (del 23 de enero al 27 de marzo 2026. Granollers, Barcelona) [Noticias de jazz] - Tomajazz - El 36\u00e8 Jazz Granollers Festival 2026 se celebrar\u00e1 del 23 de enero al 27 de marzo de 2026 con quince jornadas y actuaciones de Lluc Casares, Irene Reig, Alba Careta, Marco Mezquida y m\u00e1s #Noticiasdejazz","src":"https:\/\/i0.wp.com\/tomajazz.com\/web\/wp-content\/uploads\/2026\/01\/Cartell-36e-Jazz-Granollers-Festival-2026.jpg?resize=350%2C200&ssl=1","width":350,"height":200,"srcset":"https:\/\/i0.wp.com\/tomajazz.com\/web\/wp-content\/uploads\/2026\/01\/Cartell-36e-Jazz-Granollers-Festival-2026.jpg?resize=350%2C200&ssl=1 1x, https:\/\/i0.wp.com\/tomajazz.com\/web\/wp-content\/uploads\/2026\/01\/Cartell-36e-Jazz-Granollers-Festival-2026.jpg?resize=525%2C300&ssl=1 1.5x, https:\/\/i0.wp.com\/tomajazz.com\/web\/wp-content\/uploads\/2026\/01\/Cartell-36e-Jazz-Granollers-Festival-2026.jpg?resize=700%2C400&ssl=1 2x"},"classes":[]},{"id":104657,"url":"https:\/\/tomajazz.com\/web\/joan-sanmarti-5t-36-jazz-granollers-2026\/","url_meta":{"origin":54586,"position":5},"title":"Joan Sanmart\u00ed 5t (36\u00e8 Jazz Granollers Festival 2026\/ Casino, 2026-02-20 \/ Granollers -Barcelona-) [I] Por Joan Cort\u00e8s [INSTANTZZ AKA Galer\u00eda fotogr\u00e1fica AKA Fotoblog de jazz, impro\u2026 y algo m\u00e1s]","author":"Tomajazz","date":"2 abril, 2026","format":false,"excerpt":"Joan Sanmart\u00ed 5t actu\u00f3 en el 36\u00e8 Jazz Granollers Festival 2026, el 20 de febrero de 2026. Joan Cort\u00e8s lo retrata en INSTANTZZ. Joan Sanmart\u00ed 5t son Joan Sanmart\u00ed, Gabriel Amargant, Pau Dom\u00e8nech, Marc Cuevas, Joan Vidal","rel":"","context":"En \u00ab36 Jazz Granollers Festival 2026\u00bb","block_context":{"text":"36 Jazz Granollers Festival 2026","link":"https:\/\/tomajazz.com\/web\/category\/contenidos\/especial-contenidos\/36-jazz-granollers-festival-2026\/"},"img":{"alt_text":"Joan Sanmart\u00ed 5t (36\u00e8 Jazz Granollers Festival 2026\/ Casino, 2026-02-20 \/ Granollers -Barcelona-) [I] Por Joan Cort\u00e8s [INSTANTZZ AKA Galer\u00eda fotogr\u00e1fica AKA Fotoblog de jazz, impro\u2026 y algo m\u00e1s] - Tomajazz - Joan Sanmart\u00ed 5t actu\u00f3 en el 36\u00e8 Jazz Granollers Festival 2026, el 20 de febrero de 2026. Joan Cort\u00e8s lo retrata en INSTANTZZ. Joan Sanmart\u00ed 5t son Joan Sanmart\u00ed, Gabriel Amargant, Pau Dom\u00e8nech, Marc Cuevas, Joan Vidal\n","src":"https:\/\/i0.wp.com\/tomajazz.com\/web\/wp-content\/uploads\/2026\/04\/destacada-09-Jn-Snmrt-5t-Photo-By-Joan-Cortes-20fbr26-36FJG-Csn-Grn.jpg?resize=350%2C200&ssl=1","width":350,"height":200},"classes":[]}],"_links":{"self":[{"href":"https:\/\/tomajazz.com\/web\/wp-json\/wp\/v2\/posts\/54586","targetHints":{"allow":["GET"]}}],"collection":[{"href":"https:\/\/tomajazz.com\/web\/wp-json\/wp\/v2\/posts"}],"about":[{"href":"https:\/\/tomajazz.com\/web\/wp-json\/wp\/v2\/types\/post"}],"author":[{"embeddable":true,"href":"https:\/\/tomajazz.com\/web\/wp-json\/wp\/v2\/users\/1"}],"replies":[{"embeddable":true,"href":"https:\/\/tomajazz.com\/web\/wp-json\/wp\/v2\/comments?post=54586"}],"version-history":[{"count":2,"href":"https:\/\/tomajazz.com\/web\/wp-json\/wp\/v2\/posts\/54586\/revisions"}],"predecessor-version":[{"id":54599,"href":"https:\/\/tomajazz.com\/web\/wp-json\/wp\/v2\/posts\/54586\/revisions\/54599"}],"wp:featuredmedia":[{"embeddable":true,"href":"https:\/\/tomajazz.com\/web\/wp-json\/wp\/v2\/media\/54593"}],"wp:attachment":[{"href":"https:\/\/tomajazz.com\/web\/wp-json\/wp\/v2\/media?parent=54586"}],"wp:term":[{"taxonomy":"category","embeddable":true,"href":"https:\/\/tomajazz.com\/web\/wp-json\/wp\/v2\/categories?post=54586"},{"taxonomy":"post_tag","embeddable":true,"href":"https:\/\/tomajazz.com\/web\/wp-json\/wp\/v2\/tags?post=54586"}],"curies":[{"name":"wp","href":"https:\/\/api.w.org\/{rel}","templated":true}]}}