{"id":54721,"date":"2021-05-19T11:00:25","date_gmt":"2021-05-19T09:00:25","guid":{"rendered":"https:\/\/www.tomajazz.com\/web\/?p=54721"},"modified":"2021-07-18T13:20:23","modified_gmt":"2021-07-18T11:20:23","slug":"27e-femjazz-festival-demergencies-musicals-de-banyoles-27-al-30-de-mayo-de-2021-noticias-de-jazz","status":"publish","type":"post","link":"https:\/\/tomajazz.com\/web\/27e-femjazz-festival-demergencies-musicals-de-banyoles-27-al-30-de-mayo-de-2021-noticias-de-jazz\/","title":{"rendered":"27\u00e8 FEMJazz!, Festival d\u2019Emerg\u00e8ncies Musicals de Banyoles (27 al 30 de mayo de 2021) [Noticias de jazz]"},"content":{"rendered":"<p style=\"text-align: center;\"><img loading=\"lazy\" decoding=\"async\" class=\"aligncenter size-large wp-image-54722\" src=\"https:\/\/tomajazz.com\/web\/wp-content\/uploads\/2021\/05\/Cartell-FEMJazz2021-424x600.jpg\" alt=\"\" width=\"424\" height=\"600\" title=\"\" srcset=\"https:\/\/tomajazz.com\/web\/wp-content\/uploads\/2021\/05\/Cartell-FEMJazz2021-424x600.jpg 424w, https:\/\/tomajazz.com\/web\/wp-content\/uploads\/2021\/05\/Cartell-FEMJazz2021-200x283.jpg 200w, https:\/\/tomajazz.com\/web\/wp-content\/uploads\/2021\/05\/Cartell-FEMJazz2021-768x1086.jpg 768w, https:\/\/tomajazz.com\/web\/wp-content\/uploads\/2021\/05\/Cartell-FEMJazz2021.jpg 1033w\" sizes=\"auto, (max-width: 424px) 100vw, 424px\" \/><\/p>\n<p>Entre el 27 y el 30 de mayo de 2021 tendr\u00e1 lugar en Banyoles el <strong>27\u00e8 FEMJazz!, Festival d\u2019Emerg\u00e8ncies Musicals de Banyoles<\/strong>.<\/p>\n<p><strong>Dshun<\/strong>, jueves 27 de mayo a las 20h, Auditori de l\u2019Ateneu<br \/>\nOctavio Hern\u00e1ndez, guitarra \u00b7 Basile Rahola, contrabajo \u00b7\u00a0David Xirgu, bater\u00eda.<\/p>\n<p><strong>\u00c0lex Cassanyes, Composici\u00f3 II<\/strong>, viernes 28 de mayo a las 20h.<br \/>\nMarcel\u00b7l\u00ed Bayer, saxo alto y clarinete \u00b7\u00a0Sergi Felipe, saxo tenor y flauta \u00b7 Jordi Santanach, saxo tenor y clarinete bajo \u00b7\u00a0Alba Careta, trompeta \u00b7 Alba Pujals, tromb\u00f3n \u00b7 Leo Tejedor, guitarra \u00b7 N\u00e9stor Gim\u00e9nez, piano \u00b7\u00a0Manel Forti\u00e0, contrabajo \u00b7\u00a0Ramon Prats, bater\u00eda y glockenspiel \u00b7\u00a0\u00c0lex Cassanyes, composici\u00f3n<em>.<\/em><\/p>\n<p><strong>Barcelona Art Orchestra -BAO-, Revisiting the Godfather<\/strong>, s\u00e1bado 29 de mayo a las 20h.<br \/>\nLaura Pou, piccolo, flauta, flauta en sol \u00b7 Gabriel Amargant, saxo alto, tenor, soprano, clarinete i clarinete bajo \u00b7 Lluc Casares, composici\u00f3n saxo alto, tenor, soprano, clarinete, clarinete bajo y flauta \u00b7 Marcel\u00b7l\u00ed Bayer, saxo, tenor, soprano, bar\u00edtono, clarinete, clarinete bajo y flauta \u00b7 Joan Mar Sauqu\u00e9, trompeta-1 \u00b7 \u00c1lvaro Oc\u00f3n, trompeta-2 \u00b7 Alba Careta, trompeta-3 \u00b7 Pau Valls, trompa \u00b7 Alba Pujals, tromb\u00f3n \u00b7 Apel\u00b7les Carod, viol\u00edn \u00b7 Marta Roma, violoncelo \u00b7 Pilar Subir\u00e0, percusi\u00f3n \u00b7 Dani P\u00e9rez, guitarra \u00b7\u00a0Llu\u00eds Vidal, composici\u00f3n, direcci\u00f3n y piano, \u00b7\u00a0N\u00e9stor Gim\u00e9nez, composici\u00f3n, direcci\u00f3n y piano \u00b7\u00a0Giuseppe Campisi, contrabajo \u00b7\u00a0Joan Vidal, composici\u00f3n y bater\u00eda.<\/p>\n<p><strong>Dani L\u00f3pez Quartet<\/strong>, <strong>El que fan les coses quan no les mires<\/strong>, domingo 30 de mayo a las 19h<br \/>\nVic Moliner, contrabajo \u00b7 Andreu Moreno, bater\u00eda \u00b7 Alejandro Esperanza, piano \u00b7 Dani L\u00f3pez, saxo alto, soprano y flauta.<\/p>\n<p>Toda la informaci\u00f3n en <a href=\"http:\/\/www.femjazz.cat\/\" target=\"_blank\" rel=\"noopener\">http:\/\/www.femjazz.cat\/<\/a><\/p>\n","protected":false},"excerpt":{"rendered":"<p>Entre el 27 y el 30 de mayo de 2021 tendr\u00e1 lugar en Banyoles el 27\u00e8 FEMJazz!, Festival d\u2019Emerg\u00e8ncies Musicals de Banyoles. <span class=\"more-link\"><a href=\"https:\/\/tomajazz.com\/web\/27e-femjazz-festival-demergencies-musicals-de-banyoles-27-al-30-de-mayo-de-2021-noticias-de-jazz\/\">Contin\u00faa leyendo<\/a><\/span><\/p>\n","protected":false},"author":1,"featured_media":54722,"comment_status":"open","ping_status":"closed","sticky":false,"template":"","format":"standard","meta":{"jetpack_post_was_ever_published":false,"_jetpack_newsletter_access":"","_jetpack_dont_email_post_to_subs":false,"_jetpack_newsletter_tier_id":0,"_jetpack_memberships_contains_paywalled_content":false,"_jetpack_memberships_contains_paid_content":false,"footnotes":""},"categories":[15795,17858,1038],"tags":[16073,11856,15296],"class_list":["entry","author-pachi","has-excerpt","post-54721","post","type-post","status-publish","format-standard","has-post-thumbnail","category-noticias-2","category-redaccion","category-contenidos","tag-femjazz","tag-noticias","tag-noticias-de-jazz"],"jetpack_featured_media_url":"https:\/\/tomajazz.com\/web\/wp-content\/uploads\/2021\/05\/Cartell-FEMJazz2021.jpg","jetpack_likes_enabled":true,"jetpack_sharing_enabled":true,"jetpack-related-posts":[{"id":74149,"url":"https:\/\/tomajazz.com\/web\/29e-femjazz-2023\/","url_meta":{"origin":54721,"position":0},"title":"29\u00e8 FEMJazz! 2023 (Festival d&#8217;Emerg\u00e8ncies Musicals de Banyoles. 26 y 27 de mayo de 2023) [Noticias de jazz]","author":"Tomajazz","date":"25 mayo, 2023","format":false,"excerpt":"Entre el 26 y el 27 de mayo tendr\u00e1 lugar el 29\u00e8 FEMJazz! 2023 (Festival d'Emerg\u00e8ncies Musicals de Banyoles). En total actuar\u00e1n diez formaciones.","rel":"","context":"En \u00abNoticias\u00bb","block_context":{"text":"Noticias","link":"https:\/\/tomajazz.com\/web\/category\/contenidos\/noticias-2\/"},"img":{"alt_text":"29\u00e8 FEMJazz! 2023 (Festival d'Emerg\u00e8ncies Musicals de Banyoles. 26 y 27 de mayo de 2023) [Noticias de jazz] - Tomajazz 9.0","src":"https:\/\/i0.wp.com\/tomajazz.com\/web\/wp-content\/uploads\/2023\/05\/29-FEM-Jazz-2023-Noticias-de-Jazz-Tomajazz.jpg?resize=350%2C200&ssl=1","width":350,"height":200,"srcset":"https:\/\/i0.wp.com\/tomajazz.com\/web\/wp-content\/uploads\/2023\/05\/29-FEM-Jazz-2023-Noticias-de-Jazz-Tomajazz.jpg?resize=350%2C200&ssl=1 1x, https:\/\/i0.wp.com\/tomajazz.com\/web\/wp-content\/uploads\/2023\/05\/29-FEM-Jazz-2023-Noticias-de-Jazz-Tomajazz.jpg?resize=525%2C300&ssl=1 1.5x"},"classes":[]},{"id":24250,"url":"https:\/\/tomajazz.com\/web\/femjazz-23e-festival-demergencies-musicals-banyoles-26-al-29-de-mayo-de-2016-noticias\/","url_meta":{"origin":54721,"position":1},"title":"FEMJazz! 23\u00e8 Festival d&#8217;Emerg\u00e8ncies Musicals (Banyoles, 26 al 29 de mayo de 2016) [Noticias]","author":"Tomajazz","date":"19 mayo, 2016","format":false,"excerpt":"FEMJazz! 23\u00e8 Festival d'Emerg\u00e8ncies Musicals de Banyoles Del 26 al 29 de mayo de 2016 Selecci\u00f3n de la programaci\u00f3n. Jueves 19. Concierto presentaci\u00f3n del FEMJazz. Duggan \/ Xirau Duo Jueves 26. ThreeJay Trio Viernes 27. Dani Comas Trio. Jazz Hits Battle. Exposici\u00f3n \"En qu\u00e8 pansen els musics\". S\u00e1bado 28. Santi\u2026","rel":"","context":"En \u00ab*_Redacci\u00f3n\u00bb","block_context":{"text":"*_Redacci\u00f3n","link":"https:\/\/tomajazz.com\/web\/category\/redaccion\/"},"img":{"alt_text":"","src":"https:\/\/i0.wp.com\/tomajazz.com\/web\/wp-content\/uploads\/2016\/05\/FEMJazz-2016.png?resize=350%2C200&ssl=1","width":350,"height":200,"srcset":"https:\/\/i0.wp.com\/tomajazz.com\/web\/wp-content\/uploads\/2016\/05\/FEMJazz-2016.png?resize=350%2C200&ssl=1 1x, https:\/\/i0.wp.com\/tomajazz.com\/web\/wp-content\/uploads\/2016\/05\/FEMJazz-2016.png?resize=525%2C300&ssl=1 1.5x"},"classes":[]},{"id":63533,"url":"https:\/\/tomajazz.com\/web\/28o-edicion-del-femjazz-banyoles-27-al-29-de-mayo-de-2022-noticias-de-jazz\/","url_meta":{"origin":54721,"position":2},"title":"28\u00ba edici\u00f3n del FEMJazz! (Banyoles. 27 al 29 de mayo de 2022) [Noticias de jazz]","author":"Tomajazz","date":"18 mayo, 2022","format":false,"excerpt":"Entre el 27 y el 29 de mayo de 2022 tendr\u00e1 lugar la 28\u00ba edici\u00f3n del FEMJazz! Festival D'Emerg\u00e8ncies Musicals de Banyoles.","rel":"","context":"En \u00abNoticias\u00bb","block_context":{"text":"Noticias","link":"https:\/\/tomajazz.com\/web\/category\/contenidos\/noticias-2\/"},"img":{"alt_text":"28\u00ba edici\u00f3n del FEMJazz! (Banyoles. 27 al 29 de mayo de 2022) [Noticias de jazz]","src":"https:\/\/i0.wp.com\/tomajazz.com\/web\/wp-content\/uploads\/2022\/05\/28o-Edicion-de-Fem-Jazz-2022-Banyoles_WEB_peq.jpg?resize=350%2C200&ssl=1","width":350,"height":200},"classes":[]},{"id":86391,"url":"https:\/\/tomajazz.com\/web\/xxx-femjazz-banyoles-2024\/","url_meta":{"origin":54721,"position":3},"title":"XXX Femjazz Banyoles 2024 (18 al 26 de mayo de 2024. Banyoles, Girona) [Noticias de jazz]","author":"Tomajazz","date":"13 mayo, 2024","format":false,"excerpt":"Entre el 18 y el 26 de mayo de 2024 tendr\u00e1 lugar en Banyoles (Girona), el XXX Femjazz Banyoles 2024 #Ciclodejazz #FestivalDeJazz #Festivalesdejazz #Noticiasdejazz","rel":"","context":"En \u00abFestivales de Jazz Primavera 2024\u00bb","block_context":{"text":"Festivales de Jazz Primavera 2024","link":"https:\/\/tomajazz.com\/web\/category\/contenidos\/noticias-2\/festivales-de-jazz-primavera-2024\/"},"img":{"alt_text":"XXX Femjazz Banyoles 2024 (18 al 26 de mayo de 2024. Banyoles, Girona) [Noticias de jazz] - Tomajazz - Entre el 18 y el 26 de mayo de 2024 tendr\u00e1 lugar en Banyoles (Girona), el XXX Femjazz Banyoles 2024 #Ciclodejazz #FestivalDeJazz #Festivalesdejazz #Noticiasdejazz","src":"https:\/\/i0.wp.com\/tomajazz.com\/web\/wp-content\/uploads\/2024\/05\/Cartell-FEMJazz-2024-Tomajazz-Noticias.jpg?resize=350%2C200&ssl=1","width":350,"height":200,"srcset":"https:\/\/i0.wp.com\/tomajazz.com\/web\/wp-content\/uploads\/2024\/05\/Cartell-FEMJazz-2024-Tomajazz-Noticias.jpg?resize=350%2C200&ssl=1 1x, https:\/\/i0.wp.com\/tomajazz.com\/web\/wp-content\/uploads\/2024\/05\/Cartell-FEMJazz-2024-Tomajazz-Noticias.jpg?resize=525%2C300&ssl=1 1.5x, https:\/\/i0.wp.com\/tomajazz.com\/web\/wp-content\/uploads\/2024\/05\/Cartell-FEMJazz-2024-Tomajazz-Noticias.jpg?resize=700%2C400&ssl=1 2x"},"classes":[]},{"id":55330,"url":"https:\/\/tomajazz.com\/web\/instantzz-alex-cassanyes-composicio-ii-fem-jazz-auditori-de-lateneu-banyoles-girona-2021-05-28-galeria-fotografica-aka-fotoblog-de-jazz-impro-y-algo-mas\/","url_meta":{"origin":54721,"position":4},"title":"INSTANTZZ:  \u00c0lex Cassanyes \u201cComposici\u00f3 II\u201d [FEM Jazz, Auditori de l\u2019Ateneu, Banyoles -Girona-. 2021-05-28] [Galer\u00eda fotogr\u00e1fica AKA Fotoblog de jazz, impro\u2026 y algo m\u00e1s] Por Joan Cort\u00e8s","author":"Tomajazz","date":"6 julio, 2021","format":false,"excerpt":"Las im\u00e1genes del concierto de \u00c0lex Cassanyes \u201cComposici\u00f3 II\u201d en FEM Jazz, celebrado en el Auditori de l\u2019Ateneu, de Banyoles -Girona-, tomadas por Joan Cort\u00e8s, son las protagonistas de INSTANTZZ.","rel":"","context":"En \u00abIm\u00e1genes\u00bb","block_context":{"text":"Im\u00e1genes","link":"https:\/\/tomajazz.com\/web\/category\/contenidos\/imagenes\/"},"img":{"alt_text":"","src":"https:\/\/i0.wp.com\/tomajazz.com\/web\/wp-content\/uploads\/2021\/07\/09_lx-Cssnys-Cmpsc-II-Joan-Cortes_28mg21_dtr-tn_FEM-Jzz_Bnyles.jpg?resize=350%2C200&ssl=1","width":350,"height":200,"srcset":"https:\/\/i0.wp.com\/tomajazz.com\/web\/wp-content\/uploads\/2021\/07\/09_lx-Cssnys-Cmpsc-II-Joan-Cortes_28mg21_dtr-tn_FEM-Jzz_Bnyles.jpg?resize=350%2C200&ssl=1 1x, https:\/\/i0.wp.com\/tomajazz.com\/web\/wp-content\/uploads\/2021\/07\/09_lx-Cssnys-Cmpsc-II-Joan-Cortes_28mg21_dtr-tn_FEM-Jzz_Bnyles.jpg?resize=525%2C300&ssl=1 1.5x"},"classes":[]},{"id":25632,"url":"https:\/\/tomajazz.com\/web\/instantzz-fred-hersch-trio-femjazz-2016-festival-demergencies-musicals-de-banyoles-ateneu-de-lauditori-banyoles-girona-2016-05-28\/","url_meta":{"origin":54721,"position":5},"title":"INSTANTZZ: Fred Hersch Trio (Femjazz! 2016 -Festival d\u2019Emerg\u00e8ncies Musicals de Banyoles-, Ateneu de l\u2019Auditori, Banyoles -Girona-. 2016-05-28) [Galer\u00eda fotogr\u00e1fica]","author":"Tomajazz","date":"23 julio, 2016","format":false,"excerpt":"Fecha: S\u00e1bado, 28 de mayo de 2016 Lugar: Auditori de l\u2019Ateneu, Banyoles (Girona) Componentes: Fred Hersch Trio Fred Hersch, piano John Hebert, contrabajo Eric McPherson, bater\u00eda \u00a9 Joan Cort\u00e8s, 2016","rel":"","context":"En \u00ab*_Joan Cort\u00e8s\u00bb","block_context":{"text":"*_Joan Cort\u00e8s","link":"https:\/\/tomajazz.com\/web\/category\/joan-cortes\/"},"img":{"alt_text":"","src":"https:\/\/i0.wp.com\/tomajazz.com\/web\/wp-content\/uploads\/2016\/07\/01_Frd-Hrscht-tr-%C2%A9Joan-Cort%C3%A8s_28mai16_ditr-d-ltn_Fmjzz_Bnyls.jpg?resize=350%2C200&ssl=1","width":350,"height":200,"srcset":"https:\/\/i0.wp.com\/tomajazz.com\/web\/wp-content\/uploads\/2016\/07\/01_Frd-Hrscht-tr-%C2%A9Joan-Cort%C3%A8s_28mai16_ditr-d-ltn_Fmjzz_Bnyls.jpg?resize=350%2C200&ssl=1 1x, https:\/\/i0.wp.com\/tomajazz.com\/web\/wp-content\/uploads\/2016\/07\/01_Frd-Hrscht-tr-%C2%A9Joan-Cort%C3%A8s_28mai16_ditr-d-ltn_Fmjzz_Bnyls.jpg?resize=525%2C300&ssl=1 1.5x"},"classes":[]}],"_links":{"self":[{"href":"https:\/\/tomajazz.com\/web\/wp-json\/wp\/v2\/posts\/54721","targetHints":{"allow":["GET"]}}],"collection":[{"href":"https:\/\/tomajazz.com\/web\/wp-json\/wp\/v2\/posts"}],"about":[{"href":"https:\/\/tomajazz.com\/web\/wp-json\/wp\/v2\/types\/post"}],"author":[{"embeddable":true,"href":"https:\/\/tomajazz.com\/web\/wp-json\/wp\/v2\/users\/1"}],"replies":[{"embeddable":true,"href":"https:\/\/tomajazz.com\/web\/wp-json\/wp\/v2\/comments?post=54721"}],"version-history":[{"count":2,"href":"https:\/\/tomajazz.com\/web\/wp-json\/wp\/v2\/posts\/54721\/revisions"}],"predecessor-version":[{"id":54724,"href":"https:\/\/tomajazz.com\/web\/wp-json\/wp\/v2\/posts\/54721\/revisions\/54724"}],"wp:featuredmedia":[{"embeddable":true,"href":"https:\/\/tomajazz.com\/web\/wp-json\/wp\/v2\/media\/54722"}],"wp:attachment":[{"href":"https:\/\/tomajazz.com\/web\/wp-json\/wp\/v2\/media?parent=54721"}],"wp:term":[{"taxonomy":"category","embeddable":true,"href":"https:\/\/tomajazz.com\/web\/wp-json\/wp\/v2\/categories?post=54721"},{"taxonomy":"post_tag","embeddable":true,"href":"https:\/\/tomajazz.com\/web\/wp-json\/wp\/v2\/tags?post=54721"}],"curies":[{"name":"wp","href":"https:\/\/api.w.org\/{rel}","templated":true}]}}