{"id":54749,"date":"2021-05-20T12:00:31","date_gmt":"2021-05-20T10:00:31","guid":{"rendered":"https:\/\/www.tomajazz.com\/web\/?p=54749"},"modified":"2021-05-19T21:03:23","modified_gmt":"2021-05-19T19:03:23","slug":"instantzz-miriam-felix-paulina-owczarek-francisca-araujo-jordi-pallares-impro-day-1-set-2-mmi-festival-music-more-impro-2021-ii-viii-utopia-126-barcelona-2021-05-01","status":"publish","type":"post","link":"https:\/\/tomajazz.com\/web\/instantzz-miriam-felix-paulina-owczarek-francisca-araujo-jordi-pallares-impro-day-1-set-2-mmi-festival-music-more-impro-2021-ii-viii-utopia-126-barcelona-2021-05-01\/","title":{"rendered":"INSTANTZZ:  M\u00edriam F\u00e8lix, Paulina Owczarek, Francisca Ara\u00fajo &#038; Jordi Pallar\u00e9s \u201cImpro day 1 set 2\u201d [MMI Festival -Music &#038; More Impro- 2021 (II\/VIII), Utopia 126, Barcelona. 2021-05-01] [Galer\u00eda fotogr\u00e1fica AKA Fotoblog de jazz, impro\u2026 y algo m\u00e1s] Por Joan Cort\u00e8s"},"content":{"rendered":"<p><strong>MMI Festival -Music &amp; More Impro- 2021<\/strong><\/p>\n<ul>\n<li>Fecha: S\u00e1bado, 01 de mayo de 2021<\/li>\n<li>Lugar: Utopia 126 (Barcelona)<\/li>\n<li>Grupo:<br \/>\n<strong>M\u00edriam F\u00e8lix, Paulina Owczarek, Francisca Ara\u00fajo &amp; Jordi Pallar\u00e9s<br \/>\n<\/strong>M\u00edriam F\u00e8lix, violonchelo<br \/>\nPaulina Owczarek, saxo alto<br \/>\nFrancisca Ara\u00fajo, danza<br \/>\nJordi Pallar\u00e9s, bater\u00eda y percusi\u00f3n<\/li>\n<\/ul>\n<p style=\"text-align: center;\"><img loading=\"lazy\" decoding=\"async\" class=\"aligncenter size-full wp-image-54750\" src=\"https:\/\/tomajazz.com\/web\/wp-content\/uploads\/2021\/05\/01_Flx-Pllrs-wwczrk-rjJoan-Cortes_01maig21_MMI-Fest_d1s2_Utopia-126_Bcn.jpg\" alt=\"\" width=\"600\" height=\"400\" title=\"\" srcset=\"https:\/\/tomajazz.com\/web\/wp-content\/uploads\/2021\/05\/01_Flx-Pllrs-wwczrk-rjJoan-Cortes_01maig21_MMI-Fest_d1s2_Utopia-126_Bcn.jpg 600w, https:\/\/tomajazz.com\/web\/wp-content\/uploads\/2021\/05\/01_Flx-Pllrs-wwczrk-rjJoan-Cortes_01maig21_MMI-Fest_d1s2_Utopia-126_Bcn-200x133.jpg 200w, https:\/\/tomajazz.com\/web\/wp-content\/uploads\/2021\/05\/01_Flx-Pllrs-wwczrk-rjJoan-Cortes_01maig21_MMI-Fest_d1s2_Utopia-126_Bcn-60x40.jpg 60w, https:\/\/tomajazz.com\/web\/wp-content\/uploads\/2021\/05\/01_Flx-Pllrs-wwczrk-rjJoan-Cortes_01maig21_MMI-Fest_d1s2_Utopia-126_Bcn-120x80.jpg 120w\" sizes=\"auto, (max-width: 600px) 100vw, 600px\" \/> <img loading=\"lazy\" decoding=\"async\" class=\"aligncenter size-large wp-image-54751\" src=\"https:\/\/tomajazz.com\/web\/wp-content\/uploads\/2021\/05\/02_Flx-Pllrs-wwczrk-rj-Joan-Cortes_01maig21_MMI-Fest_d1s2_Utopia-126_Bcn.jpg\" alt=\"\" width=\"400\" height=\"600\" title=\"\" srcset=\"https:\/\/tomajazz.com\/web\/wp-content\/uploads\/2021\/05\/02_Flx-Pllrs-wwczrk-rj-Joan-Cortes_01maig21_MMI-Fest_d1s2_Utopia-126_Bcn.jpg 400w, https:\/\/tomajazz.com\/web\/wp-content\/uploads\/2021\/05\/02_Flx-Pllrs-wwczrk-rj-Joan-Cortes_01maig21_MMI-Fest_d1s2_Utopia-126_Bcn-200x300.jpg 200w\" sizes=\"auto, (max-width: 400px) 100vw, 400px\" \/> <img loading=\"lazy\" decoding=\"async\" class=\"aligncenter size-large wp-image-54752\" src=\"https:\/\/tomajazz.com\/web\/wp-content\/uploads\/2021\/05\/03_Flx-Pllrs-wwczrk-rj-Joan-Cortes_01maig21_MMI-Fest_d1s2_Utopia-126_Bcn.jpg\" alt=\"\" width=\"600\" height=\"400\" title=\"\" srcset=\"https:\/\/tomajazz.com\/web\/wp-content\/uploads\/2021\/05\/03_Flx-Pllrs-wwczrk-rj-Joan-Cortes_01maig21_MMI-Fest_d1s2_Utopia-126_Bcn.jpg 600w, https:\/\/tomajazz.com\/web\/wp-content\/uploads\/2021\/05\/03_Flx-Pllrs-wwczrk-rj-Joan-Cortes_01maig21_MMI-Fest_d1s2_Utopia-126_Bcn-200x133.jpg 200w, https:\/\/tomajazz.com\/web\/wp-content\/uploads\/2021\/05\/03_Flx-Pllrs-wwczrk-rj-Joan-Cortes_01maig21_MMI-Fest_d1s2_Utopia-126_Bcn-60x40.jpg 60w, https:\/\/tomajazz.com\/web\/wp-content\/uploads\/2021\/05\/03_Flx-Pllrs-wwczrk-rj-Joan-Cortes_01maig21_MMI-Fest_d1s2_Utopia-126_Bcn-120x80.jpg 120w\" sizes=\"auto, (max-width: 600px) 100vw, 600px\" \/> <img loading=\"lazy\" decoding=\"async\" class=\"aligncenter size-large wp-image-54753\" src=\"https:\/\/tomajazz.com\/web\/wp-content\/uploads\/2021\/05\/04_Flx-Pllrs-wwczrk-rj-Joan-Cortes_01maig21_MMI-Fest_d1s2_Utopia-126_Bcn.jpg\" alt=\"\" width=\"400\" height=\"600\" title=\"\" srcset=\"https:\/\/tomajazz.com\/web\/wp-content\/uploads\/2021\/05\/04_Flx-Pllrs-wwczrk-rj-Joan-Cortes_01maig21_MMI-Fest_d1s2_Utopia-126_Bcn.jpg 400w, https:\/\/tomajazz.com\/web\/wp-content\/uploads\/2021\/05\/04_Flx-Pllrs-wwczrk-rj-Joan-Cortes_01maig21_MMI-Fest_d1s2_Utopia-126_Bcn-200x300.jpg 200w\" sizes=\"auto, (max-width: 400px) 100vw, 400px\" \/> <img loading=\"lazy\" decoding=\"async\" class=\"aligncenter size-large wp-image-54754\" src=\"https:\/\/tomajazz.com\/web\/wp-content\/uploads\/2021\/05\/05_Flx-Pllrs-wwczrk-rj-Joan-Cortes_01maig21_MMI-Fest_d1s2_Utopia-126_Bcn.jpg\" alt=\"\" width=\"600\" height=\"400\" title=\"\" srcset=\"https:\/\/tomajazz.com\/web\/wp-content\/uploads\/2021\/05\/05_Flx-Pllrs-wwczrk-rj-Joan-Cortes_01maig21_MMI-Fest_d1s2_Utopia-126_Bcn.jpg 600w, https:\/\/tomajazz.com\/web\/wp-content\/uploads\/2021\/05\/05_Flx-Pllrs-wwczrk-rj-Joan-Cortes_01maig21_MMI-Fest_d1s2_Utopia-126_Bcn-200x133.jpg 200w, https:\/\/tomajazz.com\/web\/wp-content\/uploads\/2021\/05\/05_Flx-Pllrs-wwczrk-rj-Joan-Cortes_01maig21_MMI-Fest_d1s2_Utopia-126_Bcn-60x40.jpg 60w, https:\/\/tomajazz.com\/web\/wp-content\/uploads\/2021\/05\/05_Flx-Pllrs-wwczrk-rj-Joan-Cortes_01maig21_MMI-Fest_d1s2_Utopia-126_Bcn-120x80.jpg 120w\" sizes=\"auto, (max-width: 600px) 100vw, 600px\" \/> <img loading=\"lazy\" decoding=\"async\" class=\"aligncenter size-large wp-image-54755\" src=\"https:\/\/tomajazz.com\/web\/wp-content\/uploads\/2021\/05\/06_Flx-Pllrs-wwczrk-rj-Joan-Cortes_01maig21_MMI-Fest_d1s2_Utopia-126_Bcn.jpg\" alt=\"\" width=\"400\" height=\"600\" title=\"\" srcset=\"https:\/\/tomajazz.com\/web\/wp-content\/uploads\/2021\/05\/06_Flx-Pllrs-wwczrk-rj-Joan-Cortes_01maig21_MMI-Fest_d1s2_Utopia-126_Bcn.jpg 400w, https:\/\/tomajazz.com\/web\/wp-content\/uploads\/2021\/05\/06_Flx-Pllrs-wwczrk-rj-Joan-Cortes_01maig21_MMI-Fest_d1s2_Utopia-126_Bcn-200x300.jpg 200w\" sizes=\"auto, (max-width: 400px) 100vw, 400px\" \/> <img loading=\"lazy\" decoding=\"async\" class=\"aligncenter size-large wp-image-54756\" src=\"https:\/\/tomajazz.com\/web\/wp-content\/uploads\/2021\/05\/07_Flx-Pllrs-wwczrk-rj-Joan-Cortes_01maig21_MMI-Fest_d1s2_Utopia-126_Bcn.jpg\" alt=\"\" width=\"400\" height=\"600\" title=\"\" srcset=\"https:\/\/tomajazz.com\/web\/wp-content\/uploads\/2021\/05\/07_Flx-Pllrs-wwczrk-rj-Joan-Cortes_01maig21_MMI-Fest_d1s2_Utopia-126_Bcn.jpg 400w, https:\/\/tomajazz.com\/web\/wp-content\/uploads\/2021\/05\/07_Flx-Pllrs-wwczrk-rj-Joan-Cortes_01maig21_MMI-Fest_d1s2_Utopia-126_Bcn-200x300.jpg 200w\" sizes=\"auto, (max-width: 400px) 100vw, 400px\" \/> <img loading=\"lazy\" decoding=\"async\" class=\"aligncenter size-large wp-image-54757\" src=\"https:\/\/tomajazz.com\/web\/wp-content\/uploads\/2021\/05\/08_Flx-Pllrs-wwczrk-rj-Joan-Cortes_01maig21_MMI-Fest_d1s2_Utopia-126_Bcn.jpg\" alt=\"\" width=\"400\" height=\"600\" title=\"\" srcset=\"https:\/\/tomajazz.com\/web\/wp-content\/uploads\/2021\/05\/08_Flx-Pllrs-wwczrk-rj-Joan-Cortes_01maig21_MMI-Fest_d1s2_Utopia-126_Bcn.jpg 400w, https:\/\/tomajazz.com\/web\/wp-content\/uploads\/2021\/05\/08_Flx-Pllrs-wwczrk-rj-Joan-Cortes_01maig21_MMI-Fest_d1s2_Utopia-126_Bcn-200x300.jpg 200w\" sizes=\"auto, (max-width: 400px) 100vw, 400px\" \/> <img loading=\"lazy\" decoding=\"async\" class=\"aligncenter size-large wp-image-54758\" src=\"https:\/\/tomajazz.com\/web\/wp-content\/uploads\/2021\/05\/09_Flx-Pllrs-wwczrk-rj-Joan-Cortes_01maig21_MMI-Fest_d1s2_Utopia-126_Bcn.jpg\" alt=\"\" width=\"600\" height=\"400\" title=\"\" srcset=\"https:\/\/tomajazz.com\/web\/wp-content\/uploads\/2021\/05\/09_Flx-Pllrs-wwczrk-rj-Joan-Cortes_01maig21_MMI-Fest_d1s2_Utopia-126_Bcn.jpg 600w, https:\/\/tomajazz.com\/web\/wp-content\/uploads\/2021\/05\/09_Flx-Pllrs-wwczrk-rj-Joan-Cortes_01maig21_MMI-Fest_d1s2_Utopia-126_Bcn-200x133.jpg 200w, https:\/\/tomajazz.com\/web\/wp-content\/uploads\/2021\/05\/09_Flx-Pllrs-wwczrk-rj-Joan-Cortes_01maig21_MMI-Fest_d1s2_Utopia-126_Bcn-60x40.jpg 60w, https:\/\/tomajazz.com\/web\/wp-content\/uploads\/2021\/05\/09_Flx-Pllrs-wwczrk-rj-Joan-Cortes_01maig21_MMI-Fest_d1s2_Utopia-126_Bcn-120x80.jpg 120w\" sizes=\"auto, (max-width: 600px) 100vw, 600px\" \/> <img loading=\"lazy\" decoding=\"async\" class=\"aligncenter size-large wp-image-54759\" src=\"https:\/\/tomajazz.com\/web\/wp-content\/uploads\/2021\/05\/10_Flx-Pllrs-wwczrk-rj-Joan-Cortes_01maig21_MMI-Fest_d1s2_Utopia-126_Bcn.jpg\" alt=\"\" width=\"400\" height=\"600\" title=\"\" srcset=\"https:\/\/tomajazz.com\/web\/wp-content\/uploads\/2021\/05\/10_Flx-Pllrs-wwczrk-rj-Joan-Cortes_01maig21_MMI-Fest_d1s2_Utopia-126_Bcn.jpg 400w, https:\/\/tomajazz.com\/web\/wp-content\/uploads\/2021\/05\/10_Flx-Pllrs-wwczrk-rj-Joan-Cortes_01maig21_MMI-Fest_d1s2_Utopia-126_Bcn-200x300.jpg 200w\" sizes=\"auto, (max-width: 400px) 100vw, 400px\" \/><\/p>\n<p style=\"text-align: right;\">Tomajazz: \u00a9\u00a0<strong>Joan Cort\u00e8s<\/strong>, 2021<\/p>\n","protected":false},"excerpt":{"rendered":"<p>Joan Cort\u00e9s retrata en INSTANTZZ la segunda entrega del MMI Festival -Music &#038; More Impro- 2021 con la actuaci\u00f3n del cuarteto formado por M\u00edriam F\u00e8lix &#8211; Paulina Owczarek &#8211; Francisca Ara\u00fajo &#8211; Jordi Pallar\u00e9s.<span class=\"more-link\"><a href=\"https:\/\/tomajazz.com\/web\/instantzz-miriam-felix-paulina-owczarek-francisca-araujo-jordi-pallares-impro-day-1-set-2-mmi-festival-music-more-impro-2021-ii-viii-utopia-126-barcelona-2021-05-01\/\">Contin\u00faa leyendo<\/a><\/span><\/p>\n","protected":false},"author":1,"featured_media":54758,"comment_status":"open","ping_status":"closed","sticky":false,"template":"","format":"standard","meta":{"jetpack_post_was_ever_published":false,"_jetpack_newsletter_access":"","_jetpack_dont_email_post_to_subs":false,"_jetpack_newsletter_tier_id":0,"_jetpack_memberships_contains_paywalled_content":false,"_jetpack_memberships_contains_paid_content":false,"footnotes":""},"categories":[15516,17853,11262,11261,25305,24817,1038],"tags":[25308,1041,24424,9112,25309,25239,1131],"class_list":["entry","author-pachi","has-excerpt","post-54749","post","type-post","status-publish","format-standard","has-post-thumbnail","category-imagenes","category-joan-cortes","category-photoblogs","category-instantzz","category-mmi-festival-music-more-impro-2021","category-monograficos","category-contenidos","tag-francisca-araujo","tag-joan-cortes","tag-jordi-pallares","tag-miriam-felix","tag-miriam-felix-paulina-owczarek-francisca-araujo-jordi-pallares","tag-mmi-festival","tag-paulina-owczarek"],"jetpack_featured_media_url":"https:\/\/tomajazz.com\/web\/wp-content\/uploads\/2021\/05\/09_Flx-Pllrs-wwczrk-rj-Joan-Cortes_01maig21_MMI-Fest_d1s2_Utopia-126_Bcn.jpg","jetpack_likes_enabled":true,"jetpack_sharing_enabled":true,"jetpack-related-posts":[{"id":54459,"url":"https:\/\/tomajazz.com\/web\/mmi-festival-barcelona-1-y-2-de-mayo-de-2021-noticias\/","url_meta":{"origin":54749,"position":0},"title":"MMI Festival Barcelona (1 y 2 de mayo de 2021) [Noticias]","author":"Tomajazz","date":"26 abril, 2021","format":false,"excerpt":"Los d\u00edas 1 y 2 de mayo de 2021 tendr\u00e1 lugar en Barcelona la parte barcelonesa del MMI Festival, centrado en la improvisaci\u00f3n libre.","rel":"","context":"En \u00ab*_Redacci\u00f3n\u00bb","block_context":{"text":"*_Redacci\u00f3n","link":"https:\/\/tomajazz.com\/web\/category\/redaccion\/"},"img":{"alt_text":"","src":"https:\/\/i0.wp.com\/tomajazz.com\/web\/wp-content\/uploads\/2021\/04\/MMI-Festival.jpg?resize=350%2C200&ssl=1","width":350,"height":200,"srcset":"https:\/\/i0.wp.com\/tomajazz.com\/web\/wp-content\/uploads\/2021\/04\/MMI-Festival.jpg?resize=350%2C200&ssl=1 1x, https:\/\/i0.wp.com\/tomajazz.com\/web\/wp-content\/uploads\/2021\/04\/MMI-Festival.jpg?resize=525%2C300&ssl=1 1.5x, https:\/\/i0.wp.com\/tomajazz.com\/web\/wp-content\/uploads\/2021\/04\/MMI-Festival.jpg?resize=700%2C400&ssl=1 2x, https:\/\/i0.wp.com\/tomajazz.com\/web\/wp-content\/uploads\/2021\/04\/MMI-Festival.jpg?resize=1050%2C600&ssl=1 3x"},"classes":[]},{"id":104847,"url":"https:\/\/tomajazz.com\/web\/alba-careta-group-panical-jazz-granollers-2026\/","url_meta":{"origin":54749,"position":1},"title":"Alba Careta Group \u201cPanical\u201d (36\u00e8 Jazz Granollers Festival \/ Casino, 2026-02-27 \/ Granollers -Barcelona-) [II] Por Joan Cort\u00e8s [INSTANTZZ AKA Galer\u00eda fotogr\u00e1fica AKA Fotoblog de jazz, impro\u2026 y algo m\u00e1s]","author":"Tomajazz","date":"12 abril, 2026","format":false,"excerpt":"Alba Careta Group \u201cPanical\u201d actu\u00f3 en el 36\u00e8 Jazz Granollers Festival, el 27 de febrero de 2026. Joan Cort\u00e8s lo retrata en INSTANTZZ. Alba Careta Group \u201cPanical\u201d son Alba Careta, Lucas Mart\u00ednez, Roger Santacana, Giuseppe Campisi, Jordi Pallar\u00e9s","rel":"","context":"En \u00ab36 Jazz Granollers Festival 2026\u00bb","block_context":{"text":"36 Jazz Granollers Festival 2026","link":"https:\/\/tomajazz.com\/web\/category\/contenidos\/especial-contenidos\/36-jazz-granollers-festival-2026\/"},"img":{"alt_text":"Alba Careta Group \u201cPanical\u201d (36\u00e8 Jazz Granollers Festival \/ Casino, 2026-02-27 \/ Granollers -Barcelona-) [II] Por Joan Cort\u00e8s [INSTANTZZ AKA Galer\u00eda fotogr\u00e1fica AKA Fotoblog de jazz, impro\u2026 y algo m\u00e1s] - Tomajazz - Alba Careta Group \u201cPanical\u201d actu\u00f3 en el 36\u00e8 Jazz Granollers Festival, el 27 de febrero de 2026. Joan Cort\u00e8s lo retrata en INSTANTZZ. Alba Careta Group \u201cPanical\u201d son Alba Careta, Lucas Mart\u00ednez, Roger Santacana, Giuseppe Campisi, Jordi Pallar\u00e9s\n","src":"https:\/\/i0.wp.com\/tomajazz.com\/web\/wp-content\/uploads\/2026\/04\/destacada-03-lb-Crt-Grp-Photo-by-Joan-Cortes-27fbr26-36JGF-CG-CR-Grnllrs.jpg?resize=350%2C200&ssl=1","width":350,"height":200,"srcset":"https:\/\/i0.wp.com\/tomajazz.com\/web\/wp-content\/uploads\/2026\/04\/destacada-03-lb-Crt-Grp-Photo-by-Joan-Cortes-27fbr26-36JGF-CG-CR-Grnllrs.jpg?resize=350%2C200&ssl=1 1x, https:\/\/i0.wp.com\/tomajazz.com\/web\/wp-content\/uploads\/2026\/04\/destacada-03-lb-Crt-Grp-Photo-by-Joan-Cortes-27fbr26-36JGF-CG-CR-Grnllrs.jpg?resize=525%2C300&ssl=1 1.5x"},"classes":[]},{"id":54832,"url":"https:\/\/tomajazz.com\/web\/instantzz-ferran-fages-eric-bauer-elena-vazquez-miriam-reyes-impro-day-2-set-1-mmi-festival-music-more-impro-2021-v-viii-utopia-126-barcelona-2021-05-02-galeria-fot\/","url_meta":{"origin":54749,"position":2},"title":"INSTANTZZ:  Ferran Fages, Eric Bauer, Elena V\u00e1zquez &#038; Miriam Reyes \u201cImpro day 2 set 1\u201d [MMI Festival -Music &#038; More Impro- 2021 (V\/VIII), Utopia 126, Barcelona. 2021-05-02] [Galer\u00eda fotogr\u00e1fica AKA Fotoblog de jazz, impro\u2026 y algo m\u00e1s] Por Joan Cort\u00e8s","author":"Tomajazz","date":"29 mayo, 2021","format":false,"excerpt":"En INSTANTZZ una nueva entrega dedicada al MMI Festival -Music & More Impro de Barcelona con la actuaci\u00f3n de Ferran Fages, Eric Bauer, Elena V\u00e1zquez & Miriam Reyes. El autor de la galer\u00eda fotogr\u00e1fica es Joan Cort\u00e8s.","rel":"","context":"En \u00abIm\u00e1genes\u00bb","block_context":{"text":"Im\u00e1genes","link":"https:\/\/tomajazz.com\/web\/category\/contenidos\/imagenes\/"},"img":{"alt_text":"","src":"https:\/\/i0.wp.com\/tomajazz.com\/web\/wp-content\/uploads\/2021\/05\/10_Fgs-Br-Vzqz-Rys-Joan-Cortes_Utopia-126_Bcn.jpg?resize=350%2C200&ssl=1","width":350,"height":200,"srcset":"https:\/\/i0.wp.com\/tomajazz.com\/web\/wp-content\/uploads\/2021\/05\/10_Fgs-Br-Vzqz-Rys-Joan-Cortes_Utopia-126_Bcn.jpg?resize=350%2C200&ssl=1 1x, https:\/\/i0.wp.com\/tomajazz.com\/web\/wp-content\/uploads\/2021\/05\/10_Fgs-Br-Vzqz-Rys-Joan-Cortes_Utopia-126_Bcn.jpg?resize=525%2C300&ssl=1 1.5x"},"classes":[]},{"id":54818,"url":"https:\/\/tomajazz.com\/web\/instantzz-agusti-fernandez-amidea-clotet-impro-day-1-set-4-mmi-festival-music-more-impro-2021-iv-viii-utopia-126-barcelona-2021-05-01-galeria-fotografica-aka-fotoblog\/","url_meta":{"origin":54749,"position":3},"title":"INSTANTZZ:  Agust\u00ed Fern\u00e1ndez &#038; Amidea Clotet \u201cImpro day 1 set 4\u201d [MMI Festival -Music &#038; More Impro- 2021 (IV\/VIII), Utopia 126, Barcelona. 2021-05-01] [Galer\u00eda fotogr\u00e1fica AKA Fotoblog de jazz, impro\u2026 y algo m\u00e1s] Por Joan Cort\u00e8s","author":"Tomajazz","date":"27 mayo, 2021","format":false,"excerpt":"Cuarta entrega del especial MMI Festival -Music & More Impro- 2021 con la actuaci\u00f3n de Agust\u00ed Fern\u00e1ndez & Amidea Clotet. El concierto tuvo lugar en Utopia 126 de Barcelona. Joan Cort\u00e8s es el autor de las fotograf\u00edas.","rel":"","context":"En \u00abIm\u00e1genes\u00bb","block_context":{"text":"Im\u00e1genes","link":"https:\/\/tomajazz.com\/web\/category\/contenidos\/imagenes\/"},"img":{"alt_text":"","src":"https:\/\/i0.wp.com\/tomajazz.com\/web\/wp-content\/uploads\/2021\/05\/10_gst-Frnndz-md-Cltt-Joan-Cortes_01maig21_MMI-D1S4_Utopia-126_Bcn.jpg?resize=350%2C200&ssl=1","width":350,"height":200,"srcset":"https:\/\/i0.wp.com\/tomajazz.com\/web\/wp-content\/uploads\/2021\/05\/10_gst-Frnndz-md-Cltt-Joan-Cortes_01maig21_MMI-D1S4_Utopia-126_Bcn.jpg?resize=350%2C200&ssl=1 1x, https:\/\/i0.wp.com\/tomajazz.com\/web\/wp-content\/uploads\/2021\/05\/10_gst-Frnndz-md-Cltt-Joan-Cortes_01maig21_MMI-D1S4_Utopia-126_Bcn.jpg?resize=525%2C300&ssl=1 1.5x"},"classes":[]},{"id":54762,"url":"https:\/\/tomajazz.com\/web\/instantzz-don-malfon-joni-sigil-emilio-gordoa-impro-day-1-set-3-mmi-festival-music-more-impro-2021-iii-viii-utopia-126-barcelona-2021-05-01-galeria-fotografica-aka\/","url_meta":{"origin":54749,"position":4},"title":"INSTANTZZ:  Don Malfon, Joni Sigil &#038; Emilio Gordoa \u201cImpro day 1 set 3\u201d [MMI Festival -Music &#038; More Impro- 2021 (III\/VIII), Utopia 126, Barcelona. 2021-05-01] [Galer\u00eda fotogr\u00e1fica AKA Fotoblog de jazz, impro\u2026 y algo m\u00e1s] Por Joan Cort\u00e8s","author":"Tomajazz","date":"22 mayo, 2021","format":false,"excerpt":"Tercera entrega del MMI Festival -Music & More Impro- 2021 que Joan Cort\u00e9s est\u00e1 realizando en Tomajazz. En esta ocasi\u00f3n es el turno de la propuesta de Don Malfon, Joni Sigil & Emilio Gordoa.","rel":"","context":"En \u00abIm\u00e1genes\u00bb","block_context":{"text":"Im\u00e1genes","link":"https:\/\/tomajazz.com\/web\/category\/contenidos\/imagenes\/"},"img":{"alt_text":"","src":"https:\/\/i0.wp.com\/tomajazz.com\/web\/wp-content\/uploads\/2021\/05\/07_Mlfn-Sgl-Grd-Joan-Cortes_01mai21_MMI_D1S3_Utopia-126_Bcn.jpg?resize=350%2C200&ssl=1","width":350,"height":200,"srcset":"https:\/\/i0.wp.com\/tomajazz.com\/web\/wp-content\/uploads\/2021\/05\/07_Mlfn-Sgl-Grd-Joan-Cortes_01mai21_MMI_D1S3_Utopia-126_Bcn.jpg?resize=350%2C200&ssl=1 1x, https:\/\/i0.wp.com\/tomajazz.com\/web\/wp-content\/uploads\/2021\/05\/07_Mlfn-Sgl-Grd-Joan-Cortes_01mai21_MMI_D1S3_Utopia-126_Bcn.jpg?resize=525%2C300&ssl=1 1.5x"},"classes":[]},{"id":54860,"url":"https:\/\/tomajazz.com\/web\/instantzz-tom-chant-lena-czeniawska-teoniki-rozynek-impro-day-2-set-2-mmi-festival-music-more-impro-2021-vi-viii-utopia-126-barcelona-2021-05-02-galeria-fotografica\/","url_meta":{"origin":54749,"position":5},"title":"INSTANTZZ:  Tom Chant, Lena Czeniawska &#038; Teoniki Ro\u017cynek \u201cImpro day 2 set 2\u201d [MMI Festival -Music &#038; More Impro- 2021 (VI\/VIII), Utopia 126, Barcelona. 2021-05-02] [Galer\u00eda fotogr\u00e1fica AKA Fotoblog de jazz, impro\u2026 y algo m\u00e1s] Por Joan Cort\u00e8s","author":"Tomajazz","date":"1 junio, 2021","format":false,"excerpt":"Joan Cort\u00e8s retrata en INSTANTZZ la actuaci\u00f3n de Tom Chant, Lena Czeniawska & Teoniki Ro\u017cynek en su concierto en el MMI Festival -Music & More Impro- 2021 celebrado en Barcelona.","rel":"","context":"En \u00abIm\u00e1genes\u00bb","block_context":{"text":"Im\u00e1genes","link":"https:\/\/tomajazz.com\/web\/category\/contenidos\/imagenes\/"},"img":{"alt_text":"","src":"https:\/\/i0.wp.com\/tomajazz.com\/web\/wp-content\/uploads\/2021\/05\/10_Chnt-Rzynj-Cznwsk-Joan-Cortes_02mai21_MMI_d2s2_tp126_Bcn.jpg?resize=350%2C200&ssl=1","width":350,"height":200,"srcset":"https:\/\/i0.wp.com\/tomajazz.com\/web\/wp-content\/uploads\/2021\/05\/10_Chnt-Rzynj-Cznwsk-Joan-Cortes_02mai21_MMI_d2s2_tp126_Bcn.jpg?resize=350%2C200&ssl=1 1x, https:\/\/i0.wp.com\/tomajazz.com\/web\/wp-content\/uploads\/2021\/05\/10_Chnt-Rzynj-Cznwsk-Joan-Cortes_02mai21_MMI_d2s2_tp126_Bcn.jpg?resize=525%2C300&ssl=1 1.5x"},"classes":[]}],"_links":{"self":[{"href":"https:\/\/tomajazz.com\/web\/wp-json\/wp\/v2\/posts\/54749","targetHints":{"allow":["GET"]}}],"collection":[{"href":"https:\/\/tomajazz.com\/web\/wp-json\/wp\/v2\/posts"}],"about":[{"href":"https:\/\/tomajazz.com\/web\/wp-json\/wp\/v2\/types\/post"}],"author":[{"embeddable":true,"href":"https:\/\/tomajazz.com\/web\/wp-json\/wp\/v2\/users\/1"}],"replies":[{"embeddable":true,"href":"https:\/\/tomajazz.com\/web\/wp-json\/wp\/v2\/comments?post=54749"}],"version-history":[{"count":2,"href":"https:\/\/tomajazz.com\/web\/wp-json\/wp\/v2\/posts\/54749\/revisions"}],"predecessor-version":[{"id":54761,"href":"https:\/\/tomajazz.com\/web\/wp-json\/wp\/v2\/posts\/54749\/revisions\/54761"}],"wp:featuredmedia":[{"embeddable":true,"href":"https:\/\/tomajazz.com\/web\/wp-json\/wp\/v2\/media\/54758"}],"wp:attachment":[{"href":"https:\/\/tomajazz.com\/web\/wp-json\/wp\/v2\/media?parent=54749"}],"wp:term":[{"taxonomy":"category","embeddable":true,"href":"https:\/\/tomajazz.com\/web\/wp-json\/wp\/v2\/categories?post=54749"},{"taxonomy":"post_tag","embeddable":true,"href":"https:\/\/tomajazz.com\/web\/wp-json\/wp\/v2\/tags?post=54749"}],"curies":[{"name":"wp","href":"https:\/\/api.w.org\/{rel}","templated":true}]}}