{"id":54889,"date":"2021-06-03T13:28:08","date_gmt":"2021-06-03T11:28:08","guid":{"rendered":"https:\/\/www.tomajazz.com\/web\/?p=54889"},"modified":"2021-06-03T13:29:02","modified_gmt":"2021-06-03T11:29:02","slug":"instantzz-albert-cirera-jordina-milla-ramon-prats-pablo-volt-oskar-luko-impro-day-2-set-3-mmi-festival-music-more-impro-2021-vii-viii-utopia-126-barcelona-2021-05-02","status":"publish","type":"post","link":"https:\/\/tomajazz.com\/web\/instantzz-albert-cirera-jordina-milla-ramon-prats-pablo-volt-oskar-luko-impro-day-2-set-3-mmi-festival-music-more-impro-2021-vii-viii-utopia-126-barcelona-2021-05-02\/","title":{"rendered":"INSTANTZZ:  Albert Cirera, Jordina Mill\u00e0, Ramon Prats, Pablo Volt &#038; Oskar Luko \u201cImpro day 2 set 3\u201d [MMI Festival -Music &#038; More Impro- 2021 (VII\/VIII), Utopia 126, Barcelona. 2021-05-02] [Galer\u00eda fotogr\u00e1fica AKA Fotoblog de jazz, impro\u2026 y algo m\u00e1s] Por Joan Cort\u00e8s"},"content":{"rendered":"<p><strong>MMI Festival -Music &amp; More Impro- 2021<\/strong><\/p>\n<ul>\n<li>Fecha: Domingo, 02 de mayo de 2021<\/li>\n<li>Lugar: Utopia 126 (Barcelona)<\/li>\n<li>Grupo:<br \/>\n<strong>Albert Cirera, Jordina Mill\u00e0, Ramon Prats, Pablo Volt &amp; Oskar Luko<br \/>\n<\/strong>Albert Cirera, saxo tenor<br \/>\nJordina Mill\u00e0, piano<br \/>\nRamon Prats, bater\u00eda<br \/>\nPablo Volt, trompeta y fiscorno<br \/>\nOskar Luko, danza<\/li>\n<\/ul>\n<p style=\"text-align: center;\"><img loading=\"lazy\" decoding=\"async\" class=\"aligncenter size-full wp-image-54890\" src=\"https:\/\/tomajazz.com\/web\/wp-content\/uploads\/2021\/06\/01_Crr-Mll-Prts-Vlt-Lk-Joan-Cortes_02mai21_MMI-d2s3_tp-126_Bcn.jpg\" alt=\"\" width=\"600\" height=\"400\" title=\"\" srcset=\"https:\/\/tomajazz.com\/web\/wp-content\/uploads\/2021\/06\/01_Crr-Mll-Prts-Vlt-Lk-Joan-Cortes_02mai21_MMI-d2s3_tp-126_Bcn.jpg 600w, https:\/\/tomajazz.com\/web\/wp-content\/uploads\/2021\/06\/01_Crr-Mll-Prts-Vlt-Lk-Joan-Cortes_02mai21_MMI-d2s3_tp-126_Bcn-200x133.jpg 200w, https:\/\/tomajazz.com\/web\/wp-content\/uploads\/2021\/06\/01_Crr-Mll-Prts-Vlt-Lk-Joan-Cortes_02mai21_MMI-d2s3_tp-126_Bcn-60x40.jpg 60w, https:\/\/tomajazz.com\/web\/wp-content\/uploads\/2021\/06\/01_Crr-Mll-Prts-Vlt-Lk-Joan-Cortes_02mai21_MMI-d2s3_tp-126_Bcn-120x80.jpg 120w\" sizes=\"auto, (max-width: 600px) 100vw, 600px\" \/> <img loading=\"lazy\" decoding=\"async\" class=\"aligncenter size-large wp-image-54891\" src=\"https:\/\/tomajazz.com\/web\/wp-content\/uploads\/2021\/06\/02_Crr-Mll-Prts-Vlt-Lk-Joan-Cortes_02mai21_MMI-d2s3_tp-126_Bcn.jpg\" alt=\"\" width=\"400\" height=\"600\" title=\"\" srcset=\"https:\/\/tomajazz.com\/web\/wp-content\/uploads\/2021\/06\/02_Crr-Mll-Prts-Vlt-Lk-Joan-Cortes_02mai21_MMI-d2s3_tp-126_Bcn.jpg 400w, https:\/\/tomajazz.com\/web\/wp-content\/uploads\/2021\/06\/02_Crr-Mll-Prts-Vlt-Lk-Joan-Cortes_02mai21_MMI-d2s3_tp-126_Bcn-200x300.jpg 200w\" sizes=\"auto, (max-width: 400px) 100vw, 400px\" \/> <img loading=\"lazy\" decoding=\"async\" class=\"aligncenter size-large wp-image-54892\" src=\"https:\/\/tomajazz.com\/web\/wp-content\/uploads\/2021\/06\/03_Crr-Mll-Prts-Vlt-Lk-Joan-Cortes_02mai21_MMI-d2s3_tp-126_Bcn.jpg\" alt=\"\" width=\"400\" height=\"600\" title=\"\" srcset=\"https:\/\/tomajazz.com\/web\/wp-content\/uploads\/2021\/06\/03_Crr-Mll-Prts-Vlt-Lk-Joan-Cortes_02mai21_MMI-d2s3_tp-126_Bcn.jpg 400w, https:\/\/tomajazz.com\/web\/wp-content\/uploads\/2021\/06\/03_Crr-Mll-Prts-Vlt-Lk-Joan-Cortes_02mai21_MMI-d2s3_tp-126_Bcn-200x300.jpg 200w\" sizes=\"auto, (max-width: 400px) 100vw, 400px\" \/> <img loading=\"lazy\" decoding=\"async\" class=\"aligncenter size-large wp-image-54893\" src=\"https:\/\/tomajazz.com\/web\/wp-content\/uploads\/2021\/06\/04_Crr-Mll-Prts-Vlt-Lk-Joan-Cortes_02mai21_MMI-d2s3_tp-126_Bcn.jpg\" alt=\"\" width=\"600\" height=\"400\" title=\"\" srcset=\"https:\/\/tomajazz.com\/web\/wp-content\/uploads\/2021\/06\/04_Crr-Mll-Prts-Vlt-Lk-Joan-Cortes_02mai21_MMI-d2s3_tp-126_Bcn.jpg 600w, https:\/\/tomajazz.com\/web\/wp-content\/uploads\/2021\/06\/04_Crr-Mll-Prts-Vlt-Lk-Joan-Cortes_02mai21_MMI-d2s3_tp-126_Bcn-200x133.jpg 200w, https:\/\/tomajazz.com\/web\/wp-content\/uploads\/2021\/06\/04_Crr-Mll-Prts-Vlt-Lk-Joan-Cortes_02mai21_MMI-d2s3_tp-126_Bcn-60x40.jpg 60w, https:\/\/tomajazz.com\/web\/wp-content\/uploads\/2021\/06\/04_Crr-Mll-Prts-Vlt-Lk-Joan-Cortes_02mai21_MMI-d2s3_tp-126_Bcn-120x80.jpg 120w\" sizes=\"auto, (max-width: 600px) 100vw, 600px\" \/> <img loading=\"lazy\" decoding=\"async\" class=\"aligncenter size-large wp-image-54894\" src=\"https:\/\/tomajazz.com\/web\/wp-content\/uploads\/2021\/06\/05_Crr-Mll-Prts-Vlt-Lk-Joan-Cortes_02mai21_MMI-d2s3_tp-126_Bcn.jpg\" alt=\"\" width=\"600\" height=\"400\" title=\"\" srcset=\"https:\/\/tomajazz.com\/web\/wp-content\/uploads\/2021\/06\/05_Crr-Mll-Prts-Vlt-Lk-Joan-Cortes_02mai21_MMI-d2s3_tp-126_Bcn.jpg 600w, https:\/\/tomajazz.com\/web\/wp-content\/uploads\/2021\/06\/05_Crr-Mll-Prts-Vlt-Lk-Joan-Cortes_02mai21_MMI-d2s3_tp-126_Bcn-200x133.jpg 200w, https:\/\/tomajazz.com\/web\/wp-content\/uploads\/2021\/06\/05_Crr-Mll-Prts-Vlt-Lk-Joan-Cortes_02mai21_MMI-d2s3_tp-126_Bcn-60x40.jpg 60w, https:\/\/tomajazz.com\/web\/wp-content\/uploads\/2021\/06\/05_Crr-Mll-Prts-Vlt-Lk-Joan-Cortes_02mai21_MMI-d2s3_tp-126_Bcn-120x80.jpg 120w\" sizes=\"auto, (max-width: 600px) 100vw, 600px\" \/> <img loading=\"lazy\" decoding=\"async\" class=\"aligncenter size-large wp-image-54895\" src=\"https:\/\/tomajazz.com\/web\/wp-content\/uploads\/2021\/06\/06_Crr-Mll-Prts-Vlt-Lk-Joan-Cortes_02mai21_MMI-d2s3_tp-126_Bcn.jpg\" alt=\"\" width=\"600\" height=\"400\" title=\"\" srcset=\"https:\/\/tomajazz.com\/web\/wp-content\/uploads\/2021\/06\/06_Crr-Mll-Prts-Vlt-Lk-Joan-Cortes_02mai21_MMI-d2s3_tp-126_Bcn.jpg 600w, https:\/\/tomajazz.com\/web\/wp-content\/uploads\/2021\/06\/06_Crr-Mll-Prts-Vlt-Lk-Joan-Cortes_02mai21_MMI-d2s3_tp-126_Bcn-200x133.jpg 200w, https:\/\/tomajazz.com\/web\/wp-content\/uploads\/2021\/06\/06_Crr-Mll-Prts-Vlt-Lk-Joan-Cortes_02mai21_MMI-d2s3_tp-126_Bcn-60x40.jpg 60w, https:\/\/tomajazz.com\/web\/wp-content\/uploads\/2021\/06\/06_Crr-Mll-Prts-Vlt-Lk-Joan-Cortes_02mai21_MMI-d2s3_tp-126_Bcn-120x80.jpg 120w\" sizes=\"auto, (max-width: 600px) 100vw, 600px\" \/> <img loading=\"lazy\" decoding=\"async\" class=\"aligncenter size-large wp-image-54896\" src=\"https:\/\/tomajazz.com\/web\/wp-content\/uploads\/2021\/06\/07_Crr-Mll-Prts-Vlt-Lk-Joan-Cortes_02mai21_MMI-d2s3_tp-126_Bcn.jpg\" alt=\"\" width=\"400\" height=\"600\" title=\"\" srcset=\"https:\/\/tomajazz.com\/web\/wp-content\/uploads\/2021\/06\/07_Crr-Mll-Prts-Vlt-Lk-Joan-Cortes_02mai21_MMI-d2s3_tp-126_Bcn.jpg 400w, https:\/\/tomajazz.com\/web\/wp-content\/uploads\/2021\/06\/07_Crr-Mll-Prts-Vlt-Lk-Joan-Cortes_02mai21_MMI-d2s3_tp-126_Bcn-200x300.jpg 200w\" sizes=\"auto, (max-width: 400px) 100vw, 400px\" \/> <img loading=\"lazy\" decoding=\"async\" class=\"aligncenter size-large wp-image-54897\" src=\"https:\/\/tomajazz.com\/web\/wp-content\/uploads\/2021\/06\/08_Crr-Mll-Prts-Vlt-Lk-Joan-Cortes_02mai21_MMI-d2s3_tp-126_Bcn.jpg\" alt=\"\" width=\"400\" height=\"600\" title=\"\" srcset=\"https:\/\/tomajazz.com\/web\/wp-content\/uploads\/2021\/06\/08_Crr-Mll-Prts-Vlt-Lk-Joan-Cortes_02mai21_MMI-d2s3_tp-126_Bcn.jpg 400w, https:\/\/tomajazz.com\/web\/wp-content\/uploads\/2021\/06\/08_Crr-Mll-Prts-Vlt-Lk-Joan-Cortes_02mai21_MMI-d2s3_tp-126_Bcn-200x300.jpg 200w\" sizes=\"auto, (max-width: 400px) 100vw, 400px\" \/> <img loading=\"lazy\" decoding=\"async\" class=\"aligncenter size-large wp-image-54898\" src=\"https:\/\/tomajazz.com\/web\/wp-content\/uploads\/2021\/06\/09_Crr-Mll-Prts-Vlt-Lk-Joan-Cortes_02mai21_MMI-d2s3_tp-126_Bcn.jpg\" alt=\"\" width=\"400\" height=\"600\" title=\"\" srcset=\"https:\/\/tomajazz.com\/web\/wp-content\/uploads\/2021\/06\/09_Crr-Mll-Prts-Vlt-Lk-Joan-Cortes_02mai21_MMI-d2s3_tp-126_Bcn.jpg 400w, https:\/\/tomajazz.com\/web\/wp-content\/uploads\/2021\/06\/09_Crr-Mll-Prts-Vlt-Lk-Joan-Cortes_02mai21_MMI-d2s3_tp-126_Bcn-200x300.jpg 200w\" sizes=\"auto, (max-width: 400px) 100vw, 400px\" \/> <img loading=\"lazy\" decoding=\"async\" class=\"aligncenter size-large wp-image-54899\" src=\"https:\/\/tomajazz.com\/web\/wp-content\/uploads\/2021\/06\/10_Crr-Mll-Prts-Vlt-Lk-Joan-Cortes_02mai21_MMI-d2s3_tp-126_Bcn.jpg\" alt=\"\" width=\"600\" height=\"400\" title=\"\" srcset=\"https:\/\/tomajazz.com\/web\/wp-content\/uploads\/2021\/06\/10_Crr-Mll-Prts-Vlt-Lk-Joan-Cortes_02mai21_MMI-d2s3_tp-126_Bcn.jpg 600w, https:\/\/tomajazz.com\/web\/wp-content\/uploads\/2021\/06\/10_Crr-Mll-Prts-Vlt-Lk-Joan-Cortes_02mai21_MMI-d2s3_tp-126_Bcn-200x133.jpg 200w, https:\/\/tomajazz.com\/web\/wp-content\/uploads\/2021\/06\/10_Crr-Mll-Prts-Vlt-Lk-Joan-Cortes_02mai21_MMI-d2s3_tp-126_Bcn-60x40.jpg 60w, https:\/\/tomajazz.com\/web\/wp-content\/uploads\/2021\/06\/10_Crr-Mll-Prts-Vlt-Lk-Joan-Cortes_02mai21_MMI-d2s3_tp-126_Bcn-120x80.jpg 120w\" sizes=\"auto, (max-width: 600px) 100vw, 600px\" \/><\/p>\n<p style=\"text-align: right;\">Tomajazz: \u00a9\u00a0<strong>Joan Cort\u00e8s<\/strong>, 2021<\/p>\n","protected":false},"excerpt":{"rendered":"<p>En INSTANTZZ, una nueva entrega de Joan Cort\u00e8s dedicada al MMI Festival -Music &#038; More Impro- 2021 de Barcelona con im\u00e1genes de la actuaci\u00f3n del cuarteto Albert Cirera &#8211;  Jordina Mill\u00e0 &#8211;  Ramon Prats &#8211;  Pablo Volt &#8211;  Oskar Luko<span class=\"more-link\"><a href=\"https:\/\/tomajazz.com\/web\/instantzz-albert-cirera-jordina-milla-ramon-prats-pablo-volt-oskar-luko-impro-day-2-set-3-mmi-festival-music-more-impro-2021-vii-viii-utopia-126-barcelona-2021-05-02\/\">Contin\u00faa leyendo<\/a><\/span><\/p>\n","protected":false},"author":1,"featured_media":54894,"comment_status":"open","ping_status":"closed","sticky":false,"template":"","format":"standard","meta":{"jetpack_post_was_ever_published":false,"_jetpack_newsletter_access":"","_jetpack_dont_email_post_to_subs":false,"_jetpack_newsletter_tier_id":0,"_jetpack_memberships_contains_paywalled_content":false,"_jetpack_memberships_contains_paid_content":false,"footnotes":""},"categories":[15516,17853,11262,11261,25305,24817,1038],"tags":[109,25350,1041,16398,25304,25351,24364,108],"class_list":["entry","author-pachi","has-excerpt","post-54889","post","type-post","status-publish","format-standard","has-post-thumbnail","category-imagenes","category-joan-cortes","category-photoblogs","category-instantzz","category-mmi-festival-music-more-impro-2021","category-monograficos","category-contenidos","tag-albert-cirera","tag-albert-cirera-jordina-milla-ramon-prats-pablo-volt-oskar-luko","tag-joan-cortes","tag-jordina-milla","tag-mmi-festival-music-more-impro-2021","tag-oskar-luko","tag-pablo-volt","tag-ramon-prats"],"jetpack_featured_media_url":"https:\/\/tomajazz.com\/web\/wp-content\/uploads\/2021\/06\/05_Crr-Mll-Prts-Vlt-Lk-Joan-Cortes_02mai21_MMI-d2s3_tp-126_Bcn.jpg","jetpack_likes_enabled":true,"jetpack_sharing_enabled":true,"jetpack-related-posts":[{"id":54459,"url":"https:\/\/tomajazz.com\/web\/mmi-festival-barcelona-1-y-2-de-mayo-de-2021-noticias\/","url_meta":{"origin":54889,"position":0},"title":"MMI Festival Barcelona (1 y 2 de mayo de 2021) [Noticias]","author":"Tomajazz","date":"26 abril, 2021","format":false,"excerpt":"Los d\u00edas 1 y 2 de mayo de 2021 tendr\u00e1 lugar en Barcelona la parte barcelonesa del MMI Festival, centrado en la improvisaci\u00f3n libre.","rel":"","context":"En \u00ab*_Redacci\u00f3n\u00bb","block_context":{"text":"*_Redacci\u00f3n","link":"https:\/\/tomajazz.com\/web\/category\/redaccion\/"},"img":{"alt_text":"","src":"https:\/\/i0.wp.com\/tomajazz.com\/web\/wp-content\/uploads\/2021\/04\/MMI-Festival.jpg?resize=350%2C200&ssl=1","width":350,"height":200,"srcset":"https:\/\/i0.wp.com\/tomajazz.com\/web\/wp-content\/uploads\/2021\/04\/MMI-Festival.jpg?resize=350%2C200&ssl=1 1x, https:\/\/i0.wp.com\/tomajazz.com\/web\/wp-content\/uploads\/2021\/04\/MMI-Festival.jpg?resize=525%2C300&ssl=1 1.5x, https:\/\/i0.wp.com\/tomajazz.com\/web\/wp-content\/uploads\/2021\/04\/MMI-Festival.jpg?resize=700%2C400&ssl=1 2x, https:\/\/i0.wp.com\/tomajazz.com\/web\/wp-content\/uploads\/2021\/04\/MMI-Festival.jpg?resize=1050%2C600&ssl=1 3x"},"classes":[]},{"id":104093,"url":"https:\/\/tomajazz.com\/web\/marti-sales-jordina-milla-barcelona-2025\/","url_meta":{"origin":54889,"position":1},"title":"Mart\u00ed Sales &#038; Jordina Mill\u00e0 \u201cLes quatre estacions: Hivern\u201d (Palau de la M\u00fasica, 2025-12-22 \/ Barcelona) Por Joan Cort\u00e8s [INSTANTZZ AKA Galer\u00eda fotogr\u00e1fica AKA Fotoblog de jazz, impro\u2026 y algo m\u00e1s]","author":"Tomajazz","date":"19 febrero, 2026","format":false,"excerpt":"Mart\u00ed Sales & Jordina Mill\u00e0 \u201cLes quatre estacions: Hivern\u201d actuaron en el Palau de la M\u00fasica de Barcelona, el 12 de diciembre de 2025. Joan Cort\u00e8s retrata el concierto en INSTANTZZ","rel":"","context":"En \u00ab*_Joan Cort\u00e8s\u00bb","block_context":{"text":"*_Joan Cort\u00e8s","link":"https:\/\/tomajazz.com\/web\/category\/joan-cortes\/"},"img":{"alt_text":"Mart\u00ed Sales & Jordina Mill\u00e0 \u201cLes quatre estacions: Hivern\u201d (Palau de la M\u00fasica, 2025-12-22 \/ Barcelona) Por Joan Cort\u00e8s [INSTANTZZ AKA Galer\u00eda fotogr\u00e1fica AKA Fotoblog de jazz, impro\u2026 y algo m\u00e1s] - Tomajazz","src":"https:\/\/i0.wp.com\/tomajazz.com\/web\/wp-content\/uploads\/2026\/02\/08-Mrt-Sls-Jrdn-Mll-Joan-Cortes-22dsm25-Pl-Msc-Bcn.jpg?resize=350%2C200&ssl=1","width":350,"height":200,"srcset":"https:\/\/i0.wp.com\/tomajazz.com\/web\/wp-content\/uploads\/2026\/02\/08-Mrt-Sls-Jrdn-Mll-Joan-Cortes-22dsm25-Pl-Msc-Bcn.jpg?resize=350%2C200&ssl=1 1x, https:\/\/i0.wp.com\/tomajazz.com\/web\/wp-content\/uploads\/2026\/02\/08-Mrt-Sls-Jrdn-Mll-Joan-Cortes-22dsm25-Pl-Msc-Bcn.jpg?resize=525%2C300&ssl=1 1.5x"},"classes":[]},{"id":104402,"url":"https:\/\/tomajazz.com\/web\/jordina-milla-vasco-trilla-museu-de-lleida-2026\/","url_meta":{"origin":54889,"position":2},"title":"Jordina Mill\u00e0 &#038; Vasco Trilla (Cicle Piano \/ Museu de Lleida, 2026-02-06 \/ Barcelona) Por Joan Cort\u00e8s [INSTANTZZ AKA Galer\u00eda fotogr\u00e1fica AKA Fotoblog de jazz, impro\u2026 y algo m\u00e1s]","author":"Tomajazz","date":"14 marzo, 2026","format":false,"excerpt":"Jordina Mill\u00e0 & Vasco Trilla actuaron en el Cicle Piano en el Museu de Lleida, el 6 de febrero de 2026. Joan Cort\u00e8s lo retrata en INSTANTZZ","rel":"","context":"En \u00ab*_Joan Cort\u00e8s\u00bb","block_context":{"text":"*_Joan Cort\u00e8s","link":"https:\/\/tomajazz.com\/web\/category\/joan-cortes\/"},"img":{"alt_text":"Jordina Mill\u00e0 & Vasco Trilla (Cicle Piano \/ Museu de Lleida, 2026-02-06 \/ Barcelona) Por Joan Cort\u00e8s [INSTANTZZ AKA Galer\u00eda fotogr\u00e1fica AKA Fotoblog de jazz, impro\u2026 y algo m\u00e1s] - Tomajazz - Jordina Mill\u00e0 & Vasco Trilla actuaron en el Cicle Piano en el Museu de Lleida, el 6 de febrero de 2026. Joan Cort\u00e8s lo retrata en INSTANTZZ","src":"https:\/\/i0.wp.com\/tomajazz.com\/web\/wp-content\/uploads\/2026\/03\/destacado-07-Jrdn-Mll-Vsc-Trll-Photo-by-Joan-Cortes-06fbr26-Ms-d-Lld-Lld.jpg?resize=350%2C200&ssl=1","width":350,"height":200,"srcset":"https:\/\/i0.wp.com\/tomajazz.com\/web\/wp-content\/uploads\/2026\/03\/destacado-07-Jrdn-Mll-Vsc-Trll-Photo-by-Joan-Cortes-06fbr26-Ms-d-Lld-Lld.jpg?resize=350%2C200&ssl=1 1x, https:\/\/i0.wp.com\/tomajazz.com\/web\/wp-content\/uploads\/2026\/03\/destacado-07-Jrdn-Mll-Vsc-Trll-Photo-by-Joan-Cortes-06fbr26-Ms-d-Lld-Lld.jpg?resize=525%2C300&ssl=1 1.5x"},"classes":[]},{"id":71720,"url":"https:\/\/tomajazz.com\/web\/macro-jam-session-impro-u-dos-tres-quatre\/","url_meta":{"origin":54889,"position":3},"title":"Macro Jam Session \u201cPer celebrar l\u2019any nou\u201d (Platx\u00e8ries Musicals, Ateneu La Base, 2023-01-10. Barcelona) [I] Por Joan Cort\u00e8s [INSTANTZZ AKA Galer\u00eda fotogr\u00e1fica AKA Fotoblog de jazz, impro\u2026 y algo m\u00e1s]","author":"Tomajazz","date":"4 marzo, 2023","format":false,"excerpt":"A inicios del a\u00f1o 2023 tuvo lugar una Macro Jam Session \u201cPer celebrar l\u2019any nou\u201d en Barcelona, en Platx\u00e8ries Musicals de Ateneu La Base. Joan Cort\u00e8s retrata Impro_U, Impro_DOS, Impro_TRES, Impro_QUATRE en Tomajazz.","rel":"","context":"En \u00abINSTANTZZ\u00bb","block_context":{"text":"INSTANTZZ","link":"https:\/\/tomajazz.com\/web\/category\/contenidos\/imagenes\/photoblogs\/instantzz\/"},"img":{"alt_text":"Macro Jam Session \u201cPer celebrar l\u2019any nou\u201d (Platx\u00e8ries Musicals, Ateneu La Base, 2023-01-10. Barcelona) [I] Por Joan Cort\u00e8s [INSTANTZZ AKA Galer\u00eda fotogr\u00e1fica AKA Fotoblog de jazz, impro\u2026 y algo m\u00e1s]","src":"https:\/\/i0.wp.com\/tomajazz.com\/web\/wp-content\/uploads\/2023\/03\/08_McrJmSssn-Joan-Cortes_10gnr23_LBs_Bcn.jpg?resize=350%2C200&ssl=1","width":350,"height":200,"srcset":"https:\/\/i0.wp.com\/tomajazz.com\/web\/wp-content\/uploads\/2023\/03\/08_McrJmSssn-Joan-Cortes_10gnr23_LBs_Bcn.jpg?resize=350%2C200&ssl=1 1x, https:\/\/i0.wp.com\/tomajazz.com\/web\/wp-content\/uploads\/2023\/03\/08_McrJmSssn-Joan-Cortes_10gnr23_LBs_Bcn.jpg?resize=525%2C300&ssl=1 1.5x"},"classes":[]},{"id":65204,"url":"https:\/\/tomajazz.com\/web\/aiki-no-mai-la-base-barcelona-2022-06-14-por-joan-cortes-instantzz-aka-galeria-fotografica-aka-fotoblog-de-jazz-impro-y-algo-mas\/","url_meta":{"origin":54889,"position":4},"title":"Aiki-no-Mai (La Base \/ Barcelona. 2022-06-14) Por Joan Cort\u00e8s [INSTANTZZ AKA Galer\u00eda fotogr\u00e1fica AKA Fotoblog de jazz, impro\u2026 y algo m\u00e1s]","author":"Tomajazz","date":"9 agosto, 2022","format":false,"excerpt":"En INSTANTZZ los protagonistas son Aiki-no-Mai (Oskar Luko, Marcel\u2022l\u00ed Bayer, Albert Cirera). Joan Cort\u00e8s es el autor de las im\u00e1genes.","rel":"","context":"En \u00abINSTANTZZ\u00bb","block_context":{"text":"INSTANTZZ","link":"https:\/\/tomajazz.com\/web\/category\/contenidos\/imagenes\/photoblogs\/instantzz\/"},"img":{"alt_text":"Aiki-no-Mai (La Base \/ Barcelona. 2022-06-14) Por Joan Cort\u00e8s [INSTANTZZ AKA Galer\u00eda fotogr\u00e1fica AKA Fotoblog de jazz, impro\u2026 y algo m\u00e1s]","src":"https:\/\/i0.wp.com\/tomajazz.com\/web\/wp-content\/uploads\/2022\/08\/01_k-N-M-%C2%A9Joan-Cortes_Nts-d-l-Msc_L-Bs_Bcn_bn.jpg?resize=350%2C200&ssl=1","width":350,"height":200},"classes":[]},{"id":71915,"url":"https:\/\/tomajazz.com\/web\/macro-jam-session-impro-deu-onze-dotze-tretze\/","url_meta":{"origin":54889,"position":5},"title":"Macro Jam Session \u201cPer celebrar l\u2019any nou\u201d (Platx\u00e8ries Musicals, Ateneu La Base, 2023-01-10. Barcelona) [III] Por Joan Cort\u00e8s [INSTANTZZ AKA Galer\u00eda fotogr\u00e1fica AKA Fotoblog de jazz, impro\u2026 y algo m\u00e1s]","author":"Tomajazz","date":"9 marzo, 2023","format":false,"excerpt":"A inicios del a\u00f1o 2023 tuvo lugar una Macro Jam Session \u201cPer celebrar l\u2019any nou\u201d en Barcelona, en Platx\u00e8ries Musicals de Ateneu La Base. Joan Cort\u00e8s retrata Impro_DEU \/ Impro_ONZE \/\u00a0Impro_DOTZE \/ Impro_TRETZE en Tomajazz.","rel":"","context":"En \u00abINSTANTZZ\u00bb","block_context":{"text":"INSTANTZZ","link":"https:\/\/tomajazz.com\/web\/category\/contenidos\/imagenes\/photoblogs\/instantzz\/"},"img":{"alt_text":"Macro Jam Session \u201cPer celebrar l\u2019any nou\u201d (Platx\u00e8ries Musicals, Ateneu La Base, 2023-01-10. Barcelona) [III] Por Joan Cort\u00e8s [INSTANTZZ AKA Galer\u00eda fotogr\u00e1fica AKA Fotoblog de jazz, impro\u2026 y algo m\u00e1s]","src":"https:\/\/i0.wp.com\/tomajazz.com\/web\/wp-content\/uploads\/2023\/03\/11_McrJmSssn-%C2%A9Joan-Cortes_10gnr23_LBs_Bcn_03.jpg?resize=350%2C200&ssl=1","width":350,"height":200,"srcset":"https:\/\/i0.wp.com\/tomajazz.com\/web\/wp-content\/uploads\/2023\/03\/11_McrJmSssn-%C2%A9Joan-Cortes_10gnr23_LBs_Bcn_03.jpg?resize=350%2C200&ssl=1 1x, https:\/\/i0.wp.com\/tomajazz.com\/web\/wp-content\/uploads\/2023\/03\/11_McrJmSssn-%C2%A9Joan-Cortes_10gnr23_LBs_Bcn_03.jpg?resize=525%2C300&ssl=1 1.5x"},"classes":[]}],"_links":{"self":[{"href":"https:\/\/tomajazz.com\/web\/wp-json\/wp\/v2\/posts\/54889","targetHints":{"allow":["GET"]}}],"collection":[{"href":"https:\/\/tomajazz.com\/web\/wp-json\/wp\/v2\/posts"}],"about":[{"href":"https:\/\/tomajazz.com\/web\/wp-json\/wp\/v2\/types\/post"}],"author":[{"embeddable":true,"href":"https:\/\/tomajazz.com\/web\/wp-json\/wp\/v2\/users\/1"}],"replies":[{"embeddable":true,"href":"https:\/\/tomajazz.com\/web\/wp-json\/wp\/v2\/comments?post=54889"}],"version-history":[{"count":1,"href":"https:\/\/tomajazz.com\/web\/wp-json\/wp\/v2\/posts\/54889\/revisions"}],"predecessor-version":[{"id":54900,"href":"https:\/\/tomajazz.com\/web\/wp-json\/wp\/v2\/posts\/54889\/revisions\/54900"}],"wp:featuredmedia":[{"embeddable":true,"href":"https:\/\/tomajazz.com\/web\/wp-json\/wp\/v2\/media\/54894"}],"wp:attachment":[{"href":"https:\/\/tomajazz.com\/web\/wp-json\/wp\/v2\/media?parent=54889"}],"wp:term":[{"taxonomy":"category","embeddable":true,"href":"https:\/\/tomajazz.com\/web\/wp-json\/wp\/v2\/categories?post=54889"},{"taxonomy":"post_tag","embeddable":true,"href":"https:\/\/tomajazz.com\/web\/wp-json\/wp\/v2\/tags?post=54889"}],"curies":[{"name":"wp","href":"https:\/\/api.w.org\/{rel}","templated":true}]}}