{"id":55197,"date":"2021-06-24T10:00:49","date_gmt":"2021-06-24T08:00:49","guid":{"rendered":"https:\/\/www.tomajazz.com\/web\/?p=55197"},"modified":"2021-07-18T13:20:20","modified_gmt":"2021-07-18T11:20:20","slug":"44-festival-de-jazz-de-vitoria-gasteizko-jazzaldia-14-al-18-de-julio-de-2021-noticias-de-jazz","status":"publish","type":"post","link":"https:\/\/tomajazz.com\/web\/44-festival-de-jazz-de-vitoria-gasteizko-jazzaldia-14-al-18-de-julio-de-2021-noticias-de-jazz\/","title":{"rendered":"44 Festival de Jazz de Vitoria &#8211; Gasteizko Jazzaldia (14 al 18 de julio de 2021) [Noticias de jazz]"},"content":{"rendered":"<p>Por\u00a0<strong>Redacci\u00f3n<\/strong>.<\/p>\n<p style=\"text-align: center;\"><img loading=\"lazy\" decoding=\"async\" class=\"aligncenter size-large wp-image-55198\" src=\"https:\/\/tomajazz.com\/web\/wp-content\/uploads\/2021\/06\/44-Festival-de-Jazz-de-Vitoria-Gasteiz-2021-360x600.jpg\" alt=\"\" width=\"360\" height=\"600\" title=\"\" srcset=\"https:\/\/tomajazz.com\/web\/wp-content\/uploads\/2021\/06\/44-Festival-de-Jazz-de-Vitoria-Gasteiz-2021-360x600.jpg 360w, https:\/\/tomajazz.com\/web\/wp-content\/uploads\/2021\/06\/44-Festival-de-Jazz-de-Vitoria-Gasteiz-2021-180x300.jpg 180w, https:\/\/tomajazz.com\/web\/wp-content\/uploads\/2021\/06\/44-Festival-de-Jazz-de-Vitoria-Gasteiz-2021-768x1280.jpg 768w, https:\/\/tomajazz.com\/web\/wp-content\/uploads\/2021\/06\/44-Festival-de-Jazz-de-Vitoria-Gasteiz-2021-922x1536.jpg 922w, https:\/\/tomajazz.com\/web\/wp-content\/uploads\/2021\/06\/44-Festival-de-Jazz-de-Vitoria-Gasteiz-2021.jpg 1200w\" sizes=\"auto, (max-width: 360px) 100vw, 360px\" \/><\/p>\n<p>Entre el 4 al 18 de julio de 2021 tendr\u00e1 lugar en Vitoria la 44\u00aa edici\u00f3n del Festival de Jazz de Vitoria \u2013 Gasteiz. La programaci\u00f3n se reparte entre dos sedes y en tres tandas horarias: Teatro Principal con conciertos a media tarde e Iradier Arena con sesiones matinales y vespertinas, ambas con conciertos dobles.<\/p>\n<p>Entre los grupos que actuar\u00e1 est\u00e1n Thumbscrew (Mary Halvorson, Michael Formanek, Tomas Fujiwara), CMS, Pablo Mart\u00edn Caminero Tr\u00edo, Gonzalo del Val Trio con Benet Palet, Atlantic Bridge, Mois\u00e9s S\u00e1nchez, Luc\u00eda Mart\u00ednez &amp; The Fearless con Pelayo Arrizabalaga, Antonio Sanchez Special Quartet, Maciej Obara Quartet entre otros.<\/p>\n<p>Toda la informaci\u00f3n, el programa completo y la venta de entradas <a href=\"https:\/\/jazzvitoria.com\/programa-definitivo\/lista\/\" target=\"_blank\" rel=\"noopener\">https:\/\/jazzvitoria.com\/programa-definitivo\/lista\/<\/a><\/p>\n","protected":false},"excerpt":{"rendered":"<p>Entre el 4 al 18 de julio de 2021 tendr\u00e1 lugar en Vitoria la 44\u00aa edici\u00f3n del Festival de Jazz de Vitoria \u2013 Gasteiz. Thumbscrew, Gonzalo del Val Tr\u00edo, Mois\u00e9s S\u00e1nchez, Atlantic Bridge o Antonio Sanchez Special Quartet son algunos de los grupos que participar\u00e1n en el Festival. <span class=\"more-link\"><a href=\"https:\/\/tomajazz.com\/web\/44-festival-de-jazz-de-vitoria-gasteizko-jazzaldia-14-al-18-de-julio-de-2021-noticias-de-jazz\/\">Contin\u00faa leyendo<\/a><\/span><\/p>\n","protected":false},"author":1,"featured_media":55198,"comment_status":"open","ping_status":"closed","sticky":false,"template":"","format":"standard","meta":{"_jetpack_newsletter_access":"","_jetpack_dont_email_post_to_subs":false,"_jetpack_newsletter_tier_id":0,"_jetpack_memberships_contains_paywalled_content":false,"_jetpack_feature_clip_id":0,"_jetpack_memberships_contains_paid_content":false,"footnotes":"","jetpack_post_was_ever_published":false},"categories":[15795,17858,1038],"tags":[11621,19578,11856,15296],"class_list":["entry","author-pachi","has-excerpt","post-55197","post","type-post","status-publish","format-standard","has-post-thumbnail","category-noticias-2","category-redaccion","category-contenidos","tag-festival-de-jazz-de-vitoria","tag-festival-de-jazz-de-vitoria-gasteiz","tag-noticias","tag-noticias-de-jazz"],"jetpack_likes_enabled":true,"jetpack_sharing_enabled":true,"jetpack-related-posts":[{"id":106468,"url":"https:\/\/tomajazz.com\/web\/amaro-freitas-trio-vitoria-2026\/","url_meta":{"origin":55197,"position":0},"title":"Amaro Freitas Tr\u00edo (49 Festival de Jazz de Vitoria-Gasteiz 2026. 2026-07-13) Por Jos\u00e9 Luis Luna Rocafort [INSTANTZZ AKA Galer\u00eda fotogr\u00e1fica AKA Fotoblog de jazz, impro\u2026 y algo m\u00e1s]","author":"Tomajazz","date":"14 agosto, 2026","format":false,"excerpt":"Amaro Freitas Tr\u00edo actu\u00f3 en el 49 Festival de Jazz de Vitoria-Gasteiz 2026, el 13 de julio de 2026. Jos\u00e9 Luis Luna Rocafort lo retrata en INSTANTZZ. Actuaron Amaro Freitas, Sidiel Vieira, Rodrigo Digao Brez","rel":"","context":"En \u00ab*_Jos\u00e9 Luis Luna Rocafort\u00bb","block_context":{"text":"*_Jos\u00e9 Luis Luna Rocafort","link":"https:\/\/tomajazz.com\/web\/category\/jose-luis-luna-rocafort\/"},"img":{"alt_text":"Amaro Freitas Tr\u00edo (49 Festival de Jazz de Vitoria-Gasteiz 2026. 2026-07-13) Por Jos\u00e9 Luis Luna Rocafort [INSTANTZZ AKA Galer\u00eda fotogr\u00e1fica AKA Fotoblog de jazz, impro\u2026 y algo m\u00e1s] - Tomajazz - Amaro Freitas Tr\u00edo actu\u00f3 en el 49 Festival de Jazz de Vitoria-Gasteiz 2026, el 13 de julio de 2026. Jos\u00e9 Luis Luna Rocafort lo retrata en INSTANTZZ. Actuaron Amaro Freitas, Sidiel Vieira, Rodrigo Digao Brez","src":"https:\/\/i0.wp.com\/tomajazz.com\/web\/wp-content\/uploads\/2026\/08\/020-3.jpg?resize=350%2C200&ssl=1","width":350,"height":200,"srcset":"https:\/\/i0.wp.com\/tomajazz.com\/web\/wp-content\/uploads\/2026\/08\/020-3.jpg?resize=350%2C200&ssl=1 1x, https:\/\/i0.wp.com\/tomajazz.com\/web\/wp-content\/uploads\/2026\/08\/020-3.jpg?resize=525%2C300&ssl=1 1.5x"},"classes":[]},{"id":106565,"url":"https:\/\/tomajazz.com\/web\/rupanco-vitoria-2026\/","url_meta":{"origin":55197,"position":1},"title":"Rupanco (49 Festival de Jazz de Vitoria-Gasteiz 2026. 2026-07-10) Por Jos\u00e9 Luis Luna Rocafort [INSTANTZZ AKA Galer\u00eda fotogr\u00e1fica AKA Fotoblog de jazz, impro\u2026 y algo m\u00e1s]","author":"Tomajazz","date":"18 agosto, 2026","format":false,"excerpt":"Rupanco actu\u00f3 en el 49 Festival de Jazz de Vitoria-Gasteiz 2026. Jos\u00e9 Luis Luna Rocafort lo retrata en INSTANTZZ. Rupanco son Agust\u00edn Chaves, Jon G. Labat, Jorge S\u00e1nchez, Aritza Castro, Aimar Palacios","rel":"","context":"En \u00ab49 Festival de Jazz de Vitoria-Gasteiz 2026\u00bb","block_context":{"text":"49 Festival de Jazz de Vitoria-Gasteiz 2026","link":"https:\/\/tomajazz.com\/web\/category\/contenidos\/especial-contenidos\/49-festival-de-jazz-de-vitoria-gasteiz-2026\/"},"img":{"alt_text":"Rupanco (49 Festival de Jazz de Vitoria-Gasteiz 2026. 2026-07-08) Por Jos\u00e9 Luis Luna Rocafort [INSTANTZZ AKA Galer\u00eda fotogr\u00e1fica AKA Fotoblog de jazz, impro\u2026 y algo m\u00e1s] - Tomajazz - Rupanco actu\u00f3 en el 49 Festival de Jazz de Vitoria-Gasteiz 2026. Jos\u00e9 Luis Luna Rocafort lo retrata en INSTANTZZ. Rupanco son Agust\u00edn Chaves, Jon G. Labat, Jorge S\u00e1nchez, Aritza Castro, Aimar Palacios","src":"https:\/\/i0.wp.com\/tomajazz.com\/web\/wp-content\/uploads\/2026\/08\/002-7.jpg?resize=350%2C200&ssl=1","width":350,"height":200,"srcset":"https:\/\/i0.wp.com\/tomajazz.com\/web\/wp-content\/uploads\/2026\/08\/002-7.jpg?resize=350%2C200&ssl=1 1x, https:\/\/i0.wp.com\/tomajazz.com\/web\/wp-content\/uploads\/2026\/08\/002-7.jpg?resize=525%2C300&ssl=1 1.5x"},"classes":[]},{"id":101377,"url":"https:\/\/tomajazz.com\/web\/triplanetas-enrique-oliver-trio-vitoria-2025\/","url_meta":{"origin":55197,"position":2},"title":"Triplanetas &#8211; Enrique Oliver Tr\u00edo (48 Festival de Jazz de Vitoria. 2025-07-15) Por Jos\u00e9 Luis Luna Rocafort [INSTANTZZ AKA Galer\u00eda fotogr\u00e1fica AKA Fotoblog de jazz, impro\u2026 y algo m\u00e1s]","author":"Tomajazz","date":"4 noviembre, 2025","format":false,"excerpt":"Triplanetas - Enrique Oliver Tr\u00edo participaron en el 48 Festival de Jazz de Vitoria 2025, en el programa Club de Jazz. Jos\u00e9 Luis Luna Rocafort retrata la actuaci\u00f3n en INSTANTZZ. Triplanetas son Daahoud Salim, Juli\u00e1n S\u00e1nchez:, Bori Albero. Enrique Oliver Tr\u00edo son Enrique Oliver, Bori Albero, Andreu Pitarch","rel":"","context":"En \u00ab48 Festival de Jazz de Vitoria 2025\u00bb","block_context":{"text":"48 Festival de Jazz de Vitoria 2025","link":"https:\/\/tomajazz.com\/web\/category\/contenidos\/especial-contenidos\/48-festival-de-jazz-de-vitoria-2025\/"},"img":{"alt_text":"Triplanetas - Enrique Oliver Tr\u00edo (48 Festival de Jazz de Vitoria. 2025-07-15) Por Jos\u00e9 Luis Luna Rocafort [INSTANTZZ AKA Galer\u00eda fotogr\u00e1fica AKA Fotoblog de jazz, impro\u2026 y algo m\u00e1s] - Tomajazz - Triplanetas - Enrique Oliver Tr\u00edo participaron en el 48 Festival de Jazz de Vitoria 2025, en el programa Club de Jazz. Jos\u00e9 Luis Luna Rocafort retrata la actuaci\u00f3n en INSTANTZZ. Triplanetas son Daahoud Salim, Juli\u00e1n S\u00e1nchez:, Bori Albero. Enrique Oliver Tr\u00edo son Enrique Oliver, Bori Albero, Andreu Pitarch","src":"https:\/\/i0.wp.com\/tomajazz.com\/web\/wp-content\/uploads\/2025\/11\/009-2.jpg?resize=350%2C200&ssl=1","width":350,"height":200,"srcset":"https:\/\/i0.wp.com\/tomajazz.com\/web\/wp-content\/uploads\/2025\/11\/009-2.jpg?resize=350%2C200&ssl=1 1x, https:\/\/i0.wp.com\/tomajazz.com\/web\/wp-content\/uploads\/2025\/11\/009-2.jpg?resize=525%2C300&ssl=1 1.5x"},"classes":[]},{"id":106797,"url":"https:\/\/tomajazz.com\/web\/gasteiz-big-band-vitoria-2026\/","url_meta":{"origin":55197,"position":3},"title":"Gasteiz Big Band (49 Festival de Jazz de Vitoria-Gasteiz 2026. 2026-07-11) Por Jos\u00e9 Luis Luna Rocafort [INSTANTZZ AKA Galer\u00eda fotogr\u00e1fica AKA Fotoblog de jazz, impro\u2026 y algo m\u00e1s]","author":"Tomajazz","date":"27 agosto, 2026","format":false,"excerpt":"Gasteiz Big Band actu\u00f3 en el 49 Festival de Jazz de Vitoria-Gasteiz 2026. Jos\u00e9 Luis Luna Rocafort lo retrata en INSTANTZZ","rel":"","context":"En \u00ab49 Festival de Jazz de Vitoria-Gasteiz 2026\u00bb","block_context":{"text":"49 Festival de Jazz de Vitoria-Gasteiz 2026","link":"https:\/\/tomajazz.com\/web\/category\/contenidos\/especial-contenidos\/49-festival-de-jazz-de-vitoria-gasteiz-2026\/"},"img":{"alt_text":"Gasteiz Big Band (49 Festival de Jazz de Vitoria-Gasteiz 2026. 2026-07-11) Por Jos\u00e9 Luis Luna Rocafort [INSTANTZZ AKA Galer\u00eda fotogr\u00e1fica AKA Fotoblog de jazz, impro\u2026 y algo m\u00e1s] - Tomajazz - Gasteiz Big Band actu\u00f3 en el 49 Festival de Jazz de Vitoria-Gasteiz 2026. Jos\u00e9 Luis Luna Rocafort lo retrata en INSTANTZZ","src":"https:\/\/i0.wp.com\/tomajazz.com\/web\/wp-content\/uploads\/2026\/08\/014-12.jpg?resize=350%2C200&ssl=1","width":350,"height":200,"srcset":"https:\/\/i0.wp.com\/tomajazz.com\/web\/wp-content\/uploads\/2026\/08\/014-12.jpg?resize=350%2C200&ssl=1 1x, https:\/\/i0.wp.com\/tomajazz.com\/web\/wp-content\/uploads\/2026\/08\/014-12.jpg?resize=525%2C300&ssl=1 1.5x"},"classes":[]},{"id":106737,"url":"https:\/\/tomajazz.com\/web\/new-jazz-underground-vitoria-2026\/","url_meta":{"origin":55197,"position":4},"title":"New Jazz Underground (49 Festival de Jazz de Vitoria-Gasteiz 2026. 2026-07-14) Por Jos\u00e9 Luis Luna Rocafort [INSTANTZZ AKA Galer\u00eda fotogr\u00e1fica AKA Fotoblog de jazz, impro\u2026 y algo m\u00e1s]","author":"Tomajazz","date":"25 agosto, 2026","format":false,"excerpt":"New Jazz Underground actu\u00f3 en el 49 Festival de Jazz de Vitoria-Gasteiz 2026. Jos\u00e9 Luis Luna Rocafort lo retrata en INSTANTZZ. New Jazz Underground son Abdias Armenteros, Sebastian R\u00edos, TJ Reddick","rel":"","context":"En \u00ab49 Festival de Jazz de Vitoria-Gasteiz 2026\u00bb","block_context":{"text":"49 Festival de Jazz de Vitoria-Gasteiz 2026","link":"https:\/\/tomajazz.com\/web\/category\/contenidos\/especial-contenidos\/49-festival-de-jazz-de-vitoria-gasteiz-2026\/"},"img":{"alt_text":"New Jazz Underground (49 Festival de Jazz de Vitoria-Gasteiz 2026. 2026-07-14) Por Jos\u00e9 Luis Luna Rocafort [INSTANTZZ AKA Galer\u00eda fotogr\u00e1fica AKA Fotoblog de jazz, impro\u2026 y algo m\u00e1s] - Tomajazz - New Jazz Underground actu\u00f3 en el 49 Festival de Jazz de Vitoria-Gasteiz 2026. Jos\u00e9 Luis Luna Rocafort lo retrata en INSTANTZZ. New Jazz Underground son Abdias Armenteros, Sebastian R\u00edos, TJ Reddick","src":"https:\/\/i0.wp.com\/tomajazz.com\/web\/wp-content\/uploads\/2026\/08\/010-12.jpg?resize=350%2C200&ssl=1","width":350,"height":200,"srcset":"https:\/\/i0.wp.com\/tomajazz.com\/web\/wp-content\/uploads\/2026\/08\/010-12.jpg?resize=350%2C200&ssl=1 1x, https:\/\/i0.wp.com\/tomajazz.com\/web\/wp-content\/uploads\/2026\/08\/010-12.jpg?resize=525%2C300&ssl=1 1.5x"},"classes":[]},{"id":85944,"url":"https:\/\/tomajazz.com\/web\/47-festival-de-jazz-de-vitoria-gasteiz-2024\/","url_meta":{"origin":55197,"position":5},"title":"47 Festival de Jazz de Vitoria Gasteiz 2024 (Vitoria. 15 al 20 de julio de 2024) [Noticias de jazz]","author":"Tomajazz","date":"26 abril, 2024","format":false,"excerpt":"Entre el 15 y el 20 de julio de 2024 tendr\u00e1 lugar en Vitoria (\u00c1lava), el 47 Festival de Jazz de Vitoria Gasteiz 2024. #Ciclodejazz #FestivalDeJazz #Festivalesdejazz #Noticiasdejazz","rel":"","context":"En \u00ab47 Festival de Jazz de Vitoria Gasteiz 2024\u00bb","block_context":{"text":"47 Festival de Jazz de Vitoria Gasteiz 2024","link":"https:\/\/tomajazz.com\/web\/category\/contenidos\/especial-contenidos\/47-festival-de-jazz-de-vitoria-gasteiz-2024\/"},"img":{"alt_text":"47 Festival de Jazz de Vitoria - Gasteiz 2024 (Vitoria. 15 al 20 de julio de 2024) [Noticias de jazz] - Tomajazz - Entre el 15 y el 20 de julio de 2024 tendr\u00e1 lugar en Vitoria (\u00c1lava), el 47 Festival de Jazz de Vitoria - Gasteiz 2024. #Ciclodejazz #FestivalDeJazz #Festivalesdejazz #Noticiasdejazz","src":"https:\/\/i0.wp.com\/tomajazz.com\/web\/wp-content\/uploads\/2024\/04\/47-Festival-de-Jazz-de-Vitoria-Gasteiz-2024-Tomajazz-Noticias.jpg?resize=350%2C200&ssl=1","width":350,"height":200,"srcset":"https:\/\/i0.wp.com\/tomajazz.com\/web\/wp-content\/uploads\/2024\/04\/47-Festival-de-Jazz-de-Vitoria-Gasteiz-2024-Tomajazz-Noticias.jpg?resize=350%2C200&ssl=1 1x, https:\/\/i0.wp.com\/tomajazz.com\/web\/wp-content\/uploads\/2024\/04\/47-Festival-de-Jazz-de-Vitoria-Gasteiz-2024-Tomajazz-Noticias.jpg?resize=525%2C300&ssl=1 1.5x, https:\/\/i0.wp.com\/tomajazz.com\/web\/wp-content\/uploads\/2024\/04\/47-Festival-de-Jazz-de-Vitoria-Gasteiz-2024-Tomajazz-Noticias.jpg?resize=700%2C400&ssl=1 2x"},"classes":[]}],"jetpack_featured_media_url":"https:\/\/tomajazz.com\/web\/wp-content\/uploads\/2021\/06\/44-Festival-de-Jazz-de-Vitoria-Gasteiz-2021.jpg","_links":{"self":[{"href":"https:\/\/tomajazz.com\/web\/wp-json\/wp\/v2\/posts\/55197","targetHints":{"allow":["GET"]}}],"collection":[{"href":"https:\/\/tomajazz.com\/web\/wp-json\/wp\/v2\/posts"}],"about":[{"href":"https:\/\/tomajazz.com\/web\/wp-json\/wp\/v2\/types\/post"}],"author":[{"embeddable":true,"href":"https:\/\/tomajazz.com\/web\/wp-json\/wp\/v2\/users\/1"}],"replies":[{"embeddable":true,"href":"https:\/\/tomajazz.com\/web\/wp-json\/wp\/v2\/comments?post=55197"}],"version-history":[{"count":1,"href":"https:\/\/tomajazz.com\/web\/wp-json\/wp\/v2\/posts\/55197\/revisions"}],"predecessor-version":[{"id":55199,"href":"https:\/\/tomajazz.com\/web\/wp-json\/wp\/v2\/posts\/55197\/revisions\/55199"}],"wp:featuredmedia":[{"embeddable":true,"href":"https:\/\/tomajazz.com\/web\/wp-json\/wp\/v2\/media\/55198"}],"wp:attachment":[{"href":"https:\/\/tomajazz.com\/web\/wp-json\/wp\/v2\/media?parent=55197"}],"wp:term":[{"taxonomy":"category","embeddable":true,"href":"https:\/\/tomajazz.com\/web\/wp-json\/wp\/v2\/categories?post=55197"},{"taxonomy":"post_tag","embeddable":true,"href":"https:\/\/tomajazz.com\/web\/wp-json\/wp\/v2\/tags?post=55197"}],"curies":[{"name":"wp","href":"https:\/\/api.w.org\/{rel}","templated":true}]}}