{"id":55372,"date":"2021-07-08T12:01:42","date_gmt":"2021-07-08T10:01:42","guid":{"rendered":"https:\/\/www.tomajazz.com\/web\/?p=55372"},"modified":"2021-11-27T19:51:28","modified_gmt":"2021-11-27T18:51:28","slug":"el-jazz-le-sienta-bien-a-getxo-getxo-jazz-2021-30-de-junio-a-4-de-julio-de-2021-conciertos-de-jazz-por-mario-benso-pedro-urresti-y-pachi-tapiz","status":"publish","type":"post","link":"https:\/\/tomajazz.com\/web\/el-jazz-le-sienta-bien-a-getxo-getxo-jazz-2021-30-de-junio-a-4-de-julio-de-2021-conciertos-de-jazz-por-mario-benso-pedro-urresti-y-pachi-tapiz\/","title":{"rendered":"El Jazz le sienta bien a Getxo. 44\u00ba Festival Internacional de Jazz de Getxo 2021 (30 de junio a 4 de julio de 2021) [Conciertos de jazz] Por Mario Benso, Pedro Urresti y Pachi Tapiz"},"content":{"rendered":"<p><strong>44\u00ba Festival Getxo Jazz<\/strong><\/p>\n<ul>\n<li>Fecha: del 30 de junio al 4 de julio de 2021.<\/li>\n<li>Lugar: Muxikebarri, Getxo (Vizcaya)<\/li>\n<\/ul>\n<p style=\"text-align: center;\"><img loading=\"lazy\" decoding=\"async\" class=\"aligncenter size-large wp-image-55373\" src=\"https:\/\/tomajazz.com\/web\/wp-content\/uploads\/2021\/07\/PUR2912-600x402.jpg\" alt=\"\" width=\"600\" height=\"402\" title=\"\" srcset=\"https:\/\/tomajazz.com\/web\/wp-content\/uploads\/2021\/07\/PUR2912-600x402.jpg 600w, https:\/\/tomajazz.com\/web\/wp-content\/uploads\/2021\/07\/PUR2912-200x134.jpg 200w, https:\/\/tomajazz.com\/web\/wp-content\/uploads\/2021\/07\/PUR2912-768x515.jpg 768w, https:\/\/tomajazz.com\/web\/wp-content\/uploads\/2021\/07\/PUR2912-1536x1030.jpg 1536w, https:\/\/tomajazz.com\/web\/wp-content\/uploads\/2021\/07\/PUR2912-2048x1373.jpg 2048w, https:\/\/tomajazz.com\/web\/wp-content\/uploads\/2021\/07\/PUR2912-60x40.jpg 60w, https:\/\/tomajazz.com\/web\/wp-content\/uploads\/2021\/07\/PUR2912-120x80.jpg 120w\" sizes=\"auto, (max-width: 600px) 100vw, 600px\" \/><\/p>\n<p style=\"text-align: center;\"><img loading=\"lazy\" decoding=\"async\" class=\"aligncenter size-large wp-image-55375\" src=\"https:\/\/tomajazz.com\/web\/wp-content\/uploads\/2021\/07\/PUR2988-600x386.jpg\" alt=\"\" width=\"600\" height=\"386\" title=\"\" srcset=\"https:\/\/tomajazz.com\/web\/wp-content\/uploads\/2021\/07\/PUR2988-600x386.jpg 600w, https:\/\/tomajazz.com\/web\/wp-content\/uploads\/2021\/07\/PUR2988-200x129.jpg 200w, https:\/\/tomajazz.com\/web\/wp-content\/uploads\/2021\/07\/PUR2988-768x494.jpg 768w, https:\/\/tomajazz.com\/web\/wp-content\/uploads\/2021\/07\/PUR2988-1536x989.jpg 1536w, https:\/\/tomajazz.com\/web\/wp-content\/uploads\/2021\/07\/PUR2988-2048x1318.jpg 2048w, https:\/\/tomajazz.com\/web\/wp-content\/uploads\/2021\/07\/PUR2988-60x40.jpg 60w\" sizes=\"auto, (max-width: 600px) 100vw, 600px\" \/><\/p>\n<p><strong>Javier Colina Quartet<br \/>\n<\/strong>Mi\u00e9rcoles, 30 de junio<\/p>\n<p>En un a\u00f1o, 2021, en el que a pesar de que parece que ya se vislumbra la luz sigue presentando una situaci\u00f3n muy complicada a todos los niveles por culpa de la pandemia del COVID-19 y sus terribles variantes, el Festival de Jazz de Getxo ha retomado su actividad tras el par\u00f3n obligado de 2020. Los conciertos principales (todos ellos a las 19:00 en la sala Ereaga de Muxikebarri de Getxo), comenzaron con la actuaci\u00f3n de<strong> Javier Colina Quartet<\/strong>. El grupo no ha llegado a publicar ninguna grabaci\u00f3n, y tampoco tiene intenciones de hacerlo seg\u00fan lo que coment\u00f3 el contrabajista. Este lleva trabajando durante varios a\u00f1os con <strong>Ariel Br\u00ednguez<\/strong> (saxos tenor y soprano), <strong>Pablo Guti\u00e9rrez<\/strong> (piano), y <strong>Daniel Garc\u00eda Bruno<\/strong> (contrabajo). Adem\u00e1s de una enorme sabidur\u00eda instrumental, el l\u00edder del cuarteto muestra una fabulosa habilidad para armar su repertorio con una m\u00fasica que va del Norte al Sur, y de un lado a otro del Atl\u00e1ntico. De ese modo Monk son\u00f3 a modo de cumbia (fabulosa versi\u00f3n de \u201cEpistrophy\u201d); enlaz\u00f3 Cuba con \u00c1frica por medio de versiones de temas como \u201cBel\u00e9n\u201d o \u201cNovia M\u00eda\u201d. El concierto fue una fiesta en el que adem\u00e1s de contar con un contrabajo que tuvo una incre\u00edble capacidad de cantar, tambi\u00e9n acudieron la versatilidad al saxo de Br\u00ednguez o las magn\u00edficas aportaciones de Guti\u00e9rrez y Garc\u00eda Bruno, y en el que no faltaron los aplausos espont\u00e1neos de los asistentes, que como en el resto de conciertos de cada una de las tardes, agotaron las localidades.<\/p>\n<p style=\"text-align: right;\">Texto: <strong>\u00a9 Pachi Tapiz, 2021<br \/>\n<\/strong>Fotograf\u00edas: <strong>Pedro Urresti Barandiar\u00e1n\u00a0\u00a9 Festival de Jazz de Getxo, 2021<\/strong><\/p>\n<p style=\"text-align: center;\"><img loading=\"lazy\" decoding=\"async\" class=\"aligncenter size-large wp-image-55376\" src=\"https:\/\/tomajazz.com\/web\/wp-content\/uploads\/2021\/07\/PUR3981-600x400.jpg\" alt=\"\" width=\"600\" height=\"400\" title=\"\" srcset=\"https:\/\/tomajazz.com\/web\/wp-content\/uploads\/2021\/07\/PUR3981-600x400.jpg 600w, https:\/\/tomajazz.com\/web\/wp-content\/uploads\/2021\/07\/PUR3981-200x133.jpg 200w, https:\/\/tomajazz.com\/web\/wp-content\/uploads\/2021\/07\/PUR3981-768x512.jpg 768w, https:\/\/tomajazz.com\/web\/wp-content\/uploads\/2021\/07\/PUR3981-1536x1024.jpg 1536w, https:\/\/tomajazz.com\/web\/wp-content\/uploads\/2021\/07\/PUR3981-2048x1365.jpg 2048w, https:\/\/tomajazz.com\/web\/wp-content\/uploads\/2021\/07\/PUR3981-60x40.jpg 60w, https:\/\/tomajazz.com\/web\/wp-content\/uploads\/2021\/07\/PUR3981-120x80.jpg 120w\" sizes=\"auto, (max-width: 600px) 100vw, 600px\" \/> <img loading=\"lazy\" decoding=\"async\" class=\"aligncenter size-large wp-image-55377\" src=\"https:\/\/tomajazz.com\/web\/wp-content\/uploads\/2021\/07\/PUR4168-600x400.jpg\" alt=\"\" width=\"600\" height=\"400\" title=\"\" srcset=\"https:\/\/tomajazz.com\/web\/wp-content\/uploads\/2021\/07\/PUR4168-600x400.jpg 600w, https:\/\/tomajazz.com\/web\/wp-content\/uploads\/2021\/07\/PUR4168-200x133.jpg 200w, https:\/\/tomajazz.com\/web\/wp-content\/uploads\/2021\/07\/PUR4168-768x512.jpg 768w, https:\/\/tomajazz.com\/web\/wp-content\/uploads\/2021\/07\/PUR4168-1536x1024.jpg 1536w, https:\/\/tomajazz.com\/web\/wp-content\/uploads\/2021\/07\/PUR4168-2048x1365.jpg 2048w, https:\/\/tomajazz.com\/web\/wp-content\/uploads\/2021\/07\/PUR4168-60x40.jpg 60w, https:\/\/tomajazz.com\/web\/wp-content\/uploads\/2021\/07\/PUR4168-120x80.jpg 120w\" sizes=\"auto, (max-width: 600px) 100vw, 600px\" \/><\/p>\n<p><strong>The Cuban Jazz Syndicate<br \/>\n<\/strong>Jueves, 1 de julio<\/p>\n<p>El baterista Michael Olivera lider\u00f3 a su grupo <strong>The Cuban Jazz Syndicate<\/strong>. Un septeto que cuenta con unos m\u00fasicos que cuentan con un enorme bagaje musical: rep\u00e1sense las trayectorias del l\u00edder, del pianista <strong>Pepe Rivero<\/strong>, de <strong>Ariel Br\u00ednguez<\/strong> o del trompetista <strong>Raynald Colom<\/strong>, que sustituy\u00f3 al inicialmente anunciado Carlitos Sarduy. El sindicato del jazz de Cuba present\u00f3 su grabaci\u00f3n <em>Y lleg\u00f3 la luz<\/em> planteando un repertorio compuesto por temas propios en el que m\u00e1s que luz hubo muchos, demasiados, fuegos artificiales, o como dir\u00eda el cl\u00e1sico, mucho ruido y pocas nueces. La cantante <strong>Myriam Latrece<\/strong> llev\u00f3 sus intervenciones vocales a un lugar con apariencia de contemporaneidad, pero en el que aparte de que no se le entend\u00eda lo que cantaba, hab\u00eda m\u00e1s vac\u00edo que contenido. El resto de compa\u00f1eros nos obsequiaron con solos interminables al bajo el\u00e9ctrico de cinco cuerdas, explosiones de los vientos, r\u00e1pidas cabalgadas por las teclas del piano, y demostraciones percusivas en la bater\u00eda. Como no pod\u00eda ser de otra manera requirieron la participaci\u00f3n del p\u00fablico con sus palmas y cantos. El resultado fue un concierto en el que se ech\u00f3 a faltar una mayor interacci\u00f3n entre los m\u00fasicos, acorde con su potencial.<\/p>\n<p style=\"text-align: right;\">Texto: <strong>\u00a9 Pachi Tapiz, 2021<br \/>\n<\/strong>Fotograf\u00edas: <strong>Pedro Urresti Barandiar\u00e1n\u00a0\u00a9 Festival de Jazz de Getxo, 2021<\/strong><\/p>\n<p style=\"text-align: center;\"><img loading=\"lazy\" decoding=\"async\" class=\"aligncenter size-large wp-image-55378\" src=\"https:\/\/tomajazz.com\/web\/wp-content\/uploads\/2021\/07\/PUR4789-600x400.jpg\" alt=\"\" width=\"600\" height=\"400\" title=\"\" srcset=\"https:\/\/tomajazz.com\/web\/wp-content\/uploads\/2021\/07\/PUR4789-600x400.jpg 600w, https:\/\/tomajazz.com\/web\/wp-content\/uploads\/2021\/07\/PUR4789-200x133.jpg 200w, https:\/\/tomajazz.com\/web\/wp-content\/uploads\/2021\/07\/PUR4789-768x512.jpg 768w, https:\/\/tomajazz.com\/web\/wp-content\/uploads\/2021\/07\/PUR4789-1536x1024.jpg 1536w, https:\/\/tomajazz.com\/web\/wp-content\/uploads\/2021\/07\/PUR4789-2048x1365.jpg 2048w, https:\/\/tomajazz.com\/web\/wp-content\/uploads\/2021\/07\/PUR4789-60x40.jpg 60w, https:\/\/tomajazz.com\/web\/wp-content\/uploads\/2021\/07\/PUR4789-120x80.jpg 120w\" sizes=\"auto, (max-width: 600px) 100vw, 600px\" \/> <img loading=\"lazy\" decoding=\"async\" class=\"aligncenter size-large wp-image-55379\" src=\"https:\/\/tomajazz.com\/web\/wp-content\/uploads\/2021\/07\/PUR4902-600x420.jpg\" alt=\"\" width=\"600\" height=\"420\" title=\"\" srcset=\"https:\/\/tomajazz.com\/web\/wp-content\/uploads\/2021\/07\/PUR4902-600x420.jpg 600w, https:\/\/tomajazz.com\/web\/wp-content\/uploads\/2021\/07\/PUR4902-200x140.jpg 200w, https:\/\/tomajazz.com\/web\/wp-content\/uploads\/2021\/07\/PUR4902-768x538.jpg 768w, https:\/\/tomajazz.com\/web\/wp-content\/uploads\/2021\/07\/PUR4902-1536x1076.jpg 1536w, https:\/\/tomajazz.com\/web\/wp-content\/uploads\/2021\/07\/PUR4902-2048x1434.jpg 2048w\" sizes=\"auto, (max-width: 600px) 100vw, 600px\" \/><\/p>\n<p><strong>Maria Jo\u00e3o &amp; Carlos Bica Quartet<br \/>\n<\/strong>Viernes, 2 de julio<\/p>\n<p>La colaboraci\u00f3n entre la cantante <strong>Maria Jo\u00e3o<\/strong> y el contrabajista <strong>Carlos Bica<\/strong> se remonta a un cuarto de siglo. Tras diez a\u00f1os con grabaciones y conciertos a lo largo de todo el Mundo, han retomado su actividad acompa\u00f1ados por los j\u00f3venes <strong>Andr\u00e9 Santos<\/strong> (guitarra), y <strong>Jo\u00e3o Farinha<\/strong> (piano y teclados). La intensidad de la propuesta de Jo\u00e3o puede llegar a ser excesiva, no deja indiferente. En el concierto en Getxo la cantante mostr\u00f3 su enorme capacidad vocal, con un control al alcance de muy pocas. Es capaz de moverse por los terrenos de la improvisaci\u00f3n libre, pero a su vez no tiene problemas para controlar la voz perfectamente por terrenos m\u00e1s ortodoxos. Su expresividad teatral sobre el escenario fue el complemento perfecto de su trabajo vocal y del de sus compa\u00f1eros. Estos, aunque tuvieron sus momentos de lucimiento (fant\u00e1sticos los aromas <em>blueseros<\/em> del guitarrista, la suavidad del contrabajista o los teclados que miraban hacia la m\u00fasica tradicional), estuvieron al servicio de la cantante. El repertorio, que finaliz\u00f3 con un \u201cWhat A Wonderfurld World\u201d lleno de retranca (no puede ser de otro modo a la vista de la que est\u00e1 cayendo), incluy\u00f3 adem\u00e1s de temas propios, revisiones de canciones como \u201cScarborough Fair\u201d, \u201cWoodstock\u201d (la m\u00edtica composici\u00f3n de Joni Mitchell), The Doors, Robert Johnson o The Beatles.<\/p>\n<p style=\"text-align: right;\">Texto: <strong>\u00a9 Pachi Tapiz, 2021<br \/>\n<\/strong>Fotograf\u00edas: <strong>Pedro Urresti Barandiar\u00e1n\u00a0\u00a9 Festival de Jazz de Getxo, 2021<\/strong><\/p>\n<p style=\"text-align: center;\"><img loading=\"lazy\" decoding=\"async\" class=\"aligncenter size-large wp-image-55380\" src=\"https:\/\/tomajazz.com\/web\/wp-content\/uploads\/2021\/07\/PUR5808-600x361.jpg\" alt=\"\" width=\"600\" height=\"361\" title=\"\" srcset=\"https:\/\/tomajazz.com\/web\/wp-content\/uploads\/2021\/07\/PUR5808-600x361.jpg 600w, https:\/\/tomajazz.com\/web\/wp-content\/uploads\/2021\/07\/PUR5808-200x120.jpg 200w, https:\/\/tomajazz.com\/web\/wp-content\/uploads\/2021\/07\/PUR5808-768x462.jpg 768w, https:\/\/tomajazz.com\/web\/wp-content\/uploads\/2021\/07\/PUR5808-1536x923.jpg 1536w, https:\/\/tomajazz.com\/web\/wp-content\/uploads\/2021\/07\/PUR5808-2048x1231.jpg 2048w\" sizes=\"auto, (max-width: 600px) 100vw, 600px\" \/> <img loading=\"lazy\" decoding=\"async\" class=\"aligncenter size-large wp-image-55381\" src=\"https:\/\/tomajazz.com\/web\/wp-content\/uploads\/2021\/07\/PUR5819-600x433.jpg\" alt=\"\" width=\"600\" height=\"433\" title=\"\" srcset=\"https:\/\/tomajazz.com\/web\/wp-content\/uploads\/2021\/07\/PUR5819-600x433.jpg 600w, https:\/\/tomajazz.com\/web\/wp-content\/uploads\/2021\/07\/PUR5819-200x144.jpg 200w, https:\/\/tomajazz.com\/web\/wp-content\/uploads\/2021\/07\/PUR5819-768x554.jpg 768w, https:\/\/tomajazz.com\/web\/wp-content\/uploads\/2021\/07\/PUR5819-1536x1109.jpg 1536w, https:\/\/tomajazz.com\/web\/wp-content\/uploads\/2021\/07\/PUR5819-2048x1478.jpg 2048w\" sizes=\"auto, (max-width: 600px) 100vw, 600px\" \/><\/p>\n<p><strong>Chano Dom\u00ednguez &amp; Martirio \u201cA Bola de Nieve\u201d<br \/>\n<\/strong>S\u00e1bado, 3 de julio<\/p>\n<p>Maribel Qui\u00f1ones, conocida art\u00edsticamente como <strong>Martirio<\/strong>, es un monstruo sobre el escenario. <strong>Chano Dom\u00ednguez<\/strong> es uno de los pianistas m\u00e1s grandes en la escena jazz\u00edstica espa\u00f1ola actual. Tras colaborar a partir de finales de los a\u00f1os 90 del pasado milenio en grabaciones m\u00edticas como <em>Coplas de Madrug\u00e1<\/em> y <em>Acoplados<\/em>, ambos m\u00fasicos han vuelto a retomar su colaboraci\u00f3n con <em>A Bola de Nieve <\/em>(2019). En Getxo presentaron este espect\u00e1culo. Tras el comienzo a piano solo por parte del pianista gaditano, Martirio hizo acto de presencia en el escenario para revisar el repertorio de la \u00faltima grabaci\u00f3n de este duo. A lo largo del concierto sonaron \u201cTu no sospechas\u201d, \u201cEl manisero\u201d, \u201cLa vie en Rose\u201d, \u201cBito Manue\u201d, \u201cDrume negrita\u201d y \u201cSe equivoc\u00f3 la paloma\u201d. M\u00e1s all\u00e1 del repertorio, el resultado son canciones de entra\u00f1as, sonidos de sentimientos. La capacidad de Martirio sobre el escenario no s\u00f3lo se mostr\u00f3 en la manera de cantar, si no en las presentaciones, que con su nota de humor y tambi\u00e9n de cari\u00f1o y admiraci\u00f3n, sirvieron para poner en contexto los temas que fueron sonando en el concierto. Una menci\u00f3n especial para el t\u00e9cnico de luces, que con una precisi\u00f3n casi m\u00e1gica, fue el complemento perfecto para el espect\u00e1culo.<\/p>\n<p style=\"text-align: right;\">Texto: <strong>\u00a9 Pachi Tapiz, 2021<br \/>\n<\/strong>Fotograf\u00edas: <strong>Pedro Urresti Barandiar\u00e1n\u00a0\u00a9 Festival de Jazz de Getxo, 2021<\/strong><\/p>\n<p style=\"text-align: center;\"><img loading=\"lazy\" decoding=\"async\" class=\"aligncenter size-large wp-image-55382\" src=\"https:\/\/tomajazz.com\/web\/wp-content\/uploads\/2021\/07\/PUR6659-600x393.jpg\" alt=\"\" width=\"600\" height=\"393\" title=\"\" srcset=\"https:\/\/tomajazz.com\/web\/wp-content\/uploads\/2021\/07\/PUR6659-600x393.jpg 600w, https:\/\/tomajazz.com\/web\/wp-content\/uploads\/2021\/07\/PUR6659-200x131.jpg 200w, https:\/\/tomajazz.com\/web\/wp-content\/uploads\/2021\/07\/PUR6659-768x503.jpg 768w, https:\/\/tomajazz.com\/web\/wp-content\/uploads\/2021\/07\/PUR6659-1536x1005.jpg 1536w, https:\/\/tomajazz.com\/web\/wp-content\/uploads\/2021\/07\/PUR6659-2048x1340.jpg 2048w, https:\/\/tomajazz.com\/web\/wp-content\/uploads\/2021\/07\/PUR6659-60x40.jpg 60w, https:\/\/tomajazz.com\/web\/wp-content\/uploads\/2021\/07\/PUR6659-120x80.jpg 120w\" sizes=\"auto, (max-width: 600px) 100vw, 600px\" \/> <img loading=\"lazy\" decoding=\"async\" class=\"aligncenter size-large wp-image-55384\" src=\"https:\/\/tomajazz.com\/web\/wp-content\/uploads\/2021\/07\/PUR6835-600x385.jpg\" alt=\"\" width=\"600\" height=\"385\" title=\"\" srcset=\"https:\/\/tomajazz.com\/web\/wp-content\/uploads\/2021\/07\/PUR6835-600x385.jpg 600w, https:\/\/tomajazz.com\/web\/wp-content\/uploads\/2021\/07\/PUR6835-200x128.jpg 200w, https:\/\/tomajazz.com\/web\/wp-content\/uploads\/2021\/07\/PUR6835-768x492.jpg 768w, https:\/\/tomajazz.com\/web\/wp-content\/uploads\/2021\/07\/PUR6835-1536x984.jpg 1536w, https:\/\/tomajazz.com\/web\/wp-content\/uploads\/2021\/07\/PUR6835-2048x1312.jpg 2048w, https:\/\/tomajazz.com\/web\/wp-content\/uploads\/2021\/07\/PUR6835-60x40.jpg 60w, https:\/\/tomajazz.com\/web\/wp-content\/uploads\/2021\/07\/PUR6835-220x140.jpg 220w\" sizes=\"auto, (max-width: 600px) 100vw, 600px\" \/><\/p>\n<p><strong>Jorge Pardo\/Carles Benavent\/Tino di Geraldo Trio + Ni\u00f1o Josele<br \/>\n<\/strong>Domingo, 4 de julio<\/p>\n<p>Concluy\u00f3 el Festival Internacional de Getxo su edici\u00f3n sin duda m\u00e1s compleja y singular por las circunstancias de todos conocidas, y lo hizo con una de esas formaciones que los aficionados conocen de memoria, como a las buenas delanteras de antes: Pardo, Benavent y Di Geraldo han pisado en varias ocasiones el escenario getxotarra, y siempre lo han hecho para disfrute del p\u00fablico local, agradecido y generoso como pocos. Nos comentaba Jorge Pardo que hay muchas ganas de subirse a los escenarios tras este a\u00f1o de p\u00e9rdida, y los tres lo corroboraron dando lo mejor de s\u00ed mismos, que no es poca cosa si hablamos de talentos como los suyos. Para esta gira han invitado a la guitarra jonda y sabia de Ni\u00f1o Josele, que sal\u00edo en solitario a lancear y deleit\u00f3 en la suerte, para luego integrarse en el homenaje colectivo al compa\u00f1ero que se les fu\u00e9, Chick Corea, cuyo \u00abSpain\u00bb, como no pod\u00eda ser de otra manera, puso fin a la celebraci\u00f3n, vivida en el escenario a ritmo de fin de fiesta. Recuerdo sentido, de artistas que conocen muy bien las leyes no escritas de la m\u00fasica y saben arrimarse como pocos. As\u00ed puso el tel\u00f3n este festival amable, testigo adem\u00e1s de que, ahora m\u00e1s que nunca, hay unas ganas locas de volver a distrutar de la magia de la m\u00fasica en vivo: escuchar, tocar, sentir emociones. La ecuaci\u00f3n simple de las cosas grandes.<\/p>\n<p style=\"text-align: right;\">Texto: <strong>\u00a9 Mario Benso, 2021<br \/>\n<\/strong>Fotograf\u00edas: <strong>Pedro Urresti Barandiar\u00e1n\u00a0\u00a9 Festival de Jazz de Getxo, 2021<br \/>\n<\/strong><\/p>\n<p style=\"text-align: center;\"><img loading=\"lazy\" decoding=\"async\" class=\"aligncenter size-large wp-image-55385\" src=\"https:\/\/tomajazz.com\/web\/wp-content\/uploads\/2021\/07\/Jorge-LG_No-Silence-No-End_01-600x270.jpeg\" alt=\"\" width=\"600\" height=\"270\" title=\"\" srcset=\"https:\/\/tomajazz.com\/web\/wp-content\/uploads\/2021\/07\/Jorge-LG_No-Silence-No-End_01-600x270.jpeg 600w, https:\/\/tomajazz.com\/web\/wp-content\/uploads\/2021\/07\/Jorge-LG_No-Silence-No-End_01-200x90.jpeg 200w, https:\/\/tomajazz.com\/web\/wp-content\/uploads\/2021\/07\/Jorge-LG_No-Silence-No-End_01-768x346.jpeg 768w, https:\/\/tomajazz.com\/web\/wp-content\/uploads\/2021\/07\/Jorge-LG_No-Silence-No-End_01-1536x691.jpeg 1536w, https:\/\/tomajazz.com\/web\/wp-content\/uploads\/2021\/07\/Jorge-LG_No-Silence-No-End_01.jpeg 1600w\" sizes=\"auto, (max-width: 600px) 100vw, 600px\" \/> <img loading=\"lazy\" decoding=\"async\" class=\"aligncenter size-large wp-image-55386\" src=\"https:\/\/tomajazz.com\/web\/wp-content\/uploads\/2021\/07\/Jorge-LG_No-Silence-No-End_03-600x270.jpeg\" alt=\"\" width=\"600\" height=\"270\" title=\"\" srcset=\"https:\/\/tomajazz.com\/web\/wp-content\/uploads\/2021\/07\/Jorge-LG_No-Silence-No-End_03-600x270.jpeg 600w, https:\/\/tomajazz.com\/web\/wp-content\/uploads\/2021\/07\/Jorge-LG_No-Silence-No-End_03-200x90.jpeg 200w, https:\/\/tomajazz.com\/web\/wp-content\/uploads\/2021\/07\/Jorge-LG_No-Silence-No-End_03-768x346.jpeg 768w, https:\/\/tomajazz.com\/web\/wp-content\/uploads\/2021\/07\/Jorge-LG_No-Silence-No-End_03-1536x691.jpeg 1536w, https:\/\/tomajazz.com\/web\/wp-content\/uploads\/2021\/07\/Jorge-LG_No-Silence-No-End_03.jpeg 1600w\" sizes=\"auto, (max-width: 600px) 100vw, 600px\" \/><\/p>\n<p>Exposici\u00f3n <em>No Silence, No End<\/em> por <strong>Jorge L\u00f3pez de Guere\u00f1u<\/strong><br \/>\n28 de junio al 28 de julio<\/p>\n<p>Como complemento al Festival, en la casa de cultura de Romo est\u00e1 expuesta <em>No Silence, No End <\/em>por Jorge L\u00f3pez de Guere\u00f1u. En ella el artista revisa su visi\u00f3n del jazz representando a algunos de sus artistas m\u00e1s importantes en distintos formatos. La pieza central de la exposici\u00f3n, compuesta por 36 retratos de figuras esenciales de la AACM de Chicago, en un soporta totalmente insospechado, resulta irresistiblemente atractivo. Un peque\u00f1o reto a quien acuda a la exposici\u00f3n es que intente localizar a <strong>Monk<\/strong>, una figura esencial del jazz para L\u00f3pez de Guere\u00f1u.<\/p>\n<p style=\"text-align: right;\">Texto y fotograf\u00edas: \u00a9 <strong>Pachi Tapiz<\/strong>, 2021<\/p>\n","protected":false},"excerpt":{"rendered":"<p>Repaso al 44\u00ba Getxo Jazz 2021 por Mario Benso y Pachi Tapiz (texto), y Pedro Urresti (fotograf\u00edas): con las actuaciones de Javier Colina Quartet, The Cuban Jazz Syndicate, Maria Jo\u00e3o &#038; Carlos Bica Quartet, Chano Dom\u00ednguez &#038; Martirio \u201cA Bola de Nieve\u201d, Jorge Pardo\/Carles Benavent\/Tino di Geraldo Trio + Ni\u00f1o Josele y la exposici\u00f3n \u00abNo Silence, No End\u00bb de Jorge L\u00f3pez de Guere\u00f1u. <span class=\"more-link\"><a href=\"https:\/\/tomajazz.com\/web\/el-jazz-le-sienta-bien-a-getxo-getxo-jazz-2021-30-de-junio-a-4-de-julio-de-2021-conciertos-de-jazz-por-mario-benso-pedro-urresti-y-pachi-tapiz\/\">Contin\u00faa leyendo<\/a><\/span><\/p>\n","protected":false},"author":1,"featured_media":55387,"comment_status":"open","ping_status":"closed","sticky":false,"template":"","format":"standard","meta":{"jetpack_post_was_ever_published":false,"_jetpack_newsletter_access":"","_jetpack_dont_email_post_to_subs":false,"_jetpack_newsletter_tier_id":0,"_jetpack_memberships_contains_paywalled_content":false,"_jetpack_memberships_contains_paid_content":false,"footnotes":""},"categories":[15517,25435,17847,25417,4,1038],"tags":[25436,25419,8522,202,11432,18880,7448,25437,8381,19443,1053,6615,24158,6709,4928,9693,25438,13619,1974,5119,25439,11194,8379,31,25418,7816,1150,25423,2015,10661],"class_list":["entry","author-pachi","has-excerpt","post-55372","post","type-post","status-publish","format-standard","has-post-thumbnail","category-textos","category-_mario-benso","category-pachi-tapiz","category-_pedro-urresti-barandiaran","category-conciertos","category-contenidos","tag-44-getxo-jazz-2021","tag-44o-festival-getxo-jazz","tag-andre-santos","tag-ariel-bringuez","tag-carles-benavent","tag-carlos-bica","tag-chano-dominguez","tag-chano-dominguez-martirio","tag-daniel-garcia-bruno","tag-getxo-jazz","tag-javier-colina","tag-javier-colina-cuarteto","tag-joao-farinha","tag-jorge-lopez-de-guerenu","tag-jorge-pardo","tag-maria-joao","tag-maria-joao-carlos-bica-quartet","tag-mario-benso","tag-martirio","tag-michael-olivera","tag-myriam-latrece","tag-nino-josele","tag-pablo-gutierrez","tag-pachi-tapiz","tag-pedro-urresti-barandiaran","tag-pepe-rivero","tag-raynald-colom","tag-the-cuban-jazz-syndicate","tag-monk-thelonious","tag-tino-di-geraldo"],"jetpack_featured_media_url":"https:\/\/tomajazz.com\/web\/wp-content\/uploads\/2021\/07\/44-Getxo-Jazz-por-Pachi-Tapiz.jpeg","jetpack_likes_enabled":true,"jetpack_sharing_enabled":true,"jetpack-related-posts":[{"id":54456,"url":"https:\/\/tomajazz.com\/web\/44o-festival-internacional-de-jazz-getxo-jazz-30-de-junio-al-4-de-julio-de-2021-getxo-vizcaya-noticias-de-jazz\/","url_meta":{"origin":55372,"position":0},"title":"44\u00ba Festival Internacional de Jazz Getxo Jazz (30 de junio al 4 de julio de 2021. Getxo, Vizcaya) [Noticias de jazz]","author":"Tomajazz","date":"26 abril, 2021","format":false,"excerpt":"Entre el 30 de junio y el 4 de julio de 2021 tendr\u00e1 lugar el 44\u00ba Festival Internacional de Jazz. Entre otros, actuar\u00e1n Javier Colina Quartet, Martirio y Chano Dom\u00ednguez o el tr\u00edo Benavent, Pardo Di Giraldo junto a Ni\u00f1o Josele. Tambi\u00e9n tendr\u00e1 lugar el Concurso Internacional de Grupos y\u2026","rel":"","context":"En \u00abNoticias\u00bb","block_context":{"text":"Noticias","link":"https:\/\/tomajazz.com\/web\/category\/contenidos\/noticias-2\/"},"img":{"alt_text":"","src":"https:\/\/i0.wp.com\/tomajazz.com\/web\/wp-content\/uploads\/2021\/04\/getxo_jazz2021.jpg?resize=350%2C200&ssl=1","width":350,"height":200,"srcset":"https:\/\/i0.wp.com\/tomajazz.com\/web\/wp-content\/uploads\/2021\/04\/getxo_jazz2021.jpg?resize=350%2C200&ssl=1 1x, https:\/\/i0.wp.com\/tomajazz.com\/web\/wp-content\/uploads\/2021\/04\/getxo_jazz2021.jpg?resize=525%2C300&ssl=1 1.5x"},"classes":[]},{"id":55290,"url":"https:\/\/tomajazz.com\/web\/colina-encumbra-la-buena-musica-javier-colina-cuarteto-44o-festival-getxo-jazz-2021-06-30-concierto-de-jazz-por-pablo-sanz\/","url_meta":{"origin":55372,"position":1},"title":"Colina encumbra la buena m\u00fasica. Javier Colina Cuarteto (44\u00ba Festival Getxo Jazz. 2021-06-30) [Concierto de jazz] Por Pablo Sanz","author":"Tomajazz","date":"2 julio, 2021","format":false,"excerpt":"Cr\u00f3nica de Pablo Sanz, con fotograf\u00edas de Pedro Urresti, de la actuaci\u00f3n de Javier Colina Cuarteto, en la jornada inaugural del 44\u00ba Festival Getxo Jazz - 2021.","rel":"","context":"En \u00abTextos\u00bb","block_context":{"text":"Textos","link":"https:\/\/tomajazz.com\/web\/category\/contenidos\/textos\/"},"img":{"alt_text":"","src":"https:\/\/i0.wp.com\/tomajazz.com\/web\/wp-content\/uploads\/2021\/07\/PUR3017-scaled.jpg?resize=350%2C200&ssl=1","width":350,"height":200,"srcset":"https:\/\/i0.wp.com\/tomajazz.com\/web\/wp-content\/uploads\/2021\/07\/PUR3017-scaled.jpg?resize=350%2C200&ssl=1 1x, https:\/\/i0.wp.com\/tomajazz.com\/web\/wp-content\/uploads\/2021\/07\/PUR3017-scaled.jpg?resize=525%2C300&ssl=1 1.5x, https:\/\/i0.wp.com\/tomajazz.com\/web\/wp-content\/uploads\/2021\/07\/PUR3017-scaled.jpg?resize=700%2C400&ssl=1 2x, https:\/\/i0.wp.com\/tomajazz.com\/web\/wp-content\/uploads\/2021\/07\/PUR3017-scaled.jpg?resize=1050%2C600&ssl=1 3x, https:\/\/i0.wp.com\/tomajazz.com\/web\/wp-content\/uploads\/2021\/07\/PUR3017-scaled.jpg?resize=1400%2C800&ssl=1 4x"},"classes":[]},{"id":55309,"url":"https:\/\/tomajazz.com\/web\/michelangelo-scandroglio-quintet-ganador-del-concurso-de-grupos-de-getxo-jazz-2021-noticias-de-jazz\/","url_meta":{"origin":55372,"position":2},"title":"Michelangelo Scandroglio Quintet ganador del Concurso de Grupos de Getxo Jazz 2021 [Noticias de jazz]","author":"Tomajazz","date":"4 julio, 2021","format":false,"excerpt":"Michelangelo Scandroglio Quintet es la formaci\u00f3n ganadora del Concurso de Grupos del Festival Getxo Jazz 2021. La segunda posici\u00f3n de la competici\u00f3n fue para V\u00edctor Jim\u00e9nez & Friends. El m\u00fasico ganador del premio a mejor instrumentista fue el baterista Andreu Pitarch (Victor Jim\u00e9nez & Friends). Los grupos participantes fueron, adem\u00e1s\u2026","rel":"","context":"En \u00abNoticias\u00bb","block_context":{"text":"Noticias","link":"https:\/\/tomajazz.com\/web\/category\/contenidos\/noticias-2\/"},"img":{"alt_text":"","src":"https:\/\/i0.wp.com\/tomajazz.com\/web\/wp-content\/uploads\/2021\/07\/PUR6125-scaled.jpg?resize=350%2C200&ssl=1","width":350,"height":200,"srcset":"https:\/\/i0.wp.com\/tomajazz.com\/web\/wp-content\/uploads\/2021\/07\/PUR6125-scaled.jpg?resize=350%2C200&ssl=1 1x, https:\/\/i0.wp.com\/tomajazz.com\/web\/wp-content\/uploads\/2021\/07\/PUR6125-scaled.jpg?resize=525%2C300&ssl=1 1.5x, https:\/\/i0.wp.com\/tomajazz.com\/web\/wp-content\/uploads\/2021\/07\/PUR6125-scaled.jpg?resize=700%2C400&ssl=1 2x, https:\/\/i0.wp.com\/tomajazz.com\/web\/wp-content\/uploads\/2021\/07\/PUR6125-scaled.jpg?resize=1050%2C600&ssl=1 3x, https:\/\/i0.wp.com\/tomajazz.com\/web\/wp-content\/uploads\/2021\/07\/PUR6125-scaled.jpg?resize=1400%2C800&ssl=1 4x"},"classes":[]},{"id":55344,"url":"https:\/\/tomajazz.com\/web\/michelangelo-scandroglio-quintet-44o-festival-getxo-jazz-2021-07-04-concierto-de-jazz-por-juan-f-trillo\/","url_meta":{"origin":55372,"position":3},"title":"Michelangelo Scandroglio Quintet (44\u00ba Festival Getxo Jazz. 2021-07-04) [Concierto de jazz] Por Juan F. Trillo","author":"Tomajazz","date":"6 julio, 2021","format":false,"excerpt":"Juan F. Trillo repasa el paso por el 44\u00ba Festival Getxo Jazz de Michelangelo Scandroglio Quintet, grupo ganador del Concurso Internacional de Grupos 2021.","rel":"","context":"En \u00abTextos\u00bb","block_context":{"text":"Textos","link":"https:\/\/tomajazz.com\/web\/category\/contenidos\/textos\/"},"img":{"alt_text":"","src":"https:\/\/i0.wp.com\/tomajazz.com\/web\/wp-content\/uploads\/2021\/07\/PUR6062-scaled.jpg?resize=350%2C200&ssl=1","width":350,"height":200,"srcset":"https:\/\/i0.wp.com\/tomajazz.com\/web\/wp-content\/uploads\/2021\/07\/PUR6062-scaled.jpg?resize=350%2C200&ssl=1 1x, https:\/\/i0.wp.com\/tomajazz.com\/web\/wp-content\/uploads\/2021\/07\/PUR6062-scaled.jpg?resize=525%2C300&ssl=1 1.5x, https:\/\/i0.wp.com\/tomajazz.com\/web\/wp-content\/uploads\/2021\/07\/PUR6062-scaled.jpg?resize=700%2C400&ssl=1 2x, https:\/\/i0.wp.com\/tomajazz.com\/web\/wp-content\/uploads\/2021\/07\/PUR6062-scaled.jpg?resize=1050%2C600&ssl=1 3x, https:\/\/i0.wp.com\/tomajazz.com\/web\/wp-content\/uploads\/2021\/07\/PUR6062-scaled.jpg?resize=1400%2C800&ssl=1 4x"},"classes":[]},{"id":55314,"url":"https:\/\/tomajazz.com\/web\/the-cuban-jazz-syndicate-44o-festival-getxo-jazz-2021-07-01-concierto-de-jazz-por-juan-f-trillo\/","url_meta":{"origin":55372,"position":4},"title":"The Cuban Jazz Syndicate (44\u00ba Festival Getxo Jazz. 2021-07-01) [Concierto de jazz] Por Juan F. Trillo","author":"Tomajazz","date":"4 julio, 2021","format":false,"excerpt":"Juan F. Trillo repasa la actuaci\u00f3n de The Cuban Jazz Syndicate en el 44\u00ba Festival Getxo Jazz.","rel":"","context":"En \u00abTextos\u00bb","block_context":{"text":"Textos","link":"https:\/\/tomajazz.com\/web\/category\/contenidos\/textos\/"},"img":{"alt_text":"","src":"https:\/\/i0.wp.com\/tomajazz.com\/web\/wp-content\/uploads\/2021\/07\/PUR3911-1-scaled.jpg?resize=350%2C200&ssl=1","width":350,"height":200,"srcset":"https:\/\/i0.wp.com\/tomajazz.com\/web\/wp-content\/uploads\/2021\/07\/PUR3911-1-scaled.jpg?resize=350%2C200&ssl=1 1x, https:\/\/i0.wp.com\/tomajazz.com\/web\/wp-content\/uploads\/2021\/07\/PUR3911-1-scaled.jpg?resize=525%2C300&ssl=1 1.5x, https:\/\/i0.wp.com\/tomajazz.com\/web\/wp-content\/uploads\/2021\/07\/PUR3911-1-scaled.jpg?resize=700%2C400&ssl=1 2x, https:\/\/i0.wp.com\/tomajazz.com\/web\/wp-content\/uploads\/2021\/07\/PUR3911-1-scaled.jpg?resize=1050%2C600&ssl=1 3x, https:\/\/i0.wp.com\/tomajazz.com\/web\/wp-content\/uploads\/2021\/07\/PUR3911-1-scaled.jpg?resize=1400%2C800&ssl=1 4x"},"classes":[]},{"id":55321,"url":"https:\/\/tomajazz.com\/web\/emma-nagy-quintet-tiempo-para-madurar-44o-festival-getxo-jazz-2021-07-02-concierto-de-jazz-por-juan-f-trillo\/","url_meta":{"origin":55372,"position":5},"title":"Emma Nagy Quintet. Tiempo para madurar (44\u00ba Festival Getxo Jazz. 2021-07-02) [Concierto de jazz] Por Juan F. Trillo","author":"Tomajazz","date":"5 julio, 2021","format":false,"excerpt":"Emma Nagy Quintet. Tiempo para madurar. Juan F. Trillo repasa la actuaci\u00f3n del grupo h\u00fangaro en el Concurso de Grupos del Festival de Jazz de Getxo 2021. Pedro Urresti Barandiar\u00e1n es el autor de las fotograf\u00edas.","rel":"","context":"En \u00ab*_Juan F. Trillo\u00bb","block_context":{"text":"*_Juan F. Trillo","link":"https:\/\/tomajazz.com\/web\/category\/_juan-f-trillo\/"},"img":{"alt_text":"","src":"https:\/\/i0.wp.com\/tomajazz.com\/web\/wp-content\/uploads\/2021\/07\/PUR4229-scaled.jpg?resize=350%2C200&ssl=1","width":350,"height":200,"srcset":"https:\/\/i0.wp.com\/tomajazz.com\/web\/wp-content\/uploads\/2021\/07\/PUR4229-scaled.jpg?resize=350%2C200&ssl=1 1x, https:\/\/i0.wp.com\/tomajazz.com\/web\/wp-content\/uploads\/2021\/07\/PUR4229-scaled.jpg?resize=525%2C300&ssl=1 1.5x, https:\/\/i0.wp.com\/tomajazz.com\/web\/wp-content\/uploads\/2021\/07\/PUR4229-scaled.jpg?resize=700%2C400&ssl=1 2x, https:\/\/i0.wp.com\/tomajazz.com\/web\/wp-content\/uploads\/2021\/07\/PUR4229-scaled.jpg?resize=1050%2C600&ssl=1 3x, https:\/\/i0.wp.com\/tomajazz.com\/web\/wp-content\/uploads\/2021\/07\/PUR4229-scaled.jpg?resize=1400%2C800&ssl=1 4x"},"classes":[]}],"_links":{"self":[{"href":"https:\/\/tomajazz.com\/web\/wp-json\/wp\/v2\/posts\/55372","targetHints":{"allow":["GET"]}}],"collection":[{"href":"https:\/\/tomajazz.com\/web\/wp-json\/wp\/v2\/posts"}],"about":[{"href":"https:\/\/tomajazz.com\/web\/wp-json\/wp\/v2\/types\/post"}],"author":[{"embeddable":true,"href":"https:\/\/tomajazz.com\/web\/wp-json\/wp\/v2\/users\/1"}],"replies":[{"embeddable":true,"href":"https:\/\/tomajazz.com\/web\/wp-json\/wp\/v2\/comments?post=55372"}],"version-history":[{"count":8,"href":"https:\/\/tomajazz.com\/web\/wp-json\/wp\/v2\/posts\/55372\/revisions"}],"predecessor-version":[{"id":59008,"href":"https:\/\/tomajazz.com\/web\/wp-json\/wp\/v2\/posts\/55372\/revisions\/59008"}],"wp:featuredmedia":[{"embeddable":true,"href":"https:\/\/tomajazz.com\/web\/wp-json\/wp\/v2\/media\/55387"}],"wp:attachment":[{"href":"https:\/\/tomajazz.com\/web\/wp-json\/wp\/v2\/media?parent=55372"}],"wp:term":[{"taxonomy":"category","embeddable":true,"href":"https:\/\/tomajazz.com\/web\/wp-json\/wp\/v2\/categories?post=55372"},{"taxonomy":"post_tag","embeddable":true,"href":"https:\/\/tomajazz.com\/web\/wp-json\/wp\/v2\/tags?post=55372"}],"curies":[{"name":"wp","href":"https:\/\/api.w.org\/{rel}","templated":true}]}}