{"id":55484,"date":"2021-07-13T12:00:53","date_gmt":"2021-07-13T10:00:53","guid":{"rendered":"https:\/\/www.tomajazz.com\/web\/?p=55484"},"modified":"2021-07-13T07:55:19","modified_gmt":"2021-07-13T05:55:19","slug":"instantzz-celeste-alias-albert-cirera-gloria-ros-festa-de-la-dansa-i-la-musica-per-a-saludar-lestiu-cuina-cultura-ateneu-la-base-barcelona-2021-06-04-galeria-fotografica-aka-foto","status":"publish","type":"post","link":"https:\/\/tomajazz.com\/web\/instantzz-celeste-alias-albert-cirera-gloria-ros-festa-de-la-dansa-i-la-musica-per-a-saludar-lestiu-cuina-cultura-ateneu-la-base-barcelona-2021-06-04-galeria-fotografica-aka-foto\/","title":{"rendered":"INSTANTZZ: Celeste Al\u00edas, Albert Cirera &#038; Gl\u00f2ria Ros (Festa de la dansa i la m\u00fasica per a saludar l\u2019estiu \/ Cuina Cultura, Ateneu La Base, Barcelona.  2021-06-04) [Galer\u00eda fotogr\u00e1fica AKA Fotoblog de jazz, impro\u2026 y algo m\u00e1s] Por Joan Cort\u00e8s"},"content":{"rendered":"<ul>\n<li>Fecha: Viernes, 04 de junio de 2021<\/li>\n<li>Lugar: Ateneu La Base (Barcelona)<\/li>\n<li>Grupo:<br \/>\n<strong>Celeste Al\u00edas, Albert Cirera &amp; Gl\u00f2ria Ros<br \/>\n<\/strong>Celeste Al\u00edas, voz<br \/>\nAlbert Cirera, saxo tenor, saxo soprano y objetos<br \/>\nGl\u00f2ria Ros, danza<\/li>\n<\/ul>\n<p style=\"text-align: center;\"><img loading=\"lazy\" decoding=\"async\" class=\"aligncenter size-full wp-image-55485\" src=\"https:\/\/tomajazz.com\/web\/wp-content\/uploads\/2021\/07\/01_Crr-ls-Rs-Joan-Cortes_04jn21_L-Bs-Cn-Cltr_Bcn.jpg\" alt=\"\" width=\"600\" height=\"400\" title=\"\" srcset=\"https:\/\/tomajazz.com\/web\/wp-content\/uploads\/2021\/07\/01_Crr-ls-Rs-Joan-Cortes_04jn21_L-Bs-Cn-Cltr_Bcn.jpg 600w, https:\/\/tomajazz.com\/web\/wp-content\/uploads\/2021\/07\/01_Crr-ls-Rs-Joan-Cortes_04jn21_L-Bs-Cn-Cltr_Bcn-200x133.jpg 200w, https:\/\/tomajazz.com\/web\/wp-content\/uploads\/2021\/07\/01_Crr-ls-Rs-Joan-Cortes_04jn21_L-Bs-Cn-Cltr_Bcn-60x40.jpg 60w, https:\/\/tomajazz.com\/web\/wp-content\/uploads\/2021\/07\/01_Crr-ls-Rs-Joan-Cortes_04jn21_L-Bs-Cn-Cltr_Bcn-120x80.jpg 120w\" sizes=\"auto, (max-width: 600px) 100vw, 600px\" \/> <img loading=\"lazy\" decoding=\"async\" class=\"aligncenter size-large wp-image-55486\" src=\"https:\/\/tomajazz.com\/web\/wp-content\/uploads\/2021\/07\/02_Crr-ls-Rs-Joan-Cortes_04jn21_L-Bs-Cn-Cltr_Bcn.jpg\" alt=\"\" width=\"400\" height=\"600\" title=\"\" srcset=\"https:\/\/tomajazz.com\/web\/wp-content\/uploads\/2021\/07\/02_Crr-ls-Rs-Joan-Cortes_04jn21_L-Bs-Cn-Cltr_Bcn.jpg 400w, https:\/\/tomajazz.com\/web\/wp-content\/uploads\/2021\/07\/02_Crr-ls-Rs-Joan-Cortes_04jn21_L-Bs-Cn-Cltr_Bcn-200x300.jpg 200w\" sizes=\"auto, (max-width: 400px) 100vw, 400px\" \/> <img loading=\"lazy\" decoding=\"async\" class=\"aligncenter size-large wp-image-55487\" src=\"https:\/\/tomajazz.com\/web\/wp-content\/uploads\/2021\/07\/03_Crr-ls-Rs-Joan-Cortes_04jn21_L-Bs-Cn-Cltr_Bcn.jpg\" alt=\"\" width=\"600\" height=\"400\" title=\"\" srcset=\"https:\/\/tomajazz.com\/web\/wp-content\/uploads\/2021\/07\/03_Crr-ls-Rs-Joan-Cortes_04jn21_L-Bs-Cn-Cltr_Bcn.jpg 600w, https:\/\/tomajazz.com\/web\/wp-content\/uploads\/2021\/07\/03_Crr-ls-Rs-Joan-Cortes_04jn21_L-Bs-Cn-Cltr_Bcn-200x133.jpg 200w, https:\/\/tomajazz.com\/web\/wp-content\/uploads\/2021\/07\/03_Crr-ls-Rs-Joan-Cortes_04jn21_L-Bs-Cn-Cltr_Bcn-60x40.jpg 60w, https:\/\/tomajazz.com\/web\/wp-content\/uploads\/2021\/07\/03_Crr-ls-Rs-Joan-Cortes_04jn21_L-Bs-Cn-Cltr_Bcn-120x80.jpg 120w\" sizes=\"auto, (max-width: 600px) 100vw, 600px\" \/> <img loading=\"lazy\" decoding=\"async\" class=\"aligncenter size-large wp-image-55488\" src=\"https:\/\/tomajazz.com\/web\/wp-content\/uploads\/2021\/07\/04_Crr-ls-Rs-Joan-Cortes_04jn21_L-Bs-Cn-Cltr_Bcn.jpg\" alt=\"\" width=\"400\" height=\"600\" title=\"\" srcset=\"https:\/\/tomajazz.com\/web\/wp-content\/uploads\/2021\/07\/04_Crr-ls-Rs-Joan-Cortes_04jn21_L-Bs-Cn-Cltr_Bcn.jpg 400w, https:\/\/tomajazz.com\/web\/wp-content\/uploads\/2021\/07\/04_Crr-ls-Rs-Joan-Cortes_04jn21_L-Bs-Cn-Cltr_Bcn-200x300.jpg 200w\" sizes=\"auto, (max-width: 400px) 100vw, 400px\" \/> <img loading=\"lazy\" decoding=\"async\" class=\"aligncenter size-large wp-image-55489\" src=\"https:\/\/tomajazz.com\/web\/wp-content\/uploads\/2021\/07\/05_Crr-ls-Rs-Joan-Cortes_04jn21_L-Bs-Cn-Cltr_Bcn.jpg\" alt=\"\" width=\"400\" height=\"600\" title=\"\" srcset=\"https:\/\/tomajazz.com\/web\/wp-content\/uploads\/2021\/07\/05_Crr-ls-Rs-Joan-Cortes_04jn21_L-Bs-Cn-Cltr_Bcn.jpg 400w, https:\/\/tomajazz.com\/web\/wp-content\/uploads\/2021\/07\/05_Crr-ls-Rs-Joan-Cortes_04jn21_L-Bs-Cn-Cltr_Bcn-200x300.jpg 200w\" sizes=\"auto, (max-width: 400px) 100vw, 400px\" \/> <img loading=\"lazy\" decoding=\"async\" class=\"aligncenter size-large wp-image-55490\" src=\"https:\/\/tomajazz.com\/web\/wp-content\/uploads\/2021\/07\/06_Crr-ls-Rs-Joan-Cortes_04jn21_L-Bs-Cn-Cltr_Bcn.jpg\" alt=\"\" width=\"600\" height=\"400\" title=\"\" srcset=\"https:\/\/tomajazz.com\/web\/wp-content\/uploads\/2021\/07\/06_Crr-ls-Rs-Joan-Cortes_04jn21_L-Bs-Cn-Cltr_Bcn.jpg 600w, https:\/\/tomajazz.com\/web\/wp-content\/uploads\/2021\/07\/06_Crr-ls-Rs-Joan-Cortes_04jn21_L-Bs-Cn-Cltr_Bcn-200x133.jpg 200w, https:\/\/tomajazz.com\/web\/wp-content\/uploads\/2021\/07\/06_Crr-ls-Rs-Joan-Cortes_04jn21_L-Bs-Cn-Cltr_Bcn-60x40.jpg 60w, https:\/\/tomajazz.com\/web\/wp-content\/uploads\/2021\/07\/06_Crr-ls-Rs-Joan-Cortes_04jn21_L-Bs-Cn-Cltr_Bcn-120x80.jpg 120w\" sizes=\"auto, (max-width: 600px) 100vw, 600px\" \/> <img loading=\"lazy\" decoding=\"async\" class=\"aligncenter size-large wp-image-55491\" src=\"https:\/\/tomajazz.com\/web\/wp-content\/uploads\/2021\/07\/07_Crr-ls-Rs-Joan-Cortes_04jn21_L-Bs-Cn-Cltr_Bcn.jpg\" alt=\"\" width=\"400\" height=\"600\" title=\"\" srcset=\"https:\/\/tomajazz.com\/web\/wp-content\/uploads\/2021\/07\/07_Crr-ls-Rs-Joan-Cortes_04jn21_L-Bs-Cn-Cltr_Bcn.jpg 400w, https:\/\/tomajazz.com\/web\/wp-content\/uploads\/2021\/07\/07_Crr-ls-Rs-Joan-Cortes_04jn21_L-Bs-Cn-Cltr_Bcn-200x300.jpg 200w\" sizes=\"auto, (max-width: 400px) 100vw, 400px\" \/> <img loading=\"lazy\" decoding=\"async\" class=\"aligncenter size-large wp-image-55492\" src=\"https:\/\/tomajazz.com\/web\/wp-content\/uploads\/2021\/07\/08_Crr-ls-Rs-Joan-Cortes_04jn21_L-Bs-Cn-Cltr_Bcn.jpg\" alt=\"\" width=\"400\" height=\"600\" title=\"\" srcset=\"https:\/\/tomajazz.com\/web\/wp-content\/uploads\/2021\/07\/08_Crr-ls-Rs-Joan-Cortes_04jn21_L-Bs-Cn-Cltr_Bcn.jpg 400w, https:\/\/tomajazz.com\/web\/wp-content\/uploads\/2021\/07\/08_Crr-ls-Rs-Joan-Cortes_04jn21_L-Bs-Cn-Cltr_Bcn-200x300.jpg 200w\" sizes=\"auto, (max-width: 400px) 100vw, 400px\" \/> <img loading=\"lazy\" decoding=\"async\" class=\"aligncenter size-large wp-image-55493\" src=\"https:\/\/tomajazz.com\/web\/wp-content\/uploads\/2021\/07\/009_Crr-ls-Rs-Joan-Cortes_04jn21_L-Bs-Cn-Cltr_Bcn.jpg\" alt=\"\" width=\"400\" height=\"600\" title=\"\" srcset=\"https:\/\/tomajazz.com\/web\/wp-content\/uploads\/2021\/07\/009_Crr-ls-Rs-Joan-Cortes_04jn21_L-Bs-Cn-Cltr_Bcn.jpg 400w, https:\/\/tomajazz.com\/web\/wp-content\/uploads\/2021\/07\/009_Crr-ls-Rs-Joan-Cortes_04jn21_L-Bs-Cn-Cltr_Bcn-200x300.jpg 200w\" sizes=\"auto, (max-width: 400px) 100vw, 400px\" \/> <img loading=\"lazy\" decoding=\"async\" class=\"aligncenter size-large wp-image-55494\" src=\"https:\/\/tomajazz.com\/web\/wp-content\/uploads\/2021\/07\/09_Crr-ls-Rs-Joan-Cortes_04jn21_L-Bs-Cn-Cltr_Bcn.jpg\" alt=\"\" width=\"400\" height=\"600\" title=\"\" srcset=\"https:\/\/tomajazz.com\/web\/wp-content\/uploads\/2021\/07\/09_Crr-ls-Rs-Joan-Cortes_04jn21_L-Bs-Cn-Cltr_Bcn.jpg 400w, https:\/\/tomajazz.com\/web\/wp-content\/uploads\/2021\/07\/09_Crr-ls-Rs-Joan-Cortes_04jn21_L-Bs-Cn-Cltr_Bcn-200x300.jpg 200w\" sizes=\"auto, (max-width: 400px) 100vw, 400px\" \/> <img loading=\"lazy\" decoding=\"async\" class=\"aligncenter size-large wp-image-55495\" src=\"https:\/\/tomajazz.com\/web\/wp-content\/uploads\/2021\/07\/11_Crr-ls-Rs-Joan-Cortes_04jn21_L-Bs-Cn-Cltr_Bcn.jpg\" alt=\"\" width=\"600\" height=\"400\" title=\"\" srcset=\"https:\/\/tomajazz.com\/web\/wp-content\/uploads\/2021\/07\/11_Crr-ls-Rs-Joan-Cortes_04jn21_L-Bs-Cn-Cltr_Bcn.jpg 600w, https:\/\/tomajazz.com\/web\/wp-content\/uploads\/2021\/07\/11_Crr-ls-Rs-Joan-Cortes_04jn21_L-Bs-Cn-Cltr_Bcn-200x133.jpg 200w, https:\/\/tomajazz.com\/web\/wp-content\/uploads\/2021\/07\/11_Crr-ls-Rs-Joan-Cortes_04jn21_L-Bs-Cn-Cltr_Bcn-60x40.jpg 60w, https:\/\/tomajazz.com\/web\/wp-content\/uploads\/2021\/07\/11_Crr-ls-Rs-Joan-Cortes_04jn21_L-Bs-Cn-Cltr_Bcn-120x80.jpg 120w\" sizes=\"auto, (max-width: 600px) 100vw, 600px\" \/> <img loading=\"lazy\" decoding=\"async\" class=\"aligncenter size-large wp-image-55496\" src=\"https:\/\/tomajazz.com\/web\/wp-content\/uploads\/2021\/07\/12_Crr-ls-Rs-Joan-Cortes_04jn21_L-Bs-Cn-Cltr_Bcn.jpg\" alt=\"\" width=\"400\" height=\"600\" title=\"\" srcset=\"https:\/\/tomajazz.com\/web\/wp-content\/uploads\/2021\/07\/12_Crr-ls-Rs-Joan-Cortes_04jn21_L-Bs-Cn-Cltr_Bcn.jpg 400w, https:\/\/tomajazz.com\/web\/wp-content\/uploads\/2021\/07\/12_Crr-ls-Rs-Joan-Cortes_04jn21_L-Bs-Cn-Cltr_Bcn-200x300.jpg 200w\" sizes=\"auto, (max-width: 400px) 100vw, 400px\" \/><\/p>\n<p style=\"text-align: right;\">Tomajazz: \u00a9\u00a0<strong>Joan Cort\u00e8s<\/strong>, 2021<\/p>\n","protected":false},"excerpt":{"rendered":"<p>En INSTANTZZ una galer\u00eda fotogr\u00e1fica de Joan Cort\u00e8s con la actuaci\u00f3n de Celeste Al\u00edas, Albert Cirera &#038; Gl\u00f2ria Ros.<span class=\"more-link\"><a href=\"https:\/\/tomajazz.com\/web\/instantzz-celeste-alias-albert-cirera-gloria-ros-festa-de-la-dansa-i-la-musica-per-a-saludar-lestiu-cuina-cultura-ateneu-la-base-barcelona-2021-06-04-galeria-fotografica-aka-foto\/\">Contin\u00faa leyendo<\/a><\/span><\/p>\n","protected":false},"author":1,"featured_media":55487,"comment_status":"open","ping_status":"closed","sticky":false,"template":"","format":"standard","meta":{"jetpack_post_was_ever_published":false,"_jetpack_newsletter_access":"","_jetpack_dont_email_post_to_subs":false,"_jetpack_newsletter_tier_id":0,"_jetpack_memberships_contains_paywalled_content":false,"_jetpack_memberships_contains_paid_content":false,"footnotes":""},"categories":[15516,17853,11262,11261,1038],"tags":[109,4754,25461,25462,11263,1041],"class_list":["entry","author-pachi","has-excerpt","post-55484","post","type-post","status-publish","format-standard","has-post-thumbnail","category-imagenes","category-joan-cortes","category-photoblogs","category-instantzz","category-contenidos","tag-albert-cirera","tag-celeste-alias","tag-celeste-alias-albert-cirera-gloria-ros","tag-gloria-ros","tag-instantzz-2","tag-joan-cortes"],"jetpack_featured_media_url":"https:\/\/tomajazz.com\/web\/wp-content\/uploads\/2021\/07\/03_Crr-ls-Rs-Joan-Cortes_04jn21_L-Bs-Cn-Cltr_Bcn.jpg","jetpack_likes_enabled":true,"jetpack_sharing_enabled":true,"jetpack-related-posts":[{"id":104019,"url":"https:\/\/tomajazz.com\/web\/albert-cirera-tres-tambors-strogoff-2026\/","url_meta":{"origin":55484,"position":0},"title":"Albert Cirera &#038; Tres Tambors \u201cOrangina\u201d (Sangarra de Nadal \/ Llibreria Strogoff, 2025-12-20 \/ La Garriga -Barcelona-) Por Joan Cort\u00e8s [INSTANTZZ AKA Galer\u00eda fotogr\u00e1fica AKA Fotoblog de jazz, impro\u2026 y algo m\u00e1s]","author":"Tomajazz","date":"14 febrero, 2026","format":false,"excerpt":"Albert Cirera & Tres Tambors \u201cOrangina\u201d actuaron en Llibreria Strogoff de La Garriga, Barcelona, el 20 de diciembre de 2025. Joan Cort\u00e8s lo retrata en INSTANTZZ. Actuaron Albert Cirera, Roger Mas, Marko Lohikari, \u00d2scar Dom\u00e8nech","rel":"","context":"En \u00abINSTANTZZ\u00bb","block_context":{"text":"INSTANTZZ","link":"https:\/\/tomajazz.com\/web\/category\/contenidos\/imagenes\/photoblogs\/instantzz\/"},"img":{"alt_text":"Albert Cirera & Tres Tambors \u201cOrangina\u201d (Sangarra de Nadal \/ Llibreria Strogoff, 2025-12-20 \/ La Garriga -Barcelona-) Por Joan Cort\u00e8s [INSTANTZZ AKA Galer\u00eda fotogr\u00e1fica AKA Fotoblog de jazz, impro\u2026 y algo m\u00e1s] - Tomajazz - Albert Cirera & Tres Tambors \u201cOrangina\u201d actuaron en Llibreria Strogoff de La Garriga, Barcelona, el 20 de diciembre de 2025. Joan Cort\u00e8s lo retrata en INSTANTZZ. Actuaron Albert Cirera, Roger Mas, Marko Lohikari, \u00d2scar Dom\u00e8nech\n","src":"https:\/\/i0.wp.com\/tomajazz.com\/web\/wp-content\/uploads\/2026\/02\/destacada-05-lbrt-Crr-trs-tmbrs-Photo-By-Joan-Cortes-20dsm25-SdN-Strgff-Recuperado.jpg?resize=350%2C200&ssl=1","width":350,"height":200,"srcset":"https:\/\/i0.wp.com\/tomajazz.com\/web\/wp-content\/uploads\/2026\/02\/destacada-05-lbrt-Crr-trs-tmbrs-Photo-By-Joan-Cortes-20dsm25-SdN-Strgff-Recuperado.jpg?resize=350%2C200&ssl=1 1x, https:\/\/i0.wp.com\/tomajazz.com\/web\/wp-content\/uploads\/2026\/02\/destacada-05-lbrt-Crr-trs-tmbrs-Photo-By-Joan-Cortes-20dsm25-SdN-Strgff-Recuperado.jpg?resize=525%2C300&ssl=1 1.5x"},"classes":[]},{"id":71720,"url":"https:\/\/tomajazz.com\/web\/macro-jam-session-impro-u-dos-tres-quatre\/","url_meta":{"origin":55484,"position":1},"title":"Macro Jam Session \u201cPer celebrar l\u2019any nou\u201d (Platx\u00e8ries Musicals, Ateneu La Base, 2023-01-10. Barcelona) [I] Por Joan Cort\u00e8s [INSTANTZZ AKA Galer\u00eda fotogr\u00e1fica AKA Fotoblog de jazz, impro\u2026 y algo m\u00e1s]","author":"Tomajazz","date":"4 marzo, 2023","format":false,"excerpt":"A inicios del a\u00f1o 2023 tuvo lugar una Macro Jam Session \u201cPer celebrar l\u2019any nou\u201d en Barcelona, en Platx\u00e8ries Musicals de Ateneu La Base. Joan Cort\u00e8s retrata Impro_U, Impro_DOS, Impro_TRES, Impro_QUATRE en Tomajazz.","rel":"","context":"En \u00abINSTANTZZ\u00bb","block_context":{"text":"INSTANTZZ","link":"https:\/\/tomajazz.com\/web\/category\/contenidos\/imagenes\/photoblogs\/instantzz\/"},"img":{"alt_text":"Macro Jam Session \u201cPer celebrar l\u2019any nou\u201d (Platx\u00e8ries Musicals, Ateneu La Base, 2023-01-10. Barcelona) [I] Por Joan Cort\u00e8s [INSTANTZZ AKA Galer\u00eda fotogr\u00e1fica AKA Fotoblog de jazz, impro\u2026 y algo m\u00e1s]","src":"https:\/\/i0.wp.com\/tomajazz.com\/web\/wp-content\/uploads\/2023\/03\/08_McrJmSssn-Joan-Cortes_10gnr23_LBs_Bcn.jpg?resize=350%2C200&ssl=1","width":350,"height":200,"srcset":"https:\/\/i0.wp.com\/tomajazz.com\/web\/wp-content\/uploads\/2023\/03\/08_McrJmSssn-Joan-Cortes_10gnr23_LBs_Bcn.jpg?resize=350%2C200&ssl=1 1x, https:\/\/i0.wp.com\/tomajazz.com\/web\/wp-content\/uploads\/2023\/03\/08_McrJmSssn-Joan-Cortes_10gnr23_LBs_Bcn.jpg?resize=525%2C300&ssl=1 1.5x"},"classes":[]},{"id":71915,"url":"https:\/\/tomajazz.com\/web\/macro-jam-session-impro-deu-onze-dotze-tretze\/","url_meta":{"origin":55484,"position":2},"title":"Macro Jam Session \u201cPer celebrar l\u2019any nou\u201d (Platx\u00e8ries Musicals, Ateneu La Base, 2023-01-10. Barcelona) [III] Por Joan Cort\u00e8s [INSTANTZZ AKA Galer\u00eda fotogr\u00e1fica AKA Fotoblog de jazz, impro\u2026 y algo m\u00e1s]","author":"Tomajazz","date":"9 marzo, 2023","format":false,"excerpt":"A inicios del a\u00f1o 2023 tuvo lugar una Macro Jam Session \u201cPer celebrar l\u2019any nou\u201d en Barcelona, en Platx\u00e8ries Musicals de Ateneu La Base. Joan Cort\u00e8s retrata Impro_DEU \/ Impro_ONZE \/\u00a0Impro_DOTZE \/ Impro_TRETZE en Tomajazz.","rel":"","context":"En \u00abINSTANTZZ\u00bb","block_context":{"text":"INSTANTZZ","link":"https:\/\/tomajazz.com\/web\/category\/contenidos\/imagenes\/photoblogs\/instantzz\/"},"img":{"alt_text":"Macro Jam Session \u201cPer celebrar l\u2019any nou\u201d (Platx\u00e8ries Musicals, Ateneu La Base, 2023-01-10. Barcelona) [III] Por Joan Cort\u00e8s [INSTANTZZ AKA Galer\u00eda fotogr\u00e1fica AKA Fotoblog de jazz, impro\u2026 y algo m\u00e1s]","src":"https:\/\/i0.wp.com\/tomajazz.com\/web\/wp-content\/uploads\/2023\/03\/11_McrJmSssn-%C2%A9Joan-Cortes_10gnr23_LBs_Bcn_03.jpg?resize=350%2C200&ssl=1","width":350,"height":200,"srcset":"https:\/\/i0.wp.com\/tomajazz.com\/web\/wp-content\/uploads\/2023\/03\/11_McrJmSssn-%C2%A9Joan-Cortes_10gnr23_LBs_Bcn_03.jpg?resize=350%2C200&ssl=1 1x, https:\/\/i0.wp.com\/tomajazz.com\/web\/wp-content\/uploads\/2023\/03\/11_McrJmSssn-%C2%A9Joan-Cortes_10gnr23_LBs_Bcn_03.jpg?resize=525%2C300&ssl=1 1.5x"},"classes":[]},{"id":104766,"url":"https:\/\/tomajazz.com\/web\/invierno-femenino-2025-26-i\/","url_meta":{"origin":55484,"position":3},"title":"Invierno Femenino 2025-26 [I] Por Joan Cort\u00e8s [INSTANTZZ AKA Galer\u00eda fotogr\u00e1fica AKA Fotoblog de jazz, impro\u2026 y algo m\u00e1s]","author":"Tomajazz","date":"7 abril, 2026","format":false,"excerpt":"Un cl\u00e1sico de Joan Cort\u00e9s en Tomajazz son sus especiales Invierno Femenino, de 2025-26 en esta ocasi\u00f3n. Con Mayte Mart\u00edn, Jordina Mill\u00e0, Maria del Mar Bonet, Laia Puig, Agn\u00e8s Balfeg\u00f3-Celeste Al\u00edas-Neus Calaf, Veus Lliures, N\u00faria Andorr\u00e0, Natsuko Sugao, Ester Quevedo, Anna Ferrer, Luc\u00eda la Bronce","rel":"","context":"En \u00abInvierno Femenino 2025-26\u00bb","block_context":{"text":"Invierno Femenino 2025-26","link":"https:\/\/tomajazz.com\/web\/category\/contenidos\/especial-contenidos\/invierno-femenino-2025-26\/"},"img":{"alt_text":"INSTANTZZ: Invierno Femenino 2025-26 (I) Por Joan Cort\u00e8s [INSTANTZZ AKA Galer\u00eda fotogr\u00e1fica AKA Fotoblog de jazz, impro\u2026 y algo m\u00e1s] - Tomajazz - Un cl\u00e1sico de Joan Cort\u00e9s en Tomajazz son sus especiales Invierno Femenino, de 2025-26 en esta ocasi\u00f3n. Con Mayte Mart\u00edn, Jordina Mill\u00e0, Maria del Mar Bonet, Laia Puig, Agn\u00e8s Balfeg\u00f3-Celeste Al\u00edas-Neus Calaf, Veus Lliures, N\u00faria Andorr\u00e0, Natsuko Sugao, Ester Quevedo, Anna Ferrer, Luc\u00eda la Bronce","src":"https:\/\/i0.wp.com\/tomajazz.com\/web\/wp-content\/uploads\/2026\/04\/destacada-08-Ntsk-Sg-NS-BB-Photo-By-Joan-Cortes-24gnr26-Jmbr-3-Bcn.jpg?resize=350%2C200&ssl=1","width":350,"height":200,"srcset":"https:\/\/i0.wp.com\/tomajazz.com\/web\/wp-content\/uploads\/2026\/04\/destacada-08-Ntsk-Sg-NS-BB-Photo-By-Joan-Cortes-24gnr26-Jmbr-3-Bcn.jpg?resize=350%2C200&ssl=1 1x, https:\/\/i0.wp.com\/tomajazz.com\/web\/wp-content\/uploads\/2026\/04\/destacada-08-Ntsk-Sg-NS-BB-Photo-By-Joan-Cortes-24gnr26-Jmbr-3-Bcn.jpg?resize=525%2C300&ssl=1 1.5x"},"classes":[]},{"id":71820,"url":"https:\/\/tomajazz.com\/web\/macro-jam-session-impro-cinc-sis-set-vuit-nou\/","url_meta":{"origin":55484,"position":4},"title":"Macro Jam Session \u201cPer celebrar l\u2019any nou\u201d (Platx\u00e8ries Musicals, Ateneu La Base, 2023-01-10. Barcelona) [II] Por Joan Cort\u00e8s [INSTANTZZ AKA Galer\u00eda fotogr\u00e1fica AKA Fotoblog de jazz, impro\u2026 y algo m\u00e1s]","author":"Tomajazz","date":"7 marzo, 2023","format":false,"excerpt":"A inicios del a\u00f1o 2023 tuvo lugar una Macro Jam Session \u201cPer celebrar l\u2019any nou\u201d en Barcelona, en Platx\u00e8ries Musicals de Ateneu La Base. Joan Cort\u00e8s retrata Impro_CINC, Impro_SIS, Impro_SET\/VUIT, Impro_NOU en Tomajazz.","rel":"","context":"En \u00abINSTANTZZ\u00bb","block_context":{"text":"INSTANTZZ","link":"https:\/\/tomajazz.com\/web\/category\/contenidos\/imagenes\/photoblogs\/instantzz\/"},"img":{"alt_text":"Macro Jam Session \u201cPer celebrar l\u2019any nou\u201d (Platx\u00e8ries Musicals, Ateneu La Base, 2023-01-10. Barcelona) [II] Por Joan Cort\u00e8s [INSTANTZZ AKA Galer\u00eda fotogr\u00e1fica AKA Fotoblog de jazz, impro\u2026 y algo m\u00e1s]","src":"https:\/\/i0.wp.com\/tomajazz.com\/web\/wp-content\/uploads\/2023\/03\/04_McrJmSssn-%C2%A9Joan-Cortes_10gnr23_LBs_Bcn_02.jpg?resize=350%2C200&ssl=1","width":350,"height":200,"srcset":"https:\/\/i0.wp.com\/tomajazz.com\/web\/wp-content\/uploads\/2023\/03\/04_McrJmSssn-%C2%A9Joan-Cortes_10gnr23_LBs_Bcn_02.jpg?resize=350%2C200&ssl=1 1x, https:\/\/i0.wp.com\/tomajazz.com\/web\/wp-content\/uploads\/2023\/03\/04_McrJmSssn-%C2%A9Joan-Cortes_10gnr23_LBs_Bcn_02.jpg?resize=525%2C300&ssl=1 1.5x"},"classes":[]},{"id":104323,"url":"https:\/\/tomajazz.com\/web\/veus-lliures-relat-barcelona-2026\/","url_meta":{"origin":55484,"position":5},"title":"Veus Lliures \u201cRelat\u201d (Cicle Guitarres \/ Museu de la M\u00fasica, 2026-01-15 \/ Barcelona) Por Joan Cort\u00e8s [INSTANTZZ AKA Galer\u00eda fotogr\u00e1fica AKA Fotoblog de jazz, impro\u2026 y algo m\u00e1s]","author":"Tomajazz","date":"7 marzo, 2026","format":false,"excerpt":"Veus Lliures \u201cRelat\u201d actu\u00f3 en el Cicle Guitarres del Museu de la M\u00fasica de Barcelona, el 15 de enero de 2026. Joan Cort\u00e8s lo retrata en INSTANTZZ","rel":"","context":"En \u00ab*_Joan Cort\u00e8s\u00bb","block_context":{"text":"*_Joan Cort\u00e8s","link":"https:\/\/tomajazz.com\/web\/category\/joan-cortes\/"},"img":{"alt_text":"Veus Lliures \u201cRelat\u201d (Cicle Guitarres \/ Museu de la M\u00fasica, 2026-01-15 \/ Barcelona) Por Joan Cort\u00e8s [INSTANTZZ AKA Galer\u00eda fotogr\u00e1fica AKA Fotoblog de jazz, impro\u2026 y algo m\u00e1s] - Tomajazz - Veus Lliures \u201cRelat\u201d actu\u00f3 en el Cicle Guitarres del Museu de la M\u00fasica de Barcelona, el 15 de enero de 2026. Joan Cort\u00e8s lo retrata en INSTANTZZ","src":"https:\/\/i0.wp.com\/tomajazz.com\/web\/wp-content\/uploads\/2026\/03\/destacada-04-Vs-Llrs-Photo-By-Joan-Cortes-22gnr26-s-d-l-Msc-Bcn.jpg?resize=350%2C200&ssl=1","width":350,"height":200,"srcset":"https:\/\/i0.wp.com\/tomajazz.com\/web\/wp-content\/uploads\/2026\/03\/destacada-04-Vs-Llrs-Photo-By-Joan-Cortes-22gnr26-s-d-l-Msc-Bcn.jpg?resize=350%2C200&ssl=1 1x, https:\/\/i0.wp.com\/tomajazz.com\/web\/wp-content\/uploads\/2026\/03\/destacada-04-Vs-Llrs-Photo-By-Joan-Cortes-22gnr26-s-d-l-Msc-Bcn.jpg?resize=525%2C300&ssl=1 1.5x"},"classes":[]}],"_links":{"self":[{"href":"https:\/\/tomajazz.com\/web\/wp-json\/wp\/v2\/posts\/55484","targetHints":{"allow":["GET"]}}],"collection":[{"href":"https:\/\/tomajazz.com\/web\/wp-json\/wp\/v2\/posts"}],"about":[{"href":"https:\/\/tomajazz.com\/web\/wp-json\/wp\/v2\/types\/post"}],"author":[{"embeddable":true,"href":"https:\/\/tomajazz.com\/web\/wp-json\/wp\/v2\/users\/1"}],"replies":[{"embeddable":true,"href":"https:\/\/tomajazz.com\/web\/wp-json\/wp\/v2\/comments?post=55484"}],"version-history":[{"count":2,"href":"https:\/\/tomajazz.com\/web\/wp-json\/wp\/v2\/posts\/55484\/revisions"}],"predecessor-version":[{"id":55498,"href":"https:\/\/tomajazz.com\/web\/wp-json\/wp\/v2\/posts\/55484\/revisions\/55498"}],"wp:featuredmedia":[{"embeddable":true,"href":"https:\/\/tomajazz.com\/web\/wp-json\/wp\/v2\/media\/55487"}],"wp:attachment":[{"href":"https:\/\/tomajazz.com\/web\/wp-json\/wp\/v2\/media?parent=55484"}],"wp:term":[{"taxonomy":"category","embeddable":true,"href":"https:\/\/tomajazz.com\/web\/wp-json\/wp\/v2\/categories?post=55484"},{"taxonomy":"post_tag","embeddable":true,"href":"https:\/\/tomajazz.com\/web\/wp-json\/wp\/v2\/tags?post=55484"}],"curies":[{"name":"wp","href":"https:\/\/api.w.org\/{rel}","templated":true}]}}