{"id":56105,"date":"2021-08-01T15:34:34","date_gmt":"2021-08-01T13:34:34","guid":{"rendered":"https:\/\/www.tomajazz.com\/web\/?p=56105"},"modified":"2021-08-01T15:34:34","modified_gmt":"2021-08-01T13:34:34","slug":"jazzx5227-kenny-wheeler-mai-we-go-round-around-6-1980-minipodcast-por-pachi-tapiz","status":"publish","type":"post","link":"https:\/\/tomajazz.com\/web\/jazzx5227-kenny-wheeler-mai-we-go-round-around-6-1980-minipodcast-por-pachi-tapiz\/","title":{"rendered":"JazzX5#227. Kenny Wheeler: \u00abMai We Go Round\u00bb [Around 6 (1980)] [Minipodcast] Por Pachi Tapiz"},"content":{"rendered":"<p style=\"text-align: left;\"><img loading=\"lazy\" decoding=\"async\" class=\"alignleft wp-image-56106 size-medium\" src=\"https:\/\/tomajazz.com\/web\/wp-content\/uploads\/2021\/08\/Kenny-Wheeler_Around-6-200x200.jpg\" alt=\"\" width=\"200\" height=\"200\" title=\"\" srcset=\"https:\/\/tomajazz.com\/web\/wp-content\/uploads\/2021\/08\/Kenny-Wheeler_Around-6-200x200.jpg 200w, https:\/\/tomajazz.com\/web\/wp-content\/uploads\/2021\/08\/Kenny-Wheeler_Around-6-150x150.jpg 150w, https:\/\/tomajazz.com\/web\/wp-content\/uploads\/2021\/08\/Kenny-Wheeler_Around-6-465x465.jpg 465w, https:\/\/tomajazz.com\/web\/wp-content\/uploads\/2021\/08\/Kenny-Wheeler_Around-6.jpg 500w\" sizes=\"auto, (max-width: 200px) 100vw, 200px\" \/>\u00abMai We Go Round\u00bb<br \/>\n<strong>Kenny Wheeler<\/strong>:\u00a0<em>Around 6<\/em> (ECM, 1980)<br \/>\nKenny Wheeler, Evan Parker, Eje Thelin, Tom van der Geld, Jean-Francois Jenny-Clark, Edward Vesala. Composici\u00f3n por Kenny Wheeler.<\/p>\n<p style=\"text-align: left;\"><span style=\"text-align: right;\">\u00a9 <\/span><strong style=\"text-align: right;\">Pachi Tapiz<\/strong><span style=\"text-align: right;\">, 2021<\/span><br \/>\n<iframe id='audio_73540558' frameborder='0' allowfullscreen='' scrolling='no' height='200' style='width:100%;' src='https:\/\/www.ivoox.com\/player_ej_73540558_6_1.html'><\/iframe><br \/>\n<strong>JazzX5<\/strong> es un minipodcast de HDO de la Factor\u00eda Tomajazz presentado, editado y producido por\u00a0<strong>Pachi Tapiz<\/strong>.<br \/>\n<strong>JazzX5<\/strong> comenz\u00f3 su andadura el 24 de junio de 2019.<br \/>\nTodas las entregas de <strong>JazzX5<\/strong> est\u00e1n disponibles en <strong><a href=\"https:\/\/tomajazz.com\/web\/?cat=23120\" target=\"_blank\" rel=\"noopener noreferrer\">https:\/\/tomajazz.com\/web\/?cat=23120<\/a> \/ <a href=\"https:\/\/www.ivoox.com\/jazzx5_bk_list_642835_1.html\" target=\"_blank\" rel=\"noopener noreferrer\">https:\/\/www.ivoox.com\/jazzx5_bk_list_642835_1.html<\/a><\/strong>.<\/p>\n","protected":false},"excerpt":{"rendered":"<p>\u00abMai We Go Round\u00bb del disco Around 6 (ECM, 1980) de Kenny Wheeler en el minipodcast JazzX5 de Pachi Tapiz. <span class=\"more-link\"><a href=\"https:\/\/tomajazz.com\/web\/jazzx5227-kenny-wheeler-mai-we-go-round-around-6-1980-minipodcast-por-pachi-tapiz\/\">Contin\u00faa leyendo<\/a><\/span><\/p>\n","protected":false},"author":1,"featured_media":56107,"comment_status":"open","ping_status":"closed","sticky":false,"template":"","format":"standard","meta":{"jetpack_post_was_ever_published":false,"_jetpack_newsletter_access":"","_jetpack_dont_email_post_to_subs":false,"_jetpack_newsletter_tier_id":0,"_jetpack_memberships_contains_paywalled_content":false,"_jetpack_memberships_contains_paid_content":false,"footnotes":""},"categories":[17847,23120,12814,15518,1038],"tags":[1663,21603,14160,5081,23118,10625,6212,31,25528],"class_list":["entry","author-pachi","has-excerpt","post-56105","post","type-post","status-publish","format-standard","has-post-thumbnail","category-pachi-tapiz","category-jazzx5","category-podcast","category-sonidos","category-contenidos","tag-ecm","tag-edward-vesala","tag-eje-thelin","tag-evan-parker","tag-jazzx5","tag-jean-francois-jenny-clark","tag-kenny-wheeler","tag-pachi-tapiz","tag-tom-van-der-geld"],"jetpack_featured_media_url":"https:\/\/tomajazz.com\/web\/wp-content\/uploads\/2021\/08\/JazzX5_227.jpg","jetpack_likes_enabled":true,"jetpack_sharing_enabled":true,"jetpack-related-posts":[{"id":104979,"url":"https:\/\/tomajazz.com\/web\/dave-holland-vital-spark-2026\/","url_meta":{"origin":56105,"position":0},"title":"Dave Holland: Vital Spark (Music of Kenny Wheeler) (Edition Records, 2026) Por Carlos Lara [Grabaci\u00f3n de jazz]","author":"Tomajazz","date":"20 abril, 2026","format":false,"excerpt":"Vital Spark (Music of Kenny Wheeler) (Edition Records, 2026) es la nueva grabaci\u00f3n de Dave Holland. Carlos Lara repasa la grabaci\u00f3n. Con Norma Winstone, Mark Lockheart, John Parricelli, Nikki Iles, Dave Holland, James Maddren, The London Vocal Project","rel":"","context":"En \u00abGrabaciones...\u00bb","block_context":{"text":"Grabaciones...","link":"https:\/\/tomajazz.com\/web\/category\/contenidos\/textos\/grabaciones\/"},"img":{"alt_text":"Dave Holland: Vital Spark (Music of Kenny Wheeler) (Edition Records, 2026) Por Carlos Lara [Grabaci\u00f3n de jazz] - Tomajazz - Vital Spark (Music of Kenny Wheeler) (Edition Records, 2026) es la nueva grabaci\u00f3n de Dave Holland. Carlos Lara repasa la grabaci\u00f3n. Con Norma Winstone, Mark Lockheart, John Parricelli, Nikki Iles, Dave Holland, James Maddren, The London Vocal Project \n","src":"https:\/\/i0.wp.com\/tomajazz.com\/web\/wp-content\/uploads\/2026\/04\/Dave-Holland-Vital-Spark-Music-of-Kenny-Wheeler-Edition-Records-2026.jpg?resize=350%2C200&ssl=1","width":350,"height":200,"srcset":"https:\/\/i0.wp.com\/tomajazz.com\/web\/wp-content\/uploads\/2026\/04\/Dave-Holland-Vital-Spark-Music-of-Kenny-Wheeler-Edition-Records-2026.jpg?resize=350%2C200&ssl=1 1x, https:\/\/i0.wp.com\/tomajazz.com\/web\/wp-content\/uploads\/2026\/04\/Dave-Holland-Vital-Spark-Music-of-Kenny-Wheeler-Edition-Records-2026.jpg?resize=525%2C300&ssl=1 1.5x, https:\/\/i0.wp.com\/tomajazz.com\/web\/wp-content\/uploads\/2026\/04\/Dave-Holland-Vital-Spark-Music-of-Kenny-Wheeler-Edition-Records-2026.jpg?resize=700%2C400&ssl=1 2x"},"classes":[]},{"id":100104,"url":"https:\/\/tomajazz.com\/web\/fred-hersch-the-surrounding-green-ecm-2025\/","url_meta":{"origin":56105,"position":1},"title":"Fred Hersch: The Surrounding Green (ECM; 2025) Por Pachi Tapiz [Grabaci\u00f3n de jazz]","author":"Tomajazz","date":"5 octubre, 2025","format":false,"excerpt":"The Surrounding Green (ECM; 2025) es la nueva grabaci\u00f3n de Fred Hersch. Pachi Tapiz repasa la grabaci\u00f3n. Con Fred Hersch, Drew Gress, Joey Baron","rel":"","context":"En \u00ab*_Pachi Tapiz\u00bb","block_context":{"text":"*_Pachi Tapiz","link":"https:\/\/tomajazz.com\/web\/category\/pachi-tapiz\/"},"img":{"alt_text":"Fred Hersch: The Surrounding Green (ECM; 2025) Por Pachi Tapiz [Grabaci\u00f3n de jazz] - Tomajazz - The Surrounding Green (ECM; 2025) es la nueva grabaci\u00f3n de Fred Hersch. Pachi Tapiz repasa la grabaci\u00f3n. Con Fred Hersch, drew","src":"https:\/\/i0.wp.com\/tomajazz.com\/web\/wp-content\/uploads\/2025\/10\/Fred-Hersch-The-Surrounding-Green-2025-ECM-Tomajazz.jpg?resize=350%2C200&ssl=1","width":350,"height":200,"srcset":"https:\/\/i0.wp.com\/tomajazz.com\/web\/wp-content\/uploads\/2025\/10\/Fred-Hersch-The-Surrounding-Green-2025-ECM-Tomajazz.jpg?resize=350%2C200&ssl=1 1x, https:\/\/i0.wp.com\/tomajazz.com\/web\/wp-content\/uploads\/2025\/10\/Fred-Hersch-The-Surrounding-Green-2025-ECM-Tomajazz.jpg?resize=525%2C300&ssl=1 1.5x, https:\/\/i0.wp.com\/tomajazz.com\/web\/wp-content\/uploads\/2025\/10\/Fred-Hersch-The-Surrounding-Green-2025-ECM-Tomajazz.jpg?resize=700%2C400&ssl=1 2x"},"classes":[]},{"id":55928,"url":"https:\/\/tomajazz.com\/web\/jazzx5220-kenny-wheeler-3-4-in-the-afternoon-deer-wan-1978-minipodcast-por-pachi-tapiz\/","url_meta":{"origin":56105,"position":2},"title":"JazzX5#220. Kenny Wheeler: \u00ab3\/4 In The Afternoon\u00bb [Deer Wan (1978)] [Minipodcast] Por Pachi Tapiz","author":"Tomajazz","date":"25 julio, 2021","format":false,"excerpt":"En JazzX5 un tema de Deer Wan, un disco cl\u00e1sico de la d\u00e9cada de los a\u00f1os 70.","rel":"","context":"En \u00ab*_Pachi Tapiz\u00bb","block_context":{"text":"*_Pachi Tapiz","link":"https:\/\/tomajazz.com\/web\/category\/pachi-tapiz\/"},"img":{"alt_text":"","src":"https:\/\/i0.wp.com\/tomajazz.com\/web\/wp-content\/uploads\/2021\/07\/JazzX5_220.jpg?resize=350%2C200&ssl=1","width":350,"height":200,"srcset":"https:\/\/i0.wp.com\/tomajazz.com\/web\/wp-content\/uploads\/2021\/07\/JazzX5_220.jpg?resize=350%2C200&ssl=1 1x, https:\/\/i0.wp.com\/tomajazz.com\/web\/wp-content\/uploads\/2021\/07\/JazzX5_220.jpg?resize=525%2C300&ssl=1 1.5x, https:\/\/i0.wp.com\/tomajazz.com\/web\/wp-content\/uploads\/2021\/07\/JazzX5_220.jpg?resize=700%2C400&ssl=1 2x"},"classes":[]},{"id":56230,"url":"https:\/\/tomajazz.com\/web\/jazzx5232-guillermo-bazzola-k-w-lost-found-gnu-town-2020-minipodcast-por-pachi-tapiz\/","url_meta":{"origin":56105,"position":3},"title":"JazzX5#232. Guillermo Bazzola: \u00abK.W.\u00bb [Lost &#038; Found (Gnu Town, 2020)] [Minipodcast] Por Pachi Tapiz","author":"Tomajazz","date":"6 agosto, 2021","format":false,"excerpt":"\"K.W.\" de la grabaci\u00f3n Lost & Found (Gnu Town, 2020) de Guillermo Bazzola en el podcast JazzX5 de Pachi Tapiz.","rel":"","context":"En \u00ab*_Pachi Tapiz\u00bb","block_context":{"text":"*_Pachi Tapiz","link":"https:\/\/tomajazz.com\/web\/category\/pachi-tapiz\/"},"img":{"alt_text":"","src":"https:\/\/i0.wp.com\/tomajazz.com\/web\/wp-content\/uploads\/2021\/08\/JazzX5_232.jpg?resize=350%2C200&ssl=1","width":350,"height":200,"srcset":"https:\/\/i0.wp.com\/tomajazz.com\/web\/wp-content\/uploads\/2021\/08\/JazzX5_232.jpg?resize=350%2C200&ssl=1 1x, https:\/\/i0.wp.com\/tomajazz.com\/web\/wp-content\/uploads\/2021\/08\/JazzX5_232.jpg?resize=525%2C300&ssl=1 1.5x, https:\/\/i0.wp.com\/tomajazz.com\/web\/wp-content\/uploads\/2021\/08\/JazzX5_232.jpg?resize=700%2C400&ssl=1 2x"},"classes":[]},{"id":101972,"url":"https:\/\/tomajazz.com\/web\/mark-sherman-bop-contest-2025\/","url_meta":{"origin":56105,"position":4},"title":"Mark Sherman: Bop Contest (Miles High Records; 2025) Por Pachi Tapiz [Grabaci\u00f3n de jazz]","author":"Tomajazz","date":"19 noviembre, 2025","format":false,"excerpt":"Bop Contest (Miles High Records; 2025) es la nueva grabaci\u00f3n de Mark Sherman. Pachi Tapiz repasa la grabaci\u00f3n. Con Mark Sherman, Ron Carter, Donald Vega, Carl Allen, Joe Magnarelli","rel":"","context":"En \u00abGrabaciones...\u00bb","block_context":{"text":"Grabaciones...","link":"https:\/\/tomajazz.com\/web\/category\/contenidos\/textos\/grabaciones\/"},"img":{"alt_text":"Mark Sherman: Bop Contest (Miles High Records; 2025) Por Pachi Tapiz [Grabaci\u00f3n de jazz] - Tomajazz - Bop Contest (Miles High Records; 2025) es la nueva grabaci\u00f3n de Mark Sherman. Pachi Tapiz repasa la grabaci\u00f3n. Con Mark Sherman, Ron Carter, Donald Vega, Carl Allen, Joe Magnarelli","src":"https:\/\/i0.wp.com\/tomajazz.com\/web\/wp-content\/uploads\/2025\/11\/Mark-Sherman-Bop-Contest-Miles-High-Records-2025-Tomajazz.jpg?resize=350%2C200&ssl=1","width":350,"height":200,"srcset":"https:\/\/i0.wp.com\/tomajazz.com\/web\/wp-content\/uploads\/2025\/11\/Mark-Sherman-Bop-Contest-Miles-High-Records-2025-Tomajazz.jpg?resize=350%2C200&ssl=1 1x, https:\/\/i0.wp.com\/tomajazz.com\/web\/wp-content\/uploads\/2025\/11\/Mark-Sherman-Bop-Contest-Miles-High-Records-2025-Tomajazz.jpg?resize=525%2C300&ssl=1 1.5x, https:\/\/i0.wp.com\/tomajazz.com\/web\/wp-content\/uploads\/2025\/11\/Mark-Sherman-Bop-Contest-Miles-High-Records-2025-Tomajazz.jpg?resize=700%2C400&ssl=1 2x"},"classes":[]},{"id":61176,"url":"https:\/\/tomajazz.com\/web\/adriano-tortora-trio-11-omaggio-a-k-wheeler-choret-sedajazz-records-2021-por-pachi-tapiz-jazzx5423-minipodcast-de-jazz\/","url_meta":{"origin":56105,"position":5},"title":"Adriano Tortora Trio: \u00ab#11 (Omaggio a K. Wheeler)\u00bb [Choret (Sedajazz Records, 2021)] Por Pachi Tapiz. JazzX5#423 [Minipodcast de jazz]","author":"Tomajazz","date":"16 febrero, 2022","format":false,"excerpt":"En JazzX5 suena el homenaje de Adriano Tortora a Kenny Wheeler titulado \"#11\" que aparece publicado en Choret (Sedajazz Records, 2021). JazzX5 es un podcast de Pachi Tapiz.","rel":"","context":"En \u00abJazzX5\u00bb","block_context":{"text":"JazzX5","link":"https:\/\/tomajazz.com\/web\/category\/contenidos\/sonidos\/podcast\/jazzx5\/"},"img":{"alt_text":"Adriano Tortora Trio: \"#11 (Omaggio a K. Wheeler)\" [Choret (Sedajazz Records, 2021)] Por Pachi Tapiz. JazzX5#423 [Minipodcast de jazz]","src":"https:\/\/i0.wp.com\/tomajazz.com\/web\/wp-content\/uploads\/2022\/02\/JazzX5_423.jpg?resize=350%2C200&ssl=1","width":350,"height":200,"srcset":"https:\/\/i0.wp.com\/tomajazz.com\/web\/wp-content\/uploads\/2022\/02\/JazzX5_423.jpg?resize=350%2C200&ssl=1 1x, https:\/\/i0.wp.com\/tomajazz.com\/web\/wp-content\/uploads\/2022\/02\/JazzX5_423.jpg?resize=525%2C300&ssl=1 1.5x, https:\/\/i0.wp.com\/tomajazz.com\/web\/wp-content\/uploads\/2022\/02\/JazzX5_423.jpg?resize=700%2C400&ssl=1 2x"},"classes":[]}],"_links":{"self":[{"href":"https:\/\/tomajazz.com\/web\/wp-json\/wp\/v2\/posts\/56105","targetHints":{"allow":["GET"]}}],"collection":[{"href":"https:\/\/tomajazz.com\/web\/wp-json\/wp\/v2\/posts"}],"about":[{"href":"https:\/\/tomajazz.com\/web\/wp-json\/wp\/v2\/types\/post"}],"author":[{"embeddable":true,"href":"https:\/\/tomajazz.com\/web\/wp-json\/wp\/v2\/users\/1"}],"replies":[{"embeddable":true,"href":"https:\/\/tomajazz.com\/web\/wp-json\/wp\/v2\/comments?post=56105"}],"version-history":[{"count":3,"href":"https:\/\/tomajazz.com\/web\/wp-json\/wp\/v2\/posts\/56105\/revisions"}],"predecessor-version":[{"id":56112,"href":"https:\/\/tomajazz.com\/web\/wp-json\/wp\/v2\/posts\/56105\/revisions\/56112"}],"wp:featuredmedia":[{"embeddable":true,"href":"https:\/\/tomajazz.com\/web\/wp-json\/wp\/v2\/media\/56107"}],"wp:attachment":[{"href":"https:\/\/tomajazz.com\/web\/wp-json\/wp\/v2\/media?parent=56105"}],"wp:term":[{"taxonomy":"category","embeddable":true,"href":"https:\/\/tomajazz.com\/web\/wp-json\/wp\/v2\/categories?post=56105"},{"taxonomy":"post_tag","embeddable":true,"href":"https:\/\/tomajazz.com\/web\/wp-json\/wp\/v2\/tags?post=56105"}],"curies":[{"name":"wp","href":"https:\/\/api.w.org\/{rel}","templated":true}]}}