{"id":56188,"date":"2021-08-05T12:00:27","date_gmt":"2021-08-05T10:00:27","guid":{"rendered":"https:\/\/www.tomajazz.com\/web\/?p=56188"},"modified":"2021-08-04T22:08:10","modified_gmt":"2021-08-04T20:08:10","slug":"instantzz-lucas-delgado-juan-pastor-festival-konvent-piano-2021-konvent-cal-rosal-berga-barcelona-2021-07-03-galeria-fotografica-aka-fotoblog-de-jazz-impro-y-algo-mas-por-joan","status":"publish","type":"post","link":"https:\/\/tomajazz.com\/web\/instantzz-lucas-delgado-juan-pastor-festival-konvent-piano-2021-konvent-cal-rosal-berga-barcelona-2021-07-03-galeria-fotografica-aka-fotoblog-de-jazz-impro-y-algo-mas-por-joan\/","title":{"rendered":"INSTANTZZ: Lucas Delgado &#038; Juan Pastor (Festival Konvent Piano 2021 \/ Konvent, Cal Rosal, Berga -Barcelona-.  2021-07-03) [Galer\u00eda fotogr\u00e1fica AKA Fotoblog de jazz, impro\u2026 y algo m\u00e1s] Por Joan Cort\u00e8s"},"content":{"rendered":"<ul>\n<li>Fecha: s\u00e1bado, 3 de julio de 2021<\/li>\n<li>Lugar: Konvent (Berga -Barcelona)<\/li>\n<li>Grupo:<br \/>\n<strong>Lucas Delgado &amp; Juan Pastor<br \/>\n<\/strong>Lucas Delgado, piano<br \/>\nJuan Pastor, contrabajo<br \/>\nInvitados especiales:<br \/>\nSilvia P\u00e9rez Cruz, voz<br \/>\nFran Ramos, saxo alto<br \/>\nF\u00e9lix Rossy, trompeta<\/li>\n<\/ul>\n<p style=\"text-align: center;\"><img loading=\"lazy\" decoding=\"async\" class=\"aligncenter size-full wp-image-56189\" src=\"https:\/\/tomajazz.com\/web\/wp-content\/uploads\/2021\/08\/01_Lcs-Dlgad-Jn-Pstr-Joan-Cortes_03jul21_Fstvl-Pn_Knvnt_Brg.jpg\" alt=\"\" width=\"408\" height=\"600\" title=\"\" srcset=\"https:\/\/tomajazz.com\/web\/wp-content\/uploads\/2021\/08\/01_Lcs-Dlgad-Jn-Pstr-Joan-Cortes_03jul21_Fstvl-Pn_Knvnt_Brg.jpg 408w, https:\/\/tomajazz.com\/web\/wp-content\/uploads\/2021\/08\/01_Lcs-Dlgad-Jn-Pstr-Joan-Cortes_03jul21_Fstvl-Pn_Knvnt_Brg-136x200.jpg 136w, https:\/\/tomajazz.com\/web\/wp-content\/uploads\/2021\/08\/01_Lcs-Dlgad-Jn-Pstr-Joan-Cortes_03jul21_Fstvl-Pn_Knvnt_Brg-374x550.jpg 374w, https:\/\/tomajazz.com\/web\/wp-content\/uploads\/2021\/08\/01_Lcs-Dlgad-Jn-Pstr-Joan-Cortes_03jul21_Fstvl-Pn_Knvnt_Brg-340x500.jpg 340w\" sizes=\"auto, (max-width: 408px) 100vw, 408px\" \/> <img loading=\"lazy\" decoding=\"async\" class=\"aligncenter size-large wp-image-56190\" src=\"https:\/\/tomajazz.com\/web\/wp-content\/uploads\/2021\/08\/02_Lcs-Dlgad-Jn-Pstr-Joan-Cortes_03jul21_Fstvl-Pn_Knvnt_Brg.jpg\" alt=\"\" width=\"400\" height=\"600\" title=\"\" srcset=\"https:\/\/tomajazz.com\/web\/wp-content\/uploads\/2021\/08\/02_Lcs-Dlgad-Jn-Pstr-Joan-Cortes_03jul21_Fstvl-Pn_Knvnt_Brg.jpg 400w, https:\/\/tomajazz.com\/web\/wp-content\/uploads\/2021\/08\/02_Lcs-Dlgad-Jn-Pstr-Joan-Cortes_03jul21_Fstvl-Pn_Knvnt_Brg-133x200.jpg 133w, https:\/\/tomajazz.com\/web\/wp-content\/uploads\/2021\/08\/02_Lcs-Dlgad-Jn-Pstr-Joan-Cortes_03jul21_Fstvl-Pn_Knvnt_Brg-367x550.jpg 367w, https:\/\/tomajazz.com\/web\/wp-content\/uploads\/2021\/08\/02_Lcs-Dlgad-Jn-Pstr-Joan-Cortes_03jul21_Fstvl-Pn_Knvnt_Brg-333x500.jpg 333w\" sizes=\"auto, (max-width: 400px) 100vw, 400px\" \/> <img loading=\"lazy\" decoding=\"async\" class=\"aligncenter size-large wp-image-56191\" src=\"https:\/\/tomajazz.com\/web\/wp-content\/uploads\/2021\/08\/03_Lcs-Dlgad-Jn-Pstr-Joan-Cortes_03jul21_Fstvl-Pn_Knvnt_Brg.jpg\" alt=\"\" width=\"400\" height=\"600\" title=\"\" srcset=\"https:\/\/tomajazz.com\/web\/wp-content\/uploads\/2021\/08\/03_Lcs-Dlgad-Jn-Pstr-Joan-Cortes_03jul21_Fstvl-Pn_Knvnt_Brg.jpg 400w, https:\/\/tomajazz.com\/web\/wp-content\/uploads\/2021\/08\/03_Lcs-Dlgad-Jn-Pstr-Joan-Cortes_03jul21_Fstvl-Pn_Knvnt_Brg-133x200.jpg 133w, https:\/\/tomajazz.com\/web\/wp-content\/uploads\/2021\/08\/03_Lcs-Dlgad-Jn-Pstr-Joan-Cortes_03jul21_Fstvl-Pn_Knvnt_Brg-367x550.jpg 367w, https:\/\/tomajazz.com\/web\/wp-content\/uploads\/2021\/08\/03_Lcs-Dlgad-Jn-Pstr-Joan-Cortes_03jul21_Fstvl-Pn_Knvnt_Brg-333x500.jpg 333w\" sizes=\"auto, (max-width: 400px) 100vw, 400px\" \/> <img loading=\"lazy\" decoding=\"async\" class=\"aligncenter size-large wp-image-56192\" src=\"https:\/\/tomajazz.com\/web\/wp-content\/uploads\/2021\/08\/04_Lcs-Dlgad-Jn-Pstr-Joan-Cortes_03jul21_Fstvl-Pn_Knvnt_Brg.jpg\" alt=\"\" width=\"600\" height=\"400\" title=\"\" srcset=\"https:\/\/tomajazz.com\/web\/wp-content\/uploads\/2021\/08\/04_Lcs-Dlgad-Jn-Pstr-Joan-Cortes_03jul21_Fstvl-Pn_Knvnt_Brg.jpg 600w, https:\/\/tomajazz.com\/web\/wp-content\/uploads\/2021\/08\/04_Lcs-Dlgad-Jn-Pstr-Joan-Cortes_03jul21_Fstvl-Pn_Knvnt_Brg-200x133.jpg 200w, https:\/\/tomajazz.com\/web\/wp-content\/uploads\/2021\/08\/04_Lcs-Dlgad-Jn-Pstr-Joan-Cortes_03jul21_Fstvl-Pn_Knvnt_Brg-465x310.jpg 465w\" sizes=\"auto, (max-width: 600px) 100vw, 600px\" \/> <img loading=\"lazy\" decoding=\"async\" class=\"aligncenter size-large wp-image-56193\" src=\"https:\/\/tomajazz.com\/web\/wp-content\/uploads\/2021\/08\/05_Lcs-Dlgad-Jn-Pstr-Joan-Cortes_03jul21_Fstvl-Pn_Knvnt_Brg.jpg\" alt=\"\" width=\"400\" height=\"600\" title=\"\" srcset=\"https:\/\/tomajazz.com\/web\/wp-content\/uploads\/2021\/08\/05_Lcs-Dlgad-Jn-Pstr-Joan-Cortes_03jul21_Fstvl-Pn_Knvnt_Brg.jpg 400w, https:\/\/tomajazz.com\/web\/wp-content\/uploads\/2021\/08\/05_Lcs-Dlgad-Jn-Pstr-Joan-Cortes_03jul21_Fstvl-Pn_Knvnt_Brg-133x200.jpg 133w, https:\/\/tomajazz.com\/web\/wp-content\/uploads\/2021\/08\/05_Lcs-Dlgad-Jn-Pstr-Joan-Cortes_03jul21_Fstvl-Pn_Knvnt_Brg-367x550.jpg 367w, https:\/\/tomajazz.com\/web\/wp-content\/uploads\/2021\/08\/05_Lcs-Dlgad-Jn-Pstr-Joan-Cortes_03jul21_Fstvl-Pn_Knvnt_Brg-333x500.jpg 333w\" sizes=\"auto, (max-width: 400px) 100vw, 400px\" \/> <img loading=\"lazy\" decoding=\"async\" class=\"aligncenter size-large wp-image-56194\" src=\"https:\/\/tomajazz.com\/web\/wp-content\/uploads\/2021\/08\/06_Lcs-Dlgad-Jn-Pstr-Joan-Cortes_03jul21_Fstvl-Pn_Knvnt_Brg.jpg\" alt=\"\" width=\"400\" height=\"600\" title=\"\" srcset=\"https:\/\/tomajazz.com\/web\/wp-content\/uploads\/2021\/08\/06_Lcs-Dlgad-Jn-Pstr-Joan-Cortes_03jul21_Fstvl-Pn_Knvnt_Brg.jpg 400w, https:\/\/tomajazz.com\/web\/wp-content\/uploads\/2021\/08\/06_Lcs-Dlgad-Jn-Pstr-Joan-Cortes_03jul21_Fstvl-Pn_Knvnt_Brg-133x200.jpg 133w, https:\/\/tomajazz.com\/web\/wp-content\/uploads\/2021\/08\/06_Lcs-Dlgad-Jn-Pstr-Joan-Cortes_03jul21_Fstvl-Pn_Knvnt_Brg-367x550.jpg 367w, https:\/\/tomajazz.com\/web\/wp-content\/uploads\/2021\/08\/06_Lcs-Dlgad-Jn-Pstr-Joan-Cortes_03jul21_Fstvl-Pn_Knvnt_Brg-333x500.jpg 333w\" sizes=\"auto, (max-width: 400px) 100vw, 400px\" \/> <img loading=\"lazy\" decoding=\"async\" class=\"aligncenter size-large wp-image-56195\" src=\"https:\/\/tomajazz.com\/web\/wp-content\/uploads\/2021\/08\/07_Lcs-Dlgad-Jn-Pstr-Joan-Cortes_03jul21_Fstvl-Pn_Knvnt_Brg.jpg\" alt=\"\" width=\"400\" height=\"600\" title=\"\" srcset=\"https:\/\/tomajazz.com\/web\/wp-content\/uploads\/2021\/08\/07_Lcs-Dlgad-Jn-Pstr-Joan-Cortes_03jul21_Fstvl-Pn_Knvnt_Brg.jpg 400w, https:\/\/tomajazz.com\/web\/wp-content\/uploads\/2021\/08\/07_Lcs-Dlgad-Jn-Pstr-Joan-Cortes_03jul21_Fstvl-Pn_Knvnt_Brg-133x200.jpg 133w, https:\/\/tomajazz.com\/web\/wp-content\/uploads\/2021\/08\/07_Lcs-Dlgad-Jn-Pstr-Joan-Cortes_03jul21_Fstvl-Pn_Knvnt_Brg-367x550.jpg 367w, https:\/\/tomajazz.com\/web\/wp-content\/uploads\/2021\/08\/07_Lcs-Dlgad-Jn-Pstr-Joan-Cortes_03jul21_Fstvl-Pn_Knvnt_Brg-333x500.jpg 333w\" sizes=\"auto, (max-width: 400px) 100vw, 400px\" \/> <img loading=\"lazy\" decoding=\"async\" class=\"aligncenter size-large wp-image-56196\" src=\"https:\/\/tomajazz.com\/web\/wp-content\/uploads\/2021\/08\/008_Lcs-Dlgad-Jn-Pstr-Joan-Cortes_03jul21_Fstvl-Pn_Knvnt_Brg.jpg\" alt=\"\" width=\"400\" height=\"600\" title=\"\" srcset=\"https:\/\/tomajazz.com\/web\/wp-content\/uploads\/2021\/08\/008_Lcs-Dlgad-Jn-Pstr-Joan-Cortes_03jul21_Fstvl-Pn_Knvnt_Brg.jpg 400w, https:\/\/tomajazz.com\/web\/wp-content\/uploads\/2021\/08\/008_Lcs-Dlgad-Jn-Pstr-Joan-Cortes_03jul21_Fstvl-Pn_Knvnt_Brg-133x200.jpg 133w, https:\/\/tomajazz.com\/web\/wp-content\/uploads\/2021\/08\/008_Lcs-Dlgad-Jn-Pstr-Joan-Cortes_03jul21_Fstvl-Pn_Knvnt_Brg-367x550.jpg 367w, https:\/\/tomajazz.com\/web\/wp-content\/uploads\/2021\/08\/008_Lcs-Dlgad-Jn-Pstr-Joan-Cortes_03jul21_Fstvl-Pn_Knvnt_Brg-333x500.jpg 333w\" sizes=\"auto, (max-width: 400px) 100vw, 400px\" \/> <img loading=\"lazy\" decoding=\"async\" class=\"aligncenter size-large wp-image-56197\" src=\"https:\/\/tomajazz.com\/web\/wp-content\/uploads\/2021\/08\/08_Lcs-Dlgad-Jn-Pstr-Joan-Cortes_03jul21_Fstvl-Pn_Knvnt_Brg.jpg\" alt=\"\" width=\"600\" height=\"400\" title=\"\" srcset=\"https:\/\/tomajazz.com\/web\/wp-content\/uploads\/2021\/08\/08_Lcs-Dlgad-Jn-Pstr-Joan-Cortes_03jul21_Fstvl-Pn_Knvnt_Brg.jpg 600w, https:\/\/tomajazz.com\/web\/wp-content\/uploads\/2021\/08\/08_Lcs-Dlgad-Jn-Pstr-Joan-Cortes_03jul21_Fstvl-Pn_Knvnt_Brg-200x133.jpg 200w, https:\/\/tomajazz.com\/web\/wp-content\/uploads\/2021\/08\/08_Lcs-Dlgad-Jn-Pstr-Joan-Cortes_03jul21_Fstvl-Pn_Knvnt_Brg-465x310.jpg 465w\" sizes=\"auto, (max-width: 600px) 100vw, 600px\" \/> <img loading=\"lazy\" decoding=\"async\" class=\"aligncenter size-large wp-image-56198\" src=\"https:\/\/tomajazz.com\/web\/wp-content\/uploads\/2021\/08\/10_Lcs-Dlgad-Jn-Pstr-Joan-Cortes_03jul21_Fstvl-Pn_Knvnt_Brg.jpg\" alt=\"\" width=\"400\" height=\"600\" title=\"\" srcset=\"https:\/\/tomajazz.com\/web\/wp-content\/uploads\/2021\/08\/10_Lcs-Dlgad-Jn-Pstr-Joan-Cortes_03jul21_Fstvl-Pn_Knvnt_Brg.jpg 400w, https:\/\/tomajazz.com\/web\/wp-content\/uploads\/2021\/08\/10_Lcs-Dlgad-Jn-Pstr-Joan-Cortes_03jul21_Fstvl-Pn_Knvnt_Brg-133x200.jpg 133w, https:\/\/tomajazz.com\/web\/wp-content\/uploads\/2021\/08\/10_Lcs-Dlgad-Jn-Pstr-Joan-Cortes_03jul21_Fstvl-Pn_Knvnt_Brg-367x550.jpg 367w, https:\/\/tomajazz.com\/web\/wp-content\/uploads\/2021\/08\/10_Lcs-Dlgad-Jn-Pstr-Joan-Cortes_03jul21_Fstvl-Pn_Knvnt_Brg-333x500.jpg 333w\" sizes=\"auto, (max-width: 400px) 100vw, 400px\" \/> <img loading=\"lazy\" decoding=\"async\" class=\"aligncenter size-large wp-image-56199\" src=\"https:\/\/tomajazz.com\/web\/wp-content\/uploads\/2021\/08\/11_Lcs-Dlgad-Jn-Pstr-Joan-Cortes_03jul21_Fstvl-Pn_Knvnt_Brg.jpg\" alt=\"\" width=\"600\" height=\"400\" title=\"\" srcset=\"https:\/\/tomajazz.com\/web\/wp-content\/uploads\/2021\/08\/11_Lcs-Dlgad-Jn-Pstr-Joan-Cortes_03jul21_Fstvl-Pn_Knvnt_Brg.jpg 600w, https:\/\/tomajazz.com\/web\/wp-content\/uploads\/2021\/08\/11_Lcs-Dlgad-Jn-Pstr-Joan-Cortes_03jul21_Fstvl-Pn_Knvnt_Brg-200x133.jpg 200w, https:\/\/tomajazz.com\/web\/wp-content\/uploads\/2021\/08\/11_Lcs-Dlgad-Jn-Pstr-Joan-Cortes_03jul21_Fstvl-Pn_Knvnt_Brg-465x310.jpg 465w\" sizes=\"auto, (max-width: 600px) 100vw, 600px\" \/><\/p>\n<p style=\"text-align: right;\">Tomajazz: \u00a9\u00a0<strong>Joan Cort\u00e8s<\/strong>, 2021<\/p>\n","protected":false},"excerpt":{"rendered":"<p>En INSTANTZZ, una galer\u00eda fotogr\u00e1fica de Joan Cort\u00e8s con la actuaci\u00f3n de  Lucas Delgado &#038; Juan Pastor en Festival Konvent Piano 2021 de Berga -Barcelona-.  Como invitados especiales participaron Silvia P\u00e9rez Cruz, F\u00e9lix Rossy y Fran Ramos. <span class=\"more-link\"><a href=\"https:\/\/tomajazz.com\/web\/instantzz-lucas-delgado-juan-pastor-festival-konvent-piano-2021-konvent-cal-rosal-berga-barcelona-2021-07-03-galeria-fotografica-aka-fotoblog-de-jazz-impro-y-algo-mas-por-joan\/\">Contin\u00faa leyendo<\/a><\/span><\/p>\n","protected":false},"author":1,"featured_media":56199,"comment_status":"open","ping_status":"closed","sticky":false,"template":"","format":"standard","meta":{"_jetpack_newsletter_access":"","_jetpack_dont_email_post_to_subs":false,"_jetpack_newsletter_tier_id":0,"_jetpack_memberships_contains_paywalled_content":false,"_jetpack_feature_clip_id":0,"_jetpack_memberships_contains_paid_content":false,"footnotes":"","jetpack_post_was_ever_published":false},"categories":[17853,11262,15516,11261,1038],"tags":[441,12656,23187,15275,11263,1041,25545,25544,25543,1180],"class_list":["entry","author-pachi","has-excerpt","post-56188","post","type-post","status-publish","format-standard","has-post-thumbnail","category-joan-cortes","category-photoblogs","category-imagenes","category-instantzz","category-contenidos","tag-felix-rossy","tag-fotoblog","tag-fran-ramos","tag-galeria-fotografica","tag-instantzz-2","tag-joan-cortes","tag-juan-pastor","tag-lucas-delgado","tag-lucas-delgado-juan-pastor","tag-silvia-perez-cruz"],"jetpack_likes_enabled":true,"jetpack_sharing_enabled":true,"jetpack-related-posts":[{"id":86330,"url":"https:\/\/tomajazz.com\/web\/fran-ramos-sextet-jamboree-barcelona-2024\/","url_meta":{"origin":56188,"position":0},"title":"Fran Ramos Sextet (Jamboree Jazz, 2024-04-16. Barcelona) Por Joan Cort\u00e8s [INSTANTZZ AKA Galer\u00eda fotogr\u00e1fica AKA Fotoblog de jazz, impro\u2026 y algo m\u00e1s]","author":"Tomajazz","date":"11 mayo, 2024","format":false,"excerpt":"Fran Ramos Sextet actu\u00f3 en Jamboree Jazz, Barcelona, el 16 de abril de 2024, Joan Cort\u00e8s retrata la actuaci\u00f3n en INSTANTZZ. Actuaron Fran Ramos, Camil Arcarazo, Tom Amat, Juan Pastor, Adri Claramunt, Alberto Garrido","rel":"","context":"En \u00abINSTANTZZ\u00bb","block_context":{"text":"INSTANTZZ","link":"https:\/\/tomajazz.com\/web\/category\/contenidos\/imagenes\/photoblogs\/instantzz\/"},"img":{"alt_text":"Fran Ramos Sextet (Jamboree Jazz, 2024-04-16. Barcelona) Por Joan Cort\u00e8s [INSTANTZZ AKA Galer\u00eda fotogr\u00e1fica AKA Fotoblog de jazz, impro\u2026 y algo m\u00e1s] - Tomajazz - Fran Ramos Sextet actu\u00f3 en Jamboree Jazz, Barcelona, el 16 de abril de 2024, Joan Cort\u00e8s retrata la actuaci\u00f3n en INSTANTZZ. Actuaron Fran Ramos, Camil Arcarazo, Tom Amat, Juan Pastor, Adri Claramunt, Alberto Garrido","src":"https:\/\/i0.wp.com\/tomajazz.com\/web\/wp-content\/uploads\/2024\/05\/Destacada-Fran-Ramos-Sextet-Jamboree-Barcelona-2024-Tomajazz-Photo-by-Joan-Cortes-2024-005.jpg?resize=350%2C200&ssl=1","width":350,"height":200,"srcset":"https:\/\/i0.wp.com\/tomajazz.com\/web\/wp-content\/uploads\/2024\/05\/Destacada-Fran-Ramos-Sextet-Jamboree-Barcelona-2024-Tomajazz-Photo-by-Joan-Cortes-2024-005.jpg?resize=350%2C200&ssl=1 1x, https:\/\/i0.wp.com\/tomajazz.com\/web\/wp-content\/uploads\/2024\/05\/Destacada-Fran-Ramos-Sextet-Jamboree-Barcelona-2024-Tomajazz-Photo-by-Joan-Cortes-2024-005.jpg?resize=525%2C300&ssl=1 1.5x"},"classes":[]},{"id":104847,"url":"https:\/\/tomajazz.com\/web\/alba-careta-group-panical-jazz-granollers-2026\/","url_meta":{"origin":56188,"position":1},"title":"Alba Careta Group \u201cPanical\u201d (36\u00e8 Jazz Granollers Festival \/ Casino, 2026-02-27 \/ Granollers -Barcelona-) [II] Por Joan Cort\u00e8s [INSTANTZZ AKA Galer\u00eda fotogr\u00e1fica AKA Fotoblog de jazz, impro\u2026 y algo m\u00e1s]","author":"Tomajazz","date":"12 abril, 2026","format":false,"excerpt":"Alba Careta Group \u201cPanical\u201d actu\u00f3 en el 36\u00e8 Jazz Granollers Festival, el 27 de febrero de 2026. Joan Cort\u00e8s lo retrata en INSTANTZZ. Alba Careta Group \u201cPanical\u201d son Alba Careta, Lucas Mart\u00ednez, Roger Santacana, Giuseppe Campisi, Jordi Pallar\u00e9s","rel":"","context":"En \u00ab36 Jazz Granollers Festival 2026\u00bb","block_context":{"text":"36 Jazz Granollers Festival 2026","link":"https:\/\/tomajazz.com\/web\/category\/contenidos\/especial-contenidos\/36-jazz-granollers-festival-2026\/"},"img":{"alt_text":"Alba Careta Group \u201cPanical\u201d (36\u00e8 Jazz Granollers Festival \/ Casino, 2026-02-27 \/ Granollers -Barcelona-) [II] Por Joan Cort\u00e8s [INSTANTZZ AKA Galer\u00eda fotogr\u00e1fica AKA Fotoblog de jazz, impro\u2026 y algo m\u00e1s] - Tomajazz - Alba Careta Group \u201cPanical\u201d actu\u00f3 en el 36\u00e8 Jazz Granollers Festival, el 27 de febrero de 2026. Joan Cort\u00e8s lo retrata en INSTANTZZ. Alba Careta Group \u201cPanical\u201d son Alba Careta, Lucas Mart\u00ednez, Roger Santacana, Giuseppe Campisi, Jordi Pallar\u00e9s\n","src":"https:\/\/i0.wp.com\/tomajazz.com\/web\/wp-content\/uploads\/2026\/04\/destacada-03-lb-Crt-Grp-Photo-by-Joan-Cortes-27fbr26-36JGF-CG-CR-Grnllrs.jpg?resize=350%2C200&ssl=1","width":350,"height":200,"srcset":"https:\/\/i0.wp.com\/tomajazz.com\/web\/wp-content\/uploads\/2026\/04\/destacada-03-lb-Crt-Grp-Photo-by-Joan-Cortes-27fbr26-36JGF-CG-CR-Grnllrs.jpg?resize=350%2C200&ssl=1 1x, https:\/\/i0.wp.com\/tomajazz.com\/web\/wp-content\/uploads\/2026\/04\/destacada-03-lb-Crt-Grp-Photo-by-Joan-Cortes-27fbr26-36JGF-CG-CR-Grnllrs.jpg?resize=525%2C300&ssl=1 1.5x"},"classes":[]},{"id":106510,"url":"https:\/\/tomajazz.com\/web\/jon-balkes-alba-careta-lac-2026\/","url_meta":{"origin":56188,"position":2},"title":"Jon Balke\u2019s Siwan \/ Alba Careta Group (El Rite-LAC \/ Casa Virupa-Can Bordoi, 2026-05-31 \/ Llinars -Barcelona-) [04] Por Joan Cort\u00e8s [INSTANTZZ AKA Galer\u00eda fotogr\u00e1fica AKA Fotoblog de jazz, impro\u2026 y algo m\u00e1s]","author":"Tomajazz","date":"16 agosto, 2026","format":false,"excerpt":"Jon Balke\u2019s Siwan y Alba Careta Group actuaron en El Rite-LAC en Llinars, Barcelona, el 31 de mayo de 2026. Joan Cort\u00e8s lo retrata en INSTANTZZ. Actuaron Jon Balke, Mona Boutchebak, Pedram Khavar Zamini, Derya Turkan, Alba Careta, Lucas Mart\u00ednez, Roger Santacana, Giuseppe Campisi, Jordi Pallar\u00e9s","rel":"","context":"En \u00abIV Festival Rite 2026\u00bb","block_context":{"text":"IV Festival Rite 2026","link":"https:\/\/tomajazz.com\/web\/category\/contenidos\/especial-contenidos\/iv-festival-rite-2026\/"},"img":{"alt_text":"Jon Balke\u2019s Siwan \/ Alba Careta Group (El Rite-LAC \/ Casa Virupa-Can Bordoi, 2026-05-31 \/ Llinars -Barcelona-) [04] Por Joan Cort\u00e8s [INSTANTZZ AKA Galer\u00eda fotogr\u00e1fica AKA Fotoblog de jazz, impro\u2026 y algo m\u00e1s] - Tomajazz - Jon Balke\u2019s Siwan y Alba Careta Group actuaron en El Rite-LAC en Llinars, Barcelona, el 31 de mayo de 2026.  Joan Cort\u00e8s lo retrata en INSTANTZZ. Actuaron Jon Balke, Mona Boutchebak, Pedram Khavar Zamini, Derya Turkan, Alba Careta, Lucas Mart\u00ednez, Roger Santacana, Giuseppe Campisi, Jordi Pallar\u00e9s","src":"https:\/\/i0.wp.com\/tomajazz.com\/web\/wp-content\/uploads\/2026\/08\/destacada-06-Jn-Blk-Swn-Photo-by-Joan-Cortes-31mg26-l-Rt-.jpg?resize=350%2C200&ssl=1","width":350,"height":200},"classes":[]},{"id":103836,"url":"https:\/\/tomajazz.com\/web\/juan-gomez-chicuelo-el-dorado-barcelona-2025\/","url_meta":{"origin":56188,"position":3},"title":"Juan G\u00f3mez \u201cChicuelo\u201d (El Dorado sfb \/ Centre C\u00edvic Parc Sandaru , 2025-12-11 \/ Barcelona) Por Joan Cort\u00e8s [Flamencuras AKA INSTANTZZ AKA Galer\u00eda fotogr\u00e1fica AKA Fotoblog de jazz, impro\u2026 y algo m\u00e1s]","author":"Tomajazz","date":"1 febrero, 2026","format":false,"excerpt":"Juan G\u00f3mez \u201cChicuelo\u201d actu\u00f3 en El Dorado sfb de Barcelona, el 11 de diciembre de 2025. Joan Cort\u00e8s lo retrata en las Flamencuras de INSTANTZZ. Actuaron Juan G\u00f3mez \u201cChicuelo\u201d, Karen Lugo, Carlos Caro, Jacobo S\u00e1nchez","rel":"","context":"En \u00abFlamencuras\u00bb","block_context":{"text":"Flamencuras","link":"https:\/\/tomajazz.com\/web\/category\/contenidos\/imagenes\/photoblogs\/flamencuras\/"},"img":{"alt_text":"Juan G\u00f3mez \u201cChicuelo\u201d (El Dorado sfb \/ Centre C\u00edvic Parc Sandaru , 2025-12-11 \/ Barcelona) Por Joan Cort\u00e8s [Flamencuras AKA INSTANTZZ AKA Galer\u00eda fotogr\u00e1fica AKA Fotoblog de jazz, impro\u2026 y algo m\u00e1s] - Tomajazz - Juan G\u00f3mez \u201cChicuelo\u201d actu\u00f3 en El Dorado sfb de Barcelona, el 11 de diciembre de 2025. Joan Cort\u00e8s lo retrata en las Flamencuras de INSTANTZZ. Actuaron Juan G\u00f3mez \u201cChicuelo\u201d, Karen Lugo, Carlos Caro, Jacobo S\u00e1nchez","src":"https:\/\/i0.wp.com\/tomajazz.com\/web\/wp-content\/uploads\/2026\/01\/destacada-09-Jn-Gmz-Chcl-Photo-By-Joan-Cortes-11dsm25-lDrd-CCPS-Bcn.jpg?resize=350%2C200&ssl=1","width":350,"height":200,"srcset":"https:\/\/i0.wp.com\/tomajazz.com\/web\/wp-content\/uploads\/2026\/01\/destacada-09-Jn-Gmz-Chcl-Photo-By-Joan-Cortes-11dsm25-lDrd-CCPS-Bcn.jpg?resize=350%2C200&ssl=1 1x, https:\/\/i0.wp.com\/tomajazz.com\/web\/wp-content\/uploads\/2026\/01\/destacada-09-Jn-Gmz-Chcl-Photo-By-Joan-Cortes-11dsm25-lDrd-CCPS-Bcn.jpg?resize=525%2C300&ssl=1 1.5x"},"classes":[]},{"id":101606,"url":"https:\/\/tomajazz.com\/web\/claudia-bardagi-37-eivissa-jazz-2025\/","url_meta":{"origin":56188,"position":4},"title":"Claudia Bardag\u00ed (37 Eivissa Jazz 2025. Parc Reina Sof\u00eda. Eivissa. 2025-09-03) Por Jos\u00e9 Luis Luna Rocafort [INSTANTZZ AKA Galer\u00eda fotogr\u00e1fica AKA Fotoblog de jazz, impro\u2026 y algo m\u00e1s]","author":"Tomajazz","date":"10 noviembre, 2025","format":false,"excerpt":"Claudia Bardag\u00ed actu\u00f3 en el 37 Eivissa Jazz 2025, el 3 de septiembre. Jos\u00e9 Luis Luna Rocafort lo retrata en INSTANTZZ. Actuaron Claudia Bardag\u00ed, Joan Carles Mar\u00ed, Cece Giannotti, Publio Delgado, Martin Laportilla y Cor de Gospel de Can\u00a0Blau","rel":"","context":"En \u00ab37 Eivissa Jazz 2025\u00bb","block_context":{"text":"37 Eivissa Jazz 2025","link":"https:\/\/tomajazz.com\/web\/category\/contenidos\/especial-contenidos\/37-eivissa-jazz-2025\/"},"img":{"alt_text":"Claudia Bardag\u00ed (37 Eivissa Jazz 2025. Parc Reina Sof\u00eda. Eivissa. 2025-09-03) Por Jos\u00e9 Luis Luna Rocafort [INSTANTZZ AKA Galer\u00eda fotogr\u00e1fica AKA Fotoblog de jazz, impro\u2026 y algo m\u00e1s] - Tomajazz - Claudia Bardag\u00ed actu\u00f3 en el 37 Eivissa Jazz 2025, el 3 de septiembre. Jos\u00e9 Luis Luna Rocafort lo retrata en INSTANTZZ. Actuaron Claudia Bardag\u00ed, Joan Carles Mar\u00ed, Cece Giannotti, Publio Delgado, Martin Laportilla","src":"https:\/\/i0.wp.com\/tomajazz.com\/web\/wp-content\/uploads\/2025\/11\/016-7.jpg?resize=350%2C200&ssl=1","width":350,"height":200,"srcset":"https:\/\/i0.wp.com\/tomajazz.com\/web\/wp-content\/uploads\/2025\/11\/016-7.jpg?resize=350%2C200&ssl=1 1x, https:\/\/i0.wp.com\/tomajazz.com\/web\/wp-content\/uploads\/2025\/11\/016-7.jpg?resize=525%2C300&ssl=1 1.5x"},"classes":[]},{"id":106260,"url":"https:\/\/tomajazz.com\/web\/proyecto-lorca-el-dorado-sfb-2026\/","url_meta":{"origin":56188,"position":5},"title":"Proyecto Lorca (El Dorado sfb \/ Auditori CCPS, 2026-05-28 \/ Barcelona) Por Joan Cort\u00e8s [Flamencuras AKA INSTANTZZ AKA Galer\u00eda fotogr\u00e1fica AKA Fotoblog de jazz, impro\u2026 y algo m\u00e1s]","author":"Tomajazz","date":"6 agosto, 2026","format":false,"excerpt":"Proyecto Lorca actu\u00f3 en El Dorado sfb de Barcelona el 28 de mayo de 2026. Joan Cort\u00e8s lo retrata en las [Flamencuras de INSTANTZZ. Proyecto Lorca son Juan Jim\u00e9nez, Antonio Moreno","rel":"","context":"En \u00abFlamencuras\u00bb","block_context":{"text":"Flamencuras","link":"https:\/\/tomajazz.com\/web\/category\/contenidos\/imagenes\/photoblogs\/flamencuras\/"},"img":{"alt_text":"Proyecto Lorca (El Dorado sfb \/ Auditori CCPS, 2026-05-28 \/ Barcelona) Por Joan Cort\u00e8s [Flamencuras AKA INSTANTZZ AKA Galer\u00eda fotogr\u00e1fica AKA Fotoblog de jazz, impro\u2026 y algo m\u00e1s] - Tomajazz - Proyecto Lorca actu\u00f3 en El Dorado sfb de Barcelona el 28 de mayo de 2026. Joan Cort\u00e8s lo retrata en las [Flamencuras de INSTANTZZ. Proyecto Lorca son Juan Jim\u00e9nez, Antonio Moreno","src":"https:\/\/i0.wp.com\/tomajazz.com\/web\/wp-content\/uploads\/2026\/08\/destacado-07-Pryct-Lrc-Photo-by-Joan-Cortes-28maig26-l-Drd-sfb-CCPS-Bcn.jpg?resize=350%2C200&ssl=1","width":350,"height":200,"srcset":"https:\/\/i0.wp.com\/tomajazz.com\/web\/wp-content\/uploads\/2026\/08\/destacado-07-Pryct-Lrc-Photo-by-Joan-Cortes-28maig26-l-Drd-sfb-CCPS-Bcn.jpg?resize=350%2C200&ssl=1 1x, https:\/\/i0.wp.com\/tomajazz.com\/web\/wp-content\/uploads\/2026\/08\/destacado-07-Pryct-Lrc-Photo-by-Joan-Cortes-28maig26-l-Drd-sfb-CCPS-Bcn.jpg?resize=525%2C300&ssl=1 1.5x"},"classes":[]}],"jetpack_featured_media_url":"https:\/\/tomajazz.com\/web\/wp-content\/uploads\/2021\/08\/11_Lcs-Dlgad-Jn-Pstr-Joan-Cortes_03jul21_Fstvl-Pn_Knvnt_Brg.jpg","_links":{"self":[{"href":"https:\/\/tomajazz.com\/web\/wp-json\/wp\/v2\/posts\/56188","targetHints":{"allow":["GET"]}}],"collection":[{"href":"https:\/\/tomajazz.com\/web\/wp-json\/wp\/v2\/posts"}],"about":[{"href":"https:\/\/tomajazz.com\/web\/wp-json\/wp\/v2\/types\/post"}],"author":[{"embeddable":true,"href":"https:\/\/tomajazz.com\/web\/wp-json\/wp\/v2\/users\/1"}],"replies":[{"embeddable":true,"href":"https:\/\/tomajazz.com\/web\/wp-json\/wp\/v2\/comments?post=56188"}],"version-history":[{"count":2,"href":"https:\/\/tomajazz.com\/web\/wp-json\/wp\/v2\/posts\/56188\/revisions"}],"predecessor-version":[{"id":56201,"href":"https:\/\/tomajazz.com\/web\/wp-json\/wp\/v2\/posts\/56188\/revisions\/56201"}],"wp:featuredmedia":[{"embeddable":true,"href":"https:\/\/tomajazz.com\/web\/wp-json\/wp\/v2\/media\/56199"}],"wp:attachment":[{"href":"https:\/\/tomajazz.com\/web\/wp-json\/wp\/v2\/media?parent=56188"}],"wp:term":[{"taxonomy":"category","embeddable":true,"href":"https:\/\/tomajazz.com\/web\/wp-json\/wp\/v2\/categories?post=56188"},{"taxonomy":"post_tag","embeddable":true,"href":"https:\/\/tomajazz.com\/web\/wp-json\/wp\/v2\/tags?post=56188"}],"curies":[{"name":"wp","href":"https:\/\/api.w.org\/{rel}","templated":true}]}}